{"id":22162,"date":"2017-09-29T19:10:32","date_gmt":"2017-09-29T17:10:32","guid":{"rendered":"https:\/\/guineediversite.com\/?p=22162"},"modified":"2017-09-29T19:10:32","modified_gmt":"2017-09-29T17:10:32","slug":"celebration-02-octobre-a-kankan-festivites-pourraient-etre-reportees","status":"publish","type":"post","link":"https:\/\/guineediversite.com\/index.php\/2017\/09\/29\/celebration-02-octobre-a-kankan-festivites-pourraient-etre-reportees\/","title":{"rendered":"C\u00e9l\u00e9bration du 02 Octobre \u00e0 Kankan : les festivit\u00e9s pourraient encore \u00eatre report\u00e9es."},"content":{"rendered":"<p><strong>\u00a0Depuis son accession \u00e0 la t\u00eate de l\u2019Etat guin\u00e9en en 2010, l\u2019une des initiatives d\u2019Alpha Cond\u00e9 les plus appr\u00e9ci\u00e9es par la population est sans doute la d\u00e9centralisation de la f\u00eate de l\u2019ind\u00e9pendance \u00e0 l\u2019int\u00e9rieur du pays. Cette d\u00e9localisation de la f\u00eate nationale a permis de doter certaines r\u00e9gions du pays \u00a0d\u2019infrastructures dignes de nom. C\u2019est le cas des pr\u00e9fectures des de Bok\u00e9 (2012), N\u2019Nz\u00e9r\u00e9kor\u00e9 (2013), Mamou (2014), annul\u00e9es pour cause de l\u2019\u00e9pid\u00e9mie \u00e0 virus Ebola. Et depuis \u00a02015, Kankan a \u00e9t\u00e9 choisi pour abriter \u00a0les festivit\u00e9s de la f\u00eate d\u2019ind\u00e9pendance festivit\u00e9s. Mais pour divers raisons li\u00e9es \u00a0aux infrastructures r\u00e9habilit\u00e9es, cette f\u00eate risque d\u2019\u00eatre report\u00e9e pour la troisi\u00e8me fois dans la deuxi\u00e8me ville de la Guin\u00e9e.<\/strong><\/p>\n<p>Selon Aziz Diop, le premier magistrat de la ville de Kankan, la tenue de ces festivit\u00e9s d\u00e9pend de deux d\u00e9fis majeurs<em>\u00a0:<\/em><\/p>\n<p><em>\u00ab Le premier d\u00e9fis, li\u00e9s aux infrastructures qui ne sont pas toutes achev\u00e9es, mais. Le deuxi\u00e8me, c\u2019est concernant la disponibilit\u00e9 des invit\u00e9s de marques, les pr\u00e9sidents de la R\u00e9publique de certains pays qui viendront f\u00eater avec nous \u00a0\u00e0 Kankan\u00bb<\/em> indique le pr\u00e9fet.<\/p>\n<p><img loading=\"lazy\" decoding=\"async\" class=\"alignnone  wp-image-22164\" src=\"https:\/\/guineediversite.com.bwjx4292.odns.fr\/wp-content\/uploads\/2017\/09\/t\u00e9l\u00e9chargement-1-1-300x213.jpg\" alt=\"\" width=\"839\" height=\"596\" srcset=\"https:\/\/guineediversite.com\/wp-content\/uploads\/2017\/09\/t\u00e9l\u00e9chargement-1-1-300x213.jpg 300w, https:\/\/guineediversite.com\/wp-content\/uploads\/2017\/09\/t\u00e9l\u00e9chargement-1-1-768x546.jpg 768w, https:\/\/guineediversite.com\/wp-content\/uploads\/2017\/09\/t\u00e9l\u00e9chargement-1-1.jpg 1024w, https:\/\/guineediversite.com\/wp-content\/uploads\/2017\/09\/t\u00e9l\u00e9chargement-1-1-600x427.jpg 600w\" sizes=\"(max-width: 839px) 100vw, 839px\" \/><\/p>\n<p>A en croire Aziz Diop, l\u2019ultime d\u00e9cision concernant la tenue de cette f\u00eate dans sa circonscription ne d\u00e9pend que du pr\u00e9sident Alpha Cond\u00e9 a qui revient le dernier <em>mot \u00ab C\u2019est le pr\u00e9sident qui est souverain, la f\u00eate nationale d\u00e9passe l\u2019entendement de Monsieur le pr\u00e9fet, du ministre et autres. Il \u00a0revient au pr\u00e9sident de nous instruire de f\u00eater. Tout d\u00e9pend de lui, c\u2019est lui qui est \u00e0 l\u2019\u00e9picentre de tout \u00e7a et nous attendons ces instructions\u00a0\u00bb<\/em> mart\u00e8le Aziz Diop.<\/p>\n<p>Pendant ce temps dans la cit\u00e9, l\u2019impatience grandit au sein de la population qui affirme \u00a0avoir raz le bol de tout ce report <em>\u00ab Nous, on en a marre, sans langues de bois. Nous avions tant attendu pour cette f\u00eate et nous voulons maintenant qu\u2019elle est ai lieu dans notre ville aussi pour que les infrastructures qui ont \u00e9t\u00e9 construites soient remises aux ayant\u00a0 droits\u00a0\u00bb<\/em> cris ce citoyen de la cit\u00e9 de Nabaya.<\/p>\n<p>En attendant qu\u2019Alpha Cond\u00e9 ne se prononce sur le sujet, la quasi-totalit\u00e9 des citoyens et des responsables administratifs de Kankan se montrent pessimistes quant \u00e0 la c\u00e9l\u00e9bration de la f\u00eate nationale dans leur localit\u00e9 \u00a0\u00e0 seulement \u00a0quelques jours du 02 Octobre.<\/p>\n","protected":false},"excerpt":{"rendered":"<p>\u00a0Depuis son accession \u00e0 la t\u00eate de l\u2019Etat guin\u00e9en en 2010, l\u2019une des initiatives d\u2019Alpha Cond\u00e9 les plus appr\u00e9ci\u00e9es par la population est sans doute la d\u00e9centralisation de la f\u00eate de l\u2019ind\u00e9pendance \u00e0 l\u2019int\u00e9rieur du pays. Cette d\u00e9localisation de la f\u00eate nationale a permis de doter certaines r\u00e9gions du pays \u00a0d\u2019infrastructures dignes de nom. C\u2019est [&hellip;]<\/p>\n","protected":false},"author":16,"featured_media":22163,"comment_status":"closed","ping_status":"closed","sticky":false,"template":"","format":"standard","meta":{"_exactmetrics_skip_tracking":false,"_exactmetrics_sitenote_active":false,"_exactmetrics_sitenote_note":"","_exactmetrics_sitenote_category":0,"tdm_status":"","tdm_grid_status":"","footnotes":""},"categories":[14],"tags":[264],"class_list":{"0":"post-22162","1":"post","2":"type-post","3":"status-publish","4":"format-standard","5":"has-post-thumbnail","7":"category-politique","8":"tag-2-octobre"},"yoast_head":"<!-- This site is optimized with the Yoast SEO plugin v24.2 - https:\/\/yoast.com\/wordpress\/plugins\/seo\/ -->\n<title>C\u00e9l\u00e9bration du 02 Octobre \u00e0 Kankan : les festivit\u00e9s pourraient encore \u00eatre report\u00e9es. | Guin\u00e9e Diversit\u00e9<\/title>\n<meta name=\"robots\" content=\"index, follow, max-snippet:-1, max-image-preview:large, max-video-preview:-1\" \/>\n<link rel=\"canonical\" href=\"https:\/\/guineediversite.com\/index.php\/2017\/09\/29\/celebration-02-octobre-a-kankan-festivites-pourraient-etre-reportees\/\" \/>\n<meta property=\"og:locale\" content=\"fr_FR\" \/>\n<meta property=\"og:type\" content=\"article\" \/>\n<meta property=\"og:title\" content=\"C\u00e9l\u00e9bration du 02 Octobre \u00e0 Kankan : les festivit\u00e9s pourraient encore \u00eatre report\u00e9es. | Guin\u00e9e Diversit\u00e9\" \/>\n<meta property=\"og:description\" content=\"\u00a0Depuis son accession \u00e0 la t\u00eate de l\u2019Etat guin\u00e9en en 2010, l\u2019une des initiatives d\u2019Alpha Cond\u00e9 les plus appr\u00e9ci\u00e9es par la population est sans doute la d\u00e9centralisation de la f\u00eate de l\u2019ind\u00e9pendance \u00e0 l\u2019int\u00e9rieur du pays. Cette d\u00e9localisation de la f\u00eate nationale a permis de doter certaines r\u00e9gions du pays \u00a0d\u2019infrastructures dignes de nom. C\u2019est [&hellip;]\" \/>\n<meta property=\"og:url\" content=\"https:\/\/guineediversite.com\/index.php\/2017\/09\/29\/celebration-02-octobre-a-kankan-festivites-pourraient-etre-reportees\/\" \/>\n<meta property=\"og:site_name\" content=\"Guin\u00e9e Diversit\u00e9\" \/>\n<meta property=\"article:publisher\" content=\"https:\/\/www.facebook.com\/guineediversite\/\" \/>\n<meta property=\"article:published_time\" content=\"2017-09-29T17:10:32+00:00\" \/>\n<meta property=\"og:image\" content=\"https:\/\/guineediversite.com\/wp-content\/uploads\/2017\/09\/kankan-veriteguinee.jpg\" \/>\n\t<meta property=\"og:image:width\" content=\"1024\" \/>\n\t<meta property=\"og:image:height\" content=\"545\" \/>\n\t<meta property=\"og:image:type\" content=\"image\/jpeg\" \/>\n<meta name=\"author\" content=\"Moussa Mo\u00efse K\u00e9ita\" \/>\n<meta name=\"twitter:card\" content=\"summary_large_image\" \/>\n<meta name=\"twitter:creator\" content=\"@GuineeDiversite\" \/>\n<meta name=\"twitter:site\" content=\"@GuineeDiversite\" \/>\n<meta name=\"twitter:label1\" content=\"\u00c9crit par\" \/>\n\t<meta name=\"twitter:data1\" content=\"Moussa Mo\u00efse K\u00e9ita\" \/>\n\t<meta name=\"twitter:label2\" content=\"Dur\u00e9e de lecture estim\u00e9e\" \/>\n\t<meta name=\"twitter:data2\" content=\"2 minutes\" \/>\n<script type=\"application\/ld+json\" class=\"yoast-schema-graph\">{\"@context\":\"https:\/\/schema.org\",\"@graph\":[{\"@type\":\"Article\",\"@id\":\"https:\/\/guineediversite.com\/index.php\/2017\/09\/29\/celebration-02-octobre-a-kankan-festivites-pourraient-etre-reportees\/#article\",\"isPartOf\":{\"@id\":\"https:\/\/guineediversite.com\/index.php\/2017\/09\/29\/celebration-02-octobre-a-kankan-festivites-pourraient-etre-reportees\/\"},\"author\":{\"name\":\"Moussa Mo\u00efse K\u00e9ita\",\"@id\":\"https:\/\/guineediversite.com\/#\/schema\/person\/079ec347f72d2acde4b56a50a4fd46dc\"},\"headline\":\"C\u00e9l\u00e9bration du 02 Octobre \u00e0 Kankan : les festivit\u00e9s pourraient encore \u00eatre report\u00e9es.\",\"datePublished\":\"2017-09-29T17:10:32+00:00\",\"dateModified\":\"2017-09-29T17:10:32+00:00\",\"mainEntityOfPage\":{\"@id\":\"https:\/\/guineediversite.com\/index.php\/2017\/09\/29\/celebration-02-octobre-a-kankan-festivites-pourraient-etre-reportees\/\"},\"wordCount\":445,\"publisher\":{\"@id\":\"https:\/\/guineediversite.com\/#organization\"},\"image\":{\"@id\":\"https:\/\/guineediversite.com\/index.php\/2017\/09\/29\/celebration-02-octobre-a-kankan-festivites-pourraient-etre-reportees\/#primaryimage\"},\"thumbnailUrl\":\"https:\/\/guineediversite.com\/wp-content\/uploads\/2017\/09\/kankan-veriteguinee.jpg\",\"keywords\":[\"2 octobre\"],\"articleSection\":[\"Politique\"],\"inLanguage\":\"fr-FR\"},{\"@type\":\"WebPage\",\"@id\":\"https:\/\/guineediversite.com\/index.php\/2017\/09\/29\/celebration-02-octobre-a-kankan-festivites-pourraient-etre-reportees\/\",\"url\":\"https:\/\/guineediversite.com\/index.php\/2017\/09\/29\/celebration-02-octobre-a-kankan-festivites-pourraient-etre-reportees\/\",\"name\":\"C\u00e9l\u00e9bration du 02 Octobre \u00e0 Kankan : les festivit\u00e9s pourraient encore \u00eatre report\u00e9es. | Guin\u00e9e Diversit\u00e9\",\"isPartOf\":{\"@id\":\"https:\/\/guineediversite.com\/#website\"},\"primaryImageOfPage\":{\"@id\":\"https:\/\/guineediversite.com\/index.php\/2017\/09\/29\/celebration-02-octobre-a-kankan-festivites-pourraient-etre-reportees\/#primaryimage\"},\"image\":{\"@id\":\"https:\/\/guineediversite.com\/index.php\/2017\/09\/29\/celebration-02-octobre-a-kankan-festivites-pourraient-etre-reportees\/#primaryimage\"},\"thumbnailUrl\":\"https:\/\/guineediversite.com\/wp-content\/uploads\/2017\/09\/kankan-veriteguinee.jpg\",\"datePublished\":\"2017-09-29T17:10:32+00:00\",\"dateModified\":\"2017-09-29T17:10:32+00:00\",\"breadcrumb\":{\"@id\":\"https:\/\/guineediversite.com\/index.php\/2017\/09\/29\/celebration-02-octobre-a-kankan-festivites-pourraient-etre-reportees\/#breadcrumb\"},\"inLanguage\":\"fr-FR\",\"potentialAction\":[{\"@type\":\"ReadAction\",\"target\":[\"https:\/\/guineediversite.com\/index.php\/2017\/09\/29\/celebration-02-octobre-a-kankan-festivites-pourraient-etre-reportees\/\"]}]},{\"@type\":\"ImageObject\",\"inLanguage\":\"fr-FR\",\"@id\":\"https:\/\/guineediversite.com\/index.php\/2017\/09\/29\/celebration-02-octobre-a-kankan-festivites-pourraient-etre-reportees\/#primaryimage\",\"url\":\"https:\/\/guineediversite.com\/wp-content\/uploads\/2017\/09\/kankan-veriteguinee.jpg\",\"contentUrl\":\"https:\/\/guineediversite.com\/wp-content\/uploads\/2017\/09\/kankan-veriteguinee.jpg\",\"width\":\"1024\",\"height\":\"545\"},{\"@type\":\"BreadcrumbList\",\"@id\":\"https:\/\/guineediversite.com\/index.php\/2017\/09\/29\/celebration-02-octobre-a-kankan-festivites-pourraient-etre-reportees\/#breadcrumb\",\"itemListElement\":[{\"@type\":\"ListItem\",\"position\":1,\"name\":\"Accueil\",\"item\":\"https:\/\/guineediversite.com\/\"},{\"@type\":\"ListItem\",\"position\":2,\"name\":\"C\u00e9l\u00e9bration du 02 Octobre \u00e0 Kankan : les festivit\u00e9s pourraient encore \u00eatre report\u00e9es.\"}]},{\"@type\":\"WebSite\",\"@id\":\"https:\/\/guineediversite.com\/#website\",\"url\":\"https:\/\/guineediversite.com\/\",\"name\":\"Guin\u00e9e Diversit\u00e9\",\"description\":\"L&#039;Info dans toute sa diversit\u00e9\",\"publisher\":{\"@id\":\"https:\/\/guineediversite.com\/#organization\"},\"potentialAction\":[{\"@type\":\"SearchAction\",\"target\":{\"@type\":\"EntryPoint\",\"urlTemplate\":\"https:\/\/guineediversite.com\/?s={search_term_string}\"},\"query-input\":{\"@type\":\"PropertyValueSpecification\",\"valueRequired\":true,\"valueName\":\"search_term_string\"}}],\"inLanguage\":\"fr-FR\"},{\"@type\":\"Organization\",\"@id\":\"https:\/\/guineediversite.com\/#organization\",\"name\":\"Guin\u00e9e Diversit\u00e9\",\"url\":\"https:\/\/guineediversite.com\/\",\"logo\":{\"@type\":\"ImageObject\",\"inLanguage\":\"fr-FR\",\"@id\":\"https:\/\/guineediversite.com\/#\/schema\/logo\/image\/\",\"url\":\"https:\/\/guineediversite.com\/wp-content\/uploads\/2017\/04\/cropped-1jojlxEOMkX9Wyqfhe43D6kjPOGqBBKmx3EwWJqZ0cMrFF54yM49.png\",\"contentUrl\":\"https:\/\/guineediversite.com\/wp-content\/uploads\/2017\/04\/cropped-1jojlxEOMkX9Wyqfhe43D6kjPOGqBBKmx3EwWJqZ0cMrFF54yM49.png\",\"width\":186,\"height\":112,\"caption\":\"Guin\u00e9e Diversit\u00e9\"},\"image\":{\"@id\":\"https:\/\/guineediversite.com\/#\/schema\/logo\/image\/\"},\"sameAs\":[\"https:\/\/www.facebook.com\/guineediversite\/\",\"https:\/\/x.com\/GuineeDiversite\",\"https:\/\/www.youtube.com\/channel\/UC8sUY16qelG5ge6_D5SB83g\"]},{\"@type\":\"Person\",\"@id\":\"https:\/\/guineediversite.com\/#\/schema\/person\/079ec347f72d2acde4b56a50a4fd46dc\",\"name\":\"Moussa Mo\u00efse K\u00e9ita\",\"image\":{\"@type\":\"ImageObject\",\"inLanguage\":\"fr-FR\",\"@id\":\"https:\/\/guineediversite.com\/#\/schema\/person\/image\/\",\"url\":\"https:\/\/secure.gravatar.com\/avatar\/edf1ea2cc01841e6c0b49384bcb1385b?s=96&d=mm&r=g\",\"contentUrl\":\"https:\/\/secure.gravatar.com\/avatar\/edf1ea2cc01841e6c0b49384bcb1385b?s=96&d=mm&r=g\",\"caption\":\"Moussa Mo\u00efse K\u00e9ita\"},\"url\":\"https:\/\/guineediversite.com\/index.php\/author\/moussa-moise\/\"}]}<\/script>\n<!-- \/ Yoast SEO plugin. -->","yoast_head_json":{"title":"C\u00e9l\u00e9bration du 02 Octobre \u00e0 Kankan : les festivit\u00e9s pourraient encore \u00eatre report\u00e9es. | Guin\u00e9e Diversit\u00e9","robots":{"index":"index","follow":"follow","max-snippet":"max-snippet:-1","max-image-preview":"max-image-preview:large","max-video-preview":"max-video-preview:-1"},"canonical":"https:\/\/guineediversite.com\/index.php\/2017\/09\/29\/celebration-02-octobre-a-kankan-festivites-pourraient-etre-reportees\/","og_locale":"fr_FR","og_type":"article","og_title":"C\u00e9l\u00e9bration du 02 Octobre \u00e0 Kankan : les festivit\u00e9s pourraient encore \u00eatre report\u00e9es. | Guin\u00e9e Diversit\u00e9","og_description":"\u00a0Depuis son accession \u00e0 la t\u00eate de l\u2019Etat guin\u00e9en en 2010, l\u2019une des initiatives d\u2019Alpha Cond\u00e9 les plus appr\u00e9ci\u00e9es par la population est sans doute la d\u00e9centralisation de la f\u00eate de l\u2019ind\u00e9pendance \u00e0 l\u2019int\u00e9rieur du pays. Cette d\u00e9localisation de la f\u00eate nationale a permis de doter certaines r\u00e9gions du pays \u00a0d\u2019infrastructures dignes de nom. C\u2019est [&hellip;]","og_url":"https:\/\/guineediversite.com\/index.php\/2017\/09\/29\/celebration-02-octobre-a-kankan-festivites-pourraient-etre-reportees\/","og_site_name":"Guin\u00e9e Diversit\u00e9","article_publisher":"https:\/\/www.facebook.com\/guineediversite\/","article_published_time":"2017-09-29T17:10:32+00:00","og_image":[{"width":1024,"height":545,"url":"https:\/\/guineediversite.com\/wp-content\/uploads\/2017\/09\/kankan-veriteguinee.jpg","type":"image\/jpeg"}],"author":"Moussa Mo\u00efse K\u00e9ita","twitter_card":"summary_large_image","twitter_creator":"@GuineeDiversite","twitter_site":"@GuineeDiversite","twitter_misc":{"\u00c9crit par":"Moussa Mo\u00efse K\u00e9ita","Dur\u00e9e de lecture estim\u00e9e":"2 minutes"},"schema":{"@context":"https:\/\/schema.org","@graph":[{"@type":"Article","@id":"https:\/\/guineediversite.com\/index.php\/2017\/09\/29\/celebration-02-octobre-a-kankan-festivites-pourraient-etre-reportees\/#article","isPartOf":{"@id":"https:\/\/guineediversite.com\/index.php\/2017\/09\/29\/celebration-02-octobre-a-kankan-festivites-pourraient-etre-reportees\/"},"author":{"name":"Moussa Mo\u00efse K\u00e9ita","@id":"https:\/\/guineediversite.com\/#\/schema\/person\/079ec347f72d2acde4b56a50a4fd46dc"},"headline":"C\u00e9l\u00e9bration du 02 Octobre \u00e0 Kankan : les festivit\u00e9s pourraient encore \u00eatre report\u00e9es.","datePublished":"2017-09-29T17:10:32+00:00","dateModified":"2017-09-29T17:10:32+00:00","mainEntityOfPage":{"@id":"https:\/\/guineediversite.com\/index.php\/2017\/09\/29\/celebration-02-octobre-a-kankan-festivites-pourraient-etre-reportees\/"},"wordCount":445,"publisher":{"@id":"https:\/\/guineediversite.com\/#organization"},"image":{"@id":"https:\/\/guineediversite.com\/index.php\/2017\/09\/29\/celebration-02-octobre-a-kankan-festivites-pourraient-etre-reportees\/#primaryimage"},"thumbnailUrl":"https:\/\/guineediversite.com\/wp-content\/uploads\/2017\/09\/kankan-veriteguinee.jpg","keywords":["2 octobre"],"articleSection":["Politique"],"inLanguage":"fr-FR"},{"@type":"WebPage","@id":"https:\/\/guineediversite.com\/index.php\/2017\/09\/29\/celebration-02-octobre-a-kankan-festivites-pourraient-etre-reportees\/","url":"https:\/\/guineediversite.com\/index.php\/2017\/09\/29\/celebration-02-octobre-a-kankan-festivites-pourraient-etre-reportees\/","name":"C\u00e9l\u00e9bration du 02 Octobre \u00e0 Kankan : les festivit\u00e9s pourraient encore \u00eatre report\u00e9es. | Guin\u00e9e Diversit\u00e9","isPartOf":{"@id":"https:\/\/guineediversite.com\/#website"},"primaryImageOfPage":{"@id":"https:\/\/guineediversite.com\/index.php\/2017\/09\/29\/celebration-02-octobre-a-kankan-festivites-pourraient-etre-reportees\/#primaryimage"},"image":{"@id":"https:\/\/guineediversite.com\/index.php\/2017\/09\/29\/celebration-02-octobre-a-kankan-festivites-pourraient-etre-reportees\/#primaryimage"},"thumbnailUrl":"https:\/\/guineediversite.com\/wp-content\/uploads\/2017\/09\/kankan-veriteguinee.jpg","datePublished":"2017-09-29T17:10:32+00:00","dateModified":"2017-09-29T17:10:32+00:00","breadcrumb":{"@id":"https:\/\/guineediversite.com\/index.php\/2017\/09\/29\/celebration-02-octobre-a-kankan-festivites-pourraient-etre-reportees\/#breadcrumb"},"inLanguage":"fr-FR","potentialAction":[{"@type":"ReadAction","target":["https:\/\/guineediversite.com\/index.php\/2017\/09\/29\/celebration-02-octobre-a-kankan-festivites-pourraient-etre-reportees\/"]}]},{"@type":"ImageObject","inLanguage":"fr-FR","@id":"https:\/\/guineediversite.com\/index.php\/2017\/09\/29\/celebration-02-octobre-a-kankan-festivites-pourraient-etre-reportees\/#primaryimage","url":"https:\/\/guineediversite.com\/wp-content\/uploads\/2017\/09\/kankan-veriteguinee.jpg","contentUrl":"https:\/\/guineediversite.com\/wp-content\/uploads\/2017\/09\/kankan-veriteguinee.jpg","width":"1024","height":"545"},{"@type":"BreadcrumbList","@id":"https:\/\/guineediversite.com\/index.php\/2017\/09\/29\/celebration-02-octobre-a-kankan-festivites-pourraient-etre-reportees\/#breadcrumb","itemListElement":[{"@type":"ListItem","position":1,"name":"Accueil","item":"https:\/\/guineediversite.com\/"},{"@type":"ListItem","position":2,"name":"C\u00e9l\u00e9bration du 02 Octobre \u00e0 Kankan : les festivit\u00e9s pourraient encore \u00eatre report\u00e9es."}]},{"@type":"WebSite","@id":"https:\/\/guineediversite.com\/#website","url":"https:\/\/guineediversite.com\/","name":"Guin\u00e9e Diversit\u00e9","description":"L&#039;Info dans toute sa diversit\u00e9","publisher":{"@id":"https:\/\/guineediversite.com\/#organization"},"potentialAction":[{"@type":"SearchAction","target":{"@type":"EntryPoint","urlTemplate":"https:\/\/guineediversite.com\/?s={search_term_string}"},"query-input":{"@type":"PropertyValueSpecification","valueRequired":true,"valueName":"search_term_string"}}],"inLanguage":"fr-FR"},{"@type":"Organization","@id":"https:\/\/guineediversite.com\/#organization","name":"Guin\u00e9e Diversit\u00e9","url":"https:\/\/guineediversite.com\/","logo":{"@type":"ImageObject","inLanguage":"fr-FR","@id":"https:\/\/guineediversite.com\/#\/schema\/logo\/image\/","url":"https:\/\/guineediversite.com\/wp-content\/uploads\/2017\/04\/cropped-1jojlxEOMkX9Wyqfhe43D6kjPOGqBBKmx3EwWJqZ0cMrFF54yM49.png","contentUrl":"https:\/\/guineediversite.com\/wp-content\/uploads\/2017\/04\/cropped-1jojlxEOMkX9Wyqfhe43D6kjPOGqBBKmx3EwWJqZ0cMrFF54yM49.png","width":186,"height":112,"caption":"Guin\u00e9e Diversit\u00e9"},"image":{"@id":"https:\/\/guineediversite.com\/#\/schema\/logo\/image\/"},"sameAs":["https:\/\/www.facebook.com\/guineediversite\/","https:\/\/x.com\/GuineeDiversite","https:\/\/www.youtube.com\/channel\/UC8sUY16qelG5ge6_D5SB83g"]},{"@type":"Person","@id":"https:\/\/guineediversite.com\/#\/schema\/person\/079ec347f72d2acde4b56a50a4fd46dc","name":"Moussa Mo\u00efse K\u00e9ita","image":{"@type":"ImageObject","inLanguage":"fr-FR","@id":"https:\/\/guineediversite.com\/#\/schema\/person\/image\/","url":"https:\/\/secure.gravatar.com\/avatar\/edf1ea2cc01841e6c0b49384bcb1385b?s=96&d=mm&r=g","contentUrl":"https:\/\/secure.gravatar.com\/avatar\/edf1ea2cc01841e6c0b49384bcb1385b?s=96&d=mm&r=g","caption":"Moussa Mo\u00efse K\u00e9ita"},"url":"https:\/\/guineediversite.com\/index.php\/author\/moussa-moise\/"}]}},"_links":{"self":[{"href":"https:\/\/guineediversite.com\/index.php\/wp-json\/wp\/v2\/posts\/22162"}],"collection":[{"href":"https:\/\/guineediversite.com\/index.php\/wp-json\/wp\/v2\/posts"}],"about":[{"href":"https:\/\/guineediversite.com\/index.php\/wp-json\/wp\/v2\/types\/post"}],"author":[{"embeddable":true,"href":"https:\/\/guineediversite.com\/index.php\/wp-json\/wp\/v2\/users\/16"}],"replies":[{"embeddable":true,"href":"https:\/\/guineediversite.com\/index.php\/wp-json\/wp\/v2\/comments?post=22162"}],"version-history":[{"count":0,"href":"https:\/\/guineediversite.com\/index.php\/wp-json\/wp\/v2\/posts\/22162\/revisions"}],"wp:featuredmedia":[{"embeddable":true,"href":"https:\/\/guineediversite.com\/index.php\/wp-json\/wp\/v2\/media\/22163"}],"wp:attachment":[{"href":"https:\/\/guineediversite.com\/index.php\/wp-json\/wp\/v2\/media?parent=22162"}],"wp:term":[{"taxonomy":"category","embeddable":true,"href":"https:\/\/guineediversite.com\/index.php\/wp-json\/wp\/v2\/categories?post=22162"},{"taxonomy":"post_tag","embeddable":true,"href":"https:\/\/guineediversite.com\/index.php\/wp-json\/wp\/v2\/tags?post=22162"}],"curies":[{"name":"wp","href":"https:\/\/api.w.org\/{rel}","templated":true}]}}