{"id":22155,"date":"2017-09-29T18:33:50","date_gmt":"2017-09-29T16:33:50","guid":{"rendered":"https:\/\/guineediversite.com\/?p=22155"},"modified":"2017-09-29T18:33:50","modified_gmt":"2017-09-29T16:33:50","slug":"politique-developper-capitale-conakry-cadres-ministere-de-ladministration-territoire-de-decentralisation-se-concertent","status":"publish","type":"post","link":"https:\/\/guineediversite.com\/index.php\/2017\/09\/29\/politique-developper-capitale-conakry-cadres-ministere-de-ladministration-territoire-de-decentralisation-se-concertent\/","title":{"rendered":"Quelle politique pour d\u00e9velopper la capitale Conakry ? les cadres du minist\u00e8re de l\u2019administration  du territoire et de la d\u00e9centralisation se concertent."},"content":{"rendered":"<p><strong>Sur la question, le MATAD, a au cours de l\u2019atelier de concertation de l\u2019\u00e9tude sur le red\u00e9coupage et la r\u00e9vision du statut particulier de la capitale Conakry a \u00e9voqu\u00e9 plusieurs ph\u00e9nom\u00e8nes qui handicapent le d\u00e9veloppement de la capitale et emp\u00eachent la mise en \u0153uvre d\u2019une v\u00e9ritable politique pour r\u00e9pondre aux besoins de la population. <\/strong><\/p>\n<p>&nbsp;<\/p>\n<p>Pour donner une bonne image \u00e0 la capitale guin\u00e9enne, l\u2019union europ\u00e9enne propose la politique de red\u00e9coupage. Selon Gerardus Giellen, pr\u00e9sident de la d\u00e9l\u00e9gation de l\u2019union Europ\u00e9enne\u00a0 qui finance ce projet, ce red\u00e9coupage permettra de r\u00e9\u00e9valuer les besoins et d\u00e9fis des diff\u00e9rentes communes afin de relancer et acc\u00e9l\u00e9rer la dynamique du processus de d\u00e9centralisation et de d\u00e9concentration des pouvoirs et comp\u00e9tences.<\/p>\n<p>Il indique de ce fait, que plus Conakry s\u2019\u00e9largit, plus les probl\u00e8mes \u00e0 r\u00e9soudre augmentent\u00a0: <em>\u00ab\u00a0La ville de Conakry a grandi d\u2019une mani\u00e8re pas tr\u00e8s planifi\u00e9e, donc on arrive au constat qu\u2019il y a des r\u00e9els probl\u00e8mes \u00e0 r\u00e9soudre dans cette ville et au fur et \u00e0 mesure qu\u2019elle grandit, les probl\u00e8mes aussi grandissent. Donc, il y a n\u00e9cessit\u00e9 de voir tant sur le plan institutionnel que de la planification urbaine. La gestion du territoire a besoin de repenser sur la structuration de la ville\u00a0\u00bb<\/em><\/p>\n<p>Le statut particulier de Conakry date de 1989, il est caduc estime le ministre de la d\u00e9centralisation. Par cons\u00e9quent, il doit obligatoirement ob\u00e9ir \u00e0 une nouvelle architecture institutionnelle\u00a0:<\/p>\n<p><em>\u00ab Conakry est \u00e0 l\u2019image aujourd\u2019hui du d\u00e9coupage\u00a0 territorial national. On parle des 8 r\u00e9gions, mais en r\u00e9alit\u00e9, il n\u2019y a pas de distinction entre la r\u00e9gion de Conakry et la r\u00e9gion de Kankan, la r\u00e9gion de Bok\u00e9 ou la r\u00e9gion de N\u2019Nz\u00e9r\u00e9kor\u00e9 en terme de prise en compte territorial. La r\u00e9gion de Conakry avec ses 5 communes, les autres r\u00e9gions vous aviez les pr\u00e9fectures qui se superposent aussi avec des communes. Donc le statut de Conakry, doit \u00eatre r\u00e9vis\u00e9\u00a0\u00bb<\/em> d\u00e9clare Boureima Cond\u00e9.<\/p>\n<p>Pour arriver \u00e0 changer la physionomie de la capitale guin\u00e9enne, tous les d\u00e9partements techniques et les pr\u00e9sidents des d\u00e9l\u00e9gations sp\u00e9ciales de Coyah et de Dubr\u00e9ka s\u2019impliquent pour une issue heureuse affirme Boureima Cond\u00e9\u00a0:<\/p>\n<p><em>\u00a0\u00ab Les groupes de th\u00e9matiques vont r\u00e9fl\u00e9chir sur la version d\u00e9j\u00e0 produite, permettant de doter la capitale guin\u00e9enne d\u2019une physionomie qui puisse la faire ressembl\u00e9e aux autres capitales. Quand vous voyez la complexit\u00e9 de la ville capitale aujourd\u2019hui, les files interminables de bouchons, quand vous voyez le rythme de la criminalit\u00e9, des violences, tous ceux-ci d\u00e9notent un manque de mise au point du processus d\u2019urbanisation efficace\u00a0\u00bb .<\/em><\/p>\n<p>Cette troisi\u00e8me phase de concertation sur le d\u00e9coupage de Conakry sera \u00e9largie \u00e0 un niveau politique en vue d\u2019arriver \u00e0 un large consensus sur le statut r\u00e9vis\u00e9 de la capitale, souligne le ministre du MATAD.<\/p>\n","protected":false},"excerpt":{"rendered":"<p>Sur la question, le MATAD, a au cours de l\u2019atelier de concertation de l\u2019\u00e9tude sur le red\u00e9coupage et la r\u00e9vision du statut particulier de la capitale Conakry a \u00e9voqu\u00e9 plusieurs ph\u00e9nom\u00e8nes qui handicapent le d\u00e9veloppement de la capitale et emp\u00eachent la mise en \u0153uvre d\u2019une v\u00e9ritable politique pour r\u00e9pondre aux besoins de la population. &nbsp; [&hellip;]<\/p>\n","protected":false},"author":16,"featured_media":22156,"comment_status":"closed","ping_status":"closed","sticky":false,"template":"","format":"standard","meta":{"_exactmetrics_skip_tracking":false,"_exactmetrics_sitenote_active":false,"_exactmetrics_sitenote_note":"","_exactmetrics_sitenote_category":0,"tdm_status":"","tdm_grid_status":"","footnotes":""},"categories":[14],"tags":[262],"class_list":{"0":"post-22155","1":"post","2":"type-post","3":"status-publish","4":"format-standard","5":"has-post-thumbnail","7":"category-politique","8":"tag-matad"},"yoast_head":"<!-- This site is optimized with the Yoast SEO plugin v24.2 - https:\/\/yoast.com\/wordpress\/plugins\/seo\/ -->\n<title>Quelle politique pour d\u00e9velopper la capitale Conakry ? les cadres du minist\u00e8re de l\u2019administration du territoire et de la d\u00e9centralisation se concertent. | Guin\u00e9e Diversit\u00e9<\/title>\n<meta name=\"robots\" content=\"index, follow, max-snippet:-1, max-image-preview:large, max-video-preview:-1\" \/>\n<link rel=\"canonical\" href=\"https:\/\/guineediversite.com\/index.php\/2017\/09\/29\/politique-developper-capitale-conakry-cadres-ministere-de-ladministration-territoire-de-decentralisation-se-concertent\/\" \/>\n<meta property=\"og:locale\" content=\"fr_FR\" \/>\n<meta property=\"og:type\" content=\"article\" \/>\n<meta property=\"og:title\" content=\"Quelle politique pour d\u00e9velopper la capitale Conakry ? les cadres du minist\u00e8re de l\u2019administration du territoire et de la d\u00e9centralisation se concertent. | Guin\u00e9e Diversit\u00e9\" \/>\n<meta property=\"og:description\" content=\"Sur la question, le MATAD, a au cours de l\u2019atelier de concertation de l\u2019\u00e9tude sur le red\u00e9coupage et la r\u00e9vision du statut particulier de la capitale Conakry a \u00e9voqu\u00e9 plusieurs ph\u00e9nom\u00e8nes qui handicapent le d\u00e9veloppement de la capitale et emp\u00eachent la mise en \u0153uvre d\u2019une v\u00e9ritable politique pour r\u00e9pondre aux besoins de la population. &nbsp; [&hellip;]\" \/>\n<meta property=\"og:url\" content=\"https:\/\/guineediversite.com\/index.php\/2017\/09\/29\/politique-developper-capitale-conakry-cadres-ministere-de-ladministration-territoire-de-decentralisation-se-concertent\/\" \/>\n<meta property=\"og:site_name\" content=\"Guin\u00e9e Diversit\u00e9\" \/>\n<meta property=\"article:publisher\" content=\"https:\/\/www.facebook.com\/guineediversite\/\" \/>\n<meta property=\"article:published_time\" content=\"2017-09-29T16:33:50+00:00\" \/>\n<meta property=\"og:image\" content=\"https:\/\/guineediversite.com\/wp-content\/uploads\/2017\/09\/20170928_150713.jpg\" \/>\n\t<meta property=\"og:image:width\" content=\"2241\" \/>\n\t<meta property=\"og:image:height\" content=\"1214\" \/>\n\t<meta property=\"og:image:type\" content=\"image\/jpeg\" \/>\n<meta name=\"author\" content=\"Moussa Mo\u00efse K\u00e9ita\" \/>\n<meta name=\"twitter:card\" content=\"summary_large_image\" \/>\n<meta name=\"twitter:creator\" content=\"@GuineeDiversite\" \/>\n<meta name=\"twitter:site\" content=\"@GuineeDiversite\" \/>\n<meta name=\"twitter:label1\" content=\"\u00c9crit par\" \/>\n\t<meta name=\"twitter:data1\" content=\"Moussa Mo\u00efse K\u00e9ita\" \/>\n\t<meta name=\"twitter:label2\" content=\"Dur\u00e9e de lecture estim\u00e9e\" \/>\n\t<meta name=\"twitter:data2\" content=\"3 minutes\" \/>\n<script type=\"application\/ld+json\" class=\"yoast-schema-graph\">{\"@context\":\"https:\/\/schema.org\",\"@graph\":[{\"@type\":\"Article\",\"@id\":\"https:\/\/guineediversite.com\/index.php\/2017\/09\/29\/politique-developper-capitale-conakry-cadres-ministere-de-ladministration-territoire-de-decentralisation-se-concertent\/#article\",\"isPartOf\":{\"@id\":\"https:\/\/guineediversite.com\/index.php\/2017\/09\/29\/politique-developper-capitale-conakry-cadres-ministere-de-ladministration-territoire-de-decentralisation-se-concertent\/\"},\"author\":{\"name\":\"Moussa Mo\u00efse K\u00e9ita\",\"@id\":\"https:\/\/guineediversite.com\/#\/schema\/person\/079ec347f72d2acde4b56a50a4fd46dc\"},\"headline\":\"Quelle politique pour d\u00e9velopper la capitale Conakry ? les cadres du minist\u00e8re de l\u2019administration du territoire et de la d\u00e9centralisation se concertent.\",\"datePublished\":\"2017-09-29T16:33:50+00:00\",\"dateModified\":\"2017-09-29T16:33:50+00:00\",\"mainEntityOfPage\":{\"@id\":\"https:\/\/guineediversite.com\/index.php\/2017\/09\/29\/politique-developper-capitale-conakry-cadres-ministere-de-ladministration-territoire-de-decentralisation-se-concertent\/\"},\"wordCount\":542,\"publisher\":{\"@id\":\"https:\/\/guineediversite.com\/#organization\"},\"image\":{\"@id\":\"https:\/\/guineediversite.com\/index.php\/2017\/09\/29\/politique-developper-capitale-conakry-cadres-ministere-de-ladministration-territoire-de-decentralisation-se-concertent\/#primaryimage\"},\"thumbnailUrl\":\"https:\/\/guineediversite.com\/wp-content\/uploads\/2017\/09\/20170928_150713.jpg\",\"keywords\":[\"MATAD\"],\"articleSection\":[\"Politique\"],\"inLanguage\":\"fr-FR\"},{\"@type\":\"WebPage\",\"@id\":\"https:\/\/guineediversite.com\/index.php\/2017\/09\/29\/politique-developper-capitale-conakry-cadres-ministere-de-ladministration-territoire-de-decentralisation-se-concertent\/\",\"url\":\"https:\/\/guineediversite.com\/index.php\/2017\/09\/29\/politique-developper-capitale-conakry-cadres-ministere-de-ladministration-territoire-de-decentralisation-se-concertent\/\",\"name\":\"Quelle politique pour d\u00e9velopper la capitale Conakry ? les cadres du minist\u00e8re de l\u2019administration du territoire et de la d\u00e9centralisation se concertent. | Guin\u00e9e Diversit\u00e9\",\"isPartOf\":{\"@id\":\"https:\/\/guineediversite.com\/#website\"},\"primaryImageOfPage\":{\"@id\":\"https:\/\/guineediversite.com\/index.php\/2017\/09\/29\/politique-developper-capitale-conakry-cadres-ministere-de-ladministration-territoire-de-decentralisation-se-concertent\/#primaryimage\"},\"image\":{\"@id\":\"https:\/\/guineediversite.com\/index.php\/2017\/09\/29\/politique-developper-capitale-conakry-cadres-ministere-de-ladministration-territoire-de-decentralisation-se-concertent\/#primaryimage\"},\"thumbnailUrl\":\"https:\/\/guineediversite.com\/wp-content\/uploads\/2017\/09\/20170928_150713.jpg\",\"datePublished\":\"2017-09-29T16:33:50+00:00\",\"dateModified\":\"2017-09-29T16:33:50+00:00\",\"breadcrumb\":{\"@id\":\"https:\/\/guineediversite.com\/index.php\/2017\/09\/29\/politique-developper-capitale-conakry-cadres-ministere-de-ladministration-territoire-de-decentralisation-se-concertent\/#breadcrumb\"},\"inLanguage\":\"fr-FR\",\"potentialAction\":[{\"@type\":\"ReadAction\",\"target\":[\"https:\/\/guineediversite.com\/index.php\/2017\/09\/29\/politique-developper-capitale-conakry-cadres-ministere-de-ladministration-territoire-de-decentralisation-se-concertent\/\"]}]},{\"@type\":\"ImageObject\",\"inLanguage\":\"fr-FR\",\"@id\":\"https:\/\/guineediversite.com\/index.php\/2017\/09\/29\/politique-developper-capitale-conakry-cadres-ministere-de-ladministration-territoire-de-decentralisation-se-concertent\/#primaryimage\",\"url\":\"https:\/\/guineediversite.com\/wp-content\/uploads\/2017\/09\/20170928_150713.jpg\",\"contentUrl\":\"https:\/\/guineediversite.com\/wp-content\/uploads\/2017\/09\/20170928_150713.jpg\",\"width\":\"2241\",\"height\":\"1214\"},{\"@type\":\"BreadcrumbList\",\"@id\":\"https:\/\/guineediversite.com\/index.php\/2017\/09\/29\/politique-developper-capitale-conakry-cadres-ministere-de-ladministration-territoire-de-decentralisation-se-concertent\/#breadcrumb\",\"itemListElement\":[{\"@type\":\"ListItem\",\"position\":1,\"name\":\"Accueil\",\"item\":\"https:\/\/guineediversite.com\/\"},{\"@type\":\"ListItem\",\"position\":2,\"name\":\"Quelle politique pour d\u00e9velopper la capitale Conakry ? les cadres du minist\u00e8re de l\u2019administration du territoire et de la d\u00e9centralisation se concertent.\"}]},{\"@type\":\"WebSite\",\"@id\":\"https:\/\/guineediversite.com\/#website\",\"url\":\"https:\/\/guineediversite.com\/\",\"name\":\"Guin\u00e9e Diversit\u00e9\",\"description\":\"L&#039;Info dans toute sa diversit\u00e9\",\"publisher\":{\"@id\":\"https:\/\/guineediversite.com\/#organization\"},\"potentialAction\":[{\"@type\":\"SearchAction\",\"target\":{\"@type\":\"EntryPoint\",\"urlTemplate\":\"https:\/\/guineediversite.com\/?s={search_term_string}\"},\"query-input\":{\"@type\":\"PropertyValueSpecification\",\"valueRequired\":true,\"valueName\":\"search_term_string\"}}],\"inLanguage\":\"fr-FR\"},{\"@type\":\"Organization\",\"@id\":\"https:\/\/guineediversite.com\/#organization\",\"name\":\"Guin\u00e9e Diversit\u00e9\",\"url\":\"https:\/\/guineediversite.com\/\",\"logo\":{\"@type\":\"ImageObject\",\"inLanguage\":\"fr-FR\",\"@id\":\"https:\/\/guineediversite.com\/#\/schema\/logo\/image\/\",\"url\":\"https:\/\/guineediversite.com\/wp-content\/uploads\/2017\/04\/cropped-1jojlxEOMkX9Wyqfhe43D6kjPOGqBBKmx3EwWJqZ0cMrFF54yM49.png\",\"contentUrl\":\"https:\/\/guineediversite.com\/wp-content\/uploads\/2017\/04\/cropped-1jojlxEOMkX9Wyqfhe43D6kjPOGqBBKmx3EwWJqZ0cMrFF54yM49.png\",\"width\":186,\"height\":112,\"caption\":\"Guin\u00e9e Diversit\u00e9\"},\"image\":{\"@id\":\"https:\/\/guineediversite.com\/#\/schema\/logo\/image\/\"},\"sameAs\":[\"https:\/\/www.facebook.com\/guineediversite\/\",\"https:\/\/x.com\/GuineeDiversite\",\"https:\/\/www.youtube.com\/channel\/UC8sUY16qelG5ge6_D5SB83g\"]},{\"@type\":\"Person\",\"@id\":\"https:\/\/guineediversite.com\/#\/schema\/person\/079ec347f72d2acde4b56a50a4fd46dc\",\"name\":\"Moussa Mo\u00efse K\u00e9ita\",\"image\":{\"@type\":\"ImageObject\",\"inLanguage\":\"fr-FR\",\"@id\":\"https:\/\/guineediversite.com\/#\/schema\/person\/image\/\",\"url\":\"https:\/\/secure.gravatar.com\/avatar\/edf1ea2cc01841e6c0b49384bcb1385b?s=96&d=mm&r=g\",\"contentUrl\":\"https:\/\/secure.gravatar.com\/avatar\/edf1ea2cc01841e6c0b49384bcb1385b?s=96&d=mm&r=g\",\"caption\":\"Moussa Mo\u00efse K\u00e9ita\"},\"url\":\"https:\/\/guineediversite.com\/index.php\/author\/moussa-moise\/\"}]}<\/script>\n<!-- \/ Yoast SEO plugin. -->","yoast_head_json":{"title":"Quelle politique pour d\u00e9velopper la capitale Conakry ? les cadres du minist\u00e8re de l\u2019administration du territoire et de la d\u00e9centralisation se concertent. | Guin\u00e9e Diversit\u00e9","robots":{"index":"index","follow":"follow","max-snippet":"max-snippet:-1","max-image-preview":"max-image-preview:large","max-video-preview":"max-video-preview:-1"},"canonical":"https:\/\/guineediversite.com\/index.php\/2017\/09\/29\/politique-developper-capitale-conakry-cadres-ministere-de-ladministration-territoire-de-decentralisation-se-concertent\/","og_locale":"fr_FR","og_type":"article","og_title":"Quelle politique pour d\u00e9velopper la capitale Conakry ? les cadres du minist\u00e8re de l\u2019administration du territoire et de la d\u00e9centralisation se concertent. | Guin\u00e9e Diversit\u00e9","og_description":"Sur la question, le MATAD, a au cours de l\u2019atelier de concertation de l\u2019\u00e9tude sur le red\u00e9coupage et la r\u00e9vision du statut particulier de la capitale Conakry a \u00e9voqu\u00e9 plusieurs ph\u00e9nom\u00e8nes qui handicapent le d\u00e9veloppement de la capitale et emp\u00eachent la mise en \u0153uvre d\u2019une v\u00e9ritable politique pour r\u00e9pondre aux besoins de la population. &nbsp; [&hellip;]","og_url":"https:\/\/guineediversite.com\/index.php\/2017\/09\/29\/politique-developper-capitale-conakry-cadres-ministere-de-ladministration-territoire-de-decentralisation-se-concertent\/","og_site_name":"Guin\u00e9e Diversit\u00e9","article_publisher":"https:\/\/www.facebook.com\/guineediversite\/","article_published_time":"2017-09-29T16:33:50+00:00","og_image":[{"width":2241,"height":1214,"url":"https:\/\/guineediversite.com\/wp-content\/uploads\/2017\/09\/20170928_150713.jpg","type":"image\/jpeg"}],"author":"Moussa Mo\u00efse K\u00e9ita","twitter_card":"summary_large_image","twitter_creator":"@GuineeDiversite","twitter_site":"@GuineeDiversite","twitter_misc":{"\u00c9crit par":"Moussa Mo\u00efse K\u00e9ita","Dur\u00e9e de lecture estim\u00e9e":"3 minutes"},"schema":{"@context":"https:\/\/schema.org","@graph":[{"@type":"Article","@id":"https:\/\/guineediversite.com\/index.php\/2017\/09\/29\/politique-developper-capitale-conakry-cadres-ministere-de-ladministration-territoire-de-decentralisation-se-concertent\/#article","isPartOf":{"@id":"https:\/\/guineediversite.com\/index.php\/2017\/09\/29\/politique-developper-capitale-conakry-cadres-ministere-de-ladministration-territoire-de-decentralisation-se-concertent\/"},"author":{"name":"Moussa Mo\u00efse K\u00e9ita","@id":"https:\/\/guineediversite.com\/#\/schema\/person\/079ec347f72d2acde4b56a50a4fd46dc"},"headline":"Quelle politique pour d\u00e9velopper la capitale Conakry ? les cadres du minist\u00e8re de l\u2019administration du territoire et de la d\u00e9centralisation se concertent.","datePublished":"2017-09-29T16:33:50+00:00","dateModified":"2017-09-29T16:33:50+00:00","mainEntityOfPage":{"@id":"https:\/\/guineediversite.com\/index.php\/2017\/09\/29\/politique-developper-capitale-conakry-cadres-ministere-de-ladministration-territoire-de-decentralisation-se-concertent\/"},"wordCount":542,"publisher":{"@id":"https:\/\/guineediversite.com\/#organization"},"image":{"@id":"https:\/\/guineediversite.com\/index.php\/2017\/09\/29\/politique-developper-capitale-conakry-cadres-ministere-de-ladministration-territoire-de-decentralisation-se-concertent\/#primaryimage"},"thumbnailUrl":"https:\/\/guineediversite.com\/wp-content\/uploads\/2017\/09\/20170928_150713.jpg","keywords":["MATAD"],"articleSection":["Politique"],"inLanguage":"fr-FR"},{"@type":"WebPage","@id":"https:\/\/guineediversite.com\/index.php\/2017\/09\/29\/politique-developper-capitale-conakry-cadres-ministere-de-ladministration-territoire-de-decentralisation-se-concertent\/","url":"https:\/\/guineediversite.com\/index.php\/2017\/09\/29\/politique-developper-capitale-conakry-cadres-ministere-de-ladministration-territoire-de-decentralisation-se-concertent\/","name":"Quelle politique pour d\u00e9velopper la capitale Conakry ? les cadres du minist\u00e8re de l\u2019administration du territoire et de la d\u00e9centralisation se concertent. | Guin\u00e9e Diversit\u00e9","isPartOf":{"@id":"https:\/\/guineediversite.com\/#website"},"primaryImageOfPage":{"@id":"https:\/\/guineediversite.com\/index.php\/2017\/09\/29\/politique-developper-capitale-conakry-cadres-ministere-de-ladministration-territoire-de-decentralisation-se-concertent\/#primaryimage"},"image":{"@id":"https:\/\/guineediversite.com\/index.php\/2017\/09\/29\/politique-developper-capitale-conakry-cadres-ministere-de-ladministration-territoire-de-decentralisation-se-concertent\/#primaryimage"},"thumbnailUrl":"https:\/\/guineediversite.com\/wp-content\/uploads\/2017\/09\/20170928_150713.jpg","datePublished":"2017-09-29T16:33:50+00:00","dateModified":"2017-09-29T16:33:50+00:00","breadcrumb":{"@id":"https:\/\/guineediversite.com\/index.php\/2017\/09\/29\/politique-developper-capitale-conakry-cadres-ministere-de-ladministration-territoire-de-decentralisation-se-concertent\/#breadcrumb"},"inLanguage":"fr-FR","potentialAction":[{"@type":"ReadAction","target":["https:\/\/guineediversite.com\/index.php\/2017\/09\/29\/politique-developper-capitale-conakry-cadres-ministere-de-ladministration-territoire-de-decentralisation-se-concertent\/"]}]},{"@type":"ImageObject","inLanguage":"fr-FR","@id":"https:\/\/guineediversite.com\/index.php\/2017\/09\/29\/politique-developper-capitale-conakry-cadres-ministere-de-ladministration-territoire-de-decentralisation-se-concertent\/#primaryimage","url":"https:\/\/guineediversite.com\/wp-content\/uploads\/2017\/09\/20170928_150713.jpg","contentUrl":"https:\/\/guineediversite.com\/wp-content\/uploads\/2017\/09\/20170928_150713.jpg","width":"2241","height":"1214"},{"@type":"BreadcrumbList","@id":"https:\/\/guineediversite.com\/index.php\/2017\/09\/29\/politique-developper-capitale-conakry-cadres-ministere-de-ladministration-territoire-de-decentralisation-se-concertent\/#breadcrumb","itemListElement":[{"@type":"ListItem","position":1,"name":"Accueil","item":"https:\/\/guineediversite.com\/"},{"@type":"ListItem","position":2,"name":"Quelle politique pour d\u00e9velopper la capitale Conakry ? les cadres du minist\u00e8re de l\u2019administration du territoire et de la d\u00e9centralisation se concertent."}]},{"@type":"WebSite","@id":"https:\/\/guineediversite.com\/#website","url":"https:\/\/guineediversite.com\/","name":"Guin\u00e9e Diversit\u00e9","description":"L&#039;Info dans toute sa diversit\u00e9","publisher":{"@id":"https:\/\/guineediversite.com\/#organization"},"potentialAction":[{"@type":"SearchAction","target":{"@type":"EntryPoint","urlTemplate":"https:\/\/guineediversite.com\/?s={search_term_string}"},"query-input":{"@type":"PropertyValueSpecification","valueRequired":true,"valueName":"search_term_string"}}],"inLanguage":"fr-FR"},{"@type":"Organization","@id":"https:\/\/guineediversite.com\/#organization","name":"Guin\u00e9e Diversit\u00e9","url":"https:\/\/guineediversite.com\/","logo":{"@type":"ImageObject","inLanguage":"fr-FR","@id":"https:\/\/guineediversite.com\/#\/schema\/logo\/image\/","url":"https:\/\/guineediversite.com\/wp-content\/uploads\/2017\/04\/cropped-1jojlxEOMkX9Wyqfhe43D6kjPOGqBBKmx3EwWJqZ0cMrFF54yM49.png","contentUrl":"https:\/\/guineediversite.com\/wp-content\/uploads\/2017\/04\/cropped-1jojlxEOMkX9Wyqfhe43D6kjPOGqBBKmx3EwWJqZ0cMrFF54yM49.png","width":186,"height":112,"caption":"Guin\u00e9e Diversit\u00e9"},"image":{"@id":"https:\/\/guineediversite.com\/#\/schema\/logo\/image\/"},"sameAs":["https:\/\/www.facebook.com\/guineediversite\/","https:\/\/x.com\/GuineeDiversite","https:\/\/www.youtube.com\/channel\/UC8sUY16qelG5ge6_D5SB83g"]},{"@type":"Person","@id":"https:\/\/guineediversite.com\/#\/schema\/person\/079ec347f72d2acde4b56a50a4fd46dc","name":"Moussa Mo\u00efse K\u00e9ita","image":{"@type":"ImageObject","inLanguage":"fr-FR","@id":"https:\/\/guineediversite.com\/#\/schema\/person\/image\/","url":"https:\/\/secure.gravatar.com\/avatar\/edf1ea2cc01841e6c0b49384bcb1385b?s=96&d=mm&r=g","contentUrl":"https:\/\/secure.gravatar.com\/avatar\/edf1ea2cc01841e6c0b49384bcb1385b?s=96&d=mm&r=g","caption":"Moussa Mo\u00efse K\u00e9ita"},"url":"https:\/\/guineediversite.com\/index.php\/author\/moussa-moise\/"}]}},"_links":{"self":[{"href":"https:\/\/guineediversite.com\/index.php\/wp-json\/wp\/v2\/posts\/22155"}],"collection":[{"href":"https:\/\/guineediversite.com\/index.php\/wp-json\/wp\/v2\/posts"}],"about":[{"href":"https:\/\/guineediversite.com\/index.php\/wp-json\/wp\/v2\/types\/post"}],"author":[{"embeddable":true,"href":"https:\/\/guineediversite.com\/index.php\/wp-json\/wp\/v2\/users\/16"}],"replies":[{"embeddable":true,"href":"https:\/\/guineediversite.com\/index.php\/wp-json\/wp\/v2\/comments?post=22155"}],"version-history":[{"count":0,"href":"https:\/\/guineediversite.com\/index.php\/wp-json\/wp\/v2\/posts\/22155\/revisions"}],"wp:featuredmedia":[{"embeddable":true,"href":"https:\/\/guineediversite.com\/index.php\/wp-json\/wp\/v2\/media\/22156"}],"wp:attachment":[{"href":"https:\/\/guineediversite.com\/index.php\/wp-json\/wp\/v2\/media?parent=22155"}],"wp:term":[{"taxonomy":"category","embeddable":true,"href":"https:\/\/guineediversite.com\/index.php\/wp-json\/wp\/v2\/categories?post=22155"},{"taxonomy":"post_tag","embeddable":true,"href":"https:\/\/guineediversite.com\/index.php\/wp-json\/wp\/v2\/tags?post=22155"}],"curies":[{"name":"wp","href":"https:\/\/api.w.org\/{rel}","templated":true}]}}