{"id":22150,"date":"2017-09-29T18:14:52","date_gmt":"2017-09-29T16:14:52","guid":{"rendered":"https:\/\/guineediversite.com\/?p=22150"},"modified":"2017-09-29T18:30:26","modified_gmt":"2017-09-29T16:30:26","slug":"cellou-dalein-diallo-signe-persiste-guinee-pays-sauvage-barbare","status":"publish","type":"post","link":"https:\/\/guineediversite.com\/index.php\/2017\/09\/29\/cellou-dalein-diallo-signe-persiste-guinee-pays-sauvage-barbare\/","title":{"rendered":"Cellou Dalein Diallo : \u00ab\u00a0Ce pouvoir ou ce pays barbare ou sauvage c\u2019est comme on veut, je persiste et je signe&#8230;\u00a0\u00bb"},"content":{"rendered":"<p><strong>Ce Mercredi 27 Septembre 2017, lors de la marche fun\u00e8bre organis\u00e9e par l\u2019opposition r\u00e9publicaine en vue d\u2019enterrer les deux jeunes tu\u00e9s par balle lors de la marche contre l\u2019impunit\u00e9 et la mal gouvernance\u00a0 le mercredi 20 septembre, le chef de file de l\u2019opposition ,\u00e9galement pr\u00e9sident du parti l\u2019Union des Forces D\u00e9mocratiques de Guin\u00e9e UFDG a r\u00e9affirm\u00e9 ses propos que plusieurs observateurs ont qualifi\u00e9s de d\u00e9shonorant de la part d\u2019une personnalit\u00e9 comme lui qui cherche \u00e0 gouverner t\u00f4t ou tard le pays.<\/strong><\/p>\n<p>Tr\u00e8s attriste visiblement par la mort de ces deux jeunes, Cellou Dalein Diallo a\u00a0 repris \u00a0les m\u00eames propos controvers\u00e9s tenus il y a de cela quelques jours seulement. En tout cas le leader de l\u2019UFDG a laiss\u00e9 \u00e9clater sa frustration quand le cort\u00e8ge fun\u00e8bre s\u2019\u00e9branlait vers la grande mosqu\u00e9e de Bamb\u00e9to ou les pri\u00e8res et enterrement \u00e9taient pr\u00e9vus dans le cimeti\u00e8re du dit \u00a0quartier<\/p>\n<p><em>\u00ab Ces tueries qui ne font que se r\u00e9p\u00e9t\u00e9es au point que nous avions plus de 82 morts aujourd\u2019hui et que ce pouvoir ou ce pays barbare ou sauvage c\u2019est comme on veut, je persiste et je signe, refuse jusqu&rsquo;\u00e0 pr\u00e9sent de rendre justice. Refuse de mener les enqu\u00eates pour d\u00e9f\u00e9rer devant les tribunaux, les responsables de ces crimes\u00a0\u00bb<\/em> s\u2019indigne le chef de file de l\u2019opposition<\/p>\n<p>Poursuivant, Cellou Dalein rajoute <em>\u00ab\u00a0En accordant l\u2019impunit\u00e9, on encourage la r\u00e9cidive et c\u2019est tous les jours que \u00a0nous assistons malheureusement a ces assassinats \u00e0 bout portant par ceux l\u00e0 qui sont habill\u00e9s, form\u00e9 et \u00e9quip\u00e9s pour assurer la s\u00e9curit\u00e9 des citoyens guin\u00e9ens.\u00a0 Le combat va continuer, nous avions d\u00e9cid\u00e9 de d\u00e9clencher une s\u00e9rie de manifestation pour lutter contre l\u2019impunit\u00e9, pour d\u00e9noncer l\u2019utilisation des armes \u00e0 feu dans le maintient d\u2019ordre pour que \u00e7a cesse et que ces victimes aient droit \u00e0 la justice\u00a0\u00bb<\/em> d\u00e9clare t-il.<\/p>\n","protected":false},"excerpt":{"rendered":"<p>Ce Mercredi 27 Septembre 2017, lors de la marche fun\u00e8bre organis\u00e9e par l\u2019opposition r\u00e9publicaine en vue d\u2019enterrer les deux jeunes tu\u00e9s par balle lors de la marche contre l\u2019impunit\u00e9 et la mal gouvernance\u00a0 le mercredi 20 septembre, le chef de file de l\u2019opposition ,\u00e9galement pr\u00e9sident du parti l\u2019Union des Forces D\u00e9mocratiques de Guin\u00e9e UFDG a [&hellip;]<\/p>\n","protected":false},"author":16,"featured_media":21267,"comment_status":"closed","ping_status":"closed","sticky":false,"template":"","format":"standard","meta":{"_exactmetrics_skip_tracking":false,"_exactmetrics_sitenote_active":false,"_exactmetrics_sitenote_note":"","_exactmetrics_sitenote_category":0,"tdm_status":"","tdm_grid_status":"","footnotes":""},"categories":[14],"tags":[239],"class_list":{"0":"post-22150","1":"post","2":"type-post","3":"status-publish","4":"format-standard","5":"has-post-thumbnail","7":"category-politique","8":"tag-cellou"},"yoast_head":"<!-- This site is optimized with the Yoast SEO plugin v24.2 - https:\/\/yoast.com\/wordpress\/plugins\/seo\/ -->\n<title>Cellou Dalein Diallo : &quot;Ce pouvoir ou ce pays barbare ou sauvage c\u2019est comme on veut, je persiste et je signe...&quot; | Guin\u00e9e Diversit\u00e9<\/title>\n<meta name=\"robots\" content=\"index, follow, max-snippet:-1, max-image-preview:large, max-video-preview:-1\" \/>\n<link rel=\"canonical\" href=\"https:\/\/guineediversite.com\/index.php\/2017\/09\/29\/cellou-dalein-diallo-signe-persiste-guinee-pays-sauvage-barbare\/\" \/>\n<meta property=\"og:locale\" content=\"fr_FR\" \/>\n<meta property=\"og:type\" content=\"article\" \/>\n<meta property=\"og:title\" content=\"Cellou Dalein Diallo : &quot;Ce pouvoir ou ce pays barbare ou sauvage c\u2019est comme on veut, je persiste et je signe...&quot; | Guin\u00e9e Diversit\u00e9\" \/>\n<meta property=\"og:description\" content=\"Ce Mercredi 27 Septembre 2017, lors de la marche fun\u00e8bre organis\u00e9e par l\u2019opposition r\u00e9publicaine en vue d\u2019enterrer les deux jeunes tu\u00e9s par balle lors de la marche contre l\u2019impunit\u00e9 et la mal gouvernance\u00a0 le mercredi 20 septembre, le chef de file de l\u2019opposition ,\u00e9galement pr\u00e9sident du parti l\u2019Union des Forces D\u00e9mocratiques de Guin\u00e9e UFDG a [&hellip;]\" \/>\n<meta property=\"og:url\" content=\"https:\/\/guineediversite.com\/index.php\/2017\/09\/29\/cellou-dalein-diallo-signe-persiste-guinee-pays-sauvage-barbare\/\" \/>\n<meta property=\"og:site_name\" content=\"Guin\u00e9e Diversit\u00e9\" \/>\n<meta property=\"article:publisher\" content=\"https:\/\/www.facebook.com\/guineediversite\/\" \/>\n<meta property=\"article:published_time\" content=\"2017-09-29T16:14:52+00:00\" \/>\n<meta property=\"article:modified_time\" content=\"2017-09-29T16:30:26+00:00\" \/>\n<meta property=\"og:image\" content=\"https:\/\/guineediversite.com\/wp-content\/uploads\/2017\/08\/Cellou-Dalein-Diallo-4-696x462.jpg\" \/>\n\t<meta property=\"og:image:width\" content=\"696\" \/>\n\t<meta property=\"og:image:height\" content=\"462\" \/>\n\t<meta property=\"og:image:type\" content=\"image\/jpeg\" \/>\n<meta name=\"author\" content=\"Moussa Mo\u00efse K\u00e9ita\" \/>\n<meta name=\"twitter:card\" content=\"summary_large_image\" \/>\n<meta name=\"twitter:creator\" content=\"@GuineeDiversite\" \/>\n<meta name=\"twitter:site\" content=\"@GuineeDiversite\" \/>\n<meta name=\"twitter:label1\" content=\"\u00c9crit par\" \/>\n\t<meta name=\"twitter:data1\" content=\"Moussa Mo\u00efse K\u00e9ita\" \/>\n\t<meta name=\"twitter:label2\" content=\"Dur\u00e9e de lecture estim\u00e9e\" \/>\n\t<meta name=\"twitter:data2\" content=\"2 minutes\" \/>\n<script type=\"application\/ld+json\" class=\"yoast-schema-graph\">{\"@context\":\"https:\/\/schema.org\",\"@graph\":[{\"@type\":\"Article\",\"@id\":\"https:\/\/guineediversite.com\/index.php\/2017\/09\/29\/cellou-dalein-diallo-signe-persiste-guinee-pays-sauvage-barbare\/#article\",\"isPartOf\":{\"@id\":\"https:\/\/guineediversite.com\/index.php\/2017\/09\/29\/cellou-dalein-diallo-signe-persiste-guinee-pays-sauvage-barbare\/\"},\"author\":{\"name\":\"Moussa Mo\u00efse K\u00e9ita\",\"@id\":\"https:\/\/guineediversite.com\/#\/schema\/person\/079ec347f72d2acde4b56a50a4fd46dc\"},\"headline\":\"Cellou Dalein Diallo : \u00ab\u00a0Ce pouvoir ou ce pays barbare ou sauvage c\u2019est comme on veut, je persiste et je signe&#8230;\u00a0\u00bb\",\"datePublished\":\"2017-09-29T16:14:52+00:00\",\"dateModified\":\"2017-09-29T16:30:26+00:00\",\"mainEntityOfPage\":{\"@id\":\"https:\/\/guineediversite.com\/index.php\/2017\/09\/29\/cellou-dalein-diallo-signe-persiste-guinee-pays-sauvage-barbare\/\"},\"wordCount\":363,\"publisher\":{\"@id\":\"https:\/\/guineediversite.com\/#organization\"},\"image\":{\"@id\":\"https:\/\/guineediversite.com\/index.php\/2017\/09\/29\/cellou-dalein-diallo-signe-persiste-guinee-pays-sauvage-barbare\/#primaryimage\"},\"thumbnailUrl\":\"https:\/\/guineediversite.com\/wp-content\/uploads\/2017\/08\/Cellou-Dalein-Diallo-4-696x462.jpg\",\"keywords\":[\"cellou\"],\"articleSection\":[\"Politique\"],\"inLanguage\":\"fr-FR\"},{\"@type\":\"WebPage\",\"@id\":\"https:\/\/guineediversite.com\/index.php\/2017\/09\/29\/cellou-dalein-diallo-signe-persiste-guinee-pays-sauvage-barbare\/\",\"url\":\"https:\/\/guineediversite.com\/index.php\/2017\/09\/29\/cellou-dalein-diallo-signe-persiste-guinee-pays-sauvage-barbare\/\",\"name\":\"Cellou Dalein Diallo : \\\"Ce pouvoir ou ce pays barbare ou sauvage c\u2019est comme on veut, je persiste et je signe...\\\" | Guin\u00e9e Diversit\u00e9\",\"isPartOf\":{\"@id\":\"https:\/\/guineediversite.com\/#website\"},\"primaryImageOfPage\":{\"@id\":\"https:\/\/guineediversite.com\/index.php\/2017\/09\/29\/cellou-dalein-diallo-signe-persiste-guinee-pays-sauvage-barbare\/#primaryimage\"},\"image\":{\"@id\":\"https:\/\/guineediversite.com\/index.php\/2017\/09\/29\/cellou-dalein-diallo-signe-persiste-guinee-pays-sauvage-barbare\/#primaryimage\"},\"thumbnailUrl\":\"https:\/\/guineediversite.com\/wp-content\/uploads\/2017\/08\/Cellou-Dalein-Diallo-4-696x462.jpg\",\"datePublished\":\"2017-09-29T16:14:52+00:00\",\"dateModified\":\"2017-09-29T16:30:26+00:00\",\"breadcrumb\":{\"@id\":\"https:\/\/guineediversite.com\/index.php\/2017\/09\/29\/cellou-dalein-diallo-signe-persiste-guinee-pays-sauvage-barbare\/#breadcrumb\"},\"inLanguage\":\"fr-FR\",\"potentialAction\":[{\"@type\":\"ReadAction\",\"target\":[\"https:\/\/guineediversite.com\/index.php\/2017\/09\/29\/cellou-dalein-diallo-signe-persiste-guinee-pays-sauvage-barbare\/\"]}]},{\"@type\":\"ImageObject\",\"inLanguage\":\"fr-FR\",\"@id\":\"https:\/\/guineediversite.com\/index.php\/2017\/09\/29\/cellou-dalein-diallo-signe-persiste-guinee-pays-sauvage-barbare\/#primaryimage\",\"url\":\"https:\/\/guineediversite.com\/wp-content\/uploads\/2017\/08\/Cellou-Dalein-Diallo-4-696x462.jpg\",\"contentUrl\":\"https:\/\/guineediversite.com\/wp-content\/uploads\/2017\/08\/Cellou-Dalein-Diallo-4-696x462.jpg\",\"width\":696,\"height\":462},{\"@type\":\"BreadcrumbList\",\"@id\":\"https:\/\/guineediversite.com\/index.php\/2017\/09\/29\/cellou-dalein-diallo-signe-persiste-guinee-pays-sauvage-barbare\/#breadcrumb\",\"itemListElement\":[{\"@type\":\"ListItem\",\"position\":1,\"name\":\"Accueil\",\"item\":\"https:\/\/guineediversite.com\/\"},{\"@type\":\"ListItem\",\"position\":2,\"name\":\"Cellou Dalein Diallo : \u00ab\u00a0Ce pouvoir ou ce pays barbare ou sauvage c\u2019est comme on veut, je persiste et je signe&#8230;\u00a0\u00bb\"}]},{\"@type\":\"WebSite\",\"@id\":\"https:\/\/guineediversite.com\/#website\",\"url\":\"https:\/\/guineediversite.com\/\",\"name\":\"Guin\u00e9e Diversit\u00e9\",\"description\":\"L&#039;Info dans toute sa diversit\u00e9\",\"publisher\":{\"@id\":\"https:\/\/guineediversite.com\/#organization\"},\"potentialAction\":[{\"@type\":\"SearchAction\",\"target\":{\"@type\":\"EntryPoint\",\"urlTemplate\":\"https:\/\/guineediversite.com\/?s={search_term_string}\"},\"query-input\":{\"@type\":\"PropertyValueSpecification\",\"valueRequired\":true,\"valueName\":\"search_term_string\"}}],\"inLanguage\":\"fr-FR\"},{\"@type\":\"Organization\",\"@id\":\"https:\/\/guineediversite.com\/#organization\",\"name\":\"Guin\u00e9e Diversit\u00e9\",\"url\":\"https:\/\/guineediversite.com\/\",\"logo\":{\"@type\":\"ImageObject\",\"inLanguage\":\"fr-FR\",\"@id\":\"https:\/\/guineediversite.com\/#\/schema\/logo\/image\/\",\"url\":\"https:\/\/guineediversite.com\/wp-content\/uploads\/2017\/04\/cropped-1jojlxEOMkX9Wyqfhe43D6kjPOGqBBKmx3EwWJqZ0cMrFF54yM49.png\",\"contentUrl\":\"https:\/\/guineediversite.com\/wp-content\/uploads\/2017\/04\/cropped-1jojlxEOMkX9Wyqfhe43D6kjPOGqBBKmx3EwWJqZ0cMrFF54yM49.png\",\"width\":186,\"height\":112,\"caption\":\"Guin\u00e9e Diversit\u00e9\"},\"image\":{\"@id\":\"https:\/\/guineediversite.com\/#\/schema\/logo\/image\/\"},\"sameAs\":[\"https:\/\/www.facebook.com\/guineediversite\/\",\"https:\/\/x.com\/GuineeDiversite\",\"https:\/\/www.youtube.com\/channel\/UC8sUY16qelG5ge6_D5SB83g\"]},{\"@type\":\"Person\",\"@id\":\"https:\/\/guineediversite.com\/#\/schema\/person\/079ec347f72d2acde4b56a50a4fd46dc\",\"name\":\"Moussa Mo\u00efse K\u00e9ita\",\"image\":{\"@type\":\"ImageObject\",\"inLanguage\":\"fr-FR\",\"@id\":\"https:\/\/guineediversite.com\/#\/schema\/person\/image\/\",\"url\":\"https:\/\/secure.gravatar.com\/avatar\/edf1ea2cc01841e6c0b49384bcb1385b?s=96&d=mm&r=g\",\"contentUrl\":\"https:\/\/secure.gravatar.com\/avatar\/edf1ea2cc01841e6c0b49384bcb1385b?s=96&d=mm&r=g\",\"caption\":\"Moussa Mo\u00efse K\u00e9ita\"},\"url\":\"https:\/\/guineediversite.com\/index.php\/author\/moussa-moise\/\"}]}<\/script>\n<!-- \/ Yoast SEO plugin. -->","yoast_head_json":{"title":"Cellou Dalein Diallo : \"Ce pouvoir ou ce pays barbare ou sauvage c\u2019est comme on veut, je persiste et je signe...\" | Guin\u00e9e Diversit\u00e9","robots":{"index":"index","follow":"follow","max-snippet":"max-snippet:-1","max-image-preview":"max-image-preview:large","max-video-preview":"max-video-preview:-1"},"canonical":"https:\/\/guineediversite.com\/index.php\/2017\/09\/29\/cellou-dalein-diallo-signe-persiste-guinee-pays-sauvage-barbare\/","og_locale":"fr_FR","og_type":"article","og_title":"Cellou Dalein Diallo : \"Ce pouvoir ou ce pays barbare ou sauvage c\u2019est comme on veut, je persiste et je signe...\" | Guin\u00e9e Diversit\u00e9","og_description":"Ce Mercredi 27 Septembre 2017, lors de la marche fun\u00e8bre organis\u00e9e par l\u2019opposition r\u00e9publicaine en vue d\u2019enterrer les deux jeunes tu\u00e9s par balle lors de la marche contre l\u2019impunit\u00e9 et la mal gouvernance\u00a0 le mercredi 20 septembre, le chef de file de l\u2019opposition ,\u00e9galement pr\u00e9sident du parti l\u2019Union des Forces D\u00e9mocratiques de Guin\u00e9e UFDG a [&hellip;]","og_url":"https:\/\/guineediversite.com\/index.php\/2017\/09\/29\/cellou-dalein-diallo-signe-persiste-guinee-pays-sauvage-barbare\/","og_site_name":"Guin\u00e9e Diversit\u00e9","article_publisher":"https:\/\/www.facebook.com\/guineediversite\/","article_published_time":"2017-09-29T16:14:52+00:00","article_modified_time":"2017-09-29T16:30:26+00:00","og_image":[{"width":696,"height":462,"url":"https:\/\/guineediversite.com\/wp-content\/uploads\/2017\/08\/Cellou-Dalein-Diallo-4-696x462.jpg","type":"image\/jpeg"}],"author":"Moussa Mo\u00efse K\u00e9ita","twitter_card":"summary_large_image","twitter_creator":"@GuineeDiversite","twitter_site":"@GuineeDiversite","twitter_misc":{"\u00c9crit par":"Moussa Mo\u00efse K\u00e9ita","Dur\u00e9e de lecture estim\u00e9e":"2 minutes"},"schema":{"@context":"https:\/\/schema.org","@graph":[{"@type":"Article","@id":"https:\/\/guineediversite.com\/index.php\/2017\/09\/29\/cellou-dalein-diallo-signe-persiste-guinee-pays-sauvage-barbare\/#article","isPartOf":{"@id":"https:\/\/guineediversite.com\/index.php\/2017\/09\/29\/cellou-dalein-diallo-signe-persiste-guinee-pays-sauvage-barbare\/"},"author":{"name":"Moussa Mo\u00efse K\u00e9ita","@id":"https:\/\/guineediversite.com\/#\/schema\/person\/079ec347f72d2acde4b56a50a4fd46dc"},"headline":"Cellou Dalein Diallo : \u00ab\u00a0Ce pouvoir ou ce pays barbare ou sauvage c\u2019est comme on veut, je persiste et je signe&#8230;\u00a0\u00bb","datePublished":"2017-09-29T16:14:52+00:00","dateModified":"2017-09-29T16:30:26+00:00","mainEntityOfPage":{"@id":"https:\/\/guineediversite.com\/index.php\/2017\/09\/29\/cellou-dalein-diallo-signe-persiste-guinee-pays-sauvage-barbare\/"},"wordCount":363,"publisher":{"@id":"https:\/\/guineediversite.com\/#organization"},"image":{"@id":"https:\/\/guineediversite.com\/index.php\/2017\/09\/29\/cellou-dalein-diallo-signe-persiste-guinee-pays-sauvage-barbare\/#primaryimage"},"thumbnailUrl":"https:\/\/guineediversite.com\/wp-content\/uploads\/2017\/08\/Cellou-Dalein-Diallo-4-696x462.jpg","keywords":["cellou"],"articleSection":["Politique"],"inLanguage":"fr-FR"},{"@type":"WebPage","@id":"https:\/\/guineediversite.com\/index.php\/2017\/09\/29\/cellou-dalein-diallo-signe-persiste-guinee-pays-sauvage-barbare\/","url":"https:\/\/guineediversite.com\/index.php\/2017\/09\/29\/cellou-dalein-diallo-signe-persiste-guinee-pays-sauvage-barbare\/","name":"Cellou Dalein Diallo : \"Ce pouvoir ou ce pays barbare ou sauvage c\u2019est comme on veut, je persiste et je signe...\" | Guin\u00e9e Diversit\u00e9","isPartOf":{"@id":"https:\/\/guineediversite.com\/#website"},"primaryImageOfPage":{"@id":"https:\/\/guineediversite.com\/index.php\/2017\/09\/29\/cellou-dalein-diallo-signe-persiste-guinee-pays-sauvage-barbare\/#primaryimage"},"image":{"@id":"https:\/\/guineediversite.com\/index.php\/2017\/09\/29\/cellou-dalein-diallo-signe-persiste-guinee-pays-sauvage-barbare\/#primaryimage"},"thumbnailUrl":"https:\/\/guineediversite.com\/wp-content\/uploads\/2017\/08\/Cellou-Dalein-Diallo-4-696x462.jpg","datePublished":"2017-09-29T16:14:52+00:00","dateModified":"2017-09-29T16:30:26+00:00","breadcrumb":{"@id":"https:\/\/guineediversite.com\/index.php\/2017\/09\/29\/cellou-dalein-diallo-signe-persiste-guinee-pays-sauvage-barbare\/#breadcrumb"},"inLanguage":"fr-FR","potentialAction":[{"@type":"ReadAction","target":["https:\/\/guineediversite.com\/index.php\/2017\/09\/29\/cellou-dalein-diallo-signe-persiste-guinee-pays-sauvage-barbare\/"]}]},{"@type":"ImageObject","inLanguage":"fr-FR","@id":"https:\/\/guineediversite.com\/index.php\/2017\/09\/29\/cellou-dalein-diallo-signe-persiste-guinee-pays-sauvage-barbare\/#primaryimage","url":"https:\/\/guineediversite.com\/wp-content\/uploads\/2017\/08\/Cellou-Dalein-Diallo-4-696x462.jpg","contentUrl":"https:\/\/guineediversite.com\/wp-content\/uploads\/2017\/08\/Cellou-Dalein-Diallo-4-696x462.jpg","width":696,"height":462},{"@type":"BreadcrumbList","@id":"https:\/\/guineediversite.com\/index.php\/2017\/09\/29\/cellou-dalein-diallo-signe-persiste-guinee-pays-sauvage-barbare\/#breadcrumb","itemListElement":[{"@type":"ListItem","position":1,"name":"Accueil","item":"https:\/\/guineediversite.com\/"},{"@type":"ListItem","position":2,"name":"Cellou Dalein Diallo : \u00ab\u00a0Ce pouvoir ou ce pays barbare ou sauvage c\u2019est comme on veut, je persiste et je signe&#8230;\u00a0\u00bb"}]},{"@type":"WebSite","@id":"https:\/\/guineediversite.com\/#website","url":"https:\/\/guineediversite.com\/","name":"Guin\u00e9e Diversit\u00e9","description":"L&#039;Info dans toute sa diversit\u00e9","publisher":{"@id":"https:\/\/guineediversite.com\/#organization"},"potentialAction":[{"@type":"SearchAction","target":{"@type":"EntryPoint","urlTemplate":"https:\/\/guineediversite.com\/?s={search_term_string}"},"query-input":{"@type":"PropertyValueSpecification","valueRequired":true,"valueName":"search_term_string"}}],"inLanguage":"fr-FR"},{"@type":"Organization","@id":"https:\/\/guineediversite.com\/#organization","name":"Guin\u00e9e Diversit\u00e9","url":"https:\/\/guineediversite.com\/","logo":{"@type":"ImageObject","inLanguage":"fr-FR","@id":"https:\/\/guineediversite.com\/#\/schema\/logo\/image\/","url":"https:\/\/guineediversite.com\/wp-content\/uploads\/2017\/04\/cropped-1jojlxEOMkX9Wyqfhe43D6kjPOGqBBKmx3EwWJqZ0cMrFF54yM49.png","contentUrl":"https:\/\/guineediversite.com\/wp-content\/uploads\/2017\/04\/cropped-1jojlxEOMkX9Wyqfhe43D6kjPOGqBBKmx3EwWJqZ0cMrFF54yM49.png","width":186,"height":112,"caption":"Guin\u00e9e Diversit\u00e9"},"image":{"@id":"https:\/\/guineediversite.com\/#\/schema\/logo\/image\/"},"sameAs":["https:\/\/www.facebook.com\/guineediversite\/","https:\/\/x.com\/GuineeDiversite","https:\/\/www.youtube.com\/channel\/UC8sUY16qelG5ge6_D5SB83g"]},{"@type":"Person","@id":"https:\/\/guineediversite.com\/#\/schema\/person\/079ec347f72d2acde4b56a50a4fd46dc","name":"Moussa Mo\u00efse K\u00e9ita","image":{"@type":"ImageObject","inLanguage":"fr-FR","@id":"https:\/\/guineediversite.com\/#\/schema\/person\/image\/","url":"https:\/\/secure.gravatar.com\/avatar\/edf1ea2cc01841e6c0b49384bcb1385b?s=96&d=mm&r=g","contentUrl":"https:\/\/secure.gravatar.com\/avatar\/edf1ea2cc01841e6c0b49384bcb1385b?s=96&d=mm&r=g","caption":"Moussa Mo\u00efse K\u00e9ita"},"url":"https:\/\/guineediversite.com\/index.php\/author\/moussa-moise\/"}]}},"_links":{"self":[{"href":"https:\/\/guineediversite.com\/index.php\/wp-json\/wp\/v2\/posts\/22150"}],"collection":[{"href":"https:\/\/guineediversite.com\/index.php\/wp-json\/wp\/v2\/posts"}],"about":[{"href":"https:\/\/guineediversite.com\/index.php\/wp-json\/wp\/v2\/types\/post"}],"author":[{"embeddable":true,"href":"https:\/\/guineediversite.com\/index.php\/wp-json\/wp\/v2\/users\/16"}],"replies":[{"embeddable":true,"href":"https:\/\/guineediversite.com\/index.php\/wp-json\/wp\/v2\/comments?post=22150"}],"version-history":[{"count":0,"href":"https:\/\/guineediversite.com\/index.php\/wp-json\/wp\/v2\/posts\/22150\/revisions"}],"wp:featuredmedia":[{"embeddable":true,"href":"https:\/\/guineediversite.com\/index.php\/wp-json\/wp\/v2\/media\/21267"}],"wp:attachment":[{"href":"https:\/\/guineediversite.com\/index.php\/wp-json\/wp\/v2\/media?parent=22150"}],"wp:term":[{"taxonomy":"category","embeddable":true,"href":"https:\/\/guineediversite.com\/index.php\/wp-json\/wp\/v2\/categories?post=22150"},{"taxonomy":"post_tag","embeddable":true,"href":"https:\/\/guineediversite.com\/index.php\/wp-json\/wp\/v2\/tags?post=22150"}],"curies":[{"name":"wp","href":"https:\/\/api.w.org\/{rel}","templated":true}]}}