{"id":22061,"date":"2017-09-24T17:05:15","date_gmt":"2017-09-24T15:05:15","guid":{"rendered":"https:\/\/guineediversite.com\/?p=22061"},"modified":"2017-09-24T17:05:15","modified_gmt":"2017-09-24T15:05:15","slug":"represente-de-cedeao-guinee-recue-audience-president-parlement-guineen","status":"publish","type":"post","link":"https:\/\/guineediversite.com\/index.php\/2017\/09\/24\/represente-de-cedeao-guinee-recue-audience-president-parlement-guineen\/","title":{"rendered":"La repr\u00e9sente de la CEDEAO en Guin\u00e9e re\u00e7ue en audience par le pr\u00e9sident du Parlement guin\u00e9en.\u00a0"},"content":{"rendered":"<p><strong><span id=\"p271\">C\u2019est une visite de prise de contact qui fait suite \u00e0 la prise de service de la nouvelle ambassadrice de la CEDEAO au mois d\u2019avril dernier en Guin\u00e9e.<\/span><\/strong><span id=\"p272\"><strong>\u00a0<\/strong><\/p>\n<p>Pour la diplomate, Liliane\u00a0<span id=\"284\" class=\"s-rg-t\">Allapini<\/span>, cette rencontre est une occasion pour elle de r\u00e9it\u00e9rer le soutien de son institution \u00e0 la Guin\u00e9e, pour l\u2019atteinte des objectifs de d\u00e9veloppement\u00a0durable\u00a0dont r\u00eave la sous-r\u00e9gion.<\/span><span id=\"p273\">\u00a0<\/span><br \/>\n<span id=\"p291\">La repr\u00e9sentante de la CEDEAO qui a \u00e9galement pour mission de veiller \u00e0 l\u2019application des diff\u00e9rents programmes de d\u00e9veloppement \u00e9labor\u00e9s par les pays membre de l\u2019organisation a mis un accent particulier sur la vision 2020 de son institution.<\/span><span id=\"p292\">\u00a0Un programme qui vise \u00e0 aller au del\u00e0 de la vision de la CEDEAO des pays \u00e0 la CEDEAO des peuples.<br \/>\n<\/span><br \/>\n<span id=\"p276\">Pour Liliane\u00a0<span id=\"288\" class=\"s-rg-t\">Allapin<\/span>, il est question d\u2019insister sur la facilitation de l\u2019int\u00e9gration r\u00e9gionale permettant la libre circulation des personnes et de leurs biens, l\u2019emploi des jeunes, le d\u00e9veloppement de l\u2019agriculture, de l\u2019\u00e9nergie et des infrastructures.<br \/>\n<\/span><br \/>\n<span id=\"p277\">Le pr\u00e9sident de l\u2019Assembl\u00e9e nationale de Guin\u00e9e a pour sa part salu\u00e9 ce d\u00e9placement de l\u2019ambassadrice.<\/span><span id=\"p278\">\u00a0Claude\u00a0<span id=\"289\" class=\"s-rg-t\">Kory<\/span>\u00a0<span id=\"290\" class=\"s-rg-t\">Kondiano<\/span>\u00a0a, au nom de son institution, promis \u00e0 son h\u00f4te de l\u2019accompagner pour la r\u00e9ussite et la visibilit\u00e9 de l\u2019organisation sous-r\u00e9gionale Ouest africaine en Guin\u00e9e.<\/span><\/p>\n","protected":false},"excerpt":{"rendered":"<p>C\u2019est une visite de prise de contact qui fait suite \u00e0 la prise de service de la nouvelle ambassadrice de la CEDEAO au mois d\u2019avril dernier en Guin\u00e9e.\u00a0 Pour la diplomate, Liliane\u00a0Allapini, cette rencontre est une occasion pour elle de r\u00e9it\u00e9rer le soutien de son institution \u00e0 la Guin\u00e9e, pour l\u2019atteinte des objectifs de d\u00e9veloppement\u00a0durable\u00a0dont [&hellip;]<\/p>\n","protected":false},"author":14,"featured_media":22062,"comment_status":"closed","ping_status":"closed","sticky":false,"template":"","format":"standard","meta":{"_exactmetrics_skip_tracking":false,"_exactmetrics_sitenote_active":false,"_exactmetrics_sitenote_note":"","_exactmetrics_sitenote_category":0,"tdm_status":"","tdm_grid_status":"","footnotes":""},"categories":[14],"tags":[],"class_list":{"0":"post-22061","1":"post","2":"type-post","3":"status-publish","4":"format-standard","5":"has-post-thumbnail","7":"category-politique"},"yoast_head":"<!-- This site is optimized with the Yoast SEO plugin v24.2 - https:\/\/yoast.com\/wordpress\/plugins\/seo\/ -->\n<title>La repr\u00e9sente de la CEDEAO en Guin\u00e9e re\u00e7ue en audience par le pr\u00e9sident du Parlement guin\u00e9en.\u00a0 | Guin\u00e9e Diversit\u00e9<\/title>\n<meta name=\"robots\" content=\"index, follow, max-snippet:-1, max-image-preview:large, max-video-preview:-1\" \/>\n<link rel=\"canonical\" href=\"https:\/\/guineediversite.com\/index.php\/2017\/09\/24\/represente-de-cedeao-guinee-recue-audience-president-parlement-guineen\/\" \/>\n<meta property=\"og:locale\" content=\"fr_FR\" \/>\n<meta property=\"og:type\" content=\"article\" \/>\n<meta property=\"og:title\" content=\"La repr\u00e9sente de la CEDEAO en Guin\u00e9e re\u00e7ue en audience par le pr\u00e9sident du Parlement guin\u00e9en.\u00a0 | Guin\u00e9e Diversit\u00e9\" \/>\n<meta property=\"og:description\" content=\"C\u2019est une visite de prise de contact qui fait suite \u00e0 la prise de service de la nouvelle ambassadrice de la CEDEAO au mois d\u2019avril dernier en Guin\u00e9e.\u00a0 Pour la diplomate, Liliane\u00a0Allapini, cette rencontre est une occasion pour elle de r\u00e9it\u00e9rer le soutien de son institution \u00e0 la Guin\u00e9e, pour l\u2019atteinte des objectifs de d\u00e9veloppement\u00a0durable\u00a0dont [&hellip;]\" \/>\n<meta property=\"og:url\" content=\"https:\/\/guineediversite.com\/index.php\/2017\/09\/24\/represente-de-cedeao-guinee-recue-audience-president-parlement-guineen\/\" \/>\n<meta property=\"og:site_name\" content=\"Guin\u00e9e Diversit\u00e9\" \/>\n<meta property=\"article:publisher\" content=\"https:\/\/www.facebook.com\/guineediversite\/\" \/>\n<meta property=\"article:published_time\" content=\"2017-09-24T15:05:15+00:00\" \/>\n<meta property=\"og:image\" content=\"https:\/\/guineediversite.com\/wp-content\/uploads\/2017\/09\/kory_kon.jpg\" \/>\n\t<meta property=\"og:image:width\" content=\"4585\" \/>\n\t<meta property=\"og:image:height\" content=\"2801\" \/>\n\t<meta property=\"og:image:type\" content=\"image\/jpeg\" \/>\n<meta name=\"author\" content=\"Lazare Bangoura\" \/>\n<meta name=\"twitter:card\" content=\"summary_large_image\" \/>\n<meta name=\"twitter:creator\" content=\"@GuineeDiversite\" \/>\n<meta name=\"twitter:site\" content=\"@GuineeDiversite\" \/>\n<meta name=\"twitter:label1\" content=\"\u00c9crit par\" \/>\n\t<meta name=\"twitter:data1\" content=\"Lazare Bangoura\" \/>\n\t<meta name=\"twitter:label2\" content=\"Dur\u00e9e de lecture estim\u00e9e\" \/>\n\t<meta name=\"twitter:data2\" content=\"1 minute\" \/>\n<script type=\"application\/ld+json\" class=\"yoast-schema-graph\">{\"@context\":\"https:\/\/schema.org\",\"@graph\":[{\"@type\":\"Article\",\"@id\":\"https:\/\/guineediversite.com\/index.php\/2017\/09\/24\/represente-de-cedeao-guinee-recue-audience-president-parlement-guineen\/#article\",\"isPartOf\":{\"@id\":\"https:\/\/guineediversite.com\/index.php\/2017\/09\/24\/represente-de-cedeao-guinee-recue-audience-president-parlement-guineen\/\"},\"author\":{\"name\":\"Lazare Bangoura\",\"@id\":\"https:\/\/guineediversite.com\/#\/schema\/person\/c915f4424a17926ee4510e6abdfdc2a5\"},\"headline\":\"La repr\u00e9sente de la CEDEAO en Guin\u00e9e re\u00e7ue en audience par le pr\u00e9sident du Parlement guin\u00e9en.\u00a0\",\"datePublished\":\"2017-09-24T15:05:15+00:00\",\"dateModified\":\"2017-09-24T15:05:15+00:00\",\"mainEntityOfPage\":{\"@id\":\"https:\/\/guineediversite.com\/index.php\/2017\/09\/24\/represente-de-cedeao-guinee-recue-audience-president-parlement-guineen\/\"},\"wordCount\":249,\"publisher\":{\"@id\":\"https:\/\/guineediversite.com\/#organization\"},\"image\":{\"@id\":\"https:\/\/guineediversite.com\/index.php\/2017\/09\/24\/represente-de-cedeao-guinee-recue-audience-president-parlement-guineen\/#primaryimage\"},\"thumbnailUrl\":\"https:\/\/guineediversite.com\/wp-content\/uploads\/2017\/09\/kory_kon.jpg\",\"articleSection\":[\"Politique\"],\"inLanguage\":\"fr-FR\"},{\"@type\":\"WebPage\",\"@id\":\"https:\/\/guineediversite.com\/index.php\/2017\/09\/24\/represente-de-cedeao-guinee-recue-audience-president-parlement-guineen\/\",\"url\":\"https:\/\/guineediversite.com\/index.php\/2017\/09\/24\/represente-de-cedeao-guinee-recue-audience-president-parlement-guineen\/\",\"name\":\"La repr\u00e9sente de la CEDEAO en Guin\u00e9e re\u00e7ue en audience par le pr\u00e9sident du Parlement guin\u00e9en.\u00a0 | Guin\u00e9e Diversit\u00e9\",\"isPartOf\":{\"@id\":\"https:\/\/guineediversite.com\/#website\"},\"primaryImageOfPage\":{\"@id\":\"https:\/\/guineediversite.com\/index.php\/2017\/09\/24\/represente-de-cedeao-guinee-recue-audience-president-parlement-guineen\/#primaryimage\"},\"image\":{\"@id\":\"https:\/\/guineediversite.com\/index.php\/2017\/09\/24\/represente-de-cedeao-guinee-recue-audience-president-parlement-guineen\/#primaryimage\"},\"thumbnailUrl\":\"https:\/\/guineediversite.com\/wp-content\/uploads\/2017\/09\/kory_kon.jpg\",\"datePublished\":\"2017-09-24T15:05:15+00:00\",\"dateModified\":\"2017-09-24T15:05:15+00:00\",\"breadcrumb\":{\"@id\":\"https:\/\/guineediversite.com\/index.php\/2017\/09\/24\/represente-de-cedeao-guinee-recue-audience-president-parlement-guineen\/#breadcrumb\"},\"inLanguage\":\"fr-FR\",\"potentialAction\":[{\"@type\":\"ReadAction\",\"target\":[\"https:\/\/guineediversite.com\/index.php\/2017\/09\/24\/represente-de-cedeao-guinee-recue-audience-president-parlement-guineen\/\"]}]},{\"@type\":\"ImageObject\",\"inLanguage\":\"fr-FR\",\"@id\":\"https:\/\/guineediversite.com\/index.php\/2017\/09\/24\/represente-de-cedeao-guinee-recue-audience-president-parlement-guineen\/#primaryimage\",\"url\":\"https:\/\/guineediversite.com\/wp-content\/uploads\/2017\/09\/kory_kon.jpg\",\"contentUrl\":\"https:\/\/guineediversite.com\/wp-content\/uploads\/2017\/09\/kory_kon.jpg\",\"width\":\"4585\",\"height\":\"2801\"},{\"@type\":\"BreadcrumbList\",\"@id\":\"https:\/\/guineediversite.com\/index.php\/2017\/09\/24\/represente-de-cedeao-guinee-recue-audience-president-parlement-guineen\/#breadcrumb\",\"itemListElement\":[{\"@type\":\"ListItem\",\"position\":1,\"name\":\"Accueil\",\"item\":\"https:\/\/guineediversite.com\/\"},{\"@type\":\"ListItem\",\"position\":2,\"name\":\"La repr\u00e9sente de la CEDEAO en Guin\u00e9e re\u00e7ue en audience par le pr\u00e9sident du Parlement guin\u00e9en.\u00a0\"}]},{\"@type\":\"WebSite\",\"@id\":\"https:\/\/guineediversite.com\/#website\",\"url\":\"https:\/\/guineediversite.com\/\",\"name\":\"Guin\u00e9e Diversit\u00e9\",\"description\":\"L&#039;Info dans toute sa diversit\u00e9\",\"publisher\":{\"@id\":\"https:\/\/guineediversite.com\/#organization\"},\"potentialAction\":[{\"@type\":\"SearchAction\",\"target\":{\"@type\":\"EntryPoint\",\"urlTemplate\":\"https:\/\/guineediversite.com\/?s={search_term_string}\"},\"query-input\":{\"@type\":\"PropertyValueSpecification\",\"valueRequired\":true,\"valueName\":\"search_term_string\"}}],\"inLanguage\":\"fr-FR\"},{\"@type\":\"Organization\",\"@id\":\"https:\/\/guineediversite.com\/#organization\",\"name\":\"Guin\u00e9e Diversit\u00e9\",\"url\":\"https:\/\/guineediversite.com\/\",\"logo\":{\"@type\":\"ImageObject\",\"inLanguage\":\"fr-FR\",\"@id\":\"https:\/\/guineediversite.com\/#\/schema\/logo\/image\/\",\"url\":\"https:\/\/guineediversite.com\/wp-content\/uploads\/2017\/04\/cropped-1jojlxEOMkX9Wyqfhe43D6kjPOGqBBKmx3EwWJqZ0cMrFF54yM49.png\",\"contentUrl\":\"https:\/\/guineediversite.com\/wp-content\/uploads\/2017\/04\/cropped-1jojlxEOMkX9Wyqfhe43D6kjPOGqBBKmx3EwWJqZ0cMrFF54yM49.png\",\"width\":186,\"height\":112,\"caption\":\"Guin\u00e9e Diversit\u00e9\"},\"image\":{\"@id\":\"https:\/\/guineediversite.com\/#\/schema\/logo\/image\/\"},\"sameAs\":[\"https:\/\/www.facebook.com\/guineediversite\/\",\"https:\/\/x.com\/GuineeDiversite\",\"https:\/\/www.youtube.com\/channel\/UC8sUY16qelG5ge6_D5SB83g\"]},{\"@type\":\"Person\",\"@id\":\"https:\/\/guineediversite.com\/#\/schema\/person\/c915f4424a17926ee4510e6abdfdc2a5\",\"name\":\"Lazare Bangoura\",\"image\":{\"@type\":\"ImageObject\",\"inLanguage\":\"fr-FR\",\"@id\":\"https:\/\/guineediversite.com\/#\/schema\/person\/image\/\",\"url\":\"https:\/\/secure.gravatar.com\/avatar\/7bab9b6edb46a08bcc394e7e418baf1e?s=96&d=mm&r=g\",\"contentUrl\":\"https:\/\/secure.gravatar.com\/avatar\/7bab9b6edb46a08bcc394e7e418baf1e?s=96&d=mm&r=g\",\"caption\":\"Lazare Bangoura\"},\"url\":\"https:\/\/guineediversite.com\/index.php\/author\/l-bangoura\/\"}]}<\/script>\n<!-- \/ Yoast SEO plugin. -->","yoast_head_json":{"title":"La repr\u00e9sente de la CEDEAO en Guin\u00e9e re\u00e7ue en audience par le pr\u00e9sident du Parlement guin\u00e9en.\u00a0 | Guin\u00e9e Diversit\u00e9","robots":{"index":"index","follow":"follow","max-snippet":"max-snippet:-1","max-image-preview":"max-image-preview:large","max-video-preview":"max-video-preview:-1"},"canonical":"https:\/\/guineediversite.com\/index.php\/2017\/09\/24\/represente-de-cedeao-guinee-recue-audience-president-parlement-guineen\/","og_locale":"fr_FR","og_type":"article","og_title":"La repr\u00e9sente de la CEDEAO en Guin\u00e9e re\u00e7ue en audience par le pr\u00e9sident du Parlement guin\u00e9en.\u00a0 | Guin\u00e9e Diversit\u00e9","og_description":"C\u2019est une visite de prise de contact qui fait suite \u00e0 la prise de service de la nouvelle ambassadrice de la CEDEAO au mois d\u2019avril dernier en Guin\u00e9e.\u00a0 Pour la diplomate, Liliane\u00a0Allapini, cette rencontre est une occasion pour elle de r\u00e9it\u00e9rer le soutien de son institution \u00e0 la Guin\u00e9e, pour l\u2019atteinte des objectifs de d\u00e9veloppement\u00a0durable\u00a0dont [&hellip;]","og_url":"https:\/\/guineediversite.com\/index.php\/2017\/09\/24\/represente-de-cedeao-guinee-recue-audience-president-parlement-guineen\/","og_site_name":"Guin\u00e9e Diversit\u00e9","article_publisher":"https:\/\/www.facebook.com\/guineediversite\/","article_published_time":"2017-09-24T15:05:15+00:00","og_image":[{"width":4585,"height":2801,"url":"https:\/\/guineediversite.com\/wp-content\/uploads\/2017\/09\/kory_kon.jpg","type":"image\/jpeg"}],"author":"Lazare Bangoura","twitter_card":"summary_large_image","twitter_creator":"@GuineeDiversite","twitter_site":"@GuineeDiversite","twitter_misc":{"\u00c9crit par":"Lazare Bangoura","Dur\u00e9e de lecture estim\u00e9e":"1 minute"},"schema":{"@context":"https:\/\/schema.org","@graph":[{"@type":"Article","@id":"https:\/\/guineediversite.com\/index.php\/2017\/09\/24\/represente-de-cedeao-guinee-recue-audience-president-parlement-guineen\/#article","isPartOf":{"@id":"https:\/\/guineediversite.com\/index.php\/2017\/09\/24\/represente-de-cedeao-guinee-recue-audience-president-parlement-guineen\/"},"author":{"name":"Lazare Bangoura","@id":"https:\/\/guineediversite.com\/#\/schema\/person\/c915f4424a17926ee4510e6abdfdc2a5"},"headline":"La repr\u00e9sente de la CEDEAO en Guin\u00e9e re\u00e7ue en audience par le pr\u00e9sident du Parlement guin\u00e9en.\u00a0","datePublished":"2017-09-24T15:05:15+00:00","dateModified":"2017-09-24T15:05:15+00:00","mainEntityOfPage":{"@id":"https:\/\/guineediversite.com\/index.php\/2017\/09\/24\/represente-de-cedeao-guinee-recue-audience-president-parlement-guineen\/"},"wordCount":249,"publisher":{"@id":"https:\/\/guineediversite.com\/#organization"},"image":{"@id":"https:\/\/guineediversite.com\/index.php\/2017\/09\/24\/represente-de-cedeao-guinee-recue-audience-president-parlement-guineen\/#primaryimage"},"thumbnailUrl":"https:\/\/guineediversite.com\/wp-content\/uploads\/2017\/09\/kory_kon.jpg","articleSection":["Politique"],"inLanguage":"fr-FR"},{"@type":"WebPage","@id":"https:\/\/guineediversite.com\/index.php\/2017\/09\/24\/represente-de-cedeao-guinee-recue-audience-president-parlement-guineen\/","url":"https:\/\/guineediversite.com\/index.php\/2017\/09\/24\/represente-de-cedeao-guinee-recue-audience-president-parlement-guineen\/","name":"La repr\u00e9sente de la CEDEAO en Guin\u00e9e re\u00e7ue en audience par le pr\u00e9sident du Parlement guin\u00e9en.\u00a0 | Guin\u00e9e Diversit\u00e9","isPartOf":{"@id":"https:\/\/guineediversite.com\/#website"},"primaryImageOfPage":{"@id":"https:\/\/guineediversite.com\/index.php\/2017\/09\/24\/represente-de-cedeao-guinee-recue-audience-president-parlement-guineen\/#primaryimage"},"image":{"@id":"https:\/\/guineediversite.com\/index.php\/2017\/09\/24\/represente-de-cedeao-guinee-recue-audience-president-parlement-guineen\/#primaryimage"},"thumbnailUrl":"https:\/\/guineediversite.com\/wp-content\/uploads\/2017\/09\/kory_kon.jpg","datePublished":"2017-09-24T15:05:15+00:00","dateModified":"2017-09-24T15:05:15+00:00","breadcrumb":{"@id":"https:\/\/guineediversite.com\/index.php\/2017\/09\/24\/represente-de-cedeao-guinee-recue-audience-president-parlement-guineen\/#breadcrumb"},"inLanguage":"fr-FR","potentialAction":[{"@type":"ReadAction","target":["https:\/\/guineediversite.com\/index.php\/2017\/09\/24\/represente-de-cedeao-guinee-recue-audience-president-parlement-guineen\/"]}]},{"@type":"ImageObject","inLanguage":"fr-FR","@id":"https:\/\/guineediversite.com\/index.php\/2017\/09\/24\/represente-de-cedeao-guinee-recue-audience-president-parlement-guineen\/#primaryimage","url":"https:\/\/guineediversite.com\/wp-content\/uploads\/2017\/09\/kory_kon.jpg","contentUrl":"https:\/\/guineediversite.com\/wp-content\/uploads\/2017\/09\/kory_kon.jpg","width":"4585","height":"2801"},{"@type":"BreadcrumbList","@id":"https:\/\/guineediversite.com\/index.php\/2017\/09\/24\/represente-de-cedeao-guinee-recue-audience-president-parlement-guineen\/#breadcrumb","itemListElement":[{"@type":"ListItem","position":1,"name":"Accueil","item":"https:\/\/guineediversite.com\/"},{"@type":"ListItem","position":2,"name":"La repr\u00e9sente de la CEDEAO en Guin\u00e9e re\u00e7ue en audience par le pr\u00e9sident du Parlement guin\u00e9en.\u00a0"}]},{"@type":"WebSite","@id":"https:\/\/guineediversite.com\/#website","url":"https:\/\/guineediversite.com\/","name":"Guin\u00e9e Diversit\u00e9","description":"L&#039;Info dans toute sa diversit\u00e9","publisher":{"@id":"https:\/\/guineediversite.com\/#organization"},"potentialAction":[{"@type":"SearchAction","target":{"@type":"EntryPoint","urlTemplate":"https:\/\/guineediversite.com\/?s={search_term_string}"},"query-input":{"@type":"PropertyValueSpecification","valueRequired":true,"valueName":"search_term_string"}}],"inLanguage":"fr-FR"},{"@type":"Organization","@id":"https:\/\/guineediversite.com\/#organization","name":"Guin\u00e9e Diversit\u00e9","url":"https:\/\/guineediversite.com\/","logo":{"@type":"ImageObject","inLanguage":"fr-FR","@id":"https:\/\/guineediversite.com\/#\/schema\/logo\/image\/","url":"https:\/\/guineediversite.com\/wp-content\/uploads\/2017\/04\/cropped-1jojlxEOMkX9Wyqfhe43D6kjPOGqBBKmx3EwWJqZ0cMrFF54yM49.png","contentUrl":"https:\/\/guineediversite.com\/wp-content\/uploads\/2017\/04\/cropped-1jojlxEOMkX9Wyqfhe43D6kjPOGqBBKmx3EwWJqZ0cMrFF54yM49.png","width":186,"height":112,"caption":"Guin\u00e9e Diversit\u00e9"},"image":{"@id":"https:\/\/guineediversite.com\/#\/schema\/logo\/image\/"},"sameAs":["https:\/\/www.facebook.com\/guineediversite\/","https:\/\/x.com\/GuineeDiversite","https:\/\/www.youtube.com\/channel\/UC8sUY16qelG5ge6_D5SB83g"]},{"@type":"Person","@id":"https:\/\/guineediversite.com\/#\/schema\/person\/c915f4424a17926ee4510e6abdfdc2a5","name":"Lazare Bangoura","image":{"@type":"ImageObject","inLanguage":"fr-FR","@id":"https:\/\/guineediversite.com\/#\/schema\/person\/image\/","url":"https:\/\/secure.gravatar.com\/avatar\/7bab9b6edb46a08bcc394e7e418baf1e?s=96&d=mm&r=g","contentUrl":"https:\/\/secure.gravatar.com\/avatar\/7bab9b6edb46a08bcc394e7e418baf1e?s=96&d=mm&r=g","caption":"Lazare Bangoura"},"url":"https:\/\/guineediversite.com\/index.php\/author\/l-bangoura\/"}]}},"_links":{"self":[{"href":"https:\/\/guineediversite.com\/index.php\/wp-json\/wp\/v2\/posts\/22061"}],"collection":[{"href":"https:\/\/guineediversite.com\/index.php\/wp-json\/wp\/v2\/posts"}],"about":[{"href":"https:\/\/guineediversite.com\/index.php\/wp-json\/wp\/v2\/types\/post"}],"author":[{"embeddable":true,"href":"https:\/\/guineediversite.com\/index.php\/wp-json\/wp\/v2\/users\/14"}],"replies":[{"embeddable":true,"href":"https:\/\/guineediversite.com\/index.php\/wp-json\/wp\/v2\/comments?post=22061"}],"version-history":[{"count":0,"href":"https:\/\/guineediversite.com\/index.php\/wp-json\/wp\/v2\/posts\/22061\/revisions"}],"wp:featuredmedia":[{"embeddable":true,"href":"https:\/\/guineediversite.com\/index.php\/wp-json\/wp\/v2\/media\/22062"}],"wp:attachment":[{"href":"https:\/\/guineediversite.com\/index.php\/wp-json\/wp\/v2\/media?parent=22061"}],"wp:term":[{"taxonomy":"category","embeddable":true,"href":"https:\/\/guineediversite.com\/index.php\/wp-json\/wp\/v2\/categories?post=22061"},{"taxonomy":"post_tag","embeddable":true,"href":"https:\/\/guineediversite.com\/index.php\/wp-json\/wp\/v2\/tags?post=22061"}],"curies":[{"name":"wp","href":"https:\/\/api.w.org\/{rel}","templated":true}]}}