{"id":22058,"date":"2017-09-24T10:18:38","date_gmt":"2017-09-24T08:18:38","guid":{"rendered":"https:\/\/guineediversite.com\/?p=22058"},"modified":"2017-09-26T21:48:25","modified_gmt":"2017-09-26T19:48:25","slug":"acteurs-de-societe-civile-a-lecole-maris","status":"publish","type":"post","link":"https:\/\/guineediversite.com\/index.php\/2017\/09\/24\/acteurs-de-societe-civile-a-lecole-maris\/","title":{"rendered":"Des acteurs de la soci\u00e9t\u00e9 civile \u00e0 l\u2019\u00e9cole des maris"},"content":{"rendered":"<p><strong><span id=\"p251\">Le minist\u00e8re de l&rsquo;Action sociale, de la promotion f\u00e9minine et de l\u2019enfance a organis\u00e9 cette semaine un atelier technique d&rsquo;orientation des structures d&rsquo;encadrement et de mise en \u0153uvre de la strat\u00e9gie de l&rsquo;\u00e9cole des maris.<\/span><\/strong><span id=\"p173\"><strong>\u00a0L&rsquo;atelier s\u2019est\u00a0d\u00e9roul\u00e9 dans\u00a0la salle des actes du Palais du peuple avec\u00a0une participation\u00a0massive des ONG et autres activistes de la soci\u00e9t\u00e9 civile, sur un appui financier\u00a0de l&rsquo;<span id=\"199\" class=\"s-rg-t\">UNFPA<\/span>.<\/strong><br \/>\n<\/span><br \/>\n<span id=\"p252\">L&rsquo;\u00e9cole des maris est un nouveau concept qui a \u00e9t\u00e9 exp\u00e9riment\u00e9 dans quatre pays de la sous-r\u00e9gion Ouest africaine.<\/span><span id=\"p175\">\u00a0Sa r\u00e9ussite au Niger est un exemple \u00e9loquent cit\u00e9 par les autorit\u00e9s du d\u00e9partement de la promotion f\u00e9minine et de l&rsquo;enfance.<\/span><span id=\"p176\"><br \/>\n<\/span><br \/>\n<span id=\"p177\">Pour Madame\u00a0<span id=\"209\" class=\"s-rg-t\">Ciss\u00e9<\/span>\u00a0<span id=\"210\" class=\"s-rg-t\">Mouss\u00e8<\/span>\u00a0<span id=\"211\" class=\"s-rg-t\">Bangoura<\/span>, point focal de ce projet au minist\u00e8re de tutelle, l\u2019objectif de cette rencontre est d\u2019orienter et de former le personnel d\u2019encadrement, proc\u00e9der \u00e0 la mise en \u0153uvre de l\u2019\u00e9cole des maris, \u00e9laborer une feuille de route pour la suite du processus, mais aussi formuler des recommandations pour des prochaines \u00e9tapes.<br \/>\n<\/span><br \/>\n<span id=\"p253\">Dans le concept de l\u2019\u00e9cole des maris, il s\u2019agit \u00e9galement d\u2019impliquer les hommes et les communaut\u00e9s \u00e0 la base dans la r\u00e9solution des probl\u00e8mes auxquels sont confront\u00e9es les femmes.<\/span><span id=\"p256\">\u00a0Parmi les probl\u00e8mes cit\u00e9s au cours de cette rencontre, existe entre autres :<\/span><span id=\"p180\">\u00a0la mortalit\u00e9 maternelle et infantile et tout ce qui concerne les violences faites aux femmes.<br \/>\n<\/span><br \/>\n<span id=\"p181\">Le repr\u00e9sentant\u00a0r\u00e9sident de\u00a0l&rsquo;<span id=\"214\" class=\"s-rg-t\">UNFPA<\/span>\u00a0en Guin\u00e9e, Cheick\u00a0<span id=\"215\" class=\"s-rg-t\">Fall<\/span>\u00a0est revenu en d\u00e9tail sur la signification de l\u2019\u00e9cole des maris qui, selon lui, est un espace de r\u00e9flexion et de d\u00e9cisions pour des maris\u00a0d\u00e9sirant d\u2019entra\u00eener\u00a0d\u2019autres maris \u00e0 favoriser la demande et l\u2019utilisation des services de sant\u00e9 par les femmes.<\/span><br \/>\n<span id=\"p257\">La ministre de l&rsquo;Action sociale qui a donn\u00e9 le coup d&rsquo;envoi des travaux de cet atelier s&rsquo;est r\u00e9joui de la mobilisation des diff\u00e9rentes structures sociales impliqu\u00e9es dans la promotion de l&rsquo;\u00e9cole des maris.<\/span><span id=\"p183\">\u00a0Une activit\u00e9 qui est inscrite dans la lettre de mission du dit minist\u00e8re.<\/span><span id=\"p184\">\u00a0<\/span><br \/>\n<span id=\"p258\">Dans son discours de circonstance, Mariame Sylla a indiqu\u00e9 que l\u2019\u00e9cole des maris tourne d\u2019une probl\u00e9matique \u00e0 laquelle son minist\u00e8re accorde une importance primordiale.<\/span><span id=\"p261\">\u00a0Par ailleurs, ils seront \u00e9valu\u00e9s suite \u00e0 l\u2019ex\u00e9cution de ce projet sur le terrain.<\/span><br \/>\n<span id=\"p187\">L&rsquo;\u00e9cole des maris\u00a0n&rsquo;existe pour\u00a0le\u00a0moment que\u00a0dans deux sous-pr\u00e9fectures de la Guin\u00e9e,\u00a0<span id=\"227\" class=\"s-rg-t\">Sougu\u00e9ta<\/span>\u00a0\u00e0 Kindia\u00a0et\u00a0<span id=\"228\" class=\"s-rg-t\">Fall\u00e9ssad\u00e9<\/span>\u00a0\u00e0\u00a0<span id=\"229\" class=\"s-rg-t\">Dubr\u00e9ka<\/span>.<\/span><span id=\"p188\">\u00a0Des localit\u00e9s\u00a0ou\u00a0<span id=\"238\" class=\"s-bl-t\">des ONG<\/span>\u00a0et des personnes\u00a0ressources fournissent\u00a0d\u2019ores est d\u00e9j\u00e0 de gros efforts pour\u00a0sensibiliser les\u00a0communaut\u00e9s respectives \u00e0 prendre en compte les droits des femmes.<\/span><br \/>\n<span id=\"p262\">Apr\u00e8s deux jours d\u2019intenses travaux, les participants \u00e0 cet atelier ont avou\u00e9 avoir approfondi leurs connaissances dans les diff\u00e9rents modules enseign\u00e9s autour du concept de l\u2019\u00e9cole des maris.<br \/>\n<\/span><br \/>\n<span id=\"p190\">Ils ont \u00e9galement t\u00e9moign\u00e9 qu\u2019avec cette approche, de nombreuses pratiques perp\u00e9tr\u00e9es dans les temps contre les femmes commencent \u00e0 cesser dans ces localit\u00e9s ou est exp\u00e9riment\u00e9e l\u2019\u00e9cole des maris.<\/span><br \/>\n<span id=\"p263\">Une des participantes qui a \u00e9t\u00e9 interrog\u00e9e a confi\u00e9 qu\u2019il serait important que les hommes accompagnent leurs femmes \u00e0 l\u2019h\u00f4pital pour donner \u00e0 celles-ci la joie de vivre.<\/span><span id=\"p192\">\u00a0Elle a ajout\u00e9 en outre que les femmes qui accouchaient \u00e0 domicile ont d\u00e9sormais arr\u00eat\u00e9 de le faire depuis que l\u2019\u00e9cole des maris existe dans leurs localit\u00e9s.<br \/>\n<\/span><br \/>\n<span id=\"p193\">Venus de l&rsquo;int\u00e9rieur du pays, les participants qui doivent aller le plus souvent \u00e0 la\u00a0\u00a0campagne pour des s\u00e9ances de sensibilisation et d&rsquo;information ont exprim\u00e9 les difficult\u00e9s qu&rsquo;ils rencontrent sur le terrain.<\/span><span id=\"p264\">\u00a0Ils ont formul\u00e9 des recommandations aux autorit\u00e9s de tutelles et aux partenaires techniques en vue de l&rsquo;am\u00e9lioration de leurs conditions de travail pour un r\u00e9sultat probant.<\/span><\/p>\n","protected":false},"excerpt":{"rendered":"<p>Le minist\u00e8re de l&rsquo;Action sociale, de la promotion f\u00e9minine et de l\u2019enfance a organis\u00e9 cette semaine un atelier technique d&rsquo;orientation des structures d&rsquo;encadrement et de mise en \u0153uvre de la strat\u00e9gie de l&rsquo;\u00e9cole des maris.\u00a0L&rsquo;atelier s\u2019est\u00a0d\u00e9roul\u00e9 dans\u00a0la salle des actes du Palais du peuple avec\u00a0une participation\u00a0massive des ONG et autres activistes de la soci\u00e9t\u00e9 civile, [&hellip;]<\/p>\n","protected":false},"author":9,"featured_media":22059,"comment_status":"closed","ping_status":"closed","sticky":false,"template":"","format":"standard","meta":{"_exactmetrics_skip_tracking":false,"_exactmetrics_sitenote_active":false,"_exactmetrics_sitenote_note":"","_exactmetrics_sitenote_category":0,"tdm_status":"","tdm_grid_status":"","footnotes":""},"categories":[16],"tags":[],"class_list":{"0":"post-22058","1":"post","2":"type-post","3":"status-publish","4":"format-standard","5":"has-post-thumbnail","7":"category-societe"},"yoast_head":"<!-- This site is optimized with the Yoast SEO plugin v24.2 - https:\/\/yoast.com\/wordpress\/plugins\/seo\/ -->\n<title>Des acteurs de la soci\u00e9t\u00e9 civile \u00e0 l\u2019\u00e9cole des maris | Guin\u00e9e Diversit\u00e9<\/title>\n<meta name=\"robots\" content=\"index, follow, max-snippet:-1, max-image-preview:large, max-video-preview:-1\" \/>\n<link rel=\"canonical\" href=\"https:\/\/guineediversite.com\/index.php\/2017\/09\/24\/acteurs-de-societe-civile-a-lecole-maris\/\" \/>\n<meta property=\"og:locale\" content=\"fr_FR\" \/>\n<meta property=\"og:type\" content=\"article\" \/>\n<meta property=\"og:title\" content=\"Des acteurs de la soci\u00e9t\u00e9 civile \u00e0 l\u2019\u00e9cole des maris | Guin\u00e9e Diversit\u00e9\" \/>\n<meta property=\"og:description\" content=\"Le minist\u00e8re de l&rsquo;Action sociale, de la promotion f\u00e9minine et de l\u2019enfance a organis\u00e9 cette semaine un atelier technique d&rsquo;orientation des structures d&rsquo;encadrement et de mise en \u0153uvre de la strat\u00e9gie de l&rsquo;\u00e9cole des maris.\u00a0L&rsquo;atelier s\u2019est\u00a0d\u00e9roul\u00e9 dans\u00a0la salle des actes du Palais du peuple avec\u00a0une participation\u00a0massive des ONG et autres activistes de la soci\u00e9t\u00e9 civile, [&hellip;]\" \/>\n<meta property=\"og:url\" content=\"https:\/\/guineediversite.com\/index.php\/2017\/09\/24\/acteurs-de-societe-civile-a-lecole-maris\/\" \/>\n<meta property=\"og:site_name\" content=\"Guin\u00e9e Diversit\u00e9\" \/>\n<meta property=\"article:publisher\" content=\"https:\/\/www.facebook.com\/guineediversite\/\" \/>\n<meta property=\"article:published_time\" content=\"2017-09-24T08:18:38+00:00\" \/>\n<meta property=\"article:modified_time\" content=\"2017-09-26T19:48:25+00:00\" \/>\n<meta property=\"og:image\" content=\"https:\/\/guineediversite.com\/wp-content\/uploads\/2017\/09\/4904196_6_fd35_dans-un-hopital-de-guinee-en-2016_5819a719490bf14e12942e58d09a1359.jpg\" \/>\n\t<meta property=\"og:image:width\" content=\"1536\" \/>\n\t<meta property=\"og:image:height\" content=\"1024\" \/>\n\t<meta property=\"og:image:type\" content=\"image\/jpeg\" \/>\n<meta name=\"author\" content=\"Mohamed Soumah\" \/>\n<meta name=\"twitter:card\" content=\"summary_large_image\" \/>\n<meta name=\"twitter:creator\" content=\"@GuineeDiversite\" \/>\n<meta name=\"twitter:site\" content=\"@GuineeDiversite\" \/>\n<meta name=\"twitter:label1\" content=\"\u00c9crit par\" \/>\n\t<meta name=\"twitter:data1\" content=\"Mohamed Soumah\" \/>\n\t<meta name=\"twitter:label2\" content=\"Dur\u00e9e de lecture estim\u00e9e\" \/>\n\t<meta name=\"twitter:data2\" content=\"3 minutes\" \/>\n<script type=\"application\/ld+json\" class=\"yoast-schema-graph\">{\"@context\":\"https:\/\/schema.org\",\"@graph\":[{\"@type\":\"Article\",\"@id\":\"https:\/\/guineediversite.com\/index.php\/2017\/09\/24\/acteurs-de-societe-civile-a-lecole-maris\/#article\",\"isPartOf\":{\"@id\":\"https:\/\/guineediversite.com\/index.php\/2017\/09\/24\/acteurs-de-societe-civile-a-lecole-maris\/\"},\"author\":{\"name\":\"Mohamed Soumah\",\"@id\":\"https:\/\/guineediversite.com\/#\/schema\/person\/6fd709a160384bf74b931ededf0856f3\"},\"headline\":\"Des acteurs de la soci\u00e9t\u00e9 civile \u00e0 l\u2019\u00e9cole des maris\",\"datePublished\":\"2017-09-24T08:18:38+00:00\",\"dateModified\":\"2017-09-26T19:48:25+00:00\",\"mainEntityOfPage\":{\"@id\":\"https:\/\/guineediversite.com\/index.php\/2017\/09\/24\/acteurs-de-societe-civile-a-lecole-maris\/\"},\"wordCount\":675,\"publisher\":{\"@id\":\"https:\/\/guineediversite.com\/#organization\"},\"image\":{\"@id\":\"https:\/\/guineediversite.com\/index.php\/2017\/09\/24\/acteurs-de-societe-civile-a-lecole-maris\/#primaryimage\"},\"thumbnailUrl\":\"https:\/\/guineediversite.com\/wp-content\/uploads\/2017\/09\/4904196_6_fd35_dans-un-hopital-de-guinee-en-2016_5819a719490bf14e12942e58d09a1359.jpg\",\"articleSection\":[\"Soci\u00e9t\u00e9\"],\"inLanguage\":\"fr-FR\"},{\"@type\":\"WebPage\",\"@id\":\"https:\/\/guineediversite.com\/index.php\/2017\/09\/24\/acteurs-de-societe-civile-a-lecole-maris\/\",\"url\":\"https:\/\/guineediversite.com\/index.php\/2017\/09\/24\/acteurs-de-societe-civile-a-lecole-maris\/\",\"name\":\"Des acteurs de la soci\u00e9t\u00e9 civile \u00e0 l\u2019\u00e9cole des maris | Guin\u00e9e Diversit\u00e9\",\"isPartOf\":{\"@id\":\"https:\/\/guineediversite.com\/#website\"},\"primaryImageOfPage\":{\"@id\":\"https:\/\/guineediversite.com\/index.php\/2017\/09\/24\/acteurs-de-societe-civile-a-lecole-maris\/#primaryimage\"},\"image\":{\"@id\":\"https:\/\/guineediversite.com\/index.php\/2017\/09\/24\/acteurs-de-societe-civile-a-lecole-maris\/#primaryimage\"},\"thumbnailUrl\":\"https:\/\/guineediversite.com\/wp-content\/uploads\/2017\/09\/4904196_6_fd35_dans-un-hopital-de-guinee-en-2016_5819a719490bf14e12942e58d09a1359.jpg\",\"datePublished\":\"2017-09-24T08:18:38+00:00\",\"dateModified\":\"2017-09-26T19:48:25+00:00\",\"breadcrumb\":{\"@id\":\"https:\/\/guineediversite.com\/index.php\/2017\/09\/24\/acteurs-de-societe-civile-a-lecole-maris\/#breadcrumb\"},\"inLanguage\":\"fr-FR\",\"potentialAction\":[{\"@type\":\"ReadAction\",\"target\":[\"https:\/\/guineediversite.com\/index.php\/2017\/09\/24\/acteurs-de-societe-civile-a-lecole-maris\/\"]}]},{\"@type\":\"ImageObject\",\"inLanguage\":\"fr-FR\",\"@id\":\"https:\/\/guineediversite.com\/index.php\/2017\/09\/24\/acteurs-de-societe-civile-a-lecole-maris\/#primaryimage\",\"url\":\"https:\/\/guineediversite.com\/wp-content\/uploads\/2017\/09\/4904196_6_fd35_dans-un-hopital-de-guinee-en-2016_5819a719490bf14e12942e58d09a1359.jpg\",\"contentUrl\":\"https:\/\/guineediversite.com\/wp-content\/uploads\/2017\/09\/4904196_6_fd35_dans-un-hopital-de-guinee-en-2016_5819a719490bf14e12942e58d09a1359.jpg\",\"width\":\"1536\",\"height\":\"1024\"},{\"@type\":\"BreadcrumbList\",\"@id\":\"https:\/\/guineediversite.com\/index.php\/2017\/09\/24\/acteurs-de-societe-civile-a-lecole-maris\/#breadcrumb\",\"itemListElement\":[{\"@type\":\"ListItem\",\"position\":1,\"name\":\"Accueil\",\"item\":\"https:\/\/guineediversite.com\/\"},{\"@type\":\"ListItem\",\"position\":2,\"name\":\"Des acteurs de la soci\u00e9t\u00e9 civile \u00e0 l\u2019\u00e9cole des maris\"}]},{\"@type\":\"WebSite\",\"@id\":\"https:\/\/guineediversite.com\/#website\",\"url\":\"https:\/\/guineediversite.com\/\",\"name\":\"Guin\u00e9e Diversit\u00e9\",\"description\":\"L&#039;Info dans toute sa diversit\u00e9\",\"publisher\":{\"@id\":\"https:\/\/guineediversite.com\/#organization\"},\"potentialAction\":[{\"@type\":\"SearchAction\",\"target\":{\"@type\":\"EntryPoint\",\"urlTemplate\":\"https:\/\/guineediversite.com\/?s={search_term_string}\"},\"query-input\":{\"@type\":\"PropertyValueSpecification\",\"valueRequired\":true,\"valueName\":\"search_term_string\"}}],\"inLanguage\":\"fr-FR\"},{\"@type\":\"Organization\",\"@id\":\"https:\/\/guineediversite.com\/#organization\",\"name\":\"Guin\u00e9e Diversit\u00e9\",\"url\":\"https:\/\/guineediversite.com\/\",\"logo\":{\"@type\":\"ImageObject\",\"inLanguage\":\"fr-FR\",\"@id\":\"https:\/\/guineediversite.com\/#\/schema\/logo\/image\/\",\"url\":\"https:\/\/guineediversite.com\/wp-content\/uploads\/2017\/04\/cropped-1jojlxEOMkX9Wyqfhe43D6kjPOGqBBKmx3EwWJqZ0cMrFF54yM49.png\",\"contentUrl\":\"https:\/\/guineediversite.com\/wp-content\/uploads\/2017\/04\/cropped-1jojlxEOMkX9Wyqfhe43D6kjPOGqBBKmx3EwWJqZ0cMrFF54yM49.png\",\"width\":186,\"height\":112,\"caption\":\"Guin\u00e9e Diversit\u00e9\"},\"image\":{\"@id\":\"https:\/\/guineediversite.com\/#\/schema\/logo\/image\/\"},\"sameAs\":[\"https:\/\/www.facebook.com\/guineediversite\/\",\"https:\/\/x.com\/GuineeDiversite\",\"https:\/\/www.youtube.com\/channel\/UC8sUY16qelG5ge6_D5SB83g\"]},{\"@type\":\"Person\",\"@id\":\"https:\/\/guineediversite.com\/#\/schema\/person\/6fd709a160384bf74b931ededf0856f3\",\"name\":\"Mohamed Soumah\",\"image\":{\"@type\":\"ImageObject\",\"inLanguage\":\"fr-FR\",\"@id\":\"https:\/\/guineediversite.com\/#\/schema\/person\/image\/\",\"url\":\"https:\/\/secure.gravatar.com\/avatar\/4c1e00b5ab2c2b85b5c9be70590b9f67?s=96&d=mm&r=g\",\"contentUrl\":\"https:\/\/secure.gravatar.com\/avatar\/4c1e00b5ab2c2b85b5c9be70590b9f67?s=96&d=mm&r=g\",\"caption\":\"Mohamed Soumah\"},\"url\":\"https:\/\/guineediversite.com\/index.php\/author\/mohamed\/\"}]}<\/script>\n<!-- \/ Yoast SEO plugin. -->","yoast_head_json":{"title":"Des acteurs de la soci\u00e9t\u00e9 civile \u00e0 l\u2019\u00e9cole des maris | Guin\u00e9e Diversit\u00e9","robots":{"index":"index","follow":"follow","max-snippet":"max-snippet:-1","max-image-preview":"max-image-preview:large","max-video-preview":"max-video-preview:-1"},"canonical":"https:\/\/guineediversite.com\/index.php\/2017\/09\/24\/acteurs-de-societe-civile-a-lecole-maris\/","og_locale":"fr_FR","og_type":"article","og_title":"Des acteurs de la soci\u00e9t\u00e9 civile \u00e0 l\u2019\u00e9cole des maris | Guin\u00e9e Diversit\u00e9","og_description":"Le minist\u00e8re de l&rsquo;Action sociale, de la promotion f\u00e9minine et de l\u2019enfance a organis\u00e9 cette semaine un atelier technique d&rsquo;orientation des structures d&rsquo;encadrement et de mise en \u0153uvre de la strat\u00e9gie de l&rsquo;\u00e9cole des maris.\u00a0L&rsquo;atelier s\u2019est\u00a0d\u00e9roul\u00e9 dans\u00a0la salle des actes du Palais du peuple avec\u00a0une participation\u00a0massive des ONG et autres activistes de la soci\u00e9t\u00e9 civile, [&hellip;]","og_url":"https:\/\/guineediversite.com\/index.php\/2017\/09\/24\/acteurs-de-societe-civile-a-lecole-maris\/","og_site_name":"Guin\u00e9e Diversit\u00e9","article_publisher":"https:\/\/www.facebook.com\/guineediversite\/","article_published_time":"2017-09-24T08:18:38+00:00","article_modified_time":"2017-09-26T19:48:25+00:00","og_image":[{"width":1536,"height":1024,"url":"https:\/\/guineediversite.com\/wp-content\/uploads\/2017\/09\/4904196_6_fd35_dans-un-hopital-de-guinee-en-2016_5819a719490bf14e12942e58d09a1359.jpg","type":"image\/jpeg"}],"author":"Mohamed Soumah","twitter_card":"summary_large_image","twitter_creator":"@GuineeDiversite","twitter_site":"@GuineeDiversite","twitter_misc":{"\u00c9crit par":"Mohamed Soumah","Dur\u00e9e de lecture estim\u00e9e":"3 minutes"},"schema":{"@context":"https:\/\/schema.org","@graph":[{"@type":"Article","@id":"https:\/\/guineediversite.com\/index.php\/2017\/09\/24\/acteurs-de-societe-civile-a-lecole-maris\/#article","isPartOf":{"@id":"https:\/\/guineediversite.com\/index.php\/2017\/09\/24\/acteurs-de-societe-civile-a-lecole-maris\/"},"author":{"name":"Mohamed Soumah","@id":"https:\/\/guineediversite.com\/#\/schema\/person\/6fd709a160384bf74b931ededf0856f3"},"headline":"Des acteurs de la soci\u00e9t\u00e9 civile \u00e0 l\u2019\u00e9cole des maris","datePublished":"2017-09-24T08:18:38+00:00","dateModified":"2017-09-26T19:48:25+00:00","mainEntityOfPage":{"@id":"https:\/\/guineediversite.com\/index.php\/2017\/09\/24\/acteurs-de-societe-civile-a-lecole-maris\/"},"wordCount":675,"publisher":{"@id":"https:\/\/guineediversite.com\/#organization"},"image":{"@id":"https:\/\/guineediversite.com\/index.php\/2017\/09\/24\/acteurs-de-societe-civile-a-lecole-maris\/#primaryimage"},"thumbnailUrl":"https:\/\/guineediversite.com\/wp-content\/uploads\/2017\/09\/4904196_6_fd35_dans-un-hopital-de-guinee-en-2016_5819a719490bf14e12942e58d09a1359.jpg","articleSection":["Soci\u00e9t\u00e9"],"inLanguage":"fr-FR"},{"@type":"WebPage","@id":"https:\/\/guineediversite.com\/index.php\/2017\/09\/24\/acteurs-de-societe-civile-a-lecole-maris\/","url":"https:\/\/guineediversite.com\/index.php\/2017\/09\/24\/acteurs-de-societe-civile-a-lecole-maris\/","name":"Des acteurs de la soci\u00e9t\u00e9 civile \u00e0 l\u2019\u00e9cole des maris | Guin\u00e9e Diversit\u00e9","isPartOf":{"@id":"https:\/\/guineediversite.com\/#website"},"primaryImageOfPage":{"@id":"https:\/\/guineediversite.com\/index.php\/2017\/09\/24\/acteurs-de-societe-civile-a-lecole-maris\/#primaryimage"},"image":{"@id":"https:\/\/guineediversite.com\/index.php\/2017\/09\/24\/acteurs-de-societe-civile-a-lecole-maris\/#primaryimage"},"thumbnailUrl":"https:\/\/guineediversite.com\/wp-content\/uploads\/2017\/09\/4904196_6_fd35_dans-un-hopital-de-guinee-en-2016_5819a719490bf14e12942e58d09a1359.jpg","datePublished":"2017-09-24T08:18:38+00:00","dateModified":"2017-09-26T19:48:25+00:00","breadcrumb":{"@id":"https:\/\/guineediversite.com\/index.php\/2017\/09\/24\/acteurs-de-societe-civile-a-lecole-maris\/#breadcrumb"},"inLanguage":"fr-FR","potentialAction":[{"@type":"ReadAction","target":["https:\/\/guineediversite.com\/index.php\/2017\/09\/24\/acteurs-de-societe-civile-a-lecole-maris\/"]}]},{"@type":"ImageObject","inLanguage":"fr-FR","@id":"https:\/\/guineediversite.com\/index.php\/2017\/09\/24\/acteurs-de-societe-civile-a-lecole-maris\/#primaryimage","url":"https:\/\/guineediversite.com\/wp-content\/uploads\/2017\/09\/4904196_6_fd35_dans-un-hopital-de-guinee-en-2016_5819a719490bf14e12942e58d09a1359.jpg","contentUrl":"https:\/\/guineediversite.com\/wp-content\/uploads\/2017\/09\/4904196_6_fd35_dans-un-hopital-de-guinee-en-2016_5819a719490bf14e12942e58d09a1359.jpg","width":"1536","height":"1024"},{"@type":"BreadcrumbList","@id":"https:\/\/guineediversite.com\/index.php\/2017\/09\/24\/acteurs-de-societe-civile-a-lecole-maris\/#breadcrumb","itemListElement":[{"@type":"ListItem","position":1,"name":"Accueil","item":"https:\/\/guineediversite.com\/"},{"@type":"ListItem","position":2,"name":"Des acteurs de la soci\u00e9t\u00e9 civile \u00e0 l\u2019\u00e9cole des maris"}]},{"@type":"WebSite","@id":"https:\/\/guineediversite.com\/#website","url":"https:\/\/guineediversite.com\/","name":"Guin\u00e9e Diversit\u00e9","description":"L&#039;Info dans toute sa diversit\u00e9","publisher":{"@id":"https:\/\/guineediversite.com\/#organization"},"potentialAction":[{"@type":"SearchAction","target":{"@type":"EntryPoint","urlTemplate":"https:\/\/guineediversite.com\/?s={search_term_string}"},"query-input":{"@type":"PropertyValueSpecification","valueRequired":true,"valueName":"search_term_string"}}],"inLanguage":"fr-FR"},{"@type":"Organization","@id":"https:\/\/guineediversite.com\/#organization","name":"Guin\u00e9e Diversit\u00e9","url":"https:\/\/guineediversite.com\/","logo":{"@type":"ImageObject","inLanguage":"fr-FR","@id":"https:\/\/guineediversite.com\/#\/schema\/logo\/image\/","url":"https:\/\/guineediversite.com\/wp-content\/uploads\/2017\/04\/cropped-1jojlxEOMkX9Wyqfhe43D6kjPOGqBBKmx3EwWJqZ0cMrFF54yM49.png","contentUrl":"https:\/\/guineediversite.com\/wp-content\/uploads\/2017\/04\/cropped-1jojlxEOMkX9Wyqfhe43D6kjPOGqBBKmx3EwWJqZ0cMrFF54yM49.png","width":186,"height":112,"caption":"Guin\u00e9e Diversit\u00e9"},"image":{"@id":"https:\/\/guineediversite.com\/#\/schema\/logo\/image\/"},"sameAs":["https:\/\/www.facebook.com\/guineediversite\/","https:\/\/x.com\/GuineeDiversite","https:\/\/www.youtube.com\/channel\/UC8sUY16qelG5ge6_D5SB83g"]},{"@type":"Person","@id":"https:\/\/guineediversite.com\/#\/schema\/person\/6fd709a160384bf74b931ededf0856f3","name":"Mohamed Soumah","image":{"@type":"ImageObject","inLanguage":"fr-FR","@id":"https:\/\/guineediversite.com\/#\/schema\/person\/image\/","url":"https:\/\/secure.gravatar.com\/avatar\/4c1e00b5ab2c2b85b5c9be70590b9f67?s=96&d=mm&r=g","contentUrl":"https:\/\/secure.gravatar.com\/avatar\/4c1e00b5ab2c2b85b5c9be70590b9f67?s=96&d=mm&r=g","caption":"Mohamed Soumah"},"url":"https:\/\/guineediversite.com\/index.php\/author\/mohamed\/"}]}},"_links":{"self":[{"href":"https:\/\/guineediversite.com\/index.php\/wp-json\/wp\/v2\/posts\/22058"}],"collection":[{"href":"https:\/\/guineediversite.com\/index.php\/wp-json\/wp\/v2\/posts"}],"about":[{"href":"https:\/\/guineediversite.com\/index.php\/wp-json\/wp\/v2\/types\/post"}],"author":[{"embeddable":true,"href":"https:\/\/guineediversite.com\/index.php\/wp-json\/wp\/v2\/users\/9"}],"replies":[{"embeddable":true,"href":"https:\/\/guineediversite.com\/index.php\/wp-json\/wp\/v2\/comments?post=22058"}],"version-history":[{"count":0,"href":"https:\/\/guineediversite.com\/index.php\/wp-json\/wp\/v2\/posts\/22058\/revisions"}],"wp:featuredmedia":[{"embeddable":true,"href":"https:\/\/guineediversite.com\/index.php\/wp-json\/wp\/v2\/media\/22059"}],"wp:attachment":[{"href":"https:\/\/guineediversite.com\/index.php\/wp-json\/wp\/v2\/media?parent=22058"}],"wp:term":[{"taxonomy":"category","embeddable":true,"href":"https:\/\/guineediversite.com\/index.php\/wp-json\/wp\/v2\/categories?post=22058"},{"taxonomy":"post_tag","embeddable":true,"href":"https:\/\/guineediversite.com\/index.php\/wp-json\/wp\/v2\/tags?post=22058"}],"curies":[{"name":"wp","href":"https:\/\/api.w.org\/{rel}","templated":true}]}}