{"id":22055,"date":"2017-09-23T22:53:56","date_gmt":"2017-09-23T20:53:56","guid":{"rendered":"https:\/\/guineediversite.com\/?p=22055"},"modified":"2017-09-23T22:53:56","modified_gmt":"2017-09-23T20:53:56","slug":"abraham-singer-parle-de-nouvel-album-god-is-gread","status":"publish","type":"post","link":"https:\/\/guineediversite.com\/index.php\/2017\/09\/23\/abraham-singer-parle-de-nouvel-album-god-is-gread\/","title":{"rendered":"Abraham Singer parle de son nouvel album \u00ab\u00a0God\u00a0is\u00a0Gread\u00a0\u00bb"},"content":{"rendered":"<p><strong><span id=\"p111\">Dans la soir\u00e9e du vendredi 22 septembre \u00e0 Conakry, l&rsquo;artiste reggae man Abraham Singer en compagnie de son producteur a tenu une conf\u00e9rence de presse pour pr\u00e9senter son nouvel album\u00a0<span id=\"129\" class=\"s-rg-t\">\u00a0\u00bbGod<\/span>\u00a0<span id=\"130\" class=\"s-rg-t\">is<\/span>\u00a0<span id=\"131\" class=\"s-rg-t\">Gread\u00a0\u00bb<\/span>, dont la sortie est pr\u00e9vue ce dimanche 24 septembre au Palais du peuple.<br \/>\n<\/span><\/strong><br \/>\n<span id=\"p112\">Devant les hommes de la presse, le directeur g\u00e9n\u00e9ral du label\u00a0<span id=\"132\" class=\"s-rg-t\">Echelon<\/span>\u00a0<span id=\"133\" class=\"s-rg-t\">Prod<\/span>,\u00a0<span id=\"134\" class=\"s-rg-t\">Algassim<\/span>\u00a0Bah\u00a0<span id=\"135\" class=\"s-rg-t\">\u00a0\u00bbAsty\u00a0\u00bb<\/span>\u00a0a fait\u00a0savoir que\u00a0cet album est r\u00e9alis\u00e9 entre la Guin\u00e9e et le S\u00e9n\u00e9gal de 2013 \u00e0 2017.<\/span><span id=\"p113\">\u00a0Il m\u00e9rite, selon lui, d&rsquo;\u00eatre \u00e9cout\u00e9 en dehors de nos fronti\u00e8res.<\/span><span id=\"p114\">\u00a0Car dit-il, Abraham Singer est une fiert\u00e9 nationale, voir internationale.<br \/>\n<\/span><br \/>\n<span id=\"p115\">Quant \u00e0 Abraham Singer, il a donn\u00e9 les d\u00e9tails sur cet album qui rend gloire \u00e0 Dieu, raison pour laquelle il l&rsquo;a baptis\u00e9\u00a0<span id=\"138\" class=\"s-rg-t\">\u00a0\u00bbGod<\/span>\u00a0<span id=\"139\" class=\"s-rg-t\">is<\/span>\u00a0<span id=\"140\" class=\"s-rg-t\">Gread\u00a0\u00bb<\/span>\u00a0ou\u00a0<span id=\"141\" class=\"s-rg-t\">\u00a0\u00bb<em>Dieu<\/em><\/span><em>\u00a0est\u00a0<\/em><span id=\"142\" class=\"s-rg-t\"><em>grand&rsquo;<\/em>&lsquo;<\/span>\u00a0en fran\u00e7ais.<br \/>\n<\/span><br \/>\n<span id=\"p116\">Dans cet opus de 12 titres, on peut retrouver des morceaux comme :<\/span><span id=\"p117\">\u00a0Go\u00a0<span id=\"143\">is<\/span>\u00a0<span id=\"144\">Gread<\/span>,\u00a0<span id=\"145\">Wo<\/span>\u00a0<span id=\"146\">D\u00e8balan<\/span>, l&rsquo;Exode,\u00a0<span id=\"147\">New<\/span>\u00a0<span id=\"148\">Generation<\/span>,\u00a0<span id=\"149\">Good<\/span>\u00a0<span id=\"150\">time<\/span>\u00a0et autres th\u00e8mes qui conscientisent et qui d\u00e9noncent la souffrance du bas peuple.<\/span><br \/>\n<span id=\"p118\"><\/span><br \/>\n<span id=\"p119\">\u00c0\u00a0souligner qu&rsquo;aucun\u00a0<span id=\"152\" class=\"s-rg-t\">featuring<\/span>\u00a0ne figure sur\u00a0<span id=\"153\" class=\"s-rg-t\">\u00a0\u00bbGod<\/span>\u00a0<span id=\"154\" class=\"s-rg-t\">is<\/span>\u00a0<span id=\"155\" class=\"s-rg-t\">Gread\u00a0\u00bb<\/span>, parce que :<\/span><span id=\"p120\">\u00a0\u00ab\u00a0J<em>e\u00a0veux montrer \u00e0 mes fans de quoi je suis capable, mais des\u00a0<span id=\"157\" class=\"s-rg-t\">featurtings<\/span>\u00a0sont pr\u00e9vus apr\u00e8s la d\u00e9dicace.<\/em><\/span><span id=\"p121\"><em>\u00a0\u00bb<\/em> A-t-il affirm\u00e9.<\/span><br \/>\n<span id=\"p122\"><\/span><br \/>\n<span id=\"p123\">Pour finir, il a lanc\u00e9 un appel au public m\u00e9lomane :<\/span><span id=\"p124\">\u00a0\u00ab <em>Je dis \u00e0 tous mes fans d&rsquo;aller au Palais du peuple le dimanche, je donnerais le meilleur de moi-m\u00eame.<\/em><\/span><em><span id=\"p125\">\u00bb<\/span><\/em><\/p>\n","protected":false},"excerpt":{"rendered":"<p>Dans la soir\u00e9e du vendredi 22 septembre \u00e0 Conakry, l&rsquo;artiste reggae man Abraham Singer en compagnie de son producteur a tenu une conf\u00e9rence de presse pour pr\u00e9senter son nouvel album\u00a0\u00a0\u00bbGod\u00a0is\u00a0Gread\u00a0\u00bb, dont la sortie est pr\u00e9vue ce dimanche 24 septembre au Palais du peuple. Devant les hommes de la presse, le directeur g\u00e9n\u00e9ral du label\u00a0Echelon\u00a0Prod,\u00a0Algassim\u00a0Bah\u00a0\u00a0\u00bbAsty\u00a0\u00bb\u00a0a fait\u00a0savoir [&hellip;]<\/p>\n","protected":false},"author":8,"featured_media":22056,"comment_status":"closed","ping_status":"closed","sticky":false,"template":"","format":"standard","meta":{"_exactmetrics_skip_tracking":false,"_exactmetrics_sitenote_active":false,"_exactmetrics_sitenote_note":"","_exactmetrics_sitenote_category":0,"tdm_status":"","tdm_grid_status":"","footnotes":""},"categories":[24],"tags":[],"class_list":{"0":"post-22055","1":"post","2":"type-post","3":"status-publish","4":"format-standard","5":"has-post-thumbnail","7":"category-art-et-culture"},"yoast_head":"<!-- This site is optimized with the Yoast SEO plugin v24.2 - https:\/\/yoast.com\/wordpress\/plugins\/seo\/ -->\n<title>Abraham Singer parle de son nouvel album \u00ab\u00a0God\u00a0is\u00a0Gread\u00a0\u00bb | Guin\u00e9e Diversit\u00e9<\/title>\n<meta name=\"robots\" content=\"index, follow, max-snippet:-1, max-image-preview:large, max-video-preview:-1\" \/>\n<link rel=\"canonical\" href=\"https:\/\/guineediversite.com\/index.php\/2017\/09\/23\/abraham-singer-parle-de-nouvel-album-god-is-gread\/\" \/>\n<meta property=\"og:locale\" content=\"fr_FR\" \/>\n<meta property=\"og:type\" content=\"article\" \/>\n<meta property=\"og:title\" content=\"Abraham Singer parle de son nouvel album \u00ab\u00a0God\u00a0is\u00a0Gread\u00a0\u00bb | Guin\u00e9e Diversit\u00e9\" \/>\n<meta property=\"og:description\" content=\"Dans la soir\u00e9e du vendredi 22 septembre \u00e0 Conakry, l&rsquo;artiste reggae man Abraham Singer en compagnie de son producteur a tenu une conf\u00e9rence de presse pour pr\u00e9senter son nouvel album\u00a0\u00a0\u00bbGod\u00a0is\u00a0Gread\u00a0\u00bb, dont la sortie est pr\u00e9vue ce dimanche 24 septembre au Palais du peuple. Devant les hommes de la presse, le directeur g\u00e9n\u00e9ral du label\u00a0Echelon\u00a0Prod,\u00a0Algassim\u00a0Bah\u00a0\u00a0\u00bbAsty\u00a0\u00bb\u00a0a fait\u00a0savoir [&hellip;]\" \/>\n<meta property=\"og:url\" content=\"https:\/\/guineediversite.com\/index.php\/2017\/09\/23\/abraham-singer-parle-de-nouvel-album-god-is-gread\/\" \/>\n<meta property=\"og:site_name\" content=\"Guin\u00e9e Diversit\u00e9\" \/>\n<meta property=\"article:publisher\" content=\"https:\/\/www.facebook.com\/guineediversite\/\" \/>\n<meta property=\"article:published_time\" content=\"2017-09-23T20:53:56+00:00\" \/>\n<meta property=\"og:image\" content=\"https:\/\/guineediversite.com\/wp-content\/uploads\/2017\/09\/maxresdefault-1-1.jpg\" \/>\n\t<meta property=\"og:image:width\" content=\"1280\" \/>\n\t<meta property=\"og:image:height\" content=\"720\" \/>\n\t<meta property=\"og:image:type\" content=\"image\/jpeg\" \/>\n<meta name=\"author\" content=\"Aboubacar Bangoura\" \/>\n<meta name=\"twitter:card\" content=\"summary_large_image\" \/>\n<meta name=\"twitter:creator\" content=\"@GuineeDiversite\" \/>\n<meta name=\"twitter:site\" content=\"@GuineeDiversite\" \/>\n<meta name=\"twitter:label1\" content=\"\u00c9crit par\" \/>\n\t<meta name=\"twitter:data1\" content=\"Aboubacar Bangoura\" \/>\n\t<meta name=\"twitter:label2\" content=\"Dur\u00e9e de lecture estim\u00e9e\" \/>\n\t<meta name=\"twitter:data2\" content=\"1 minute\" \/>\n<script type=\"application\/ld+json\" class=\"yoast-schema-graph\">{\"@context\":\"https:\/\/schema.org\",\"@graph\":[{\"@type\":\"Article\",\"@id\":\"https:\/\/guineediversite.com\/index.php\/2017\/09\/23\/abraham-singer-parle-de-nouvel-album-god-is-gread\/#article\",\"isPartOf\":{\"@id\":\"https:\/\/guineediversite.com\/index.php\/2017\/09\/23\/abraham-singer-parle-de-nouvel-album-god-is-gread\/\"},\"author\":{\"name\":\"Aboubacar Bangoura\",\"@id\":\"https:\/\/guineediversite.com\/#\/schema\/person\/5dedff72ab9d6646efe724485147238a\"},\"headline\":\"Abraham Singer parle de son nouvel album \u00ab\u00a0God\u00a0is\u00a0Gread\u00a0\u00bb\",\"datePublished\":\"2017-09-23T20:53:56+00:00\",\"dateModified\":\"2017-09-23T20:53:56+00:00\",\"mainEntityOfPage\":{\"@id\":\"https:\/\/guineediversite.com\/index.php\/2017\/09\/23\/abraham-singer-parle-de-nouvel-album-god-is-gread\/\"},\"wordCount\":256,\"publisher\":{\"@id\":\"https:\/\/guineediversite.com\/#organization\"},\"image\":{\"@id\":\"https:\/\/guineediversite.com\/index.php\/2017\/09\/23\/abraham-singer-parle-de-nouvel-album-god-is-gread\/#primaryimage\"},\"thumbnailUrl\":\"https:\/\/guineediversite.com\/wp-content\/uploads\/2017\/09\/maxresdefault-1-1.jpg\",\"articleSection\":[\"Culture\"],\"inLanguage\":\"fr-FR\"},{\"@type\":\"WebPage\",\"@id\":\"https:\/\/guineediversite.com\/index.php\/2017\/09\/23\/abraham-singer-parle-de-nouvel-album-god-is-gread\/\",\"url\":\"https:\/\/guineediversite.com\/index.php\/2017\/09\/23\/abraham-singer-parle-de-nouvel-album-god-is-gread\/\",\"name\":\"Abraham Singer parle de son nouvel album \u00ab\u00a0God\u00a0is\u00a0Gread\u00a0\u00bb | Guin\u00e9e Diversit\u00e9\",\"isPartOf\":{\"@id\":\"https:\/\/guineediversite.com\/#website\"},\"primaryImageOfPage\":{\"@id\":\"https:\/\/guineediversite.com\/index.php\/2017\/09\/23\/abraham-singer-parle-de-nouvel-album-god-is-gread\/#primaryimage\"},\"image\":{\"@id\":\"https:\/\/guineediversite.com\/index.php\/2017\/09\/23\/abraham-singer-parle-de-nouvel-album-god-is-gread\/#primaryimage\"},\"thumbnailUrl\":\"https:\/\/guineediversite.com\/wp-content\/uploads\/2017\/09\/maxresdefault-1-1.jpg\",\"datePublished\":\"2017-09-23T20:53:56+00:00\",\"dateModified\":\"2017-09-23T20:53:56+00:00\",\"breadcrumb\":{\"@id\":\"https:\/\/guineediversite.com\/index.php\/2017\/09\/23\/abraham-singer-parle-de-nouvel-album-god-is-gread\/#breadcrumb\"},\"inLanguage\":\"fr-FR\",\"potentialAction\":[{\"@type\":\"ReadAction\",\"target\":[\"https:\/\/guineediversite.com\/index.php\/2017\/09\/23\/abraham-singer-parle-de-nouvel-album-god-is-gread\/\"]}]},{\"@type\":\"ImageObject\",\"inLanguage\":\"fr-FR\",\"@id\":\"https:\/\/guineediversite.com\/index.php\/2017\/09\/23\/abraham-singer-parle-de-nouvel-album-god-is-gread\/#primaryimage\",\"url\":\"https:\/\/guineediversite.com\/wp-content\/uploads\/2017\/09\/maxresdefault-1-1.jpg\",\"contentUrl\":\"https:\/\/guineediversite.com\/wp-content\/uploads\/2017\/09\/maxresdefault-1-1.jpg\",\"width\":\"1280\",\"height\":\"720\"},{\"@type\":\"BreadcrumbList\",\"@id\":\"https:\/\/guineediversite.com\/index.php\/2017\/09\/23\/abraham-singer-parle-de-nouvel-album-god-is-gread\/#breadcrumb\",\"itemListElement\":[{\"@type\":\"ListItem\",\"position\":1,\"name\":\"Accueil\",\"item\":\"https:\/\/guineediversite.com\/\"},{\"@type\":\"ListItem\",\"position\":2,\"name\":\"Abraham Singer parle de son nouvel album \u00ab\u00a0God\u00a0is\u00a0Gread\u00a0\u00bb\"}]},{\"@type\":\"WebSite\",\"@id\":\"https:\/\/guineediversite.com\/#website\",\"url\":\"https:\/\/guineediversite.com\/\",\"name\":\"Guin\u00e9e Diversit\u00e9\",\"description\":\"L&#039;Info dans toute sa diversit\u00e9\",\"publisher\":{\"@id\":\"https:\/\/guineediversite.com\/#organization\"},\"potentialAction\":[{\"@type\":\"SearchAction\",\"target\":{\"@type\":\"EntryPoint\",\"urlTemplate\":\"https:\/\/guineediversite.com\/?s={search_term_string}\"},\"query-input\":{\"@type\":\"PropertyValueSpecification\",\"valueRequired\":true,\"valueName\":\"search_term_string\"}}],\"inLanguage\":\"fr-FR\"},{\"@type\":\"Organization\",\"@id\":\"https:\/\/guineediversite.com\/#organization\",\"name\":\"Guin\u00e9e Diversit\u00e9\",\"url\":\"https:\/\/guineediversite.com\/\",\"logo\":{\"@type\":\"ImageObject\",\"inLanguage\":\"fr-FR\",\"@id\":\"https:\/\/guineediversite.com\/#\/schema\/logo\/image\/\",\"url\":\"https:\/\/guineediversite.com\/wp-content\/uploads\/2017\/04\/cropped-1jojlxEOMkX9Wyqfhe43D6kjPOGqBBKmx3EwWJqZ0cMrFF54yM49.png\",\"contentUrl\":\"https:\/\/guineediversite.com\/wp-content\/uploads\/2017\/04\/cropped-1jojlxEOMkX9Wyqfhe43D6kjPOGqBBKmx3EwWJqZ0cMrFF54yM49.png\",\"width\":186,\"height\":112,\"caption\":\"Guin\u00e9e Diversit\u00e9\"},\"image\":{\"@id\":\"https:\/\/guineediversite.com\/#\/schema\/logo\/image\/\"},\"sameAs\":[\"https:\/\/www.facebook.com\/guineediversite\/\",\"https:\/\/x.com\/GuineeDiversite\",\"https:\/\/www.youtube.com\/channel\/UC8sUY16qelG5ge6_D5SB83g\"]},{\"@type\":\"Person\",\"@id\":\"https:\/\/guineediversite.com\/#\/schema\/person\/5dedff72ab9d6646efe724485147238a\",\"name\":\"Aboubacar Bangoura\",\"image\":{\"@type\":\"ImageObject\",\"inLanguage\":\"fr-FR\",\"@id\":\"https:\/\/guineediversite.com\/#\/schema\/person\/image\/\",\"url\":\"https:\/\/secure.gravatar.com\/avatar\/c2b1df80e8be800cc94c8d8543e88ccc?s=96&d=mm&r=g\",\"contentUrl\":\"https:\/\/secure.gravatar.com\/avatar\/c2b1df80e8be800cc94c8d8543e88ccc?s=96&d=mm&r=g\",\"caption\":\"Aboubacar Bangoura\"},\"url\":\"https:\/\/guineediversite.com\/index.php\/author\/aboubacar\/\"}]}<\/script>\n<!-- \/ Yoast SEO plugin. -->","yoast_head_json":{"title":"Abraham Singer parle de son nouvel album \u00ab\u00a0God\u00a0is\u00a0Gread\u00a0\u00bb | Guin\u00e9e Diversit\u00e9","robots":{"index":"index","follow":"follow","max-snippet":"max-snippet:-1","max-image-preview":"max-image-preview:large","max-video-preview":"max-video-preview:-1"},"canonical":"https:\/\/guineediversite.com\/index.php\/2017\/09\/23\/abraham-singer-parle-de-nouvel-album-god-is-gread\/","og_locale":"fr_FR","og_type":"article","og_title":"Abraham Singer parle de son nouvel album \u00ab\u00a0God\u00a0is\u00a0Gread\u00a0\u00bb | Guin\u00e9e Diversit\u00e9","og_description":"Dans la soir\u00e9e du vendredi 22 septembre \u00e0 Conakry, l&rsquo;artiste reggae man Abraham Singer en compagnie de son producteur a tenu une conf\u00e9rence de presse pour pr\u00e9senter son nouvel album\u00a0\u00a0\u00bbGod\u00a0is\u00a0Gread\u00a0\u00bb, dont la sortie est pr\u00e9vue ce dimanche 24 septembre au Palais du peuple. Devant les hommes de la presse, le directeur g\u00e9n\u00e9ral du label\u00a0Echelon\u00a0Prod,\u00a0Algassim\u00a0Bah\u00a0\u00a0\u00bbAsty\u00a0\u00bb\u00a0a fait\u00a0savoir [&hellip;]","og_url":"https:\/\/guineediversite.com\/index.php\/2017\/09\/23\/abraham-singer-parle-de-nouvel-album-god-is-gread\/","og_site_name":"Guin\u00e9e Diversit\u00e9","article_publisher":"https:\/\/www.facebook.com\/guineediversite\/","article_published_time":"2017-09-23T20:53:56+00:00","og_image":[{"width":1280,"height":720,"url":"https:\/\/guineediversite.com\/wp-content\/uploads\/2017\/09\/maxresdefault-1-1.jpg","type":"image\/jpeg"}],"author":"Aboubacar Bangoura","twitter_card":"summary_large_image","twitter_creator":"@GuineeDiversite","twitter_site":"@GuineeDiversite","twitter_misc":{"\u00c9crit par":"Aboubacar Bangoura","Dur\u00e9e de lecture estim\u00e9e":"1 minute"},"schema":{"@context":"https:\/\/schema.org","@graph":[{"@type":"Article","@id":"https:\/\/guineediversite.com\/index.php\/2017\/09\/23\/abraham-singer-parle-de-nouvel-album-god-is-gread\/#article","isPartOf":{"@id":"https:\/\/guineediversite.com\/index.php\/2017\/09\/23\/abraham-singer-parle-de-nouvel-album-god-is-gread\/"},"author":{"name":"Aboubacar Bangoura","@id":"https:\/\/guineediversite.com\/#\/schema\/person\/5dedff72ab9d6646efe724485147238a"},"headline":"Abraham Singer parle de son nouvel album \u00ab\u00a0God\u00a0is\u00a0Gread\u00a0\u00bb","datePublished":"2017-09-23T20:53:56+00:00","dateModified":"2017-09-23T20:53:56+00:00","mainEntityOfPage":{"@id":"https:\/\/guineediversite.com\/index.php\/2017\/09\/23\/abraham-singer-parle-de-nouvel-album-god-is-gread\/"},"wordCount":256,"publisher":{"@id":"https:\/\/guineediversite.com\/#organization"},"image":{"@id":"https:\/\/guineediversite.com\/index.php\/2017\/09\/23\/abraham-singer-parle-de-nouvel-album-god-is-gread\/#primaryimage"},"thumbnailUrl":"https:\/\/guineediversite.com\/wp-content\/uploads\/2017\/09\/maxresdefault-1-1.jpg","articleSection":["Culture"],"inLanguage":"fr-FR"},{"@type":"WebPage","@id":"https:\/\/guineediversite.com\/index.php\/2017\/09\/23\/abraham-singer-parle-de-nouvel-album-god-is-gread\/","url":"https:\/\/guineediversite.com\/index.php\/2017\/09\/23\/abraham-singer-parle-de-nouvel-album-god-is-gread\/","name":"Abraham Singer parle de son nouvel album \u00ab\u00a0God\u00a0is\u00a0Gread\u00a0\u00bb | Guin\u00e9e Diversit\u00e9","isPartOf":{"@id":"https:\/\/guineediversite.com\/#website"},"primaryImageOfPage":{"@id":"https:\/\/guineediversite.com\/index.php\/2017\/09\/23\/abraham-singer-parle-de-nouvel-album-god-is-gread\/#primaryimage"},"image":{"@id":"https:\/\/guineediversite.com\/index.php\/2017\/09\/23\/abraham-singer-parle-de-nouvel-album-god-is-gread\/#primaryimage"},"thumbnailUrl":"https:\/\/guineediversite.com\/wp-content\/uploads\/2017\/09\/maxresdefault-1-1.jpg","datePublished":"2017-09-23T20:53:56+00:00","dateModified":"2017-09-23T20:53:56+00:00","breadcrumb":{"@id":"https:\/\/guineediversite.com\/index.php\/2017\/09\/23\/abraham-singer-parle-de-nouvel-album-god-is-gread\/#breadcrumb"},"inLanguage":"fr-FR","potentialAction":[{"@type":"ReadAction","target":["https:\/\/guineediversite.com\/index.php\/2017\/09\/23\/abraham-singer-parle-de-nouvel-album-god-is-gread\/"]}]},{"@type":"ImageObject","inLanguage":"fr-FR","@id":"https:\/\/guineediversite.com\/index.php\/2017\/09\/23\/abraham-singer-parle-de-nouvel-album-god-is-gread\/#primaryimage","url":"https:\/\/guineediversite.com\/wp-content\/uploads\/2017\/09\/maxresdefault-1-1.jpg","contentUrl":"https:\/\/guineediversite.com\/wp-content\/uploads\/2017\/09\/maxresdefault-1-1.jpg","width":"1280","height":"720"},{"@type":"BreadcrumbList","@id":"https:\/\/guineediversite.com\/index.php\/2017\/09\/23\/abraham-singer-parle-de-nouvel-album-god-is-gread\/#breadcrumb","itemListElement":[{"@type":"ListItem","position":1,"name":"Accueil","item":"https:\/\/guineediversite.com\/"},{"@type":"ListItem","position":2,"name":"Abraham Singer parle de son nouvel album \u00ab\u00a0God\u00a0is\u00a0Gread\u00a0\u00bb"}]},{"@type":"WebSite","@id":"https:\/\/guineediversite.com\/#website","url":"https:\/\/guineediversite.com\/","name":"Guin\u00e9e Diversit\u00e9","description":"L&#039;Info dans toute sa diversit\u00e9","publisher":{"@id":"https:\/\/guineediversite.com\/#organization"},"potentialAction":[{"@type":"SearchAction","target":{"@type":"EntryPoint","urlTemplate":"https:\/\/guineediversite.com\/?s={search_term_string}"},"query-input":{"@type":"PropertyValueSpecification","valueRequired":true,"valueName":"search_term_string"}}],"inLanguage":"fr-FR"},{"@type":"Organization","@id":"https:\/\/guineediversite.com\/#organization","name":"Guin\u00e9e Diversit\u00e9","url":"https:\/\/guineediversite.com\/","logo":{"@type":"ImageObject","inLanguage":"fr-FR","@id":"https:\/\/guineediversite.com\/#\/schema\/logo\/image\/","url":"https:\/\/guineediversite.com\/wp-content\/uploads\/2017\/04\/cropped-1jojlxEOMkX9Wyqfhe43D6kjPOGqBBKmx3EwWJqZ0cMrFF54yM49.png","contentUrl":"https:\/\/guineediversite.com\/wp-content\/uploads\/2017\/04\/cropped-1jojlxEOMkX9Wyqfhe43D6kjPOGqBBKmx3EwWJqZ0cMrFF54yM49.png","width":186,"height":112,"caption":"Guin\u00e9e Diversit\u00e9"},"image":{"@id":"https:\/\/guineediversite.com\/#\/schema\/logo\/image\/"},"sameAs":["https:\/\/www.facebook.com\/guineediversite\/","https:\/\/x.com\/GuineeDiversite","https:\/\/www.youtube.com\/channel\/UC8sUY16qelG5ge6_D5SB83g"]},{"@type":"Person","@id":"https:\/\/guineediversite.com\/#\/schema\/person\/5dedff72ab9d6646efe724485147238a","name":"Aboubacar Bangoura","image":{"@type":"ImageObject","inLanguage":"fr-FR","@id":"https:\/\/guineediversite.com\/#\/schema\/person\/image\/","url":"https:\/\/secure.gravatar.com\/avatar\/c2b1df80e8be800cc94c8d8543e88ccc?s=96&d=mm&r=g","contentUrl":"https:\/\/secure.gravatar.com\/avatar\/c2b1df80e8be800cc94c8d8543e88ccc?s=96&d=mm&r=g","caption":"Aboubacar Bangoura"},"url":"https:\/\/guineediversite.com\/index.php\/author\/aboubacar\/"}]}},"_links":{"self":[{"href":"https:\/\/guineediversite.com\/index.php\/wp-json\/wp\/v2\/posts\/22055"}],"collection":[{"href":"https:\/\/guineediversite.com\/index.php\/wp-json\/wp\/v2\/posts"}],"about":[{"href":"https:\/\/guineediversite.com\/index.php\/wp-json\/wp\/v2\/types\/post"}],"author":[{"embeddable":true,"href":"https:\/\/guineediversite.com\/index.php\/wp-json\/wp\/v2\/users\/8"}],"replies":[{"embeddable":true,"href":"https:\/\/guineediversite.com\/index.php\/wp-json\/wp\/v2\/comments?post=22055"}],"version-history":[{"count":0,"href":"https:\/\/guineediversite.com\/index.php\/wp-json\/wp\/v2\/posts\/22055\/revisions"}],"wp:featuredmedia":[{"embeddable":true,"href":"https:\/\/guineediversite.com\/index.php\/wp-json\/wp\/v2\/media\/22056"}],"wp:attachment":[{"href":"https:\/\/guineediversite.com\/index.php\/wp-json\/wp\/v2\/media?parent=22055"}],"wp:term":[{"taxonomy":"category","embeddable":true,"href":"https:\/\/guineediversite.com\/index.php\/wp-json\/wp\/v2\/categories?post=22055"},{"taxonomy":"post_tag","embeddable":true,"href":"https:\/\/guineediversite.com\/index.php\/wp-json\/wp\/v2\/tags?post=22055"}],"curies":[{"name":"wp","href":"https:\/\/api.w.org\/{rel}","templated":true}]}}