{"id":22050,"date":"2017-09-23T17:17:57","date_gmt":"2017-09-23T15:17:57","guid":{"rendered":"https:\/\/guineediversite.com\/?p=22050"},"modified":"2017-09-23T17:17:57","modified_gmt":"2017-09-23T15:17:57","slug":"commerce-goha-menace-de-boycotter-mise-place-de-chambre-commerce","status":"publish","type":"post","link":"https:\/\/guineediversite.com\/index.php\/2017\/09\/23\/commerce-goha-menace-de-boycotter-mise-place-de-chambre-commerce\/","title":{"rendered":"Commerce :\u00a0le\u00a0GOHA\u00a0menace de boycotter la mise en place de la Chambre du commerce"},"content":{"rendered":"<p><strong><span id=\"p22\">Suite \u00e0 l\u2019annonce du ministre du Commerce Marc\u00a0<span id=\"48\">Yombouno<\/span>\u00a0de la mise en place tr\u00e8s prochaine d\u2019un nouveau bureau de la Chambre du commerce d\u2019industrie et\u00a0d\u2019artisanat que\u00a0Mohamed\u00a0<span id=\"49\">Cherif<\/span>\u00a0Abdallah et ses paires\u00a0op\u00e9rateurs\u00a0\u00e9conomiques du pays menacent de pi\u00e9tiner toute\u00a0<span id=\"54\">\u00e9lection si<\/span>\u00a0sa demande n\u2019est pas\u00a0<span id=\"51\">prise<\/span>\u00a0en compte.<\/span><\/strong><br \/>\n<strong><span id=\"p23\">Le pr\u00e9sident du Groupe organis\u00e9\u00a0<span id=\"56\">des hommes<\/span>\u00a0d\u2019Affaire s\u2019oppose \u00e0 l\u2019\u00e9lection du bureau r\u00e9gional de Conakry et propose par ailleurs la mise en place d\u2019un bureau consensuel ceci, pour \u00e9viter toute pol\u00e9mique li\u00e9e \u00e0 cette \u00e9lection.<br \/>\n<\/span><\/strong><br \/>\n<span id=\"p95\">\u00ab<em> Il est tout \u00e0 fait normal que le pays soit dot\u00e9 d\u2019une Chambre de commerce cr\u00e9dible et digne du nom, mais, \u00e0 d\u00e9faut des \u00e9lections, au lieu de continuer les tiraillements, je pr\u00e9f\u00e8re qu\u2019on aille en consensus et que tout le monde essai de se mettre d\u2019accord et qu\u2019on puisse mettre fin a cela.<\/em><\/span><em><span id=\"p25\">\u00a0Parce qu\u2019en ce qui concerne les \u00e9lections, il y a eu des rat\u00e9es et ces rat\u00e9es, personne n\u2019avait rectifi\u00e9.<\/span><\/em><span id=\"p26\"><em>\u00a0Donc, si on persiste et dire que c\u2019est des \u00e9lections, on ne sera jamais d\u2019accord \u00bb<\/em>, d\u00e9clare Mohamed\u00a0<span id=\"58\" class=\"s-rg-t\">Cherif<\/span>\u00a0Abdallah.<\/span><br \/>\n<span id=\"p27\">Il fait remarquer qu\u2019au cours des pr\u00e9c\u00e9dentes \u00e9lections, plusieurs anomalies ont entach\u00e9es le d\u00e9roulement correct des \u00e9lections comme \u00e0\u00a0<span id=\"59\" class=\"s-rg-t\">Matoto<\/span>,\u00a0<span id=\"60\" class=\"s-rg-t\">Ratoma<\/span>\u00a0et\u00a0<span id=\"61\" class=\"s-rg-t\">Faranah<\/span>.<\/span><span id=\"p28\">\u00a0Pour\u00a0ne plus refaire les m\u00eames erreurs,\u00a0le\u00a0pr\u00e9sident du\u00a0<span id=\"63\" class=\"s-rg-t\">GOHA<\/span>\u00a0estime qu\u2019il n\u2019est plus question d\u2019achever ce processus \u00e9lectoral.<\/span><span id=\"p98\">\u00a0\u00ab <em>Si on parle des \u00e9lections, il va falloir juste reprendre ce qui a \u00e9t\u00e9 fait, parce que ce qui a \u00e9t\u00e9 fait est tout sauf une\u00a0<span id=\"99\">\u00e9lection\u00bb<\/span><\/em>\u00a0mart\u00e8le-t-il.<\/span><span id=\"p30\">\u00a0<\/span><br \/>\n<span id=\"p31\">Mohamed\u00a0<span id=\"67\" class=\"s-rg-t\">Cherif<\/span>\u00a0Abdallah exhorte les autorit\u00e9s d\u2019accepter la demande du\u00a0<span id=\"68\" class=\"s-rg-t\">GOHA<\/span>\u00a0dans le cas \u00e9ch\u00e9ant, il menace :<\/span><span id=\"p96\">\u00a0\u00ab <em>Je vais mettre les commer\u00e7ants en action pour mettre aussi une deuxi\u00e8me chambre et en ce moment, le meilleur va gagner sur le terrain \u00e0 l\u2019image du patronat et l\u00e0, je vous dis que personne ne peut nous en emp\u00eacher ;<\/em><\/span><span id=\"p97\"><em>\u00a0parce que, nous sommes pr\u00e9sents partout dans le pays et tous le commer\u00e7ants sont pr\u00eats \u00e0 suivre la d\u00e9marche<\/em> \u00bb<\/span><br \/>\n<span id=\"p34\">Reste \u00e0 savoir maintenant qui d\u2019entre le pr\u00e9sident du\u00a0<span id=\"72\">GOHA<\/span>\u00a0Mohamed\u00a0<span id=\"73\">Cherif<\/span>\u00a0Abdallah et le ministre du Commerce Marc\u00a0<span id=\"74\">Yombouno<\/span>\u00a0sortira vainqueur dans cette affaire\u2026<\/span><\/p>\n","protected":false},"excerpt":{"rendered":"<p>Suite \u00e0 l\u2019annonce du ministre du Commerce Marc\u00a0Yombouno\u00a0de la mise en place tr\u00e8s prochaine d\u2019un nouveau bureau de la Chambre du commerce d\u2019industrie et\u00a0d\u2019artisanat que\u00a0Mohamed\u00a0Cherif\u00a0Abdallah et ses paires\u00a0op\u00e9rateurs\u00a0\u00e9conomiques du pays menacent de pi\u00e9tiner toute\u00a0\u00e9lection si\u00a0sa demande n\u2019est pas\u00a0prise\u00a0en compte. Le pr\u00e9sident du Groupe organis\u00e9\u00a0des hommes\u00a0d\u2019Affaire s\u2019oppose \u00e0 l\u2019\u00e9lection du bureau r\u00e9gional de Conakry et propose [&hellip;]<\/p>\n","protected":false},"author":16,"featured_media":22048,"comment_status":"closed","ping_status":"closed","sticky":false,"template":"","format":"standard","meta":{"_exactmetrics_skip_tracking":false,"_exactmetrics_sitenote_active":false,"_exactmetrics_sitenote_note":"","_exactmetrics_sitenote_category":0,"tdm_status":"","tdm_grid_status":"","footnotes":""},"categories":[14,16],"tags":[],"class_list":{"0":"post-22050","1":"post","2":"type-post","3":"status-publish","4":"format-standard","5":"has-post-thumbnail","7":"category-politique","8":"category-societe"},"yoast_head":"<!-- This site is optimized with the Yoast SEO plugin v24.2 - https:\/\/yoast.com\/wordpress\/plugins\/seo\/ -->\n<title>Commerce :\u00a0le\u00a0GOHA\u00a0menace de boycotter la mise en place de la Chambre du commerce | Guin\u00e9e Diversit\u00e9<\/title>\n<meta name=\"robots\" content=\"index, follow, max-snippet:-1, max-image-preview:large, max-video-preview:-1\" \/>\n<link rel=\"canonical\" href=\"https:\/\/guineediversite.com\/index.php\/2017\/09\/23\/commerce-goha-menace-de-boycotter-mise-place-de-chambre-commerce\/\" \/>\n<meta property=\"og:locale\" content=\"fr_FR\" \/>\n<meta property=\"og:type\" content=\"article\" \/>\n<meta property=\"og:title\" content=\"Commerce :\u00a0le\u00a0GOHA\u00a0menace de boycotter la mise en place de la Chambre du commerce | Guin\u00e9e Diversit\u00e9\" \/>\n<meta property=\"og:description\" content=\"Suite \u00e0 l\u2019annonce du ministre du Commerce Marc\u00a0Yombouno\u00a0de la mise en place tr\u00e8s prochaine d\u2019un nouveau bureau de la Chambre du commerce d\u2019industrie et\u00a0d\u2019artisanat que\u00a0Mohamed\u00a0Cherif\u00a0Abdallah et ses paires\u00a0op\u00e9rateurs\u00a0\u00e9conomiques du pays menacent de pi\u00e9tiner toute\u00a0\u00e9lection si\u00a0sa demande n\u2019est pas\u00a0prise\u00a0en compte. Le pr\u00e9sident du Groupe organis\u00e9\u00a0des hommes\u00a0d\u2019Affaire s\u2019oppose \u00e0 l\u2019\u00e9lection du bureau r\u00e9gional de Conakry et propose [&hellip;]\" \/>\n<meta property=\"og:url\" content=\"https:\/\/guineediversite.com\/index.php\/2017\/09\/23\/commerce-goha-menace-de-boycotter-mise-place-de-chambre-commerce\/\" \/>\n<meta property=\"og:site_name\" content=\"Guin\u00e9e Diversit\u00e9\" \/>\n<meta property=\"article:publisher\" content=\"https:\/\/www.facebook.com\/guineediversite\/\" \/>\n<meta property=\"article:published_time\" content=\"2017-09-23T15:17:57+00:00\" \/>\n<meta property=\"og:image\" content=\"https:\/\/guineediversite.com\/wp-content\/uploads\/2017\/09\/cherif_goha_2-1024x768.jpg\" \/>\n\t<meta property=\"og:image:width\" content=\"1024\" \/>\n\t<meta property=\"og:image:height\" content=\"768\" \/>\n\t<meta property=\"og:image:type\" content=\"image\/jpeg\" \/>\n<meta name=\"author\" content=\"Moussa Mo\u00efse K\u00e9ita\" \/>\n<meta name=\"twitter:card\" content=\"summary_large_image\" \/>\n<meta name=\"twitter:creator\" content=\"@GuineeDiversite\" \/>\n<meta name=\"twitter:site\" content=\"@GuineeDiversite\" \/>\n<meta name=\"twitter:label1\" content=\"\u00c9crit par\" \/>\n\t<meta name=\"twitter:data1\" content=\"Moussa Mo\u00efse K\u00e9ita\" \/>\n\t<meta name=\"twitter:label2\" content=\"Dur\u00e9e de lecture estim\u00e9e\" \/>\n\t<meta name=\"twitter:data2\" content=\"2 minutes\" \/>\n<script type=\"application\/ld+json\" class=\"yoast-schema-graph\">{\"@context\":\"https:\/\/schema.org\",\"@graph\":[{\"@type\":\"Article\",\"@id\":\"https:\/\/guineediversite.com\/index.php\/2017\/09\/23\/commerce-goha-menace-de-boycotter-mise-place-de-chambre-commerce\/#article\",\"isPartOf\":{\"@id\":\"https:\/\/guineediversite.com\/index.php\/2017\/09\/23\/commerce-goha-menace-de-boycotter-mise-place-de-chambre-commerce\/\"},\"author\":{\"name\":\"Moussa Mo\u00efse K\u00e9ita\",\"@id\":\"https:\/\/guineediversite.com\/#\/schema\/person\/079ec347f72d2acde4b56a50a4fd46dc\"},\"headline\":\"Commerce :\u00a0le\u00a0GOHA\u00a0menace de boycotter la mise en place de la Chambre du commerce\",\"datePublished\":\"2017-09-23T15:17:57+00:00\",\"dateModified\":\"2017-09-23T15:17:57+00:00\",\"mainEntityOfPage\":{\"@id\":\"https:\/\/guineediversite.com\/index.php\/2017\/09\/23\/commerce-goha-menace-de-boycotter-mise-place-de-chambre-commerce\/\"},\"wordCount\":412,\"publisher\":{\"@id\":\"https:\/\/guineediversite.com\/#organization\"},\"image\":{\"@id\":\"https:\/\/guineediversite.com\/index.php\/2017\/09\/23\/commerce-goha-menace-de-boycotter-mise-place-de-chambre-commerce\/#primaryimage\"},\"thumbnailUrl\":\"https:\/\/guineediversite.com\/wp-content\/uploads\/2017\/09\/cherif_goha_2.jpg\",\"articleSection\":[\"Politique\",\"Soci\u00e9t\u00e9\"],\"inLanguage\":\"fr-FR\"},{\"@type\":\"WebPage\",\"@id\":\"https:\/\/guineediversite.com\/index.php\/2017\/09\/23\/commerce-goha-menace-de-boycotter-mise-place-de-chambre-commerce\/\",\"url\":\"https:\/\/guineediversite.com\/index.php\/2017\/09\/23\/commerce-goha-menace-de-boycotter-mise-place-de-chambre-commerce\/\",\"name\":\"Commerce :\u00a0le\u00a0GOHA\u00a0menace de boycotter la mise en place de la Chambre du commerce | Guin\u00e9e Diversit\u00e9\",\"isPartOf\":{\"@id\":\"https:\/\/guineediversite.com\/#website\"},\"primaryImageOfPage\":{\"@id\":\"https:\/\/guineediversite.com\/index.php\/2017\/09\/23\/commerce-goha-menace-de-boycotter-mise-place-de-chambre-commerce\/#primaryimage\"},\"image\":{\"@id\":\"https:\/\/guineediversite.com\/index.php\/2017\/09\/23\/commerce-goha-menace-de-boycotter-mise-place-de-chambre-commerce\/#primaryimage\"},\"thumbnailUrl\":\"https:\/\/guineediversite.com\/wp-content\/uploads\/2017\/09\/cherif_goha_2.jpg\",\"datePublished\":\"2017-09-23T15:17:57+00:00\",\"dateModified\":\"2017-09-23T15:17:57+00:00\",\"breadcrumb\":{\"@id\":\"https:\/\/guineediversite.com\/index.php\/2017\/09\/23\/commerce-goha-menace-de-boycotter-mise-place-de-chambre-commerce\/#breadcrumb\"},\"inLanguage\":\"fr-FR\",\"potentialAction\":[{\"@type\":\"ReadAction\",\"target\":[\"https:\/\/guineediversite.com\/index.php\/2017\/09\/23\/commerce-goha-menace-de-boycotter-mise-place-de-chambre-commerce\/\"]}]},{\"@type\":\"ImageObject\",\"inLanguage\":\"fr-FR\",\"@id\":\"https:\/\/guineediversite.com\/index.php\/2017\/09\/23\/commerce-goha-menace-de-boycotter-mise-place-de-chambre-commerce\/#primaryimage\",\"url\":\"https:\/\/guineediversite.com\/wp-content\/uploads\/2017\/09\/cherif_goha_2.jpg\",\"contentUrl\":\"https:\/\/guineediversite.com\/wp-content\/uploads\/2017\/09\/cherif_goha_2.jpg\",\"width\":\"4608\",\"height\":\"3456\"},{\"@type\":\"BreadcrumbList\",\"@id\":\"https:\/\/guineediversite.com\/index.php\/2017\/09\/23\/commerce-goha-menace-de-boycotter-mise-place-de-chambre-commerce\/#breadcrumb\",\"itemListElement\":[{\"@type\":\"ListItem\",\"position\":1,\"name\":\"Accueil\",\"item\":\"https:\/\/guineediversite.com\/\"},{\"@type\":\"ListItem\",\"position\":2,\"name\":\"Commerce :\u00a0le\u00a0GOHA\u00a0menace de boycotter la mise en place de la Chambre du commerce\"}]},{\"@type\":\"WebSite\",\"@id\":\"https:\/\/guineediversite.com\/#website\",\"url\":\"https:\/\/guineediversite.com\/\",\"name\":\"Guin\u00e9e Diversit\u00e9\",\"description\":\"L&#039;Info dans toute sa diversit\u00e9\",\"publisher\":{\"@id\":\"https:\/\/guineediversite.com\/#organization\"},\"potentialAction\":[{\"@type\":\"SearchAction\",\"target\":{\"@type\":\"EntryPoint\",\"urlTemplate\":\"https:\/\/guineediversite.com\/?s={search_term_string}\"},\"query-input\":{\"@type\":\"PropertyValueSpecification\",\"valueRequired\":true,\"valueName\":\"search_term_string\"}}],\"inLanguage\":\"fr-FR\"},{\"@type\":\"Organization\",\"@id\":\"https:\/\/guineediversite.com\/#organization\",\"name\":\"Guin\u00e9e Diversit\u00e9\",\"url\":\"https:\/\/guineediversite.com\/\",\"logo\":{\"@type\":\"ImageObject\",\"inLanguage\":\"fr-FR\",\"@id\":\"https:\/\/guineediversite.com\/#\/schema\/logo\/image\/\",\"url\":\"https:\/\/guineediversite.com\/wp-content\/uploads\/2017\/04\/cropped-1jojlxEOMkX9Wyqfhe43D6kjPOGqBBKmx3EwWJqZ0cMrFF54yM49.png\",\"contentUrl\":\"https:\/\/guineediversite.com\/wp-content\/uploads\/2017\/04\/cropped-1jojlxEOMkX9Wyqfhe43D6kjPOGqBBKmx3EwWJqZ0cMrFF54yM49.png\",\"width\":186,\"height\":112,\"caption\":\"Guin\u00e9e Diversit\u00e9\"},\"image\":{\"@id\":\"https:\/\/guineediversite.com\/#\/schema\/logo\/image\/\"},\"sameAs\":[\"https:\/\/www.facebook.com\/guineediversite\/\",\"https:\/\/x.com\/GuineeDiversite\",\"https:\/\/www.youtube.com\/channel\/UC8sUY16qelG5ge6_D5SB83g\"]},{\"@type\":\"Person\",\"@id\":\"https:\/\/guineediversite.com\/#\/schema\/person\/079ec347f72d2acde4b56a50a4fd46dc\",\"name\":\"Moussa Mo\u00efse K\u00e9ita\",\"image\":{\"@type\":\"ImageObject\",\"inLanguage\":\"fr-FR\",\"@id\":\"https:\/\/guineediversite.com\/#\/schema\/person\/image\/\",\"url\":\"https:\/\/secure.gravatar.com\/avatar\/edf1ea2cc01841e6c0b49384bcb1385b?s=96&d=mm&r=g\",\"contentUrl\":\"https:\/\/secure.gravatar.com\/avatar\/edf1ea2cc01841e6c0b49384bcb1385b?s=96&d=mm&r=g\",\"caption\":\"Moussa Mo\u00efse K\u00e9ita\"},\"url\":\"https:\/\/guineediversite.com\/index.php\/author\/moussa-moise\/\"}]}<\/script>\n<!-- \/ Yoast SEO plugin. -->","yoast_head_json":{"title":"Commerce :\u00a0le\u00a0GOHA\u00a0menace de boycotter la mise en place de la Chambre du commerce | Guin\u00e9e Diversit\u00e9","robots":{"index":"index","follow":"follow","max-snippet":"max-snippet:-1","max-image-preview":"max-image-preview:large","max-video-preview":"max-video-preview:-1"},"canonical":"https:\/\/guineediversite.com\/index.php\/2017\/09\/23\/commerce-goha-menace-de-boycotter-mise-place-de-chambre-commerce\/","og_locale":"fr_FR","og_type":"article","og_title":"Commerce :\u00a0le\u00a0GOHA\u00a0menace de boycotter la mise en place de la Chambre du commerce | Guin\u00e9e Diversit\u00e9","og_description":"Suite \u00e0 l\u2019annonce du ministre du Commerce Marc\u00a0Yombouno\u00a0de la mise en place tr\u00e8s prochaine d\u2019un nouveau bureau de la Chambre du commerce d\u2019industrie et\u00a0d\u2019artisanat que\u00a0Mohamed\u00a0Cherif\u00a0Abdallah et ses paires\u00a0op\u00e9rateurs\u00a0\u00e9conomiques du pays menacent de pi\u00e9tiner toute\u00a0\u00e9lection si\u00a0sa demande n\u2019est pas\u00a0prise\u00a0en compte. Le pr\u00e9sident du Groupe organis\u00e9\u00a0des hommes\u00a0d\u2019Affaire s\u2019oppose \u00e0 l\u2019\u00e9lection du bureau r\u00e9gional de Conakry et propose [&hellip;]","og_url":"https:\/\/guineediversite.com\/index.php\/2017\/09\/23\/commerce-goha-menace-de-boycotter-mise-place-de-chambre-commerce\/","og_site_name":"Guin\u00e9e Diversit\u00e9","article_publisher":"https:\/\/www.facebook.com\/guineediversite\/","article_published_time":"2017-09-23T15:17:57+00:00","og_image":[{"width":1024,"height":768,"url":"https:\/\/guineediversite.com\/wp-content\/uploads\/2017\/09\/cherif_goha_2-1024x768.jpg","type":"image\/jpeg"}],"author":"Moussa Mo\u00efse K\u00e9ita","twitter_card":"summary_large_image","twitter_creator":"@GuineeDiversite","twitter_site":"@GuineeDiversite","twitter_misc":{"\u00c9crit par":"Moussa Mo\u00efse K\u00e9ita","Dur\u00e9e de lecture estim\u00e9e":"2 minutes"},"schema":{"@context":"https:\/\/schema.org","@graph":[{"@type":"Article","@id":"https:\/\/guineediversite.com\/index.php\/2017\/09\/23\/commerce-goha-menace-de-boycotter-mise-place-de-chambre-commerce\/#article","isPartOf":{"@id":"https:\/\/guineediversite.com\/index.php\/2017\/09\/23\/commerce-goha-menace-de-boycotter-mise-place-de-chambre-commerce\/"},"author":{"name":"Moussa Mo\u00efse K\u00e9ita","@id":"https:\/\/guineediversite.com\/#\/schema\/person\/079ec347f72d2acde4b56a50a4fd46dc"},"headline":"Commerce :\u00a0le\u00a0GOHA\u00a0menace de boycotter la mise en place de la Chambre du commerce","datePublished":"2017-09-23T15:17:57+00:00","dateModified":"2017-09-23T15:17:57+00:00","mainEntityOfPage":{"@id":"https:\/\/guineediversite.com\/index.php\/2017\/09\/23\/commerce-goha-menace-de-boycotter-mise-place-de-chambre-commerce\/"},"wordCount":412,"publisher":{"@id":"https:\/\/guineediversite.com\/#organization"},"image":{"@id":"https:\/\/guineediversite.com\/index.php\/2017\/09\/23\/commerce-goha-menace-de-boycotter-mise-place-de-chambre-commerce\/#primaryimage"},"thumbnailUrl":"https:\/\/guineediversite.com\/wp-content\/uploads\/2017\/09\/cherif_goha_2.jpg","articleSection":["Politique","Soci\u00e9t\u00e9"],"inLanguage":"fr-FR"},{"@type":"WebPage","@id":"https:\/\/guineediversite.com\/index.php\/2017\/09\/23\/commerce-goha-menace-de-boycotter-mise-place-de-chambre-commerce\/","url":"https:\/\/guineediversite.com\/index.php\/2017\/09\/23\/commerce-goha-menace-de-boycotter-mise-place-de-chambre-commerce\/","name":"Commerce :\u00a0le\u00a0GOHA\u00a0menace de boycotter la mise en place de la Chambre du commerce | Guin\u00e9e Diversit\u00e9","isPartOf":{"@id":"https:\/\/guineediversite.com\/#website"},"primaryImageOfPage":{"@id":"https:\/\/guineediversite.com\/index.php\/2017\/09\/23\/commerce-goha-menace-de-boycotter-mise-place-de-chambre-commerce\/#primaryimage"},"image":{"@id":"https:\/\/guineediversite.com\/index.php\/2017\/09\/23\/commerce-goha-menace-de-boycotter-mise-place-de-chambre-commerce\/#primaryimage"},"thumbnailUrl":"https:\/\/guineediversite.com\/wp-content\/uploads\/2017\/09\/cherif_goha_2.jpg","datePublished":"2017-09-23T15:17:57+00:00","dateModified":"2017-09-23T15:17:57+00:00","breadcrumb":{"@id":"https:\/\/guineediversite.com\/index.php\/2017\/09\/23\/commerce-goha-menace-de-boycotter-mise-place-de-chambre-commerce\/#breadcrumb"},"inLanguage":"fr-FR","potentialAction":[{"@type":"ReadAction","target":["https:\/\/guineediversite.com\/index.php\/2017\/09\/23\/commerce-goha-menace-de-boycotter-mise-place-de-chambre-commerce\/"]}]},{"@type":"ImageObject","inLanguage":"fr-FR","@id":"https:\/\/guineediversite.com\/index.php\/2017\/09\/23\/commerce-goha-menace-de-boycotter-mise-place-de-chambre-commerce\/#primaryimage","url":"https:\/\/guineediversite.com\/wp-content\/uploads\/2017\/09\/cherif_goha_2.jpg","contentUrl":"https:\/\/guineediversite.com\/wp-content\/uploads\/2017\/09\/cherif_goha_2.jpg","width":"4608","height":"3456"},{"@type":"BreadcrumbList","@id":"https:\/\/guineediversite.com\/index.php\/2017\/09\/23\/commerce-goha-menace-de-boycotter-mise-place-de-chambre-commerce\/#breadcrumb","itemListElement":[{"@type":"ListItem","position":1,"name":"Accueil","item":"https:\/\/guineediversite.com\/"},{"@type":"ListItem","position":2,"name":"Commerce :\u00a0le\u00a0GOHA\u00a0menace de boycotter la mise en place de la Chambre du commerce"}]},{"@type":"WebSite","@id":"https:\/\/guineediversite.com\/#website","url":"https:\/\/guineediversite.com\/","name":"Guin\u00e9e Diversit\u00e9","description":"L&#039;Info dans toute sa diversit\u00e9","publisher":{"@id":"https:\/\/guineediversite.com\/#organization"},"potentialAction":[{"@type":"SearchAction","target":{"@type":"EntryPoint","urlTemplate":"https:\/\/guineediversite.com\/?s={search_term_string}"},"query-input":{"@type":"PropertyValueSpecification","valueRequired":true,"valueName":"search_term_string"}}],"inLanguage":"fr-FR"},{"@type":"Organization","@id":"https:\/\/guineediversite.com\/#organization","name":"Guin\u00e9e Diversit\u00e9","url":"https:\/\/guineediversite.com\/","logo":{"@type":"ImageObject","inLanguage":"fr-FR","@id":"https:\/\/guineediversite.com\/#\/schema\/logo\/image\/","url":"https:\/\/guineediversite.com\/wp-content\/uploads\/2017\/04\/cropped-1jojlxEOMkX9Wyqfhe43D6kjPOGqBBKmx3EwWJqZ0cMrFF54yM49.png","contentUrl":"https:\/\/guineediversite.com\/wp-content\/uploads\/2017\/04\/cropped-1jojlxEOMkX9Wyqfhe43D6kjPOGqBBKmx3EwWJqZ0cMrFF54yM49.png","width":186,"height":112,"caption":"Guin\u00e9e Diversit\u00e9"},"image":{"@id":"https:\/\/guineediversite.com\/#\/schema\/logo\/image\/"},"sameAs":["https:\/\/www.facebook.com\/guineediversite\/","https:\/\/x.com\/GuineeDiversite","https:\/\/www.youtube.com\/channel\/UC8sUY16qelG5ge6_D5SB83g"]},{"@type":"Person","@id":"https:\/\/guineediversite.com\/#\/schema\/person\/079ec347f72d2acde4b56a50a4fd46dc","name":"Moussa Mo\u00efse K\u00e9ita","image":{"@type":"ImageObject","inLanguage":"fr-FR","@id":"https:\/\/guineediversite.com\/#\/schema\/person\/image\/","url":"https:\/\/secure.gravatar.com\/avatar\/edf1ea2cc01841e6c0b49384bcb1385b?s=96&d=mm&r=g","contentUrl":"https:\/\/secure.gravatar.com\/avatar\/edf1ea2cc01841e6c0b49384bcb1385b?s=96&d=mm&r=g","caption":"Moussa Mo\u00efse K\u00e9ita"},"url":"https:\/\/guineediversite.com\/index.php\/author\/moussa-moise\/"}]}},"_links":{"self":[{"href":"https:\/\/guineediversite.com\/index.php\/wp-json\/wp\/v2\/posts\/22050"}],"collection":[{"href":"https:\/\/guineediversite.com\/index.php\/wp-json\/wp\/v2\/posts"}],"about":[{"href":"https:\/\/guineediversite.com\/index.php\/wp-json\/wp\/v2\/types\/post"}],"author":[{"embeddable":true,"href":"https:\/\/guineediversite.com\/index.php\/wp-json\/wp\/v2\/users\/16"}],"replies":[{"embeddable":true,"href":"https:\/\/guineediversite.com\/index.php\/wp-json\/wp\/v2\/comments?post=22050"}],"version-history":[{"count":0,"href":"https:\/\/guineediversite.com\/index.php\/wp-json\/wp\/v2\/posts\/22050\/revisions"}],"wp:featuredmedia":[{"embeddable":true,"href":"https:\/\/guineediversite.com\/index.php\/wp-json\/wp\/v2\/media\/22048"}],"wp:attachment":[{"href":"https:\/\/guineediversite.com\/index.php\/wp-json\/wp\/v2\/media?parent=22050"}],"wp:term":[{"taxonomy":"category","embeddable":true,"href":"https:\/\/guineediversite.com\/index.php\/wp-json\/wp\/v2\/categories?post=22050"},{"taxonomy":"post_tag","embeddable":true,"href":"https:\/\/guineediversite.com\/index.php\/wp-json\/wp\/v2\/tags?post=22050"}],"curies":[{"name":"wp","href":"https:\/\/api.w.org\/{rel}","templated":true}]}}