{"id":22039,"date":"2017-09-22T00:04:11","date_gmt":"2017-09-21T22:04:11","guid":{"rendered":"https:\/\/guineediversite.com\/?p=22039"},"modified":"2017-09-22T00:04:11","modified_gmt":"2017-09-21T22:04:11","slug":"journee-de-reflexion-hypotheses-de-dechets-solides-centre-debats-a-kindia","status":"publish","type":"post","link":"https:\/\/guineediversite.com\/index.php\/2017\/09\/22\/journee-de-reflexion-hypotheses-de-dechets-solides-centre-debats-a-kindia\/","title":{"rendered":"Une journ\u00e9e de r\u00e9flexion sur les hypoth\u00e8ses de d\u00e9chets solides au centre des d\u00e9bats \u00e0\u00a0Kindia"},"content":{"rendered":"<p><strong><span id=\"p69\">La d\u00e9marche vise \u00e0 \u00e9changer sur la mise en \u0153uvre d&rsquo;un projet de gestion durable des d\u00e9chets \u00e0\u00a0<span id=\"78\" class=\"s-rg-t\">Kindia<\/span>\u00a0avec les populations \u00e0 la\u00a0base, mais\u00a0aussi exposer l&rsquo;id\u00e9e d&rsquo;un projet d&rsquo;appui \u00e0 la formation et la mise en \u0153uvre d&rsquo;une strat\u00e9gie partag\u00e9e de gestion de d\u00e9chets solides dans la commune urbaine de\u00a0<span id=\"80\" class=\"s-rg-t\">Kindia<\/span>\u00a02018-2023.<\/span><\/strong><\/p>\n<p><span id=\"p70\">La c\u00e9r\u00e9monie s&rsquo;est d\u00e9roul\u00e9e dans la salle de d\u00e9lib\u00e9rations de la mairie de\u00a0<span id=\"81\" class=\"s-rg-t\">Kindia<\/span>\u00a0en pr\u00e9sence des responsables communaux et des partenaires au d\u00e9veloppement.<\/span><\/p>\n<p><span id=\"p71\">C&rsquo;est la commune urbaine de\u00a0<span id=\"82\" class=\"s-rg-t\">Kindia<\/span>\u00a0qui a invit\u00e9 les acteurs actifs dans l&rsquo;assainissement \u00e0\u00a0<span id=\"83\" class=\"s-rg-t\">Kindia<\/span>\u00a0pour \u00e9changer sur la mise en place d&rsquo;un projet de gestion durable des d\u00e9chets \u00e0\u00a0<span id=\"84\" class=\"s-rg-t\">Kindia<\/span>.<\/span><span id=\"p72\">\u00a0Nous avons eu une promesse de financement de secteur via Guin\u00e9e 44 et la coop\u00e9ration technique belge de l&rsquo;Union europ\u00e9enne pendant 5 ans, a d\u00e9clar\u00e9 le pr\u00e9sident de la d\u00e9l\u00e9gation sp\u00e9ciale de\u00a0<span id=\"85\" class=\"s-rg-t\">Kindia<\/span>,\u00a0<span id=\"86\" class=\"s-rg-t\">Abdoulaye<\/span>\u00a0bah.<\/span><\/p>\n<p><span id=\"p73\"><span id=\"87\" class=\"s-rg-t\">Kindia<\/span>\u00a0est la premi\u00e8re ville propre de la guin\u00e9e.<\/span><span id=\"p93\">\u00a0Ce n&rsquo;est pas nous qui l&rsquo;avons dit, ce sont nos r\u00e9sultats qui ont parl\u00e9 pour que l&rsquo;Union europ\u00e9enne puisse le constater et le gouvernement guin\u00e9en.<\/span><span id=\"p75\">\u00a0C&rsquo;est pourquoi\u00a0<span id=\"89\" class=\"s-rg-t\">Kindia<\/span>\u00a0a \u00e9t\u00e9 choisi parmi toutes les villes de la guin\u00e9e, a ajout\u00e9\u00a0<span id=\"90\" class=\"s-rg-t\">Abdoulaye<\/span>\u00a0bah.<\/span><\/p>\n<p><span id=\"p76\">Guin\u00e9e 44 apporte un appui depuis de nombreuses ann\u00e9es \u00e0 la commune urbaine de\u00a0<span id=\"91\">Kindia<\/span>\u00a0et \u00e0 son agence\u00a0communale eau\u00a0et assainissement pour am\u00e9liorer petit \u00e0 petit le probl\u00e8me de la gestion de d\u00e9chets.<\/span><\/p>\n","protected":false},"excerpt":{"rendered":"<p>La d\u00e9marche vise \u00e0 \u00e9changer sur la mise en \u0153uvre d&rsquo;un projet de gestion durable des d\u00e9chets \u00e0\u00a0Kindia\u00a0avec les populations \u00e0 la\u00a0base, mais\u00a0aussi exposer l&rsquo;id\u00e9e d&rsquo;un projet d&rsquo;appui \u00e0 la formation et la mise en \u0153uvre d&rsquo;une strat\u00e9gie partag\u00e9e de gestion de d\u00e9chets solides dans la commune urbaine de\u00a0Kindia\u00a02018-2023. La c\u00e9r\u00e9monie s&rsquo;est d\u00e9roul\u00e9e dans la [&hellip;]<\/p>\n","protected":false},"author":15,"featured_media":22040,"comment_status":"closed","ping_status":"closed","sticky":false,"template":"","format":"standard","meta":{"_exactmetrics_skip_tracking":false,"_exactmetrics_sitenote_active":false,"_exactmetrics_sitenote_note":"","_exactmetrics_sitenote_category":0,"tdm_status":"","tdm_grid_status":"","footnotes":""},"categories":[14],"tags":[],"class_list":{"0":"post-22039","1":"post","2":"type-post","3":"status-publish","4":"format-standard","5":"has-post-thumbnail","7":"category-politique"},"yoast_head":"<!-- This site is optimized with the Yoast SEO plugin v24.2 - https:\/\/yoast.com\/wordpress\/plugins\/seo\/ -->\n<title>Une journ\u00e9e de r\u00e9flexion sur les hypoth\u00e8ses de d\u00e9chets solides au centre des d\u00e9bats \u00e0\u00a0Kindia | Guin\u00e9e Diversit\u00e9<\/title>\n<meta name=\"robots\" content=\"index, follow, max-snippet:-1, max-image-preview:large, max-video-preview:-1\" \/>\n<link rel=\"canonical\" href=\"https:\/\/guineediversite.com\/index.php\/2017\/09\/22\/journee-de-reflexion-hypotheses-de-dechets-solides-centre-debats-a-kindia\/\" \/>\n<meta property=\"og:locale\" content=\"fr_FR\" \/>\n<meta property=\"og:type\" content=\"article\" \/>\n<meta property=\"og:title\" content=\"Une journ\u00e9e de r\u00e9flexion sur les hypoth\u00e8ses de d\u00e9chets solides au centre des d\u00e9bats \u00e0\u00a0Kindia | Guin\u00e9e Diversit\u00e9\" \/>\n<meta property=\"og:description\" content=\"La d\u00e9marche vise \u00e0 \u00e9changer sur la mise en \u0153uvre d&rsquo;un projet de gestion durable des d\u00e9chets \u00e0\u00a0Kindia\u00a0avec les populations \u00e0 la\u00a0base, mais\u00a0aussi exposer l&rsquo;id\u00e9e d&rsquo;un projet d&rsquo;appui \u00e0 la formation et la mise en \u0153uvre d&rsquo;une strat\u00e9gie partag\u00e9e de gestion de d\u00e9chets solides dans la commune urbaine de\u00a0Kindia\u00a02018-2023. La c\u00e9r\u00e9monie s&rsquo;est d\u00e9roul\u00e9e dans la [&hellip;]\" \/>\n<meta property=\"og:url\" content=\"https:\/\/guineediversite.com\/index.php\/2017\/09\/22\/journee-de-reflexion-hypotheses-de-dechets-solides-centre-debats-a-kindia\/\" \/>\n<meta property=\"og:site_name\" content=\"Guin\u00e9e Diversit\u00e9\" \/>\n<meta property=\"article:publisher\" content=\"https:\/\/www.facebook.com\/guineediversite\/\" \/>\n<meta property=\"article:published_time\" content=\"2017-09-21T22:04:11+00:00\" \/>\n<meta property=\"og:image\" content=\"https:\/\/guineediversite.com\/wp-content\/uploads\/2017\/09\/IMG_20170723_105333.jpg\" \/>\n\t<meta property=\"og:image:width\" content=\"1024\" \/>\n\t<meta property=\"og:image:height\" content=\"768\" \/>\n\t<meta property=\"og:image:type\" content=\"image\/jpeg\" \/>\n<meta name=\"author\" content=\"Ibrahima Sory Traor\u00e9\" \/>\n<meta name=\"twitter:card\" content=\"summary_large_image\" \/>\n<meta name=\"twitter:creator\" content=\"@GuineeDiversite\" \/>\n<meta name=\"twitter:site\" content=\"@GuineeDiversite\" \/>\n<meta name=\"twitter:label1\" content=\"\u00c9crit par\" \/>\n\t<meta name=\"twitter:data1\" content=\"Ibrahima Sory Traor\u00e9\" \/>\n\t<meta name=\"twitter:label2\" content=\"Dur\u00e9e de lecture estim\u00e9e\" \/>\n\t<meta name=\"twitter:data2\" content=\"1 minute\" \/>\n<script type=\"application\/ld+json\" class=\"yoast-schema-graph\">{\"@context\":\"https:\/\/schema.org\",\"@graph\":[{\"@type\":\"Article\",\"@id\":\"https:\/\/guineediversite.com\/index.php\/2017\/09\/22\/journee-de-reflexion-hypotheses-de-dechets-solides-centre-debats-a-kindia\/#article\",\"isPartOf\":{\"@id\":\"https:\/\/guineediversite.com\/index.php\/2017\/09\/22\/journee-de-reflexion-hypotheses-de-dechets-solides-centre-debats-a-kindia\/\"},\"author\":{\"name\":\"Ibrahima Sory Traor\u00e9\",\"@id\":\"https:\/\/guineediversite.com\/#\/schema\/person\/6aed6f5eb17d6b9f9afeb7ca914370c7\"},\"headline\":\"Une journ\u00e9e de r\u00e9flexion sur les hypoth\u00e8ses de d\u00e9chets solides au centre des d\u00e9bats \u00e0\u00a0Kindia\",\"datePublished\":\"2017-09-21T22:04:11+00:00\",\"dateModified\":\"2017-09-21T22:04:11+00:00\",\"mainEntityOfPage\":{\"@id\":\"https:\/\/guineediversite.com\/index.php\/2017\/09\/22\/journee-de-reflexion-hypotheses-de-dechets-solides-centre-debats-a-kindia\/\"},\"wordCount\":288,\"publisher\":{\"@id\":\"https:\/\/guineediversite.com\/#organization\"},\"image\":{\"@id\":\"https:\/\/guineediversite.com\/index.php\/2017\/09\/22\/journee-de-reflexion-hypotheses-de-dechets-solides-centre-debats-a-kindia\/#primaryimage\"},\"thumbnailUrl\":\"https:\/\/guineediversite.com\/wp-content\/uploads\/2017\/09\/IMG_20170723_105333.jpg\",\"articleSection\":[\"Politique\"],\"inLanguage\":\"fr-FR\"},{\"@type\":\"WebPage\",\"@id\":\"https:\/\/guineediversite.com\/index.php\/2017\/09\/22\/journee-de-reflexion-hypotheses-de-dechets-solides-centre-debats-a-kindia\/\",\"url\":\"https:\/\/guineediversite.com\/index.php\/2017\/09\/22\/journee-de-reflexion-hypotheses-de-dechets-solides-centre-debats-a-kindia\/\",\"name\":\"Une journ\u00e9e de r\u00e9flexion sur les hypoth\u00e8ses de d\u00e9chets solides au centre des d\u00e9bats \u00e0\u00a0Kindia | Guin\u00e9e Diversit\u00e9\",\"isPartOf\":{\"@id\":\"https:\/\/guineediversite.com\/#website\"},\"primaryImageOfPage\":{\"@id\":\"https:\/\/guineediversite.com\/index.php\/2017\/09\/22\/journee-de-reflexion-hypotheses-de-dechets-solides-centre-debats-a-kindia\/#primaryimage\"},\"image\":{\"@id\":\"https:\/\/guineediversite.com\/index.php\/2017\/09\/22\/journee-de-reflexion-hypotheses-de-dechets-solides-centre-debats-a-kindia\/#primaryimage\"},\"thumbnailUrl\":\"https:\/\/guineediversite.com\/wp-content\/uploads\/2017\/09\/IMG_20170723_105333.jpg\",\"datePublished\":\"2017-09-21T22:04:11+00:00\",\"dateModified\":\"2017-09-21T22:04:11+00:00\",\"breadcrumb\":{\"@id\":\"https:\/\/guineediversite.com\/index.php\/2017\/09\/22\/journee-de-reflexion-hypotheses-de-dechets-solides-centre-debats-a-kindia\/#breadcrumb\"},\"inLanguage\":\"fr-FR\",\"potentialAction\":[{\"@type\":\"ReadAction\",\"target\":[\"https:\/\/guineediversite.com\/index.php\/2017\/09\/22\/journee-de-reflexion-hypotheses-de-dechets-solides-centre-debats-a-kindia\/\"]}]},{\"@type\":\"ImageObject\",\"inLanguage\":\"fr-FR\",\"@id\":\"https:\/\/guineediversite.com\/index.php\/2017\/09\/22\/journee-de-reflexion-hypotheses-de-dechets-solides-centre-debats-a-kindia\/#primaryimage\",\"url\":\"https:\/\/guineediversite.com\/wp-content\/uploads\/2017\/09\/IMG_20170723_105333.jpg\",\"contentUrl\":\"https:\/\/guineediversite.com\/wp-content\/uploads\/2017\/09\/IMG_20170723_105333.jpg\",\"width\":\"1024\",\"height\":\"768\",\"caption\":\"Exif_JPEG_420\"},{\"@type\":\"BreadcrumbList\",\"@id\":\"https:\/\/guineediversite.com\/index.php\/2017\/09\/22\/journee-de-reflexion-hypotheses-de-dechets-solides-centre-debats-a-kindia\/#breadcrumb\",\"itemListElement\":[{\"@type\":\"ListItem\",\"position\":1,\"name\":\"Accueil\",\"item\":\"https:\/\/guineediversite.com\/\"},{\"@type\":\"ListItem\",\"position\":2,\"name\":\"Une journ\u00e9e de r\u00e9flexion sur les hypoth\u00e8ses de d\u00e9chets solides au centre des d\u00e9bats \u00e0\u00a0Kindia\"}]},{\"@type\":\"WebSite\",\"@id\":\"https:\/\/guineediversite.com\/#website\",\"url\":\"https:\/\/guineediversite.com\/\",\"name\":\"Guin\u00e9e Diversit\u00e9\",\"description\":\"L&#039;Info dans toute sa diversit\u00e9\",\"publisher\":{\"@id\":\"https:\/\/guineediversite.com\/#organization\"},\"potentialAction\":[{\"@type\":\"SearchAction\",\"target\":{\"@type\":\"EntryPoint\",\"urlTemplate\":\"https:\/\/guineediversite.com\/?s={search_term_string}\"},\"query-input\":{\"@type\":\"PropertyValueSpecification\",\"valueRequired\":true,\"valueName\":\"search_term_string\"}}],\"inLanguage\":\"fr-FR\"},{\"@type\":\"Organization\",\"@id\":\"https:\/\/guineediversite.com\/#organization\",\"name\":\"Guin\u00e9e Diversit\u00e9\",\"url\":\"https:\/\/guineediversite.com\/\",\"logo\":{\"@type\":\"ImageObject\",\"inLanguage\":\"fr-FR\",\"@id\":\"https:\/\/guineediversite.com\/#\/schema\/logo\/image\/\",\"url\":\"https:\/\/guineediversite.com\/wp-content\/uploads\/2017\/04\/cropped-1jojlxEOMkX9Wyqfhe43D6kjPOGqBBKmx3EwWJqZ0cMrFF54yM49.png\",\"contentUrl\":\"https:\/\/guineediversite.com\/wp-content\/uploads\/2017\/04\/cropped-1jojlxEOMkX9Wyqfhe43D6kjPOGqBBKmx3EwWJqZ0cMrFF54yM49.png\",\"width\":186,\"height\":112,\"caption\":\"Guin\u00e9e Diversit\u00e9\"},\"image\":{\"@id\":\"https:\/\/guineediversite.com\/#\/schema\/logo\/image\/\"},\"sameAs\":[\"https:\/\/www.facebook.com\/guineediversite\/\",\"https:\/\/x.com\/GuineeDiversite\",\"https:\/\/www.youtube.com\/channel\/UC8sUY16qelG5ge6_D5SB83g\"]},{\"@type\":\"Person\",\"@id\":\"https:\/\/guineediversite.com\/#\/schema\/person\/6aed6f5eb17d6b9f9afeb7ca914370c7\",\"name\":\"Ibrahima Sory Traor\u00e9\",\"image\":{\"@type\":\"ImageObject\",\"inLanguage\":\"fr-FR\",\"@id\":\"https:\/\/guineediversite.com\/#\/schema\/person\/image\/\",\"url\":\"https:\/\/secure.gravatar.com\/avatar\/51156bdc75af4a2c26800dc367e55341?s=96&d=mm&r=g\",\"contentUrl\":\"https:\/\/secure.gravatar.com\/avatar\/51156bdc75af4a2c26800dc367e55341?s=96&d=mm&r=g\",\"caption\":\"Ibrahima Sory Traor\u00e9\"},\"url\":\"https:\/\/guineediversite.com\/index.php\/author\/ibrahima\/\"}]}<\/script>\n<!-- \/ Yoast SEO plugin. -->","yoast_head_json":{"title":"Une journ\u00e9e de r\u00e9flexion sur les hypoth\u00e8ses de d\u00e9chets solides au centre des d\u00e9bats \u00e0\u00a0Kindia | Guin\u00e9e Diversit\u00e9","robots":{"index":"index","follow":"follow","max-snippet":"max-snippet:-1","max-image-preview":"max-image-preview:large","max-video-preview":"max-video-preview:-1"},"canonical":"https:\/\/guineediversite.com\/index.php\/2017\/09\/22\/journee-de-reflexion-hypotheses-de-dechets-solides-centre-debats-a-kindia\/","og_locale":"fr_FR","og_type":"article","og_title":"Une journ\u00e9e de r\u00e9flexion sur les hypoth\u00e8ses de d\u00e9chets solides au centre des d\u00e9bats \u00e0\u00a0Kindia | Guin\u00e9e Diversit\u00e9","og_description":"La d\u00e9marche vise \u00e0 \u00e9changer sur la mise en \u0153uvre d&rsquo;un projet de gestion durable des d\u00e9chets \u00e0\u00a0Kindia\u00a0avec les populations \u00e0 la\u00a0base, mais\u00a0aussi exposer l&rsquo;id\u00e9e d&rsquo;un projet d&rsquo;appui \u00e0 la formation et la mise en \u0153uvre d&rsquo;une strat\u00e9gie partag\u00e9e de gestion de d\u00e9chets solides dans la commune urbaine de\u00a0Kindia\u00a02018-2023. La c\u00e9r\u00e9monie s&rsquo;est d\u00e9roul\u00e9e dans la [&hellip;]","og_url":"https:\/\/guineediversite.com\/index.php\/2017\/09\/22\/journee-de-reflexion-hypotheses-de-dechets-solides-centre-debats-a-kindia\/","og_site_name":"Guin\u00e9e Diversit\u00e9","article_publisher":"https:\/\/www.facebook.com\/guineediversite\/","article_published_time":"2017-09-21T22:04:11+00:00","og_image":[{"width":1024,"height":768,"url":"https:\/\/guineediversite.com\/wp-content\/uploads\/2017\/09\/IMG_20170723_105333.jpg","type":"image\/jpeg"}],"author":"Ibrahima Sory Traor\u00e9","twitter_card":"summary_large_image","twitter_creator":"@GuineeDiversite","twitter_site":"@GuineeDiversite","twitter_misc":{"\u00c9crit par":"Ibrahima Sory Traor\u00e9","Dur\u00e9e de lecture estim\u00e9e":"1 minute"},"schema":{"@context":"https:\/\/schema.org","@graph":[{"@type":"Article","@id":"https:\/\/guineediversite.com\/index.php\/2017\/09\/22\/journee-de-reflexion-hypotheses-de-dechets-solides-centre-debats-a-kindia\/#article","isPartOf":{"@id":"https:\/\/guineediversite.com\/index.php\/2017\/09\/22\/journee-de-reflexion-hypotheses-de-dechets-solides-centre-debats-a-kindia\/"},"author":{"name":"Ibrahima Sory Traor\u00e9","@id":"https:\/\/guineediversite.com\/#\/schema\/person\/6aed6f5eb17d6b9f9afeb7ca914370c7"},"headline":"Une journ\u00e9e de r\u00e9flexion sur les hypoth\u00e8ses de d\u00e9chets solides au centre des d\u00e9bats \u00e0\u00a0Kindia","datePublished":"2017-09-21T22:04:11+00:00","dateModified":"2017-09-21T22:04:11+00:00","mainEntityOfPage":{"@id":"https:\/\/guineediversite.com\/index.php\/2017\/09\/22\/journee-de-reflexion-hypotheses-de-dechets-solides-centre-debats-a-kindia\/"},"wordCount":288,"publisher":{"@id":"https:\/\/guineediversite.com\/#organization"},"image":{"@id":"https:\/\/guineediversite.com\/index.php\/2017\/09\/22\/journee-de-reflexion-hypotheses-de-dechets-solides-centre-debats-a-kindia\/#primaryimage"},"thumbnailUrl":"https:\/\/guineediversite.com\/wp-content\/uploads\/2017\/09\/IMG_20170723_105333.jpg","articleSection":["Politique"],"inLanguage":"fr-FR"},{"@type":"WebPage","@id":"https:\/\/guineediversite.com\/index.php\/2017\/09\/22\/journee-de-reflexion-hypotheses-de-dechets-solides-centre-debats-a-kindia\/","url":"https:\/\/guineediversite.com\/index.php\/2017\/09\/22\/journee-de-reflexion-hypotheses-de-dechets-solides-centre-debats-a-kindia\/","name":"Une journ\u00e9e de r\u00e9flexion sur les hypoth\u00e8ses de d\u00e9chets solides au centre des d\u00e9bats \u00e0\u00a0Kindia | Guin\u00e9e Diversit\u00e9","isPartOf":{"@id":"https:\/\/guineediversite.com\/#website"},"primaryImageOfPage":{"@id":"https:\/\/guineediversite.com\/index.php\/2017\/09\/22\/journee-de-reflexion-hypotheses-de-dechets-solides-centre-debats-a-kindia\/#primaryimage"},"image":{"@id":"https:\/\/guineediversite.com\/index.php\/2017\/09\/22\/journee-de-reflexion-hypotheses-de-dechets-solides-centre-debats-a-kindia\/#primaryimage"},"thumbnailUrl":"https:\/\/guineediversite.com\/wp-content\/uploads\/2017\/09\/IMG_20170723_105333.jpg","datePublished":"2017-09-21T22:04:11+00:00","dateModified":"2017-09-21T22:04:11+00:00","breadcrumb":{"@id":"https:\/\/guineediversite.com\/index.php\/2017\/09\/22\/journee-de-reflexion-hypotheses-de-dechets-solides-centre-debats-a-kindia\/#breadcrumb"},"inLanguage":"fr-FR","potentialAction":[{"@type":"ReadAction","target":["https:\/\/guineediversite.com\/index.php\/2017\/09\/22\/journee-de-reflexion-hypotheses-de-dechets-solides-centre-debats-a-kindia\/"]}]},{"@type":"ImageObject","inLanguage":"fr-FR","@id":"https:\/\/guineediversite.com\/index.php\/2017\/09\/22\/journee-de-reflexion-hypotheses-de-dechets-solides-centre-debats-a-kindia\/#primaryimage","url":"https:\/\/guineediversite.com\/wp-content\/uploads\/2017\/09\/IMG_20170723_105333.jpg","contentUrl":"https:\/\/guineediversite.com\/wp-content\/uploads\/2017\/09\/IMG_20170723_105333.jpg","width":"1024","height":"768","caption":"Exif_JPEG_420"},{"@type":"BreadcrumbList","@id":"https:\/\/guineediversite.com\/index.php\/2017\/09\/22\/journee-de-reflexion-hypotheses-de-dechets-solides-centre-debats-a-kindia\/#breadcrumb","itemListElement":[{"@type":"ListItem","position":1,"name":"Accueil","item":"https:\/\/guineediversite.com\/"},{"@type":"ListItem","position":2,"name":"Une journ\u00e9e de r\u00e9flexion sur les hypoth\u00e8ses de d\u00e9chets solides au centre des d\u00e9bats \u00e0\u00a0Kindia"}]},{"@type":"WebSite","@id":"https:\/\/guineediversite.com\/#website","url":"https:\/\/guineediversite.com\/","name":"Guin\u00e9e Diversit\u00e9","description":"L&#039;Info dans toute sa diversit\u00e9","publisher":{"@id":"https:\/\/guineediversite.com\/#organization"},"potentialAction":[{"@type":"SearchAction","target":{"@type":"EntryPoint","urlTemplate":"https:\/\/guineediversite.com\/?s={search_term_string}"},"query-input":{"@type":"PropertyValueSpecification","valueRequired":true,"valueName":"search_term_string"}}],"inLanguage":"fr-FR"},{"@type":"Organization","@id":"https:\/\/guineediversite.com\/#organization","name":"Guin\u00e9e Diversit\u00e9","url":"https:\/\/guineediversite.com\/","logo":{"@type":"ImageObject","inLanguage":"fr-FR","@id":"https:\/\/guineediversite.com\/#\/schema\/logo\/image\/","url":"https:\/\/guineediversite.com\/wp-content\/uploads\/2017\/04\/cropped-1jojlxEOMkX9Wyqfhe43D6kjPOGqBBKmx3EwWJqZ0cMrFF54yM49.png","contentUrl":"https:\/\/guineediversite.com\/wp-content\/uploads\/2017\/04\/cropped-1jojlxEOMkX9Wyqfhe43D6kjPOGqBBKmx3EwWJqZ0cMrFF54yM49.png","width":186,"height":112,"caption":"Guin\u00e9e Diversit\u00e9"},"image":{"@id":"https:\/\/guineediversite.com\/#\/schema\/logo\/image\/"},"sameAs":["https:\/\/www.facebook.com\/guineediversite\/","https:\/\/x.com\/GuineeDiversite","https:\/\/www.youtube.com\/channel\/UC8sUY16qelG5ge6_D5SB83g"]},{"@type":"Person","@id":"https:\/\/guineediversite.com\/#\/schema\/person\/6aed6f5eb17d6b9f9afeb7ca914370c7","name":"Ibrahima Sory Traor\u00e9","image":{"@type":"ImageObject","inLanguage":"fr-FR","@id":"https:\/\/guineediversite.com\/#\/schema\/person\/image\/","url":"https:\/\/secure.gravatar.com\/avatar\/51156bdc75af4a2c26800dc367e55341?s=96&d=mm&r=g","contentUrl":"https:\/\/secure.gravatar.com\/avatar\/51156bdc75af4a2c26800dc367e55341?s=96&d=mm&r=g","caption":"Ibrahima Sory Traor\u00e9"},"url":"https:\/\/guineediversite.com\/index.php\/author\/ibrahima\/"}]}},"_links":{"self":[{"href":"https:\/\/guineediversite.com\/index.php\/wp-json\/wp\/v2\/posts\/22039"}],"collection":[{"href":"https:\/\/guineediversite.com\/index.php\/wp-json\/wp\/v2\/posts"}],"about":[{"href":"https:\/\/guineediversite.com\/index.php\/wp-json\/wp\/v2\/types\/post"}],"author":[{"embeddable":true,"href":"https:\/\/guineediversite.com\/index.php\/wp-json\/wp\/v2\/users\/15"}],"replies":[{"embeddable":true,"href":"https:\/\/guineediversite.com\/index.php\/wp-json\/wp\/v2\/comments?post=22039"}],"version-history":[{"count":0,"href":"https:\/\/guineediversite.com\/index.php\/wp-json\/wp\/v2\/posts\/22039\/revisions"}],"wp:featuredmedia":[{"embeddable":true,"href":"https:\/\/guineediversite.com\/index.php\/wp-json\/wp\/v2\/media\/22040"}],"wp:attachment":[{"href":"https:\/\/guineediversite.com\/index.php\/wp-json\/wp\/v2\/media?parent=22039"}],"wp:term":[{"taxonomy":"category","embeddable":true,"href":"https:\/\/guineediversite.com\/index.php\/wp-json\/wp\/v2\/categories?post=22039"},{"taxonomy":"post_tag","embeddable":true,"href":"https:\/\/guineediversite.com\/index.php\/wp-json\/wp\/v2\/tags?post=22039"}],"curies":[{"name":"wp","href":"https:\/\/api.w.org\/{rel}","templated":true}]}}