{"id":21956,"date":"2017-09-19T17:27:50","date_gmt":"2017-09-19T15:27:50","guid":{"rendered":"https:\/\/guineediversite.com\/?p=21956"},"modified":"2017-09-19T17:27:50","modified_gmt":"2017-09-19T15:27:50","slug":"secretaire-general-de-lonu-plaide-responsabilite","status":"publish","type":"post","link":"https:\/\/guineediversite.com\/index.php\/2017\/09\/19\/secretaire-general-de-lonu-plaide-responsabilite\/","title":{"rendered":"Le secr\u00e9taire g\u00e9n\u00e9ral de l&rsquo;Onu plaide pour la responsabilit\u00e9"},"content":{"rendered":"<p class=\"canvas-atom canvas-text Mb(1.0em) Mb(0)--sm Mt(0.8em)--sm\"><strong>Le secr\u00e9taire g\u00e9n\u00e9ral de l&rsquo;Onu a invit\u00e9 mardi les chefs d&rsquo;Etat et de gouvernement \u00e0 faire preuve de responsabilit\u00e9 pour \u00e9viter un conflit arm\u00e9 avec la Cor\u00e9e du Nord et a regrett\u00e9 que certains d&rsquo;entre eux exploitent la crise des r\u00e9fugi\u00e9s \u00e0 des fins politiques.<\/strong><\/p>\n<p class=\"canvas-atom canvas-text Mb(1.0em) Mb(0)--sm Mt(0.8em)--sm\">\u00ab\u00a0Le moment est venu de montrer des qualit\u00e9s d&rsquo;homme d&rsquo;Etat. Nous ne devons pas aller vers la guerre comme des somnambules\u00a0\u00bb, a d\u00e9clar\u00e9 Antonio Guterres, dont le premier discours devant l&rsquo;Assembl\u00e9e g\u00e9n\u00e9rale de l&rsquo;Onu s&rsquo;adressait probablement davantage \u00e0 Donald Trump.<\/p>\n<p class=\"canvas-atom canvas-text Mb(1.0em) Mb(0)--sm Mt(0.8em)--sm\">Le pr\u00e9sident am\u00e9ricain n&rsquo;exclut pas un recours \u00e0 la force face aux menaces de la Cor\u00e9e du Nord, qui a proc\u00e9d\u00e9 r\u00e9cemment \u00e0 son sixi\u00e8me essai nucl\u00e9aire et multiplie les tirs de missiles.<\/p>\n<p class=\"canvas-atom canvas-text Mb(1.0em) Mb(0)--sm Mt(0.8em)--sm\">Depuis 2006, le Conseil de s\u00e9curit\u00e9 lui a inflig\u00e9 neuf trains de sanctions, tous adopt\u00e9s \u00e0 l&rsquo;unanimit\u00e9, et Antonio Guterres a invit\u00e9 les 15 Etats-membres \u00e0 pr\u00e9server cette coh\u00e9sion.<\/p>\n<p class=\"canvas-atom canvas-text Mb(1.0em) Mb(0)--sm Mt(0.8em)--sm\">L&rsquo;ancien Premier ministre portugais, qui a dirig\u00e9 le Haut Commissariat de l&rsquo;Onu aux r\u00e9fugi\u00e9s, s&rsquo;est en outre dit \u00ab\u00a0pein\u00e9 de voir les r\u00e9fugi\u00e9s et les migrants catalogu\u00e9s et pris comme boucs \u00e9missaires, et des personnalit\u00e9s politiques attiser le ressentiment \u00e0 des fins \u00e9lectorales\u00a0\u00bb.<\/p>\n<p class=\"canvas-atom canvas-text Mb(1.0em) Mb(0)--sm Mt(0.8em)--sm\">\u00ab\u00a0Je suis moi-m\u00eame un migrant, comme beaucoup d&rsquo;entre vous, mais personne n&rsquo;imaginait que je puisse risquer ma vie sur un bateau qui prend l&rsquo;eau ou en traversant un d\u00e9sert \u00e0 l&rsquo;arri\u00e8re d&rsquo;un camion pour aller chercher un travail loin de mon pays natal. Emigrer en toute s\u00e9curit\u00e9 ne doit pas \u00eatre r\u00e9serv\u00e9 \u00e0 l&rsquo;\u00e9lite mondiale\u00a0\u00bb, a-t-il poursuivi.<\/p>\n<p class=\"canvas-atom canvas-text Mb(1.0em) Mb(0)--sm Mt(0.8em)--sm\">Abordant la question du r\u00e9chauffement climatique, Antonio Guterres a invit\u00e9 les Etats membres \u00e0 faire preuve \u00ab\u00a0d&rsquo;une ambition toujours plus grande\u00a0\u00bb dans la mise en oeuvre de l&rsquo;Accord de Paris sur la r\u00e9duction des \u00e9missions de gaz \u00e0 effet de serre.<\/p>\n<p><strong>Reuters\u00a0<\/strong><\/p>\n","protected":false},"excerpt":{"rendered":"<p>Le secr\u00e9taire g\u00e9n\u00e9ral de l&rsquo;Onu a invit\u00e9 mardi les chefs d&rsquo;Etat et de gouvernement \u00e0 faire preuve de responsabilit\u00e9 pour \u00e9viter un conflit arm\u00e9 avec la Cor\u00e9e du Nord et a regrett\u00e9 que certains d&rsquo;entre eux exploitent la crise des r\u00e9fugi\u00e9s \u00e0 des fins politiques. \u00ab\u00a0Le moment est venu de montrer des qualit\u00e9s d&rsquo;homme d&rsquo;Etat. [&hellip;]<\/p>\n","protected":false},"author":12,"featured_media":21957,"comment_status":"closed","ping_status":"closed","sticky":false,"template":"","format":"standard","meta":{"_exactmetrics_skip_tracking":false,"_exactmetrics_sitenote_active":false,"_exactmetrics_sitenote_note":"","_exactmetrics_sitenote_category":0,"tdm_status":"","tdm_grid_status":"","footnotes":""},"categories":[21],"tags":[252],"class_list":{"0":"post-21956","1":"post","2":"type-post","3":"status-publish","4":"format-standard","5":"has-post-thumbnail","7":"category-international","8":"tag-onu"},"yoast_head":"<!-- This site is optimized with the Yoast SEO plugin v24.2 - https:\/\/yoast.com\/wordpress\/plugins\/seo\/ -->\n<title>Le secr\u00e9taire g\u00e9n\u00e9ral de l&#039;Onu plaide pour la responsabilit\u00e9 | Guin\u00e9e Diversit\u00e9<\/title>\n<meta name=\"robots\" content=\"index, follow, max-snippet:-1, max-image-preview:large, max-video-preview:-1\" \/>\n<link rel=\"canonical\" href=\"https:\/\/guineediversite.com\/index.php\/2017\/09\/19\/secretaire-general-de-lonu-plaide-responsabilite\/\" \/>\n<meta property=\"og:locale\" content=\"fr_FR\" \/>\n<meta property=\"og:type\" content=\"article\" \/>\n<meta property=\"og:title\" content=\"Le secr\u00e9taire g\u00e9n\u00e9ral de l&#039;Onu plaide pour la responsabilit\u00e9 | Guin\u00e9e Diversit\u00e9\" \/>\n<meta property=\"og:description\" content=\"Le secr\u00e9taire g\u00e9n\u00e9ral de l&rsquo;Onu a invit\u00e9 mardi les chefs d&rsquo;Etat et de gouvernement \u00e0 faire preuve de responsabilit\u00e9 pour \u00e9viter un conflit arm\u00e9 avec la Cor\u00e9e du Nord et a regrett\u00e9 que certains d&rsquo;entre eux exploitent la crise des r\u00e9fugi\u00e9s \u00e0 des fins politiques. \u00ab\u00a0Le moment est venu de montrer des qualit\u00e9s d&rsquo;homme d&rsquo;Etat. [&hellip;]\" \/>\n<meta property=\"og:url\" content=\"https:\/\/guineediversite.com\/index.php\/2017\/09\/19\/secretaire-general-de-lonu-plaide-responsabilite\/\" \/>\n<meta property=\"og:site_name\" content=\"Guin\u00e9e Diversit\u00e9\" \/>\n<meta property=\"article:publisher\" content=\"https:\/\/www.facebook.com\/guineediversite\/\" \/>\n<meta property=\"article:published_time\" content=\"2017-09-19T15:27:50+00:00\" \/>\n<meta property=\"og:image\" content=\"https:\/\/guineediversite.com\/wp-content\/uploads\/2017\/09\/2017-09-19T145623Z_2_LYNXNPED8I11K_RTROPTP_3_UN-ASSEMBLY.JPG.cf_.jpg\" \/>\n\t<meta property=\"og:image:width\" content=\"1024\" \/>\n\t<meta property=\"og:image:height\" content=\"740\" \/>\n\t<meta property=\"og:image:type\" content=\"image\/jpeg\" \/>\n<meta name=\"author\" content=\"Guin\u00e9e Diversit\u00e9\" \/>\n<meta name=\"twitter:card\" content=\"summary_large_image\" \/>\n<meta name=\"twitter:creator\" content=\"@GuineeDiversite\" \/>\n<meta name=\"twitter:site\" content=\"@GuineeDiversite\" \/>\n<meta name=\"twitter:label1\" content=\"\u00c9crit par\" \/>\n\t<meta name=\"twitter:data1\" content=\"Guin\u00e9e Diversit\u00e9\" \/>\n\t<meta name=\"twitter:label2\" content=\"Dur\u00e9e de lecture estim\u00e9e\" \/>\n\t<meta name=\"twitter:data2\" content=\"2 minutes\" \/>\n<script type=\"application\/ld+json\" class=\"yoast-schema-graph\">{\"@context\":\"https:\/\/schema.org\",\"@graph\":[{\"@type\":\"Article\",\"@id\":\"https:\/\/guineediversite.com\/index.php\/2017\/09\/19\/secretaire-general-de-lonu-plaide-responsabilite\/#article\",\"isPartOf\":{\"@id\":\"https:\/\/guineediversite.com\/index.php\/2017\/09\/19\/secretaire-general-de-lonu-plaide-responsabilite\/\"},\"author\":{\"name\":\"Guin\u00e9e Diversit\u00e9\",\"@id\":\"https:\/\/guineediversite.com\/#\/schema\/person\/afa08fb34e7fc6e1feafc892612bc836\"},\"headline\":\"Le secr\u00e9taire g\u00e9n\u00e9ral de l&rsquo;Onu plaide pour la responsabilit\u00e9\",\"datePublished\":\"2017-09-19T15:27:50+00:00\",\"dateModified\":\"2017-09-19T15:27:50+00:00\",\"mainEntityOfPage\":{\"@id\":\"https:\/\/guineediversite.com\/index.php\/2017\/09\/19\/secretaire-general-de-lonu-plaide-responsabilite\/\"},\"wordCount\":344,\"publisher\":{\"@id\":\"https:\/\/guineediversite.com\/#organization\"},\"image\":{\"@id\":\"https:\/\/guineediversite.com\/index.php\/2017\/09\/19\/secretaire-general-de-lonu-plaide-responsabilite\/#primaryimage\"},\"thumbnailUrl\":\"https:\/\/guineediversite.com\/wp-content\/uploads\/2017\/09\/2017-09-19T145623Z_2_LYNXNPED8I11K_RTROPTP_3_UN-ASSEMBLY.JPG.cf_.jpg\",\"keywords\":[\"ONU\"],\"articleSection\":[\"International\"],\"inLanguage\":\"fr-FR\"},{\"@type\":\"WebPage\",\"@id\":\"https:\/\/guineediversite.com\/index.php\/2017\/09\/19\/secretaire-general-de-lonu-plaide-responsabilite\/\",\"url\":\"https:\/\/guineediversite.com\/index.php\/2017\/09\/19\/secretaire-general-de-lonu-plaide-responsabilite\/\",\"name\":\"Le secr\u00e9taire g\u00e9n\u00e9ral de l'Onu plaide pour la responsabilit\u00e9 | Guin\u00e9e Diversit\u00e9\",\"isPartOf\":{\"@id\":\"https:\/\/guineediversite.com\/#website\"},\"primaryImageOfPage\":{\"@id\":\"https:\/\/guineediversite.com\/index.php\/2017\/09\/19\/secretaire-general-de-lonu-plaide-responsabilite\/#primaryimage\"},\"image\":{\"@id\":\"https:\/\/guineediversite.com\/index.php\/2017\/09\/19\/secretaire-general-de-lonu-plaide-responsabilite\/#primaryimage\"},\"thumbnailUrl\":\"https:\/\/guineediversite.com\/wp-content\/uploads\/2017\/09\/2017-09-19T145623Z_2_LYNXNPED8I11K_RTROPTP_3_UN-ASSEMBLY.JPG.cf_.jpg\",\"datePublished\":\"2017-09-19T15:27:50+00:00\",\"dateModified\":\"2017-09-19T15:27:50+00:00\",\"breadcrumb\":{\"@id\":\"https:\/\/guineediversite.com\/index.php\/2017\/09\/19\/secretaire-general-de-lonu-plaide-responsabilite\/#breadcrumb\"},\"inLanguage\":\"fr-FR\",\"potentialAction\":[{\"@type\":\"ReadAction\",\"target\":[\"https:\/\/guineediversite.com\/index.php\/2017\/09\/19\/secretaire-general-de-lonu-plaide-responsabilite\/\"]}]},{\"@type\":\"ImageObject\",\"inLanguage\":\"fr-FR\",\"@id\":\"https:\/\/guineediversite.com\/index.php\/2017\/09\/19\/secretaire-general-de-lonu-plaide-responsabilite\/#primaryimage\",\"url\":\"https:\/\/guineediversite.com\/wp-content\/uploads\/2017\/09\/2017-09-19T145623Z_2_LYNXNPED8I11K_RTROPTP_3_UN-ASSEMBLY.JPG.cf_.jpg\",\"contentUrl\":\"https:\/\/guineediversite.com\/wp-content\/uploads\/2017\/09\/2017-09-19T145623Z_2_LYNXNPED8I11K_RTROPTP_3_UN-ASSEMBLY.JPG.cf_.jpg\",\"width\":\"1024\",\"height\":\"740\"},{\"@type\":\"BreadcrumbList\",\"@id\":\"https:\/\/guineediversite.com\/index.php\/2017\/09\/19\/secretaire-general-de-lonu-plaide-responsabilite\/#breadcrumb\",\"itemListElement\":[{\"@type\":\"ListItem\",\"position\":1,\"name\":\"Accueil\",\"item\":\"https:\/\/guineediversite.com\/\"},{\"@type\":\"ListItem\",\"position\":2,\"name\":\"Le secr\u00e9taire g\u00e9n\u00e9ral de l&rsquo;Onu plaide pour la responsabilit\u00e9\"}]},{\"@type\":\"WebSite\",\"@id\":\"https:\/\/guineediversite.com\/#website\",\"url\":\"https:\/\/guineediversite.com\/\",\"name\":\"Guin\u00e9e Diversit\u00e9\",\"description\":\"L&#039;Info dans toute sa diversit\u00e9\",\"publisher\":{\"@id\":\"https:\/\/guineediversite.com\/#organization\"},\"potentialAction\":[{\"@type\":\"SearchAction\",\"target\":{\"@type\":\"EntryPoint\",\"urlTemplate\":\"https:\/\/guineediversite.com\/?s={search_term_string}\"},\"query-input\":{\"@type\":\"PropertyValueSpecification\",\"valueRequired\":true,\"valueName\":\"search_term_string\"}}],\"inLanguage\":\"fr-FR\"},{\"@type\":\"Organization\",\"@id\":\"https:\/\/guineediversite.com\/#organization\",\"name\":\"Guin\u00e9e Diversit\u00e9\",\"url\":\"https:\/\/guineediversite.com\/\",\"logo\":{\"@type\":\"ImageObject\",\"inLanguage\":\"fr-FR\",\"@id\":\"https:\/\/guineediversite.com\/#\/schema\/logo\/image\/\",\"url\":\"https:\/\/guineediversite.com\/wp-content\/uploads\/2017\/04\/cropped-1jojlxEOMkX9Wyqfhe43D6kjPOGqBBKmx3EwWJqZ0cMrFF54yM49.png\",\"contentUrl\":\"https:\/\/guineediversite.com\/wp-content\/uploads\/2017\/04\/cropped-1jojlxEOMkX9Wyqfhe43D6kjPOGqBBKmx3EwWJqZ0cMrFF54yM49.png\",\"width\":186,\"height\":112,\"caption\":\"Guin\u00e9e Diversit\u00e9\"},\"image\":{\"@id\":\"https:\/\/guineediversite.com\/#\/schema\/logo\/image\/\"},\"sameAs\":[\"https:\/\/www.facebook.com\/guineediversite\/\",\"https:\/\/x.com\/GuineeDiversite\",\"https:\/\/www.youtube.com\/channel\/UC8sUY16qelG5ge6_D5SB83g\"]},{\"@type\":\"Person\",\"@id\":\"https:\/\/guineediversite.com\/#\/schema\/person\/afa08fb34e7fc6e1feafc892612bc836\",\"name\":\"Guin\u00e9e Diversit\u00e9\",\"image\":{\"@type\":\"ImageObject\",\"inLanguage\":\"fr-FR\",\"@id\":\"https:\/\/guineediversite.com\/#\/schema\/person\/image\/\",\"url\":\"https:\/\/secure.gravatar.com\/avatar\/50d5eb5b390f8b65ac30ac6f898eb83a?s=96&d=mm&r=g\",\"contentUrl\":\"https:\/\/secure.gravatar.com\/avatar\/50d5eb5b390f8b65ac30ac6f898eb83a?s=96&d=mm&r=g\",\"caption\":\"Guin\u00e9e Diversit\u00e9\"},\"url\":\"https:\/\/guineediversite.com\/index.php\/author\/guineediversite\/\"}]}<\/script>\n<!-- \/ Yoast SEO plugin. -->","yoast_head_json":{"title":"Le secr\u00e9taire g\u00e9n\u00e9ral de l'Onu plaide pour la responsabilit\u00e9 | Guin\u00e9e Diversit\u00e9","robots":{"index":"index","follow":"follow","max-snippet":"max-snippet:-1","max-image-preview":"max-image-preview:large","max-video-preview":"max-video-preview:-1"},"canonical":"https:\/\/guineediversite.com\/index.php\/2017\/09\/19\/secretaire-general-de-lonu-plaide-responsabilite\/","og_locale":"fr_FR","og_type":"article","og_title":"Le secr\u00e9taire g\u00e9n\u00e9ral de l'Onu plaide pour la responsabilit\u00e9 | Guin\u00e9e Diversit\u00e9","og_description":"Le secr\u00e9taire g\u00e9n\u00e9ral de l&rsquo;Onu a invit\u00e9 mardi les chefs d&rsquo;Etat et de gouvernement \u00e0 faire preuve de responsabilit\u00e9 pour \u00e9viter un conflit arm\u00e9 avec la Cor\u00e9e du Nord et a regrett\u00e9 que certains d&rsquo;entre eux exploitent la crise des r\u00e9fugi\u00e9s \u00e0 des fins politiques. \u00ab\u00a0Le moment est venu de montrer des qualit\u00e9s d&rsquo;homme d&rsquo;Etat. [&hellip;]","og_url":"https:\/\/guineediversite.com\/index.php\/2017\/09\/19\/secretaire-general-de-lonu-plaide-responsabilite\/","og_site_name":"Guin\u00e9e Diversit\u00e9","article_publisher":"https:\/\/www.facebook.com\/guineediversite\/","article_published_time":"2017-09-19T15:27:50+00:00","og_image":[{"width":1024,"height":740,"url":"https:\/\/guineediversite.com\/wp-content\/uploads\/2017\/09\/2017-09-19T145623Z_2_LYNXNPED8I11K_RTROPTP_3_UN-ASSEMBLY.JPG.cf_.jpg","type":"image\/jpeg"}],"author":"Guin\u00e9e Diversit\u00e9","twitter_card":"summary_large_image","twitter_creator":"@GuineeDiversite","twitter_site":"@GuineeDiversite","twitter_misc":{"\u00c9crit par":"Guin\u00e9e Diversit\u00e9","Dur\u00e9e de lecture estim\u00e9e":"2 minutes"},"schema":{"@context":"https:\/\/schema.org","@graph":[{"@type":"Article","@id":"https:\/\/guineediversite.com\/index.php\/2017\/09\/19\/secretaire-general-de-lonu-plaide-responsabilite\/#article","isPartOf":{"@id":"https:\/\/guineediversite.com\/index.php\/2017\/09\/19\/secretaire-general-de-lonu-plaide-responsabilite\/"},"author":{"name":"Guin\u00e9e Diversit\u00e9","@id":"https:\/\/guineediversite.com\/#\/schema\/person\/afa08fb34e7fc6e1feafc892612bc836"},"headline":"Le secr\u00e9taire g\u00e9n\u00e9ral de l&rsquo;Onu plaide pour la responsabilit\u00e9","datePublished":"2017-09-19T15:27:50+00:00","dateModified":"2017-09-19T15:27:50+00:00","mainEntityOfPage":{"@id":"https:\/\/guineediversite.com\/index.php\/2017\/09\/19\/secretaire-general-de-lonu-plaide-responsabilite\/"},"wordCount":344,"publisher":{"@id":"https:\/\/guineediversite.com\/#organization"},"image":{"@id":"https:\/\/guineediversite.com\/index.php\/2017\/09\/19\/secretaire-general-de-lonu-plaide-responsabilite\/#primaryimage"},"thumbnailUrl":"https:\/\/guineediversite.com\/wp-content\/uploads\/2017\/09\/2017-09-19T145623Z_2_LYNXNPED8I11K_RTROPTP_3_UN-ASSEMBLY.JPG.cf_.jpg","keywords":["ONU"],"articleSection":["International"],"inLanguage":"fr-FR"},{"@type":"WebPage","@id":"https:\/\/guineediversite.com\/index.php\/2017\/09\/19\/secretaire-general-de-lonu-plaide-responsabilite\/","url":"https:\/\/guineediversite.com\/index.php\/2017\/09\/19\/secretaire-general-de-lonu-plaide-responsabilite\/","name":"Le secr\u00e9taire g\u00e9n\u00e9ral de l'Onu plaide pour la responsabilit\u00e9 | Guin\u00e9e Diversit\u00e9","isPartOf":{"@id":"https:\/\/guineediversite.com\/#website"},"primaryImageOfPage":{"@id":"https:\/\/guineediversite.com\/index.php\/2017\/09\/19\/secretaire-general-de-lonu-plaide-responsabilite\/#primaryimage"},"image":{"@id":"https:\/\/guineediversite.com\/index.php\/2017\/09\/19\/secretaire-general-de-lonu-plaide-responsabilite\/#primaryimage"},"thumbnailUrl":"https:\/\/guineediversite.com\/wp-content\/uploads\/2017\/09\/2017-09-19T145623Z_2_LYNXNPED8I11K_RTROPTP_3_UN-ASSEMBLY.JPG.cf_.jpg","datePublished":"2017-09-19T15:27:50+00:00","dateModified":"2017-09-19T15:27:50+00:00","breadcrumb":{"@id":"https:\/\/guineediversite.com\/index.php\/2017\/09\/19\/secretaire-general-de-lonu-plaide-responsabilite\/#breadcrumb"},"inLanguage":"fr-FR","potentialAction":[{"@type":"ReadAction","target":["https:\/\/guineediversite.com\/index.php\/2017\/09\/19\/secretaire-general-de-lonu-plaide-responsabilite\/"]}]},{"@type":"ImageObject","inLanguage":"fr-FR","@id":"https:\/\/guineediversite.com\/index.php\/2017\/09\/19\/secretaire-general-de-lonu-plaide-responsabilite\/#primaryimage","url":"https:\/\/guineediversite.com\/wp-content\/uploads\/2017\/09\/2017-09-19T145623Z_2_LYNXNPED8I11K_RTROPTP_3_UN-ASSEMBLY.JPG.cf_.jpg","contentUrl":"https:\/\/guineediversite.com\/wp-content\/uploads\/2017\/09\/2017-09-19T145623Z_2_LYNXNPED8I11K_RTROPTP_3_UN-ASSEMBLY.JPG.cf_.jpg","width":"1024","height":"740"},{"@type":"BreadcrumbList","@id":"https:\/\/guineediversite.com\/index.php\/2017\/09\/19\/secretaire-general-de-lonu-plaide-responsabilite\/#breadcrumb","itemListElement":[{"@type":"ListItem","position":1,"name":"Accueil","item":"https:\/\/guineediversite.com\/"},{"@type":"ListItem","position":2,"name":"Le secr\u00e9taire g\u00e9n\u00e9ral de l&rsquo;Onu plaide pour la responsabilit\u00e9"}]},{"@type":"WebSite","@id":"https:\/\/guineediversite.com\/#website","url":"https:\/\/guineediversite.com\/","name":"Guin\u00e9e Diversit\u00e9","description":"L&#039;Info dans toute sa diversit\u00e9","publisher":{"@id":"https:\/\/guineediversite.com\/#organization"},"potentialAction":[{"@type":"SearchAction","target":{"@type":"EntryPoint","urlTemplate":"https:\/\/guineediversite.com\/?s={search_term_string}"},"query-input":{"@type":"PropertyValueSpecification","valueRequired":true,"valueName":"search_term_string"}}],"inLanguage":"fr-FR"},{"@type":"Organization","@id":"https:\/\/guineediversite.com\/#organization","name":"Guin\u00e9e Diversit\u00e9","url":"https:\/\/guineediversite.com\/","logo":{"@type":"ImageObject","inLanguage":"fr-FR","@id":"https:\/\/guineediversite.com\/#\/schema\/logo\/image\/","url":"https:\/\/guineediversite.com\/wp-content\/uploads\/2017\/04\/cropped-1jojlxEOMkX9Wyqfhe43D6kjPOGqBBKmx3EwWJqZ0cMrFF54yM49.png","contentUrl":"https:\/\/guineediversite.com\/wp-content\/uploads\/2017\/04\/cropped-1jojlxEOMkX9Wyqfhe43D6kjPOGqBBKmx3EwWJqZ0cMrFF54yM49.png","width":186,"height":112,"caption":"Guin\u00e9e Diversit\u00e9"},"image":{"@id":"https:\/\/guineediversite.com\/#\/schema\/logo\/image\/"},"sameAs":["https:\/\/www.facebook.com\/guineediversite\/","https:\/\/x.com\/GuineeDiversite","https:\/\/www.youtube.com\/channel\/UC8sUY16qelG5ge6_D5SB83g"]},{"@type":"Person","@id":"https:\/\/guineediversite.com\/#\/schema\/person\/afa08fb34e7fc6e1feafc892612bc836","name":"Guin\u00e9e Diversit\u00e9","image":{"@type":"ImageObject","inLanguage":"fr-FR","@id":"https:\/\/guineediversite.com\/#\/schema\/person\/image\/","url":"https:\/\/secure.gravatar.com\/avatar\/50d5eb5b390f8b65ac30ac6f898eb83a?s=96&d=mm&r=g","contentUrl":"https:\/\/secure.gravatar.com\/avatar\/50d5eb5b390f8b65ac30ac6f898eb83a?s=96&d=mm&r=g","caption":"Guin\u00e9e Diversit\u00e9"},"url":"https:\/\/guineediversite.com\/index.php\/author\/guineediversite\/"}]}},"_links":{"self":[{"href":"https:\/\/guineediversite.com\/index.php\/wp-json\/wp\/v2\/posts\/21956"}],"collection":[{"href":"https:\/\/guineediversite.com\/index.php\/wp-json\/wp\/v2\/posts"}],"about":[{"href":"https:\/\/guineediversite.com\/index.php\/wp-json\/wp\/v2\/types\/post"}],"author":[{"embeddable":true,"href":"https:\/\/guineediversite.com\/index.php\/wp-json\/wp\/v2\/users\/12"}],"replies":[{"embeddable":true,"href":"https:\/\/guineediversite.com\/index.php\/wp-json\/wp\/v2\/comments?post=21956"}],"version-history":[{"count":0,"href":"https:\/\/guineediversite.com\/index.php\/wp-json\/wp\/v2\/posts\/21956\/revisions"}],"wp:featuredmedia":[{"embeddable":true,"href":"https:\/\/guineediversite.com\/index.php\/wp-json\/wp\/v2\/media\/21957"}],"wp:attachment":[{"href":"https:\/\/guineediversite.com\/index.php\/wp-json\/wp\/v2\/media?parent=21956"}],"wp:term":[{"taxonomy":"category","embeddable":true,"href":"https:\/\/guineediversite.com\/index.php\/wp-json\/wp\/v2\/categories?post=21956"},{"taxonomy":"post_tag","embeddable":true,"href":"https:\/\/guineediversite.com\/index.php\/wp-json\/wp\/v2\/tags?post=21956"}],"curies":[{"name":"wp","href":"https:\/\/api.w.org\/{rel}","templated":true}]}}