{"id":21952,"date":"2017-09-18T22:29:21","date_gmt":"2017-09-18T20:29:21","guid":{"rendered":"https:\/\/guineediversite.com\/?p=21952"},"modified":"2017-09-18T22:29:21","modified_gmt":"2017-09-18T20:29:21","slug":"guinee-forum-denoncer-violences-aux-femmes","status":"publish","type":"post","link":"https:\/\/guineediversite.com\/index.php\/2017\/09\/18\/guinee-forum-denoncer-violences-aux-femmes\/","title":{"rendered":"Guin\u00e9e :\u00a0un forum pour d\u00e9noncer les violences faites aux femmes\u00a0"},"content":{"rendered":"<p><strong><span id=\"p500\">Ouverture ce lundi \u00e0 Conakry du forum sur les violences bas\u00e9es sur le genre.<\/span><\/strong><span id=\"p501\"><strong>\u00a0C\u2019est une initiative du r\u00e9seau des femmes Africaines, ministres et parlementaires de Guin\u00e9e\u00a0<span id=\"518\" class=\"s-rg-t\">REFAMP<\/span>\u00a0en partenariat avec L\u2019<span id=\"519\" class=\"s-rg-t\">UNFPA<\/span>, les ONG f\u00e9minines et le minist\u00e8re de l\u2019Action sociale.<\/strong><br \/>\n<\/span><span id=\"p564\">La c\u00e9r\u00e9monie a regroup\u00e9 les partenaires techniques et financiers, les pr\u00e9sidentes des Institutions r\u00e9publicaines, et le minist\u00e8re de la Justice garde des Sceaux.<\/span><span id=\"p503\">\u00a0L\u2019Objectif de ce forum s\u2019inscrit dans le cadre de la mise en \u0153uvre des recommandations de la conf\u00e9rence r\u00e9gionale de la\u00a0<span id=\"521\" class=\"s-rg-t\">REFAMP<\/span>\u00a0les 7, 8,9 d\u00e9cembre 2016 \u00e0 Conakry, sur la probl\u00e9matique de la capture du dividende d\u00e9mographique.<\/span><span id=\"p504\"><br \/>\n<\/span><br \/>\n<span id=\"p505\">Le forum sur l&rsquo;acc\u00e9l\u00e9ration et l&rsquo;\u00e9limination sur les violences bas\u00e9e sur le genre organis\u00e9 par ce r\u00e9seau est une occasion d&rsquo;attirer l&rsquo;attention de l&rsquo;opinion publique sur les violences perp\u00e9tr\u00e9es sur les femmes d&rsquo;une part et d&rsquo;autre part de d\u00e9velopper la solidarit\u00e9 entre les ONG f\u00e9minines.<br \/>\n<\/span><br \/>\n<span id=\"p565\">Selon une enqu\u00eate nationale r\u00e9alis\u00e9e en 2016 sur les violences bas\u00e9es sur le genre, 82,2 % de femmes ont subi une violence sexuelle \u00e0 l&rsquo;\u00e2ge de 16 ans.<\/span><span id=\"p507\">\u00a0Une situation que d\u00e9plore la pr\u00e9sidente du r\u00e9seau des femmes\u00a0africaines\u00a0ministres et parlementaires de Guin\u00e9e\u00a0<span id=\"524\" class=\"s-rg-t\">REFAMP<\/span>, docteur\u00a0<span id=\"525\" class=\"s-rg-t\">Makal\u00e9<\/span>\u00a0<span id=\"526\" class=\"s-rg-t\">Traor\u00e9<\/span>.<br \/>\n<\/span><br \/>\n<span id=\"p508\">Dans son intervention de circonstance,\u00a0<span id=\"527\" class=\"s-rg-t\">Makal\u00e9<\/span>\u00a0Traor\u00e9 a\u00a0soulign\u00e9 que la proportion de ce fl\u00e9au devient inhumaine en Guin\u00e9e.<\/span><span id=\"p509\">\u00a0La pr\u00e9sidente du\u00a0<span id=\"530\" class=\"s-rg-t\">REFAMP<\/span>\u00a0a pr\u00e9cis\u00e9 que les organisations de femmes comme le\u00a0<span id=\"531\" class=\"s-rg-t\">CPTAF<\/span>, AGUIAS, le\u00a0<span id=\"532\" class=\"s-rg-t\">REFAMP<\/span>\u00a0et d&rsquo;autres se mobilisent contre ces pratiques\u00a0n\u00e9fastes pour\u00a0la vie et la sant\u00e9 des femmes et des enfants.<\/span><br \/>\n<span id=\"p510\"><span id=\"537\" class=\"s-rg-t\">Makal\u00e9<\/span>\u00a0<span id=\"538\" class=\"s-rg-t\">Traor\u00e9<\/span>\u00a0poursuivant son intervention est revenue sur le cas d&rsquo;une fillette de 4\u00a0mois qui\u00a0avait \u00e9t\u00e9 viol\u00e9e,\u00a0mais sans\u00a0pourtant pr\u00e9ciser exactement le pays en question ou s&rsquo;est produit ce cas de viol, mais aussi la date et l&rsquo;ann\u00e9e de ce fait horrible.<br \/>\n<\/span><br \/>\n<span id=\"p511\">Pour elle, ce fait et plusieurs autres actes de\u00a0<span id=\"543\">violences<\/span>\u00a0est la cause\u00a0\u00a0de ce forum, en vue d&rsquo;\u00e9valuer les d\u00e9fis qui attendent les membres des diff\u00e9rentes structures engag\u00e9es dans la lutte contre les violences faites aux femmes.<\/span><span id=\"p512\">\u00a0<\/span><br \/>\n<span id=\"p513\">Les violences bas\u00e9es sur le genre constituent un probl\u00e8me pr\u00e9occupant en Guin\u00e9e et dans le reste du monde.<\/span><span id=\"p566\">\u00a0Des violences flagrantes qui sont pourtant mentionn\u00e9es dans le code p\u00e9nal.<\/span><span id=\"p515\">\u00a0Un\u00a0code qui pr\u00e9voit des sanctions contre les coupables a indiqu\u00e9 le repr\u00e9sentant du pr\u00e9sident de l&rsquo;Assembl\u00e9e nationale \u00e0 cette\u00a0rencontre, Jean Edouard\u00a0<span id=\"547\">Sagno<\/span>, qui a traduit \u00e9galement le message de son pr\u00e9sident \u00e0 savoir que l&rsquo;institution parlementaire reste attentive et attentiste des efforts de toutes les parties\u00a0<span id=\"551\">prenantes \u00e0<\/span>\u00a0\u0153uvrer pour\u00a0<span id=\"553\">l&rsquo;\u00e9limination des<\/span>\u00a0violences perp\u00e9tr\u00e9es contre les femmes.<br \/>\n<\/span><br \/>\n<span id=\"p516\">La nouvelle ministre de l&rsquo;action sociale,\u00a0<span id=\"555\" class=\"s-rg-t\">Hadja<\/span>\u00a0Mariama\u00a0Sylla se\u00a0r\u00e9jouissant de l&rsquo;invitation qui lui est faite \u00e0 pr\u00e9sider l&rsquo;ouverture de ce forum, a appel\u00e9 les partenaires \u00e0 harmoniser\u00a0leurs efforts\u00a0afin d&rsquo;\u00e9radiquer ces pratiques sexistes dans le pays.<br \/>\n<\/span><span id=\"p567\">Les violences bas\u00e9es sur le genre sont condamn\u00e9es par l&rsquo;assembl\u00e9e g\u00e9n\u00e9rale de l&rsquo;ONU, qui indique que ces violences sont des actes qui causent du mal ou des souffrances physiques, sexuelles et verbales sur une femme.<\/span><\/p>\n","protected":false},"excerpt":{"rendered":"<p>Ouverture ce lundi \u00e0 Conakry du forum sur les violences bas\u00e9es sur le genre.\u00a0C\u2019est une initiative du r\u00e9seau des femmes Africaines, ministres et parlementaires de Guin\u00e9e\u00a0REFAMP\u00a0en partenariat avec L\u2019UNFPA, les ONG f\u00e9minines et le minist\u00e8re de l\u2019Action sociale. La c\u00e9r\u00e9monie a regroup\u00e9 les partenaires techniques et financiers, les pr\u00e9sidentes des Institutions r\u00e9publicaines, et le minist\u00e8re [&hellip;]<\/p>\n","protected":false},"author":14,"featured_media":21953,"comment_status":"closed","ping_status":"closed","sticky":false,"template":"","format":"standard","meta":{"_exactmetrics_skip_tracking":false,"_exactmetrics_sitenote_active":false,"_exactmetrics_sitenote_note":"","_exactmetrics_sitenote_category":0,"tdm_status":"","tdm_grid_status":"","footnotes":""},"categories":[16],"tags":[],"class_list":{"0":"post-21952","1":"post","2":"type-post","3":"status-publish","4":"format-standard","5":"has-post-thumbnail","7":"category-societe"},"yoast_head":"<!-- This site is optimized with the Yoast SEO plugin v24.2 - https:\/\/yoast.com\/wordpress\/plugins\/seo\/ -->\n<title>Guin\u00e9e :\u00a0un forum pour d\u00e9noncer les violences faites aux femmes\u00a0 | Guin\u00e9e Diversit\u00e9<\/title>\n<meta name=\"robots\" content=\"index, follow, max-snippet:-1, max-image-preview:large, max-video-preview:-1\" \/>\n<link rel=\"canonical\" href=\"https:\/\/guineediversite.com\/index.php\/2017\/09\/18\/guinee-forum-denoncer-violences-aux-femmes\/\" \/>\n<meta property=\"og:locale\" content=\"fr_FR\" \/>\n<meta property=\"og:type\" content=\"article\" \/>\n<meta property=\"og:title\" content=\"Guin\u00e9e :\u00a0un forum pour d\u00e9noncer les violences faites aux femmes\u00a0 | Guin\u00e9e Diversit\u00e9\" \/>\n<meta property=\"og:description\" content=\"Ouverture ce lundi \u00e0 Conakry du forum sur les violences bas\u00e9es sur le genre.\u00a0C\u2019est une initiative du r\u00e9seau des femmes Africaines, ministres et parlementaires de Guin\u00e9e\u00a0REFAMP\u00a0en partenariat avec L\u2019UNFPA, les ONG f\u00e9minines et le minist\u00e8re de l\u2019Action sociale. La c\u00e9r\u00e9monie a regroup\u00e9 les partenaires techniques et financiers, les pr\u00e9sidentes des Institutions r\u00e9publicaines, et le minist\u00e8re [&hellip;]\" \/>\n<meta property=\"og:url\" content=\"https:\/\/guineediversite.com\/index.php\/2017\/09\/18\/guinee-forum-denoncer-violences-aux-femmes\/\" \/>\n<meta property=\"og:site_name\" content=\"Guin\u00e9e Diversit\u00e9\" \/>\n<meta property=\"article:publisher\" content=\"https:\/\/www.facebook.com\/guineediversite\/\" \/>\n<meta property=\"article:published_time\" content=\"2017-09-18T20:29:21+00:00\" \/>\n<meta property=\"og:image\" content=\"https:\/\/guineediversite.com\/wp-content\/uploads\/2017\/09\/Violence-psychologique.jpg\" \/>\n\t<meta property=\"og:image:width\" content=\"1200\" \/>\n\t<meta property=\"og:image:height\" content=\"720\" \/>\n\t<meta property=\"og:image:type\" content=\"image\/jpeg\" \/>\n<meta name=\"author\" content=\"Lazare Bangoura\" \/>\n<meta name=\"twitter:card\" content=\"summary_large_image\" \/>\n<meta name=\"twitter:creator\" content=\"@GuineeDiversite\" \/>\n<meta name=\"twitter:site\" content=\"@GuineeDiversite\" \/>\n<meta name=\"twitter:label1\" content=\"\u00c9crit par\" \/>\n\t<meta name=\"twitter:data1\" content=\"Lazare Bangoura\" \/>\n\t<meta name=\"twitter:label2\" content=\"Dur\u00e9e de lecture estim\u00e9e\" \/>\n\t<meta name=\"twitter:data2\" content=\"3 minutes\" \/>\n<script type=\"application\/ld+json\" class=\"yoast-schema-graph\">{\"@context\":\"https:\/\/schema.org\",\"@graph\":[{\"@type\":\"Article\",\"@id\":\"https:\/\/guineediversite.com\/index.php\/2017\/09\/18\/guinee-forum-denoncer-violences-aux-femmes\/#article\",\"isPartOf\":{\"@id\":\"https:\/\/guineediversite.com\/index.php\/2017\/09\/18\/guinee-forum-denoncer-violences-aux-femmes\/\"},\"author\":{\"name\":\"Lazare Bangoura\",\"@id\":\"https:\/\/guineediversite.com\/#\/schema\/person\/c915f4424a17926ee4510e6abdfdc2a5\"},\"headline\":\"Guin\u00e9e :\u00a0un forum pour d\u00e9noncer les violences faites aux femmes\u00a0\",\"datePublished\":\"2017-09-18T20:29:21+00:00\",\"dateModified\":\"2017-09-18T20:29:21+00:00\",\"mainEntityOfPage\":{\"@id\":\"https:\/\/guineediversite.com\/index.php\/2017\/09\/18\/guinee-forum-denoncer-violences-aux-femmes\/\"},\"wordCount\":580,\"publisher\":{\"@id\":\"https:\/\/guineediversite.com\/#organization\"},\"image\":{\"@id\":\"https:\/\/guineediversite.com\/index.php\/2017\/09\/18\/guinee-forum-denoncer-violences-aux-femmes\/#primaryimage\"},\"thumbnailUrl\":\"https:\/\/guineediversite.com\/wp-content\/uploads\/2017\/09\/Violence-psychologique.jpg\",\"articleSection\":[\"Soci\u00e9t\u00e9\"],\"inLanguage\":\"fr-FR\"},{\"@type\":\"WebPage\",\"@id\":\"https:\/\/guineediversite.com\/index.php\/2017\/09\/18\/guinee-forum-denoncer-violences-aux-femmes\/\",\"url\":\"https:\/\/guineediversite.com\/index.php\/2017\/09\/18\/guinee-forum-denoncer-violences-aux-femmes\/\",\"name\":\"Guin\u00e9e :\u00a0un forum pour d\u00e9noncer les violences faites aux femmes\u00a0 | Guin\u00e9e Diversit\u00e9\",\"isPartOf\":{\"@id\":\"https:\/\/guineediversite.com\/#website\"},\"primaryImageOfPage\":{\"@id\":\"https:\/\/guineediversite.com\/index.php\/2017\/09\/18\/guinee-forum-denoncer-violences-aux-femmes\/#primaryimage\"},\"image\":{\"@id\":\"https:\/\/guineediversite.com\/index.php\/2017\/09\/18\/guinee-forum-denoncer-violences-aux-femmes\/#primaryimage\"},\"thumbnailUrl\":\"https:\/\/guineediversite.com\/wp-content\/uploads\/2017\/09\/Violence-psychologique.jpg\",\"datePublished\":\"2017-09-18T20:29:21+00:00\",\"dateModified\":\"2017-09-18T20:29:21+00:00\",\"breadcrumb\":{\"@id\":\"https:\/\/guineediversite.com\/index.php\/2017\/09\/18\/guinee-forum-denoncer-violences-aux-femmes\/#breadcrumb\"},\"inLanguage\":\"fr-FR\",\"potentialAction\":[{\"@type\":\"ReadAction\",\"target\":[\"https:\/\/guineediversite.com\/index.php\/2017\/09\/18\/guinee-forum-denoncer-violences-aux-femmes\/\"]}]},{\"@type\":\"ImageObject\",\"inLanguage\":\"fr-FR\",\"@id\":\"https:\/\/guineediversite.com\/index.php\/2017\/09\/18\/guinee-forum-denoncer-violences-aux-femmes\/#primaryimage\",\"url\":\"https:\/\/guineediversite.com\/wp-content\/uploads\/2017\/09\/Violence-psychologique.jpg\",\"contentUrl\":\"https:\/\/guineediversite.com\/wp-content\/uploads\/2017\/09\/Violence-psychologique.jpg\",\"width\":\"1200\",\"height\":\"720\"},{\"@type\":\"BreadcrumbList\",\"@id\":\"https:\/\/guineediversite.com\/index.php\/2017\/09\/18\/guinee-forum-denoncer-violences-aux-femmes\/#breadcrumb\",\"itemListElement\":[{\"@type\":\"ListItem\",\"position\":1,\"name\":\"Accueil\",\"item\":\"https:\/\/guineediversite.com\/\"},{\"@type\":\"ListItem\",\"position\":2,\"name\":\"Guin\u00e9e :\u00a0un forum pour d\u00e9noncer les violences faites aux femmes\u00a0\"}]},{\"@type\":\"WebSite\",\"@id\":\"https:\/\/guineediversite.com\/#website\",\"url\":\"https:\/\/guineediversite.com\/\",\"name\":\"Guin\u00e9e Diversit\u00e9\",\"description\":\"L&#039;Info dans toute sa diversit\u00e9\",\"publisher\":{\"@id\":\"https:\/\/guineediversite.com\/#organization\"},\"potentialAction\":[{\"@type\":\"SearchAction\",\"target\":{\"@type\":\"EntryPoint\",\"urlTemplate\":\"https:\/\/guineediversite.com\/?s={search_term_string}\"},\"query-input\":{\"@type\":\"PropertyValueSpecification\",\"valueRequired\":true,\"valueName\":\"search_term_string\"}}],\"inLanguage\":\"fr-FR\"},{\"@type\":\"Organization\",\"@id\":\"https:\/\/guineediversite.com\/#organization\",\"name\":\"Guin\u00e9e Diversit\u00e9\",\"url\":\"https:\/\/guineediversite.com\/\",\"logo\":{\"@type\":\"ImageObject\",\"inLanguage\":\"fr-FR\",\"@id\":\"https:\/\/guineediversite.com\/#\/schema\/logo\/image\/\",\"url\":\"https:\/\/guineediversite.com\/wp-content\/uploads\/2017\/04\/cropped-1jojlxEOMkX9Wyqfhe43D6kjPOGqBBKmx3EwWJqZ0cMrFF54yM49.png\",\"contentUrl\":\"https:\/\/guineediversite.com\/wp-content\/uploads\/2017\/04\/cropped-1jojlxEOMkX9Wyqfhe43D6kjPOGqBBKmx3EwWJqZ0cMrFF54yM49.png\",\"width\":186,\"height\":112,\"caption\":\"Guin\u00e9e Diversit\u00e9\"},\"image\":{\"@id\":\"https:\/\/guineediversite.com\/#\/schema\/logo\/image\/\"},\"sameAs\":[\"https:\/\/www.facebook.com\/guineediversite\/\",\"https:\/\/x.com\/GuineeDiversite\",\"https:\/\/www.youtube.com\/channel\/UC8sUY16qelG5ge6_D5SB83g\"]},{\"@type\":\"Person\",\"@id\":\"https:\/\/guineediversite.com\/#\/schema\/person\/c915f4424a17926ee4510e6abdfdc2a5\",\"name\":\"Lazare Bangoura\",\"image\":{\"@type\":\"ImageObject\",\"inLanguage\":\"fr-FR\",\"@id\":\"https:\/\/guineediversite.com\/#\/schema\/person\/image\/\",\"url\":\"https:\/\/secure.gravatar.com\/avatar\/7bab9b6edb46a08bcc394e7e418baf1e?s=96&d=mm&r=g\",\"contentUrl\":\"https:\/\/secure.gravatar.com\/avatar\/7bab9b6edb46a08bcc394e7e418baf1e?s=96&d=mm&r=g\",\"caption\":\"Lazare Bangoura\"},\"url\":\"https:\/\/guineediversite.com\/index.php\/author\/l-bangoura\/\"}]}<\/script>\n<!-- \/ Yoast SEO plugin. -->","yoast_head_json":{"title":"Guin\u00e9e :\u00a0un forum pour d\u00e9noncer les violences faites aux femmes\u00a0 | Guin\u00e9e Diversit\u00e9","robots":{"index":"index","follow":"follow","max-snippet":"max-snippet:-1","max-image-preview":"max-image-preview:large","max-video-preview":"max-video-preview:-1"},"canonical":"https:\/\/guineediversite.com\/index.php\/2017\/09\/18\/guinee-forum-denoncer-violences-aux-femmes\/","og_locale":"fr_FR","og_type":"article","og_title":"Guin\u00e9e :\u00a0un forum pour d\u00e9noncer les violences faites aux femmes\u00a0 | Guin\u00e9e Diversit\u00e9","og_description":"Ouverture ce lundi \u00e0 Conakry du forum sur les violences bas\u00e9es sur le genre.\u00a0C\u2019est une initiative du r\u00e9seau des femmes Africaines, ministres et parlementaires de Guin\u00e9e\u00a0REFAMP\u00a0en partenariat avec L\u2019UNFPA, les ONG f\u00e9minines et le minist\u00e8re de l\u2019Action sociale. La c\u00e9r\u00e9monie a regroup\u00e9 les partenaires techniques et financiers, les pr\u00e9sidentes des Institutions r\u00e9publicaines, et le minist\u00e8re [&hellip;]","og_url":"https:\/\/guineediversite.com\/index.php\/2017\/09\/18\/guinee-forum-denoncer-violences-aux-femmes\/","og_site_name":"Guin\u00e9e Diversit\u00e9","article_publisher":"https:\/\/www.facebook.com\/guineediversite\/","article_published_time":"2017-09-18T20:29:21+00:00","og_image":[{"width":1200,"height":720,"url":"https:\/\/guineediversite.com\/wp-content\/uploads\/2017\/09\/Violence-psychologique.jpg","type":"image\/jpeg"}],"author":"Lazare Bangoura","twitter_card":"summary_large_image","twitter_creator":"@GuineeDiversite","twitter_site":"@GuineeDiversite","twitter_misc":{"\u00c9crit par":"Lazare Bangoura","Dur\u00e9e de lecture estim\u00e9e":"3 minutes"},"schema":{"@context":"https:\/\/schema.org","@graph":[{"@type":"Article","@id":"https:\/\/guineediversite.com\/index.php\/2017\/09\/18\/guinee-forum-denoncer-violences-aux-femmes\/#article","isPartOf":{"@id":"https:\/\/guineediversite.com\/index.php\/2017\/09\/18\/guinee-forum-denoncer-violences-aux-femmes\/"},"author":{"name":"Lazare Bangoura","@id":"https:\/\/guineediversite.com\/#\/schema\/person\/c915f4424a17926ee4510e6abdfdc2a5"},"headline":"Guin\u00e9e :\u00a0un forum pour d\u00e9noncer les violences faites aux femmes\u00a0","datePublished":"2017-09-18T20:29:21+00:00","dateModified":"2017-09-18T20:29:21+00:00","mainEntityOfPage":{"@id":"https:\/\/guineediversite.com\/index.php\/2017\/09\/18\/guinee-forum-denoncer-violences-aux-femmes\/"},"wordCount":580,"publisher":{"@id":"https:\/\/guineediversite.com\/#organization"},"image":{"@id":"https:\/\/guineediversite.com\/index.php\/2017\/09\/18\/guinee-forum-denoncer-violences-aux-femmes\/#primaryimage"},"thumbnailUrl":"https:\/\/guineediversite.com\/wp-content\/uploads\/2017\/09\/Violence-psychologique.jpg","articleSection":["Soci\u00e9t\u00e9"],"inLanguage":"fr-FR"},{"@type":"WebPage","@id":"https:\/\/guineediversite.com\/index.php\/2017\/09\/18\/guinee-forum-denoncer-violences-aux-femmes\/","url":"https:\/\/guineediversite.com\/index.php\/2017\/09\/18\/guinee-forum-denoncer-violences-aux-femmes\/","name":"Guin\u00e9e :\u00a0un forum pour d\u00e9noncer les violences faites aux femmes\u00a0 | Guin\u00e9e Diversit\u00e9","isPartOf":{"@id":"https:\/\/guineediversite.com\/#website"},"primaryImageOfPage":{"@id":"https:\/\/guineediversite.com\/index.php\/2017\/09\/18\/guinee-forum-denoncer-violences-aux-femmes\/#primaryimage"},"image":{"@id":"https:\/\/guineediversite.com\/index.php\/2017\/09\/18\/guinee-forum-denoncer-violences-aux-femmes\/#primaryimage"},"thumbnailUrl":"https:\/\/guineediversite.com\/wp-content\/uploads\/2017\/09\/Violence-psychologique.jpg","datePublished":"2017-09-18T20:29:21+00:00","dateModified":"2017-09-18T20:29:21+00:00","breadcrumb":{"@id":"https:\/\/guineediversite.com\/index.php\/2017\/09\/18\/guinee-forum-denoncer-violences-aux-femmes\/#breadcrumb"},"inLanguage":"fr-FR","potentialAction":[{"@type":"ReadAction","target":["https:\/\/guineediversite.com\/index.php\/2017\/09\/18\/guinee-forum-denoncer-violences-aux-femmes\/"]}]},{"@type":"ImageObject","inLanguage":"fr-FR","@id":"https:\/\/guineediversite.com\/index.php\/2017\/09\/18\/guinee-forum-denoncer-violences-aux-femmes\/#primaryimage","url":"https:\/\/guineediversite.com\/wp-content\/uploads\/2017\/09\/Violence-psychologique.jpg","contentUrl":"https:\/\/guineediversite.com\/wp-content\/uploads\/2017\/09\/Violence-psychologique.jpg","width":"1200","height":"720"},{"@type":"BreadcrumbList","@id":"https:\/\/guineediversite.com\/index.php\/2017\/09\/18\/guinee-forum-denoncer-violences-aux-femmes\/#breadcrumb","itemListElement":[{"@type":"ListItem","position":1,"name":"Accueil","item":"https:\/\/guineediversite.com\/"},{"@type":"ListItem","position":2,"name":"Guin\u00e9e :\u00a0un forum pour d\u00e9noncer les violences faites aux femmes\u00a0"}]},{"@type":"WebSite","@id":"https:\/\/guineediversite.com\/#website","url":"https:\/\/guineediversite.com\/","name":"Guin\u00e9e Diversit\u00e9","description":"L&#039;Info dans toute sa diversit\u00e9","publisher":{"@id":"https:\/\/guineediversite.com\/#organization"},"potentialAction":[{"@type":"SearchAction","target":{"@type":"EntryPoint","urlTemplate":"https:\/\/guineediversite.com\/?s={search_term_string}"},"query-input":{"@type":"PropertyValueSpecification","valueRequired":true,"valueName":"search_term_string"}}],"inLanguage":"fr-FR"},{"@type":"Organization","@id":"https:\/\/guineediversite.com\/#organization","name":"Guin\u00e9e Diversit\u00e9","url":"https:\/\/guineediversite.com\/","logo":{"@type":"ImageObject","inLanguage":"fr-FR","@id":"https:\/\/guineediversite.com\/#\/schema\/logo\/image\/","url":"https:\/\/guineediversite.com\/wp-content\/uploads\/2017\/04\/cropped-1jojlxEOMkX9Wyqfhe43D6kjPOGqBBKmx3EwWJqZ0cMrFF54yM49.png","contentUrl":"https:\/\/guineediversite.com\/wp-content\/uploads\/2017\/04\/cropped-1jojlxEOMkX9Wyqfhe43D6kjPOGqBBKmx3EwWJqZ0cMrFF54yM49.png","width":186,"height":112,"caption":"Guin\u00e9e Diversit\u00e9"},"image":{"@id":"https:\/\/guineediversite.com\/#\/schema\/logo\/image\/"},"sameAs":["https:\/\/www.facebook.com\/guineediversite\/","https:\/\/x.com\/GuineeDiversite","https:\/\/www.youtube.com\/channel\/UC8sUY16qelG5ge6_D5SB83g"]},{"@type":"Person","@id":"https:\/\/guineediversite.com\/#\/schema\/person\/c915f4424a17926ee4510e6abdfdc2a5","name":"Lazare Bangoura","image":{"@type":"ImageObject","inLanguage":"fr-FR","@id":"https:\/\/guineediversite.com\/#\/schema\/person\/image\/","url":"https:\/\/secure.gravatar.com\/avatar\/7bab9b6edb46a08bcc394e7e418baf1e?s=96&d=mm&r=g","contentUrl":"https:\/\/secure.gravatar.com\/avatar\/7bab9b6edb46a08bcc394e7e418baf1e?s=96&d=mm&r=g","caption":"Lazare Bangoura"},"url":"https:\/\/guineediversite.com\/index.php\/author\/l-bangoura\/"}]}},"_links":{"self":[{"href":"https:\/\/guineediversite.com\/index.php\/wp-json\/wp\/v2\/posts\/21952"}],"collection":[{"href":"https:\/\/guineediversite.com\/index.php\/wp-json\/wp\/v2\/posts"}],"about":[{"href":"https:\/\/guineediversite.com\/index.php\/wp-json\/wp\/v2\/types\/post"}],"author":[{"embeddable":true,"href":"https:\/\/guineediversite.com\/index.php\/wp-json\/wp\/v2\/users\/14"}],"replies":[{"embeddable":true,"href":"https:\/\/guineediversite.com\/index.php\/wp-json\/wp\/v2\/comments?post=21952"}],"version-history":[{"count":0,"href":"https:\/\/guineediversite.com\/index.php\/wp-json\/wp\/v2\/posts\/21952\/revisions"}],"wp:featuredmedia":[{"embeddable":true,"href":"https:\/\/guineediversite.com\/index.php\/wp-json\/wp\/v2\/media\/21953"}],"wp:attachment":[{"href":"https:\/\/guineediversite.com\/index.php\/wp-json\/wp\/v2\/media?parent=21952"}],"wp:term":[{"taxonomy":"category","embeddable":true,"href":"https:\/\/guineediversite.com\/index.php\/wp-json\/wp\/v2\/categories?post=21952"},{"taxonomy":"post_tag","embeddable":true,"href":"https:\/\/guineediversite.com\/index.php\/wp-json\/wp\/v2\/tags?post=21952"}],"curies":[{"name":"wp","href":"https:\/\/api.w.org\/{rel}","templated":true}]}}