{"id":21949,"date":"2017-09-18T21:49:49","date_gmt":"2017-09-18T19:49:49","guid":{"rendered":"https:\/\/guineediversite.com\/?p=21949"},"modified":"2017-09-18T21:49:49","modified_gmt":"2017-09-18T19:49:49","slug":"environnement-lajse-reboise-foret-de-kakimbo","status":"publish","type":"post","link":"https:\/\/guineediversite.com\/index.php\/2017\/09\/18\/environnement-lajse-reboise-foret-de-kakimbo\/","title":{"rendered":"Environnement :\u00a0l&rsquo;AJSE\u00a0reboise la for\u00eat de\u00a0Kakimbo"},"content":{"rendered":"<p><strong><span id=\"p385\">Apr\u00e8s\u00a0l&rsquo;assainissement du Lyc\u00e9e et Coll\u00e8ge\u00a0<span id=\"450\" class=\"s-rg-t\">Donka<\/span>\u00a0la semaine derni\u00e8re, le membre de l&rsquo;association des journalistes pour la sauvegarde de l&rsquo;environnement\u00a0<span id=\"p384\">(<span id=\"448\" class=\"s-rg-t\">AJSE<\/span>)<\/span>\u00a0ont\u00a0proc\u00e9d\u00e9\u00a0le week-end dernier au reboisement d&rsquo;une centaine de plants dans la For\u00eat de\u00a0<span id=\"452\" class=\"s-rg-t\">Kakimbo<\/span>\u00a0situ\u00e9e dans la commune de\u00a0<span id=\"453\" class=\"s-rg-t\">Ratoma<\/span>.<\/span><span id=\"p386\"><br \/>\n<\/span><\/strong><br \/>\n<span id=\"p387\">Selon\u00a0<span id=\"454\" class=\"s-rg-t\">Als\u00e9ny<\/span>\u00a0<span id=\"455\" class=\"s-rg-t\">Fadiga<\/span>, pr\u00e9sident\u00a0d&rsquo;AJSE, cette\u00a0activit\u00e9 est l&rsquo;une des multiples initiatives inscrites dans le programme de sa structure.<\/span><em><span id=\"p388\">\u00a0\u00abNous avons cr\u00e9\u00e9 cette association pour apporter notre part de contribution dans le respect des engagements pris par notre pays lors de la COP pr\u00e9c\u00e9dentes.<\/span><span id=\"p389\">\u00a0Aujourd&rsquo;hui, les probl\u00e8mes environnementaux sont devenus une pr\u00e9occupation mondiale, donc il faudrait que les journalistes\u00a0<span id=\"457\">eux aussi<\/span>, apportent leur part de contribution.<\/span><\/em><span id=\"p390\"><em>\u00a0Ils ne doivent pas se limiter \u00e0 la d\u00e9nonciation dans les studios ou dans les journaux ou encore poster des images mal vaillantes sur l&rsquo;environnement \u00bb<\/em> a-<span id=\"458\">t-il<\/span>\u00a0d\u00e9clar\u00e9.<br \/>\n<\/span><br \/>\n<span id=\"p391\">\u00c0\u00a0cet effet, le charg\u00e9 des forets de la commune de\u00a0<span id=\"460\" class=\"s-rg-t\">Ratoma<\/span>,\u00a0<span id=\"461\" class=\"s-rg-t\">Alimou<\/span>\u00a0<span id=\"462\" class=\"s-rg-t\">Diallo<\/span>\u00a0s&rsquo;est r\u00e9jouit de l&rsquo;initiative de ces jeunes journalistes, avant d&rsquo;apporter des pr\u00e9cisions sur l&rsquo;importance de cette for\u00eat de\u00a0<span id=\"463\" class=\"s-rg-t\">Kakimbo<\/span>\u00a0qui souffre actuellement de plusieurs maux.<br \/>\n<\/span><span id=\"p392\">\u00ab<em>La\u00a0for\u00eat\u00a0de K<span id=\"465\">akimbo<\/span>\u00a0reste une\u00a0<span id=\"466\">for\u00eat<\/span>\u00a0importante pour la commune de\u00a0<span id=\"467\">Ratoma<\/span>.<\/em><\/span><em><span id=\"p393\">\u00a0D&rsquo;abord, la nappe d&rsquo;eau\u00a0qui est l\u00e0, c&rsquo;est cette nappe qui ravitaille la majeure partie des quartiers de la commune de\u00a0<span id=\"469\" class=\"s-rg-t\">Ratoma<\/span>\u00a0en eaux potables,\u00a09 500\u00a0mettre cubes d&rsquo;eaux sont produits ici.<\/span><span id=\"p394\">\u00a0Vu les occupations anarchiques, le d\u00e9boisement abusif, votre contribution est la bienvenue pour la commune de\u00a0<span id=\"471\" class=\"s-rg-t\">Ratoma<\/span>\u00a0particuli\u00e8rement pour la section des eaux et for\u00eats.<\/span><\/em><span id=\"p395\"><em>\u00a0Les 120 plantes que vous avez\u00a0mises, restent des plantes symboliques\u00a0auxquelles\u00a0nous veillerons quotidiennement \u00bb<\/em> a promit\u00a0<span id=\"474\" class=\"s-rg-t\">Alimou<\/span>\u00a0<span id=\"475\" class=\"s-rg-t\">Diallo<\/span>.<br \/>\n<\/span><br \/>\n<span id=\"p396\">Dans la m\u00eame\u00a0lanc\u00e9e, Mme.\u00a0<span id=\"477\" class=\"s-rg-t\">Naplet<\/span>\u00a0<span id=\"478\" class=\"s-rg-t\">Traor\u00e9<\/span>, chef de section Eaux et For\u00eats de la commune de\u00a0<span id=\"479\" class=\"s-rg-t\">Ratoma<\/span>\u00a0a ajout\u00e9:\u00a0<\/span><span id=\"p397\">\u00a0\u00ab<em>La\u00a0for\u00eat\u00a0de\u00a0<span id=\"481\" class=\"s-rg-t\">Kakimbo<\/span>\u00a0ne passe pas inaper\u00e7ue m\u00eame sur le plan international.<\/em><\/span><em><span id=\"p398\">\u00a0Cette for\u00eat a \u00e9t\u00e9 plac\u00e9e par l&rsquo;administration coloniale.<\/span><span id=\"p399\">\u00a0Elle fait partie du poumon vert de la ville de Conakry.<\/span><span id=\"p487\">\u00a0Nous vous remercions pour cette initiative&#8230;<\/span><\/em><span id=\"p401\">\u00a0\u00bb<\/span><\/p>\n","protected":false},"excerpt":{"rendered":"<p>Apr\u00e8s\u00a0l&rsquo;assainissement du Lyc\u00e9e et Coll\u00e8ge\u00a0Donka\u00a0la semaine derni\u00e8re, le membre de l&rsquo;association des journalistes pour la sauvegarde de l&rsquo;environnement\u00a0(AJSE)\u00a0ont\u00a0proc\u00e9d\u00e9\u00a0le week-end dernier au reboisement d&rsquo;une centaine de plants dans la For\u00eat de\u00a0Kakimbo\u00a0situ\u00e9e dans la commune de\u00a0Ratoma. Selon\u00a0Als\u00e9ny\u00a0Fadiga, pr\u00e9sident\u00a0d&rsquo;AJSE, cette\u00a0activit\u00e9 est l&rsquo;une des multiples initiatives inscrites dans le programme de sa structure.\u00a0\u00abNous avons cr\u00e9\u00e9 cette association pour apporter [&hellip;]<\/p>\n","protected":false},"author":9,"featured_media":21950,"comment_status":"closed","ping_status":"closed","sticky":false,"template":"","format":"standard","meta":{"_exactmetrics_skip_tracking":false,"_exactmetrics_sitenote_active":false,"_exactmetrics_sitenote_note":"","_exactmetrics_sitenote_category":0,"tdm_status":"","tdm_grid_status":"","footnotes":""},"categories":[16],"tags":[],"class_list":{"0":"post-21949","1":"post","2":"type-post","3":"status-publish","4":"format-standard","5":"has-post-thumbnail","7":"category-societe"},"yoast_head":"<!-- This site is optimized with the Yoast SEO plugin v24.2 - https:\/\/yoast.com\/wordpress\/plugins\/seo\/ -->\n<title>Environnement :\u00a0l&#039;AJSE\u00a0reboise la for\u00eat de\u00a0Kakimbo | Guin\u00e9e Diversit\u00e9<\/title>\n<meta name=\"robots\" content=\"index, follow, max-snippet:-1, max-image-preview:large, max-video-preview:-1\" \/>\n<link rel=\"canonical\" href=\"https:\/\/guineediversite.com\/index.php\/2017\/09\/18\/environnement-lajse-reboise-foret-de-kakimbo\/\" \/>\n<meta property=\"og:locale\" content=\"fr_FR\" \/>\n<meta property=\"og:type\" content=\"article\" \/>\n<meta property=\"og:title\" content=\"Environnement :\u00a0l&#039;AJSE\u00a0reboise la for\u00eat de\u00a0Kakimbo | Guin\u00e9e Diversit\u00e9\" \/>\n<meta property=\"og:description\" content=\"Apr\u00e8s\u00a0l&rsquo;assainissement du Lyc\u00e9e et Coll\u00e8ge\u00a0Donka\u00a0la semaine derni\u00e8re, le membre de l&rsquo;association des journalistes pour la sauvegarde de l&rsquo;environnement\u00a0(AJSE)\u00a0ont\u00a0proc\u00e9d\u00e9\u00a0le week-end dernier au reboisement d&rsquo;une centaine de plants dans la For\u00eat de\u00a0Kakimbo\u00a0situ\u00e9e dans la commune de\u00a0Ratoma. Selon\u00a0Als\u00e9ny\u00a0Fadiga, pr\u00e9sident\u00a0d&rsquo;AJSE, cette\u00a0activit\u00e9 est l&rsquo;une des multiples initiatives inscrites dans le programme de sa structure.\u00a0\u00abNous avons cr\u00e9\u00e9 cette association pour apporter [&hellip;]\" \/>\n<meta property=\"og:url\" content=\"https:\/\/guineediversite.com\/index.php\/2017\/09\/18\/environnement-lajse-reboise-foret-de-kakimbo\/\" \/>\n<meta property=\"og:site_name\" content=\"Guin\u00e9e Diversit\u00e9\" \/>\n<meta property=\"article:publisher\" content=\"https:\/\/www.facebook.com\/guineediversite\/\" \/>\n<meta property=\"article:published_time\" content=\"2017-09-18T19:49:49+00:00\" \/>\n<meta property=\"og:image\" content=\"https:\/\/guineediversite.com\/wp-content\/uploads\/2017\/09\/jardin-botanique2.jpg\" \/>\n\t<meta property=\"og:image:width\" content=\"1024\" \/>\n\t<meta property=\"og:image:height\" content=\"576\" \/>\n\t<meta property=\"og:image:type\" content=\"image\/jpeg\" \/>\n<meta name=\"author\" content=\"Mohamed Soumah\" \/>\n<meta name=\"twitter:card\" content=\"summary_large_image\" \/>\n<meta name=\"twitter:creator\" content=\"@GuineeDiversite\" \/>\n<meta name=\"twitter:site\" content=\"@GuineeDiversite\" \/>\n<meta name=\"twitter:label1\" content=\"\u00c9crit par\" \/>\n\t<meta name=\"twitter:data1\" content=\"Mohamed Soumah\" \/>\n\t<meta name=\"twitter:label2\" content=\"Dur\u00e9e de lecture estim\u00e9e\" \/>\n\t<meta name=\"twitter:data2\" content=\"2 minutes\" \/>\n<script type=\"application\/ld+json\" class=\"yoast-schema-graph\">{\"@context\":\"https:\/\/schema.org\",\"@graph\":[{\"@type\":\"Article\",\"@id\":\"https:\/\/guineediversite.com\/index.php\/2017\/09\/18\/environnement-lajse-reboise-foret-de-kakimbo\/#article\",\"isPartOf\":{\"@id\":\"https:\/\/guineediversite.com\/index.php\/2017\/09\/18\/environnement-lajse-reboise-foret-de-kakimbo\/\"},\"author\":{\"name\":\"Mohamed Soumah\",\"@id\":\"https:\/\/guineediversite.com\/#\/schema\/person\/6fd709a160384bf74b931ededf0856f3\"},\"headline\":\"Environnement :\u00a0l&rsquo;AJSE\u00a0reboise la for\u00eat de\u00a0Kakimbo\",\"datePublished\":\"2017-09-18T19:49:49+00:00\",\"dateModified\":\"2017-09-18T19:49:49+00:00\",\"mainEntityOfPage\":{\"@id\":\"https:\/\/guineediversite.com\/index.php\/2017\/09\/18\/environnement-lajse-reboise-foret-de-kakimbo\/\"},\"wordCount\":376,\"publisher\":{\"@id\":\"https:\/\/guineediversite.com\/#organization\"},\"image\":{\"@id\":\"https:\/\/guineediversite.com\/index.php\/2017\/09\/18\/environnement-lajse-reboise-foret-de-kakimbo\/#primaryimage\"},\"thumbnailUrl\":\"https:\/\/guineediversite.com\/wp-content\/uploads\/2017\/09\/jardin-botanique2.jpg\",\"articleSection\":[\"Soci\u00e9t\u00e9\"],\"inLanguage\":\"fr-FR\"},{\"@type\":\"WebPage\",\"@id\":\"https:\/\/guineediversite.com\/index.php\/2017\/09\/18\/environnement-lajse-reboise-foret-de-kakimbo\/\",\"url\":\"https:\/\/guineediversite.com\/index.php\/2017\/09\/18\/environnement-lajse-reboise-foret-de-kakimbo\/\",\"name\":\"Environnement :\u00a0l'AJSE\u00a0reboise la for\u00eat de\u00a0Kakimbo | Guin\u00e9e Diversit\u00e9\",\"isPartOf\":{\"@id\":\"https:\/\/guineediversite.com\/#website\"},\"primaryImageOfPage\":{\"@id\":\"https:\/\/guineediversite.com\/index.php\/2017\/09\/18\/environnement-lajse-reboise-foret-de-kakimbo\/#primaryimage\"},\"image\":{\"@id\":\"https:\/\/guineediversite.com\/index.php\/2017\/09\/18\/environnement-lajse-reboise-foret-de-kakimbo\/#primaryimage\"},\"thumbnailUrl\":\"https:\/\/guineediversite.com\/wp-content\/uploads\/2017\/09\/jardin-botanique2.jpg\",\"datePublished\":\"2017-09-18T19:49:49+00:00\",\"dateModified\":\"2017-09-18T19:49:49+00:00\",\"breadcrumb\":{\"@id\":\"https:\/\/guineediversite.com\/index.php\/2017\/09\/18\/environnement-lajse-reboise-foret-de-kakimbo\/#breadcrumb\"},\"inLanguage\":\"fr-FR\",\"potentialAction\":[{\"@type\":\"ReadAction\",\"target\":[\"https:\/\/guineediversite.com\/index.php\/2017\/09\/18\/environnement-lajse-reboise-foret-de-kakimbo\/\"]}]},{\"@type\":\"ImageObject\",\"inLanguage\":\"fr-FR\",\"@id\":\"https:\/\/guineediversite.com\/index.php\/2017\/09\/18\/environnement-lajse-reboise-foret-de-kakimbo\/#primaryimage\",\"url\":\"https:\/\/guineediversite.com\/wp-content\/uploads\/2017\/09\/jardin-botanique2.jpg\",\"contentUrl\":\"https:\/\/guineediversite.com\/wp-content\/uploads\/2017\/09\/jardin-botanique2.jpg\",\"width\":\"1024\",\"height\":\"576\"},{\"@type\":\"BreadcrumbList\",\"@id\":\"https:\/\/guineediversite.com\/index.php\/2017\/09\/18\/environnement-lajse-reboise-foret-de-kakimbo\/#breadcrumb\",\"itemListElement\":[{\"@type\":\"ListItem\",\"position\":1,\"name\":\"Accueil\",\"item\":\"https:\/\/guineediversite.com\/\"},{\"@type\":\"ListItem\",\"position\":2,\"name\":\"Environnement :\u00a0l&rsquo;AJSE\u00a0reboise la for\u00eat de\u00a0Kakimbo\"}]},{\"@type\":\"WebSite\",\"@id\":\"https:\/\/guineediversite.com\/#website\",\"url\":\"https:\/\/guineediversite.com\/\",\"name\":\"Guin\u00e9e Diversit\u00e9\",\"description\":\"L&#039;Info dans toute sa diversit\u00e9\",\"publisher\":{\"@id\":\"https:\/\/guineediversite.com\/#organization\"},\"potentialAction\":[{\"@type\":\"SearchAction\",\"target\":{\"@type\":\"EntryPoint\",\"urlTemplate\":\"https:\/\/guineediversite.com\/?s={search_term_string}\"},\"query-input\":{\"@type\":\"PropertyValueSpecification\",\"valueRequired\":true,\"valueName\":\"search_term_string\"}}],\"inLanguage\":\"fr-FR\"},{\"@type\":\"Organization\",\"@id\":\"https:\/\/guineediversite.com\/#organization\",\"name\":\"Guin\u00e9e Diversit\u00e9\",\"url\":\"https:\/\/guineediversite.com\/\",\"logo\":{\"@type\":\"ImageObject\",\"inLanguage\":\"fr-FR\",\"@id\":\"https:\/\/guineediversite.com\/#\/schema\/logo\/image\/\",\"url\":\"https:\/\/guineediversite.com\/wp-content\/uploads\/2017\/04\/cropped-1jojlxEOMkX9Wyqfhe43D6kjPOGqBBKmx3EwWJqZ0cMrFF54yM49.png\",\"contentUrl\":\"https:\/\/guineediversite.com\/wp-content\/uploads\/2017\/04\/cropped-1jojlxEOMkX9Wyqfhe43D6kjPOGqBBKmx3EwWJqZ0cMrFF54yM49.png\",\"width\":186,\"height\":112,\"caption\":\"Guin\u00e9e Diversit\u00e9\"},\"image\":{\"@id\":\"https:\/\/guineediversite.com\/#\/schema\/logo\/image\/\"},\"sameAs\":[\"https:\/\/www.facebook.com\/guineediversite\/\",\"https:\/\/x.com\/GuineeDiversite\",\"https:\/\/www.youtube.com\/channel\/UC8sUY16qelG5ge6_D5SB83g\"]},{\"@type\":\"Person\",\"@id\":\"https:\/\/guineediversite.com\/#\/schema\/person\/6fd709a160384bf74b931ededf0856f3\",\"name\":\"Mohamed Soumah\",\"image\":{\"@type\":\"ImageObject\",\"inLanguage\":\"fr-FR\",\"@id\":\"https:\/\/guineediversite.com\/#\/schema\/person\/image\/\",\"url\":\"https:\/\/secure.gravatar.com\/avatar\/4c1e00b5ab2c2b85b5c9be70590b9f67?s=96&d=mm&r=g\",\"contentUrl\":\"https:\/\/secure.gravatar.com\/avatar\/4c1e00b5ab2c2b85b5c9be70590b9f67?s=96&d=mm&r=g\",\"caption\":\"Mohamed Soumah\"},\"url\":\"https:\/\/guineediversite.com\/index.php\/author\/mohamed\/\"}]}<\/script>\n<!-- \/ Yoast SEO plugin. -->","yoast_head_json":{"title":"Environnement :\u00a0l'AJSE\u00a0reboise la for\u00eat de\u00a0Kakimbo | Guin\u00e9e Diversit\u00e9","robots":{"index":"index","follow":"follow","max-snippet":"max-snippet:-1","max-image-preview":"max-image-preview:large","max-video-preview":"max-video-preview:-1"},"canonical":"https:\/\/guineediversite.com\/index.php\/2017\/09\/18\/environnement-lajse-reboise-foret-de-kakimbo\/","og_locale":"fr_FR","og_type":"article","og_title":"Environnement :\u00a0l'AJSE\u00a0reboise la for\u00eat de\u00a0Kakimbo | Guin\u00e9e Diversit\u00e9","og_description":"Apr\u00e8s\u00a0l&rsquo;assainissement du Lyc\u00e9e et Coll\u00e8ge\u00a0Donka\u00a0la semaine derni\u00e8re, le membre de l&rsquo;association des journalistes pour la sauvegarde de l&rsquo;environnement\u00a0(AJSE)\u00a0ont\u00a0proc\u00e9d\u00e9\u00a0le week-end dernier au reboisement d&rsquo;une centaine de plants dans la For\u00eat de\u00a0Kakimbo\u00a0situ\u00e9e dans la commune de\u00a0Ratoma. Selon\u00a0Als\u00e9ny\u00a0Fadiga, pr\u00e9sident\u00a0d&rsquo;AJSE, cette\u00a0activit\u00e9 est l&rsquo;une des multiples initiatives inscrites dans le programme de sa structure.\u00a0\u00abNous avons cr\u00e9\u00e9 cette association pour apporter [&hellip;]","og_url":"https:\/\/guineediversite.com\/index.php\/2017\/09\/18\/environnement-lajse-reboise-foret-de-kakimbo\/","og_site_name":"Guin\u00e9e Diversit\u00e9","article_publisher":"https:\/\/www.facebook.com\/guineediversite\/","article_published_time":"2017-09-18T19:49:49+00:00","og_image":[{"width":1024,"height":576,"url":"https:\/\/guineediversite.com\/wp-content\/uploads\/2017\/09\/jardin-botanique2.jpg","type":"image\/jpeg"}],"author":"Mohamed Soumah","twitter_card":"summary_large_image","twitter_creator":"@GuineeDiversite","twitter_site":"@GuineeDiversite","twitter_misc":{"\u00c9crit par":"Mohamed Soumah","Dur\u00e9e de lecture estim\u00e9e":"2 minutes"},"schema":{"@context":"https:\/\/schema.org","@graph":[{"@type":"Article","@id":"https:\/\/guineediversite.com\/index.php\/2017\/09\/18\/environnement-lajse-reboise-foret-de-kakimbo\/#article","isPartOf":{"@id":"https:\/\/guineediversite.com\/index.php\/2017\/09\/18\/environnement-lajse-reboise-foret-de-kakimbo\/"},"author":{"name":"Mohamed Soumah","@id":"https:\/\/guineediversite.com\/#\/schema\/person\/6fd709a160384bf74b931ededf0856f3"},"headline":"Environnement :\u00a0l&rsquo;AJSE\u00a0reboise la for\u00eat de\u00a0Kakimbo","datePublished":"2017-09-18T19:49:49+00:00","dateModified":"2017-09-18T19:49:49+00:00","mainEntityOfPage":{"@id":"https:\/\/guineediversite.com\/index.php\/2017\/09\/18\/environnement-lajse-reboise-foret-de-kakimbo\/"},"wordCount":376,"publisher":{"@id":"https:\/\/guineediversite.com\/#organization"},"image":{"@id":"https:\/\/guineediversite.com\/index.php\/2017\/09\/18\/environnement-lajse-reboise-foret-de-kakimbo\/#primaryimage"},"thumbnailUrl":"https:\/\/guineediversite.com\/wp-content\/uploads\/2017\/09\/jardin-botanique2.jpg","articleSection":["Soci\u00e9t\u00e9"],"inLanguage":"fr-FR"},{"@type":"WebPage","@id":"https:\/\/guineediversite.com\/index.php\/2017\/09\/18\/environnement-lajse-reboise-foret-de-kakimbo\/","url":"https:\/\/guineediversite.com\/index.php\/2017\/09\/18\/environnement-lajse-reboise-foret-de-kakimbo\/","name":"Environnement :\u00a0l'AJSE\u00a0reboise la for\u00eat de\u00a0Kakimbo | Guin\u00e9e Diversit\u00e9","isPartOf":{"@id":"https:\/\/guineediversite.com\/#website"},"primaryImageOfPage":{"@id":"https:\/\/guineediversite.com\/index.php\/2017\/09\/18\/environnement-lajse-reboise-foret-de-kakimbo\/#primaryimage"},"image":{"@id":"https:\/\/guineediversite.com\/index.php\/2017\/09\/18\/environnement-lajse-reboise-foret-de-kakimbo\/#primaryimage"},"thumbnailUrl":"https:\/\/guineediversite.com\/wp-content\/uploads\/2017\/09\/jardin-botanique2.jpg","datePublished":"2017-09-18T19:49:49+00:00","dateModified":"2017-09-18T19:49:49+00:00","breadcrumb":{"@id":"https:\/\/guineediversite.com\/index.php\/2017\/09\/18\/environnement-lajse-reboise-foret-de-kakimbo\/#breadcrumb"},"inLanguage":"fr-FR","potentialAction":[{"@type":"ReadAction","target":["https:\/\/guineediversite.com\/index.php\/2017\/09\/18\/environnement-lajse-reboise-foret-de-kakimbo\/"]}]},{"@type":"ImageObject","inLanguage":"fr-FR","@id":"https:\/\/guineediversite.com\/index.php\/2017\/09\/18\/environnement-lajse-reboise-foret-de-kakimbo\/#primaryimage","url":"https:\/\/guineediversite.com\/wp-content\/uploads\/2017\/09\/jardin-botanique2.jpg","contentUrl":"https:\/\/guineediversite.com\/wp-content\/uploads\/2017\/09\/jardin-botanique2.jpg","width":"1024","height":"576"},{"@type":"BreadcrumbList","@id":"https:\/\/guineediversite.com\/index.php\/2017\/09\/18\/environnement-lajse-reboise-foret-de-kakimbo\/#breadcrumb","itemListElement":[{"@type":"ListItem","position":1,"name":"Accueil","item":"https:\/\/guineediversite.com\/"},{"@type":"ListItem","position":2,"name":"Environnement :\u00a0l&rsquo;AJSE\u00a0reboise la for\u00eat de\u00a0Kakimbo"}]},{"@type":"WebSite","@id":"https:\/\/guineediversite.com\/#website","url":"https:\/\/guineediversite.com\/","name":"Guin\u00e9e Diversit\u00e9","description":"L&#039;Info dans toute sa diversit\u00e9","publisher":{"@id":"https:\/\/guineediversite.com\/#organization"},"potentialAction":[{"@type":"SearchAction","target":{"@type":"EntryPoint","urlTemplate":"https:\/\/guineediversite.com\/?s={search_term_string}"},"query-input":{"@type":"PropertyValueSpecification","valueRequired":true,"valueName":"search_term_string"}}],"inLanguage":"fr-FR"},{"@type":"Organization","@id":"https:\/\/guineediversite.com\/#organization","name":"Guin\u00e9e Diversit\u00e9","url":"https:\/\/guineediversite.com\/","logo":{"@type":"ImageObject","inLanguage":"fr-FR","@id":"https:\/\/guineediversite.com\/#\/schema\/logo\/image\/","url":"https:\/\/guineediversite.com\/wp-content\/uploads\/2017\/04\/cropped-1jojlxEOMkX9Wyqfhe43D6kjPOGqBBKmx3EwWJqZ0cMrFF54yM49.png","contentUrl":"https:\/\/guineediversite.com\/wp-content\/uploads\/2017\/04\/cropped-1jojlxEOMkX9Wyqfhe43D6kjPOGqBBKmx3EwWJqZ0cMrFF54yM49.png","width":186,"height":112,"caption":"Guin\u00e9e Diversit\u00e9"},"image":{"@id":"https:\/\/guineediversite.com\/#\/schema\/logo\/image\/"},"sameAs":["https:\/\/www.facebook.com\/guineediversite\/","https:\/\/x.com\/GuineeDiversite","https:\/\/www.youtube.com\/channel\/UC8sUY16qelG5ge6_D5SB83g"]},{"@type":"Person","@id":"https:\/\/guineediversite.com\/#\/schema\/person\/6fd709a160384bf74b931ededf0856f3","name":"Mohamed Soumah","image":{"@type":"ImageObject","inLanguage":"fr-FR","@id":"https:\/\/guineediversite.com\/#\/schema\/person\/image\/","url":"https:\/\/secure.gravatar.com\/avatar\/4c1e00b5ab2c2b85b5c9be70590b9f67?s=96&d=mm&r=g","contentUrl":"https:\/\/secure.gravatar.com\/avatar\/4c1e00b5ab2c2b85b5c9be70590b9f67?s=96&d=mm&r=g","caption":"Mohamed Soumah"},"url":"https:\/\/guineediversite.com\/index.php\/author\/mohamed\/"}]}},"_links":{"self":[{"href":"https:\/\/guineediversite.com\/index.php\/wp-json\/wp\/v2\/posts\/21949"}],"collection":[{"href":"https:\/\/guineediversite.com\/index.php\/wp-json\/wp\/v2\/posts"}],"about":[{"href":"https:\/\/guineediversite.com\/index.php\/wp-json\/wp\/v2\/types\/post"}],"author":[{"embeddable":true,"href":"https:\/\/guineediversite.com\/index.php\/wp-json\/wp\/v2\/users\/9"}],"replies":[{"embeddable":true,"href":"https:\/\/guineediversite.com\/index.php\/wp-json\/wp\/v2\/comments?post=21949"}],"version-history":[{"count":0,"href":"https:\/\/guineediversite.com\/index.php\/wp-json\/wp\/v2\/posts\/21949\/revisions"}],"wp:featuredmedia":[{"embeddable":true,"href":"https:\/\/guineediversite.com\/index.php\/wp-json\/wp\/v2\/media\/21950"}],"wp:attachment":[{"href":"https:\/\/guineediversite.com\/index.php\/wp-json\/wp\/v2\/media?parent=21949"}],"wp:term":[{"taxonomy":"category","embeddable":true,"href":"https:\/\/guineediversite.com\/index.php\/wp-json\/wp\/v2\/categories?post=21949"},{"taxonomy":"post_tag","embeddable":true,"href":"https:\/\/guineediversite.com\/index.php\/wp-json\/wp\/v2\/tags?post=21949"}],"curies":[{"name":"wp","href":"https:\/\/api.w.org\/{rel}","templated":true}]}}