{"id":21946,"date":"2017-09-18T21:32:03","date_gmt":"2017-09-18T19:32:03","guid":{"rendered":"https:\/\/guineediversite.com\/?p=21946"},"modified":"2017-09-18T21:32:03","modified_gmt":"2017-09-18T19:32:03","slug":"ceni-chez-fad-nest-a-de-fixer-date-dixit-me-salifou-kebe","status":"publish","type":"post","link":"https:\/\/guineediversite.com\/index.php\/2017\/09\/18\/ceni-chez-fad-nest-a-de-fixer-date-dixit-me-salifou-kebe\/","title":{"rendered":"La\u00a0CENI\u00a0chez le\u00a0FAD\u00a0:\u00a0\u00ab Ce n&rsquo;est pas \u00e0 nous de fixer la date\u00bb, dixit\u00a0Me.\u00a0Salifou\u00a0K\u00e9b\u00e9."},"content":{"rendered":"<p><strong><span id=\"p361\">Apr\u00e8s le pr\u00e9sident de l&rsquo;<span id=\"410\" class=\"s-rg-t\">UFDG<\/span>\u00a0la semaine derni\u00e8re, le num\u00e9ro 1 de l&rsquo;institution en charge des \u00e9lections en r\u00e9publique de Guin\u00e9e \u00e0 rendu visite aux membres du Front pour l&rsquo;Alternance D\u00e9mocratique\u00a0<span id=\"p360\">(<span id=\"409\" class=\"s-rg-t\">FAD<\/span>)<\/span>, lundi 18 septembre, au si\u00e8ge national de l\u2019Union des Forces du Changement\u00a0<span id=\"p359\">(<span id=\"408\" class=\"s-rg-t\">UFC<\/span>)<\/span>\u00a0dans la commune de\u00a0<span id=\"411\" class=\"s-rg-t\">Ratoma<\/span>.<\/span><span id=\"p362\"><br \/>\n<\/span><\/strong><br \/>\n<span id=\"p363\">Selon\u00a0<span id=\"412\" class=\"s-or-t\">Me<\/span>.<\/span><span id=\"p364\">\u00a0<span id=\"413\" class=\"s-rg-t\">Salifou<\/span>\u00a0<span id=\"414\" class=\"s-rg-t\">K\u00e9b\u00e9<\/span>, cette visite s&rsquo;inscrit dans le cadre d&rsquo;une concertation entre la\u00a0<span id=\"415\" class=\"s-rg-t\">CENI<\/span>\u00a0et les parties prenantes du processus \u00e9lectoral, enfin d&rsquo;organiser un scrutin cr\u00e9dible et obtenir des r\u00e9sultats accept\u00e9s de tous.<\/span><span id=\"p365\">\u00a0\u00ab <em>C\u2019est la\u00a0<span id=\"416\" class=\"s-rg-t\">CENI<\/span>\u00a0qui d\u00e9termine les contours essentiels de la politique \u00e9lectorale de notre pays, mais cela se passe dans le cadre d&rsquo;une loi et personne ne peut s&rsquo;imaginer qu&rsquo;on puisse organiser des \u00e9lections cr\u00e9dible sans avoir en discut\u00e9 avec les parties prenantes qui sont les partis politiques<\/em> \u00bb, a-t-il d\u00e9clar\u00e9.<br \/>\n<\/span><br \/>\n<span id=\"p366\">Parlant du retard de l&rsquo;\u00e9tablissement d&rsquo;un\u00a0calendrier pour\u00a0la tenue des prochaines \u00e9lections, le pr\u00e9sident de la\u00a0<span id=\"417\" class=\"s-rg-t\">CENI<\/span>\u00a0pr\u00e9cise :<\/span><span id=\"p367\">\u00a0\u00ab <em>Nous n&rsquo;avons pas encore de date parce que ce n&rsquo;est pas \u00e0 nous de fixer la date.<\/em><\/span><em><span id=\"p368\">\u00a0Nous organisons techniquement\u00a0tout\u00a0ce qui rentre dans la sauce \u00e9lectorale et cela va se discuter dans un atelier qui va se d\u00e9rouler tr\u00e8s prochainement \u00e0\u00a0<span id=\"421\" class=\"s-rg-t\">Kindia<\/span>.<\/span><span id=\"p484\">\u00a0Nous sommes \u00e0 pied d&rsquo;\u0153uvre pour organiser cet atelier qui va d\u00e9terminer la date et cela, apr\u00e8s avoir discut\u00e9 avec toutes les parties prenantes.<\/span><\/em><span id=\"p370\">\u00bb<br \/>\n<\/span><br \/>\n<span id=\"p485\">\u00ab <em>Techniquement, nous sommes pr\u00eats \u00e0 organiser les \u00e9lections, mais on ne s&rsquo;assoit pas comme \u00e7a dans un bureau pour d\u00e9cider de la date d&rsquo;une \u00e9lection.<\/em><\/span><em><span id=\"p372\">\u00a0Il faut un ensemble d&rsquo;activit\u00e9 qu&rsquo;il faut d\u00e9rouler pour aboutir \u00e0 une date, cela n&rsquo;est pas fait encore.<\/span><span id=\"p373\">\u00a0Nous sommes en train d&rsquo;engranger les plans op\u00e9rationnels ;<\/span><span id=\"p374\">\u00a0une fois que ces plans op\u00e9rationnels seront pr\u00eats, nous allons r\u00e9unir toutes les parties prenantes quelque part pour discuter pas \u00e0 pas.<\/span><\/em><span id=\"p486\"><em>\u00a0L\u00e0 o\u00f9 les d\u00e9lais vont nous amener, nous organiserons les \u00e9lections en ce moment-l\u00e0<\/em> \u00bb.<br \/>\n<\/span><br \/>\n<span id=\"p376\">De son c\u00f4t\u00e9, Aboubacar Sylla, coordinateur du\u00a0<span id=\"427\" class=\"s-rg-t\">FAD<\/span>, a indiqu\u00e9 que les membres de son alliance seront des partenaires certes exigeants mais disponibles pour que le processus \u00e9lectoral guin\u00e9en soit remit sur les rails.<\/span><br \/>\n<span id=\"p377\">\u00ab <em>Nous serions pr\u00eats \u00e0 particip\u00e9 effectivement \u00e0 l&rsquo;atelier que la\u00a0<span id=\"428\" class=\"s-rg-t\">CENI<\/span>\u00a0va organiser, dans la mesure o\u00f9 cet atelier va \u00eatre pour nous, un cadre de concertation qui va certainement aboutir \u00e0 des d\u00e9cisions consensuelles.<\/em><\/span><em><span id=\"p378\">\u00a0Malheureusement, ce\u00a0ne fut pas le cas dans le pass\u00e9, nous avons souvent \u00e9t\u00e9 mis devant le fait accomplit, d&rsquo;o\u00f9\u00a0ce\u00a0mur de m\u00e9fiance qui a germ\u00e9 et qui a prosp\u00e9r\u00e9 entre la\u00a0<span id=\"431\" class=\"s-rg-t\">CENI<\/span>\u00a0et les partis politiques et qui fait que cette confiance ne permet pas aux partis politiques que nous sommes d&rsquo;\u00eatre rassur\u00e9\u00a0quant\u00a0aux pr\u00e9parations de la\u00a0<span id=\"433\" class=\"s-rg-t\">CENI<\/span>.<\/span><span id=\"p379\">\u00a0Mais les engagements qui ont \u00e9t\u00e9 pris aujourd&rsquo;hui et les dispositions qui ont \u00e9t\u00e9 mises en avant par la\u00a0<span id=\"434\" class=\"s-rg-t\">CENI<\/span>\u00a0\u00e0 commencer par son pr\u00e9sident, nous am\u00e8nent \u00e0 esp\u00e9rer que les processus \u00e9lectoraux\u00a0guin\u00e9ens, d\u00e9sormais, vont\u00a0gagner en qualit\u00e9 et en cr\u00e9dibilit\u00e9.<\/span><\/em><span id=\"p380\"><em>\u00a0Nous esp\u00e9rons que les \u00e9lections locales vont donc \u00eatre le premier teste de cette\u00a0<span id=\"436\" class=\"s-rg-t\">CENI<\/span>\u00a0reconstitu\u00e9e avec un nouveau leadership \u00bb<\/em>, a soulign\u00e9 le pr\u00e9sident de l&rsquo;<span id=\"437\" class=\"s-rg-t\">UFC<\/span>.<br \/>\n<\/span><br \/>\n<span id=\"p381\">\u00c0\u00a0noter que d&rsquo;autres membres du\u00a0<span id=\"439\">FAD<\/span>\u00a0notamment, Jean Marc\u00a0<span id=\"440\">T\u00e9liano<\/span>\u00a0du\u00a0<span id=\"441\">RDIG<\/span>\u00a0et El Hadj\u00a0<span id=\"442\">Mouctar<\/span>\u00a0<span id=\"443\">Diallo<\/span>\u00a0du\u00a0<span id=\"444\">NFD<\/span>\u00a0ont \u00e9galement pris part \u00e0 cette rencontre.<\/span><\/p>\n","protected":false},"excerpt":{"rendered":"<p>Apr\u00e8s le pr\u00e9sident de l&rsquo;UFDG\u00a0la semaine derni\u00e8re, le num\u00e9ro 1 de l&rsquo;institution en charge des \u00e9lections en r\u00e9publique de Guin\u00e9e \u00e0 rendu visite aux membres du Front pour l&rsquo;Alternance D\u00e9mocratique\u00a0(FAD), lundi 18 septembre, au si\u00e8ge national de l\u2019Union des Forces du Changement\u00a0(UFC)\u00a0dans la commune de\u00a0Ratoma. Selon\u00a0Me.\u00a0Salifou\u00a0K\u00e9b\u00e9, cette visite s&rsquo;inscrit dans le cadre d&rsquo;une concertation entre [&hellip;]<\/p>\n","protected":false},"author":9,"featured_media":21947,"comment_status":"closed","ping_status":"closed","sticky":false,"template":"","format":"standard","meta":{"_exactmetrics_skip_tracking":false,"_exactmetrics_sitenote_active":false,"_exactmetrics_sitenote_note":"","_exactmetrics_sitenote_category":0,"tdm_status":"","tdm_grid_status":"","footnotes":""},"categories":[14],"tags":[],"class_list":{"0":"post-21946","1":"post","2":"type-post","3":"status-publish","4":"format-standard","5":"has-post-thumbnail","7":"category-politique"},"yoast_head":"<!-- This site is optimized with the Yoast SEO plugin v24.2 - https:\/\/yoast.com\/wordpress\/plugins\/seo\/ -->\n<title>La\u00a0CENI\u00a0chez le\u00a0FAD\u00a0:\u00a0\u00ab Ce n&#039;est pas \u00e0 nous de fixer la date\u00bb, dixit\u00a0Me.\u00a0Salifou\u00a0K\u00e9b\u00e9. | Guin\u00e9e Diversit\u00e9<\/title>\n<meta name=\"robots\" content=\"index, follow, max-snippet:-1, max-image-preview:large, max-video-preview:-1\" \/>\n<link rel=\"canonical\" href=\"https:\/\/guineediversite.com\/index.php\/2017\/09\/18\/ceni-chez-fad-nest-a-de-fixer-date-dixit-me-salifou-kebe\/\" \/>\n<meta property=\"og:locale\" content=\"fr_FR\" \/>\n<meta property=\"og:type\" content=\"article\" \/>\n<meta property=\"og:title\" content=\"La\u00a0CENI\u00a0chez le\u00a0FAD\u00a0:\u00a0\u00ab Ce n&#039;est pas \u00e0 nous de fixer la date\u00bb, dixit\u00a0Me.\u00a0Salifou\u00a0K\u00e9b\u00e9. | Guin\u00e9e Diversit\u00e9\" \/>\n<meta property=\"og:description\" content=\"Apr\u00e8s le pr\u00e9sident de l&rsquo;UFDG\u00a0la semaine derni\u00e8re, le num\u00e9ro 1 de l&rsquo;institution en charge des \u00e9lections en r\u00e9publique de Guin\u00e9e \u00e0 rendu visite aux membres du Front pour l&rsquo;Alternance D\u00e9mocratique\u00a0(FAD), lundi 18 septembre, au si\u00e8ge national de l\u2019Union des Forces du Changement\u00a0(UFC)\u00a0dans la commune de\u00a0Ratoma. Selon\u00a0Me.\u00a0Salifou\u00a0K\u00e9b\u00e9, cette visite s&rsquo;inscrit dans le cadre d&rsquo;une concertation entre [&hellip;]\" \/>\n<meta property=\"og:url\" content=\"https:\/\/guineediversite.com\/index.php\/2017\/09\/18\/ceni-chez-fad-nest-a-de-fixer-date-dixit-me-salifou-kebe\/\" \/>\n<meta property=\"og:site_name\" content=\"Guin\u00e9e Diversit\u00e9\" \/>\n<meta property=\"article:publisher\" content=\"https:\/\/www.facebook.com\/guineediversite\/\" \/>\n<meta property=\"article:published_time\" content=\"2017-09-18T19:32:03+00:00\" \/>\n<meta property=\"og:image\" content=\"https:\/\/guineediversite.com\/wp-content\/uploads\/2017\/09\/ceni-FAD.jpg\" \/>\n\t<meta property=\"og:image:width\" content=\"1024\" \/>\n\t<meta property=\"og:image:height\" content=\"768\" \/>\n\t<meta property=\"og:image:type\" content=\"image\/jpeg\" \/>\n<meta name=\"author\" content=\"Mohamed Soumah\" \/>\n<meta name=\"twitter:card\" content=\"summary_large_image\" \/>\n<meta name=\"twitter:creator\" content=\"@GuineeDiversite\" \/>\n<meta name=\"twitter:site\" content=\"@GuineeDiversite\" \/>\n<meta name=\"twitter:label1\" content=\"\u00c9crit par\" \/>\n\t<meta name=\"twitter:data1\" content=\"Mohamed Soumah\" \/>\n\t<meta name=\"twitter:label2\" content=\"Dur\u00e9e de lecture estim\u00e9e\" \/>\n\t<meta name=\"twitter:data2\" content=\"3 minutes\" \/>\n<script type=\"application\/ld+json\" class=\"yoast-schema-graph\">{\"@context\":\"https:\/\/schema.org\",\"@graph\":[{\"@type\":\"Article\",\"@id\":\"https:\/\/guineediversite.com\/index.php\/2017\/09\/18\/ceni-chez-fad-nest-a-de-fixer-date-dixit-me-salifou-kebe\/#article\",\"isPartOf\":{\"@id\":\"https:\/\/guineediversite.com\/index.php\/2017\/09\/18\/ceni-chez-fad-nest-a-de-fixer-date-dixit-me-salifou-kebe\/\"},\"author\":{\"name\":\"Mohamed Soumah\",\"@id\":\"https:\/\/guineediversite.com\/#\/schema\/person\/6fd709a160384bf74b931ededf0856f3\"},\"headline\":\"La\u00a0CENI\u00a0chez le\u00a0FAD\u00a0:\u00a0\u00ab Ce n&rsquo;est pas \u00e0 nous de fixer la date\u00bb, dixit\u00a0Me.\u00a0Salifou\u00a0K\u00e9b\u00e9.\",\"datePublished\":\"2017-09-18T19:32:03+00:00\",\"dateModified\":\"2017-09-18T19:32:03+00:00\",\"mainEntityOfPage\":{\"@id\":\"https:\/\/guineediversite.com\/index.php\/2017\/09\/18\/ceni-chez-fad-nest-a-de-fixer-date-dixit-me-salifou-kebe\/\"},\"wordCount\":610,\"publisher\":{\"@id\":\"https:\/\/guineediversite.com\/#organization\"},\"image\":{\"@id\":\"https:\/\/guineediversite.com\/index.php\/2017\/09\/18\/ceni-chez-fad-nest-a-de-fixer-date-dixit-me-salifou-kebe\/#primaryimage\"},\"thumbnailUrl\":\"https:\/\/guineediversite.com\/wp-content\/uploads\/2017\/09\/ceni-FAD.jpg\",\"articleSection\":[\"Politique\"],\"inLanguage\":\"fr-FR\"},{\"@type\":\"WebPage\",\"@id\":\"https:\/\/guineediversite.com\/index.php\/2017\/09\/18\/ceni-chez-fad-nest-a-de-fixer-date-dixit-me-salifou-kebe\/\",\"url\":\"https:\/\/guineediversite.com\/index.php\/2017\/09\/18\/ceni-chez-fad-nest-a-de-fixer-date-dixit-me-salifou-kebe\/\",\"name\":\"La\u00a0CENI\u00a0chez le\u00a0FAD\u00a0:\u00a0\u00ab Ce n'est pas \u00e0 nous de fixer la date\u00bb, dixit\u00a0Me.\u00a0Salifou\u00a0K\u00e9b\u00e9. | Guin\u00e9e Diversit\u00e9\",\"isPartOf\":{\"@id\":\"https:\/\/guineediversite.com\/#website\"},\"primaryImageOfPage\":{\"@id\":\"https:\/\/guineediversite.com\/index.php\/2017\/09\/18\/ceni-chez-fad-nest-a-de-fixer-date-dixit-me-salifou-kebe\/#primaryimage\"},\"image\":{\"@id\":\"https:\/\/guineediversite.com\/index.php\/2017\/09\/18\/ceni-chez-fad-nest-a-de-fixer-date-dixit-me-salifou-kebe\/#primaryimage\"},\"thumbnailUrl\":\"https:\/\/guineediversite.com\/wp-content\/uploads\/2017\/09\/ceni-FAD.jpg\",\"datePublished\":\"2017-09-18T19:32:03+00:00\",\"dateModified\":\"2017-09-18T19:32:03+00:00\",\"breadcrumb\":{\"@id\":\"https:\/\/guineediversite.com\/index.php\/2017\/09\/18\/ceni-chez-fad-nest-a-de-fixer-date-dixit-me-salifou-kebe\/#breadcrumb\"},\"inLanguage\":\"fr-FR\",\"potentialAction\":[{\"@type\":\"ReadAction\",\"target\":[\"https:\/\/guineediversite.com\/index.php\/2017\/09\/18\/ceni-chez-fad-nest-a-de-fixer-date-dixit-me-salifou-kebe\/\"]}]},{\"@type\":\"ImageObject\",\"inLanguage\":\"fr-FR\",\"@id\":\"https:\/\/guineediversite.com\/index.php\/2017\/09\/18\/ceni-chez-fad-nest-a-de-fixer-date-dixit-me-salifou-kebe\/#primaryimage\",\"url\":\"https:\/\/guineediversite.com\/wp-content\/uploads\/2017\/09\/ceni-FAD.jpg\",\"contentUrl\":\"https:\/\/guineediversite.com\/wp-content\/uploads\/2017\/09\/ceni-FAD.jpg\",\"width\":\"1024\",\"height\":\"768\"},{\"@type\":\"BreadcrumbList\",\"@id\":\"https:\/\/guineediversite.com\/index.php\/2017\/09\/18\/ceni-chez-fad-nest-a-de-fixer-date-dixit-me-salifou-kebe\/#breadcrumb\",\"itemListElement\":[{\"@type\":\"ListItem\",\"position\":1,\"name\":\"Accueil\",\"item\":\"https:\/\/guineediversite.com\/\"},{\"@type\":\"ListItem\",\"position\":2,\"name\":\"La\u00a0CENI\u00a0chez le\u00a0FAD\u00a0:\u00a0\u00ab Ce n&rsquo;est pas \u00e0 nous de fixer la date\u00bb, dixit\u00a0Me.\u00a0Salifou\u00a0K\u00e9b\u00e9.\"}]},{\"@type\":\"WebSite\",\"@id\":\"https:\/\/guineediversite.com\/#website\",\"url\":\"https:\/\/guineediversite.com\/\",\"name\":\"Guin\u00e9e Diversit\u00e9\",\"description\":\"L&#039;Info dans toute sa diversit\u00e9\",\"publisher\":{\"@id\":\"https:\/\/guineediversite.com\/#organization\"},\"potentialAction\":[{\"@type\":\"SearchAction\",\"target\":{\"@type\":\"EntryPoint\",\"urlTemplate\":\"https:\/\/guineediversite.com\/?s={search_term_string}\"},\"query-input\":{\"@type\":\"PropertyValueSpecification\",\"valueRequired\":true,\"valueName\":\"search_term_string\"}}],\"inLanguage\":\"fr-FR\"},{\"@type\":\"Organization\",\"@id\":\"https:\/\/guineediversite.com\/#organization\",\"name\":\"Guin\u00e9e Diversit\u00e9\",\"url\":\"https:\/\/guineediversite.com\/\",\"logo\":{\"@type\":\"ImageObject\",\"inLanguage\":\"fr-FR\",\"@id\":\"https:\/\/guineediversite.com\/#\/schema\/logo\/image\/\",\"url\":\"https:\/\/guineediversite.com\/wp-content\/uploads\/2017\/04\/cropped-1jojlxEOMkX9Wyqfhe43D6kjPOGqBBKmx3EwWJqZ0cMrFF54yM49.png\",\"contentUrl\":\"https:\/\/guineediversite.com\/wp-content\/uploads\/2017\/04\/cropped-1jojlxEOMkX9Wyqfhe43D6kjPOGqBBKmx3EwWJqZ0cMrFF54yM49.png\",\"width\":186,\"height\":112,\"caption\":\"Guin\u00e9e Diversit\u00e9\"},\"image\":{\"@id\":\"https:\/\/guineediversite.com\/#\/schema\/logo\/image\/\"},\"sameAs\":[\"https:\/\/www.facebook.com\/guineediversite\/\",\"https:\/\/x.com\/GuineeDiversite\",\"https:\/\/www.youtube.com\/channel\/UC8sUY16qelG5ge6_D5SB83g\"]},{\"@type\":\"Person\",\"@id\":\"https:\/\/guineediversite.com\/#\/schema\/person\/6fd709a160384bf74b931ededf0856f3\",\"name\":\"Mohamed Soumah\",\"image\":{\"@type\":\"ImageObject\",\"inLanguage\":\"fr-FR\",\"@id\":\"https:\/\/guineediversite.com\/#\/schema\/person\/image\/\",\"url\":\"https:\/\/secure.gravatar.com\/avatar\/4c1e00b5ab2c2b85b5c9be70590b9f67?s=96&d=mm&r=g\",\"contentUrl\":\"https:\/\/secure.gravatar.com\/avatar\/4c1e00b5ab2c2b85b5c9be70590b9f67?s=96&d=mm&r=g\",\"caption\":\"Mohamed Soumah\"},\"url\":\"https:\/\/guineediversite.com\/index.php\/author\/mohamed\/\"}]}<\/script>\n<!-- \/ Yoast SEO plugin. -->","yoast_head_json":{"title":"La\u00a0CENI\u00a0chez le\u00a0FAD\u00a0:\u00a0\u00ab Ce n'est pas \u00e0 nous de fixer la date\u00bb, dixit\u00a0Me.\u00a0Salifou\u00a0K\u00e9b\u00e9. | Guin\u00e9e Diversit\u00e9","robots":{"index":"index","follow":"follow","max-snippet":"max-snippet:-1","max-image-preview":"max-image-preview:large","max-video-preview":"max-video-preview:-1"},"canonical":"https:\/\/guineediversite.com\/index.php\/2017\/09\/18\/ceni-chez-fad-nest-a-de-fixer-date-dixit-me-salifou-kebe\/","og_locale":"fr_FR","og_type":"article","og_title":"La\u00a0CENI\u00a0chez le\u00a0FAD\u00a0:\u00a0\u00ab Ce n'est pas \u00e0 nous de fixer la date\u00bb, dixit\u00a0Me.\u00a0Salifou\u00a0K\u00e9b\u00e9. | Guin\u00e9e Diversit\u00e9","og_description":"Apr\u00e8s le pr\u00e9sident de l&rsquo;UFDG\u00a0la semaine derni\u00e8re, le num\u00e9ro 1 de l&rsquo;institution en charge des \u00e9lections en r\u00e9publique de Guin\u00e9e \u00e0 rendu visite aux membres du Front pour l&rsquo;Alternance D\u00e9mocratique\u00a0(FAD), lundi 18 septembre, au si\u00e8ge national de l\u2019Union des Forces du Changement\u00a0(UFC)\u00a0dans la commune de\u00a0Ratoma. Selon\u00a0Me.\u00a0Salifou\u00a0K\u00e9b\u00e9, cette visite s&rsquo;inscrit dans le cadre d&rsquo;une concertation entre [&hellip;]","og_url":"https:\/\/guineediversite.com\/index.php\/2017\/09\/18\/ceni-chez-fad-nest-a-de-fixer-date-dixit-me-salifou-kebe\/","og_site_name":"Guin\u00e9e Diversit\u00e9","article_publisher":"https:\/\/www.facebook.com\/guineediversite\/","article_published_time":"2017-09-18T19:32:03+00:00","og_image":[{"width":1024,"height":768,"url":"https:\/\/guineediversite.com\/wp-content\/uploads\/2017\/09\/ceni-FAD.jpg","type":"image\/jpeg"}],"author":"Mohamed Soumah","twitter_card":"summary_large_image","twitter_creator":"@GuineeDiversite","twitter_site":"@GuineeDiversite","twitter_misc":{"\u00c9crit par":"Mohamed Soumah","Dur\u00e9e de lecture estim\u00e9e":"3 minutes"},"schema":{"@context":"https:\/\/schema.org","@graph":[{"@type":"Article","@id":"https:\/\/guineediversite.com\/index.php\/2017\/09\/18\/ceni-chez-fad-nest-a-de-fixer-date-dixit-me-salifou-kebe\/#article","isPartOf":{"@id":"https:\/\/guineediversite.com\/index.php\/2017\/09\/18\/ceni-chez-fad-nest-a-de-fixer-date-dixit-me-salifou-kebe\/"},"author":{"name":"Mohamed Soumah","@id":"https:\/\/guineediversite.com\/#\/schema\/person\/6fd709a160384bf74b931ededf0856f3"},"headline":"La\u00a0CENI\u00a0chez le\u00a0FAD\u00a0:\u00a0\u00ab Ce n&rsquo;est pas \u00e0 nous de fixer la date\u00bb, dixit\u00a0Me.\u00a0Salifou\u00a0K\u00e9b\u00e9.","datePublished":"2017-09-18T19:32:03+00:00","dateModified":"2017-09-18T19:32:03+00:00","mainEntityOfPage":{"@id":"https:\/\/guineediversite.com\/index.php\/2017\/09\/18\/ceni-chez-fad-nest-a-de-fixer-date-dixit-me-salifou-kebe\/"},"wordCount":610,"publisher":{"@id":"https:\/\/guineediversite.com\/#organization"},"image":{"@id":"https:\/\/guineediversite.com\/index.php\/2017\/09\/18\/ceni-chez-fad-nest-a-de-fixer-date-dixit-me-salifou-kebe\/#primaryimage"},"thumbnailUrl":"https:\/\/guineediversite.com\/wp-content\/uploads\/2017\/09\/ceni-FAD.jpg","articleSection":["Politique"],"inLanguage":"fr-FR"},{"@type":"WebPage","@id":"https:\/\/guineediversite.com\/index.php\/2017\/09\/18\/ceni-chez-fad-nest-a-de-fixer-date-dixit-me-salifou-kebe\/","url":"https:\/\/guineediversite.com\/index.php\/2017\/09\/18\/ceni-chez-fad-nest-a-de-fixer-date-dixit-me-salifou-kebe\/","name":"La\u00a0CENI\u00a0chez le\u00a0FAD\u00a0:\u00a0\u00ab Ce n'est pas \u00e0 nous de fixer la date\u00bb, dixit\u00a0Me.\u00a0Salifou\u00a0K\u00e9b\u00e9. | Guin\u00e9e Diversit\u00e9","isPartOf":{"@id":"https:\/\/guineediversite.com\/#website"},"primaryImageOfPage":{"@id":"https:\/\/guineediversite.com\/index.php\/2017\/09\/18\/ceni-chez-fad-nest-a-de-fixer-date-dixit-me-salifou-kebe\/#primaryimage"},"image":{"@id":"https:\/\/guineediversite.com\/index.php\/2017\/09\/18\/ceni-chez-fad-nest-a-de-fixer-date-dixit-me-salifou-kebe\/#primaryimage"},"thumbnailUrl":"https:\/\/guineediversite.com\/wp-content\/uploads\/2017\/09\/ceni-FAD.jpg","datePublished":"2017-09-18T19:32:03+00:00","dateModified":"2017-09-18T19:32:03+00:00","breadcrumb":{"@id":"https:\/\/guineediversite.com\/index.php\/2017\/09\/18\/ceni-chez-fad-nest-a-de-fixer-date-dixit-me-salifou-kebe\/#breadcrumb"},"inLanguage":"fr-FR","potentialAction":[{"@type":"ReadAction","target":["https:\/\/guineediversite.com\/index.php\/2017\/09\/18\/ceni-chez-fad-nest-a-de-fixer-date-dixit-me-salifou-kebe\/"]}]},{"@type":"ImageObject","inLanguage":"fr-FR","@id":"https:\/\/guineediversite.com\/index.php\/2017\/09\/18\/ceni-chez-fad-nest-a-de-fixer-date-dixit-me-salifou-kebe\/#primaryimage","url":"https:\/\/guineediversite.com\/wp-content\/uploads\/2017\/09\/ceni-FAD.jpg","contentUrl":"https:\/\/guineediversite.com\/wp-content\/uploads\/2017\/09\/ceni-FAD.jpg","width":"1024","height":"768"},{"@type":"BreadcrumbList","@id":"https:\/\/guineediversite.com\/index.php\/2017\/09\/18\/ceni-chez-fad-nest-a-de-fixer-date-dixit-me-salifou-kebe\/#breadcrumb","itemListElement":[{"@type":"ListItem","position":1,"name":"Accueil","item":"https:\/\/guineediversite.com\/"},{"@type":"ListItem","position":2,"name":"La\u00a0CENI\u00a0chez le\u00a0FAD\u00a0:\u00a0\u00ab Ce n&rsquo;est pas \u00e0 nous de fixer la date\u00bb, dixit\u00a0Me.\u00a0Salifou\u00a0K\u00e9b\u00e9."}]},{"@type":"WebSite","@id":"https:\/\/guineediversite.com\/#website","url":"https:\/\/guineediversite.com\/","name":"Guin\u00e9e Diversit\u00e9","description":"L&#039;Info dans toute sa diversit\u00e9","publisher":{"@id":"https:\/\/guineediversite.com\/#organization"},"potentialAction":[{"@type":"SearchAction","target":{"@type":"EntryPoint","urlTemplate":"https:\/\/guineediversite.com\/?s={search_term_string}"},"query-input":{"@type":"PropertyValueSpecification","valueRequired":true,"valueName":"search_term_string"}}],"inLanguage":"fr-FR"},{"@type":"Organization","@id":"https:\/\/guineediversite.com\/#organization","name":"Guin\u00e9e Diversit\u00e9","url":"https:\/\/guineediversite.com\/","logo":{"@type":"ImageObject","inLanguage":"fr-FR","@id":"https:\/\/guineediversite.com\/#\/schema\/logo\/image\/","url":"https:\/\/guineediversite.com\/wp-content\/uploads\/2017\/04\/cropped-1jojlxEOMkX9Wyqfhe43D6kjPOGqBBKmx3EwWJqZ0cMrFF54yM49.png","contentUrl":"https:\/\/guineediversite.com\/wp-content\/uploads\/2017\/04\/cropped-1jojlxEOMkX9Wyqfhe43D6kjPOGqBBKmx3EwWJqZ0cMrFF54yM49.png","width":186,"height":112,"caption":"Guin\u00e9e Diversit\u00e9"},"image":{"@id":"https:\/\/guineediversite.com\/#\/schema\/logo\/image\/"},"sameAs":["https:\/\/www.facebook.com\/guineediversite\/","https:\/\/x.com\/GuineeDiversite","https:\/\/www.youtube.com\/channel\/UC8sUY16qelG5ge6_D5SB83g"]},{"@type":"Person","@id":"https:\/\/guineediversite.com\/#\/schema\/person\/6fd709a160384bf74b931ededf0856f3","name":"Mohamed Soumah","image":{"@type":"ImageObject","inLanguage":"fr-FR","@id":"https:\/\/guineediversite.com\/#\/schema\/person\/image\/","url":"https:\/\/secure.gravatar.com\/avatar\/4c1e00b5ab2c2b85b5c9be70590b9f67?s=96&d=mm&r=g","contentUrl":"https:\/\/secure.gravatar.com\/avatar\/4c1e00b5ab2c2b85b5c9be70590b9f67?s=96&d=mm&r=g","caption":"Mohamed Soumah"},"url":"https:\/\/guineediversite.com\/index.php\/author\/mohamed\/"}]}},"_links":{"self":[{"href":"https:\/\/guineediversite.com\/index.php\/wp-json\/wp\/v2\/posts\/21946"}],"collection":[{"href":"https:\/\/guineediversite.com\/index.php\/wp-json\/wp\/v2\/posts"}],"about":[{"href":"https:\/\/guineediversite.com\/index.php\/wp-json\/wp\/v2\/types\/post"}],"author":[{"embeddable":true,"href":"https:\/\/guineediversite.com\/index.php\/wp-json\/wp\/v2\/users\/9"}],"replies":[{"embeddable":true,"href":"https:\/\/guineediversite.com\/index.php\/wp-json\/wp\/v2\/comments?post=21946"}],"version-history":[{"count":0,"href":"https:\/\/guineediversite.com\/index.php\/wp-json\/wp\/v2\/posts\/21946\/revisions"}],"wp:featuredmedia":[{"embeddable":true,"href":"https:\/\/guineediversite.com\/index.php\/wp-json\/wp\/v2\/media\/21947"}],"wp:attachment":[{"href":"https:\/\/guineediversite.com\/index.php\/wp-json\/wp\/v2\/media?parent=21946"}],"wp:term":[{"taxonomy":"category","embeddable":true,"href":"https:\/\/guineediversite.com\/index.php\/wp-json\/wp\/v2\/categories?post=21946"},{"taxonomy":"post_tag","embeddable":true,"href":"https:\/\/guineediversite.com\/index.php\/wp-json\/wp\/v2\/tags?post=21946"}],"curies":[{"name":"wp","href":"https:\/\/api.w.org\/{rel}","templated":true}]}}