{"id":21846,"date":"2017-09-14T15:22:57","date_gmt":"2017-09-14T13:22:57","guid":{"rendered":"https:\/\/guineediversite.com\/?p=21846"},"modified":"2017-09-14T15:22:57","modified_gmt":"2017-09-14T13:22:57","slug":"reinsertion-socio-economique-jeunes-problematique-letat-guineen-compte-resoudre","status":"publish","type":"post","link":"https:\/\/guineediversite.com\/index.php\/2017\/09\/14\/reinsertion-socio-economique-jeunes-problematique-letat-guineen-compte-resoudre\/","title":{"rendered":"R\u00e9insertion  socio-\u00e9conomique des jeunes, une probl\u00e9matique que l\u2019Etat guin\u00e9en compte r\u00e9soudre."},"content":{"rendered":"<p>Des\u00a0 assises nationales de concertation sur l\u2019insertion socio-\u00e9conomique des jeunes ont\u00a0 \u00e9t\u00e9 lanc\u00e9es\u00a0 ce mercredi\u00a0 \u00e0 Conakry. Ces trois jours de concertations s\u2018inscrit dans le cadre de la mise en \u0153uvre du plan de travail annuel 2017 du PNUD avec le minist\u00e8re de la jeunesse \u00e0 travers la direction nationale de l\u2019insertion des jeunes.<\/p>\n<p>Ce programme\u00a0 va permettre la mise en place d\u2019un m\u00e9canisme de coordination et de concertation entre le d\u00e9partement de tutelle et la jeunesse guin\u00e9enne.<\/p>\n<p>Aminata Kouyat\u00e9 directrice nationale de l\u2019insertion socio-\u00e9conomique des jeunes revient sur l\u2019objectif principal de cette rencontre d\u2019\u00e9change\u00a0: \u00ab L\u2019objectif de ces journ\u00e9es est de promouvoir le dialogue et la concertation des diff\u00e9rents acteurs afin de faciliter une compr\u00e9hension commune de la\u00a0 probl\u00e9matique de l\u2019insertion des jeunes en Guin\u00e9e. Elles permettrons \u00e9galement de favoriser l\u2019information et les \u00e9changes entre les diff\u00e9rentes initiatives entre le public et le priv\u00e9 d\u2019insertion socio-\u00e9conomique des jeunes.\u00bb<\/p>\n<p>Pour Moustapha Nait\u00e9 ministre guin\u00e9en de la jeunesse, il faut une synergie des efforts pour aboutir \u00e0 un r\u00e9sultat concret. Cela il, doit \u00eatre la priorit\u00e9 pour r\u00e9soudre les probl\u00e8mes des jeunes.\u00a0\u00ab\u00a0 En effet, si une politique d\u2019insertion socio-\u00e9conomique des jeunes ne prend pas en compte \u00e0 la fois les \u00a0attentes des jeunes, les exigences de l\u2019entreprise et la volont\u00e9 politique, elle ne peut avoir un impact v\u00e9ritablement satisfaisant. Il nous faut nous assurer de l\u2019implication effective de tout les acteurs du processus de conception, d\u2019\u00e9laboration, de mise en \u0153uvre et d\u2019\u00e9valuation de la politique de l\u2019insertion socio-\u00e9conomique des jeunes,\u00a0\u00bb<\/p>\n<p>Les participants quand \u00e0 eux, attendent des solutions qui pourront rem\u00e9dier aux probl\u00e8mes de la jeunesse guin\u00e9enne.<\/p>\n<p>Ces journ\u00e9es de concertation qui prendront fin ce vendredi 15 septembre, doivent aussi permettre d\u2019am\u00e9liorer les conditions de vie des jeunes guin\u00e9ens.<\/p>\n","protected":false},"excerpt":{"rendered":"<p>Des\u00a0 assises nationales de concertation sur l\u2019insertion socio-\u00e9conomique des jeunes ont\u00a0 \u00e9t\u00e9 lanc\u00e9es\u00a0 ce mercredi\u00a0 \u00e0 Conakry. Ces trois jours de concertations s\u2018inscrit dans le cadre de la mise en \u0153uvre du plan de travail annuel 2017 du PNUD avec le minist\u00e8re de la jeunesse \u00e0 travers la direction nationale de l\u2019insertion des jeunes. Ce [&hellip;]<\/p>\n","protected":false},"author":10,"featured_media":21847,"comment_status":"closed","ping_status":"closed","sticky":false,"template":"","format":"standard","meta":{"_exactmetrics_skip_tracking":false,"_exactmetrics_sitenote_active":false,"_exactmetrics_sitenote_note":"","_exactmetrics_sitenote_category":0,"tdm_status":"","tdm_grid_status":"","footnotes":""},"categories":[16],"tags":[248],"class_list":{"0":"post-21846","1":"post","2":"type-post","3":"status-publish","4":"format-standard","5":"has-post-thumbnail","7":"category-societe","8":"tag-reinsertion"},"yoast_head":"<!-- This site is optimized with the Yoast SEO plugin v24.2 - https:\/\/yoast.com\/wordpress\/plugins\/seo\/ -->\n<title>R\u00e9insertion socio-\u00e9conomique des jeunes, une probl\u00e9matique que l\u2019Etat guin\u00e9en compte r\u00e9soudre. | Guin\u00e9e Diversit\u00e9<\/title>\n<meta name=\"robots\" content=\"index, follow, max-snippet:-1, max-image-preview:large, max-video-preview:-1\" \/>\n<link rel=\"canonical\" href=\"https:\/\/guineediversite.com\/index.php\/2017\/09\/14\/reinsertion-socio-economique-jeunes-problematique-letat-guineen-compte-resoudre\/\" \/>\n<meta property=\"og:locale\" content=\"fr_FR\" \/>\n<meta property=\"og:type\" content=\"article\" \/>\n<meta property=\"og:title\" content=\"R\u00e9insertion socio-\u00e9conomique des jeunes, une probl\u00e9matique que l\u2019Etat guin\u00e9en compte r\u00e9soudre. | Guin\u00e9e Diversit\u00e9\" \/>\n<meta property=\"og:description\" content=\"Des\u00a0 assises nationales de concertation sur l\u2019insertion socio-\u00e9conomique des jeunes ont\u00a0 \u00e9t\u00e9 lanc\u00e9es\u00a0 ce mercredi\u00a0 \u00e0 Conakry. Ces trois jours de concertations s\u2018inscrit dans le cadre de la mise en \u0153uvre du plan de travail annuel 2017 du PNUD avec le minist\u00e8re de la jeunesse \u00e0 travers la direction nationale de l\u2019insertion des jeunes. Ce [&hellip;]\" \/>\n<meta property=\"og:url\" content=\"https:\/\/guineediversite.com\/index.php\/2017\/09\/14\/reinsertion-socio-economique-jeunes-problematique-letat-guineen-compte-resoudre\/\" \/>\n<meta property=\"og:site_name\" content=\"Guin\u00e9e Diversit\u00e9\" \/>\n<meta property=\"article:publisher\" content=\"https:\/\/www.facebook.com\/guineediversite\/\" \/>\n<meta property=\"article:published_time\" content=\"2017-09-14T13:22:57+00:00\" \/>\n<meta property=\"og:image\" content=\"https:\/\/guineediversite.com\/wp-content\/uploads\/2017\/09\/21744857_2423358501223076_1990803859_o.jpg\" \/>\n\t<meta property=\"og:image:width\" content=\"1776\" \/>\n\t<meta property=\"og:image:height\" content=\"1332\" \/>\n\t<meta property=\"og:image:type\" content=\"image\/jpeg\" \/>\n<meta name=\"author\" content=\"Morcire Camara\" \/>\n<meta name=\"twitter:card\" content=\"summary_large_image\" \/>\n<meta name=\"twitter:creator\" content=\"@GuineeDiversite\" \/>\n<meta name=\"twitter:site\" content=\"@GuineeDiversite\" \/>\n<meta name=\"twitter:label1\" content=\"\u00c9crit par\" \/>\n\t<meta name=\"twitter:data1\" content=\"Morcire Camara\" \/>\n\t<meta name=\"twitter:label2\" content=\"Dur\u00e9e de lecture estim\u00e9e\" \/>\n\t<meta name=\"twitter:data2\" content=\"2 minutes\" \/>\n<script type=\"application\/ld+json\" class=\"yoast-schema-graph\">{\"@context\":\"https:\/\/schema.org\",\"@graph\":[{\"@type\":\"Article\",\"@id\":\"https:\/\/guineediversite.com\/index.php\/2017\/09\/14\/reinsertion-socio-economique-jeunes-problematique-letat-guineen-compte-resoudre\/#article\",\"isPartOf\":{\"@id\":\"https:\/\/guineediversite.com\/index.php\/2017\/09\/14\/reinsertion-socio-economique-jeunes-problematique-letat-guineen-compte-resoudre\/\"},\"author\":{\"name\":\"Morcire Camara\",\"@id\":\"https:\/\/guineediversite.com\/#\/schema\/person\/fa362494c47202ce4b3adf55abcc9d01\"},\"headline\":\"R\u00e9insertion socio-\u00e9conomique des jeunes, une probl\u00e9matique que l\u2019Etat guin\u00e9en compte r\u00e9soudre.\",\"datePublished\":\"2017-09-14T13:22:57+00:00\",\"dateModified\":\"2017-09-14T13:22:57+00:00\",\"mainEntityOfPage\":{\"@id\":\"https:\/\/guineediversite.com\/index.php\/2017\/09\/14\/reinsertion-socio-economique-jeunes-problematique-letat-guineen-compte-resoudre\/\"},\"wordCount\":342,\"publisher\":{\"@id\":\"https:\/\/guineediversite.com\/#organization\"},\"image\":{\"@id\":\"https:\/\/guineediversite.com\/index.php\/2017\/09\/14\/reinsertion-socio-economique-jeunes-problematique-letat-guineen-compte-resoudre\/#primaryimage\"},\"thumbnailUrl\":\"https:\/\/guineediversite.com\/wp-content\/uploads\/2017\/09\/21744857_2423358501223076_1990803859_o.jpg\",\"keywords\":[\"R\u00e9insertion\"],\"articleSection\":[\"Soci\u00e9t\u00e9\"],\"inLanguage\":\"fr-FR\"},{\"@type\":\"WebPage\",\"@id\":\"https:\/\/guineediversite.com\/index.php\/2017\/09\/14\/reinsertion-socio-economique-jeunes-problematique-letat-guineen-compte-resoudre\/\",\"url\":\"https:\/\/guineediversite.com\/index.php\/2017\/09\/14\/reinsertion-socio-economique-jeunes-problematique-letat-guineen-compte-resoudre\/\",\"name\":\"R\u00e9insertion socio-\u00e9conomique des jeunes, une probl\u00e9matique que l\u2019Etat guin\u00e9en compte r\u00e9soudre. | Guin\u00e9e Diversit\u00e9\",\"isPartOf\":{\"@id\":\"https:\/\/guineediversite.com\/#website\"},\"primaryImageOfPage\":{\"@id\":\"https:\/\/guineediversite.com\/index.php\/2017\/09\/14\/reinsertion-socio-economique-jeunes-problematique-letat-guineen-compte-resoudre\/#primaryimage\"},\"image\":{\"@id\":\"https:\/\/guineediversite.com\/index.php\/2017\/09\/14\/reinsertion-socio-economique-jeunes-problematique-letat-guineen-compte-resoudre\/#primaryimage\"},\"thumbnailUrl\":\"https:\/\/guineediversite.com\/wp-content\/uploads\/2017\/09\/21744857_2423358501223076_1990803859_o.jpg\",\"datePublished\":\"2017-09-14T13:22:57+00:00\",\"dateModified\":\"2017-09-14T13:22:57+00:00\",\"breadcrumb\":{\"@id\":\"https:\/\/guineediversite.com\/index.php\/2017\/09\/14\/reinsertion-socio-economique-jeunes-problematique-letat-guineen-compte-resoudre\/#breadcrumb\"},\"inLanguage\":\"fr-FR\",\"potentialAction\":[{\"@type\":\"ReadAction\",\"target\":[\"https:\/\/guineediversite.com\/index.php\/2017\/09\/14\/reinsertion-socio-economique-jeunes-problematique-letat-guineen-compte-resoudre\/\"]}]},{\"@type\":\"ImageObject\",\"inLanguage\":\"fr-FR\",\"@id\":\"https:\/\/guineediversite.com\/index.php\/2017\/09\/14\/reinsertion-socio-economique-jeunes-problematique-letat-guineen-compte-resoudre\/#primaryimage\",\"url\":\"https:\/\/guineediversite.com\/wp-content\/uploads\/2017\/09\/21744857_2423358501223076_1990803859_o.jpg\",\"contentUrl\":\"https:\/\/guineediversite.com\/wp-content\/uploads\/2017\/09\/21744857_2423358501223076_1990803859_o.jpg\",\"width\":\"1776\",\"height\":\"1332\"},{\"@type\":\"BreadcrumbList\",\"@id\":\"https:\/\/guineediversite.com\/index.php\/2017\/09\/14\/reinsertion-socio-economique-jeunes-problematique-letat-guineen-compte-resoudre\/#breadcrumb\",\"itemListElement\":[{\"@type\":\"ListItem\",\"position\":1,\"name\":\"Accueil\",\"item\":\"https:\/\/guineediversite.com\/\"},{\"@type\":\"ListItem\",\"position\":2,\"name\":\"R\u00e9insertion socio-\u00e9conomique des jeunes, une probl\u00e9matique que l\u2019Etat guin\u00e9en compte r\u00e9soudre.\"}]},{\"@type\":\"WebSite\",\"@id\":\"https:\/\/guineediversite.com\/#website\",\"url\":\"https:\/\/guineediversite.com\/\",\"name\":\"Guin\u00e9e Diversit\u00e9\",\"description\":\"L&#039;Info dans toute sa diversit\u00e9\",\"publisher\":{\"@id\":\"https:\/\/guineediversite.com\/#organization\"},\"potentialAction\":[{\"@type\":\"SearchAction\",\"target\":{\"@type\":\"EntryPoint\",\"urlTemplate\":\"https:\/\/guineediversite.com\/?s={search_term_string}\"},\"query-input\":{\"@type\":\"PropertyValueSpecification\",\"valueRequired\":true,\"valueName\":\"search_term_string\"}}],\"inLanguage\":\"fr-FR\"},{\"@type\":\"Organization\",\"@id\":\"https:\/\/guineediversite.com\/#organization\",\"name\":\"Guin\u00e9e Diversit\u00e9\",\"url\":\"https:\/\/guineediversite.com\/\",\"logo\":{\"@type\":\"ImageObject\",\"inLanguage\":\"fr-FR\",\"@id\":\"https:\/\/guineediversite.com\/#\/schema\/logo\/image\/\",\"url\":\"https:\/\/guineediversite.com\/wp-content\/uploads\/2017\/04\/cropped-1jojlxEOMkX9Wyqfhe43D6kjPOGqBBKmx3EwWJqZ0cMrFF54yM49.png\",\"contentUrl\":\"https:\/\/guineediversite.com\/wp-content\/uploads\/2017\/04\/cropped-1jojlxEOMkX9Wyqfhe43D6kjPOGqBBKmx3EwWJqZ0cMrFF54yM49.png\",\"width\":186,\"height\":112,\"caption\":\"Guin\u00e9e Diversit\u00e9\"},\"image\":{\"@id\":\"https:\/\/guineediversite.com\/#\/schema\/logo\/image\/\"},\"sameAs\":[\"https:\/\/www.facebook.com\/guineediversite\/\",\"https:\/\/x.com\/GuineeDiversite\",\"https:\/\/www.youtube.com\/channel\/UC8sUY16qelG5ge6_D5SB83g\"]},{\"@type\":\"Person\",\"@id\":\"https:\/\/guineediversite.com\/#\/schema\/person\/fa362494c47202ce4b3adf55abcc9d01\",\"name\":\"Morcire Camara\",\"image\":{\"@type\":\"ImageObject\",\"inLanguage\":\"fr-FR\",\"@id\":\"https:\/\/guineediversite.com\/#\/schema\/person\/image\/\",\"url\":\"https:\/\/secure.gravatar.com\/avatar\/3ec324f02295bbcebe03d99b39330ab4?s=96&d=mm&r=g\",\"contentUrl\":\"https:\/\/secure.gravatar.com\/avatar\/3ec324f02295bbcebe03d99b39330ab4?s=96&d=mm&r=g\",\"caption\":\"Morcire Camara\"},\"url\":\"https:\/\/guineediversite.com\/index.php\/author\/morcire\/\"}]}<\/script>\n<!-- \/ Yoast SEO plugin. -->","yoast_head_json":{"title":"R\u00e9insertion socio-\u00e9conomique des jeunes, une probl\u00e9matique que l\u2019Etat guin\u00e9en compte r\u00e9soudre. | Guin\u00e9e Diversit\u00e9","robots":{"index":"index","follow":"follow","max-snippet":"max-snippet:-1","max-image-preview":"max-image-preview:large","max-video-preview":"max-video-preview:-1"},"canonical":"https:\/\/guineediversite.com\/index.php\/2017\/09\/14\/reinsertion-socio-economique-jeunes-problematique-letat-guineen-compte-resoudre\/","og_locale":"fr_FR","og_type":"article","og_title":"R\u00e9insertion socio-\u00e9conomique des jeunes, une probl\u00e9matique que l\u2019Etat guin\u00e9en compte r\u00e9soudre. | Guin\u00e9e Diversit\u00e9","og_description":"Des\u00a0 assises nationales de concertation sur l\u2019insertion socio-\u00e9conomique des jeunes ont\u00a0 \u00e9t\u00e9 lanc\u00e9es\u00a0 ce mercredi\u00a0 \u00e0 Conakry. Ces trois jours de concertations s\u2018inscrit dans le cadre de la mise en \u0153uvre du plan de travail annuel 2017 du PNUD avec le minist\u00e8re de la jeunesse \u00e0 travers la direction nationale de l\u2019insertion des jeunes. Ce [&hellip;]","og_url":"https:\/\/guineediversite.com\/index.php\/2017\/09\/14\/reinsertion-socio-economique-jeunes-problematique-letat-guineen-compte-resoudre\/","og_site_name":"Guin\u00e9e Diversit\u00e9","article_publisher":"https:\/\/www.facebook.com\/guineediversite\/","article_published_time":"2017-09-14T13:22:57+00:00","og_image":[{"width":1776,"height":1332,"url":"https:\/\/guineediversite.com\/wp-content\/uploads\/2017\/09\/21744857_2423358501223076_1990803859_o.jpg","type":"image\/jpeg"}],"author":"Morcire Camara","twitter_card":"summary_large_image","twitter_creator":"@GuineeDiversite","twitter_site":"@GuineeDiversite","twitter_misc":{"\u00c9crit par":"Morcire Camara","Dur\u00e9e de lecture estim\u00e9e":"2 minutes"},"schema":{"@context":"https:\/\/schema.org","@graph":[{"@type":"Article","@id":"https:\/\/guineediversite.com\/index.php\/2017\/09\/14\/reinsertion-socio-economique-jeunes-problematique-letat-guineen-compte-resoudre\/#article","isPartOf":{"@id":"https:\/\/guineediversite.com\/index.php\/2017\/09\/14\/reinsertion-socio-economique-jeunes-problematique-letat-guineen-compte-resoudre\/"},"author":{"name":"Morcire Camara","@id":"https:\/\/guineediversite.com\/#\/schema\/person\/fa362494c47202ce4b3adf55abcc9d01"},"headline":"R\u00e9insertion socio-\u00e9conomique des jeunes, une probl\u00e9matique que l\u2019Etat guin\u00e9en compte r\u00e9soudre.","datePublished":"2017-09-14T13:22:57+00:00","dateModified":"2017-09-14T13:22:57+00:00","mainEntityOfPage":{"@id":"https:\/\/guineediversite.com\/index.php\/2017\/09\/14\/reinsertion-socio-economique-jeunes-problematique-letat-guineen-compte-resoudre\/"},"wordCount":342,"publisher":{"@id":"https:\/\/guineediversite.com\/#organization"},"image":{"@id":"https:\/\/guineediversite.com\/index.php\/2017\/09\/14\/reinsertion-socio-economique-jeunes-problematique-letat-guineen-compte-resoudre\/#primaryimage"},"thumbnailUrl":"https:\/\/guineediversite.com\/wp-content\/uploads\/2017\/09\/21744857_2423358501223076_1990803859_o.jpg","keywords":["R\u00e9insertion"],"articleSection":["Soci\u00e9t\u00e9"],"inLanguage":"fr-FR"},{"@type":"WebPage","@id":"https:\/\/guineediversite.com\/index.php\/2017\/09\/14\/reinsertion-socio-economique-jeunes-problematique-letat-guineen-compte-resoudre\/","url":"https:\/\/guineediversite.com\/index.php\/2017\/09\/14\/reinsertion-socio-economique-jeunes-problematique-letat-guineen-compte-resoudre\/","name":"R\u00e9insertion socio-\u00e9conomique des jeunes, une probl\u00e9matique que l\u2019Etat guin\u00e9en compte r\u00e9soudre. | Guin\u00e9e Diversit\u00e9","isPartOf":{"@id":"https:\/\/guineediversite.com\/#website"},"primaryImageOfPage":{"@id":"https:\/\/guineediversite.com\/index.php\/2017\/09\/14\/reinsertion-socio-economique-jeunes-problematique-letat-guineen-compte-resoudre\/#primaryimage"},"image":{"@id":"https:\/\/guineediversite.com\/index.php\/2017\/09\/14\/reinsertion-socio-economique-jeunes-problematique-letat-guineen-compte-resoudre\/#primaryimage"},"thumbnailUrl":"https:\/\/guineediversite.com\/wp-content\/uploads\/2017\/09\/21744857_2423358501223076_1990803859_o.jpg","datePublished":"2017-09-14T13:22:57+00:00","dateModified":"2017-09-14T13:22:57+00:00","breadcrumb":{"@id":"https:\/\/guineediversite.com\/index.php\/2017\/09\/14\/reinsertion-socio-economique-jeunes-problematique-letat-guineen-compte-resoudre\/#breadcrumb"},"inLanguage":"fr-FR","potentialAction":[{"@type":"ReadAction","target":["https:\/\/guineediversite.com\/index.php\/2017\/09\/14\/reinsertion-socio-economique-jeunes-problematique-letat-guineen-compte-resoudre\/"]}]},{"@type":"ImageObject","inLanguage":"fr-FR","@id":"https:\/\/guineediversite.com\/index.php\/2017\/09\/14\/reinsertion-socio-economique-jeunes-problematique-letat-guineen-compte-resoudre\/#primaryimage","url":"https:\/\/guineediversite.com\/wp-content\/uploads\/2017\/09\/21744857_2423358501223076_1990803859_o.jpg","contentUrl":"https:\/\/guineediversite.com\/wp-content\/uploads\/2017\/09\/21744857_2423358501223076_1990803859_o.jpg","width":"1776","height":"1332"},{"@type":"BreadcrumbList","@id":"https:\/\/guineediversite.com\/index.php\/2017\/09\/14\/reinsertion-socio-economique-jeunes-problematique-letat-guineen-compte-resoudre\/#breadcrumb","itemListElement":[{"@type":"ListItem","position":1,"name":"Accueil","item":"https:\/\/guineediversite.com\/"},{"@type":"ListItem","position":2,"name":"R\u00e9insertion socio-\u00e9conomique des jeunes, une probl\u00e9matique que l\u2019Etat guin\u00e9en compte r\u00e9soudre."}]},{"@type":"WebSite","@id":"https:\/\/guineediversite.com\/#website","url":"https:\/\/guineediversite.com\/","name":"Guin\u00e9e Diversit\u00e9","description":"L&#039;Info dans toute sa diversit\u00e9","publisher":{"@id":"https:\/\/guineediversite.com\/#organization"},"potentialAction":[{"@type":"SearchAction","target":{"@type":"EntryPoint","urlTemplate":"https:\/\/guineediversite.com\/?s={search_term_string}"},"query-input":{"@type":"PropertyValueSpecification","valueRequired":true,"valueName":"search_term_string"}}],"inLanguage":"fr-FR"},{"@type":"Organization","@id":"https:\/\/guineediversite.com\/#organization","name":"Guin\u00e9e Diversit\u00e9","url":"https:\/\/guineediversite.com\/","logo":{"@type":"ImageObject","inLanguage":"fr-FR","@id":"https:\/\/guineediversite.com\/#\/schema\/logo\/image\/","url":"https:\/\/guineediversite.com\/wp-content\/uploads\/2017\/04\/cropped-1jojlxEOMkX9Wyqfhe43D6kjPOGqBBKmx3EwWJqZ0cMrFF54yM49.png","contentUrl":"https:\/\/guineediversite.com\/wp-content\/uploads\/2017\/04\/cropped-1jojlxEOMkX9Wyqfhe43D6kjPOGqBBKmx3EwWJqZ0cMrFF54yM49.png","width":186,"height":112,"caption":"Guin\u00e9e Diversit\u00e9"},"image":{"@id":"https:\/\/guineediversite.com\/#\/schema\/logo\/image\/"},"sameAs":["https:\/\/www.facebook.com\/guineediversite\/","https:\/\/x.com\/GuineeDiversite","https:\/\/www.youtube.com\/channel\/UC8sUY16qelG5ge6_D5SB83g"]},{"@type":"Person","@id":"https:\/\/guineediversite.com\/#\/schema\/person\/fa362494c47202ce4b3adf55abcc9d01","name":"Morcire Camara","image":{"@type":"ImageObject","inLanguage":"fr-FR","@id":"https:\/\/guineediversite.com\/#\/schema\/person\/image\/","url":"https:\/\/secure.gravatar.com\/avatar\/3ec324f02295bbcebe03d99b39330ab4?s=96&d=mm&r=g","contentUrl":"https:\/\/secure.gravatar.com\/avatar\/3ec324f02295bbcebe03d99b39330ab4?s=96&d=mm&r=g","caption":"Morcire Camara"},"url":"https:\/\/guineediversite.com\/index.php\/author\/morcire\/"}]}},"_links":{"self":[{"href":"https:\/\/guineediversite.com\/index.php\/wp-json\/wp\/v2\/posts\/21846"}],"collection":[{"href":"https:\/\/guineediversite.com\/index.php\/wp-json\/wp\/v2\/posts"}],"about":[{"href":"https:\/\/guineediversite.com\/index.php\/wp-json\/wp\/v2\/types\/post"}],"author":[{"embeddable":true,"href":"https:\/\/guineediversite.com\/index.php\/wp-json\/wp\/v2\/users\/10"}],"replies":[{"embeddable":true,"href":"https:\/\/guineediversite.com\/index.php\/wp-json\/wp\/v2\/comments?post=21846"}],"version-history":[{"count":0,"href":"https:\/\/guineediversite.com\/index.php\/wp-json\/wp\/v2\/posts\/21846\/revisions"}],"wp:featuredmedia":[{"embeddable":true,"href":"https:\/\/guineediversite.com\/index.php\/wp-json\/wp\/v2\/media\/21847"}],"wp:attachment":[{"href":"https:\/\/guineediversite.com\/index.php\/wp-json\/wp\/v2\/media?parent=21846"}],"wp:term":[{"taxonomy":"category","embeddable":true,"href":"https:\/\/guineediversite.com\/index.php\/wp-json\/wp\/v2\/categories?post=21846"},{"taxonomy":"post_tag","embeddable":true,"href":"https:\/\/guineediversite.com\/index.php\/wp-json\/wp\/v2\/tags?post=21846"}],"curies":[{"name":"wp","href":"https:\/\/api.w.org\/{rel}","templated":true}]}}