{"id":21837,"date":"2017-09-13T21:37:54","date_gmt":"2017-09-13T19:37:54","guid":{"rendered":"https:\/\/guineediversite.com\/?p=21837"},"modified":"2017-09-13T21:37:54","modified_gmt":"2017-09-13T19:37:54","slug":"operation-seduction-nouveau-patron-de-ceni","status":"publish","type":"post","link":"https:\/\/guineediversite.com\/index.php\/2017\/09\/13\/operation-seduction-nouveau-patron-de-ceni\/","title":{"rendered":"\u00a0Op\u00e9ration s\u00e9duction du nouveau patron de la\u00a0CENI"},"content":{"rendered":"<p><strong><span id=\"p182\">Depuis son\u00a0<span id=\"196\">\u00e9lection \u00e0<\/span>\u00a0la\u00a0<span id=\"201\">t\u00eate de<\/span>\u00a0<span id=\"197\">CENI<\/span>, Amadou\u00a0<span id=\"198\">Salifou<\/span>\u00a0<span id=\"199\">K\u00e9b\u00e9<\/span>\u00a0a entam\u00e9 une s\u00e9rie de\u00a0<span id=\"200\">rencontre<\/span>\u00a0<span id=\"203\">avec les<\/span>\u00a0<span id=\"205\">partenaires engag\u00e9s<\/span>\u00a0dans ce processus.<\/span><span id=\"p183\">\u00a0 M<span id=\"207\">ardi<\/span>\u00a012\u00a0<span id=\"208\">Octobre<\/span>, c\u2019est le Conseil Nation des Organisations de le Soci\u00e9t\u00e9 Civile Guin\u00e9enne\u00a0<span id=\"209\">CNOSCG<\/span>\u00a0qui a accueilli le pr\u00e9sident de la\u00a0<span id=\"210\">CENI<\/span>\u00a0et sa d\u00e9l\u00e9gation.<br \/>\n<\/span><\/strong><br \/>\n<span id=\"p184\">Cette visite s\u2019inscrit dans le cadre du renforcement des relations de travail avec toutes les parties prenantes pour la tenue des \u00e9lections locales r\u00e9ussie dans le pays.<\/span><span id=\"p185\">\u00a0C\u2019est pour permettre \u00e0 La\u00a0<span id=\"211\" class=\"s-rg-t\">CENI<\/span>\u00a0de b\u00e9n\u00e9ficier de l\u2019apport de toutes les structures pendant ce processus \u00e9lectoral \u00e0 venir.<\/span><span id=\"p186\">\u00a0C\u2019est autant dire que la Commission\u00a0\u00c9lectorale\u00a0Nationale Ind\u00e9pendante est consciente de l\u2019enjeu, c\u2019est pourquoi elle tend la main \u00e0 toutes les structures d\u00e9sireuses de l\u2019accompagner\u00a0pour l\u2019atteinte de ses objectifs explique Me Amadou Salifou\u00a0<span id=\"214\" class=\"s-rg-t\">Kebe<\/span>\u00a0\u00ab <em>S\u2019il y a une organisation qui est bien implant\u00e9e en Guin\u00e9e, c\u2019est le\u00a0<span id=\"215\" class=\"s-rg-t\">CNOSCG<\/span>.<\/em><\/span><span id=\"p187\"><em>\u00a0Donc, si nous\u00a0voulons toucher\u00a0de Conakry jusqu\u2019au dernier citoyen de la R\u00e9publique de Guin\u00e9e pour ce faire, il fallait \u00eatre au\u00a0<span id=\"216\" class=\"s-rg-t\">CNOSCG<\/span>\u00a0<\/em>\u00bb dit-t-il<br \/>\n<\/span><br \/>\n<span id=\"p188\">Poursuivant, le pr\u00e9sident de la\u00a0<span id=\"219\" class=\"s-rg-t\">CENI<\/span>\u00a0n\u2019a pas omis la forte repr\u00e9sentativit\u00e9 de cette structure \u00e0\u00a0travers le\u00a0pays, d\u2019o\u00f9 son implication dans l\u2019organisation d\u2019une \u00e9lection s\u2019av\u00e8re n\u00e9cessaire.<\/span><span id=\"p189\">\u00a0Et malgr\u00e9 tout cela, le pr\u00e9sident du Conseil Nation des Organisations de la Soci\u00e9t\u00e9 Civile Guin\u00e9enne a exhort\u00e9 la\u00a0<span id=\"222\" class=\"s-rg-t\">CENI<\/span>\u00a0d\u2019assumer sa responsabilit\u00e9 en organisant une \u00e9lection dans laquelle tous les\u00a0Guin\u00e9ens\u00a0peuvent se retrouver.\u00a0<\/span><span id=\"p190\">\u00ab <em>Les \u00e9lections ne sont pas la propri\u00e9t\u00e9 de la\u00a0<span id=\"224\" class=\"s-rg-t\">CENI<\/span>, mais bien pour les citoyens.<\/em><\/span><em><span id=\"p191\">\u00a0Donner aux \u00e9lecteurs l\u2019ensemble de ces pr\u00e9rogatives par rapport \u00e0 l\u2019organisation des \u00e9lections.<\/span><span id=\"p192\">\u00a0Il ne revient pas \u00e0 une institution de monopoliser le processus \u00e9lectoral, il faut le faire pour les populations avec les citoyens et pour qu\u2019en fin de compte, qu\u2019ils se reconnaissent \u00e0 travers ces \u00e9lus.<\/span><\/em><span id=\"p193\"><em>\u00a0Donc, c\u2019est la transparence au d\u00e9but, au milieu et \u00e0 la fin \u00bb<\/em>, insiste\u00a0<span id=\"225\">Danssa Kourouma<\/span>.<br \/>\n<\/span><br \/>\n<span id=\"p194\">Cette campagne que\u00a0bons nombres\u00a0d\u2019observateurs qualifient d\u2019op\u00e9ration de s\u00e9duction vis-\u00e0-vis des acteurs de la soci\u00e9t\u00e9 civile, co\u00efncide avec l\u2019annonce lundi, de la\u00a0<span id=\"227\">CENI<\/span>, son incapacit\u00e9 d\u2019organiser les \u00e9lections locales avant la fin de l\u2019ann\u00e9e.<\/span><\/p>\n","protected":false},"excerpt":{"rendered":"<p>Depuis son\u00a0\u00e9lection \u00e0\u00a0la\u00a0t\u00eate de\u00a0CENI, Amadou\u00a0Salifou\u00a0K\u00e9b\u00e9\u00a0a entam\u00e9 une s\u00e9rie de\u00a0rencontre\u00a0avec les\u00a0partenaires engag\u00e9s\u00a0dans ce processus.\u00a0 Mardi\u00a012\u00a0Octobre, c\u2019est le Conseil Nation des Organisations de le Soci\u00e9t\u00e9 Civile Guin\u00e9enne\u00a0CNOSCG\u00a0qui a accueilli le pr\u00e9sident de la\u00a0CENI\u00a0et sa d\u00e9l\u00e9gation. Cette visite s\u2019inscrit dans le cadre du renforcement des relations de travail avec toutes les parties prenantes pour la tenue des \u00e9lections [&hellip;]<\/p>\n","protected":false},"author":16,"featured_media":21838,"comment_status":"closed","ping_status":"closed","sticky":false,"template":"","format":"standard","meta":{"_exactmetrics_skip_tracking":false,"_exactmetrics_sitenote_active":false,"_exactmetrics_sitenote_note":"","_exactmetrics_sitenote_category":0,"tdm_status":"","tdm_grid_status":"","footnotes":""},"categories":[14],"tags":[],"class_list":{"0":"post-21837","1":"post","2":"type-post","3":"status-publish","4":"format-standard","5":"has-post-thumbnail","7":"category-politique"},"yoast_head":"<!-- This site is optimized with the Yoast SEO plugin v24.2 - https:\/\/yoast.com\/wordpress\/plugins\/seo\/ -->\n<title>\u00a0Op\u00e9ration s\u00e9duction du nouveau patron de la\u00a0CENI | Guin\u00e9e Diversit\u00e9<\/title>\n<meta name=\"robots\" content=\"index, follow, max-snippet:-1, max-image-preview:large, max-video-preview:-1\" \/>\n<link rel=\"canonical\" href=\"https:\/\/guineediversite.com\/index.php\/2017\/09\/13\/operation-seduction-nouveau-patron-de-ceni\/\" \/>\n<meta property=\"og:locale\" content=\"fr_FR\" \/>\n<meta property=\"og:type\" content=\"article\" \/>\n<meta property=\"og:title\" content=\"\u00a0Op\u00e9ration s\u00e9duction du nouveau patron de la\u00a0CENI | Guin\u00e9e Diversit\u00e9\" \/>\n<meta property=\"og:description\" content=\"Depuis son\u00a0\u00e9lection \u00e0\u00a0la\u00a0t\u00eate de\u00a0CENI, Amadou\u00a0Salifou\u00a0K\u00e9b\u00e9\u00a0a entam\u00e9 une s\u00e9rie de\u00a0rencontre\u00a0avec les\u00a0partenaires engag\u00e9s\u00a0dans ce processus.\u00a0 Mardi\u00a012\u00a0Octobre, c\u2019est le Conseil Nation des Organisations de le Soci\u00e9t\u00e9 Civile Guin\u00e9enne\u00a0CNOSCG\u00a0qui a accueilli le pr\u00e9sident de la\u00a0CENI\u00a0et sa d\u00e9l\u00e9gation. Cette visite s\u2019inscrit dans le cadre du renforcement des relations de travail avec toutes les parties prenantes pour la tenue des \u00e9lections [&hellip;]\" \/>\n<meta property=\"og:url\" content=\"https:\/\/guineediversite.com\/index.php\/2017\/09\/13\/operation-seduction-nouveau-patron-de-ceni\/\" \/>\n<meta property=\"og:site_name\" content=\"Guin\u00e9e Diversit\u00e9\" \/>\n<meta property=\"article:publisher\" content=\"https:\/\/www.facebook.com\/guineediversite\/\" \/>\n<meta property=\"article:published_time\" content=\"2017-09-13T19:37:54+00:00\" \/>\n<meta property=\"og:image\" content=\"https:\/\/guineediversite.com\/wp-content\/uploads\/2017\/09\/calb32650CNO1_jpg.jpg\" \/>\n\t<meta property=\"og:image:width\" content=\"400\" \/>\n\t<meta property=\"og:image:height\" content=\"270\" \/>\n\t<meta property=\"og:image:type\" content=\"image\/jpeg\" \/>\n<meta name=\"author\" content=\"Moussa Mo\u00efse K\u00e9ita\" \/>\n<meta name=\"twitter:card\" content=\"summary_large_image\" \/>\n<meta name=\"twitter:creator\" content=\"@GuineeDiversite\" \/>\n<meta name=\"twitter:site\" content=\"@GuineeDiversite\" \/>\n<meta name=\"twitter:label1\" content=\"\u00c9crit par\" \/>\n\t<meta name=\"twitter:data1\" content=\"Moussa Mo\u00efse K\u00e9ita\" \/>\n\t<meta name=\"twitter:label2\" content=\"Dur\u00e9e de lecture estim\u00e9e\" \/>\n\t<meta name=\"twitter:data2\" content=\"2 minutes\" \/>\n<script type=\"application\/ld+json\" class=\"yoast-schema-graph\">{\"@context\":\"https:\/\/schema.org\",\"@graph\":[{\"@type\":\"Article\",\"@id\":\"https:\/\/guineediversite.com\/index.php\/2017\/09\/13\/operation-seduction-nouveau-patron-de-ceni\/#article\",\"isPartOf\":{\"@id\":\"https:\/\/guineediversite.com\/index.php\/2017\/09\/13\/operation-seduction-nouveau-patron-de-ceni\/\"},\"author\":{\"name\":\"Moussa Mo\u00efse K\u00e9ita\",\"@id\":\"https:\/\/guineediversite.com\/#\/schema\/person\/079ec347f72d2acde4b56a50a4fd46dc\"},\"headline\":\"\u00a0Op\u00e9ration s\u00e9duction du nouveau patron de la\u00a0CENI\",\"datePublished\":\"2017-09-13T19:37:54+00:00\",\"dateModified\":\"2017-09-13T19:37:54+00:00\",\"mainEntityOfPage\":{\"@id\":\"https:\/\/guineediversite.com\/index.php\/2017\/09\/13\/operation-seduction-nouveau-patron-de-ceni\/\"},\"wordCount\":410,\"publisher\":{\"@id\":\"https:\/\/guineediversite.com\/#organization\"},\"image\":{\"@id\":\"https:\/\/guineediversite.com\/index.php\/2017\/09\/13\/operation-seduction-nouveau-patron-de-ceni\/#primaryimage\"},\"thumbnailUrl\":\"https:\/\/guineediversite.com\/wp-content\/uploads\/2017\/09\/calb32650CNO1_jpg.jpg\",\"articleSection\":[\"Politique\"],\"inLanguage\":\"fr-FR\"},{\"@type\":\"WebPage\",\"@id\":\"https:\/\/guineediversite.com\/index.php\/2017\/09\/13\/operation-seduction-nouveau-patron-de-ceni\/\",\"url\":\"https:\/\/guineediversite.com\/index.php\/2017\/09\/13\/operation-seduction-nouveau-patron-de-ceni\/\",\"name\":\"\u00a0Op\u00e9ration s\u00e9duction du nouveau patron de la\u00a0CENI | Guin\u00e9e Diversit\u00e9\",\"isPartOf\":{\"@id\":\"https:\/\/guineediversite.com\/#website\"},\"primaryImageOfPage\":{\"@id\":\"https:\/\/guineediversite.com\/index.php\/2017\/09\/13\/operation-seduction-nouveau-patron-de-ceni\/#primaryimage\"},\"image\":{\"@id\":\"https:\/\/guineediversite.com\/index.php\/2017\/09\/13\/operation-seduction-nouveau-patron-de-ceni\/#primaryimage\"},\"thumbnailUrl\":\"https:\/\/guineediversite.com\/wp-content\/uploads\/2017\/09\/calb32650CNO1_jpg.jpg\",\"datePublished\":\"2017-09-13T19:37:54+00:00\",\"dateModified\":\"2017-09-13T19:37:54+00:00\",\"breadcrumb\":{\"@id\":\"https:\/\/guineediversite.com\/index.php\/2017\/09\/13\/operation-seduction-nouveau-patron-de-ceni\/#breadcrumb\"},\"inLanguage\":\"fr-FR\",\"potentialAction\":[{\"@type\":\"ReadAction\",\"target\":[\"https:\/\/guineediversite.com\/index.php\/2017\/09\/13\/operation-seduction-nouveau-patron-de-ceni\/\"]}]},{\"@type\":\"ImageObject\",\"inLanguage\":\"fr-FR\",\"@id\":\"https:\/\/guineediversite.com\/index.php\/2017\/09\/13\/operation-seduction-nouveau-patron-de-ceni\/#primaryimage\",\"url\":\"https:\/\/guineediversite.com\/wp-content\/uploads\/2017\/09\/calb32650CNO1_jpg.jpg\",\"contentUrl\":\"https:\/\/guineediversite.com\/wp-content\/uploads\/2017\/09\/calb32650CNO1_jpg.jpg\",\"width\":\"400\",\"height\":\"270\"},{\"@type\":\"BreadcrumbList\",\"@id\":\"https:\/\/guineediversite.com\/index.php\/2017\/09\/13\/operation-seduction-nouveau-patron-de-ceni\/#breadcrumb\",\"itemListElement\":[{\"@type\":\"ListItem\",\"position\":1,\"name\":\"Accueil\",\"item\":\"https:\/\/guineediversite.com\/\"},{\"@type\":\"ListItem\",\"position\":2,\"name\":\"\u00a0Op\u00e9ration s\u00e9duction du nouveau patron de la\u00a0CENI\"}]},{\"@type\":\"WebSite\",\"@id\":\"https:\/\/guineediversite.com\/#website\",\"url\":\"https:\/\/guineediversite.com\/\",\"name\":\"Guin\u00e9e Diversit\u00e9\",\"description\":\"L&#039;Info dans toute sa diversit\u00e9\",\"publisher\":{\"@id\":\"https:\/\/guineediversite.com\/#organization\"},\"potentialAction\":[{\"@type\":\"SearchAction\",\"target\":{\"@type\":\"EntryPoint\",\"urlTemplate\":\"https:\/\/guineediversite.com\/?s={search_term_string}\"},\"query-input\":{\"@type\":\"PropertyValueSpecification\",\"valueRequired\":true,\"valueName\":\"search_term_string\"}}],\"inLanguage\":\"fr-FR\"},{\"@type\":\"Organization\",\"@id\":\"https:\/\/guineediversite.com\/#organization\",\"name\":\"Guin\u00e9e Diversit\u00e9\",\"url\":\"https:\/\/guineediversite.com\/\",\"logo\":{\"@type\":\"ImageObject\",\"inLanguage\":\"fr-FR\",\"@id\":\"https:\/\/guineediversite.com\/#\/schema\/logo\/image\/\",\"url\":\"https:\/\/guineediversite.com\/wp-content\/uploads\/2017\/04\/cropped-1jojlxEOMkX9Wyqfhe43D6kjPOGqBBKmx3EwWJqZ0cMrFF54yM49.png\",\"contentUrl\":\"https:\/\/guineediversite.com\/wp-content\/uploads\/2017\/04\/cropped-1jojlxEOMkX9Wyqfhe43D6kjPOGqBBKmx3EwWJqZ0cMrFF54yM49.png\",\"width\":186,\"height\":112,\"caption\":\"Guin\u00e9e Diversit\u00e9\"},\"image\":{\"@id\":\"https:\/\/guineediversite.com\/#\/schema\/logo\/image\/\"},\"sameAs\":[\"https:\/\/www.facebook.com\/guineediversite\/\",\"https:\/\/x.com\/GuineeDiversite\",\"https:\/\/www.youtube.com\/channel\/UC8sUY16qelG5ge6_D5SB83g\"]},{\"@type\":\"Person\",\"@id\":\"https:\/\/guineediversite.com\/#\/schema\/person\/079ec347f72d2acde4b56a50a4fd46dc\",\"name\":\"Moussa Mo\u00efse K\u00e9ita\",\"image\":{\"@type\":\"ImageObject\",\"inLanguage\":\"fr-FR\",\"@id\":\"https:\/\/guineediversite.com\/#\/schema\/person\/image\/\",\"url\":\"https:\/\/secure.gravatar.com\/avatar\/edf1ea2cc01841e6c0b49384bcb1385b?s=96&d=mm&r=g\",\"contentUrl\":\"https:\/\/secure.gravatar.com\/avatar\/edf1ea2cc01841e6c0b49384bcb1385b?s=96&d=mm&r=g\",\"caption\":\"Moussa Mo\u00efse K\u00e9ita\"},\"url\":\"https:\/\/guineediversite.com\/index.php\/author\/moussa-moise\/\"}]}<\/script>\n<!-- \/ Yoast SEO plugin. -->","yoast_head_json":{"title":"\u00a0Op\u00e9ration s\u00e9duction du nouveau patron de la\u00a0CENI | Guin\u00e9e Diversit\u00e9","robots":{"index":"index","follow":"follow","max-snippet":"max-snippet:-1","max-image-preview":"max-image-preview:large","max-video-preview":"max-video-preview:-1"},"canonical":"https:\/\/guineediversite.com\/index.php\/2017\/09\/13\/operation-seduction-nouveau-patron-de-ceni\/","og_locale":"fr_FR","og_type":"article","og_title":"\u00a0Op\u00e9ration s\u00e9duction du nouveau patron de la\u00a0CENI | Guin\u00e9e Diversit\u00e9","og_description":"Depuis son\u00a0\u00e9lection \u00e0\u00a0la\u00a0t\u00eate de\u00a0CENI, Amadou\u00a0Salifou\u00a0K\u00e9b\u00e9\u00a0a entam\u00e9 une s\u00e9rie de\u00a0rencontre\u00a0avec les\u00a0partenaires engag\u00e9s\u00a0dans ce processus.\u00a0 Mardi\u00a012\u00a0Octobre, c\u2019est le Conseil Nation des Organisations de le Soci\u00e9t\u00e9 Civile Guin\u00e9enne\u00a0CNOSCG\u00a0qui a accueilli le pr\u00e9sident de la\u00a0CENI\u00a0et sa d\u00e9l\u00e9gation. Cette visite s\u2019inscrit dans le cadre du renforcement des relations de travail avec toutes les parties prenantes pour la tenue des \u00e9lections [&hellip;]","og_url":"https:\/\/guineediversite.com\/index.php\/2017\/09\/13\/operation-seduction-nouveau-patron-de-ceni\/","og_site_name":"Guin\u00e9e Diversit\u00e9","article_publisher":"https:\/\/www.facebook.com\/guineediversite\/","article_published_time":"2017-09-13T19:37:54+00:00","og_image":[{"width":400,"height":270,"url":"https:\/\/guineediversite.com\/wp-content\/uploads\/2017\/09\/calb32650CNO1_jpg.jpg","type":"image\/jpeg"}],"author":"Moussa Mo\u00efse K\u00e9ita","twitter_card":"summary_large_image","twitter_creator":"@GuineeDiversite","twitter_site":"@GuineeDiversite","twitter_misc":{"\u00c9crit par":"Moussa Mo\u00efse K\u00e9ita","Dur\u00e9e de lecture estim\u00e9e":"2 minutes"},"schema":{"@context":"https:\/\/schema.org","@graph":[{"@type":"Article","@id":"https:\/\/guineediversite.com\/index.php\/2017\/09\/13\/operation-seduction-nouveau-patron-de-ceni\/#article","isPartOf":{"@id":"https:\/\/guineediversite.com\/index.php\/2017\/09\/13\/operation-seduction-nouveau-patron-de-ceni\/"},"author":{"name":"Moussa Mo\u00efse K\u00e9ita","@id":"https:\/\/guineediversite.com\/#\/schema\/person\/079ec347f72d2acde4b56a50a4fd46dc"},"headline":"\u00a0Op\u00e9ration s\u00e9duction du nouveau patron de la\u00a0CENI","datePublished":"2017-09-13T19:37:54+00:00","dateModified":"2017-09-13T19:37:54+00:00","mainEntityOfPage":{"@id":"https:\/\/guineediversite.com\/index.php\/2017\/09\/13\/operation-seduction-nouveau-patron-de-ceni\/"},"wordCount":410,"publisher":{"@id":"https:\/\/guineediversite.com\/#organization"},"image":{"@id":"https:\/\/guineediversite.com\/index.php\/2017\/09\/13\/operation-seduction-nouveau-patron-de-ceni\/#primaryimage"},"thumbnailUrl":"https:\/\/guineediversite.com\/wp-content\/uploads\/2017\/09\/calb32650CNO1_jpg.jpg","articleSection":["Politique"],"inLanguage":"fr-FR"},{"@type":"WebPage","@id":"https:\/\/guineediversite.com\/index.php\/2017\/09\/13\/operation-seduction-nouveau-patron-de-ceni\/","url":"https:\/\/guineediversite.com\/index.php\/2017\/09\/13\/operation-seduction-nouveau-patron-de-ceni\/","name":"\u00a0Op\u00e9ration s\u00e9duction du nouveau patron de la\u00a0CENI | Guin\u00e9e Diversit\u00e9","isPartOf":{"@id":"https:\/\/guineediversite.com\/#website"},"primaryImageOfPage":{"@id":"https:\/\/guineediversite.com\/index.php\/2017\/09\/13\/operation-seduction-nouveau-patron-de-ceni\/#primaryimage"},"image":{"@id":"https:\/\/guineediversite.com\/index.php\/2017\/09\/13\/operation-seduction-nouveau-patron-de-ceni\/#primaryimage"},"thumbnailUrl":"https:\/\/guineediversite.com\/wp-content\/uploads\/2017\/09\/calb32650CNO1_jpg.jpg","datePublished":"2017-09-13T19:37:54+00:00","dateModified":"2017-09-13T19:37:54+00:00","breadcrumb":{"@id":"https:\/\/guineediversite.com\/index.php\/2017\/09\/13\/operation-seduction-nouveau-patron-de-ceni\/#breadcrumb"},"inLanguage":"fr-FR","potentialAction":[{"@type":"ReadAction","target":["https:\/\/guineediversite.com\/index.php\/2017\/09\/13\/operation-seduction-nouveau-patron-de-ceni\/"]}]},{"@type":"ImageObject","inLanguage":"fr-FR","@id":"https:\/\/guineediversite.com\/index.php\/2017\/09\/13\/operation-seduction-nouveau-patron-de-ceni\/#primaryimage","url":"https:\/\/guineediversite.com\/wp-content\/uploads\/2017\/09\/calb32650CNO1_jpg.jpg","contentUrl":"https:\/\/guineediversite.com\/wp-content\/uploads\/2017\/09\/calb32650CNO1_jpg.jpg","width":"400","height":"270"},{"@type":"BreadcrumbList","@id":"https:\/\/guineediversite.com\/index.php\/2017\/09\/13\/operation-seduction-nouveau-patron-de-ceni\/#breadcrumb","itemListElement":[{"@type":"ListItem","position":1,"name":"Accueil","item":"https:\/\/guineediversite.com\/"},{"@type":"ListItem","position":2,"name":"\u00a0Op\u00e9ration s\u00e9duction du nouveau patron de la\u00a0CENI"}]},{"@type":"WebSite","@id":"https:\/\/guineediversite.com\/#website","url":"https:\/\/guineediversite.com\/","name":"Guin\u00e9e Diversit\u00e9","description":"L&#039;Info dans toute sa diversit\u00e9","publisher":{"@id":"https:\/\/guineediversite.com\/#organization"},"potentialAction":[{"@type":"SearchAction","target":{"@type":"EntryPoint","urlTemplate":"https:\/\/guineediversite.com\/?s={search_term_string}"},"query-input":{"@type":"PropertyValueSpecification","valueRequired":true,"valueName":"search_term_string"}}],"inLanguage":"fr-FR"},{"@type":"Organization","@id":"https:\/\/guineediversite.com\/#organization","name":"Guin\u00e9e Diversit\u00e9","url":"https:\/\/guineediversite.com\/","logo":{"@type":"ImageObject","inLanguage":"fr-FR","@id":"https:\/\/guineediversite.com\/#\/schema\/logo\/image\/","url":"https:\/\/guineediversite.com\/wp-content\/uploads\/2017\/04\/cropped-1jojlxEOMkX9Wyqfhe43D6kjPOGqBBKmx3EwWJqZ0cMrFF54yM49.png","contentUrl":"https:\/\/guineediversite.com\/wp-content\/uploads\/2017\/04\/cropped-1jojlxEOMkX9Wyqfhe43D6kjPOGqBBKmx3EwWJqZ0cMrFF54yM49.png","width":186,"height":112,"caption":"Guin\u00e9e Diversit\u00e9"},"image":{"@id":"https:\/\/guineediversite.com\/#\/schema\/logo\/image\/"},"sameAs":["https:\/\/www.facebook.com\/guineediversite\/","https:\/\/x.com\/GuineeDiversite","https:\/\/www.youtube.com\/channel\/UC8sUY16qelG5ge6_D5SB83g"]},{"@type":"Person","@id":"https:\/\/guineediversite.com\/#\/schema\/person\/079ec347f72d2acde4b56a50a4fd46dc","name":"Moussa Mo\u00efse K\u00e9ita","image":{"@type":"ImageObject","inLanguage":"fr-FR","@id":"https:\/\/guineediversite.com\/#\/schema\/person\/image\/","url":"https:\/\/secure.gravatar.com\/avatar\/edf1ea2cc01841e6c0b49384bcb1385b?s=96&d=mm&r=g","contentUrl":"https:\/\/secure.gravatar.com\/avatar\/edf1ea2cc01841e6c0b49384bcb1385b?s=96&d=mm&r=g","caption":"Moussa Mo\u00efse K\u00e9ita"},"url":"https:\/\/guineediversite.com\/index.php\/author\/moussa-moise\/"}]}},"_links":{"self":[{"href":"https:\/\/guineediversite.com\/index.php\/wp-json\/wp\/v2\/posts\/21837"}],"collection":[{"href":"https:\/\/guineediversite.com\/index.php\/wp-json\/wp\/v2\/posts"}],"about":[{"href":"https:\/\/guineediversite.com\/index.php\/wp-json\/wp\/v2\/types\/post"}],"author":[{"embeddable":true,"href":"https:\/\/guineediversite.com\/index.php\/wp-json\/wp\/v2\/users\/16"}],"replies":[{"embeddable":true,"href":"https:\/\/guineediversite.com\/index.php\/wp-json\/wp\/v2\/comments?post=21837"}],"version-history":[{"count":0,"href":"https:\/\/guineediversite.com\/index.php\/wp-json\/wp\/v2\/posts\/21837\/revisions"}],"wp:featuredmedia":[{"embeddable":true,"href":"https:\/\/guineediversite.com\/index.php\/wp-json\/wp\/v2\/media\/21838"}],"wp:attachment":[{"href":"https:\/\/guineediversite.com\/index.php\/wp-json\/wp\/v2\/media?parent=21837"}],"wp:term":[{"taxonomy":"category","embeddable":true,"href":"https:\/\/guineediversite.com\/index.php\/wp-json\/wp\/v2\/categories?post=21837"},{"taxonomy":"post_tag","embeddable":true,"href":"https:\/\/guineediversite.com\/index.php\/wp-json\/wp\/v2\/tags?post=21837"}],"curies":[{"name":"wp","href":"https:\/\/api.w.org\/{rel}","templated":true}]}}