{"id":21834,"date":"2017-09-13T21:19:35","date_gmt":"2017-09-13T19:19:35","guid":{"rendered":"https:\/\/guineediversite.com\/?p=21834"},"modified":"2017-09-13T21:19:35","modified_gmt":"2017-09-13T19:19:35","slug":"secretaire-general-de-luipf-recu-a-lassemblee-nationale","status":"publish","type":"post","link":"https:\/\/guineediversite.com\/index.php\/2017\/09\/13\/secretaire-general-de-luipf-recu-a-lassemblee-nationale\/","title":{"rendered":"Le secr\u00e9taire g\u00e9n\u00e9ral de l&rsquo;UIPF re\u00e7u \u00e0 l&rsquo;Assembl\u00e9e nationale"},"content":{"rendered":"<p><strong><span id=\"p123\">Re\u00e7u en audience mercredi 13 septembre 2017, le secr\u00e9taire g\u00e9n\u00e9ral de l\u2019union internationale de la presse francophone, Jean\u00a0<span id=\"137\" class=\"s-rg-t\">Kouchner<\/span>\u00a0a\u00a0indiqu\u00e9 que\u00a0sa pr\u00e9sence au Parlement \u00e9tait\u00a0une visite\u00a0de courtoisie.<\/span><span id=\"p124\">\u00a0<\/span><\/strong><\/p>\n<p><span id=\"p124\">L\u2019h\u00f4te de marque a traduit les salutations de Bernard\u00a0<span id=\"142\" class=\"s-rg-t\">Kouchner<\/span>\u00a0au premier responsable de l\u2019Institution parlementaire qui a des liens de fraternit\u00e9 avec l\u2019ex chef de la diplomatie fran\u00e7aise \u00e0 travers le\u00a0pr\u00e9sident de la R\u00e9publique\u00a0professeur Alpha Cond\u00e9.<br \/>\n<\/span><br \/>\n<span id=\"p172\">Profitant de cette occasion qui lui est offerte, le visiteur a annonc\u00e9 la tenue \u00e0 Conakry, des prochaines assises internationales de la presse francophone du 20 au 25 novembre 2017.<\/span><span id=\"p126\">\u00a0Un \u00e9v\u00e9nement dont il a demand\u00e9 le soutien des parlementaires guin\u00e9ens pour sa r\u00e9ussite.<\/span><span id=\"p127\"><br \/>\n<\/span><br \/>\n<span id=\"p128\">Pour Jean\u00a0<span id=\"152\" class=\"s-rg-t\">Kouchner<\/span>, l\u2019image de la Guin\u00e9e est \u00e9corn\u00e9e au plan international par les m\u00e9dias.<\/span><span id=\"p173\">\u00a0Un aspect qu\u2019il faut corriger en lui redonnant une nouvelle image \u00e0 travers cet \u00e9v\u00e9nement qui conna\u00eetra la pr\u00e9sence de 300 journalistes venus de 50 pays francophones.<\/span><span id=\"p130\"><br \/>\n<\/span><br \/>\n<span id=\"p131\">Une initiative qui motive donc son d\u00e9placement sur Conakry Pour expliquer aux autorit\u00e9s guin\u00e9ennes le tenant et l\u2019aboutissement du projet de son organisation.\u00a0<\/span><span id=\"p132\">Le secr\u00e9taire g\u00e9n\u00e9ral de l\u2019<span id=\"158\" class=\"s-rg-t\">UIPF<\/span>, souligne en outre que le r\u00e9cent passage de l\u2019\u00e9pid\u00e9mie d\u2019<span id=\"159\" class=\"s-rg-t\">Ebola<\/span>\u00a0en Guin\u00e9e est l\u2019un des facteurs qui motive la tenue de ces\u00a0assises \u00e0 Conakry.<\/span><span id=\"p133\"><br \/>\n<\/span><br \/>\n<span id=\"p134\">Conakry sera donc sous les projecteurs du monde.<\/span><span id=\"p174\">\u00a0Un \u00e9v\u00e9nement aux retomb\u00e9es positives pour l\u2019ensemble de la presse guin\u00e9enne, a indiqu\u00e9 \u00e0 son tour, le pr\u00e9sident de la section guin\u00e9enne de l\u2019union internationale de la presse francophone Ibrahima Kon\u00e9.<br \/>\n<\/span><br \/>\n<span id=\"p136\">L\u2019initiative qui consiste \u00e0 faire\u00a0conna\u00eetre\u00a0positivement la Guin\u00e9e a \u00e9t\u00e9 salu\u00e9e par le pr\u00e9sident de\u00a0l&rsquo;Assembl\u00e9e nationale, honorable Claude\u00a0<span id=\"170\" class=\"s-rg-t\">Kory<\/span>\u00a0<span id=\"171\" class=\"s-rg-t\">Kondiano<\/span>\u00a0qui a fait des suggestions de travailler en collaboration avec les personnes ressources de son institution pour la r\u00e9ussite de ce projet \u00e0 Conakry.<\/span><\/p>\n","protected":false},"excerpt":{"rendered":"<p>Re\u00e7u en audience mercredi 13 septembre 2017, le secr\u00e9taire g\u00e9n\u00e9ral de l\u2019union internationale de la presse francophone, Jean\u00a0Kouchner\u00a0a\u00a0indiqu\u00e9 que\u00a0sa pr\u00e9sence au Parlement \u00e9tait\u00a0une visite\u00a0de courtoisie.\u00a0 L\u2019h\u00f4te de marque a traduit les salutations de Bernard\u00a0Kouchner\u00a0au premier responsable de l\u2019Institution parlementaire qui a des liens de fraternit\u00e9 avec l\u2019ex chef de la diplomatie fran\u00e7aise \u00e0 travers le\u00a0pr\u00e9sident [&hellip;]<\/p>\n","protected":false},"author":14,"featured_media":21835,"comment_status":"closed","ping_status":"closed","sticky":false,"template":"","format":"standard","meta":{"_exactmetrics_skip_tracking":false,"_exactmetrics_sitenote_active":false,"_exactmetrics_sitenote_note":"","_exactmetrics_sitenote_category":0,"tdm_status":"","tdm_grid_status":"","footnotes":""},"categories":[14],"tags":[],"class_list":{"0":"post-21834","1":"post","2":"type-post","3":"status-publish","4":"format-standard","5":"has-post-thumbnail","7":"category-politique"},"yoast_head":"<!-- This site is optimized with the Yoast SEO plugin v24.2 - https:\/\/yoast.com\/wordpress\/plugins\/seo\/ -->\n<title>Le secr\u00e9taire g\u00e9n\u00e9ral de l&#039;UIPF re\u00e7u \u00e0 l&#039;Assembl\u00e9e nationale | Guin\u00e9e Diversit\u00e9<\/title>\n<meta name=\"robots\" content=\"index, follow, max-snippet:-1, max-image-preview:large, max-video-preview:-1\" \/>\n<link rel=\"canonical\" href=\"https:\/\/guineediversite.com\/index.php\/2017\/09\/13\/secretaire-general-de-luipf-recu-a-lassemblee-nationale\/\" \/>\n<meta property=\"og:locale\" content=\"fr_FR\" \/>\n<meta property=\"og:type\" content=\"article\" \/>\n<meta property=\"og:title\" content=\"Le secr\u00e9taire g\u00e9n\u00e9ral de l&#039;UIPF re\u00e7u \u00e0 l&#039;Assembl\u00e9e nationale | Guin\u00e9e Diversit\u00e9\" \/>\n<meta property=\"og:description\" content=\"Re\u00e7u en audience mercredi 13 septembre 2017, le secr\u00e9taire g\u00e9n\u00e9ral de l\u2019union internationale de la presse francophone, Jean\u00a0Kouchner\u00a0a\u00a0indiqu\u00e9 que\u00a0sa pr\u00e9sence au Parlement \u00e9tait\u00a0une visite\u00a0de courtoisie.\u00a0 L\u2019h\u00f4te de marque a traduit les salutations de Bernard\u00a0Kouchner\u00a0au premier responsable de l\u2019Institution parlementaire qui a des liens de fraternit\u00e9 avec l\u2019ex chef de la diplomatie fran\u00e7aise \u00e0 travers le\u00a0pr\u00e9sident [&hellip;]\" \/>\n<meta property=\"og:url\" content=\"https:\/\/guineediversite.com\/index.php\/2017\/09\/13\/secretaire-general-de-luipf-recu-a-lassemblee-nationale\/\" \/>\n<meta property=\"og:site_name\" content=\"Guin\u00e9e Diversit\u00e9\" \/>\n<meta property=\"article:publisher\" content=\"https:\/\/www.facebook.com\/guineediversite\/\" \/>\n<meta property=\"article:published_time\" content=\"2017-09-13T19:19:35+00:00\" \/>\n<meta property=\"og:image\" content=\"https:\/\/guineediversite.com\/wp-content\/uploads\/2017\/09\/UPG.jpg\" \/>\n\t<meta property=\"og:image:width\" content=\"768\" \/>\n\t<meta property=\"og:image:height\" content=\"623\" \/>\n\t<meta property=\"og:image:type\" content=\"image\/jpeg\" \/>\n<meta name=\"author\" content=\"Lazare Bangoura\" \/>\n<meta name=\"twitter:card\" content=\"summary_large_image\" \/>\n<meta name=\"twitter:creator\" content=\"@GuineeDiversite\" \/>\n<meta name=\"twitter:site\" content=\"@GuineeDiversite\" \/>\n<meta name=\"twitter:label1\" content=\"\u00c9crit par\" \/>\n\t<meta name=\"twitter:data1\" content=\"Lazare Bangoura\" \/>\n\t<meta name=\"twitter:label2\" content=\"Dur\u00e9e de lecture estim\u00e9e\" \/>\n\t<meta name=\"twitter:data2\" content=\"2 minutes\" \/>\n<script type=\"application\/ld+json\" class=\"yoast-schema-graph\">{\"@context\":\"https:\/\/schema.org\",\"@graph\":[{\"@type\":\"Article\",\"@id\":\"https:\/\/guineediversite.com\/index.php\/2017\/09\/13\/secretaire-general-de-luipf-recu-a-lassemblee-nationale\/#article\",\"isPartOf\":{\"@id\":\"https:\/\/guineediversite.com\/index.php\/2017\/09\/13\/secretaire-general-de-luipf-recu-a-lassemblee-nationale\/\"},\"author\":{\"name\":\"Lazare Bangoura\",\"@id\":\"https:\/\/guineediversite.com\/#\/schema\/person\/c915f4424a17926ee4510e6abdfdc2a5\"},\"headline\":\"Le secr\u00e9taire g\u00e9n\u00e9ral de l&rsquo;UIPF re\u00e7u \u00e0 l&rsquo;Assembl\u00e9e nationale\",\"datePublished\":\"2017-09-13T19:19:35+00:00\",\"dateModified\":\"2017-09-13T19:19:35+00:00\",\"mainEntityOfPage\":{\"@id\":\"https:\/\/guineediversite.com\/index.php\/2017\/09\/13\/secretaire-general-de-luipf-recu-a-lassemblee-nationale\/\"},\"wordCount\":348,\"publisher\":{\"@id\":\"https:\/\/guineediversite.com\/#organization\"},\"image\":{\"@id\":\"https:\/\/guineediversite.com\/index.php\/2017\/09\/13\/secretaire-general-de-luipf-recu-a-lassemblee-nationale\/#primaryimage\"},\"thumbnailUrl\":\"https:\/\/guineediversite.com\/wp-content\/uploads\/2017\/09\/UPG.jpg\",\"articleSection\":[\"Politique\"],\"inLanguage\":\"fr-FR\"},{\"@type\":\"WebPage\",\"@id\":\"https:\/\/guineediversite.com\/index.php\/2017\/09\/13\/secretaire-general-de-luipf-recu-a-lassemblee-nationale\/\",\"url\":\"https:\/\/guineediversite.com\/index.php\/2017\/09\/13\/secretaire-general-de-luipf-recu-a-lassemblee-nationale\/\",\"name\":\"Le secr\u00e9taire g\u00e9n\u00e9ral de l'UIPF re\u00e7u \u00e0 l'Assembl\u00e9e nationale | Guin\u00e9e Diversit\u00e9\",\"isPartOf\":{\"@id\":\"https:\/\/guineediversite.com\/#website\"},\"primaryImageOfPage\":{\"@id\":\"https:\/\/guineediversite.com\/index.php\/2017\/09\/13\/secretaire-general-de-luipf-recu-a-lassemblee-nationale\/#primaryimage\"},\"image\":{\"@id\":\"https:\/\/guineediversite.com\/index.php\/2017\/09\/13\/secretaire-general-de-luipf-recu-a-lassemblee-nationale\/#primaryimage\"},\"thumbnailUrl\":\"https:\/\/guineediversite.com\/wp-content\/uploads\/2017\/09\/UPG.jpg\",\"datePublished\":\"2017-09-13T19:19:35+00:00\",\"dateModified\":\"2017-09-13T19:19:35+00:00\",\"breadcrumb\":{\"@id\":\"https:\/\/guineediversite.com\/index.php\/2017\/09\/13\/secretaire-general-de-luipf-recu-a-lassemblee-nationale\/#breadcrumb\"},\"inLanguage\":\"fr-FR\",\"potentialAction\":[{\"@type\":\"ReadAction\",\"target\":[\"https:\/\/guineediversite.com\/index.php\/2017\/09\/13\/secretaire-general-de-luipf-recu-a-lassemblee-nationale\/\"]}]},{\"@type\":\"ImageObject\",\"inLanguage\":\"fr-FR\",\"@id\":\"https:\/\/guineediversite.com\/index.php\/2017\/09\/13\/secretaire-general-de-luipf-recu-a-lassemblee-nationale\/#primaryimage\",\"url\":\"https:\/\/guineediversite.com\/wp-content\/uploads\/2017\/09\/UPG.jpg\",\"contentUrl\":\"https:\/\/guineediversite.com\/wp-content\/uploads\/2017\/09\/UPG.jpg\",\"width\":\"768\",\"height\":\"623\"},{\"@type\":\"BreadcrumbList\",\"@id\":\"https:\/\/guineediversite.com\/index.php\/2017\/09\/13\/secretaire-general-de-luipf-recu-a-lassemblee-nationale\/#breadcrumb\",\"itemListElement\":[{\"@type\":\"ListItem\",\"position\":1,\"name\":\"Accueil\",\"item\":\"https:\/\/guineediversite.com\/\"},{\"@type\":\"ListItem\",\"position\":2,\"name\":\"Le secr\u00e9taire g\u00e9n\u00e9ral de l&rsquo;UIPF re\u00e7u \u00e0 l&rsquo;Assembl\u00e9e nationale\"}]},{\"@type\":\"WebSite\",\"@id\":\"https:\/\/guineediversite.com\/#website\",\"url\":\"https:\/\/guineediversite.com\/\",\"name\":\"Guin\u00e9e Diversit\u00e9\",\"description\":\"L&#039;Info dans toute sa diversit\u00e9\",\"publisher\":{\"@id\":\"https:\/\/guineediversite.com\/#organization\"},\"potentialAction\":[{\"@type\":\"SearchAction\",\"target\":{\"@type\":\"EntryPoint\",\"urlTemplate\":\"https:\/\/guineediversite.com\/?s={search_term_string}\"},\"query-input\":{\"@type\":\"PropertyValueSpecification\",\"valueRequired\":true,\"valueName\":\"search_term_string\"}}],\"inLanguage\":\"fr-FR\"},{\"@type\":\"Organization\",\"@id\":\"https:\/\/guineediversite.com\/#organization\",\"name\":\"Guin\u00e9e Diversit\u00e9\",\"url\":\"https:\/\/guineediversite.com\/\",\"logo\":{\"@type\":\"ImageObject\",\"inLanguage\":\"fr-FR\",\"@id\":\"https:\/\/guineediversite.com\/#\/schema\/logo\/image\/\",\"url\":\"https:\/\/guineediversite.com\/wp-content\/uploads\/2017\/04\/cropped-1jojlxEOMkX9Wyqfhe43D6kjPOGqBBKmx3EwWJqZ0cMrFF54yM49.png\",\"contentUrl\":\"https:\/\/guineediversite.com\/wp-content\/uploads\/2017\/04\/cropped-1jojlxEOMkX9Wyqfhe43D6kjPOGqBBKmx3EwWJqZ0cMrFF54yM49.png\",\"width\":186,\"height\":112,\"caption\":\"Guin\u00e9e Diversit\u00e9\"},\"image\":{\"@id\":\"https:\/\/guineediversite.com\/#\/schema\/logo\/image\/\"},\"sameAs\":[\"https:\/\/www.facebook.com\/guineediversite\/\",\"https:\/\/x.com\/GuineeDiversite\",\"https:\/\/www.youtube.com\/channel\/UC8sUY16qelG5ge6_D5SB83g\"]},{\"@type\":\"Person\",\"@id\":\"https:\/\/guineediversite.com\/#\/schema\/person\/c915f4424a17926ee4510e6abdfdc2a5\",\"name\":\"Lazare Bangoura\",\"image\":{\"@type\":\"ImageObject\",\"inLanguage\":\"fr-FR\",\"@id\":\"https:\/\/guineediversite.com\/#\/schema\/person\/image\/\",\"url\":\"https:\/\/secure.gravatar.com\/avatar\/7bab9b6edb46a08bcc394e7e418baf1e?s=96&d=mm&r=g\",\"contentUrl\":\"https:\/\/secure.gravatar.com\/avatar\/7bab9b6edb46a08bcc394e7e418baf1e?s=96&d=mm&r=g\",\"caption\":\"Lazare Bangoura\"},\"url\":\"https:\/\/guineediversite.com\/index.php\/author\/l-bangoura\/\"}]}<\/script>\n<!-- \/ Yoast SEO plugin. -->","yoast_head_json":{"title":"Le secr\u00e9taire g\u00e9n\u00e9ral de l'UIPF re\u00e7u \u00e0 l'Assembl\u00e9e nationale | Guin\u00e9e Diversit\u00e9","robots":{"index":"index","follow":"follow","max-snippet":"max-snippet:-1","max-image-preview":"max-image-preview:large","max-video-preview":"max-video-preview:-1"},"canonical":"https:\/\/guineediversite.com\/index.php\/2017\/09\/13\/secretaire-general-de-luipf-recu-a-lassemblee-nationale\/","og_locale":"fr_FR","og_type":"article","og_title":"Le secr\u00e9taire g\u00e9n\u00e9ral de l'UIPF re\u00e7u \u00e0 l'Assembl\u00e9e nationale | Guin\u00e9e Diversit\u00e9","og_description":"Re\u00e7u en audience mercredi 13 septembre 2017, le secr\u00e9taire g\u00e9n\u00e9ral de l\u2019union internationale de la presse francophone, Jean\u00a0Kouchner\u00a0a\u00a0indiqu\u00e9 que\u00a0sa pr\u00e9sence au Parlement \u00e9tait\u00a0une visite\u00a0de courtoisie.\u00a0 L\u2019h\u00f4te de marque a traduit les salutations de Bernard\u00a0Kouchner\u00a0au premier responsable de l\u2019Institution parlementaire qui a des liens de fraternit\u00e9 avec l\u2019ex chef de la diplomatie fran\u00e7aise \u00e0 travers le\u00a0pr\u00e9sident [&hellip;]","og_url":"https:\/\/guineediversite.com\/index.php\/2017\/09\/13\/secretaire-general-de-luipf-recu-a-lassemblee-nationale\/","og_site_name":"Guin\u00e9e Diversit\u00e9","article_publisher":"https:\/\/www.facebook.com\/guineediversite\/","article_published_time":"2017-09-13T19:19:35+00:00","og_image":[{"width":768,"height":623,"url":"https:\/\/guineediversite.com\/wp-content\/uploads\/2017\/09\/UPG.jpg","type":"image\/jpeg"}],"author":"Lazare Bangoura","twitter_card":"summary_large_image","twitter_creator":"@GuineeDiversite","twitter_site":"@GuineeDiversite","twitter_misc":{"\u00c9crit par":"Lazare Bangoura","Dur\u00e9e de lecture estim\u00e9e":"2 minutes"},"schema":{"@context":"https:\/\/schema.org","@graph":[{"@type":"Article","@id":"https:\/\/guineediversite.com\/index.php\/2017\/09\/13\/secretaire-general-de-luipf-recu-a-lassemblee-nationale\/#article","isPartOf":{"@id":"https:\/\/guineediversite.com\/index.php\/2017\/09\/13\/secretaire-general-de-luipf-recu-a-lassemblee-nationale\/"},"author":{"name":"Lazare Bangoura","@id":"https:\/\/guineediversite.com\/#\/schema\/person\/c915f4424a17926ee4510e6abdfdc2a5"},"headline":"Le secr\u00e9taire g\u00e9n\u00e9ral de l&rsquo;UIPF re\u00e7u \u00e0 l&rsquo;Assembl\u00e9e nationale","datePublished":"2017-09-13T19:19:35+00:00","dateModified":"2017-09-13T19:19:35+00:00","mainEntityOfPage":{"@id":"https:\/\/guineediversite.com\/index.php\/2017\/09\/13\/secretaire-general-de-luipf-recu-a-lassemblee-nationale\/"},"wordCount":348,"publisher":{"@id":"https:\/\/guineediversite.com\/#organization"},"image":{"@id":"https:\/\/guineediversite.com\/index.php\/2017\/09\/13\/secretaire-general-de-luipf-recu-a-lassemblee-nationale\/#primaryimage"},"thumbnailUrl":"https:\/\/guineediversite.com\/wp-content\/uploads\/2017\/09\/UPG.jpg","articleSection":["Politique"],"inLanguage":"fr-FR"},{"@type":"WebPage","@id":"https:\/\/guineediversite.com\/index.php\/2017\/09\/13\/secretaire-general-de-luipf-recu-a-lassemblee-nationale\/","url":"https:\/\/guineediversite.com\/index.php\/2017\/09\/13\/secretaire-general-de-luipf-recu-a-lassemblee-nationale\/","name":"Le secr\u00e9taire g\u00e9n\u00e9ral de l'UIPF re\u00e7u \u00e0 l'Assembl\u00e9e nationale | Guin\u00e9e Diversit\u00e9","isPartOf":{"@id":"https:\/\/guineediversite.com\/#website"},"primaryImageOfPage":{"@id":"https:\/\/guineediversite.com\/index.php\/2017\/09\/13\/secretaire-general-de-luipf-recu-a-lassemblee-nationale\/#primaryimage"},"image":{"@id":"https:\/\/guineediversite.com\/index.php\/2017\/09\/13\/secretaire-general-de-luipf-recu-a-lassemblee-nationale\/#primaryimage"},"thumbnailUrl":"https:\/\/guineediversite.com\/wp-content\/uploads\/2017\/09\/UPG.jpg","datePublished":"2017-09-13T19:19:35+00:00","dateModified":"2017-09-13T19:19:35+00:00","breadcrumb":{"@id":"https:\/\/guineediversite.com\/index.php\/2017\/09\/13\/secretaire-general-de-luipf-recu-a-lassemblee-nationale\/#breadcrumb"},"inLanguage":"fr-FR","potentialAction":[{"@type":"ReadAction","target":["https:\/\/guineediversite.com\/index.php\/2017\/09\/13\/secretaire-general-de-luipf-recu-a-lassemblee-nationale\/"]}]},{"@type":"ImageObject","inLanguage":"fr-FR","@id":"https:\/\/guineediversite.com\/index.php\/2017\/09\/13\/secretaire-general-de-luipf-recu-a-lassemblee-nationale\/#primaryimage","url":"https:\/\/guineediversite.com\/wp-content\/uploads\/2017\/09\/UPG.jpg","contentUrl":"https:\/\/guineediversite.com\/wp-content\/uploads\/2017\/09\/UPG.jpg","width":"768","height":"623"},{"@type":"BreadcrumbList","@id":"https:\/\/guineediversite.com\/index.php\/2017\/09\/13\/secretaire-general-de-luipf-recu-a-lassemblee-nationale\/#breadcrumb","itemListElement":[{"@type":"ListItem","position":1,"name":"Accueil","item":"https:\/\/guineediversite.com\/"},{"@type":"ListItem","position":2,"name":"Le secr\u00e9taire g\u00e9n\u00e9ral de l&rsquo;UIPF re\u00e7u \u00e0 l&rsquo;Assembl\u00e9e nationale"}]},{"@type":"WebSite","@id":"https:\/\/guineediversite.com\/#website","url":"https:\/\/guineediversite.com\/","name":"Guin\u00e9e Diversit\u00e9","description":"L&#039;Info dans toute sa diversit\u00e9","publisher":{"@id":"https:\/\/guineediversite.com\/#organization"},"potentialAction":[{"@type":"SearchAction","target":{"@type":"EntryPoint","urlTemplate":"https:\/\/guineediversite.com\/?s={search_term_string}"},"query-input":{"@type":"PropertyValueSpecification","valueRequired":true,"valueName":"search_term_string"}}],"inLanguage":"fr-FR"},{"@type":"Organization","@id":"https:\/\/guineediversite.com\/#organization","name":"Guin\u00e9e Diversit\u00e9","url":"https:\/\/guineediversite.com\/","logo":{"@type":"ImageObject","inLanguage":"fr-FR","@id":"https:\/\/guineediversite.com\/#\/schema\/logo\/image\/","url":"https:\/\/guineediversite.com\/wp-content\/uploads\/2017\/04\/cropped-1jojlxEOMkX9Wyqfhe43D6kjPOGqBBKmx3EwWJqZ0cMrFF54yM49.png","contentUrl":"https:\/\/guineediversite.com\/wp-content\/uploads\/2017\/04\/cropped-1jojlxEOMkX9Wyqfhe43D6kjPOGqBBKmx3EwWJqZ0cMrFF54yM49.png","width":186,"height":112,"caption":"Guin\u00e9e Diversit\u00e9"},"image":{"@id":"https:\/\/guineediversite.com\/#\/schema\/logo\/image\/"},"sameAs":["https:\/\/www.facebook.com\/guineediversite\/","https:\/\/x.com\/GuineeDiversite","https:\/\/www.youtube.com\/channel\/UC8sUY16qelG5ge6_D5SB83g"]},{"@type":"Person","@id":"https:\/\/guineediversite.com\/#\/schema\/person\/c915f4424a17926ee4510e6abdfdc2a5","name":"Lazare Bangoura","image":{"@type":"ImageObject","inLanguage":"fr-FR","@id":"https:\/\/guineediversite.com\/#\/schema\/person\/image\/","url":"https:\/\/secure.gravatar.com\/avatar\/7bab9b6edb46a08bcc394e7e418baf1e?s=96&d=mm&r=g","contentUrl":"https:\/\/secure.gravatar.com\/avatar\/7bab9b6edb46a08bcc394e7e418baf1e?s=96&d=mm&r=g","caption":"Lazare Bangoura"},"url":"https:\/\/guineediversite.com\/index.php\/author\/l-bangoura\/"}]}},"_links":{"self":[{"href":"https:\/\/guineediversite.com\/index.php\/wp-json\/wp\/v2\/posts\/21834"}],"collection":[{"href":"https:\/\/guineediversite.com\/index.php\/wp-json\/wp\/v2\/posts"}],"about":[{"href":"https:\/\/guineediversite.com\/index.php\/wp-json\/wp\/v2\/types\/post"}],"author":[{"embeddable":true,"href":"https:\/\/guineediversite.com\/index.php\/wp-json\/wp\/v2\/users\/14"}],"replies":[{"embeddable":true,"href":"https:\/\/guineediversite.com\/index.php\/wp-json\/wp\/v2\/comments?post=21834"}],"version-history":[{"count":0,"href":"https:\/\/guineediversite.com\/index.php\/wp-json\/wp\/v2\/posts\/21834\/revisions"}],"wp:featuredmedia":[{"embeddable":true,"href":"https:\/\/guineediversite.com\/index.php\/wp-json\/wp\/v2\/media\/21835"}],"wp:attachment":[{"href":"https:\/\/guineediversite.com\/index.php\/wp-json\/wp\/v2\/media?parent=21834"}],"wp:term":[{"taxonomy":"category","embeddable":true,"href":"https:\/\/guineediversite.com\/index.php\/wp-json\/wp\/v2\/categories?post=21834"},{"taxonomy":"post_tag","embeddable":true,"href":"https:\/\/guineediversite.com\/index.php\/wp-json\/wp\/v2\/tags?post=21834"}],"curies":[{"name":"wp","href":"https:\/\/api.w.org\/{rel}","templated":true}]}}