{"id":21774,"date":"2017-09-11T11:12:49","date_gmt":"2017-09-11T09:12:49","guid":{"rendered":"https:\/\/guineediversite.com\/?p=21774"},"modified":"2017-09-11T00:18:47","modified_gmt":"2017-09-10T22:18:47","slug":"conakry-jeunes-echangent-lunite-nationale-lemploi-jeune","status":"publish","type":"post","link":"https:\/\/guineediversite.com\/index.php\/2017\/09\/11\/conakry-jeunes-echangent-lunite-nationale-lemploi-jeune\/","title":{"rendered":"Conakry :\u00a0des jeunes \u00e9changent sur l&rsquo;unit\u00e9 nationale et l&#8217;emploi jeune"},"content":{"rendered":"<p><strong><span id=\"p37\">Une vingtaine de jeunes compos\u00e9s des membres d&rsquo;associations ou d\u2019ONG, des \u00e9tudiants et \u00e9l\u00e8ves ont pris part \u00e0 une conf\u00e9rence d\u00e9bat\u00a0<span id=\"54\" class=\"s-ve-t\">organis\u00e9e<\/span>, samedi 9, septembre 2017, par le mouvement \u00ab\u00a0La troisi\u00e8me Dynamique\u00a0\u00bb.<\/span><\/strong><span id=\"p38\">\u00a0<\/span><\/p>\n<p><span id=\"p39\">Plac\u00e9e sous le th\u00e8me \u00ab L&rsquo;unit\u00e9 nationale et l&rsquo;<span id=\"55\" class=\"s-or-t\">emploi jeune<\/span>\u00a0\u00bb, cette rencontre d&rsquo;\u00e9change et d&rsquo;information s&rsquo;est tenue au si\u00e8ge dudit mouvement \u00e0\u00a0<span id=\"56\" class=\"s-rg-t\">Lambadji<\/span>, dans la Commune de\u00a0<span id=\"57\" class=\"s-rg-t\">Ratoma<\/span>.<\/span><br \/>\n<span id=\"p40\">Selon le conf\u00e9rencier Ibrahima Kalil\u00a0<span id=\"58\">Dian\u00e9<\/span>, il\u00a0est important\u00a0que l&rsquo;Etat mette tout en \u0153uvre pour pouvoir former et trouver de l&#8217;emploi pour la jeunesse Guin\u00e9enne mais \u00e9galement, promouvoir l&rsquo;unit\u00e9 nationale sans\u00a0<span id=\"59\">la<\/span>quelle, il n&rsquo;y aura de d\u00e9veloppement \u00e9conomique,\u00a0<span id=\"60\">sociale<\/span>\u00a0et culturel.<\/span><br \/>\n<span id=\"p41\">En effet, il s&rsquo;est pench\u00e9 sur le lien entre l&rsquo;unit\u00e9 nationale et l&rsquo;<span id=\"63\" class=\"s-or-t\">emploi jeune<\/span>\u00a0dans un pays.<\/span><br \/>\n<span id=\"p42\">\u00ab<em> L&rsquo;\u00e9conomie et le sociale sont intimement li\u00e9.<\/em><\/span><em><span id=\"p43\">\u00a0Par exemple, quand on\u00a0a\u00a0pas d&#8217;emploi, on\u00a0<span id=\"65\" class=\"s-rg-t\">ne se<\/span>\u00a0r\u00e9cent pas dans le tissu \u00e9conomique et social du pays, automatiquement on se replie sur nous-m\u00eames et c&rsquo;est l\u00e0 le credo qui sape l&rsquo;unit\u00e9 nationale.<\/span><span id=\"p81\">\u00a0Les jeunes n&rsquo;ont pas d&#8217;emploi dans notre pays, donc ils n&rsquo;ont pas d&rsquo;occupation ;<\/span><span id=\"p45\">\u00a0cela cr\u00e9e un repli identitaire, c&rsquo;est ce que nous ressentons en Guin\u00e9e.<\/span><\/em><span id=\"p82\"><em>\u00a0Du coup, les jeunes sont toujours dans les partis politiques \u00e0 but ethnique ou r\u00e9gionaliste, donc je pense qu&rsquo;il y a coh\u00e9rence entre l&rsquo;unit\u00e9 nationale et l&#8217;emploie jeune \u00bb<\/em> a expliqu\u00e9 le conf\u00e9rencier.<\/span><\/p>\n<p><span id=\"p47\">Pour rem\u00e9dier \u00e0 ces fl\u00e9aux,\u00a0Ibrahima\u00a0Kalil\u00a0<span id=\"69\" class=\"s-rg-t\">Dian\u00e9<\/span>\u00a0propose :<\/span><span id=\"p83\">\u00a0\u00ab <em>Je pense qu&rsquo;il faut que les politiques essayent d&rsquo;\u00eatre plus neutre dans la gestion de l&rsquo;Etat, parce qu&rsquo;en Guin\u00e9e, on a connu des erreurs que les hommes politiques ont commis qui sapent notre unit\u00e9 \u00bb.<\/em><\/span><\/p>\n<p><span id=\"p49\">De son cot\u00e9, Nestor Kabadouno, secr\u00e9taire G\u00e9n\u00e9ral du parti\u00a0<span id=\"73\" class=\"s-rg-t\">UGDD<\/span>\u00a0et Responsable des partis politiques au sein de la Troisi\u00e8me Dynamique d\u00e9clare que \u00ab<em> cette conf\u00e9rence d\u00e9bat nous donne aujourd&rsquo;hui le sens de comprendre avec suffisance que la Guin\u00e9e a besoin de l&rsquo;unit\u00e9 nationale, qui d&rsquo;ailleurs selon notre compr\u00e9hension, c&rsquo;est\u00a0<span id=\"74\" class=\"s-rg-t\">le<\/span>\u00a0fondamentale pour tout d\u00e9veloppement.<\/em><\/span><em><span id=\"p87\">\u00a0Mais en Guin\u00e9e, aujourd&rsquo;hui, il y a une d\u00e9chirure du tissu social, donc il faudrait que nous revoyions nos strat\u00e9gies pour que tous les fils de ce pays comprennent que nous vivons dans une m\u00eame nation et la nation, c&rsquo;est la volont\u00e9 de vivre en communaut\u00e9 pour le d\u00e9veloppement harmonieux du pays \u00bb.<\/span><\/em><\/p>\n<p><span id=\"p88\">\u00c0 noter que la structure \u00ab\u00a0La troisi\u00e8me Dynamique\u00a0\u00bb est un mouvement social de jeunes cr\u00e9e depuis 2014, il est compos\u00e9 des membres de partis politiques, d&rsquo;ONG ou d&rsquo;associations, ainsi que des \u00e9l\u00e8ves, \u00e9tudiants, dipl\u00f4m\u00e9s, entrepreneurs et tant d&rsquo;autres.<\/span><\/p>\n","protected":false},"excerpt":{"rendered":"<p>Une vingtaine de jeunes compos\u00e9s des membres d&rsquo;associations ou d\u2019ONG, des \u00e9tudiants et \u00e9l\u00e8ves ont pris part \u00e0 une conf\u00e9rence d\u00e9bat\u00a0organis\u00e9e, samedi 9, septembre 2017, par le mouvement \u00ab\u00a0La troisi\u00e8me Dynamique\u00a0\u00bb.\u00a0 Plac\u00e9e sous le th\u00e8me \u00ab L&rsquo;unit\u00e9 nationale et l&rsquo;emploi jeune\u00a0\u00bb, cette rencontre d&rsquo;\u00e9change et d&rsquo;information s&rsquo;est tenue au si\u00e8ge dudit mouvement \u00e0\u00a0Lambadji, dans la [&hellip;]<\/p>\n","protected":false},"author":9,"featured_media":21775,"comment_status":"closed","ping_status":"closed","sticky":false,"template":"","format":"standard","meta":{"_exactmetrics_skip_tracking":false,"_exactmetrics_sitenote_active":false,"_exactmetrics_sitenote_note":"","_exactmetrics_sitenote_category":0,"tdm_status":"","tdm_grid_status":"","footnotes":""},"categories":[16],"tags":[],"class_list":{"0":"post-21774","1":"post","2":"type-post","3":"status-publish","4":"format-standard","5":"has-post-thumbnail","7":"category-societe"},"yoast_head":"<!-- This site is optimized with the Yoast SEO plugin v24.2 - https:\/\/yoast.com\/wordpress\/plugins\/seo\/ -->\n<title>Conakry :\u00a0des jeunes \u00e9changent sur l&#039;unit\u00e9 nationale et l&#039;emploi jeune | Guin\u00e9e Diversit\u00e9<\/title>\n<meta name=\"robots\" content=\"index, follow, max-snippet:-1, max-image-preview:large, max-video-preview:-1\" \/>\n<link rel=\"canonical\" href=\"https:\/\/guineediversite.com\/index.php\/2017\/09\/11\/conakry-jeunes-echangent-lunite-nationale-lemploi-jeune\/\" \/>\n<meta property=\"og:locale\" content=\"fr_FR\" \/>\n<meta property=\"og:type\" content=\"article\" \/>\n<meta property=\"og:title\" content=\"Conakry :\u00a0des jeunes \u00e9changent sur l&#039;unit\u00e9 nationale et l&#039;emploi jeune | Guin\u00e9e Diversit\u00e9\" \/>\n<meta property=\"og:description\" content=\"Une vingtaine de jeunes compos\u00e9s des membres d&rsquo;associations ou d\u2019ONG, des \u00e9tudiants et \u00e9l\u00e8ves ont pris part \u00e0 une conf\u00e9rence d\u00e9bat\u00a0organis\u00e9e, samedi 9, septembre 2017, par le mouvement \u00ab\u00a0La troisi\u00e8me Dynamique\u00a0\u00bb.\u00a0 Plac\u00e9e sous le th\u00e8me \u00ab L&rsquo;unit\u00e9 nationale et l&rsquo;emploi jeune\u00a0\u00bb, cette rencontre d&rsquo;\u00e9change et d&rsquo;information s&rsquo;est tenue au si\u00e8ge dudit mouvement \u00e0\u00a0Lambadji, dans la [&hellip;]\" \/>\n<meta property=\"og:url\" content=\"https:\/\/guineediversite.com\/index.php\/2017\/09\/11\/conakry-jeunes-echangent-lunite-nationale-lemploi-jeune\/\" \/>\n<meta property=\"og:site_name\" content=\"Guin\u00e9e Diversit\u00e9\" \/>\n<meta property=\"article:publisher\" content=\"https:\/\/www.facebook.com\/guineediversite\/\" \/>\n<meta property=\"article:published_time\" content=\"2017-09-11T09:12:49+00:00\" \/>\n<meta property=\"article:modified_time\" content=\"2017-09-10T22:18:47+00:00\" \/>\n<meta property=\"og:image\" content=\"https:\/\/guineediversite.com\/wp-content\/uploads\/2017\/09\/19597391.jpg\" \/>\n\t<meta property=\"og:image:width\" content=\"360\" \/>\n\t<meta property=\"og:image:height\" content=\"203\" \/>\n\t<meta property=\"og:image:type\" content=\"image\/jpeg\" \/>\n<meta name=\"author\" content=\"Mohamed Soumah\" \/>\n<meta name=\"twitter:card\" content=\"summary_large_image\" \/>\n<meta name=\"twitter:creator\" content=\"@GuineeDiversite\" \/>\n<meta name=\"twitter:site\" content=\"@GuineeDiversite\" \/>\n<meta name=\"twitter:label1\" content=\"\u00c9crit par\" \/>\n\t<meta name=\"twitter:data1\" content=\"Mohamed Soumah\" \/>\n\t<meta name=\"twitter:label2\" content=\"Dur\u00e9e de lecture estim\u00e9e\" \/>\n\t<meta name=\"twitter:data2\" content=\"2 minutes\" \/>\n<script type=\"application\/ld+json\" class=\"yoast-schema-graph\">{\"@context\":\"https:\/\/schema.org\",\"@graph\":[{\"@type\":\"Article\",\"@id\":\"https:\/\/guineediversite.com\/index.php\/2017\/09\/11\/conakry-jeunes-echangent-lunite-nationale-lemploi-jeune\/#article\",\"isPartOf\":{\"@id\":\"https:\/\/guineediversite.com\/index.php\/2017\/09\/11\/conakry-jeunes-echangent-lunite-nationale-lemploi-jeune\/\"},\"author\":{\"name\":\"Mohamed Soumah\",\"@id\":\"https:\/\/guineediversite.com\/#\/schema\/person\/6fd709a160384bf74b931ededf0856f3\"},\"headline\":\"Conakry :\u00a0des jeunes \u00e9changent sur l&rsquo;unit\u00e9 nationale et l&#8217;emploi jeune\",\"datePublished\":\"2017-09-11T09:12:49+00:00\",\"dateModified\":\"2017-09-10T22:18:47+00:00\",\"mainEntityOfPage\":{\"@id\":\"https:\/\/guineediversite.com\/index.php\/2017\/09\/11\/conakry-jeunes-echangent-lunite-nationale-lemploi-jeune\/\"},\"wordCount\":489,\"publisher\":{\"@id\":\"https:\/\/guineediversite.com\/#organization\"},\"image\":{\"@id\":\"https:\/\/guineediversite.com\/index.php\/2017\/09\/11\/conakry-jeunes-echangent-lunite-nationale-lemploi-jeune\/#primaryimage\"},\"thumbnailUrl\":\"https:\/\/guineediversite.com\/wp-content\/uploads\/2017\/09\/19597391.jpg\",\"articleSection\":[\"Soci\u00e9t\u00e9\"],\"inLanguage\":\"fr-FR\"},{\"@type\":\"WebPage\",\"@id\":\"https:\/\/guineediversite.com\/index.php\/2017\/09\/11\/conakry-jeunes-echangent-lunite-nationale-lemploi-jeune\/\",\"url\":\"https:\/\/guineediversite.com\/index.php\/2017\/09\/11\/conakry-jeunes-echangent-lunite-nationale-lemploi-jeune\/\",\"name\":\"Conakry :\u00a0des jeunes \u00e9changent sur l'unit\u00e9 nationale et l'emploi jeune | Guin\u00e9e Diversit\u00e9\",\"isPartOf\":{\"@id\":\"https:\/\/guineediversite.com\/#website\"},\"primaryImageOfPage\":{\"@id\":\"https:\/\/guineediversite.com\/index.php\/2017\/09\/11\/conakry-jeunes-echangent-lunite-nationale-lemploi-jeune\/#primaryimage\"},\"image\":{\"@id\":\"https:\/\/guineediversite.com\/index.php\/2017\/09\/11\/conakry-jeunes-echangent-lunite-nationale-lemploi-jeune\/#primaryimage\"},\"thumbnailUrl\":\"https:\/\/guineediversite.com\/wp-content\/uploads\/2017\/09\/19597391.jpg\",\"datePublished\":\"2017-09-11T09:12:49+00:00\",\"dateModified\":\"2017-09-10T22:18:47+00:00\",\"breadcrumb\":{\"@id\":\"https:\/\/guineediversite.com\/index.php\/2017\/09\/11\/conakry-jeunes-echangent-lunite-nationale-lemploi-jeune\/#breadcrumb\"},\"inLanguage\":\"fr-FR\",\"potentialAction\":[{\"@type\":\"ReadAction\",\"target\":[\"https:\/\/guineediversite.com\/index.php\/2017\/09\/11\/conakry-jeunes-echangent-lunite-nationale-lemploi-jeune\/\"]}]},{\"@type\":\"ImageObject\",\"inLanguage\":\"fr-FR\",\"@id\":\"https:\/\/guineediversite.com\/index.php\/2017\/09\/11\/conakry-jeunes-echangent-lunite-nationale-lemploi-jeune\/#primaryimage\",\"url\":\"https:\/\/guineediversite.com\/wp-content\/uploads\/2017\/09\/19597391.jpg\",\"contentUrl\":\"https:\/\/guineediversite.com\/wp-content\/uploads\/2017\/09\/19597391.jpg\",\"width\":\"360\",\"height\":\"203\"},{\"@type\":\"BreadcrumbList\",\"@id\":\"https:\/\/guineediversite.com\/index.php\/2017\/09\/11\/conakry-jeunes-echangent-lunite-nationale-lemploi-jeune\/#breadcrumb\",\"itemListElement\":[{\"@type\":\"ListItem\",\"position\":1,\"name\":\"Accueil\",\"item\":\"https:\/\/guineediversite.com\/\"},{\"@type\":\"ListItem\",\"position\":2,\"name\":\"Conakry :\u00a0des jeunes \u00e9changent sur l&rsquo;unit\u00e9 nationale et l&#8217;emploi jeune\"}]},{\"@type\":\"WebSite\",\"@id\":\"https:\/\/guineediversite.com\/#website\",\"url\":\"https:\/\/guineediversite.com\/\",\"name\":\"Guin\u00e9e Diversit\u00e9\",\"description\":\"L&#039;Info dans toute sa diversit\u00e9\",\"publisher\":{\"@id\":\"https:\/\/guineediversite.com\/#organization\"},\"potentialAction\":[{\"@type\":\"SearchAction\",\"target\":{\"@type\":\"EntryPoint\",\"urlTemplate\":\"https:\/\/guineediversite.com\/?s={search_term_string}\"},\"query-input\":{\"@type\":\"PropertyValueSpecification\",\"valueRequired\":true,\"valueName\":\"search_term_string\"}}],\"inLanguage\":\"fr-FR\"},{\"@type\":\"Organization\",\"@id\":\"https:\/\/guineediversite.com\/#organization\",\"name\":\"Guin\u00e9e Diversit\u00e9\",\"url\":\"https:\/\/guineediversite.com\/\",\"logo\":{\"@type\":\"ImageObject\",\"inLanguage\":\"fr-FR\",\"@id\":\"https:\/\/guineediversite.com\/#\/schema\/logo\/image\/\",\"url\":\"https:\/\/guineediversite.com\/wp-content\/uploads\/2017\/04\/cropped-1jojlxEOMkX9Wyqfhe43D6kjPOGqBBKmx3EwWJqZ0cMrFF54yM49.png\",\"contentUrl\":\"https:\/\/guineediversite.com\/wp-content\/uploads\/2017\/04\/cropped-1jojlxEOMkX9Wyqfhe43D6kjPOGqBBKmx3EwWJqZ0cMrFF54yM49.png\",\"width\":186,\"height\":112,\"caption\":\"Guin\u00e9e Diversit\u00e9\"},\"image\":{\"@id\":\"https:\/\/guineediversite.com\/#\/schema\/logo\/image\/\"},\"sameAs\":[\"https:\/\/www.facebook.com\/guineediversite\/\",\"https:\/\/x.com\/GuineeDiversite\",\"https:\/\/www.youtube.com\/channel\/UC8sUY16qelG5ge6_D5SB83g\"]},{\"@type\":\"Person\",\"@id\":\"https:\/\/guineediversite.com\/#\/schema\/person\/6fd709a160384bf74b931ededf0856f3\",\"name\":\"Mohamed Soumah\",\"image\":{\"@type\":\"ImageObject\",\"inLanguage\":\"fr-FR\",\"@id\":\"https:\/\/guineediversite.com\/#\/schema\/person\/image\/\",\"url\":\"https:\/\/secure.gravatar.com\/avatar\/4c1e00b5ab2c2b85b5c9be70590b9f67?s=96&d=mm&r=g\",\"contentUrl\":\"https:\/\/secure.gravatar.com\/avatar\/4c1e00b5ab2c2b85b5c9be70590b9f67?s=96&d=mm&r=g\",\"caption\":\"Mohamed Soumah\"},\"url\":\"https:\/\/guineediversite.com\/index.php\/author\/mohamed\/\"}]}<\/script>\n<!-- \/ Yoast SEO plugin. -->","yoast_head_json":{"title":"Conakry :\u00a0des jeunes \u00e9changent sur l'unit\u00e9 nationale et l'emploi jeune | Guin\u00e9e Diversit\u00e9","robots":{"index":"index","follow":"follow","max-snippet":"max-snippet:-1","max-image-preview":"max-image-preview:large","max-video-preview":"max-video-preview:-1"},"canonical":"https:\/\/guineediversite.com\/index.php\/2017\/09\/11\/conakry-jeunes-echangent-lunite-nationale-lemploi-jeune\/","og_locale":"fr_FR","og_type":"article","og_title":"Conakry :\u00a0des jeunes \u00e9changent sur l'unit\u00e9 nationale et l'emploi jeune | Guin\u00e9e Diversit\u00e9","og_description":"Une vingtaine de jeunes compos\u00e9s des membres d&rsquo;associations ou d\u2019ONG, des \u00e9tudiants et \u00e9l\u00e8ves ont pris part \u00e0 une conf\u00e9rence d\u00e9bat\u00a0organis\u00e9e, samedi 9, septembre 2017, par le mouvement \u00ab\u00a0La troisi\u00e8me Dynamique\u00a0\u00bb.\u00a0 Plac\u00e9e sous le th\u00e8me \u00ab L&rsquo;unit\u00e9 nationale et l&rsquo;emploi jeune\u00a0\u00bb, cette rencontre d&rsquo;\u00e9change et d&rsquo;information s&rsquo;est tenue au si\u00e8ge dudit mouvement \u00e0\u00a0Lambadji, dans la [&hellip;]","og_url":"https:\/\/guineediversite.com\/index.php\/2017\/09\/11\/conakry-jeunes-echangent-lunite-nationale-lemploi-jeune\/","og_site_name":"Guin\u00e9e Diversit\u00e9","article_publisher":"https:\/\/www.facebook.com\/guineediversite\/","article_published_time":"2017-09-11T09:12:49+00:00","article_modified_time":"2017-09-10T22:18:47+00:00","og_image":[{"width":360,"height":203,"url":"https:\/\/guineediversite.com\/wp-content\/uploads\/2017\/09\/19597391.jpg","type":"image\/jpeg"}],"author":"Mohamed Soumah","twitter_card":"summary_large_image","twitter_creator":"@GuineeDiversite","twitter_site":"@GuineeDiversite","twitter_misc":{"\u00c9crit par":"Mohamed Soumah","Dur\u00e9e de lecture estim\u00e9e":"2 minutes"},"schema":{"@context":"https:\/\/schema.org","@graph":[{"@type":"Article","@id":"https:\/\/guineediversite.com\/index.php\/2017\/09\/11\/conakry-jeunes-echangent-lunite-nationale-lemploi-jeune\/#article","isPartOf":{"@id":"https:\/\/guineediversite.com\/index.php\/2017\/09\/11\/conakry-jeunes-echangent-lunite-nationale-lemploi-jeune\/"},"author":{"name":"Mohamed Soumah","@id":"https:\/\/guineediversite.com\/#\/schema\/person\/6fd709a160384bf74b931ededf0856f3"},"headline":"Conakry :\u00a0des jeunes \u00e9changent sur l&rsquo;unit\u00e9 nationale et l&#8217;emploi jeune","datePublished":"2017-09-11T09:12:49+00:00","dateModified":"2017-09-10T22:18:47+00:00","mainEntityOfPage":{"@id":"https:\/\/guineediversite.com\/index.php\/2017\/09\/11\/conakry-jeunes-echangent-lunite-nationale-lemploi-jeune\/"},"wordCount":489,"publisher":{"@id":"https:\/\/guineediversite.com\/#organization"},"image":{"@id":"https:\/\/guineediversite.com\/index.php\/2017\/09\/11\/conakry-jeunes-echangent-lunite-nationale-lemploi-jeune\/#primaryimage"},"thumbnailUrl":"https:\/\/guineediversite.com\/wp-content\/uploads\/2017\/09\/19597391.jpg","articleSection":["Soci\u00e9t\u00e9"],"inLanguage":"fr-FR"},{"@type":"WebPage","@id":"https:\/\/guineediversite.com\/index.php\/2017\/09\/11\/conakry-jeunes-echangent-lunite-nationale-lemploi-jeune\/","url":"https:\/\/guineediversite.com\/index.php\/2017\/09\/11\/conakry-jeunes-echangent-lunite-nationale-lemploi-jeune\/","name":"Conakry :\u00a0des jeunes \u00e9changent sur l'unit\u00e9 nationale et l'emploi jeune | Guin\u00e9e Diversit\u00e9","isPartOf":{"@id":"https:\/\/guineediversite.com\/#website"},"primaryImageOfPage":{"@id":"https:\/\/guineediversite.com\/index.php\/2017\/09\/11\/conakry-jeunes-echangent-lunite-nationale-lemploi-jeune\/#primaryimage"},"image":{"@id":"https:\/\/guineediversite.com\/index.php\/2017\/09\/11\/conakry-jeunes-echangent-lunite-nationale-lemploi-jeune\/#primaryimage"},"thumbnailUrl":"https:\/\/guineediversite.com\/wp-content\/uploads\/2017\/09\/19597391.jpg","datePublished":"2017-09-11T09:12:49+00:00","dateModified":"2017-09-10T22:18:47+00:00","breadcrumb":{"@id":"https:\/\/guineediversite.com\/index.php\/2017\/09\/11\/conakry-jeunes-echangent-lunite-nationale-lemploi-jeune\/#breadcrumb"},"inLanguage":"fr-FR","potentialAction":[{"@type":"ReadAction","target":["https:\/\/guineediversite.com\/index.php\/2017\/09\/11\/conakry-jeunes-echangent-lunite-nationale-lemploi-jeune\/"]}]},{"@type":"ImageObject","inLanguage":"fr-FR","@id":"https:\/\/guineediversite.com\/index.php\/2017\/09\/11\/conakry-jeunes-echangent-lunite-nationale-lemploi-jeune\/#primaryimage","url":"https:\/\/guineediversite.com\/wp-content\/uploads\/2017\/09\/19597391.jpg","contentUrl":"https:\/\/guineediversite.com\/wp-content\/uploads\/2017\/09\/19597391.jpg","width":"360","height":"203"},{"@type":"BreadcrumbList","@id":"https:\/\/guineediversite.com\/index.php\/2017\/09\/11\/conakry-jeunes-echangent-lunite-nationale-lemploi-jeune\/#breadcrumb","itemListElement":[{"@type":"ListItem","position":1,"name":"Accueil","item":"https:\/\/guineediversite.com\/"},{"@type":"ListItem","position":2,"name":"Conakry :\u00a0des jeunes \u00e9changent sur l&rsquo;unit\u00e9 nationale et l&#8217;emploi jeune"}]},{"@type":"WebSite","@id":"https:\/\/guineediversite.com\/#website","url":"https:\/\/guineediversite.com\/","name":"Guin\u00e9e Diversit\u00e9","description":"L&#039;Info dans toute sa diversit\u00e9","publisher":{"@id":"https:\/\/guineediversite.com\/#organization"},"potentialAction":[{"@type":"SearchAction","target":{"@type":"EntryPoint","urlTemplate":"https:\/\/guineediversite.com\/?s={search_term_string}"},"query-input":{"@type":"PropertyValueSpecification","valueRequired":true,"valueName":"search_term_string"}}],"inLanguage":"fr-FR"},{"@type":"Organization","@id":"https:\/\/guineediversite.com\/#organization","name":"Guin\u00e9e Diversit\u00e9","url":"https:\/\/guineediversite.com\/","logo":{"@type":"ImageObject","inLanguage":"fr-FR","@id":"https:\/\/guineediversite.com\/#\/schema\/logo\/image\/","url":"https:\/\/guineediversite.com\/wp-content\/uploads\/2017\/04\/cropped-1jojlxEOMkX9Wyqfhe43D6kjPOGqBBKmx3EwWJqZ0cMrFF54yM49.png","contentUrl":"https:\/\/guineediversite.com\/wp-content\/uploads\/2017\/04\/cropped-1jojlxEOMkX9Wyqfhe43D6kjPOGqBBKmx3EwWJqZ0cMrFF54yM49.png","width":186,"height":112,"caption":"Guin\u00e9e Diversit\u00e9"},"image":{"@id":"https:\/\/guineediversite.com\/#\/schema\/logo\/image\/"},"sameAs":["https:\/\/www.facebook.com\/guineediversite\/","https:\/\/x.com\/GuineeDiversite","https:\/\/www.youtube.com\/channel\/UC8sUY16qelG5ge6_D5SB83g"]},{"@type":"Person","@id":"https:\/\/guineediversite.com\/#\/schema\/person\/6fd709a160384bf74b931ededf0856f3","name":"Mohamed Soumah","image":{"@type":"ImageObject","inLanguage":"fr-FR","@id":"https:\/\/guineediversite.com\/#\/schema\/person\/image\/","url":"https:\/\/secure.gravatar.com\/avatar\/4c1e00b5ab2c2b85b5c9be70590b9f67?s=96&d=mm&r=g","contentUrl":"https:\/\/secure.gravatar.com\/avatar\/4c1e00b5ab2c2b85b5c9be70590b9f67?s=96&d=mm&r=g","caption":"Mohamed Soumah"},"url":"https:\/\/guineediversite.com\/index.php\/author\/mohamed\/"}]}},"_links":{"self":[{"href":"https:\/\/guineediversite.com\/index.php\/wp-json\/wp\/v2\/posts\/21774"}],"collection":[{"href":"https:\/\/guineediversite.com\/index.php\/wp-json\/wp\/v2\/posts"}],"about":[{"href":"https:\/\/guineediversite.com\/index.php\/wp-json\/wp\/v2\/types\/post"}],"author":[{"embeddable":true,"href":"https:\/\/guineediversite.com\/index.php\/wp-json\/wp\/v2\/users\/9"}],"replies":[{"embeddable":true,"href":"https:\/\/guineediversite.com\/index.php\/wp-json\/wp\/v2\/comments?post=21774"}],"version-history":[{"count":0,"href":"https:\/\/guineediversite.com\/index.php\/wp-json\/wp\/v2\/posts\/21774\/revisions"}],"wp:featuredmedia":[{"embeddable":true,"href":"https:\/\/guineediversite.com\/index.php\/wp-json\/wp\/v2\/media\/21775"}],"wp:attachment":[{"href":"https:\/\/guineediversite.com\/index.php\/wp-json\/wp\/v2\/media?parent=21774"}],"wp:term":[{"taxonomy":"category","embeddable":true,"href":"https:\/\/guineediversite.com\/index.php\/wp-json\/wp\/v2\/categories?post=21774"},{"taxonomy":"post_tag","embeddable":true,"href":"https:\/\/guineediversite.com\/index.php\/wp-json\/wp\/v2\/tags?post=21774"}],"curies":[{"name":"wp","href":"https:\/\/api.w.org\/{rel}","templated":true}]}}