{"id":21768,"date":"2017-09-10T13:48:28","date_gmt":"2017-09-10T11:48:28","guid":{"rendered":"https:\/\/guineediversite.com\/?p=21768"},"modified":"2017-09-10T13:48:28","modified_gmt":"2017-09-10T11:48:28","slug":"societe-vers-deguerpissement-occupants-flancs-de-montagne-a-dubreka","status":"publish","type":"post","link":"https:\/\/guineediversite.com\/index.php\/2017\/09\/10\/societe-vers-deguerpissement-occupants-flancs-de-montagne-a-dubreka\/","title":{"rendered":"Soci\u00e9t\u00e9 :\u00a0vers\u00a0un\u00a0d\u00e9guerpissement\u00a0des occupants\u00a0des flancs de montagne \u00e0\u00a0Dubr\u00e9ka"},"content":{"rendered":"<p><strong><span id=\"p372\">Le ministre de la Ville et de l\u2019Am\u00e9nagement de Territoire s\u2019active dans le recensement des occupations anarchiques et ill\u00e9gales des domaines de l\u2019Etat.<\/span><span id=\"p373\">\u00a0C\u2019est dans cette dynamique que les cadres du d\u00e9partement de l\u2019habitat, de l\u2019environnement et de la gendarmerie nationale se sont\u00a0rendu vendredi\u00a008 septembre 2017 \u00e0\u00a0<span id=\"399\" class=\"s-rg-t\">Dubr\u00e9ka<\/span>\u00a0sur les sites que les citoyens occupent sur les flancs des Montagnes.<\/span><span id=\"p439\">\u00a0Une situation qui a attir\u00e9 l\u2019attention des autorit\u00e9s qui entendent prendre les dispositions pour rem\u00e9dier au probl\u00e8me.<br \/>\n<\/span><\/strong><br \/>\n<span id=\"p375\">Situ\u00e9e\u00a0\u00e0\u00a0<span id=\"404\" class=\"s-rg-t\">Dubr\u00e9ka<\/span>, cette zone est consid\u00e9r\u00e9e par les environnementalistes comme\u00a0\u00e9tant une\u00a0for\u00eat prot\u00e9g\u00e9e.<\/span><span id=\"p376\">\u00a0Mais apr\u00e8s les diff\u00e9rentes visites, le constat r\u00e9v\u00e8le que l\u2019occupation des flancs de montagnes, qui font partie des domaines r\u00e9serv\u00e9s de l\u2019Etat est inqui\u00e9tant.<\/span><span id=\"p377\">\u00a0Face \u00e0 cette pr\u00e9occupation, les repr\u00e9sentants de l\u2019Etat entendent jouer leur r\u00f4le pour la sauvegarde de la vie des citoyens qui courent des risques en s\u2019installant \u00e0 cot\u00e9 de ces montagnes.<\/span><br \/>\n<span id=\"p378\">\u00ab<em> La contribution du minist\u00e8re de l\u2019environnement,\u00a0<span id=\"407\">c\u2019est<\/span>\u00a0de prendre toutes les dispositions idoine et de fa\u00e7on urgente \u00e0 ce qu\u2019une bande de d\u00e9limitation soit trouv\u00e9e afin\u00a0<span id=\"410\">qu\u2019il<\/span>\u00a0soit mat\u00e9rialis\u00e9<\/em> \u00bb a conclut\u00a0<span id=\"408\">Seydou<\/span>\u00a0Bari\u00a0<span id=\"409\">Sidib\u00e9<\/span>\u00a0le Secr\u00e9taire g\u00e9n\u00e9ral du minist\u00e8re de l\u2019environnement.<br \/>\n<\/span><br \/>\n<span id=\"p379\">Trois sites ont \u00e9t\u00e9 visit\u00e9s\u00a0\u00e0\u00a0<span id=\"413\" class=\"s-rg-t\">Dubr\u00e9ka<\/span>\u00a0par le tout\u00a0nouveau ministre\u00a0de ce d\u00e9partement Ibrahima\u00a0<span id=\"414\" class=\"s-rg-t\">Kourouma<\/span>\u00a0et sa suite, selon\u00a0<span id=\"415\" class=\"s-rg-t\">Sory<\/span>\u00a0Cond\u00e9, Directeur pr\u00e9fectoral de l\u2019habitat et de l\u2019urbanisme ;<\/span><span id=\"p380\">\u00a0il s\u2019agit du domaine de\u00a0<span id=\"418\">Simbaya<\/span>\u00a0qui couvre plus de 60 hectares, celui de\u00a0<span id=\"419\">Gbinsinken<\/span>\u00a0dans\u00a0<span id=\"420\">Khorira<\/span>\u00a0qui est une\u00a0for\u00eat\u00a0class\u00e9e de plus de\u00a0<span id=\"422\">3 000<\/span>\u00a0hectares et le site de\u00a0<span id=\"423\">Bondabon<\/span>\u00a0qui repose sur environ 20 hectares.<\/span><span id=\"p381\">\u00a0Des occupants de certains sites, notamment celui de\u00a0<span id=\"424\" class=\"s-rg-t\">Bondabon<\/span>\u00a0ont brandit des documents attestant l\u2019octroi d\u2019un domaine de plus de 120 parcelles \u00e0 l\u2019aviation militaire.<\/span><span id=\"p382\">\u00a0Une donation sign\u00e9e selon le lieutenant Mamadou\u00a0<span id=\"425\" class=\"s-rg-t\">Bondabon<\/span>\u00a0<span id=\"426\" class=\"s-rg-t\">Camara<\/span>\u00a0sur d\u00e9cision num\u00e9ro 131.<\/span><span id=\"p383\">\u00a0Devant les faits accomplit le pr\u00e9fet de\u00a0<span id=\"427\">Dubr\u00e9ka<\/span>, entend tout mettre en\u00a0\u0153uvre afin\u00a0d\u2019\u00e9viter les agressions de la nature par les citoyens \u00ab<em> Ce que nous avions constat\u00e9 sur le terrain est regrettable et d\u00e9plorable.<\/em><\/span><span id=\"p384\"><em>\u00a0Et cela du\u00a0<span id=\"430\" class=\"s-rg-t\">fait<\/span>\u00a0que les lieux qu\u2019on a r\u00e9serv\u00e9 sont sauvagement attaqu\u00e9 par la population guin\u00e9enne<\/em> \u00bb Regrette\u00a0<span id=\"431\" class=\"s-rg-t\">Younoussa<\/span>\u00a0<span id=\"432\" class=\"s-rg-t\">Lebon<\/span>\u00a0Sylla, Pr\u00e9fet de\u00a0<span id=\"433\" class=\"s-rg-t\">Dubr\u00e9ka<\/span><\/span><br \/>\n<span id=\"p440\">Pour sa part, le ministre de l\u2019Am\u00e9nagement du territoire trouve inadmissible que les zones fonci\u00e8res r\u00e9serv\u00e9es par l\u2019Etat soient encore agress\u00e9es par la population.<\/span><span id=\"p386\">\u00a0Une situation qui n\u2019est pas sans cons\u00e9quence<br \/>\n<\/span><br \/>\n<span id=\"p387\">\u00ab<em> Chacun fait ce qu\u2019il veut, des gens viennent faire des lotissements et des attributions.<\/em><\/span><em><span id=\"p441\">\u00a0C\u2019est extr\u00eamement grave et a cette allure, si nous ne prenons pas nos responsabilit\u00e9s, on va \u00eatre dans une situation ou notre pays va \u00eatre compl\u00e8tement dans une d\u00e9forestation totale.<\/span><span id=\"p389\">\u00a0Le risque ;<\/span><\/em><span id=\"p442\"><em>\u00a0il peut y avoir une situation catastrophique, parce que si les gens habitent sur les flancs des montagnes ce qui va se passer quand il y a des mouvements de secousses et de fortes pluies, on risque d\u2019avoir des catastrophes<\/em> \u00bb Ajoute le ministre.<br \/>\n<\/span><br \/>\n<span id=\"p391\">Pour l\u2019heure, le ministre de la ville et de l\u2019am\u00e9nagement du territoire entend prendre toutes les dispositions afin que les personnes qui occupent ces zones soient compl\u00e8tement d\u00e9guerpies.<\/span><\/p>\n","protected":false},"excerpt":{"rendered":"<p>Le ministre de la Ville et de l\u2019Am\u00e9nagement de Territoire s\u2019active dans le recensement des occupations anarchiques et ill\u00e9gales des domaines de l\u2019Etat.\u00a0C\u2019est dans cette dynamique que les cadres du d\u00e9partement de l\u2019habitat, de l\u2019environnement et de la gendarmerie nationale se sont\u00a0rendu vendredi\u00a008 septembre 2017 \u00e0\u00a0Dubr\u00e9ka\u00a0sur les sites que les citoyens occupent sur les flancs [&hellip;]<\/p>\n","protected":false},"author":16,"featured_media":21769,"comment_status":"closed","ping_status":"closed","sticky":false,"template":"","format":"standard","meta":{"_exactmetrics_skip_tracking":false,"_exactmetrics_sitenote_active":false,"_exactmetrics_sitenote_note":"","_exactmetrics_sitenote_category":0,"tdm_status":"","tdm_grid_status":"","footnotes":""},"categories":[1],"tags":[],"class_list":{"0":"post-21768","1":"post","2":"type-post","3":"status-publish","4":"format-standard","5":"has-post-thumbnail","7":"category-non-classe"},"yoast_head":"<!-- This site is optimized with the Yoast SEO plugin v24.2 - https:\/\/yoast.com\/wordpress\/plugins\/seo\/ -->\n<title>Soci\u00e9t\u00e9 :\u00a0vers\u00a0un\u00a0d\u00e9guerpissement\u00a0des occupants\u00a0des flancs de montagne \u00e0\u00a0Dubr\u00e9ka | Guin\u00e9e Diversit\u00e9<\/title>\n<meta name=\"robots\" content=\"index, follow, max-snippet:-1, max-image-preview:large, max-video-preview:-1\" \/>\n<link rel=\"canonical\" href=\"https:\/\/guineediversite.com\/index.php\/2017\/09\/10\/societe-vers-deguerpissement-occupants-flancs-de-montagne-a-dubreka\/\" \/>\n<meta property=\"og:locale\" content=\"fr_FR\" \/>\n<meta property=\"og:type\" content=\"article\" \/>\n<meta property=\"og:title\" content=\"Soci\u00e9t\u00e9 :\u00a0vers\u00a0un\u00a0d\u00e9guerpissement\u00a0des occupants\u00a0des flancs de montagne \u00e0\u00a0Dubr\u00e9ka | Guin\u00e9e Diversit\u00e9\" \/>\n<meta property=\"og:description\" content=\"Le ministre de la Ville et de l\u2019Am\u00e9nagement de Territoire s\u2019active dans le recensement des occupations anarchiques et ill\u00e9gales des domaines de l\u2019Etat.\u00a0C\u2019est dans cette dynamique que les cadres du d\u00e9partement de l\u2019habitat, de l\u2019environnement et de la gendarmerie nationale se sont\u00a0rendu vendredi\u00a008 septembre 2017 \u00e0\u00a0Dubr\u00e9ka\u00a0sur les sites que les citoyens occupent sur les flancs [&hellip;]\" \/>\n<meta property=\"og:url\" content=\"https:\/\/guineediversite.com\/index.php\/2017\/09\/10\/societe-vers-deguerpissement-occupants-flancs-de-montagne-a-dubreka\/\" \/>\n<meta property=\"og:site_name\" content=\"Guin\u00e9e Diversit\u00e9\" \/>\n<meta property=\"article:publisher\" content=\"https:\/\/www.facebook.com\/guineediversite\/\" \/>\n<meta property=\"article:published_time\" content=\"2017-09-10T11:48:28+00:00\" \/>\n<meta property=\"og:image\" content=\"https:\/\/guineediversite.com\/wp-content\/uploads\/2017\/09\/flan-des-montagnes.jpg\" \/>\n\t<meta property=\"og:image:width\" content=\"400\" \/>\n\t<meta property=\"og:image:height\" content=\"270\" \/>\n\t<meta property=\"og:image:type\" content=\"image\/jpeg\" \/>\n<meta name=\"author\" content=\"Moussa Mo\u00efse K\u00e9ita\" \/>\n<meta name=\"twitter:card\" content=\"summary_large_image\" \/>\n<meta name=\"twitter:creator\" content=\"@GuineeDiversite\" \/>\n<meta name=\"twitter:site\" content=\"@GuineeDiversite\" \/>\n<meta name=\"twitter:label1\" content=\"\u00c9crit par\" \/>\n\t<meta name=\"twitter:data1\" content=\"Moussa Mo\u00efse K\u00e9ita\" \/>\n\t<meta name=\"twitter:label2\" content=\"Dur\u00e9e de lecture estim\u00e9e\" \/>\n\t<meta name=\"twitter:data2\" content=\"3 minutes\" \/>\n<script type=\"application\/ld+json\" class=\"yoast-schema-graph\">{\"@context\":\"https:\/\/schema.org\",\"@graph\":[{\"@type\":\"Article\",\"@id\":\"https:\/\/guineediversite.com\/index.php\/2017\/09\/10\/societe-vers-deguerpissement-occupants-flancs-de-montagne-a-dubreka\/#article\",\"isPartOf\":{\"@id\":\"https:\/\/guineediversite.com\/index.php\/2017\/09\/10\/societe-vers-deguerpissement-occupants-flancs-de-montagne-a-dubreka\/\"},\"author\":{\"name\":\"Moussa Mo\u00efse K\u00e9ita\",\"@id\":\"https:\/\/guineediversite.com\/#\/schema\/person\/079ec347f72d2acde4b56a50a4fd46dc\"},\"headline\":\"Soci\u00e9t\u00e9 :\u00a0vers\u00a0un\u00a0d\u00e9guerpissement\u00a0des occupants\u00a0des flancs de montagne \u00e0\u00a0Dubr\u00e9ka\",\"datePublished\":\"2017-09-10T11:48:28+00:00\",\"dateModified\":\"2017-09-10T11:48:28+00:00\",\"mainEntityOfPage\":{\"@id\":\"https:\/\/guineediversite.com\/index.php\/2017\/09\/10\/societe-vers-deguerpissement-occupants-flancs-de-montagne-a-dubreka\/\"},\"wordCount\":597,\"publisher\":{\"@id\":\"https:\/\/guineediversite.com\/#organization\"},\"image\":{\"@id\":\"https:\/\/guineediversite.com\/index.php\/2017\/09\/10\/societe-vers-deguerpissement-occupants-flancs-de-montagne-a-dubreka\/#primaryimage\"},\"thumbnailUrl\":\"https:\/\/guineediversite.com\/wp-content\/uploads\/2017\/09\/flan-des-montagnes.jpg\",\"inLanguage\":\"fr-FR\"},{\"@type\":\"WebPage\",\"@id\":\"https:\/\/guineediversite.com\/index.php\/2017\/09\/10\/societe-vers-deguerpissement-occupants-flancs-de-montagne-a-dubreka\/\",\"url\":\"https:\/\/guineediversite.com\/index.php\/2017\/09\/10\/societe-vers-deguerpissement-occupants-flancs-de-montagne-a-dubreka\/\",\"name\":\"Soci\u00e9t\u00e9 :\u00a0vers\u00a0un\u00a0d\u00e9guerpissement\u00a0des occupants\u00a0des flancs de montagne \u00e0\u00a0Dubr\u00e9ka | Guin\u00e9e Diversit\u00e9\",\"isPartOf\":{\"@id\":\"https:\/\/guineediversite.com\/#website\"},\"primaryImageOfPage\":{\"@id\":\"https:\/\/guineediversite.com\/index.php\/2017\/09\/10\/societe-vers-deguerpissement-occupants-flancs-de-montagne-a-dubreka\/#primaryimage\"},\"image\":{\"@id\":\"https:\/\/guineediversite.com\/index.php\/2017\/09\/10\/societe-vers-deguerpissement-occupants-flancs-de-montagne-a-dubreka\/#primaryimage\"},\"thumbnailUrl\":\"https:\/\/guineediversite.com\/wp-content\/uploads\/2017\/09\/flan-des-montagnes.jpg\",\"datePublished\":\"2017-09-10T11:48:28+00:00\",\"dateModified\":\"2017-09-10T11:48:28+00:00\",\"breadcrumb\":{\"@id\":\"https:\/\/guineediversite.com\/index.php\/2017\/09\/10\/societe-vers-deguerpissement-occupants-flancs-de-montagne-a-dubreka\/#breadcrumb\"},\"inLanguage\":\"fr-FR\",\"potentialAction\":[{\"@type\":\"ReadAction\",\"target\":[\"https:\/\/guineediversite.com\/index.php\/2017\/09\/10\/societe-vers-deguerpissement-occupants-flancs-de-montagne-a-dubreka\/\"]}]},{\"@type\":\"ImageObject\",\"inLanguage\":\"fr-FR\",\"@id\":\"https:\/\/guineediversite.com\/index.php\/2017\/09\/10\/societe-vers-deguerpissement-occupants-flancs-de-montagne-a-dubreka\/#primaryimage\",\"url\":\"https:\/\/guineediversite.com\/wp-content\/uploads\/2017\/09\/flan-des-montagnes.jpg\",\"contentUrl\":\"https:\/\/guineediversite.com\/wp-content\/uploads\/2017\/09\/flan-des-montagnes.jpg\",\"width\":\"400\",\"height\":\"270\"},{\"@type\":\"BreadcrumbList\",\"@id\":\"https:\/\/guineediversite.com\/index.php\/2017\/09\/10\/societe-vers-deguerpissement-occupants-flancs-de-montagne-a-dubreka\/#breadcrumb\",\"itemListElement\":[{\"@type\":\"ListItem\",\"position\":1,\"name\":\"Accueil\",\"item\":\"https:\/\/guineediversite.com\/\"},{\"@type\":\"ListItem\",\"position\":2,\"name\":\"Soci\u00e9t\u00e9 :\u00a0vers\u00a0un\u00a0d\u00e9guerpissement\u00a0des occupants\u00a0des flancs de montagne \u00e0\u00a0Dubr\u00e9ka\"}]},{\"@type\":\"WebSite\",\"@id\":\"https:\/\/guineediversite.com\/#website\",\"url\":\"https:\/\/guineediversite.com\/\",\"name\":\"Guin\u00e9e Diversit\u00e9\",\"description\":\"L&#039;Info dans toute sa diversit\u00e9\",\"publisher\":{\"@id\":\"https:\/\/guineediversite.com\/#organization\"},\"potentialAction\":[{\"@type\":\"SearchAction\",\"target\":{\"@type\":\"EntryPoint\",\"urlTemplate\":\"https:\/\/guineediversite.com\/?s={search_term_string}\"},\"query-input\":{\"@type\":\"PropertyValueSpecification\",\"valueRequired\":true,\"valueName\":\"search_term_string\"}}],\"inLanguage\":\"fr-FR\"},{\"@type\":\"Organization\",\"@id\":\"https:\/\/guineediversite.com\/#organization\",\"name\":\"Guin\u00e9e Diversit\u00e9\",\"url\":\"https:\/\/guineediversite.com\/\",\"logo\":{\"@type\":\"ImageObject\",\"inLanguage\":\"fr-FR\",\"@id\":\"https:\/\/guineediversite.com\/#\/schema\/logo\/image\/\",\"url\":\"https:\/\/guineediversite.com\/wp-content\/uploads\/2017\/04\/cropped-1jojlxEOMkX9Wyqfhe43D6kjPOGqBBKmx3EwWJqZ0cMrFF54yM49.png\",\"contentUrl\":\"https:\/\/guineediversite.com\/wp-content\/uploads\/2017\/04\/cropped-1jojlxEOMkX9Wyqfhe43D6kjPOGqBBKmx3EwWJqZ0cMrFF54yM49.png\",\"width\":186,\"height\":112,\"caption\":\"Guin\u00e9e Diversit\u00e9\"},\"image\":{\"@id\":\"https:\/\/guineediversite.com\/#\/schema\/logo\/image\/\"},\"sameAs\":[\"https:\/\/www.facebook.com\/guineediversite\/\",\"https:\/\/x.com\/GuineeDiversite\",\"https:\/\/www.youtube.com\/channel\/UC8sUY16qelG5ge6_D5SB83g\"]},{\"@type\":\"Person\",\"@id\":\"https:\/\/guineediversite.com\/#\/schema\/person\/079ec347f72d2acde4b56a50a4fd46dc\",\"name\":\"Moussa Mo\u00efse K\u00e9ita\",\"image\":{\"@type\":\"ImageObject\",\"inLanguage\":\"fr-FR\",\"@id\":\"https:\/\/guineediversite.com\/#\/schema\/person\/image\/\",\"url\":\"https:\/\/secure.gravatar.com\/avatar\/edf1ea2cc01841e6c0b49384bcb1385b?s=96&d=mm&r=g\",\"contentUrl\":\"https:\/\/secure.gravatar.com\/avatar\/edf1ea2cc01841e6c0b49384bcb1385b?s=96&d=mm&r=g\",\"caption\":\"Moussa Mo\u00efse K\u00e9ita\"},\"url\":\"https:\/\/guineediversite.com\/index.php\/author\/moussa-moise\/\"}]}<\/script>\n<!-- \/ Yoast SEO plugin. -->","yoast_head_json":{"title":"Soci\u00e9t\u00e9 :\u00a0vers\u00a0un\u00a0d\u00e9guerpissement\u00a0des occupants\u00a0des flancs de montagne \u00e0\u00a0Dubr\u00e9ka | Guin\u00e9e Diversit\u00e9","robots":{"index":"index","follow":"follow","max-snippet":"max-snippet:-1","max-image-preview":"max-image-preview:large","max-video-preview":"max-video-preview:-1"},"canonical":"https:\/\/guineediversite.com\/index.php\/2017\/09\/10\/societe-vers-deguerpissement-occupants-flancs-de-montagne-a-dubreka\/","og_locale":"fr_FR","og_type":"article","og_title":"Soci\u00e9t\u00e9 :\u00a0vers\u00a0un\u00a0d\u00e9guerpissement\u00a0des occupants\u00a0des flancs de montagne \u00e0\u00a0Dubr\u00e9ka | Guin\u00e9e Diversit\u00e9","og_description":"Le ministre de la Ville et de l\u2019Am\u00e9nagement de Territoire s\u2019active dans le recensement des occupations anarchiques et ill\u00e9gales des domaines de l\u2019Etat.\u00a0C\u2019est dans cette dynamique que les cadres du d\u00e9partement de l\u2019habitat, de l\u2019environnement et de la gendarmerie nationale se sont\u00a0rendu vendredi\u00a008 septembre 2017 \u00e0\u00a0Dubr\u00e9ka\u00a0sur les sites que les citoyens occupent sur les flancs [&hellip;]","og_url":"https:\/\/guineediversite.com\/index.php\/2017\/09\/10\/societe-vers-deguerpissement-occupants-flancs-de-montagne-a-dubreka\/","og_site_name":"Guin\u00e9e Diversit\u00e9","article_publisher":"https:\/\/www.facebook.com\/guineediversite\/","article_published_time":"2017-09-10T11:48:28+00:00","og_image":[{"width":400,"height":270,"url":"https:\/\/guineediversite.com\/wp-content\/uploads\/2017\/09\/flan-des-montagnes.jpg","type":"image\/jpeg"}],"author":"Moussa Mo\u00efse K\u00e9ita","twitter_card":"summary_large_image","twitter_creator":"@GuineeDiversite","twitter_site":"@GuineeDiversite","twitter_misc":{"\u00c9crit par":"Moussa Mo\u00efse K\u00e9ita","Dur\u00e9e de lecture estim\u00e9e":"3 minutes"},"schema":{"@context":"https:\/\/schema.org","@graph":[{"@type":"Article","@id":"https:\/\/guineediversite.com\/index.php\/2017\/09\/10\/societe-vers-deguerpissement-occupants-flancs-de-montagne-a-dubreka\/#article","isPartOf":{"@id":"https:\/\/guineediversite.com\/index.php\/2017\/09\/10\/societe-vers-deguerpissement-occupants-flancs-de-montagne-a-dubreka\/"},"author":{"name":"Moussa Mo\u00efse K\u00e9ita","@id":"https:\/\/guineediversite.com\/#\/schema\/person\/079ec347f72d2acde4b56a50a4fd46dc"},"headline":"Soci\u00e9t\u00e9 :\u00a0vers\u00a0un\u00a0d\u00e9guerpissement\u00a0des occupants\u00a0des flancs de montagne \u00e0\u00a0Dubr\u00e9ka","datePublished":"2017-09-10T11:48:28+00:00","dateModified":"2017-09-10T11:48:28+00:00","mainEntityOfPage":{"@id":"https:\/\/guineediversite.com\/index.php\/2017\/09\/10\/societe-vers-deguerpissement-occupants-flancs-de-montagne-a-dubreka\/"},"wordCount":597,"publisher":{"@id":"https:\/\/guineediversite.com\/#organization"},"image":{"@id":"https:\/\/guineediversite.com\/index.php\/2017\/09\/10\/societe-vers-deguerpissement-occupants-flancs-de-montagne-a-dubreka\/#primaryimage"},"thumbnailUrl":"https:\/\/guineediversite.com\/wp-content\/uploads\/2017\/09\/flan-des-montagnes.jpg","inLanguage":"fr-FR"},{"@type":"WebPage","@id":"https:\/\/guineediversite.com\/index.php\/2017\/09\/10\/societe-vers-deguerpissement-occupants-flancs-de-montagne-a-dubreka\/","url":"https:\/\/guineediversite.com\/index.php\/2017\/09\/10\/societe-vers-deguerpissement-occupants-flancs-de-montagne-a-dubreka\/","name":"Soci\u00e9t\u00e9 :\u00a0vers\u00a0un\u00a0d\u00e9guerpissement\u00a0des occupants\u00a0des flancs de montagne \u00e0\u00a0Dubr\u00e9ka | Guin\u00e9e Diversit\u00e9","isPartOf":{"@id":"https:\/\/guineediversite.com\/#website"},"primaryImageOfPage":{"@id":"https:\/\/guineediversite.com\/index.php\/2017\/09\/10\/societe-vers-deguerpissement-occupants-flancs-de-montagne-a-dubreka\/#primaryimage"},"image":{"@id":"https:\/\/guineediversite.com\/index.php\/2017\/09\/10\/societe-vers-deguerpissement-occupants-flancs-de-montagne-a-dubreka\/#primaryimage"},"thumbnailUrl":"https:\/\/guineediversite.com\/wp-content\/uploads\/2017\/09\/flan-des-montagnes.jpg","datePublished":"2017-09-10T11:48:28+00:00","dateModified":"2017-09-10T11:48:28+00:00","breadcrumb":{"@id":"https:\/\/guineediversite.com\/index.php\/2017\/09\/10\/societe-vers-deguerpissement-occupants-flancs-de-montagne-a-dubreka\/#breadcrumb"},"inLanguage":"fr-FR","potentialAction":[{"@type":"ReadAction","target":["https:\/\/guineediversite.com\/index.php\/2017\/09\/10\/societe-vers-deguerpissement-occupants-flancs-de-montagne-a-dubreka\/"]}]},{"@type":"ImageObject","inLanguage":"fr-FR","@id":"https:\/\/guineediversite.com\/index.php\/2017\/09\/10\/societe-vers-deguerpissement-occupants-flancs-de-montagne-a-dubreka\/#primaryimage","url":"https:\/\/guineediversite.com\/wp-content\/uploads\/2017\/09\/flan-des-montagnes.jpg","contentUrl":"https:\/\/guineediversite.com\/wp-content\/uploads\/2017\/09\/flan-des-montagnes.jpg","width":"400","height":"270"},{"@type":"BreadcrumbList","@id":"https:\/\/guineediversite.com\/index.php\/2017\/09\/10\/societe-vers-deguerpissement-occupants-flancs-de-montagne-a-dubreka\/#breadcrumb","itemListElement":[{"@type":"ListItem","position":1,"name":"Accueil","item":"https:\/\/guineediversite.com\/"},{"@type":"ListItem","position":2,"name":"Soci\u00e9t\u00e9 :\u00a0vers\u00a0un\u00a0d\u00e9guerpissement\u00a0des occupants\u00a0des flancs de montagne \u00e0\u00a0Dubr\u00e9ka"}]},{"@type":"WebSite","@id":"https:\/\/guineediversite.com\/#website","url":"https:\/\/guineediversite.com\/","name":"Guin\u00e9e Diversit\u00e9","description":"L&#039;Info dans toute sa diversit\u00e9","publisher":{"@id":"https:\/\/guineediversite.com\/#organization"},"potentialAction":[{"@type":"SearchAction","target":{"@type":"EntryPoint","urlTemplate":"https:\/\/guineediversite.com\/?s={search_term_string}"},"query-input":{"@type":"PropertyValueSpecification","valueRequired":true,"valueName":"search_term_string"}}],"inLanguage":"fr-FR"},{"@type":"Organization","@id":"https:\/\/guineediversite.com\/#organization","name":"Guin\u00e9e Diversit\u00e9","url":"https:\/\/guineediversite.com\/","logo":{"@type":"ImageObject","inLanguage":"fr-FR","@id":"https:\/\/guineediversite.com\/#\/schema\/logo\/image\/","url":"https:\/\/guineediversite.com\/wp-content\/uploads\/2017\/04\/cropped-1jojlxEOMkX9Wyqfhe43D6kjPOGqBBKmx3EwWJqZ0cMrFF54yM49.png","contentUrl":"https:\/\/guineediversite.com\/wp-content\/uploads\/2017\/04\/cropped-1jojlxEOMkX9Wyqfhe43D6kjPOGqBBKmx3EwWJqZ0cMrFF54yM49.png","width":186,"height":112,"caption":"Guin\u00e9e Diversit\u00e9"},"image":{"@id":"https:\/\/guineediversite.com\/#\/schema\/logo\/image\/"},"sameAs":["https:\/\/www.facebook.com\/guineediversite\/","https:\/\/x.com\/GuineeDiversite","https:\/\/www.youtube.com\/channel\/UC8sUY16qelG5ge6_D5SB83g"]},{"@type":"Person","@id":"https:\/\/guineediversite.com\/#\/schema\/person\/079ec347f72d2acde4b56a50a4fd46dc","name":"Moussa Mo\u00efse K\u00e9ita","image":{"@type":"ImageObject","inLanguage":"fr-FR","@id":"https:\/\/guineediversite.com\/#\/schema\/person\/image\/","url":"https:\/\/secure.gravatar.com\/avatar\/edf1ea2cc01841e6c0b49384bcb1385b?s=96&d=mm&r=g","contentUrl":"https:\/\/secure.gravatar.com\/avatar\/edf1ea2cc01841e6c0b49384bcb1385b?s=96&d=mm&r=g","caption":"Moussa Mo\u00efse K\u00e9ita"},"url":"https:\/\/guineediversite.com\/index.php\/author\/moussa-moise\/"}]}},"_links":{"self":[{"href":"https:\/\/guineediversite.com\/index.php\/wp-json\/wp\/v2\/posts\/21768"}],"collection":[{"href":"https:\/\/guineediversite.com\/index.php\/wp-json\/wp\/v2\/posts"}],"about":[{"href":"https:\/\/guineediversite.com\/index.php\/wp-json\/wp\/v2\/types\/post"}],"author":[{"embeddable":true,"href":"https:\/\/guineediversite.com\/index.php\/wp-json\/wp\/v2\/users\/16"}],"replies":[{"embeddable":true,"href":"https:\/\/guineediversite.com\/index.php\/wp-json\/wp\/v2\/comments?post=21768"}],"version-history":[{"count":0,"href":"https:\/\/guineediversite.com\/index.php\/wp-json\/wp\/v2\/posts\/21768\/revisions"}],"wp:featuredmedia":[{"embeddable":true,"href":"https:\/\/guineediversite.com\/index.php\/wp-json\/wp\/v2\/media\/21769"}],"wp:attachment":[{"href":"https:\/\/guineediversite.com\/index.php\/wp-json\/wp\/v2\/media?parent=21768"}],"wp:term":[{"taxonomy":"category","embeddable":true,"href":"https:\/\/guineediversite.com\/index.php\/wp-json\/wp\/v2\/categories?post=21768"},{"taxonomy":"post_tag","embeddable":true,"href":"https:\/\/guineediversite.com\/index.php\/wp-json\/wp\/v2\/tags?post=21768"}],"curies":[{"name":"wp","href":"https:\/\/api.w.org\/{rel}","templated":true}]}}