{"id":21764,"date":"2017-09-11T08:00:23","date_gmt":"2017-09-11T06:00:23","guid":{"rendered":"https:\/\/guineediversite.com\/?p=21764"},"modified":"2017-09-10T13:35:51","modified_gmt":"2017-09-10T11:35:51","slug":"chronogramme-electoral-rencontre-decisive-lundi","status":"publish","type":"post","link":"https:\/\/guineediversite.com\/index.php\/2017\/09\/11\/chronogramme-electoral-rencontre-decisive-lundi\/","title":{"rendered":"Chronogramme \u00e9lectoral :\u00a0une rencontre d\u00e9cisive ce lundi"},"content":{"rendered":"<p><span id=\"p349\"><strong>Pendant que l\u2019opposition r\u00e9publicaine reproche au Pouvoir d\u2019\u00eatre \u00e0 la base de la situation qui pr\u00e9vaut dans le pays, le ministre de l\u2019Administration du territoire et de la D\u00e9centralisation, G\u00e9n\u00e9ral\u00a0<span id=\"357\" class=\"s-rg-t\">Boureima<\/span>\u00a0Cond\u00e9 doit tenir ce lundi 11 septembre en sa qualit\u00e9 de Pr\u00e9sidents du comit\u00e9 de suivi de l\u2019accord politique du 12 octobre 2016.<\/strong><\/p>\n<p>Une \u00a0r\u00e9union qui s\u2019annonce d\u00e9cisive pour les acteurs politique guin\u00e9ens.<\/span><span id=\"p350\">\u00a0Cette rencontre est pr\u00e9vue apr\u00e8s que l\u2019opposition ait annonc\u00e9 la reprise de ses manifestations de rue \u00e0 partir du 20 septembre.<\/span><span id=\"p351\">\u00a0<\/span><\/p>\n<p><span id=\"p352\">Sur la table de dialogue, plusieurs questions br\u00fblantes dont le cas du chronogramme des \u00e9lections communales et l\u2019audite du fichier \u00e9lectoral, ainsi que la validation du choix du cabinet qui s\u2019en chargera.<\/span><br \/>\n<span id=\"p353\">La Commission \u00e9lectorale nationale ind\u00e9pendante, travers\u00e9e ces deux derniers mois par une crise avait d\u00e9cid\u00e9 d\u2019engager r\u00e9cemment une rencontre avec les acteurs impliqu\u00e9s dans le processus du comit\u00e9 de suivi, si toutefois, le ministre\u00a0<span id=\"358\" class=\"s-rg-t\">Bour\u00e9ma<\/span>, d\u00e9finissait un programme pr\u00e9cis.<\/span><span id=\"p354\">\u00a0C\u2019est chose faite !<\/span><\/p>\n<p><span id=\"p355\">Cette rencontre est plus que d\u00e9cisive vu que la derni\u00e8re sortie m\u00e9diatique du tout nouveau patron de l\u2019institution en charge d\u2019organiser les \u00e9lections dans le pays n\u2019inspire pas confiance aux yeux des adversaires d\u2019Alpha Cond\u00e9 sur la tenue des \u00e9lections locales avant la fin de cette ann\u00e9e.<\/span><span id=\"p356\">\u00a0Il en est \u00e9galement l\u2019une des causes majeures de cette nouvelle menace de l\u2019opposition avec \u00e0 sa t\u00eate,\u00a0<span id=\"359\" class=\"s-rg-t\">Cellou<\/span>\u00a0<span id=\"360\" class=\"s-rg-t\">Dalein<\/span>\u00a0<span id=\"361\" class=\"s-rg-t\">Diallo<\/span>\u00a0de prendre d\u2019assaut les rues de Conakry.<\/span><\/p>\n","protected":false},"excerpt":{"rendered":"<p>Pendant que l\u2019opposition r\u00e9publicaine reproche au Pouvoir d\u2019\u00eatre \u00e0 la base de la situation qui pr\u00e9vaut dans le pays, le ministre de l\u2019Administration du territoire et de la D\u00e9centralisation, G\u00e9n\u00e9ral\u00a0Boureima\u00a0Cond\u00e9 doit tenir ce lundi 11 septembre en sa qualit\u00e9 de Pr\u00e9sidents du comit\u00e9 de suivi de l\u2019accord politique du 12 octobre 2016. Une \u00a0r\u00e9union qui [&hellip;]<\/p>\n","protected":false},"author":16,"featured_media":21766,"comment_status":"closed","ping_status":"closed","sticky":false,"template":"","format":"standard","meta":{"_exactmetrics_skip_tracking":false,"_exactmetrics_sitenote_active":false,"_exactmetrics_sitenote_note":"","_exactmetrics_sitenote_category":0,"tdm_status":"","tdm_grid_status":"","footnotes":""},"categories":[14],"tags":[],"class_list":{"0":"post-21764","1":"post","2":"type-post","3":"status-publish","4":"format-standard","5":"has-post-thumbnail","7":"category-politique"},"yoast_head":"<!-- This site is optimized with the Yoast SEO plugin v24.2 - https:\/\/yoast.com\/wordpress\/plugins\/seo\/ -->\n<title>Chronogramme \u00e9lectoral :\u00a0une rencontre d\u00e9cisive ce lundi | Guin\u00e9e Diversit\u00e9<\/title>\n<meta name=\"robots\" content=\"index, follow, max-snippet:-1, max-image-preview:large, max-video-preview:-1\" \/>\n<link rel=\"canonical\" href=\"https:\/\/guineediversite.com\/index.php\/2017\/09\/11\/chronogramme-electoral-rencontre-decisive-lundi\/\" \/>\n<meta property=\"og:locale\" content=\"fr_FR\" \/>\n<meta property=\"og:type\" content=\"article\" \/>\n<meta property=\"og:title\" content=\"Chronogramme \u00e9lectoral :\u00a0une rencontre d\u00e9cisive ce lundi | Guin\u00e9e Diversit\u00e9\" \/>\n<meta property=\"og:description\" content=\"Pendant que l\u2019opposition r\u00e9publicaine reproche au Pouvoir d\u2019\u00eatre \u00e0 la base de la situation qui pr\u00e9vaut dans le pays, le ministre de l\u2019Administration du territoire et de la D\u00e9centralisation, G\u00e9n\u00e9ral\u00a0Boureima\u00a0Cond\u00e9 doit tenir ce lundi 11 septembre en sa qualit\u00e9 de Pr\u00e9sidents du comit\u00e9 de suivi de l\u2019accord politique du 12 octobre 2016. Une \u00a0r\u00e9union qui [&hellip;]\" \/>\n<meta property=\"og:url\" content=\"https:\/\/guineediversite.com\/index.php\/2017\/09\/11\/chronogramme-electoral-rencontre-decisive-lundi\/\" \/>\n<meta property=\"og:site_name\" content=\"Guin\u00e9e Diversit\u00e9\" \/>\n<meta property=\"article:publisher\" content=\"https:\/\/www.facebook.com\/guineediversite\/\" \/>\n<meta property=\"article:published_time\" content=\"2017-09-11T06:00:23+00:00\" \/>\n<meta property=\"article:modified_time\" content=\"2017-09-10T11:35:51+00:00\" \/>\n<meta property=\"og:image\" content=\"https:\/\/guineediversite.com\/wp-content\/uploads\/2017\/09\/maxresdefault-1.jpg\" \/>\n\t<meta property=\"og:image:width\" content=\"1280\" \/>\n\t<meta property=\"og:image:height\" content=\"720\" \/>\n\t<meta property=\"og:image:type\" content=\"image\/jpeg\" \/>\n<meta name=\"author\" content=\"Moussa Mo\u00efse K\u00e9ita\" \/>\n<meta name=\"twitter:card\" content=\"summary_large_image\" \/>\n<meta name=\"twitter:creator\" content=\"@GuineeDiversite\" \/>\n<meta name=\"twitter:site\" content=\"@GuineeDiversite\" \/>\n<meta name=\"twitter:label1\" content=\"\u00c9crit par\" \/>\n\t<meta name=\"twitter:data1\" content=\"Moussa Mo\u00efse K\u00e9ita\" \/>\n\t<meta name=\"twitter:label2\" content=\"Dur\u00e9e de lecture estim\u00e9e\" \/>\n\t<meta name=\"twitter:data2\" content=\"1 minute\" \/>\n<script type=\"application\/ld+json\" class=\"yoast-schema-graph\">{\"@context\":\"https:\/\/schema.org\",\"@graph\":[{\"@type\":\"Article\",\"@id\":\"https:\/\/guineediversite.com\/index.php\/2017\/09\/11\/chronogramme-electoral-rencontre-decisive-lundi\/#article\",\"isPartOf\":{\"@id\":\"https:\/\/guineediversite.com\/index.php\/2017\/09\/11\/chronogramme-electoral-rencontre-decisive-lundi\/\"},\"author\":{\"name\":\"Moussa Mo\u00efse K\u00e9ita\",\"@id\":\"https:\/\/guineediversite.com\/#\/schema\/person\/079ec347f72d2acde4b56a50a4fd46dc\"},\"headline\":\"Chronogramme \u00e9lectoral :\u00a0une rencontre d\u00e9cisive ce lundi\",\"datePublished\":\"2017-09-11T06:00:23+00:00\",\"dateModified\":\"2017-09-10T11:35:51+00:00\",\"mainEntityOfPage\":{\"@id\":\"https:\/\/guineediversite.com\/index.php\/2017\/09\/11\/chronogramme-electoral-rencontre-decisive-lundi\/\"},\"wordCount\":277,\"publisher\":{\"@id\":\"https:\/\/guineediversite.com\/#organization\"},\"image\":{\"@id\":\"https:\/\/guineediversite.com\/index.php\/2017\/09\/11\/chronogramme-electoral-rencontre-decisive-lundi\/#primaryimage\"},\"thumbnailUrl\":\"https:\/\/guineediversite.com\/wp-content\/uploads\/2017\/09\/maxresdefault-1.jpg\",\"articleSection\":[\"Politique\"],\"inLanguage\":\"fr-FR\"},{\"@type\":\"WebPage\",\"@id\":\"https:\/\/guineediversite.com\/index.php\/2017\/09\/11\/chronogramme-electoral-rencontre-decisive-lundi\/\",\"url\":\"https:\/\/guineediversite.com\/index.php\/2017\/09\/11\/chronogramme-electoral-rencontre-decisive-lundi\/\",\"name\":\"Chronogramme \u00e9lectoral :\u00a0une rencontre d\u00e9cisive ce lundi | Guin\u00e9e Diversit\u00e9\",\"isPartOf\":{\"@id\":\"https:\/\/guineediversite.com\/#website\"},\"primaryImageOfPage\":{\"@id\":\"https:\/\/guineediversite.com\/index.php\/2017\/09\/11\/chronogramme-electoral-rencontre-decisive-lundi\/#primaryimage\"},\"image\":{\"@id\":\"https:\/\/guineediversite.com\/index.php\/2017\/09\/11\/chronogramme-electoral-rencontre-decisive-lundi\/#primaryimage\"},\"thumbnailUrl\":\"https:\/\/guineediversite.com\/wp-content\/uploads\/2017\/09\/maxresdefault-1.jpg\",\"datePublished\":\"2017-09-11T06:00:23+00:00\",\"dateModified\":\"2017-09-10T11:35:51+00:00\",\"breadcrumb\":{\"@id\":\"https:\/\/guineediversite.com\/index.php\/2017\/09\/11\/chronogramme-electoral-rencontre-decisive-lundi\/#breadcrumb\"},\"inLanguage\":\"fr-FR\",\"potentialAction\":[{\"@type\":\"ReadAction\",\"target\":[\"https:\/\/guineediversite.com\/index.php\/2017\/09\/11\/chronogramme-electoral-rencontre-decisive-lundi\/\"]}]},{\"@type\":\"ImageObject\",\"inLanguage\":\"fr-FR\",\"@id\":\"https:\/\/guineediversite.com\/index.php\/2017\/09\/11\/chronogramme-electoral-rencontre-decisive-lundi\/#primaryimage\",\"url\":\"https:\/\/guineediversite.com\/wp-content\/uploads\/2017\/09\/maxresdefault-1.jpg\",\"contentUrl\":\"https:\/\/guineediversite.com\/wp-content\/uploads\/2017\/09\/maxresdefault-1.jpg\",\"width\":\"1280\",\"height\":\"720\"},{\"@type\":\"BreadcrumbList\",\"@id\":\"https:\/\/guineediversite.com\/index.php\/2017\/09\/11\/chronogramme-electoral-rencontre-decisive-lundi\/#breadcrumb\",\"itemListElement\":[{\"@type\":\"ListItem\",\"position\":1,\"name\":\"Accueil\",\"item\":\"https:\/\/guineediversite.com\/\"},{\"@type\":\"ListItem\",\"position\":2,\"name\":\"Chronogramme \u00e9lectoral :\u00a0une rencontre d\u00e9cisive ce lundi\"}]},{\"@type\":\"WebSite\",\"@id\":\"https:\/\/guineediversite.com\/#website\",\"url\":\"https:\/\/guineediversite.com\/\",\"name\":\"Guin\u00e9e Diversit\u00e9\",\"description\":\"L&#039;Info dans toute sa diversit\u00e9\",\"publisher\":{\"@id\":\"https:\/\/guineediversite.com\/#organization\"},\"potentialAction\":[{\"@type\":\"SearchAction\",\"target\":{\"@type\":\"EntryPoint\",\"urlTemplate\":\"https:\/\/guineediversite.com\/?s={search_term_string}\"},\"query-input\":{\"@type\":\"PropertyValueSpecification\",\"valueRequired\":true,\"valueName\":\"search_term_string\"}}],\"inLanguage\":\"fr-FR\"},{\"@type\":\"Organization\",\"@id\":\"https:\/\/guineediversite.com\/#organization\",\"name\":\"Guin\u00e9e Diversit\u00e9\",\"url\":\"https:\/\/guineediversite.com\/\",\"logo\":{\"@type\":\"ImageObject\",\"inLanguage\":\"fr-FR\",\"@id\":\"https:\/\/guineediversite.com\/#\/schema\/logo\/image\/\",\"url\":\"https:\/\/guineediversite.com\/wp-content\/uploads\/2017\/04\/cropped-1jojlxEOMkX9Wyqfhe43D6kjPOGqBBKmx3EwWJqZ0cMrFF54yM49.png\",\"contentUrl\":\"https:\/\/guineediversite.com\/wp-content\/uploads\/2017\/04\/cropped-1jojlxEOMkX9Wyqfhe43D6kjPOGqBBKmx3EwWJqZ0cMrFF54yM49.png\",\"width\":186,\"height\":112,\"caption\":\"Guin\u00e9e Diversit\u00e9\"},\"image\":{\"@id\":\"https:\/\/guineediversite.com\/#\/schema\/logo\/image\/\"},\"sameAs\":[\"https:\/\/www.facebook.com\/guineediversite\/\",\"https:\/\/x.com\/GuineeDiversite\",\"https:\/\/www.youtube.com\/channel\/UC8sUY16qelG5ge6_D5SB83g\"]},{\"@type\":\"Person\",\"@id\":\"https:\/\/guineediversite.com\/#\/schema\/person\/079ec347f72d2acde4b56a50a4fd46dc\",\"name\":\"Moussa Mo\u00efse K\u00e9ita\",\"image\":{\"@type\":\"ImageObject\",\"inLanguage\":\"fr-FR\",\"@id\":\"https:\/\/guineediversite.com\/#\/schema\/person\/image\/\",\"url\":\"https:\/\/secure.gravatar.com\/avatar\/edf1ea2cc01841e6c0b49384bcb1385b?s=96&d=mm&r=g\",\"contentUrl\":\"https:\/\/secure.gravatar.com\/avatar\/edf1ea2cc01841e6c0b49384bcb1385b?s=96&d=mm&r=g\",\"caption\":\"Moussa Mo\u00efse K\u00e9ita\"},\"url\":\"https:\/\/guineediversite.com\/index.php\/author\/moussa-moise\/\"}]}<\/script>\n<!-- \/ Yoast SEO plugin. -->","yoast_head_json":{"title":"Chronogramme \u00e9lectoral :\u00a0une rencontre d\u00e9cisive ce lundi | Guin\u00e9e Diversit\u00e9","robots":{"index":"index","follow":"follow","max-snippet":"max-snippet:-1","max-image-preview":"max-image-preview:large","max-video-preview":"max-video-preview:-1"},"canonical":"https:\/\/guineediversite.com\/index.php\/2017\/09\/11\/chronogramme-electoral-rencontre-decisive-lundi\/","og_locale":"fr_FR","og_type":"article","og_title":"Chronogramme \u00e9lectoral :\u00a0une rencontre d\u00e9cisive ce lundi | Guin\u00e9e Diversit\u00e9","og_description":"Pendant que l\u2019opposition r\u00e9publicaine reproche au Pouvoir d\u2019\u00eatre \u00e0 la base de la situation qui pr\u00e9vaut dans le pays, le ministre de l\u2019Administration du territoire et de la D\u00e9centralisation, G\u00e9n\u00e9ral\u00a0Boureima\u00a0Cond\u00e9 doit tenir ce lundi 11 septembre en sa qualit\u00e9 de Pr\u00e9sidents du comit\u00e9 de suivi de l\u2019accord politique du 12 octobre 2016. Une \u00a0r\u00e9union qui [&hellip;]","og_url":"https:\/\/guineediversite.com\/index.php\/2017\/09\/11\/chronogramme-electoral-rencontre-decisive-lundi\/","og_site_name":"Guin\u00e9e Diversit\u00e9","article_publisher":"https:\/\/www.facebook.com\/guineediversite\/","article_published_time":"2017-09-11T06:00:23+00:00","article_modified_time":"2017-09-10T11:35:51+00:00","og_image":[{"width":1280,"height":720,"url":"https:\/\/guineediversite.com\/wp-content\/uploads\/2017\/09\/maxresdefault-1.jpg","type":"image\/jpeg"}],"author":"Moussa Mo\u00efse K\u00e9ita","twitter_card":"summary_large_image","twitter_creator":"@GuineeDiversite","twitter_site":"@GuineeDiversite","twitter_misc":{"\u00c9crit par":"Moussa Mo\u00efse K\u00e9ita","Dur\u00e9e de lecture estim\u00e9e":"1 minute"},"schema":{"@context":"https:\/\/schema.org","@graph":[{"@type":"Article","@id":"https:\/\/guineediversite.com\/index.php\/2017\/09\/11\/chronogramme-electoral-rencontre-decisive-lundi\/#article","isPartOf":{"@id":"https:\/\/guineediversite.com\/index.php\/2017\/09\/11\/chronogramme-electoral-rencontre-decisive-lundi\/"},"author":{"name":"Moussa Mo\u00efse K\u00e9ita","@id":"https:\/\/guineediversite.com\/#\/schema\/person\/079ec347f72d2acde4b56a50a4fd46dc"},"headline":"Chronogramme \u00e9lectoral :\u00a0une rencontre d\u00e9cisive ce lundi","datePublished":"2017-09-11T06:00:23+00:00","dateModified":"2017-09-10T11:35:51+00:00","mainEntityOfPage":{"@id":"https:\/\/guineediversite.com\/index.php\/2017\/09\/11\/chronogramme-electoral-rencontre-decisive-lundi\/"},"wordCount":277,"publisher":{"@id":"https:\/\/guineediversite.com\/#organization"},"image":{"@id":"https:\/\/guineediversite.com\/index.php\/2017\/09\/11\/chronogramme-electoral-rencontre-decisive-lundi\/#primaryimage"},"thumbnailUrl":"https:\/\/guineediversite.com\/wp-content\/uploads\/2017\/09\/maxresdefault-1.jpg","articleSection":["Politique"],"inLanguage":"fr-FR"},{"@type":"WebPage","@id":"https:\/\/guineediversite.com\/index.php\/2017\/09\/11\/chronogramme-electoral-rencontre-decisive-lundi\/","url":"https:\/\/guineediversite.com\/index.php\/2017\/09\/11\/chronogramme-electoral-rencontre-decisive-lundi\/","name":"Chronogramme \u00e9lectoral :\u00a0une rencontre d\u00e9cisive ce lundi | Guin\u00e9e Diversit\u00e9","isPartOf":{"@id":"https:\/\/guineediversite.com\/#website"},"primaryImageOfPage":{"@id":"https:\/\/guineediversite.com\/index.php\/2017\/09\/11\/chronogramme-electoral-rencontre-decisive-lundi\/#primaryimage"},"image":{"@id":"https:\/\/guineediversite.com\/index.php\/2017\/09\/11\/chronogramme-electoral-rencontre-decisive-lundi\/#primaryimage"},"thumbnailUrl":"https:\/\/guineediversite.com\/wp-content\/uploads\/2017\/09\/maxresdefault-1.jpg","datePublished":"2017-09-11T06:00:23+00:00","dateModified":"2017-09-10T11:35:51+00:00","breadcrumb":{"@id":"https:\/\/guineediversite.com\/index.php\/2017\/09\/11\/chronogramme-electoral-rencontre-decisive-lundi\/#breadcrumb"},"inLanguage":"fr-FR","potentialAction":[{"@type":"ReadAction","target":["https:\/\/guineediversite.com\/index.php\/2017\/09\/11\/chronogramme-electoral-rencontre-decisive-lundi\/"]}]},{"@type":"ImageObject","inLanguage":"fr-FR","@id":"https:\/\/guineediversite.com\/index.php\/2017\/09\/11\/chronogramme-electoral-rencontre-decisive-lundi\/#primaryimage","url":"https:\/\/guineediversite.com\/wp-content\/uploads\/2017\/09\/maxresdefault-1.jpg","contentUrl":"https:\/\/guineediversite.com\/wp-content\/uploads\/2017\/09\/maxresdefault-1.jpg","width":"1280","height":"720"},{"@type":"BreadcrumbList","@id":"https:\/\/guineediversite.com\/index.php\/2017\/09\/11\/chronogramme-electoral-rencontre-decisive-lundi\/#breadcrumb","itemListElement":[{"@type":"ListItem","position":1,"name":"Accueil","item":"https:\/\/guineediversite.com\/"},{"@type":"ListItem","position":2,"name":"Chronogramme \u00e9lectoral :\u00a0une rencontre d\u00e9cisive ce lundi"}]},{"@type":"WebSite","@id":"https:\/\/guineediversite.com\/#website","url":"https:\/\/guineediversite.com\/","name":"Guin\u00e9e Diversit\u00e9","description":"L&#039;Info dans toute sa diversit\u00e9","publisher":{"@id":"https:\/\/guineediversite.com\/#organization"},"potentialAction":[{"@type":"SearchAction","target":{"@type":"EntryPoint","urlTemplate":"https:\/\/guineediversite.com\/?s={search_term_string}"},"query-input":{"@type":"PropertyValueSpecification","valueRequired":true,"valueName":"search_term_string"}}],"inLanguage":"fr-FR"},{"@type":"Organization","@id":"https:\/\/guineediversite.com\/#organization","name":"Guin\u00e9e Diversit\u00e9","url":"https:\/\/guineediversite.com\/","logo":{"@type":"ImageObject","inLanguage":"fr-FR","@id":"https:\/\/guineediversite.com\/#\/schema\/logo\/image\/","url":"https:\/\/guineediversite.com\/wp-content\/uploads\/2017\/04\/cropped-1jojlxEOMkX9Wyqfhe43D6kjPOGqBBKmx3EwWJqZ0cMrFF54yM49.png","contentUrl":"https:\/\/guineediversite.com\/wp-content\/uploads\/2017\/04\/cropped-1jojlxEOMkX9Wyqfhe43D6kjPOGqBBKmx3EwWJqZ0cMrFF54yM49.png","width":186,"height":112,"caption":"Guin\u00e9e Diversit\u00e9"},"image":{"@id":"https:\/\/guineediversite.com\/#\/schema\/logo\/image\/"},"sameAs":["https:\/\/www.facebook.com\/guineediversite\/","https:\/\/x.com\/GuineeDiversite","https:\/\/www.youtube.com\/channel\/UC8sUY16qelG5ge6_D5SB83g"]},{"@type":"Person","@id":"https:\/\/guineediversite.com\/#\/schema\/person\/079ec347f72d2acde4b56a50a4fd46dc","name":"Moussa Mo\u00efse K\u00e9ita","image":{"@type":"ImageObject","inLanguage":"fr-FR","@id":"https:\/\/guineediversite.com\/#\/schema\/person\/image\/","url":"https:\/\/secure.gravatar.com\/avatar\/edf1ea2cc01841e6c0b49384bcb1385b?s=96&d=mm&r=g","contentUrl":"https:\/\/secure.gravatar.com\/avatar\/edf1ea2cc01841e6c0b49384bcb1385b?s=96&d=mm&r=g","caption":"Moussa Mo\u00efse K\u00e9ita"},"url":"https:\/\/guineediversite.com\/index.php\/author\/moussa-moise\/"}]}},"_links":{"self":[{"href":"https:\/\/guineediversite.com\/index.php\/wp-json\/wp\/v2\/posts\/21764"}],"collection":[{"href":"https:\/\/guineediversite.com\/index.php\/wp-json\/wp\/v2\/posts"}],"about":[{"href":"https:\/\/guineediversite.com\/index.php\/wp-json\/wp\/v2\/types\/post"}],"author":[{"embeddable":true,"href":"https:\/\/guineediversite.com\/index.php\/wp-json\/wp\/v2\/users\/16"}],"replies":[{"embeddable":true,"href":"https:\/\/guineediversite.com\/index.php\/wp-json\/wp\/v2\/comments?post=21764"}],"version-history":[{"count":0,"href":"https:\/\/guineediversite.com\/index.php\/wp-json\/wp\/v2\/posts\/21764\/revisions"}],"wp:featuredmedia":[{"embeddable":true,"href":"https:\/\/guineediversite.com\/index.php\/wp-json\/wp\/v2\/media\/21766"}],"wp:attachment":[{"href":"https:\/\/guineediversite.com\/index.php\/wp-json\/wp\/v2\/media?parent=21764"}],"wp:term":[{"taxonomy":"category","embeddable":true,"href":"https:\/\/guineediversite.com\/index.php\/wp-json\/wp\/v2\/categories?post=21764"},{"taxonomy":"post_tag","embeddable":true,"href":"https:\/\/guineediversite.com\/index.php\/wp-json\/wp\/v2\/tags?post=21764"}],"curies":[{"name":"wp","href":"https:\/\/api.w.org\/{rel}","templated":true}]}}