{"id":21752,"date":"2017-09-08T18:28:21","date_gmt":"2017-09-08T16:28:21","guid":{"rendered":"https:\/\/guineediversite.com\/?p=21752"},"modified":"2017-09-08T16:42:51","modified_gmt":"2017-09-08T14:42:51","slug":"loi-de-finance-rectificative-nouveau-chronogramme","status":"publish","type":"post","link":"https:\/\/guineediversite.com\/index.php\/2017\/09\/08\/loi-de-finance-rectificative-nouveau-chronogramme\/","title":{"rendered":"Loi de finance rectificative: un nouveau chronogramme"},"content":{"rendered":"<p><strong><span id=\"p78\">Les d\u00e9put\u00e9s se sont retrouv\u00e9s ce jeudi en pl\u00e9ni\u00e8re pour statuer sur un nouveau chronogramme.<\/span><span id=\"p150\">\u00a0Ce chronogramme va leur permettre de poursuivre les travaux de la session extraordinaire sur la loi des finances rectificatives.<\/span><span id=\"p151\">\u00a0<\/span><\/strong><\/p>\n<p><span id=\"p151\">Les d\u00e9bats d\u2019orientation sur cette loi interviennent apr\u00e8s que le Parlement Guin\u00e9en ait \u00e9t\u00e9 saisi par le pr\u00e9sident Alpha Cond\u00e9 pour une proc\u00e9dure d\u2019urgence des accords de financement concernant deux conventions mini\u00e8res.<\/span><span id=\"p81\"><br \/>\nDans ce chronogramme d\u00e9j\u00e0 d\u00e9fini, le rapporteur g\u00e9n\u00e9ral de l\u2019Assembl\u00e9e nationale l&rsquo;honorable, Alpha Mohamed\u00a0<span id=\"107\" class=\"s-rg-t\">Diallo<\/span>\u00a0est revenu sur le programme et des accords qui s\u2019y retrouvent.<br \/>\n<\/span><span id=\"p154\">\u00a0<strong>vendredi 08 septembre 2017 :<\/strong><br \/>\n<\/span><span id=\"p155\">\u00a0&#8211; \u00c9tudes des trois Accords et les deux avenants des conventions mini\u00e8res en proc\u00e9dure d&rsquo;urgence :<\/span><span id=\"p84\"><br \/>\n&#8211; Accord de pr\u00eat du fonds\u00a0<span id=\"114\" class=\"s-rg-t\">Koweitien<\/span>\u00a0relatif \u00e0 la r\u00e9habilitation de la route\u00a0<span id=\"115\" class=\"s-rg-t\">Gueckedou-Kond\u00e9badou<\/span>.<\/span><span id=\"p85\"><br \/>\n&#8211; Accord de financement de l&rsquo;<span id=\"116\" class=\"s-rg-t\">IDA<\/span>\u00a0relatif au financement suppl\u00e9mentaire pour la gouvernance\u00a0\u00e9conomique; &#8211;<\/span><span id=\"p86\">\u00a0Accord\u00a0de financement de l&rsquo;<span id=\"120\" class=\"s-rg-t\">IDA<\/span>\u00a0relatif au projet urbain d&rsquo;adduction d&rsquo;eau<br \/>\n<\/span><span id=\"p87\">\u00a0<span id=\"121\" class=\"s-rg-t\">-Avenants<\/span>\u00a0N\u00b01 des conventions de la compagnie des bauxites de\u00a0<span id=\"122\" class=\"s-rg-t\">Kindia<\/span>\u00a0<span id=\"p76\">(<span id=\"101\" class=\"s-rg-t\">CBK<\/span>)<\/span>\u00a0et de la compagnie des Bauxites de\u00a0<span id=\"123\" class=\"s-rg-t\">Diandian<\/span>\u00a0<span id=\"p75\">(<span id=\"100\" class=\"s-rg-t\">COBAD<\/span>)<\/span>, sign\u00e9 entre la r\u00e9publique de Guin\u00e9e et la soci\u00e9t\u00e9\u00a0<span id=\"124\" class=\"s-rg-t\">Rouski<\/span>\u00a0<span id=\"125\" class=\"s-rg-t\">Alumini<\/span>\u00a0Management\u00a0<span id=\"p74\">(<span id=\"99\" class=\"s-rg-t\">RUSSAL<\/span>)<\/span>\u00a0pour l&rsquo;exploitation des gisements des bauxites de\u00a0<span id=\"126\" class=\"s-rg-t\">Kindia<\/span>\u00a0et\u00a0<span id=\"127\" class=\"s-rg-t\">Diandian<\/span>.<\/span><span id=\"p88\"><br \/>\n<strong>Samedi 09\u00a0<span id=\"128\" class=\"s-rg-t\">Septembre<\/span>\u00a02017:<\/strong><\/span><span id=\"p89\">\u00a0r\u00e9daction\u00a0des rapports sur la\u00a0<span id=\"130\" class=\"s-rg-t\">LFR<\/span>\u00a02017, les trois Accords et les deux Avenants des conventions\u00a0mini\u00e8res ;<\/span><span id=\"p162\"><br \/>\n<strong>Lundi 11 septembre 2017 2017 :<\/strong><\/span><span id=\"p159\">\u00a0explication de vote sur les trois Accords et les deux Avenants des conventions mini\u00e8res \u00e0 10 heures.<\/span><span id=\"p92\">\u00a012 heures, pl\u00e9ni\u00e8re pour l&rsquo;adoption de la\u00a0<span id=\"139\" class=\"s-rg-t\">LFR<\/span>\u00a02017, les trois Accords et les deux Avenants des conventions mini\u00e8res;<\/span><span id=\"p93\"><br \/>\n<strong>Mardi\u00a012\u00a0Septembre2017 :<\/strong><\/span><span id=\"p158\">\u00a0pl\u00e9ni\u00e8re \u00e0 11 heures pour la cl\u00f4ture de la session extra-ordinaire 2017.<br \/>\n<\/span><span id=\"p95\"><br \/>\nCe chronogramme r\u00e9vis\u00e9 a suscit\u00e9 des r\u00e9actions au niveau de certains d\u00e9put\u00e9s.<\/span><span id=\"p96\">\u00a0Ces derniers se sont interrog\u00e9s sur la mani\u00e8re dont il a \u00e9t\u00e9 \u00e9labor\u00e9 et son applicabilit\u00e9.<\/span><span id=\"p97\">\u00a0Face \u00e0 cette situation, le Pr\u00e9sident de la commission \u00e9conomie-finance de l\u2019Assembl\u00e9e nationale, Honorable Michel\u00a0<span id=\"146\" class=\"s-rg-t\">Kamano<\/span>\u00a0a condamn\u00e9 l&rsquo;attitude de certains d\u00e9put\u00e9s qui ont soulev\u00e9 des pol\u00e9miques tout en voulant refuser d&rsquo;examiner les questions envoy\u00e9es en proc\u00e9dure d&rsquo;urgence par\u00a0l&rsquo;ex\u00e9cutif.<\/span><span id=\"p163\">\u00a0Pour le pr\u00e9sident de la commission de finance de l&rsquo;Assembl\u00e9e nationale, les d\u00e9put\u00e9s ne doivent pas rejeter l&rsquo;examen des projets en proc\u00e9dure d&rsquo;urgence.<\/span><\/p>\n","protected":false},"excerpt":{"rendered":"<p>Les d\u00e9put\u00e9s se sont retrouv\u00e9s ce jeudi en pl\u00e9ni\u00e8re pour statuer sur un nouveau chronogramme.\u00a0Ce chronogramme va leur permettre de poursuivre les travaux de la session extraordinaire sur la loi des finances rectificatives.\u00a0 Les d\u00e9bats d\u2019orientation sur cette loi interviennent apr\u00e8s que le Parlement Guin\u00e9en ait \u00e9t\u00e9 saisi par le pr\u00e9sident Alpha Cond\u00e9 pour une [&hellip;]<\/p>\n","protected":false},"author":14,"featured_media":20140,"comment_status":"closed","ping_status":"closed","sticky":false,"template":"","format":"standard","meta":{"_exactmetrics_skip_tracking":false,"_exactmetrics_sitenote_active":false,"_exactmetrics_sitenote_note":"","_exactmetrics_sitenote_category":0,"tdm_status":"","tdm_grid_status":"","footnotes":""},"categories":[14],"tags":[],"class_list":{"0":"post-21752","1":"post","2":"type-post","3":"status-publish","4":"format-standard","5":"has-post-thumbnail","7":"category-politique"},"yoast_head":"<!-- This site is optimized with the Yoast SEO plugin v24.2 - https:\/\/yoast.com\/wordpress\/plugins\/seo\/ -->\n<title>Loi de finance rectificative: un nouveau chronogramme | Guin\u00e9e Diversit\u00e9<\/title>\n<meta name=\"robots\" content=\"index, follow, max-snippet:-1, max-image-preview:large, max-video-preview:-1\" \/>\n<link rel=\"canonical\" href=\"https:\/\/guineediversite.com\/index.php\/2017\/09\/08\/loi-de-finance-rectificative-nouveau-chronogramme\/\" \/>\n<meta property=\"og:locale\" content=\"fr_FR\" \/>\n<meta property=\"og:type\" content=\"article\" \/>\n<meta property=\"og:title\" content=\"Loi de finance rectificative: un nouveau chronogramme | Guin\u00e9e Diversit\u00e9\" \/>\n<meta property=\"og:description\" content=\"Les d\u00e9put\u00e9s se sont retrouv\u00e9s ce jeudi en pl\u00e9ni\u00e8re pour statuer sur un nouveau chronogramme.\u00a0Ce chronogramme va leur permettre de poursuivre les travaux de la session extraordinaire sur la loi des finances rectificatives.\u00a0 Les d\u00e9bats d\u2019orientation sur cette loi interviennent apr\u00e8s que le Parlement Guin\u00e9en ait \u00e9t\u00e9 saisi par le pr\u00e9sident Alpha Cond\u00e9 pour une [&hellip;]\" \/>\n<meta property=\"og:url\" content=\"https:\/\/guineediversite.com\/index.php\/2017\/09\/08\/loi-de-finance-rectificative-nouveau-chronogramme\/\" \/>\n<meta property=\"og:site_name\" content=\"Guin\u00e9e Diversit\u00e9\" \/>\n<meta property=\"article:publisher\" content=\"https:\/\/www.facebook.com\/guineediversite\/\" \/>\n<meta property=\"article:published_time\" content=\"2017-09-08T16:28:21+00:00\" \/>\n<meta property=\"article:modified_time\" content=\"2017-09-08T14:42:51+00:00\" \/>\n<meta property=\"og:image\" content=\"https:\/\/guineediversite.com\/wp-content\/uploads\/2017\/06\/ASSEMBLEE-NATIONALE-3-1024x582.jpg\" \/>\n\t<meta property=\"og:image:width\" content=\"1024\" \/>\n\t<meta property=\"og:image:height\" content=\"582\" \/>\n\t<meta property=\"og:image:type\" content=\"image\/jpeg\" \/>\n<meta name=\"author\" content=\"Lazare Bangoura\" \/>\n<meta name=\"twitter:card\" content=\"summary_large_image\" \/>\n<meta name=\"twitter:creator\" content=\"@GuineeDiversite\" \/>\n<meta name=\"twitter:site\" content=\"@GuineeDiversite\" \/>\n<meta name=\"twitter:label1\" content=\"\u00c9crit par\" \/>\n\t<meta name=\"twitter:data1\" content=\"Lazare Bangoura\" \/>\n\t<meta name=\"twitter:label2\" content=\"Dur\u00e9e de lecture estim\u00e9e\" \/>\n\t<meta name=\"twitter:data2\" content=\"2 minutes\" \/>\n<script type=\"application\/ld+json\" class=\"yoast-schema-graph\">{\"@context\":\"https:\/\/schema.org\",\"@graph\":[{\"@type\":\"Article\",\"@id\":\"https:\/\/guineediversite.com\/index.php\/2017\/09\/08\/loi-de-finance-rectificative-nouveau-chronogramme\/#article\",\"isPartOf\":{\"@id\":\"https:\/\/guineediversite.com\/index.php\/2017\/09\/08\/loi-de-finance-rectificative-nouveau-chronogramme\/\"},\"author\":{\"name\":\"Lazare Bangoura\",\"@id\":\"https:\/\/guineediversite.com\/#\/schema\/person\/c915f4424a17926ee4510e6abdfdc2a5\"},\"headline\":\"Loi de finance rectificative: un nouveau chronogramme\",\"datePublished\":\"2017-09-08T16:28:21+00:00\",\"dateModified\":\"2017-09-08T14:42:51+00:00\",\"mainEntityOfPage\":{\"@id\":\"https:\/\/guineediversite.com\/index.php\/2017\/09\/08\/loi-de-finance-rectificative-nouveau-chronogramme\/\"},\"wordCount\":426,\"publisher\":{\"@id\":\"https:\/\/guineediversite.com\/#organization\"},\"image\":{\"@id\":\"https:\/\/guineediversite.com\/index.php\/2017\/09\/08\/loi-de-finance-rectificative-nouveau-chronogramme\/#primaryimage\"},\"thumbnailUrl\":\"https:\/\/guineediversite.com\/wp-content\/uploads\/2017\/06\/ASSEMBLEE-NATIONALE-3.jpg\",\"articleSection\":[\"Politique\"],\"inLanguage\":\"fr-FR\"},{\"@type\":\"WebPage\",\"@id\":\"https:\/\/guineediversite.com\/index.php\/2017\/09\/08\/loi-de-finance-rectificative-nouveau-chronogramme\/\",\"url\":\"https:\/\/guineediversite.com\/index.php\/2017\/09\/08\/loi-de-finance-rectificative-nouveau-chronogramme\/\",\"name\":\"Loi de finance rectificative: un nouveau chronogramme | Guin\u00e9e Diversit\u00e9\",\"isPartOf\":{\"@id\":\"https:\/\/guineediversite.com\/#website\"},\"primaryImageOfPage\":{\"@id\":\"https:\/\/guineediversite.com\/index.php\/2017\/09\/08\/loi-de-finance-rectificative-nouveau-chronogramme\/#primaryimage\"},\"image\":{\"@id\":\"https:\/\/guineediversite.com\/index.php\/2017\/09\/08\/loi-de-finance-rectificative-nouveau-chronogramme\/#primaryimage\"},\"thumbnailUrl\":\"https:\/\/guineediversite.com\/wp-content\/uploads\/2017\/06\/ASSEMBLEE-NATIONALE-3.jpg\",\"datePublished\":\"2017-09-08T16:28:21+00:00\",\"dateModified\":\"2017-09-08T14:42:51+00:00\",\"breadcrumb\":{\"@id\":\"https:\/\/guineediversite.com\/index.php\/2017\/09\/08\/loi-de-finance-rectificative-nouveau-chronogramme\/#breadcrumb\"},\"inLanguage\":\"fr-FR\",\"potentialAction\":[{\"@type\":\"ReadAction\",\"target\":[\"https:\/\/guineediversite.com\/index.php\/2017\/09\/08\/loi-de-finance-rectificative-nouveau-chronogramme\/\"]}]},{\"@type\":\"ImageObject\",\"inLanguage\":\"fr-FR\",\"@id\":\"https:\/\/guineediversite.com\/index.php\/2017\/09\/08\/loi-de-finance-rectificative-nouveau-chronogramme\/#primaryimage\",\"url\":\"https:\/\/guineediversite.com\/wp-content\/uploads\/2017\/06\/ASSEMBLEE-NATIONALE-3.jpg\",\"contentUrl\":\"https:\/\/guineediversite.com\/wp-content\/uploads\/2017\/06\/ASSEMBLEE-NATIONALE-3.jpg\",\"width\":4608,\"height\":2618},{\"@type\":\"BreadcrumbList\",\"@id\":\"https:\/\/guineediversite.com\/index.php\/2017\/09\/08\/loi-de-finance-rectificative-nouveau-chronogramme\/#breadcrumb\",\"itemListElement\":[{\"@type\":\"ListItem\",\"position\":1,\"name\":\"Accueil\",\"item\":\"https:\/\/guineediversite.com\/\"},{\"@type\":\"ListItem\",\"position\":2,\"name\":\"Loi de finance rectificative: un nouveau chronogramme\"}]},{\"@type\":\"WebSite\",\"@id\":\"https:\/\/guineediversite.com\/#website\",\"url\":\"https:\/\/guineediversite.com\/\",\"name\":\"Guin\u00e9e Diversit\u00e9\",\"description\":\"L&#039;Info dans toute sa diversit\u00e9\",\"publisher\":{\"@id\":\"https:\/\/guineediversite.com\/#organization\"},\"potentialAction\":[{\"@type\":\"SearchAction\",\"target\":{\"@type\":\"EntryPoint\",\"urlTemplate\":\"https:\/\/guineediversite.com\/?s={search_term_string}\"},\"query-input\":{\"@type\":\"PropertyValueSpecification\",\"valueRequired\":true,\"valueName\":\"search_term_string\"}}],\"inLanguage\":\"fr-FR\"},{\"@type\":\"Organization\",\"@id\":\"https:\/\/guineediversite.com\/#organization\",\"name\":\"Guin\u00e9e Diversit\u00e9\",\"url\":\"https:\/\/guineediversite.com\/\",\"logo\":{\"@type\":\"ImageObject\",\"inLanguage\":\"fr-FR\",\"@id\":\"https:\/\/guineediversite.com\/#\/schema\/logo\/image\/\",\"url\":\"https:\/\/guineediversite.com\/wp-content\/uploads\/2017\/04\/cropped-1jojlxEOMkX9Wyqfhe43D6kjPOGqBBKmx3EwWJqZ0cMrFF54yM49.png\",\"contentUrl\":\"https:\/\/guineediversite.com\/wp-content\/uploads\/2017\/04\/cropped-1jojlxEOMkX9Wyqfhe43D6kjPOGqBBKmx3EwWJqZ0cMrFF54yM49.png\",\"width\":186,\"height\":112,\"caption\":\"Guin\u00e9e Diversit\u00e9\"},\"image\":{\"@id\":\"https:\/\/guineediversite.com\/#\/schema\/logo\/image\/\"},\"sameAs\":[\"https:\/\/www.facebook.com\/guineediversite\/\",\"https:\/\/x.com\/GuineeDiversite\",\"https:\/\/www.youtube.com\/channel\/UC8sUY16qelG5ge6_D5SB83g\"]},{\"@type\":\"Person\",\"@id\":\"https:\/\/guineediversite.com\/#\/schema\/person\/c915f4424a17926ee4510e6abdfdc2a5\",\"name\":\"Lazare Bangoura\",\"image\":{\"@type\":\"ImageObject\",\"inLanguage\":\"fr-FR\",\"@id\":\"https:\/\/guineediversite.com\/#\/schema\/person\/image\/\",\"url\":\"https:\/\/secure.gravatar.com\/avatar\/7bab9b6edb46a08bcc394e7e418baf1e?s=96&d=mm&r=g\",\"contentUrl\":\"https:\/\/secure.gravatar.com\/avatar\/7bab9b6edb46a08bcc394e7e418baf1e?s=96&d=mm&r=g\",\"caption\":\"Lazare Bangoura\"},\"url\":\"https:\/\/guineediversite.com\/index.php\/author\/l-bangoura\/\"}]}<\/script>\n<!-- \/ Yoast SEO plugin. -->","yoast_head_json":{"title":"Loi de finance rectificative: un nouveau chronogramme | Guin\u00e9e Diversit\u00e9","robots":{"index":"index","follow":"follow","max-snippet":"max-snippet:-1","max-image-preview":"max-image-preview:large","max-video-preview":"max-video-preview:-1"},"canonical":"https:\/\/guineediversite.com\/index.php\/2017\/09\/08\/loi-de-finance-rectificative-nouveau-chronogramme\/","og_locale":"fr_FR","og_type":"article","og_title":"Loi de finance rectificative: un nouveau chronogramme | Guin\u00e9e Diversit\u00e9","og_description":"Les d\u00e9put\u00e9s se sont retrouv\u00e9s ce jeudi en pl\u00e9ni\u00e8re pour statuer sur un nouveau chronogramme.\u00a0Ce chronogramme va leur permettre de poursuivre les travaux de la session extraordinaire sur la loi des finances rectificatives.\u00a0 Les d\u00e9bats d\u2019orientation sur cette loi interviennent apr\u00e8s que le Parlement Guin\u00e9en ait \u00e9t\u00e9 saisi par le pr\u00e9sident Alpha Cond\u00e9 pour une [&hellip;]","og_url":"https:\/\/guineediversite.com\/index.php\/2017\/09\/08\/loi-de-finance-rectificative-nouveau-chronogramme\/","og_site_name":"Guin\u00e9e Diversit\u00e9","article_publisher":"https:\/\/www.facebook.com\/guineediversite\/","article_published_time":"2017-09-08T16:28:21+00:00","article_modified_time":"2017-09-08T14:42:51+00:00","og_image":[{"width":1024,"height":582,"url":"https:\/\/guineediversite.com\/wp-content\/uploads\/2017\/06\/ASSEMBLEE-NATIONALE-3-1024x582.jpg","type":"image\/jpeg"}],"author":"Lazare Bangoura","twitter_card":"summary_large_image","twitter_creator":"@GuineeDiversite","twitter_site":"@GuineeDiversite","twitter_misc":{"\u00c9crit par":"Lazare Bangoura","Dur\u00e9e de lecture estim\u00e9e":"2 minutes"},"schema":{"@context":"https:\/\/schema.org","@graph":[{"@type":"Article","@id":"https:\/\/guineediversite.com\/index.php\/2017\/09\/08\/loi-de-finance-rectificative-nouveau-chronogramme\/#article","isPartOf":{"@id":"https:\/\/guineediversite.com\/index.php\/2017\/09\/08\/loi-de-finance-rectificative-nouveau-chronogramme\/"},"author":{"name":"Lazare Bangoura","@id":"https:\/\/guineediversite.com\/#\/schema\/person\/c915f4424a17926ee4510e6abdfdc2a5"},"headline":"Loi de finance rectificative: un nouveau chronogramme","datePublished":"2017-09-08T16:28:21+00:00","dateModified":"2017-09-08T14:42:51+00:00","mainEntityOfPage":{"@id":"https:\/\/guineediversite.com\/index.php\/2017\/09\/08\/loi-de-finance-rectificative-nouveau-chronogramme\/"},"wordCount":426,"publisher":{"@id":"https:\/\/guineediversite.com\/#organization"},"image":{"@id":"https:\/\/guineediversite.com\/index.php\/2017\/09\/08\/loi-de-finance-rectificative-nouveau-chronogramme\/#primaryimage"},"thumbnailUrl":"https:\/\/guineediversite.com\/wp-content\/uploads\/2017\/06\/ASSEMBLEE-NATIONALE-3.jpg","articleSection":["Politique"],"inLanguage":"fr-FR"},{"@type":"WebPage","@id":"https:\/\/guineediversite.com\/index.php\/2017\/09\/08\/loi-de-finance-rectificative-nouveau-chronogramme\/","url":"https:\/\/guineediversite.com\/index.php\/2017\/09\/08\/loi-de-finance-rectificative-nouveau-chronogramme\/","name":"Loi de finance rectificative: un nouveau chronogramme | Guin\u00e9e Diversit\u00e9","isPartOf":{"@id":"https:\/\/guineediversite.com\/#website"},"primaryImageOfPage":{"@id":"https:\/\/guineediversite.com\/index.php\/2017\/09\/08\/loi-de-finance-rectificative-nouveau-chronogramme\/#primaryimage"},"image":{"@id":"https:\/\/guineediversite.com\/index.php\/2017\/09\/08\/loi-de-finance-rectificative-nouveau-chronogramme\/#primaryimage"},"thumbnailUrl":"https:\/\/guineediversite.com\/wp-content\/uploads\/2017\/06\/ASSEMBLEE-NATIONALE-3.jpg","datePublished":"2017-09-08T16:28:21+00:00","dateModified":"2017-09-08T14:42:51+00:00","breadcrumb":{"@id":"https:\/\/guineediversite.com\/index.php\/2017\/09\/08\/loi-de-finance-rectificative-nouveau-chronogramme\/#breadcrumb"},"inLanguage":"fr-FR","potentialAction":[{"@type":"ReadAction","target":["https:\/\/guineediversite.com\/index.php\/2017\/09\/08\/loi-de-finance-rectificative-nouveau-chronogramme\/"]}]},{"@type":"ImageObject","inLanguage":"fr-FR","@id":"https:\/\/guineediversite.com\/index.php\/2017\/09\/08\/loi-de-finance-rectificative-nouveau-chronogramme\/#primaryimage","url":"https:\/\/guineediversite.com\/wp-content\/uploads\/2017\/06\/ASSEMBLEE-NATIONALE-3.jpg","contentUrl":"https:\/\/guineediversite.com\/wp-content\/uploads\/2017\/06\/ASSEMBLEE-NATIONALE-3.jpg","width":4608,"height":2618},{"@type":"BreadcrumbList","@id":"https:\/\/guineediversite.com\/index.php\/2017\/09\/08\/loi-de-finance-rectificative-nouveau-chronogramme\/#breadcrumb","itemListElement":[{"@type":"ListItem","position":1,"name":"Accueil","item":"https:\/\/guineediversite.com\/"},{"@type":"ListItem","position":2,"name":"Loi de finance rectificative: un nouveau chronogramme"}]},{"@type":"WebSite","@id":"https:\/\/guineediversite.com\/#website","url":"https:\/\/guineediversite.com\/","name":"Guin\u00e9e Diversit\u00e9","description":"L&#039;Info dans toute sa diversit\u00e9","publisher":{"@id":"https:\/\/guineediversite.com\/#organization"},"potentialAction":[{"@type":"SearchAction","target":{"@type":"EntryPoint","urlTemplate":"https:\/\/guineediversite.com\/?s={search_term_string}"},"query-input":{"@type":"PropertyValueSpecification","valueRequired":true,"valueName":"search_term_string"}}],"inLanguage":"fr-FR"},{"@type":"Organization","@id":"https:\/\/guineediversite.com\/#organization","name":"Guin\u00e9e Diversit\u00e9","url":"https:\/\/guineediversite.com\/","logo":{"@type":"ImageObject","inLanguage":"fr-FR","@id":"https:\/\/guineediversite.com\/#\/schema\/logo\/image\/","url":"https:\/\/guineediversite.com\/wp-content\/uploads\/2017\/04\/cropped-1jojlxEOMkX9Wyqfhe43D6kjPOGqBBKmx3EwWJqZ0cMrFF54yM49.png","contentUrl":"https:\/\/guineediversite.com\/wp-content\/uploads\/2017\/04\/cropped-1jojlxEOMkX9Wyqfhe43D6kjPOGqBBKmx3EwWJqZ0cMrFF54yM49.png","width":186,"height":112,"caption":"Guin\u00e9e Diversit\u00e9"},"image":{"@id":"https:\/\/guineediversite.com\/#\/schema\/logo\/image\/"},"sameAs":["https:\/\/www.facebook.com\/guineediversite\/","https:\/\/x.com\/GuineeDiversite","https:\/\/www.youtube.com\/channel\/UC8sUY16qelG5ge6_D5SB83g"]},{"@type":"Person","@id":"https:\/\/guineediversite.com\/#\/schema\/person\/c915f4424a17926ee4510e6abdfdc2a5","name":"Lazare Bangoura","image":{"@type":"ImageObject","inLanguage":"fr-FR","@id":"https:\/\/guineediversite.com\/#\/schema\/person\/image\/","url":"https:\/\/secure.gravatar.com\/avatar\/7bab9b6edb46a08bcc394e7e418baf1e?s=96&d=mm&r=g","contentUrl":"https:\/\/secure.gravatar.com\/avatar\/7bab9b6edb46a08bcc394e7e418baf1e?s=96&d=mm&r=g","caption":"Lazare Bangoura"},"url":"https:\/\/guineediversite.com\/index.php\/author\/l-bangoura\/"}]}},"_links":{"self":[{"href":"https:\/\/guineediversite.com\/index.php\/wp-json\/wp\/v2\/posts\/21752"}],"collection":[{"href":"https:\/\/guineediversite.com\/index.php\/wp-json\/wp\/v2\/posts"}],"about":[{"href":"https:\/\/guineediversite.com\/index.php\/wp-json\/wp\/v2\/types\/post"}],"author":[{"embeddable":true,"href":"https:\/\/guineediversite.com\/index.php\/wp-json\/wp\/v2\/users\/14"}],"replies":[{"embeddable":true,"href":"https:\/\/guineediversite.com\/index.php\/wp-json\/wp\/v2\/comments?post=21752"}],"version-history":[{"count":0,"href":"https:\/\/guineediversite.com\/index.php\/wp-json\/wp\/v2\/posts\/21752\/revisions"}],"wp:featuredmedia":[{"embeddable":true,"href":"https:\/\/guineediversite.com\/index.php\/wp-json\/wp\/v2\/media\/20140"}],"wp:attachment":[{"href":"https:\/\/guineediversite.com\/index.php\/wp-json\/wp\/v2\/media?parent=21752"}],"wp:term":[{"taxonomy":"category","embeddable":true,"href":"https:\/\/guineediversite.com\/index.php\/wp-json\/wp\/v2\/categories?post=21752"},{"taxonomy":"post_tag","embeddable":true,"href":"https:\/\/guineediversite.com\/index.php\/wp-json\/wp\/v2\/tags?post=21752"}],"curies":[{"name":"wp","href":"https:\/\/api.w.org\/{rel}","templated":true}]}}