{"id":21743,"date":"2017-09-08T16:17:42","date_gmt":"2017-09-08T14:17:42","guid":{"rendered":"https:\/\/guineediversite.com\/?p=21743"},"modified":"2017-09-08T16:20:54","modified_gmt":"2017-09-08T14:20:54","slug":"fode-oussou-fofana-monsieur-salifou-kebe-activiste-rpg-arc-ciel","status":"publish","type":"post","link":"https:\/\/guineediversite.com\/index.php\/2017\/09\/08\/fode-oussou-fofana-monsieur-salifou-kebe-activiste-rpg-arc-ciel\/","title":{"rendered":"Fod\u00e9 Oussou Fofana : \u00ab Salifou Keb\u00e9 est un activiste du RPG Arc-en-ciel \u00bb"},"content":{"rendered":"<p><span id=\"p0\">L&rsquo;abstinence du pr\u00e9sident de la\u00a0<span id=\"20\">CENI<\/span>\u00a0de donner un chronogramme pour la tenue du prochain scrutin suscite des\u00a0d\u00e9bats\u00a0dans la cit\u00e9.<\/span><span id=\"p1\">\u00a0Dans la mouvance pr\u00e9sidentielle, beaucoup\u00a0estiment que\u00a0cette attitude de l\u2019actuel pr\u00e9sident de la\u00a0<span id=\"22\" class=\"s-rg-t\">CENI<\/span>\u00a0est salutaire et\u00a0responsable.<\/span><span id=\"p67\">\u00a0Tandis qu\u2019au sein de l&rsquo;opposition dite r\u00e9publicaine, c\u2019est le contraire.<\/span><span id=\"p3\">\u00a0Elle parle de manque de volont\u00e9 d\u2019organiser les communales.<\/span><\/p>\n<p><span id=\"p4\">Selon le\u00a0porte-parole\u00a0de la mouvance pr\u00e9sidentielle Dr\u00a0<span id=\"55\">Saliou<\/span>\u00a0Bella\u00a0<span id=\"56\">Diallo<\/span>, le pr\u00e9sident de la\u00a0<span id=\"57\">CENI<\/span>\u00a0n&rsquo;est pas\u00a0le seule\u00a0habilit\u00e9 \u00e0\u00a0donner\u00a0la date des \u00e9lections. \u00ab<em>C&rsquo;est une d\u00e9cision que l&rsquo;institution doit prendre en commun accord avec les partis politiques<\/em>.\u00bb<\/span><\/p>\n<p><span id=\"p68\">Dr Saliou Bella Diallo estime que\u00a0<span id=\"69\">Me<\/span>.<\/span><span id=\"p6\">\u00a0<span id=\"61\" class=\"s-rg-t\">Salifou<\/span>\u00a0<span id=\"62\" class=\"s-rg-t\">K\u00e9b\u00e9<\/span>\u00a0a\u00a0<span id=\"64\" class=\"s-rg-t\">fait<\/span>\u00a0preuve de responsabilit\u00e9 et de professionnalisme en refusant d&rsquo;annoncer une date pour la tenue des \u00e9lections communales.<\/span><\/p>\n<p><span id=\"p8\">\u00ab<em>\u00a0Il ne revient pas \u00e0 une seule personne, puisqu&rsquo;on lui a pos\u00e9 une telle question de r\u00e9pondre rapidement.<\/em><\/span><em><span id=\"p9\">\u00a0Il prouve qu&rsquo;il est un commissaire averti et un pr\u00e9sident \u00e0 la hauteur&#8230;<\/span><\/em><span id=\"p71\"><em>\u00a0Notre devoir\u00a0<span id=\"p70\">(acteurs politiques NDLR)<\/span>\u00a0c&rsquo;est de nous retrouver avec la CENI \u00a0pour examiner et trouver des solutions\u00a0<\/em>\u00bb, a-t-il d\u00e9clar\u00e9.<\/span><\/p>\n<p><span id=\"p11\">De son cot\u00e9, Dr.\u00a0<span id=\"29\" class=\"s-rg-t\">Fod\u00e9<\/span>\u00a0<span id=\"30\" class=\"s-rg-t\">Oussou<\/span>\u00a0<span id=\"31\" class=\"s-rg-t\">Fofana<\/span>, vice pr\u00e9sident de l&rsquo;<span id=\"32\" class=\"s-rg-t\">UFDG<\/span>\u00a0soutien que c&rsquo;est un manque de volont\u00e9 et une prise de position de la part de\u00a0<span id=\"33\" class=\"s-or-t\">Me<\/span>.<\/span><span id=\"p12\">\u00a0<span id=\"34\" class=\"s-rg-t\">Salifou<\/span>\u00a0<span id=\"35\" class=\"s-rg-t\">Keb\u00e9<\/span>.<\/span><\/p>\n<p><span id=\"p13\">Pour lui,\u00a0le\u00a0nouveau pr\u00e9sident de la\u00a0<span id=\"36\">CENI<\/span>\u00a0cautionne le refus du Gouvernement d&rsquo;aller aux \u00e9lections.<\/span><span id=\"p14\">\u00a0\u00ab\u00a0<em>C&rsquo;est une honte nationale, on n&rsquo;a pas besoin de\u00a0d\u00e9montrer\u00a0que monsieur\u00a0<span id=\"40\">Salifou<\/span>\u00a0<span id=\"41\">K\u00e9b\u00e9<\/span>\u00a0est un activiste du RPG Arc-en-ciel et il est dans la logique de ne pas vouloir organiser ces \u00e9lections locales\u00a0<\/em>\u00bb.<\/span><\/p>\n<p><span id=\"p15\">Face \u00e0 cela, Dr\u00a0<span id=\"42\" class=\"s-rg-t\">Oussou<\/span>\u00a0<span id=\"43\" class=\"s-rg-t\">Fofana<\/span>\u00a0affirme qu\u2019ils vont continuer \u00e0 manifester pour changer la donne\u00a0:<\/span><span id=\"p16\">\u00a0\u00ab\u00a0<em>Nous allons\u00a0continuer\u00a0\u00e0 manifest\u00e9 si monsieur\u00a0<span id=\"45\">K\u00e9b\u00e9<\/span>\u00a0ne sort pas un chronogramme pour\u00a0<\/em><\/span><em><span id=\"p17\"><span id=\"46\">nous<\/span>\u00a0dire\u00a0<span id=\"47\">quant-est-ce<\/span>\u00a0il va organiser les \u00e9lections et que cette date corresponde exactement avant la fin de l&rsquo;ann\u00e9e\u00a0\u00bb<\/span><\/em><\/p>\n<p><span id=\"p72\">Le nouveau pr\u00e9sident de l&rsquo;institution \u00e9lectorale, aurait r\u00e9cemment annonc\u00e9 des concertations avec les partis politiques et les partenaires pour tirer des le\u00e7ons.<\/span><span id=\"p19\">Des le\u00e7ons qui pourraient emmener la\u00a0<span id=\"51\">CENI<\/span>\u00a0\u00e0 donner un chronogramme sur\u00a0<span id=\"52\">les \u00e9lections communales<\/span>.<\/span><\/p>\n","protected":false},"excerpt":{"rendered":"<p>L&rsquo;abstinence du pr\u00e9sident de la\u00a0CENI\u00a0de donner un chronogramme pour la tenue du prochain scrutin suscite des\u00a0d\u00e9bats\u00a0dans la cit\u00e9.\u00a0Dans la mouvance pr\u00e9sidentielle, beaucoup\u00a0estiment que\u00a0cette attitude de l\u2019actuel pr\u00e9sident de la\u00a0CENI\u00a0est salutaire et\u00a0responsable.\u00a0Tandis qu\u2019au sein de l&rsquo;opposition dite r\u00e9publicaine, c\u2019est le contraire.\u00a0Elle parle de manque de volont\u00e9 d\u2019organiser les communales. Selon le\u00a0porte-parole\u00a0de la mouvance pr\u00e9sidentielle Dr\u00a0Saliou\u00a0Bella\u00a0Diallo, le [&hellip;]<\/p>\n","protected":false},"author":9,"featured_media":21746,"comment_status":"closed","ping_status":"closed","sticky":false,"template":"","format":"standard","meta":{"_exactmetrics_skip_tracking":false,"_exactmetrics_sitenote_active":false,"_exactmetrics_sitenote_note":"","_exactmetrics_sitenote_category":0,"tdm_status":"","tdm_grid_status":"","footnotes":""},"categories":[14],"tags":[82],"class_list":{"0":"post-21743","1":"post","2":"type-post","3":"status-publish","4":"format-standard","5":"has-post-thumbnail","7":"category-politique","8":"tag-ceni"},"yoast_head":"<!-- This site is optimized with the Yoast SEO plugin v24.2 - https:\/\/yoast.com\/wordpress\/plugins\/seo\/ -->\n<title>Fod\u00e9 Oussou Fofana : \u00ab Salifou Keb\u00e9 est un activiste du RPG Arc-en-ciel \u00bb | Guin\u00e9e Diversit\u00e9<\/title>\n<meta name=\"robots\" content=\"index, follow, max-snippet:-1, max-image-preview:large, max-video-preview:-1\" \/>\n<link rel=\"canonical\" href=\"https:\/\/guineediversite.com\/index.php\/2017\/09\/08\/fode-oussou-fofana-monsieur-salifou-kebe-activiste-rpg-arc-ciel\/\" \/>\n<meta property=\"og:locale\" content=\"fr_FR\" \/>\n<meta property=\"og:type\" content=\"article\" \/>\n<meta property=\"og:title\" content=\"Fod\u00e9 Oussou Fofana : \u00ab Salifou Keb\u00e9 est un activiste du RPG Arc-en-ciel \u00bb | Guin\u00e9e Diversit\u00e9\" \/>\n<meta property=\"og:description\" content=\"L&rsquo;abstinence du pr\u00e9sident de la\u00a0CENI\u00a0de donner un chronogramme pour la tenue du prochain scrutin suscite des\u00a0d\u00e9bats\u00a0dans la cit\u00e9.\u00a0Dans la mouvance pr\u00e9sidentielle, beaucoup\u00a0estiment que\u00a0cette attitude de l\u2019actuel pr\u00e9sident de la\u00a0CENI\u00a0est salutaire et\u00a0responsable.\u00a0Tandis qu\u2019au sein de l&rsquo;opposition dite r\u00e9publicaine, c\u2019est le contraire.\u00a0Elle parle de manque de volont\u00e9 d\u2019organiser les communales. Selon le\u00a0porte-parole\u00a0de la mouvance pr\u00e9sidentielle Dr\u00a0Saliou\u00a0Bella\u00a0Diallo, le [&hellip;]\" \/>\n<meta property=\"og:url\" content=\"https:\/\/guineediversite.com\/index.php\/2017\/09\/08\/fode-oussou-fofana-monsieur-salifou-kebe-activiste-rpg-arc-ciel\/\" \/>\n<meta property=\"og:site_name\" content=\"Guin\u00e9e Diversit\u00e9\" \/>\n<meta property=\"article:publisher\" content=\"https:\/\/www.facebook.com\/guineediversite\/\" \/>\n<meta property=\"article:published_time\" content=\"2017-09-08T14:17:42+00:00\" \/>\n<meta property=\"article:modified_time\" content=\"2017-09-08T14:20:54+00:00\" \/>\n<meta property=\"og:image\" content=\"https:\/\/guineediversite.com\/wp-content\/uploads\/2017\/09\/fode-oussou.jpg\" \/>\n\t<meta property=\"og:image:width\" content=\"600\" \/>\n\t<meta property=\"og:image:height\" content=\"450\" \/>\n\t<meta property=\"og:image:type\" content=\"image\/jpeg\" \/>\n<meta name=\"author\" content=\"Mohamed Soumah\" \/>\n<meta name=\"twitter:card\" content=\"summary_large_image\" \/>\n<meta name=\"twitter:creator\" content=\"@GuineeDiversite\" \/>\n<meta name=\"twitter:site\" content=\"@GuineeDiversite\" \/>\n<meta name=\"twitter:label1\" content=\"\u00c9crit par\" \/>\n\t<meta name=\"twitter:data1\" content=\"Mohamed Soumah\" \/>\n\t<meta name=\"twitter:label2\" content=\"Dur\u00e9e de lecture estim\u00e9e\" \/>\n\t<meta name=\"twitter:data2\" content=\"2 minutes\" \/>\n<script type=\"application\/ld+json\" class=\"yoast-schema-graph\">{\"@context\":\"https:\/\/schema.org\",\"@graph\":[{\"@type\":\"Article\",\"@id\":\"https:\/\/guineediversite.com\/index.php\/2017\/09\/08\/fode-oussou-fofana-monsieur-salifou-kebe-activiste-rpg-arc-ciel\/#article\",\"isPartOf\":{\"@id\":\"https:\/\/guineediversite.com\/index.php\/2017\/09\/08\/fode-oussou-fofana-monsieur-salifou-kebe-activiste-rpg-arc-ciel\/\"},\"author\":{\"name\":\"Mohamed Soumah\",\"@id\":\"https:\/\/guineediversite.com\/#\/schema\/person\/6fd709a160384bf74b931ededf0856f3\"},\"headline\":\"Fod\u00e9 Oussou Fofana : \u00ab Salifou Keb\u00e9 est un activiste du RPG Arc-en-ciel \u00bb\",\"datePublished\":\"2017-09-08T14:17:42+00:00\",\"dateModified\":\"2017-09-08T14:20:54+00:00\",\"mainEntityOfPage\":{\"@id\":\"https:\/\/guineediversite.com\/index.php\/2017\/09\/08\/fode-oussou-fofana-monsieur-salifou-kebe-activiste-rpg-arc-ciel\/\"},\"wordCount\":393,\"publisher\":{\"@id\":\"https:\/\/guineediversite.com\/#organization\"},\"image\":{\"@id\":\"https:\/\/guineediversite.com\/index.php\/2017\/09\/08\/fode-oussou-fofana-monsieur-salifou-kebe-activiste-rpg-arc-ciel\/#primaryimage\"},\"thumbnailUrl\":\"https:\/\/guineediversite.com\/wp-content\/uploads\/2017\/09\/fode-oussou.jpg\",\"keywords\":[\"CENI\"],\"articleSection\":[\"Politique\"],\"inLanguage\":\"fr-FR\"},{\"@type\":\"WebPage\",\"@id\":\"https:\/\/guineediversite.com\/index.php\/2017\/09\/08\/fode-oussou-fofana-monsieur-salifou-kebe-activiste-rpg-arc-ciel\/\",\"url\":\"https:\/\/guineediversite.com\/index.php\/2017\/09\/08\/fode-oussou-fofana-monsieur-salifou-kebe-activiste-rpg-arc-ciel\/\",\"name\":\"Fod\u00e9 Oussou Fofana : \u00ab Salifou Keb\u00e9 est un activiste du RPG Arc-en-ciel \u00bb | Guin\u00e9e Diversit\u00e9\",\"isPartOf\":{\"@id\":\"https:\/\/guineediversite.com\/#website\"},\"primaryImageOfPage\":{\"@id\":\"https:\/\/guineediversite.com\/index.php\/2017\/09\/08\/fode-oussou-fofana-monsieur-salifou-kebe-activiste-rpg-arc-ciel\/#primaryimage\"},\"image\":{\"@id\":\"https:\/\/guineediversite.com\/index.php\/2017\/09\/08\/fode-oussou-fofana-monsieur-salifou-kebe-activiste-rpg-arc-ciel\/#primaryimage\"},\"thumbnailUrl\":\"https:\/\/guineediversite.com\/wp-content\/uploads\/2017\/09\/fode-oussou.jpg\",\"datePublished\":\"2017-09-08T14:17:42+00:00\",\"dateModified\":\"2017-09-08T14:20:54+00:00\",\"breadcrumb\":{\"@id\":\"https:\/\/guineediversite.com\/index.php\/2017\/09\/08\/fode-oussou-fofana-monsieur-salifou-kebe-activiste-rpg-arc-ciel\/#breadcrumb\"},\"inLanguage\":\"fr-FR\",\"potentialAction\":[{\"@type\":\"ReadAction\",\"target\":[\"https:\/\/guineediversite.com\/index.php\/2017\/09\/08\/fode-oussou-fofana-monsieur-salifou-kebe-activiste-rpg-arc-ciel\/\"]}]},{\"@type\":\"ImageObject\",\"inLanguage\":\"fr-FR\",\"@id\":\"https:\/\/guineediversite.com\/index.php\/2017\/09\/08\/fode-oussou-fofana-monsieur-salifou-kebe-activiste-rpg-arc-ciel\/#primaryimage\",\"url\":\"https:\/\/guineediversite.com\/wp-content\/uploads\/2017\/09\/fode-oussou.jpg\",\"contentUrl\":\"https:\/\/guineediversite.com\/wp-content\/uploads\/2017\/09\/fode-oussou.jpg\",\"width\":\"600\",\"height\":\"450\"},{\"@type\":\"BreadcrumbList\",\"@id\":\"https:\/\/guineediversite.com\/index.php\/2017\/09\/08\/fode-oussou-fofana-monsieur-salifou-kebe-activiste-rpg-arc-ciel\/#breadcrumb\",\"itemListElement\":[{\"@type\":\"ListItem\",\"position\":1,\"name\":\"Accueil\",\"item\":\"https:\/\/guineediversite.com\/\"},{\"@type\":\"ListItem\",\"position\":2,\"name\":\"Fod\u00e9 Oussou Fofana : \u00ab Salifou Keb\u00e9 est un activiste du RPG Arc-en-ciel \u00bb\"}]},{\"@type\":\"WebSite\",\"@id\":\"https:\/\/guineediversite.com\/#website\",\"url\":\"https:\/\/guineediversite.com\/\",\"name\":\"Guin\u00e9e Diversit\u00e9\",\"description\":\"L&#039;Info dans toute sa diversit\u00e9\",\"publisher\":{\"@id\":\"https:\/\/guineediversite.com\/#organization\"},\"potentialAction\":[{\"@type\":\"SearchAction\",\"target\":{\"@type\":\"EntryPoint\",\"urlTemplate\":\"https:\/\/guineediversite.com\/?s={search_term_string}\"},\"query-input\":{\"@type\":\"PropertyValueSpecification\",\"valueRequired\":true,\"valueName\":\"search_term_string\"}}],\"inLanguage\":\"fr-FR\"},{\"@type\":\"Organization\",\"@id\":\"https:\/\/guineediversite.com\/#organization\",\"name\":\"Guin\u00e9e Diversit\u00e9\",\"url\":\"https:\/\/guineediversite.com\/\",\"logo\":{\"@type\":\"ImageObject\",\"inLanguage\":\"fr-FR\",\"@id\":\"https:\/\/guineediversite.com\/#\/schema\/logo\/image\/\",\"url\":\"https:\/\/guineediversite.com\/wp-content\/uploads\/2017\/04\/cropped-1jojlxEOMkX9Wyqfhe43D6kjPOGqBBKmx3EwWJqZ0cMrFF54yM49.png\",\"contentUrl\":\"https:\/\/guineediversite.com\/wp-content\/uploads\/2017\/04\/cropped-1jojlxEOMkX9Wyqfhe43D6kjPOGqBBKmx3EwWJqZ0cMrFF54yM49.png\",\"width\":186,\"height\":112,\"caption\":\"Guin\u00e9e Diversit\u00e9\"},\"image\":{\"@id\":\"https:\/\/guineediversite.com\/#\/schema\/logo\/image\/\"},\"sameAs\":[\"https:\/\/www.facebook.com\/guineediversite\/\",\"https:\/\/x.com\/GuineeDiversite\",\"https:\/\/www.youtube.com\/channel\/UC8sUY16qelG5ge6_D5SB83g\"]},{\"@type\":\"Person\",\"@id\":\"https:\/\/guineediversite.com\/#\/schema\/person\/6fd709a160384bf74b931ededf0856f3\",\"name\":\"Mohamed Soumah\",\"image\":{\"@type\":\"ImageObject\",\"inLanguage\":\"fr-FR\",\"@id\":\"https:\/\/guineediversite.com\/#\/schema\/person\/image\/\",\"url\":\"https:\/\/secure.gravatar.com\/avatar\/4c1e00b5ab2c2b85b5c9be70590b9f67?s=96&d=mm&r=g\",\"contentUrl\":\"https:\/\/secure.gravatar.com\/avatar\/4c1e00b5ab2c2b85b5c9be70590b9f67?s=96&d=mm&r=g\",\"caption\":\"Mohamed Soumah\"},\"url\":\"https:\/\/guineediversite.com\/index.php\/author\/mohamed\/\"}]}<\/script>\n<!-- \/ Yoast SEO plugin. -->","yoast_head_json":{"title":"Fod\u00e9 Oussou Fofana : \u00ab Salifou Keb\u00e9 est un activiste du RPG Arc-en-ciel \u00bb | Guin\u00e9e Diversit\u00e9","robots":{"index":"index","follow":"follow","max-snippet":"max-snippet:-1","max-image-preview":"max-image-preview:large","max-video-preview":"max-video-preview:-1"},"canonical":"https:\/\/guineediversite.com\/index.php\/2017\/09\/08\/fode-oussou-fofana-monsieur-salifou-kebe-activiste-rpg-arc-ciel\/","og_locale":"fr_FR","og_type":"article","og_title":"Fod\u00e9 Oussou Fofana : \u00ab Salifou Keb\u00e9 est un activiste du RPG Arc-en-ciel \u00bb | Guin\u00e9e Diversit\u00e9","og_description":"L&rsquo;abstinence du pr\u00e9sident de la\u00a0CENI\u00a0de donner un chronogramme pour la tenue du prochain scrutin suscite des\u00a0d\u00e9bats\u00a0dans la cit\u00e9.\u00a0Dans la mouvance pr\u00e9sidentielle, beaucoup\u00a0estiment que\u00a0cette attitude de l\u2019actuel pr\u00e9sident de la\u00a0CENI\u00a0est salutaire et\u00a0responsable.\u00a0Tandis qu\u2019au sein de l&rsquo;opposition dite r\u00e9publicaine, c\u2019est le contraire.\u00a0Elle parle de manque de volont\u00e9 d\u2019organiser les communales. Selon le\u00a0porte-parole\u00a0de la mouvance pr\u00e9sidentielle Dr\u00a0Saliou\u00a0Bella\u00a0Diallo, le [&hellip;]","og_url":"https:\/\/guineediversite.com\/index.php\/2017\/09\/08\/fode-oussou-fofana-monsieur-salifou-kebe-activiste-rpg-arc-ciel\/","og_site_name":"Guin\u00e9e Diversit\u00e9","article_publisher":"https:\/\/www.facebook.com\/guineediversite\/","article_published_time":"2017-09-08T14:17:42+00:00","article_modified_time":"2017-09-08T14:20:54+00:00","og_image":[{"width":600,"height":450,"url":"https:\/\/guineediversite.com\/wp-content\/uploads\/2017\/09\/fode-oussou.jpg","type":"image\/jpeg"}],"author":"Mohamed Soumah","twitter_card":"summary_large_image","twitter_creator":"@GuineeDiversite","twitter_site":"@GuineeDiversite","twitter_misc":{"\u00c9crit par":"Mohamed Soumah","Dur\u00e9e de lecture estim\u00e9e":"2 minutes"},"schema":{"@context":"https:\/\/schema.org","@graph":[{"@type":"Article","@id":"https:\/\/guineediversite.com\/index.php\/2017\/09\/08\/fode-oussou-fofana-monsieur-salifou-kebe-activiste-rpg-arc-ciel\/#article","isPartOf":{"@id":"https:\/\/guineediversite.com\/index.php\/2017\/09\/08\/fode-oussou-fofana-monsieur-salifou-kebe-activiste-rpg-arc-ciel\/"},"author":{"name":"Mohamed Soumah","@id":"https:\/\/guineediversite.com\/#\/schema\/person\/6fd709a160384bf74b931ededf0856f3"},"headline":"Fod\u00e9 Oussou Fofana : \u00ab Salifou Keb\u00e9 est un activiste du RPG Arc-en-ciel \u00bb","datePublished":"2017-09-08T14:17:42+00:00","dateModified":"2017-09-08T14:20:54+00:00","mainEntityOfPage":{"@id":"https:\/\/guineediversite.com\/index.php\/2017\/09\/08\/fode-oussou-fofana-monsieur-salifou-kebe-activiste-rpg-arc-ciel\/"},"wordCount":393,"publisher":{"@id":"https:\/\/guineediversite.com\/#organization"},"image":{"@id":"https:\/\/guineediversite.com\/index.php\/2017\/09\/08\/fode-oussou-fofana-monsieur-salifou-kebe-activiste-rpg-arc-ciel\/#primaryimage"},"thumbnailUrl":"https:\/\/guineediversite.com\/wp-content\/uploads\/2017\/09\/fode-oussou.jpg","keywords":["CENI"],"articleSection":["Politique"],"inLanguage":"fr-FR"},{"@type":"WebPage","@id":"https:\/\/guineediversite.com\/index.php\/2017\/09\/08\/fode-oussou-fofana-monsieur-salifou-kebe-activiste-rpg-arc-ciel\/","url":"https:\/\/guineediversite.com\/index.php\/2017\/09\/08\/fode-oussou-fofana-monsieur-salifou-kebe-activiste-rpg-arc-ciel\/","name":"Fod\u00e9 Oussou Fofana : \u00ab Salifou Keb\u00e9 est un activiste du RPG Arc-en-ciel \u00bb | Guin\u00e9e Diversit\u00e9","isPartOf":{"@id":"https:\/\/guineediversite.com\/#website"},"primaryImageOfPage":{"@id":"https:\/\/guineediversite.com\/index.php\/2017\/09\/08\/fode-oussou-fofana-monsieur-salifou-kebe-activiste-rpg-arc-ciel\/#primaryimage"},"image":{"@id":"https:\/\/guineediversite.com\/index.php\/2017\/09\/08\/fode-oussou-fofana-monsieur-salifou-kebe-activiste-rpg-arc-ciel\/#primaryimage"},"thumbnailUrl":"https:\/\/guineediversite.com\/wp-content\/uploads\/2017\/09\/fode-oussou.jpg","datePublished":"2017-09-08T14:17:42+00:00","dateModified":"2017-09-08T14:20:54+00:00","breadcrumb":{"@id":"https:\/\/guineediversite.com\/index.php\/2017\/09\/08\/fode-oussou-fofana-monsieur-salifou-kebe-activiste-rpg-arc-ciel\/#breadcrumb"},"inLanguage":"fr-FR","potentialAction":[{"@type":"ReadAction","target":["https:\/\/guineediversite.com\/index.php\/2017\/09\/08\/fode-oussou-fofana-monsieur-salifou-kebe-activiste-rpg-arc-ciel\/"]}]},{"@type":"ImageObject","inLanguage":"fr-FR","@id":"https:\/\/guineediversite.com\/index.php\/2017\/09\/08\/fode-oussou-fofana-monsieur-salifou-kebe-activiste-rpg-arc-ciel\/#primaryimage","url":"https:\/\/guineediversite.com\/wp-content\/uploads\/2017\/09\/fode-oussou.jpg","contentUrl":"https:\/\/guineediversite.com\/wp-content\/uploads\/2017\/09\/fode-oussou.jpg","width":"600","height":"450"},{"@type":"BreadcrumbList","@id":"https:\/\/guineediversite.com\/index.php\/2017\/09\/08\/fode-oussou-fofana-monsieur-salifou-kebe-activiste-rpg-arc-ciel\/#breadcrumb","itemListElement":[{"@type":"ListItem","position":1,"name":"Accueil","item":"https:\/\/guineediversite.com\/"},{"@type":"ListItem","position":2,"name":"Fod\u00e9 Oussou Fofana : \u00ab Salifou Keb\u00e9 est un activiste du RPG Arc-en-ciel \u00bb"}]},{"@type":"WebSite","@id":"https:\/\/guineediversite.com\/#website","url":"https:\/\/guineediversite.com\/","name":"Guin\u00e9e Diversit\u00e9","description":"L&#039;Info dans toute sa diversit\u00e9","publisher":{"@id":"https:\/\/guineediversite.com\/#organization"},"potentialAction":[{"@type":"SearchAction","target":{"@type":"EntryPoint","urlTemplate":"https:\/\/guineediversite.com\/?s={search_term_string}"},"query-input":{"@type":"PropertyValueSpecification","valueRequired":true,"valueName":"search_term_string"}}],"inLanguage":"fr-FR"},{"@type":"Organization","@id":"https:\/\/guineediversite.com\/#organization","name":"Guin\u00e9e Diversit\u00e9","url":"https:\/\/guineediversite.com\/","logo":{"@type":"ImageObject","inLanguage":"fr-FR","@id":"https:\/\/guineediversite.com\/#\/schema\/logo\/image\/","url":"https:\/\/guineediversite.com\/wp-content\/uploads\/2017\/04\/cropped-1jojlxEOMkX9Wyqfhe43D6kjPOGqBBKmx3EwWJqZ0cMrFF54yM49.png","contentUrl":"https:\/\/guineediversite.com\/wp-content\/uploads\/2017\/04\/cropped-1jojlxEOMkX9Wyqfhe43D6kjPOGqBBKmx3EwWJqZ0cMrFF54yM49.png","width":186,"height":112,"caption":"Guin\u00e9e Diversit\u00e9"},"image":{"@id":"https:\/\/guineediversite.com\/#\/schema\/logo\/image\/"},"sameAs":["https:\/\/www.facebook.com\/guineediversite\/","https:\/\/x.com\/GuineeDiversite","https:\/\/www.youtube.com\/channel\/UC8sUY16qelG5ge6_D5SB83g"]},{"@type":"Person","@id":"https:\/\/guineediversite.com\/#\/schema\/person\/6fd709a160384bf74b931ededf0856f3","name":"Mohamed Soumah","image":{"@type":"ImageObject","inLanguage":"fr-FR","@id":"https:\/\/guineediversite.com\/#\/schema\/person\/image\/","url":"https:\/\/secure.gravatar.com\/avatar\/4c1e00b5ab2c2b85b5c9be70590b9f67?s=96&d=mm&r=g","contentUrl":"https:\/\/secure.gravatar.com\/avatar\/4c1e00b5ab2c2b85b5c9be70590b9f67?s=96&d=mm&r=g","caption":"Mohamed Soumah"},"url":"https:\/\/guineediversite.com\/index.php\/author\/mohamed\/"}]}},"_links":{"self":[{"href":"https:\/\/guineediversite.com\/index.php\/wp-json\/wp\/v2\/posts\/21743"}],"collection":[{"href":"https:\/\/guineediversite.com\/index.php\/wp-json\/wp\/v2\/posts"}],"about":[{"href":"https:\/\/guineediversite.com\/index.php\/wp-json\/wp\/v2\/types\/post"}],"author":[{"embeddable":true,"href":"https:\/\/guineediversite.com\/index.php\/wp-json\/wp\/v2\/users\/9"}],"replies":[{"embeddable":true,"href":"https:\/\/guineediversite.com\/index.php\/wp-json\/wp\/v2\/comments?post=21743"}],"version-history":[{"count":0,"href":"https:\/\/guineediversite.com\/index.php\/wp-json\/wp\/v2\/posts\/21743\/revisions"}],"wp:featuredmedia":[{"embeddable":true,"href":"https:\/\/guineediversite.com\/index.php\/wp-json\/wp\/v2\/media\/21746"}],"wp:attachment":[{"href":"https:\/\/guineediversite.com\/index.php\/wp-json\/wp\/v2\/media?parent=21743"}],"wp:term":[{"taxonomy":"category","embeddable":true,"href":"https:\/\/guineediversite.com\/index.php\/wp-json\/wp\/v2\/categories?post=21743"},{"taxonomy":"post_tag","embeddable":true,"href":"https:\/\/guineediversite.com\/index.php\/wp-json\/wp\/v2\/tags?post=21743"}],"curies":[{"name":"wp","href":"https:\/\/api.w.org\/{rel}","templated":true}]}}