{"id":21729,"date":"2017-09-07T23:57:33","date_gmt":"2017-09-07T21:57:33","guid":{"rendered":"https:\/\/guineediversite.com\/?p=21729"},"modified":"2019-05-09T16:02:51","modified_gmt":"2019-05-09T14:02:51","slug":"insalubrite-a-conakry-sommes-coupables-affirme-cardinal-robert-sarah","status":"publish","type":"post","link":"https:\/\/guineediversite.com\/index.php\/2017\/09\/07\/insalubrite-a-conakry-sommes-coupables-affirme-cardinal-robert-sarah\/","title":{"rendered":"Insalubrit\u00e9 \u00e0 Conakry :\u00a0\u00ab Nous sommes tous coupables \u00bb affirme le cardinal Robert Sarah"},"content":{"rendered":"<p><span id=\"p152\">Au cours de la d\u00e9dicace de son livre intitul\u00e9,\u00a0\u00ab<strong>\u00a0L<em>a\u00a0force du silence <\/em><\/strong>\u00bb, ce jeudi 7 septembre au centre culturel Franco-Guin\u00e9en Espace\u00a0<span id=\"168\" class=\"s-rg-t\">Sory<\/span>\u00a0<span id=\"169\" class=\"s-rg-t\">Kandia<\/span>\u00a0<span id=\"170\" class=\"s-rg-t\">Kouyat\u00e9<\/span>, le cardinal Robert Sarah s\u2019est dit profond\u00e9ment attrist\u00e9 de l\u2019\u00e9tat actuel de l\u2019insalubrit\u00e9 grandissante de la capitale guin\u00e9enne.<\/span><span id=\"p153\">\u00a0Face \u00e0 cette situation qu\u2019il qualifie de tr\u00e8s pr\u00e9occupante, il affirme que tout le monde est coupable.<br \/>\n<\/span><br \/>\n<span id=\"p154\">\u00ab<em> Lorsqu\u2019on descend \u00e0 l\u2019a\u00e9roport, on est heureux de fouler le sol de notre pays.<\/em><\/span><em><span id=\"p155\">\u00a0Mais lorsque vous partez de l\u2019a\u00e9roport pour venir \u00e0 votre r\u00e9sidence, ce qui attriste, c\u2019est la \u2018\u2019<span id=\"173\" class=\"s-rg-t\">SALETE<\/span>\u2019\u2019.<\/span><\/em><span id=\"p156\"><em>\u00a0C\u2019est comme si on a perdu le sens de la dignit\u00e9\u00bb<\/em>, regrette le cardinal avant de continuer :<\/span><span id=\"p157\">\u00ab <em>Quand un \u00e9tranger vient pour voir notre ville, est ce qu\u2019on aura pas honte ?<\/em><\/span><em><span id=\"p158\">\u00a0J\u2019ai m\u00eame vu des gens qui laissent leurs poubelles au milieu de la rue, je n\u2019ai vu un tel comportement dans aucune ville du monde ;<\/span><\/em><span id=\"p159\"><em>\u00a0alors qu\u2019il n\u2019y a pas longtemps, on a v\u00e9cu une trag\u00e9die avec\u00a0<span id=\"174\" class=\"s-rg-t\">Ebola<\/span><\/em>\u00a0\u00bb, s\u2019indigne-t-il, avant d\u2019ajouter :<\/span><span id=\"p160\">\u00a0\u00ab <em>Comment est-ce pensable que des hommes intelligents puissent se d\u00e9barrasser de la salet\u00e9 au milieu de la rue et ceux qui les voient aussi restent indiff\u00e9rents ?<\/em><\/span><em><span id=\"p161\">\u00a0Nous sommes tous coupables.<\/span><span id=\"p162\">\u00a0Ce n\u2019est pas seulement celui qui am\u00e8ne la salet\u00e9 dans la rue, mais aussi celui qui le voit et le laisse faire ;<\/span><span id=\"p163\">\u00a0par cons\u00e9quent, il empoissonne tout le monde.<\/span><span id=\"p164\">\u00a0Naturellement, cette salet\u00e9 physique repr\u00e9sente peut-\u00eatre la salet\u00e9 int\u00e9rieure, la salet\u00e9 qui est dans notre c\u0153ur.<\/span><span id=\"p165\">\u00a0Je pense qu\u2019il y a un grand effort \u00e0 faire l\u00e0-dessus vraiment\u2026<\/span><\/em><span id=\"p166\"><em>\u00a0Parce que sans moralit\u00e9, sans discipline, il n\u2019y a aucun progr\u00e8s<\/em> \u00bb mart\u00e8le le cardinal Robert Sarah.<br \/>\n<\/span><br \/>\n<span id=\"p167\">\u00c0 rappeler que cet homme profond\u00e9ment spirituel a \u00e9t\u00e9 appel\u00e9 par le pape Jean Paul II \u00e0 Rome en 2001, Benoit XVI l\u2019a nomm\u00e9 cardinal en 2010 et Fran\u00e7ois en a fait l\u2019un de ses plus proches collaborateurs en le nommant \u00e0 la t\u00eate de la prestigieuse Congr\u00e9gation pour le culte divin et la discipline des sacrements.<\/span><\/p>\n","protected":false},"excerpt":{"rendered":"<p>Au cours de la d\u00e9dicace de son livre intitul\u00e9,\u00a0\u00ab\u00a0La\u00a0force du silence \u00bb, ce jeudi 7 septembre au centre culturel Franco-Guin\u00e9en Espace\u00a0Sory\u00a0Kandia\u00a0Kouyat\u00e9, le cardinal Robert Sarah s\u2019est dit profond\u00e9ment attrist\u00e9 de l\u2019\u00e9tat actuel de l\u2019insalubrit\u00e9 grandissante de la capitale guin\u00e9enne.\u00a0Face \u00e0 cette situation qu\u2019il qualifie de tr\u00e8s pr\u00e9occupante, il affirme que tout le monde est coupable. [&hellip;]<\/p>\n","protected":false},"author":7,"featured_media":21730,"comment_status":"closed","ping_status":"closed","sticky":false,"template":"","format":"standard","meta":{"_exactmetrics_skip_tracking":false,"_exactmetrics_sitenote_active":false,"_exactmetrics_sitenote_note":"","_exactmetrics_sitenote_category":0,"tdm_status":"","tdm_grid_status":"","footnotes":""},"categories":[16],"tags":[],"class_list":{"0":"post-21729","1":"post","2":"type-post","3":"status-publish","4":"format-standard","5":"has-post-thumbnail","7":"category-societe"},"yoast_head":"<!-- This site is optimized with the Yoast SEO plugin v24.2 - https:\/\/yoast.com\/wordpress\/plugins\/seo\/ -->\n<title>Insalubrit\u00e9 \u00e0 Conakry :\u00a0\u00ab Nous sommes tous coupables \u00bb affirme le cardinal Robert Sarah | Guin\u00e9e Diversit\u00e9<\/title>\n<meta name=\"robots\" content=\"index, follow, max-snippet:-1, max-image-preview:large, max-video-preview:-1\" \/>\n<link rel=\"canonical\" href=\"https:\/\/guineediversite.com\/index.php\/2017\/09\/07\/insalubrite-a-conakry-sommes-coupables-affirme-cardinal-robert-sarah\/\" \/>\n<meta property=\"og:locale\" content=\"fr_FR\" \/>\n<meta property=\"og:type\" content=\"article\" \/>\n<meta property=\"og:title\" content=\"Insalubrit\u00e9 \u00e0 Conakry :\u00a0\u00ab Nous sommes tous coupables \u00bb affirme le cardinal Robert Sarah | Guin\u00e9e Diversit\u00e9\" \/>\n<meta property=\"og:description\" content=\"Au cours de la d\u00e9dicace de son livre intitul\u00e9,\u00a0\u00ab\u00a0La\u00a0force du silence \u00bb, ce jeudi 7 septembre au centre culturel Franco-Guin\u00e9en Espace\u00a0Sory\u00a0Kandia\u00a0Kouyat\u00e9, le cardinal Robert Sarah s\u2019est dit profond\u00e9ment attrist\u00e9 de l\u2019\u00e9tat actuel de l\u2019insalubrit\u00e9 grandissante de la capitale guin\u00e9enne.\u00a0Face \u00e0 cette situation qu\u2019il qualifie de tr\u00e8s pr\u00e9occupante, il affirme que tout le monde est coupable. [&hellip;]\" \/>\n<meta property=\"og:url\" content=\"https:\/\/guineediversite.com\/index.php\/2017\/09\/07\/insalubrite-a-conakry-sommes-coupables-affirme-cardinal-robert-sarah\/\" \/>\n<meta property=\"og:site_name\" content=\"Guin\u00e9e Diversit\u00e9\" \/>\n<meta property=\"article:publisher\" content=\"https:\/\/www.facebook.com\/guineediversite\/\" \/>\n<meta property=\"article:published_time\" content=\"2017-09-07T21:57:33+00:00\" \/>\n<meta property=\"article:modified_time\" content=\"2019-05-09T14:02:51+00:00\" \/>\n<meta property=\"og:image\" content=\"https:\/\/guineediversite.com\/wp-content\/uploads\/2017\/09\/IMG_20170907_131411.jpg\" \/>\n\t<meta property=\"og:image:width\" content=\"3840\" \/>\n\t<meta property=\"og:image:height\" content=\"2160\" \/>\n\t<meta property=\"og:image:type\" content=\"image\/jpeg\" \/>\n<meta name=\"author\" content=\"Bilguissa Diallo\" \/>\n<meta name=\"twitter:card\" content=\"summary_large_image\" \/>\n<meta name=\"twitter:creator\" content=\"@GuineeDiversite\" \/>\n<meta name=\"twitter:site\" content=\"@GuineeDiversite\" \/>\n<meta name=\"twitter:label1\" content=\"\u00c9crit par\" \/>\n\t<meta name=\"twitter:data1\" content=\"Bilguissa Diallo\" \/>\n\t<meta name=\"twitter:label2\" content=\"Dur\u00e9e de lecture estim\u00e9e\" \/>\n\t<meta name=\"twitter:data2\" content=\"2 minutes\" \/>\n<script type=\"application\/ld+json\" class=\"yoast-schema-graph\">{\"@context\":\"https:\/\/schema.org\",\"@graph\":[{\"@type\":\"Article\",\"@id\":\"https:\/\/guineediversite.com\/index.php\/2017\/09\/07\/insalubrite-a-conakry-sommes-coupables-affirme-cardinal-robert-sarah\/#article\",\"isPartOf\":{\"@id\":\"https:\/\/guineediversite.com\/index.php\/2017\/09\/07\/insalubrite-a-conakry-sommes-coupables-affirme-cardinal-robert-sarah\/\"},\"author\":{\"name\":\"Bilguissa Diallo\",\"@id\":\"https:\/\/guineediversite.com\/#\/schema\/person\/0e0e3e424768a50d025ac2218ccca73f\"},\"headline\":\"Insalubrit\u00e9 \u00e0 Conakry :\u00a0\u00ab Nous sommes tous coupables \u00bb affirme le cardinal Robert Sarah\",\"datePublished\":\"2017-09-07T21:57:33+00:00\",\"dateModified\":\"2019-05-09T14:02:51+00:00\",\"mainEntityOfPage\":{\"@id\":\"https:\/\/guineediversite.com\/index.php\/2017\/09\/07\/insalubrite-a-conakry-sommes-coupables-affirme-cardinal-robert-sarah\/\"},\"wordCount\":372,\"publisher\":{\"@id\":\"https:\/\/guineediversite.com\/#organization\"},\"image\":{\"@id\":\"https:\/\/guineediversite.com\/index.php\/2017\/09\/07\/insalubrite-a-conakry-sommes-coupables-affirme-cardinal-robert-sarah\/#primaryimage\"},\"thumbnailUrl\":\"https:\/\/guineediversite.com\/wp-content\/uploads\/2017\/09\/IMG_20170907_131411.jpg\",\"articleSection\":[\"Soci\u00e9t\u00e9\"],\"inLanguage\":\"fr-FR\"},{\"@type\":\"WebPage\",\"@id\":\"https:\/\/guineediversite.com\/index.php\/2017\/09\/07\/insalubrite-a-conakry-sommes-coupables-affirme-cardinal-robert-sarah\/\",\"url\":\"https:\/\/guineediversite.com\/index.php\/2017\/09\/07\/insalubrite-a-conakry-sommes-coupables-affirme-cardinal-robert-sarah\/\",\"name\":\"Insalubrit\u00e9 \u00e0 Conakry :\u00a0\u00ab Nous sommes tous coupables \u00bb affirme le cardinal Robert Sarah | Guin\u00e9e Diversit\u00e9\",\"isPartOf\":{\"@id\":\"https:\/\/guineediversite.com\/#website\"},\"primaryImageOfPage\":{\"@id\":\"https:\/\/guineediversite.com\/index.php\/2017\/09\/07\/insalubrite-a-conakry-sommes-coupables-affirme-cardinal-robert-sarah\/#primaryimage\"},\"image\":{\"@id\":\"https:\/\/guineediversite.com\/index.php\/2017\/09\/07\/insalubrite-a-conakry-sommes-coupables-affirme-cardinal-robert-sarah\/#primaryimage\"},\"thumbnailUrl\":\"https:\/\/guineediversite.com\/wp-content\/uploads\/2017\/09\/IMG_20170907_131411.jpg\",\"datePublished\":\"2017-09-07T21:57:33+00:00\",\"dateModified\":\"2019-05-09T14:02:51+00:00\",\"breadcrumb\":{\"@id\":\"https:\/\/guineediversite.com\/index.php\/2017\/09\/07\/insalubrite-a-conakry-sommes-coupables-affirme-cardinal-robert-sarah\/#breadcrumb\"},\"inLanguage\":\"fr-FR\",\"potentialAction\":[{\"@type\":\"ReadAction\",\"target\":[\"https:\/\/guineediversite.com\/index.php\/2017\/09\/07\/insalubrite-a-conakry-sommes-coupables-affirme-cardinal-robert-sarah\/\"]}]},{\"@type\":\"ImageObject\",\"inLanguage\":\"fr-FR\",\"@id\":\"https:\/\/guineediversite.com\/index.php\/2017\/09\/07\/insalubrite-a-conakry-sommes-coupables-affirme-cardinal-robert-sarah\/#primaryimage\",\"url\":\"https:\/\/guineediversite.com\/wp-content\/uploads\/2017\/09\/IMG_20170907_131411.jpg\",\"contentUrl\":\"https:\/\/guineediversite.com\/wp-content\/uploads\/2017\/09\/IMG_20170907_131411.jpg\",\"width\":\"3840\",\"height\":\"2160\"},{\"@type\":\"BreadcrumbList\",\"@id\":\"https:\/\/guineediversite.com\/index.php\/2017\/09\/07\/insalubrite-a-conakry-sommes-coupables-affirme-cardinal-robert-sarah\/#breadcrumb\",\"itemListElement\":[{\"@type\":\"ListItem\",\"position\":1,\"name\":\"Accueil\",\"item\":\"https:\/\/guineediversite.com\/\"},{\"@type\":\"ListItem\",\"position\":2,\"name\":\"Insalubrit\u00e9 \u00e0 Conakry :\u00a0\u00ab Nous sommes tous coupables \u00bb affirme le cardinal Robert Sarah\"}]},{\"@type\":\"WebSite\",\"@id\":\"https:\/\/guineediversite.com\/#website\",\"url\":\"https:\/\/guineediversite.com\/\",\"name\":\"Guin\u00e9e Diversit\u00e9\",\"description\":\"L&#039;Info dans toute sa diversit\u00e9\",\"publisher\":{\"@id\":\"https:\/\/guineediversite.com\/#organization\"},\"potentialAction\":[{\"@type\":\"SearchAction\",\"target\":{\"@type\":\"EntryPoint\",\"urlTemplate\":\"https:\/\/guineediversite.com\/?s={search_term_string}\"},\"query-input\":{\"@type\":\"PropertyValueSpecification\",\"valueRequired\":true,\"valueName\":\"search_term_string\"}}],\"inLanguage\":\"fr-FR\"},{\"@type\":\"Organization\",\"@id\":\"https:\/\/guineediversite.com\/#organization\",\"name\":\"Guin\u00e9e Diversit\u00e9\",\"url\":\"https:\/\/guineediversite.com\/\",\"logo\":{\"@type\":\"ImageObject\",\"inLanguage\":\"fr-FR\",\"@id\":\"https:\/\/guineediversite.com\/#\/schema\/logo\/image\/\",\"url\":\"https:\/\/guineediversite.com\/wp-content\/uploads\/2017\/04\/cropped-1jojlxEOMkX9Wyqfhe43D6kjPOGqBBKmx3EwWJqZ0cMrFF54yM49.png\",\"contentUrl\":\"https:\/\/guineediversite.com\/wp-content\/uploads\/2017\/04\/cropped-1jojlxEOMkX9Wyqfhe43D6kjPOGqBBKmx3EwWJqZ0cMrFF54yM49.png\",\"width\":186,\"height\":112,\"caption\":\"Guin\u00e9e Diversit\u00e9\"},\"image\":{\"@id\":\"https:\/\/guineediversite.com\/#\/schema\/logo\/image\/\"},\"sameAs\":[\"https:\/\/www.facebook.com\/guineediversite\/\",\"https:\/\/x.com\/GuineeDiversite\",\"https:\/\/www.youtube.com\/channel\/UC8sUY16qelG5ge6_D5SB83g\"]},{\"@type\":\"Person\",\"@id\":\"https:\/\/guineediversite.com\/#\/schema\/person\/0e0e3e424768a50d025ac2218ccca73f\",\"name\":\"Bilguissa Diallo\",\"image\":{\"@type\":\"ImageObject\",\"inLanguage\":\"fr-FR\",\"@id\":\"https:\/\/guineediversite.com\/#\/schema\/person\/image\/\",\"url\":\"https:\/\/secure.gravatar.com\/avatar\/49bbbd2420ee34d62b1b191791f4b5df?s=96&d=mm&r=g\",\"contentUrl\":\"https:\/\/secure.gravatar.com\/avatar\/49bbbd2420ee34d62b1b191791f4b5df?s=96&d=mm&r=g\",\"caption\":\"Bilguissa Diallo\"},\"url\":\"https:\/\/guineediversite.com\/index.php\/author\/bilguissa\/\"}]}<\/script>\n<!-- \/ Yoast SEO plugin. -->","yoast_head_json":{"title":"Insalubrit\u00e9 \u00e0 Conakry :\u00a0\u00ab Nous sommes tous coupables \u00bb affirme le cardinal Robert Sarah | Guin\u00e9e Diversit\u00e9","robots":{"index":"index","follow":"follow","max-snippet":"max-snippet:-1","max-image-preview":"max-image-preview:large","max-video-preview":"max-video-preview:-1"},"canonical":"https:\/\/guineediversite.com\/index.php\/2017\/09\/07\/insalubrite-a-conakry-sommes-coupables-affirme-cardinal-robert-sarah\/","og_locale":"fr_FR","og_type":"article","og_title":"Insalubrit\u00e9 \u00e0 Conakry :\u00a0\u00ab Nous sommes tous coupables \u00bb affirme le cardinal Robert Sarah | Guin\u00e9e Diversit\u00e9","og_description":"Au cours de la d\u00e9dicace de son livre intitul\u00e9,\u00a0\u00ab\u00a0La\u00a0force du silence \u00bb, ce jeudi 7 septembre au centre culturel Franco-Guin\u00e9en Espace\u00a0Sory\u00a0Kandia\u00a0Kouyat\u00e9, le cardinal Robert Sarah s\u2019est dit profond\u00e9ment attrist\u00e9 de l\u2019\u00e9tat actuel de l\u2019insalubrit\u00e9 grandissante de la capitale guin\u00e9enne.\u00a0Face \u00e0 cette situation qu\u2019il qualifie de tr\u00e8s pr\u00e9occupante, il affirme que tout le monde est coupable. [&hellip;]","og_url":"https:\/\/guineediversite.com\/index.php\/2017\/09\/07\/insalubrite-a-conakry-sommes-coupables-affirme-cardinal-robert-sarah\/","og_site_name":"Guin\u00e9e Diversit\u00e9","article_publisher":"https:\/\/www.facebook.com\/guineediversite\/","article_published_time":"2017-09-07T21:57:33+00:00","article_modified_time":"2019-05-09T14:02:51+00:00","og_image":[{"width":3840,"height":2160,"url":"https:\/\/guineediversite.com\/wp-content\/uploads\/2017\/09\/IMG_20170907_131411.jpg","type":"image\/jpeg"}],"author":"Bilguissa Diallo","twitter_card":"summary_large_image","twitter_creator":"@GuineeDiversite","twitter_site":"@GuineeDiversite","twitter_misc":{"\u00c9crit par":"Bilguissa Diallo","Dur\u00e9e de lecture estim\u00e9e":"2 minutes"},"schema":{"@context":"https:\/\/schema.org","@graph":[{"@type":"Article","@id":"https:\/\/guineediversite.com\/index.php\/2017\/09\/07\/insalubrite-a-conakry-sommes-coupables-affirme-cardinal-robert-sarah\/#article","isPartOf":{"@id":"https:\/\/guineediversite.com\/index.php\/2017\/09\/07\/insalubrite-a-conakry-sommes-coupables-affirme-cardinal-robert-sarah\/"},"author":{"name":"Bilguissa Diallo","@id":"https:\/\/guineediversite.com\/#\/schema\/person\/0e0e3e424768a50d025ac2218ccca73f"},"headline":"Insalubrit\u00e9 \u00e0 Conakry :\u00a0\u00ab Nous sommes tous coupables \u00bb affirme le cardinal Robert Sarah","datePublished":"2017-09-07T21:57:33+00:00","dateModified":"2019-05-09T14:02:51+00:00","mainEntityOfPage":{"@id":"https:\/\/guineediversite.com\/index.php\/2017\/09\/07\/insalubrite-a-conakry-sommes-coupables-affirme-cardinal-robert-sarah\/"},"wordCount":372,"publisher":{"@id":"https:\/\/guineediversite.com\/#organization"},"image":{"@id":"https:\/\/guineediversite.com\/index.php\/2017\/09\/07\/insalubrite-a-conakry-sommes-coupables-affirme-cardinal-robert-sarah\/#primaryimage"},"thumbnailUrl":"https:\/\/guineediversite.com\/wp-content\/uploads\/2017\/09\/IMG_20170907_131411.jpg","articleSection":["Soci\u00e9t\u00e9"],"inLanguage":"fr-FR"},{"@type":"WebPage","@id":"https:\/\/guineediversite.com\/index.php\/2017\/09\/07\/insalubrite-a-conakry-sommes-coupables-affirme-cardinal-robert-sarah\/","url":"https:\/\/guineediversite.com\/index.php\/2017\/09\/07\/insalubrite-a-conakry-sommes-coupables-affirme-cardinal-robert-sarah\/","name":"Insalubrit\u00e9 \u00e0 Conakry :\u00a0\u00ab Nous sommes tous coupables \u00bb affirme le cardinal Robert Sarah | Guin\u00e9e Diversit\u00e9","isPartOf":{"@id":"https:\/\/guineediversite.com\/#website"},"primaryImageOfPage":{"@id":"https:\/\/guineediversite.com\/index.php\/2017\/09\/07\/insalubrite-a-conakry-sommes-coupables-affirme-cardinal-robert-sarah\/#primaryimage"},"image":{"@id":"https:\/\/guineediversite.com\/index.php\/2017\/09\/07\/insalubrite-a-conakry-sommes-coupables-affirme-cardinal-robert-sarah\/#primaryimage"},"thumbnailUrl":"https:\/\/guineediversite.com\/wp-content\/uploads\/2017\/09\/IMG_20170907_131411.jpg","datePublished":"2017-09-07T21:57:33+00:00","dateModified":"2019-05-09T14:02:51+00:00","breadcrumb":{"@id":"https:\/\/guineediversite.com\/index.php\/2017\/09\/07\/insalubrite-a-conakry-sommes-coupables-affirme-cardinal-robert-sarah\/#breadcrumb"},"inLanguage":"fr-FR","potentialAction":[{"@type":"ReadAction","target":["https:\/\/guineediversite.com\/index.php\/2017\/09\/07\/insalubrite-a-conakry-sommes-coupables-affirme-cardinal-robert-sarah\/"]}]},{"@type":"ImageObject","inLanguage":"fr-FR","@id":"https:\/\/guineediversite.com\/index.php\/2017\/09\/07\/insalubrite-a-conakry-sommes-coupables-affirme-cardinal-robert-sarah\/#primaryimage","url":"https:\/\/guineediversite.com\/wp-content\/uploads\/2017\/09\/IMG_20170907_131411.jpg","contentUrl":"https:\/\/guineediversite.com\/wp-content\/uploads\/2017\/09\/IMG_20170907_131411.jpg","width":"3840","height":"2160"},{"@type":"BreadcrumbList","@id":"https:\/\/guineediversite.com\/index.php\/2017\/09\/07\/insalubrite-a-conakry-sommes-coupables-affirme-cardinal-robert-sarah\/#breadcrumb","itemListElement":[{"@type":"ListItem","position":1,"name":"Accueil","item":"https:\/\/guineediversite.com\/"},{"@type":"ListItem","position":2,"name":"Insalubrit\u00e9 \u00e0 Conakry :\u00a0\u00ab Nous sommes tous coupables \u00bb affirme le cardinal Robert Sarah"}]},{"@type":"WebSite","@id":"https:\/\/guineediversite.com\/#website","url":"https:\/\/guineediversite.com\/","name":"Guin\u00e9e Diversit\u00e9","description":"L&#039;Info dans toute sa diversit\u00e9","publisher":{"@id":"https:\/\/guineediversite.com\/#organization"},"potentialAction":[{"@type":"SearchAction","target":{"@type":"EntryPoint","urlTemplate":"https:\/\/guineediversite.com\/?s={search_term_string}"},"query-input":{"@type":"PropertyValueSpecification","valueRequired":true,"valueName":"search_term_string"}}],"inLanguage":"fr-FR"},{"@type":"Organization","@id":"https:\/\/guineediversite.com\/#organization","name":"Guin\u00e9e Diversit\u00e9","url":"https:\/\/guineediversite.com\/","logo":{"@type":"ImageObject","inLanguage":"fr-FR","@id":"https:\/\/guineediversite.com\/#\/schema\/logo\/image\/","url":"https:\/\/guineediversite.com\/wp-content\/uploads\/2017\/04\/cropped-1jojlxEOMkX9Wyqfhe43D6kjPOGqBBKmx3EwWJqZ0cMrFF54yM49.png","contentUrl":"https:\/\/guineediversite.com\/wp-content\/uploads\/2017\/04\/cropped-1jojlxEOMkX9Wyqfhe43D6kjPOGqBBKmx3EwWJqZ0cMrFF54yM49.png","width":186,"height":112,"caption":"Guin\u00e9e Diversit\u00e9"},"image":{"@id":"https:\/\/guineediversite.com\/#\/schema\/logo\/image\/"},"sameAs":["https:\/\/www.facebook.com\/guineediversite\/","https:\/\/x.com\/GuineeDiversite","https:\/\/www.youtube.com\/channel\/UC8sUY16qelG5ge6_D5SB83g"]},{"@type":"Person","@id":"https:\/\/guineediversite.com\/#\/schema\/person\/0e0e3e424768a50d025ac2218ccca73f","name":"Bilguissa Diallo","image":{"@type":"ImageObject","inLanguage":"fr-FR","@id":"https:\/\/guineediversite.com\/#\/schema\/person\/image\/","url":"https:\/\/secure.gravatar.com\/avatar\/49bbbd2420ee34d62b1b191791f4b5df?s=96&d=mm&r=g","contentUrl":"https:\/\/secure.gravatar.com\/avatar\/49bbbd2420ee34d62b1b191791f4b5df?s=96&d=mm&r=g","caption":"Bilguissa Diallo"},"url":"https:\/\/guineediversite.com\/index.php\/author\/bilguissa\/"}]}},"_links":{"self":[{"href":"https:\/\/guineediversite.com\/index.php\/wp-json\/wp\/v2\/posts\/21729"}],"collection":[{"href":"https:\/\/guineediversite.com\/index.php\/wp-json\/wp\/v2\/posts"}],"about":[{"href":"https:\/\/guineediversite.com\/index.php\/wp-json\/wp\/v2\/types\/post"}],"author":[{"embeddable":true,"href":"https:\/\/guineediversite.com\/index.php\/wp-json\/wp\/v2\/users\/7"}],"replies":[{"embeddable":true,"href":"https:\/\/guineediversite.com\/index.php\/wp-json\/wp\/v2\/comments?post=21729"}],"version-history":[{"count":0,"href":"https:\/\/guineediversite.com\/index.php\/wp-json\/wp\/v2\/posts\/21729\/revisions"}],"wp:featuredmedia":[{"embeddable":true,"href":"https:\/\/guineediversite.com\/index.php\/wp-json\/wp\/v2\/media\/21730"}],"wp:attachment":[{"href":"https:\/\/guineediversite.com\/index.php\/wp-json\/wp\/v2\/media?parent=21729"}],"wp:term":[{"taxonomy":"category","embeddable":true,"href":"https:\/\/guineediversite.com\/index.php\/wp-json\/wp\/v2\/categories?post=21729"},{"taxonomy":"post_tag","embeddable":true,"href":"https:\/\/guineediversite.com\/index.php\/wp-json\/wp\/v2\/tags?post=21729"}],"curies":[{"name":"wp","href":"https:\/\/api.w.org\/{rel}","templated":true}]}}