{"id":21725,"date":"2017-09-07T22:50:23","date_gmt":"2017-09-07T20:50:23","guid":{"rendered":"https:\/\/guineediversite.com\/?p=21725"},"modified":"2017-09-08T15:43:50","modified_gmt":"2017-09-08T13:43:50","slug":"vers-signature-dun-partenariat-entre-ministere-de-culture-operateurs-prives","status":"publish","type":"post","link":"https:\/\/guineediversite.com\/index.php\/2017\/09\/07\/vers-signature-dun-partenariat-entre-ministere-de-culture-operateurs-prives\/","title":{"rendered":"Vers la signature d&rsquo;un partenariat entre le minist\u00e8re de la Culture et les op\u00e9rateurs priv\u00e9s"},"content":{"rendered":"<p><span id=\"p45\"><strong>Le ministre guin\u00e9en des sports de la Culture et du Patrimoine historique\u00a0<span id=\"58\" class=\"s-rg-t\">Sanoussy<\/span>\u00a0<span id=\"59\" class=\"s-rg-t\">Bantama<\/span>\u00a0<span id=\"60\" class=\"s-rg-t\">Sow<\/span>, a r\u00e9cemment rencontr\u00e9 les diff\u00e9rents op\u00e9rateurs culturels du pays dans le cadre de la signature d&rsquo;un partenariat afin de mener \u00e0 bien la mission confi\u00e9e \u00e0 son d\u00e9partement.<\/strong><br \/>\n<\/span><br \/>\n<span id=\"p46\">Dans son intervention,\u00a0<span id=\"61\" class=\"s-rg-t\">Bantama<\/span>\u00a0<span id=\"62\" class=\"s-rg-t\">Sow<\/span>\u00a0a annonc\u00e9 la constitution dans un bref d\u00e9lai, d&rsquo;une \u00e9quipe dans le but de l&rsquo;\u00e9laboration d&rsquo;un m\u00e9morandum pour identifier les pr\u00e9occupations des op\u00e9rateurs qui seront prises en compte par son d\u00e9partement.<\/span><br \/>\n<span id=\"p86\">\u00ab <em>Ceux qui doutent de ma r\u00e9ussite \u00e0 la t\u00eate de ce d\u00e9partement se trompent.<\/em><\/span><span id=\"p48\"><em>\u00a0Connaissant ce milieu qui a \u00e9t\u00e9 toujours mon r\u00eave, je ferais en sorte que le sport ne soit pas\u00a0<span id=\"66\" class=\"s-or-t\">au dessus<\/span>\u00a0de la culture au niveau des avantages \u00bb<\/em>, a d\u00e9clar\u00e9 le nouveau ministre des Sports, de la Culture et Patrimoine historique.<br \/>\n<\/span><br \/>\n<span id=\"p51\"><span id=\"69\" class=\"s-rg-t\">Tidiane<\/span>\u00a0<span id=\"70\" class=\"s-rg-t\">Soumah<\/span>, directeur des productions\u00a0<span id=\"71\" class=\"s-rg-t\">Tidiane<\/span>\u00a0Word M<span id=\"72\" class=\"s-rg-t\">usic<\/span>\u00a0et porte parole de la f\u00e9d\u00e9ration des promoteurs\u00a0culturels en\u00a0R\u00e9publique de Guin\u00e9e a de son c\u00f4t\u00e9 \u00e9num\u00e9r\u00e9 les difficult\u00e9s\u00a0auxquelles\u00a0ils sont confront\u00e9s dans le cadre de l&rsquo;organisation des spectacles vivants par certains repr\u00e9sentants de l\u2019Etat, comme l&rsquo;Agence guin\u00e9enne de spectacle\u00a0<span id=\"p50\">(l&rsquo;<span id=\"68\" class=\"s-rg-t\">AGS<\/span>)<\/span>\u00a0et l&rsquo;Office guin\u00e9enne de publicit\u00e9\u00a0<span id=\"p49\">(l&rsquo;<span id=\"67\" class=\"s-rg-t\">OGP<\/span>)<\/span>, qui risquent de leur d\u00e9courager.<\/span><span id=\"p87\">\u00a0Ce sont notamment les probl\u00e8mes li\u00e9s aux triples des charges, le manque d\u2019appui de l&rsquo;Etat aupr\u00e8s de ces acteurs contrairement au football qui re\u00e7oit de subvention, l&rsquo;octroi des visas \u00e0 d&rsquo;autres personnes au nom des artistes.<br \/>\n<\/span><br \/>\n<span id=\"p88\">Pour r\u00e9pondre \u00e0 toutes ces inqui\u00e9tudes, le ministre des Sports, de la Culture et du Patrimoine historique a promis de cr\u00e9er les conditions favorables en vue de valoriser la culture guin\u00e9enne dans son ensemble.<\/span><br \/>\n<span id=\"p54\"><span id=\"82\" class=\"s-rg-t\">Bantama<\/span>\u00a0<span id=\"83\" class=\"s-rg-t\">Sow<\/span>, a \u00e9galement rassur\u00e9 que toutes les dispositions seront prises contre le r\u00e9seau de bandits et de trafics qui s&rsquo;approprient des visas au d\u00e9triment des acteurs sur ce\u00a0secteur.<\/span><span id=\"p55\">\u00a0Et pour cela, le ministre a invit\u00e9 les promoteurs culturels \u00e0 plus d&rsquo;unit\u00e9 pour cultiver l&rsquo;amour et la paix dans le pays vers l&rsquo;\u00e9panouissement de la jeunesse.<\/span><\/p>\n","protected":false},"excerpt":{"rendered":"<p>Le ministre guin\u00e9en des sports de la Culture et du Patrimoine historique\u00a0Sanoussy\u00a0Bantama\u00a0Sow, a r\u00e9cemment rencontr\u00e9 les diff\u00e9rents op\u00e9rateurs culturels du pays dans le cadre de la signature d&rsquo;un partenariat afin de mener \u00e0 bien la mission confi\u00e9e \u00e0 son d\u00e9partement. Dans son intervention,\u00a0Bantama\u00a0Sow\u00a0a annonc\u00e9 la constitution dans un bref d\u00e9lai, d&rsquo;une \u00e9quipe dans le but [&hellip;]<\/p>\n","protected":false},"author":8,"featured_media":21726,"comment_status":"closed","ping_status":"closed","sticky":false,"template":"","format":"standard","meta":{"_exactmetrics_skip_tracking":false,"_exactmetrics_sitenote_active":false,"_exactmetrics_sitenote_note":"","_exactmetrics_sitenote_category":0,"tdm_status":"","tdm_grid_status":"","footnotes":""},"categories":[24],"tags":[],"class_list":{"0":"post-21725","1":"post","2":"type-post","3":"status-publish","4":"format-standard","5":"has-post-thumbnail","7":"category-art-et-culture"},"yoast_head":"<!-- This site is optimized with the Yoast SEO plugin v24.2 - https:\/\/yoast.com\/wordpress\/plugins\/seo\/ -->\n<title>Vers la signature d&#039;un partenariat entre le minist\u00e8re de la Culture et les op\u00e9rateurs priv\u00e9s | Guin\u00e9e Diversit\u00e9<\/title>\n<meta name=\"robots\" content=\"index, follow, max-snippet:-1, max-image-preview:large, max-video-preview:-1\" \/>\n<link rel=\"canonical\" href=\"https:\/\/guineediversite.com\/index.php\/2017\/09\/07\/vers-signature-dun-partenariat-entre-ministere-de-culture-operateurs-prives\/\" \/>\n<meta property=\"og:locale\" content=\"fr_FR\" \/>\n<meta property=\"og:type\" content=\"article\" \/>\n<meta property=\"og:title\" content=\"Vers la signature d&#039;un partenariat entre le minist\u00e8re de la Culture et les op\u00e9rateurs priv\u00e9s | Guin\u00e9e Diversit\u00e9\" \/>\n<meta property=\"og:description\" content=\"Le ministre guin\u00e9en des sports de la Culture et du Patrimoine historique\u00a0Sanoussy\u00a0Bantama\u00a0Sow, a r\u00e9cemment rencontr\u00e9 les diff\u00e9rents op\u00e9rateurs culturels du pays dans le cadre de la signature d&rsquo;un partenariat afin de mener \u00e0 bien la mission confi\u00e9e \u00e0 son d\u00e9partement. Dans son intervention,\u00a0Bantama\u00a0Sow\u00a0a annonc\u00e9 la constitution dans un bref d\u00e9lai, d&rsquo;une \u00e9quipe dans le but [&hellip;]\" \/>\n<meta property=\"og:url\" content=\"https:\/\/guineediversite.com\/index.php\/2017\/09\/07\/vers-signature-dun-partenariat-entre-ministere-de-culture-operateurs-prives\/\" \/>\n<meta property=\"og:site_name\" content=\"Guin\u00e9e Diversit\u00e9\" \/>\n<meta property=\"article:publisher\" content=\"https:\/\/www.facebook.com\/guineediversite\/\" \/>\n<meta property=\"article:published_time\" content=\"2017-09-07T20:50:23+00:00\" \/>\n<meta property=\"article:modified_time\" content=\"2017-09-08T13:43:50+00:00\" \/>\n<meta property=\"og:image\" content=\"https:\/\/guineediversite.com\/wp-content\/uploads\/2017\/09\/SAM_0258.jpg\" \/>\n\t<meta property=\"og:image:width\" content=\"2592\" \/>\n\t<meta property=\"og:image:height\" content=\"1944\" \/>\n\t<meta property=\"og:image:type\" content=\"image\/jpeg\" \/>\n<meta name=\"author\" content=\"Aboubacar Bangoura\" \/>\n<meta name=\"twitter:card\" content=\"summary_large_image\" \/>\n<meta name=\"twitter:creator\" content=\"@GuineeDiversite\" \/>\n<meta name=\"twitter:site\" content=\"@GuineeDiversite\" \/>\n<meta name=\"twitter:label1\" content=\"\u00c9crit par\" \/>\n\t<meta name=\"twitter:data1\" content=\"Aboubacar Bangoura\" \/>\n\t<meta name=\"twitter:label2\" content=\"Dur\u00e9e de lecture estim\u00e9e\" \/>\n\t<meta name=\"twitter:data2\" content=\"2 minutes\" \/>\n<script type=\"application\/ld+json\" class=\"yoast-schema-graph\">{\"@context\":\"https:\/\/schema.org\",\"@graph\":[{\"@type\":\"Article\",\"@id\":\"https:\/\/guineediversite.com\/index.php\/2017\/09\/07\/vers-signature-dun-partenariat-entre-ministere-de-culture-operateurs-prives\/#article\",\"isPartOf\":{\"@id\":\"https:\/\/guineediversite.com\/index.php\/2017\/09\/07\/vers-signature-dun-partenariat-entre-ministere-de-culture-operateurs-prives\/\"},\"author\":{\"name\":\"Aboubacar Bangoura\",\"@id\":\"https:\/\/guineediversite.com\/#\/schema\/person\/5dedff72ab9d6646efe724485147238a\"},\"headline\":\"Vers la signature d&rsquo;un partenariat entre le minist\u00e8re de la Culture et les op\u00e9rateurs priv\u00e9s\",\"datePublished\":\"2017-09-07T20:50:23+00:00\",\"dateModified\":\"2017-09-08T13:43:50+00:00\",\"mainEntityOfPage\":{\"@id\":\"https:\/\/guineediversite.com\/index.php\/2017\/09\/07\/vers-signature-dun-partenariat-entre-ministere-de-culture-operateurs-prives\/\"},\"wordCount\":392,\"publisher\":{\"@id\":\"https:\/\/guineediversite.com\/#organization\"},\"image\":{\"@id\":\"https:\/\/guineediversite.com\/index.php\/2017\/09\/07\/vers-signature-dun-partenariat-entre-ministere-de-culture-operateurs-prives\/#primaryimage\"},\"thumbnailUrl\":\"https:\/\/guineediversite.com\/wp-content\/uploads\/2017\/09\/SAM_0258.jpg\",\"articleSection\":[\"Culture\"],\"inLanguage\":\"fr-FR\"},{\"@type\":\"WebPage\",\"@id\":\"https:\/\/guineediversite.com\/index.php\/2017\/09\/07\/vers-signature-dun-partenariat-entre-ministere-de-culture-operateurs-prives\/\",\"url\":\"https:\/\/guineediversite.com\/index.php\/2017\/09\/07\/vers-signature-dun-partenariat-entre-ministere-de-culture-operateurs-prives\/\",\"name\":\"Vers la signature d'un partenariat entre le minist\u00e8re de la Culture et les op\u00e9rateurs priv\u00e9s | Guin\u00e9e Diversit\u00e9\",\"isPartOf\":{\"@id\":\"https:\/\/guineediversite.com\/#website\"},\"primaryImageOfPage\":{\"@id\":\"https:\/\/guineediversite.com\/index.php\/2017\/09\/07\/vers-signature-dun-partenariat-entre-ministere-de-culture-operateurs-prives\/#primaryimage\"},\"image\":{\"@id\":\"https:\/\/guineediversite.com\/index.php\/2017\/09\/07\/vers-signature-dun-partenariat-entre-ministere-de-culture-operateurs-prives\/#primaryimage\"},\"thumbnailUrl\":\"https:\/\/guineediversite.com\/wp-content\/uploads\/2017\/09\/SAM_0258.jpg\",\"datePublished\":\"2017-09-07T20:50:23+00:00\",\"dateModified\":\"2017-09-08T13:43:50+00:00\",\"breadcrumb\":{\"@id\":\"https:\/\/guineediversite.com\/index.php\/2017\/09\/07\/vers-signature-dun-partenariat-entre-ministere-de-culture-operateurs-prives\/#breadcrumb\"},\"inLanguage\":\"fr-FR\",\"potentialAction\":[{\"@type\":\"ReadAction\",\"target\":[\"https:\/\/guineediversite.com\/index.php\/2017\/09\/07\/vers-signature-dun-partenariat-entre-ministere-de-culture-operateurs-prives\/\"]}]},{\"@type\":\"ImageObject\",\"inLanguage\":\"fr-FR\",\"@id\":\"https:\/\/guineediversite.com\/index.php\/2017\/09\/07\/vers-signature-dun-partenariat-entre-ministere-de-culture-operateurs-prives\/#primaryimage\",\"url\":\"https:\/\/guineediversite.com\/wp-content\/uploads\/2017\/09\/SAM_0258.jpg\",\"contentUrl\":\"https:\/\/guineediversite.com\/wp-content\/uploads\/2017\/09\/SAM_0258.jpg\",\"width\":\"2592\",\"height\":\"1944\"},{\"@type\":\"BreadcrumbList\",\"@id\":\"https:\/\/guineediversite.com\/index.php\/2017\/09\/07\/vers-signature-dun-partenariat-entre-ministere-de-culture-operateurs-prives\/#breadcrumb\",\"itemListElement\":[{\"@type\":\"ListItem\",\"position\":1,\"name\":\"Accueil\",\"item\":\"https:\/\/guineediversite.com\/\"},{\"@type\":\"ListItem\",\"position\":2,\"name\":\"Vers la signature d&rsquo;un partenariat entre le minist\u00e8re de la Culture et les op\u00e9rateurs priv\u00e9s\"}]},{\"@type\":\"WebSite\",\"@id\":\"https:\/\/guineediversite.com\/#website\",\"url\":\"https:\/\/guineediversite.com\/\",\"name\":\"Guin\u00e9e Diversit\u00e9\",\"description\":\"L&#039;Info dans toute sa diversit\u00e9\",\"publisher\":{\"@id\":\"https:\/\/guineediversite.com\/#organization\"},\"potentialAction\":[{\"@type\":\"SearchAction\",\"target\":{\"@type\":\"EntryPoint\",\"urlTemplate\":\"https:\/\/guineediversite.com\/?s={search_term_string}\"},\"query-input\":{\"@type\":\"PropertyValueSpecification\",\"valueRequired\":true,\"valueName\":\"search_term_string\"}}],\"inLanguage\":\"fr-FR\"},{\"@type\":\"Organization\",\"@id\":\"https:\/\/guineediversite.com\/#organization\",\"name\":\"Guin\u00e9e Diversit\u00e9\",\"url\":\"https:\/\/guineediversite.com\/\",\"logo\":{\"@type\":\"ImageObject\",\"inLanguage\":\"fr-FR\",\"@id\":\"https:\/\/guineediversite.com\/#\/schema\/logo\/image\/\",\"url\":\"https:\/\/guineediversite.com\/wp-content\/uploads\/2017\/04\/cropped-1jojlxEOMkX9Wyqfhe43D6kjPOGqBBKmx3EwWJqZ0cMrFF54yM49.png\",\"contentUrl\":\"https:\/\/guineediversite.com\/wp-content\/uploads\/2017\/04\/cropped-1jojlxEOMkX9Wyqfhe43D6kjPOGqBBKmx3EwWJqZ0cMrFF54yM49.png\",\"width\":186,\"height\":112,\"caption\":\"Guin\u00e9e Diversit\u00e9\"},\"image\":{\"@id\":\"https:\/\/guineediversite.com\/#\/schema\/logo\/image\/\"},\"sameAs\":[\"https:\/\/www.facebook.com\/guineediversite\/\",\"https:\/\/x.com\/GuineeDiversite\",\"https:\/\/www.youtube.com\/channel\/UC8sUY16qelG5ge6_D5SB83g\"]},{\"@type\":\"Person\",\"@id\":\"https:\/\/guineediversite.com\/#\/schema\/person\/5dedff72ab9d6646efe724485147238a\",\"name\":\"Aboubacar Bangoura\",\"image\":{\"@type\":\"ImageObject\",\"inLanguage\":\"fr-FR\",\"@id\":\"https:\/\/guineediversite.com\/#\/schema\/person\/image\/\",\"url\":\"https:\/\/secure.gravatar.com\/avatar\/c2b1df80e8be800cc94c8d8543e88ccc?s=96&d=mm&r=g\",\"contentUrl\":\"https:\/\/secure.gravatar.com\/avatar\/c2b1df80e8be800cc94c8d8543e88ccc?s=96&d=mm&r=g\",\"caption\":\"Aboubacar Bangoura\"},\"url\":\"https:\/\/guineediversite.com\/index.php\/author\/aboubacar\/\"}]}<\/script>\n<!-- \/ Yoast SEO plugin. -->","yoast_head_json":{"title":"Vers la signature d'un partenariat entre le minist\u00e8re de la Culture et les op\u00e9rateurs priv\u00e9s | Guin\u00e9e Diversit\u00e9","robots":{"index":"index","follow":"follow","max-snippet":"max-snippet:-1","max-image-preview":"max-image-preview:large","max-video-preview":"max-video-preview:-1"},"canonical":"https:\/\/guineediversite.com\/index.php\/2017\/09\/07\/vers-signature-dun-partenariat-entre-ministere-de-culture-operateurs-prives\/","og_locale":"fr_FR","og_type":"article","og_title":"Vers la signature d'un partenariat entre le minist\u00e8re de la Culture et les op\u00e9rateurs priv\u00e9s | Guin\u00e9e Diversit\u00e9","og_description":"Le ministre guin\u00e9en des sports de la Culture et du Patrimoine historique\u00a0Sanoussy\u00a0Bantama\u00a0Sow, a r\u00e9cemment rencontr\u00e9 les diff\u00e9rents op\u00e9rateurs culturels du pays dans le cadre de la signature d&rsquo;un partenariat afin de mener \u00e0 bien la mission confi\u00e9e \u00e0 son d\u00e9partement. Dans son intervention,\u00a0Bantama\u00a0Sow\u00a0a annonc\u00e9 la constitution dans un bref d\u00e9lai, d&rsquo;une \u00e9quipe dans le but [&hellip;]","og_url":"https:\/\/guineediversite.com\/index.php\/2017\/09\/07\/vers-signature-dun-partenariat-entre-ministere-de-culture-operateurs-prives\/","og_site_name":"Guin\u00e9e Diversit\u00e9","article_publisher":"https:\/\/www.facebook.com\/guineediversite\/","article_published_time":"2017-09-07T20:50:23+00:00","article_modified_time":"2017-09-08T13:43:50+00:00","og_image":[{"width":2592,"height":1944,"url":"https:\/\/guineediversite.com\/wp-content\/uploads\/2017\/09\/SAM_0258.jpg","type":"image\/jpeg"}],"author":"Aboubacar Bangoura","twitter_card":"summary_large_image","twitter_creator":"@GuineeDiversite","twitter_site":"@GuineeDiversite","twitter_misc":{"\u00c9crit par":"Aboubacar Bangoura","Dur\u00e9e de lecture estim\u00e9e":"2 minutes"},"schema":{"@context":"https:\/\/schema.org","@graph":[{"@type":"Article","@id":"https:\/\/guineediversite.com\/index.php\/2017\/09\/07\/vers-signature-dun-partenariat-entre-ministere-de-culture-operateurs-prives\/#article","isPartOf":{"@id":"https:\/\/guineediversite.com\/index.php\/2017\/09\/07\/vers-signature-dun-partenariat-entre-ministere-de-culture-operateurs-prives\/"},"author":{"name":"Aboubacar Bangoura","@id":"https:\/\/guineediversite.com\/#\/schema\/person\/5dedff72ab9d6646efe724485147238a"},"headline":"Vers la signature d&rsquo;un partenariat entre le minist\u00e8re de la Culture et les op\u00e9rateurs priv\u00e9s","datePublished":"2017-09-07T20:50:23+00:00","dateModified":"2017-09-08T13:43:50+00:00","mainEntityOfPage":{"@id":"https:\/\/guineediversite.com\/index.php\/2017\/09\/07\/vers-signature-dun-partenariat-entre-ministere-de-culture-operateurs-prives\/"},"wordCount":392,"publisher":{"@id":"https:\/\/guineediversite.com\/#organization"},"image":{"@id":"https:\/\/guineediversite.com\/index.php\/2017\/09\/07\/vers-signature-dun-partenariat-entre-ministere-de-culture-operateurs-prives\/#primaryimage"},"thumbnailUrl":"https:\/\/guineediversite.com\/wp-content\/uploads\/2017\/09\/SAM_0258.jpg","articleSection":["Culture"],"inLanguage":"fr-FR"},{"@type":"WebPage","@id":"https:\/\/guineediversite.com\/index.php\/2017\/09\/07\/vers-signature-dun-partenariat-entre-ministere-de-culture-operateurs-prives\/","url":"https:\/\/guineediversite.com\/index.php\/2017\/09\/07\/vers-signature-dun-partenariat-entre-ministere-de-culture-operateurs-prives\/","name":"Vers la signature d'un partenariat entre le minist\u00e8re de la Culture et les op\u00e9rateurs priv\u00e9s | Guin\u00e9e Diversit\u00e9","isPartOf":{"@id":"https:\/\/guineediversite.com\/#website"},"primaryImageOfPage":{"@id":"https:\/\/guineediversite.com\/index.php\/2017\/09\/07\/vers-signature-dun-partenariat-entre-ministere-de-culture-operateurs-prives\/#primaryimage"},"image":{"@id":"https:\/\/guineediversite.com\/index.php\/2017\/09\/07\/vers-signature-dun-partenariat-entre-ministere-de-culture-operateurs-prives\/#primaryimage"},"thumbnailUrl":"https:\/\/guineediversite.com\/wp-content\/uploads\/2017\/09\/SAM_0258.jpg","datePublished":"2017-09-07T20:50:23+00:00","dateModified":"2017-09-08T13:43:50+00:00","breadcrumb":{"@id":"https:\/\/guineediversite.com\/index.php\/2017\/09\/07\/vers-signature-dun-partenariat-entre-ministere-de-culture-operateurs-prives\/#breadcrumb"},"inLanguage":"fr-FR","potentialAction":[{"@type":"ReadAction","target":["https:\/\/guineediversite.com\/index.php\/2017\/09\/07\/vers-signature-dun-partenariat-entre-ministere-de-culture-operateurs-prives\/"]}]},{"@type":"ImageObject","inLanguage":"fr-FR","@id":"https:\/\/guineediversite.com\/index.php\/2017\/09\/07\/vers-signature-dun-partenariat-entre-ministere-de-culture-operateurs-prives\/#primaryimage","url":"https:\/\/guineediversite.com\/wp-content\/uploads\/2017\/09\/SAM_0258.jpg","contentUrl":"https:\/\/guineediversite.com\/wp-content\/uploads\/2017\/09\/SAM_0258.jpg","width":"2592","height":"1944"},{"@type":"BreadcrumbList","@id":"https:\/\/guineediversite.com\/index.php\/2017\/09\/07\/vers-signature-dun-partenariat-entre-ministere-de-culture-operateurs-prives\/#breadcrumb","itemListElement":[{"@type":"ListItem","position":1,"name":"Accueil","item":"https:\/\/guineediversite.com\/"},{"@type":"ListItem","position":2,"name":"Vers la signature d&rsquo;un partenariat entre le minist\u00e8re de la Culture et les op\u00e9rateurs priv\u00e9s"}]},{"@type":"WebSite","@id":"https:\/\/guineediversite.com\/#website","url":"https:\/\/guineediversite.com\/","name":"Guin\u00e9e Diversit\u00e9","description":"L&#039;Info dans toute sa diversit\u00e9","publisher":{"@id":"https:\/\/guineediversite.com\/#organization"},"potentialAction":[{"@type":"SearchAction","target":{"@type":"EntryPoint","urlTemplate":"https:\/\/guineediversite.com\/?s={search_term_string}"},"query-input":{"@type":"PropertyValueSpecification","valueRequired":true,"valueName":"search_term_string"}}],"inLanguage":"fr-FR"},{"@type":"Organization","@id":"https:\/\/guineediversite.com\/#organization","name":"Guin\u00e9e Diversit\u00e9","url":"https:\/\/guineediversite.com\/","logo":{"@type":"ImageObject","inLanguage":"fr-FR","@id":"https:\/\/guineediversite.com\/#\/schema\/logo\/image\/","url":"https:\/\/guineediversite.com\/wp-content\/uploads\/2017\/04\/cropped-1jojlxEOMkX9Wyqfhe43D6kjPOGqBBKmx3EwWJqZ0cMrFF54yM49.png","contentUrl":"https:\/\/guineediversite.com\/wp-content\/uploads\/2017\/04\/cropped-1jojlxEOMkX9Wyqfhe43D6kjPOGqBBKmx3EwWJqZ0cMrFF54yM49.png","width":186,"height":112,"caption":"Guin\u00e9e Diversit\u00e9"},"image":{"@id":"https:\/\/guineediversite.com\/#\/schema\/logo\/image\/"},"sameAs":["https:\/\/www.facebook.com\/guineediversite\/","https:\/\/x.com\/GuineeDiversite","https:\/\/www.youtube.com\/channel\/UC8sUY16qelG5ge6_D5SB83g"]},{"@type":"Person","@id":"https:\/\/guineediversite.com\/#\/schema\/person\/5dedff72ab9d6646efe724485147238a","name":"Aboubacar Bangoura","image":{"@type":"ImageObject","inLanguage":"fr-FR","@id":"https:\/\/guineediversite.com\/#\/schema\/person\/image\/","url":"https:\/\/secure.gravatar.com\/avatar\/c2b1df80e8be800cc94c8d8543e88ccc?s=96&d=mm&r=g","contentUrl":"https:\/\/secure.gravatar.com\/avatar\/c2b1df80e8be800cc94c8d8543e88ccc?s=96&d=mm&r=g","caption":"Aboubacar Bangoura"},"url":"https:\/\/guineediversite.com\/index.php\/author\/aboubacar\/"}]}},"_links":{"self":[{"href":"https:\/\/guineediversite.com\/index.php\/wp-json\/wp\/v2\/posts\/21725"}],"collection":[{"href":"https:\/\/guineediversite.com\/index.php\/wp-json\/wp\/v2\/posts"}],"about":[{"href":"https:\/\/guineediversite.com\/index.php\/wp-json\/wp\/v2\/types\/post"}],"author":[{"embeddable":true,"href":"https:\/\/guineediversite.com\/index.php\/wp-json\/wp\/v2\/users\/8"}],"replies":[{"embeddable":true,"href":"https:\/\/guineediversite.com\/index.php\/wp-json\/wp\/v2\/comments?post=21725"}],"version-history":[{"count":0,"href":"https:\/\/guineediversite.com\/index.php\/wp-json\/wp\/v2\/posts\/21725\/revisions"}],"wp:featuredmedia":[{"embeddable":true,"href":"https:\/\/guineediversite.com\/index.php\/wp-json\/wp\/v2\/media\/21726"}],"wp:attachment":[{"href":"https:\/\/guineediversite.com\/index.php\/wp-json\/wp\/v2\/media?parent=21725"}],"wp:term":[{"taxonomy":"category","embeddable":true,"href":"https:\/\/guineediversite.com\/index.php\/wp-json\/wp\/v2\/categories?post=21725"},{"taxonomy":"post_tag","embeddable":true,"href":"https:\/\/guineediversite.com\/index.php\/wp-json\/wp\/v2\/tags?post=21725"}],"curies":[{"name":"wp","href":"https:\/\/api.w.org\/{rel}","templated":true}]}}