{"id":21703,"date":"2017-09-07T01:05:49","date_gmt":"2017-09-06T23:05:49","guid":{"rendered":"https:\/\/guineediversite.com\/?p=21703"},"modified":"2017-09-07T01:06:23","modified_gmt":"2017-09-06T23:06:23","slug":"reprise-manifestations-lopposition-annonce-date","status":"publish","type":"post","link":"https:\/\/guineediversite.com\/index.php\/2017\/09\/07\/reprise-manifestations-lopposition-annonce-date\/","title":{"rendered":"Reprise des manifestations :\u00a0l&rsquo;opposition annonce une date\u00a0"},"content":{"rendered":"<p><strong><span id=\"p2\">Ce mercredi 6 septembre 2017, les membres de l&rsquo;opposition r\u00e9publicaine se sont r\u00e9unis en pl\u00e9ni\u00e8re au QG de l&rsquo;<span id=\"25\" class=\"s-rg-t\">UFDG<\/span>\u00a0\u00e0\u00a0<span id=\"26\" class=\"s-rg-t\">Hamdallaye-CBG<\/span>, dans la commune de\u00a0<span id=\"27\" class=\"s-rg-t\">Ratoma<\/span>.<\/span><span id=\"p3\">\u00a0Au sortir de cette r\u00e9union, les leaders ont annonc\u00e9 la reprise de leurs manifestations de rue, le 20 septembre prochain.<\/span><span id=\"p4\">\u00a0<\/span><\/strong><\/p>\n<p><span id=\"p5\">Face aux hommes de m\u00e9dias,\u00a0<span id=\"28\" class=\"s-rg-t\">Alhousseny<\/span>\u00a0<span id=\"29\" class=\"s-rg-t\">Makanera<\/span>\u00a0<span id=\"30\" class=\"s-rg-t\">Kak\u00e9<\/span>\u00a0qui a encore jou\u00e9 le r\u00f4le\u00a0de porte-parole\u00a0a d\u00e9clar\u00e9 :<\/span><span id=\"p36\">\u00a0\u00ab <em>L&rsquo;opposition r\u00e9publicaine a d\u00e9cid\u00e9 de la reprise des manifestations \u00e0 partir du 20 septembre<\/em> \u00bb .<\/span><br \/>\n<span id=\"p7\"><br \/>\nSelon lui, cette s\u00e9rie de manifestations qui commence va continuer chaque semaine.<\/span><span id=\"p8\">\u00a0\u00ab <em>Nous commen\u00e7ons le mercredi 20 septembre et le mercredi 27 septembre, nous continuons jusqu&rsquo;\u00e0 ce que nous soyons satisfaits de nos revendications.<\/em><\/span><span id=\"p9\">\u00a0\u00bb<br \/>\n<\/span><br \/>\n<span id=\"p10\">Parlant de l&rsquo;itin\u00e9raire de ces manifestations,\u00a0<span id=\"16\" class=\"s-rg-t\">Alhousseny<\/span>\u00a0<span id=\"17\" class=\"s-rg-t\">Makanera<\/span>\u00a0pr\u00e9cise :<\/span><span id=\"p35\">\u00a0\u00ab <em>Pour un d\u00e9part, nous maintenons seulement Conakry et nous allons \u00e9tendre progressivement \u00e0 l&rsquo;int\u00e9rieur du pays.<\/em><\/span><em><span id=\"p12\">\u00a0L&rsquo;itin\u00e9raire, c&rsquo;est de\u00a0<span id=\"22\" class=\"s-rg-t\">Cosa<\/span>,\u00a0<span id=\"23\" class=\"s-rg-t\">Hamdallaye<\/span>\u00a0jusqu&rsquo;\u00e0 l&rsquo;esplanade du stade du 28\u00a0septembre.<\/span><span id=\"p13\">\u00a0Et le 27 septembre, nous allons commencer \u00e0 partir de la Tannerie jusqu&rsquo;\u00e0 stade du 28 septembre.\u00bb<\/span><\/em><\/p>\n","protected":false},"excerpt":{"rendered":"<p>Ce mercredi 6 septembre 2017, les membres de l&rsquo;opposition r\u00e9publicaine se sont r\u00e9unis en pl\u00e9ni\u00e8re au QG de l&rsquo;UFDG\u00a0\u00e0\u00a0Hamdallaye-CBG, dans la commune de\u00a0Ratoma.\u00a0Au sortir de cette r\u00e9union, les leaders ont annonc\u00e9 la reprise de leurs manifestations de rue, le 20 septembre prochain.\u00a0 Face aux hommes de m\u00e9dias,\u00a0Alhousseny\u00a0Makanera\u00a0Kak\u00e9\u00a0qui a encore jou\u00e9 le r\u00f4le\u00a0de porte-parole\u00a0a d\u00e9clar\u00e9 :\u00a0\u00ab [&hellip;]<\/p>\n","protected":false},"author":9,"featured_media":21704,"comment_status":"closed","ping_status":"closed","sticky":false,"template":"","format":"standard","meta":{"_exactmetrics_skip_tracking":false,"_exactmetrics_sitenote_active":false,"_exactmetrics_sitenote_note":"","_exactmetrics_sitenote_category":0,"tdm_status":"","tdm_grid_status":"","footnotes":""},"categories":[14],"tags":[],"class_list":{"0":"post-21703","1":"post","2":"type-post","3":"status-publish","4":"format-standard","5":"has-post-thumbnail","7":"category-politique"},"yoast_head":"<!-- This site is optimized with the Yoast SEO plugin v24.2 - https:\/\/yoast.com\/wordpress\/plugins\/seo\/ -->\n<title>Reprise des manifestations :\u00a0l&#039;opposition annonce une date\u00a0 | Guin\u00e9e Diversit\u00e9<\/title>\n<meta name=\"robots\" content=\"index, follow, max-snippet:-1, max-image-preview:large, max-video-preview:-1\" \/>\n<link rel=\"canonical\" href=\"https:\/\/guineediversite.com\/index.php\/2017\/09\/07\/reprise-manifestations-lopposition-annonce-date\/\" \/>\n<meta property=\"og:locale\" content=\"fr_FR\" \/>\n<meta property=\"og:type\" content=\"article\" \/>\n<meta property=\"og:title\" content=\"Reprise des manifestations :\u00a0l&#039;opposition annonce une date\u00a0 | Guin\u00e9e Diversit\u00e9\" \/>\n<meta property=\"og:description\" content=\"Ce mercredi 6 septembre 2017, les membres de l&rsquo;opposition r\u00e9publicaine se sont r\u00e9unis en pl\u00e9ni\u00e8re au QG de l&rsquo;UFDG\u00a0\u00e0\u00a0Hamdallaye-CBG, dans la commune de\u00a0Ratoma.\u00a0Au sortir de cette r\u00e9union, les leaders ont annonc\u00e9 la reprise de leurs manifestations de rue, le 20 septembre prochain.\u00a0 Face aux hommes de m\u00e9dias,\u00a0Alhousseny\u00a0Makanera\u00a0Kak\u00e9\u00a0qui a encore jou\u00e9 le r\u00f4le\u00a0de porte-parole\u00a0a d\u00e9clar\u00e9 :\u00a0\u00ab [&hellip;]\" \/>\n<meta property=\"og:url\" content=\"https:\/\/guineediversite.com\/index.php\/2017\/09\/07\/reprise-manifestations-lopposition-annonce-date\/\" \/>\n<meta property=\"og:site_name\" content=\"Guin\u00e9e Diversit\u00e9\" \/>\n<meta property=\"article:publisher\" content=\"https:\/\/www.facebook.com\/guineediversite\/\" \/>\n<meta property=\"article:published_time\" content=\"2017-09-06T23:05:49+00:00\" \/>\n<meta property=\"article:modified_time\" content=\"2017-09-06T23:06:23+00:00\" \/>\n<meta property=\"og:image\" content=\"https:\/\/guineediversite.com\/wp-content\/uploads\/2017\/09\/Opposition-rep.jpg\" \/>\n\t<meta property=\"og:image:width\" content=\"960\" \/>\n\t<meta property=\"og:image:height\" content=\"720\" \/>\n\t<meta property=\"og:image:type\" content=\"image\/jpeg\" \/>\n<meta name=\"author\" content=\"Mohamed Soumah\" \/>\n<meta name=\"twitter:card\" content=\"summary_large_image\" \/>\n<meta name=\"twitter:creator\" content=\"@GuineeDiversite\" \/>\n<meta name=\"twitter:site\" content=\"@GuineeDiversite\" \/>\n<meta name=\"twitter:label1\" content=\"\u00c9crit par\" \/>\n\t<meta name=\"twitter:data1\" content=\"Mohamed Soumah\" \/>\n\t<meta name=\"twitter:label2\" content=\"Dur\u00e9e de lecture estim\u00e9e\" \/>\n\t<meta name=\"twitter:data2\" content=\"1 minute\" \/>\n<script type=\"application\/ld+json\" class=\"yoast-schema-graph\">{\"@context\":\"https:\/\/schema.org\",\"@graph\":[{\"@type\":\"Article\",\"@id\":\"https:\/\/guineediversite.com\/index.php\/2017\/09\/07\/reprise-manifestations-lopposition-annonce-date\/#article\",\"isPartOf\":{\"@id\":\"https:\/\/guineediversite.com\/index.php\/2017\/09\/07\/reprise-manifestations-lopposition-annonce-date\/\"},\"author\":{\"name\":\"Mohamed Soumah\",\"@id\":\"https:\/\/guineediversite.com\/#\/schema\/person\/6fd709a160384bf74b931ededf0856f3\"},\"headline\":\"Reprise des manifestations :\u00a0l&rsquo;opposition annonce une date\u00a0\",\"datePublished\":\"2017-09-06T23:05:49+00:00\",\"dateModified\":\"2017-09-06T23:06:23+00:00\",\"mainEntityOfPage\":{\"@id\":\"https:\/\/guineediversite.com\/index.php\/2017\/09\/07\/reprise-manifestations-lopposition-annonce-date\/\"},\"wordCount\":186,\"publisher\":{\"@id\":\"https:\/\/guineediversite.com\/#organization\"},\"image\":{\"@id\":\"https:\/\/guineediversite.com\/index.php\/2017\/09\/07\/reprise-manifestations-lopposition-annonce-date\/#primaryimage\"},\"thumbnailUrl\":\"https:\/\/guineediversite.com\/wp-content\/uploads\/2017\/09\/Opposition-rep.jpg\",\"articleSection\":[\"Politique\"],\"inLanguage\":\"fr-FR\"},{\"@type\":\"WebPage\",\"@id\":\"https:\/\/guineediversite.com\/index.php\/2017\/09\/07\/reprise-manifestations-lopposition-annonce-date\/\",\"url\":\"https:\/\/guineediversite.com\/index.php\/2017\/09\/07\/reprise-manifestations-lopposition-annonce-date\/\",\"name\":\"Reprise des manifestations :\u00a0l'opposition annonce une date\u00a0 | Guin\u00e9e Diversit\u00e9\",\"isPartOf\":{\"@id\":\"https:\/\/guineediversite.com\/#website\"},\"primaryImageOfPage\":{\"@id\":\"https:\/\/guineediversite.com\/index.php\/2017\/09\/07\/reprise-manifestations-lopposition-annonce-date\/#primaryimage\"},\"image\":{\"@id\":\"https:\/\/guineediversite.com\/index.php\/2017\/09\/07\/reprise-manifestations-lopposition-annonce-date\/#primaryimage\"},\"thumbnailUrl\":\"https:\/\/guineediversite.com\/wp-content\/uploads\/2017\/09\/Opposition-rep.jpg\",\"datePublished\":\"2017-09-06T23:05:49+00:00\",\"dateModified\":\"2017-09-06T23:06:23+00:00\",\"breadcrumb\":{\"@id\":\"https:\/\/guineediversite.com\/index.php\/2017\/09\/07\/reprise-manifestations-lopposition-annonce-date\/#breadcrumb\"},\"inLanguage\":\"fr-FR\",\"potentialAction\":[{\"@type\":\"ReadAction\",\"target\":[\"https:\/\/guineediversite.com\/index.php\/2017\/09\/07\/reprise-manifestations-lopposition-annonce-date\/\"]}]},{\"@type\":\"ImageObject\",\"inLanguage\":\"fr-FR\",\"@id\":\"https:\/\/guineediversite.com\/index.php\/2017\/09\/07\/reprise-manifestations-lopposition-annonce-date\/#primaryimage\",\"url\":\"https:\/\/guineediversite.com\/wp-content\/uploads\/2017\/09\/Opposition-rep.jpg\",\"contentUrl\":\"https:\/\/guineediversite.com\/wp-content\/uploads\/2017\/09\/Opposition-rep.jpg\",\"width\":960,\"height\":720},{\"@type\":\"BreadcrumbList\",\"@id\":\"https:\/\/guineediversite.com\/index.php\/2017\/09\/07\/reprise-manifestations-lopposition-annonce-date\/#breadcrumb\",\"itemListElement\":[{\"@type\":\"ListItem\",\"position\":1,\"name\":\"Accueil\",\"item\":\"https:\/\/guineediversite.com\/\"},{\"@type\":\"ListItem\",\"position\":2,\"name\":\"Reprise des manifestations :\u00a0l&rsquo;opposition annonce une date\u00a0\"}]},{\"@type\":\"WebSite\",\"@id\":\"https:\/\/guineediversite.com\/#website\",\"url\":\"https:\/\/guineediversite.com\/\",\"name\":\"Guin\u00e9e Diversit\u00e9\",\"description\":\"L&#039;Info dans toute sa diversit\u00e9\",\"publisher\":{\"@id\":\"https:\/\/guineediversite.com\/#organization\"},\"potentialAction\":[{\"@type\":\"SearchAction\",\"target\":{\"@type\":\"EntryPoint\",\"urlTemplate\":\"https:\/\/guineediversite.com\/?s={search_term_string}\"},\"query-input\":{\"@type\":\"PropertyValueSpecification\",\"valueRequired\":true,\"valueName\":\"search_term_string\"}}],\"inLanguage\":\"fr-FR\"},{\"@type\":\"Organization\",\"@id\":\"https:\/\/guineediversite.com\/#organization\",\"name\":\"Guin\u00e9e Diversit\u00e9\",\"url\":\"https:\/\/guineediversite.com\/\",\"logo\":{\"@type\":\"ImageObject\",\"inLanguage\":\"fr-FR\",\"@id\":\"https:\/\/guineediversite.com\/#\/schema\/logo\/image\/\",\"url\":\"https:\/\/guineediversite.com\/wp-content\/uploads\/2017\/04\/cropped-1jojlxEOMkX9Wyqfhe43D6kjPOGqBBKmx3EwWJqZ0cMrFF54yM49.png\",\"contentUrl\":\"https:\/\/guineediversite.com\/wp-content\/uploads\/2017\/04\/cropped-1jojlxEOMkX9Wyqfhe43D6kjPOGqBBKmx3EwWJqZ0cMrFF54yM49.png\",\"width\":186,\"height\":112,\"caption\":\"Guin\u00e9e Diversit\u00e9\"},\"image\":{\"@id\":\"https:\/\/guineediversite.com\/#\/schema\/logo\/image\/\"},\"sameAs\":[\"https:\/\/www.facebook.com\/guineediversite\/\",\"https:\/\/x.com\/GuineeDiversite\",\"https:\/\/www.youtube.com\/channel\/UC8sUY16qelG5ge6_D5SB83g\"]},{\"@type\":\"Person\",\"@id\":\"https:\/\/guineediversite.com\/#\/schema\/person\/6fd709a160384bf74b931ededf0856f3\",\"name\":\"Mohamed Soumah\",\"image\":{\"@type\":\"ImageObject\",\"inLanguage\":\"fr-FR\",\"@id\":\"https:\/\/guineediversite.com\/#\/schema\/person\/image\/\",\"url\":\"https:\/\/secure.gravatar.com\/avatar\/4c1e00b5ab2c2b85b5c9be70590b9f67?s=96&d=mm&r=g\",\"contentUrl\":\"https:\/\/secure.gravatar.com\/avatar\/4c1e00b5ab2c2b85b5c9be70590b9f67?s=96&d=mm&r=g\",\"caption\":\"Mohamed Soumah\"},\"url\":\"https:\/\/guineediversite.com\/index.php\/author\/mohamed\/\"}]}<\/script>\n<!-- \/ Yoast SEO plugin. -->","yoast_head_json":{"title":"Reprise des manifestations :\u00a0l'opposition annonce une date\u00a0 | Guin\u00e9e Diversit\u00e9","robots":{"index":"index","follow":"follow","max-snippet":"max-snippet:-1","max-image-preview":"max-image-preview:large","max-video-preview":"max-video-preview:-1"},"canonical":"https:\/\/guineediversite.com\/index.php\/2017\/09\/07\/reprise-manifestations-lopposition-annonce-date\/","og_locale":"fr_FR","og_type":"article","og_title":"Reprise des manifestations :\u00a0l'opposition annonce une date\u00a0 | Guin\u00e9e Diversit\u00e9","og_description":"Ce mercredi 6 septembre 2017, les membres de l&rsquo;opposition r\u00e9publicaine se sont r\u00e9unis en pl\u00e9ni\u00e8re au QG de l&rsquo;UFDG\u00a0\u00e0\u00a0Hamdallaye-CBG, dans la commune de\u00a0Ratoma.\u00a0Au sortir de cette r\u00e9union, les leaders ont annonc\u00e9 la reprise de leurs manifestations de rue, le 20 septembre prochain.\u00a0 Face aux hommes de m\u00e9dias,\u00a0Alhousseny\u00a0Makanera\u00a0Kak\u00e9\u00a0qui a encore jou\u00e9 le r\u00f4le\u00a0de porte-parole\u00a0a d\u00e9clar\u00e9 :\u00a0\u00ab [&hellip;]","og_url":"https:\/\/guineediversite.com\/index.php\/2017\/09\/07\/reprise-manifestations-lopposition-annonce-date\/","og_site_name":"Guin\u00e9e Diversit\u00e9","article_publisher":"https:\/\/www.facebook.com\/guineediversite\/","article_published_time":"2017-09-06T23:05:49+00:00","article_modified_time":"2017-09-06T23:06:23+00:00","og_image":[{"width":960,"height":720,"url":"https:\/\/guineediversite.com\/wp-content\/uploads\/2017\/09\/Opposition-rep.jpg","type":"image\/jpeg"}],"author":"Mohamed Soumah","twitter_card":"summary_large_image","twitter_creator":"@GuineeDiversite","twitter_site":"@GuineeDiversite","twitter_misc":{"\u00c9crit par":"Mohamed Soumah","Dur\u00e9e de lecture estim\u00e9e":"1 minute"},"schema":{"@context":"https:\/\/schema.org","@graph":[{"@type":"Article","@id":"https:\/\/guineediversite.com\/index.php\/2017\/09\/07\/reprise-manifestations-lopposition-annonce-date\/#article","isPartOf":{"@id":"https:\/\/guineediversite.com\/index.php\/2017\/09\/07\/reprise-manifestations-lopposition-annonce-date\/"},"author":{"name":"Mohamed Soumah","@id":"https:\/\/guineediversite.com\/#\/schema\/person\/6fd709a160384bf74b931ededf0856f3"},"headline":"Reprise des manifestations :\u00a0l&rsquo;opposition annonce une date\u00a0","datePublished":"2017-09-06T23:05:49+00:00","dateModified":"2017-09-06T23:06:23+00:00","mainEntityOfPage":{"@id":"https:\/\/guineediversite.com\/index.php\/2017\/09\/07\/reprise-manifestations-lopposition-annonce-date\/"},"wordCount":186,"publisher":{"@id":"https:\/\/guineediversite.com\/#organization"},"image":{"@id":"https:\/\/guineediversite.com\/index.php\/2017\/09\/07\/reprise-manifestations-lopposition-annonce-date\/#primaryimage"},"thumbnailUrl":"https:\/\/guineediversite.com\/wp-content\/uploads\/2017\/09\/Opposition-rep.jpg","articleSection":["Politique"],"inLanguage":"fr-FR"},{"@type":"WebPage","@id":"https:\/\/guineediversite.com\/index.php\/2017\/09\/07\/reprise-manifestations-lopposition-annonce-date\/","url":"https:\/\/guineediversite.com\/index.php\/2017\/09\/07\/reprise-manifestations-lopposition-annonce-date\/","name":"Reprise des manifestations :\u00a0l'opposition annonce une date\u00a0 | Guin\u00e9e Diversit\u00e9","isPartOf":{"@id":"https:\/\/guineediversite.com\/#website"},"primaryImageOfPage":{"@id":"https:\/\/guineediversite.com\/index.php\/2017\/09\/07\/reprise-manifestations-lopposition-annonce-date\/#primaryimage"},"image":{"@id":"https:\/\/guineediversite.com\/index.php\/2017\/09\/07\/reprise-manifestations-lopposition-annonce-date\/#primaryimage"},"thumbnailUrl":"https:\/\/guineediversite.com\/wp-content\/uploads\/2017\/09\/Opposition-rep.jpg","datePublished":"2017-09-06T23:05:49+00:00","dateModified":"2017-09-06T23:06:23+00:00","breadcrumb":{"@id":"https:\/\/guineediversite.com\/index.php\/2017\/09\/07\/reprise-manifestations-lopposition-annonce-date\/#breadcrumb"},"inLanguage":"fr-FR","potentialAction":[{"@type":"ReadAction","target":["https:\/\/guineediversite.com\/index.php\/2017\/09\/07\/reprise-manifestations-lopposition-annonce-date\/"]}]},{"@type":"ImageObject","inLanguage":"fr-FR","@id":"https:\/\/guineediversite.com\/index.php\/2017\/09\/07\/reprise-manifestations-lopposition-annonce-date\/#primaryimage","url":"https:\/\/guineediversite.com\/wp-content\/uploads\/2017\/09\/Opposition-rep.jpg","contentUrl":"https:\/\/guineediversite.com\/wp-content\/uploads\/2017\/09\/Opposition-rep.jpg","width":960,"height":720},{"@type":"BreadcrumbList","@id":"https:\/\/guineediversite.com\/index.php\/2017\/09\/07\/reprise-manifestations-lopposition-annonce-date\/#breadcrumb","itemListElement":[{"@type":"ListItem","position":1,"name":"Accueil","item":"https:\/\/guineediversite.com\/"},{"@type":"ListItem","position":2,"name":"Reprise des manifestations :\u00a0l&rsquo;opposition annonce une date\u00a0"}]},{"@type":"WebSite","@id":"https:\/\/guineediversite.com\/#website","url":"https:\/\/guineediversite.com\/","name":"Guin\u00e9e Diversit\u00e9","description":"L&#039;Info dans toute sa diversit\u00e9","publisher":{"@id":"https:\/\/guineediversite.com\/#organization"},"potentialAction":[{"@type":"SearchAction","target":{"@type":"EntryPoint","urlTemplate":"https:\/\/guineediversite.com\/?s={search_term_string}"},"query-input":{"@type":"PropertyValueSpecification","valueRequired":true,"valueName":"search_term_string"}}],"inLanguage":"fr-FR"},{"@type":"Organization","@id":"https:\/\/guineediversite.com\/#organization","name":"Guin\u00e9e Diversit\u00e9","url":"https:\/\/guineediversite.com\/","logo":{"@type":"ImageObject","inLanguage":"fr-FR","@id":"https:\/\/guineediversite.com\/#\/schema\/logo\/image\/","url":"https:\/\/guineediversite.com\/wp-content\/uploads\/2017\/04\/cropped-1jojlxEOMkX9Wyqfhe43D6kjPOGqBBKmx3EwWJqZ0cMrFF54yM49.png","contentUrl":"https:\/\/guineediversite.com\/wp-content\/uploads\/2017\/04\/cropped-1jojlxEOMkX9Wyqfhe43D6kjPOGqBBKmx3EwWJqZ0cMrFF54yM49.png","width":186,"height":112,"caption":"Guin\u00e9e Diversit\u00e9"},"image":{"@id":"https:\/\/guineediversite.com\/#\/schema\/logo\/image\/"},"sameAs":["https:\/\/www.facebook.com\/guineediversite\/","https:\/\/x.com\/GuineeDiversite","https:\/\/www.youtube.com\/channel\/UC8sUY16qelG5ge6_D5SB83g"]},{"@type":"Person","@id":"https:\/\/guineediversite.com\/#\/schema\/person\/6fd709a160384bf74b931ededf0856f3","name":"Mohamed Soumah","image":{"@type":"ImageObject","inLanguage":"fr-FR","@id":"https:\/\/guineediversite.com\/#\/schema\/person\/image\/","url":"https:\/\/secure.gravatar.com\/avatar\/4c1e00b5ab2c2b85b5c9be70590b9f67?s=96&d=mm&r=g","contentUrl":"https:\/\/secure.gravatar.com\/avatar\/4c1e00b5ab2c2b85b5c9be70590b9f67?s=96&d=mm&r=g","caption":"Mohamed Soumah"},"url":"https:\/\/guineediversite.com\/index.php\/author\/mohamed\/"}]}},"_links":{"self":[{"href":"https:\/\/guineediversite.com\/index.php\/wp-json\/wp\/v2\/posts\/21703"}],"collection":[{"href":"https:\/\/guineediversite.com\/index.php\/wp-json\/wp\/v2\/posts"}],"about":[{"href":"https:\/\/guineediversite.com\/index.php\/wp-json\/wp\/v2\/types\/post"}],"author":[{"embeddable":true,"href":"https:\/\/guineediversite.com\/index.php\/wp-json\/wp\/v2\/users\/9"}],"replies":[{"embeddable":true,"href":"https:\/\/guineediversite.com\/index.php\/wp-json\/wp\/v2\/comments?post=21703"}],"version-history":[{"count":0,"href":"https:\/\/guineediversite.com\/index.php\/wp-json\/wp\/v2\/posts\/21703\/revisions"}],"wp:featuredmedia":[{"embeddable":true,"href":"https:\/\/guineediversite.com\/index.php\/wp-json\/wp\/v2\/media\/21704"}],"wp:attachment":[{"href":"https:\/\/guineediversite.com\/index.php\/wp-json\/wp\/v2\/media?parent=21703"}],"wp:term":[{"taxonomy":"category","embeddable":true,"href":"https:\/\/guineediversite.com\/index.php\/wp-json\/wp\/v2\/categories?post=21703"},{"taxonomy":"post_tag","embeddable":true,"href":"https:\/\/guineediversite.com\/index.php\/wp-json\/wp\/v2\/tags?post=21703"}],"curies":[{"name":"wp","href":"https:\/\/api.w.org\/{rel}","templated":true}]}}