{"id":21694,"date":"2017-09-06T15:13:56","date_gmt":"2017-09-06T13:13:56","guid":{"rendered":"https:\/\/guineediversite.com\/?p=21694"},"modified":"2017-09-06T15:13:56","modified_gmt":"2017-09-06T13:13:56","slug":"crise-rohingyas-suu-kyi-denonce-desinformation","status":"publish","type":"post","link":"https:\/\/guineediversite.com\/index.php\/2017\/09\/06\/crise-rohingyas-suu-kyi-denonce-desinformation\/","title":{"rendered":"Crise des Rohingyas: Suu Kyi d\u00e9nonce la \u00abd\u00e9sinformation\u00bb"},"content":{"rendered":"<p>Aung San Suu Kyi, qui dirige de facto le gouvernement birman, a d\u00e9nonc\u00e9 mercredi l'\u00a0\u00bbiceberg de d\u00e9sinformation\u00a0\u00bb donnant selon elle une vision trompeuse de la crise des musulmans rohingyas, qui alarme la communaut\u00e9 internationale.<\/p>\n<p>C&rsquo;est le premier commentaire officiel, depuis le d\u00e9but des troubles fin ao\u00fbt de la prix Nobel de la paix, tr\u00e8s critiqu\u00e9e \u00e0 l&rsquo;\u00e9tranger pour son silence sur le sort de cette minorit\u00e9 musulmane, qui fuit par dizaines de milliers au Bangladesh.<\/p>\n<p><img loading=\"lazy\" decoding=\"async\" class=\" wp-image-21697 alignleft\" src=\"https:\/\/guineediversite.com.bwjx4292.odns.fr\/wp-content\/uploads\/2017\/09\/31379eb15994dd132d9023089cf3127d5fe788f3-300x200.jpg\" alt=\"\" width=\"320\" height=\"213\" srcset=\"https:\/\/guineediversite.com\/wp-content\/uploads\/2017\/09\/31379eb15994dd132d9023089cf3127d5fe788f3-300x200.jpg 300w, https:\/\/guineediversite.com\/wp-content\/uploads\/2017\/09\/31379eb15994dd132d9023089cf3127d5fe788f3.jpg 768w, https:\/\/guineediversite.com\/wp-content\/uploads\/2017\/09\/31379eb15994dd132d9023089cf3127d5fe788f3-600x400.jpg 600w\" sizes=\"(max-width: 320px) 100vw, 320px\" \/><\/p>\n<p>La compassion internationale \u00e0 l&rsquo;\u00e9gard des musulmans rohingyas est le r\u00e9sultat d&rsquo;un \u00ab\u00a0\u00e9norme iceberg de d\u00e9sinformation cr\u00e9\u00e9 pour g\u00e9n\u00e9rer des probl\u00e8mes entre les diff\u00e9rentes communaut\u00e9s et promouvoir les int\u00e9r\u00eats des terroristes\u00a0\u00bb, a-t-elle d\u00e9clar\u00e9 lors d&rsquo;un \u00e9change t\u00e9l\u00e9phonique avec le pr\u00e9sident turc Recep Tayyip Erdogan. Ce dernier a \u00e0 plusieurs reprises condamn\u00e9 la r\u00e9ponse du gouvernement birman \u00e0 cette crise, parlant de \u00ab\u00a0g\u00e9nocide\u00a0\u00bb dans cette r\u00e9gion du nord-ouest de la Birmanie, l\u2019\u00c9tat Rakhine. Une accusation rejet\u00e9e par Aung San Suu Kyi, qui a toujours d\u00e9fendu l&rsquo;action de l&rsquo;arm\u00e9e, et affirm\u00e9 que son pays fait \u00ab\u00a0en sorte que tous les habitants voient leurs droits prot\u00e9g\u00e9s\u00a0\u00bb.<\/p>\n<p>D&rsquo;apr\u00e8s les organisations humanitaires, outre les 146.000 r\u00e9fugi\u00e9s, principalement Rohingyas, arriv\u00e9s au Bangladesh depuis le 25 ao\u00fbt, des milliers de personnes seraient en route et certaines toujours bloqu\u00e9es \u00e0 la fronti\u00e8re.<\/p>\n<p>\u00ab\u00a0J&rsquo;ai march\u00e9 pendant sept jours avec ma famille portant ma m\u00e8re de 90 ans sur mon dos\u00a0\u00bb, raconte Ali Ahammad, un Rohingya de 38 ans, maigre et \u00e9puis\u00e9.<\/p>\n<p><img loading=\"lazy\" decoding=\"async\" class=\" wp-image-21696 alignright\" src=\"https:\/\/guineediversite.com.bwjx4292.odns.fr\/wp-content\/uploads\/2017\/09\/379bcd179900f9ff8c3160f3f3cba0da384a16ef-300x200.jpg\" alt=\"\" width=\"437\" height=\"291\" srcset=\"https:\/\/guineediversite.com\/wp-content\/uploads\/2017\/09\/379bcd179900f9ff8c3160f3f3cba0da384a16ef-300x200.jpg 300w, https:\/\/guineediversite.com\/wp-content\/uploads\/2017\/09\/379bcd179900f9ff8c3160f3f3cba0da384a16ef.jpg 768w, https:\/\/guineediversite.com\/wp-content\/uploads\/2017\/09\/379bcd179900f9ff8c3160f3f3cba0da384a16ef-600x400.jpg 600w\" sizes=\"(max-width: 437px) 100vw, 437px\" \/>Nombre de Rohingyas tentent leur chance sur des rafiots de p\u00eache \u00e0 travers la rivi\u00e8re Naf, qui marque une fronti\u00e8re naturelle entre la Birmanie et la pointe sud-est du Bangladesh. Une solution risqu\u00e9e, les flots de ce cours d&rsquo;eau pouvant \u00eatre particuli\u00e8rement capricieux en cette p\u00e9riode de mousson en Asie du Sud.<\/p>\n<p>Mercredi, les corps de cinq enfants noy\u00e9s dans le naufrage de leur bateau se sont \u00e9chou\u00e9s c\u00f4t\u00e9 Bangladesh.<\/p>\n<p>\u00ab\u00a0J&rsquo;ai d\u00fb vendre les bijoux en or de mon mariage pour payer le bateau pour arriver au Bangladesh. Nous sommes saufs mais nous ne sommes aujourd&rsquo;hui plus que des r\u00e9fugi\u00e9s sans le sou\u00a0\u00bb rench\u00e9rit Gul Bahar, m\u00e8re rohingya de six enfants.<\/p>\n<p>Les violences ont commenc\u00e9 par l&rsquo;attaque le 25 ao\u00fbt de dizaines de postes de police par les rebelles de l&rsquo;Arakan Rohingya Salvation Army (ARSA), qui dit vouloir d\u00e9fendre la minorit\u00e9 rohingya.<\/p>\n<p>Depuis, l&rsquo;arm\u00e9e birmane a d\u00e9clench\u00e9 une vaste op\u00e9ration dans cette r\u00e9gion pauvre et recul\u00e9e, l\u2019\u00c9tat Rakhine, qui a fait 400 morts.<\/p>\n<p>Jusqu&rsquo;\u00e0 pr\u00e9sent, les Rohingyas n&rsquo;avaient presque jamais recouru \u00e0 la lutte arm\u00e9e. La donne a chang\u00e9 en octobre 2016 avec les premi\u00e8res attaques de l&rsquo;ARSA.<\/p>\n<p>AFP<\/p>\n","protected":false},"excerpt":{"rendered":"<p>Aung San Suu Kyi, qui dirige de facto le gouvernement birman, a d\u00e9nonc\u00e9 mercredi l&rsquo;\u00a0\u00bbiceberg de d\u00e9sinformation\u00a0\u00bb donnant selon elle une vision trompeuse de la crise des musulmans rohingyas, qui alarme la communaut\u00e9 internationale. C&rsquo;est le premier commentaire officiel, depuis le d\u00e9but des troubles fin ao\u00fbt de la prix Nobel de la paix, tr\u00e8s critiqu\u00e9e [&hellip;]<\/p>\n","protected":false},"author":6,"featured_media":21695,"comment_status":"closed","ping_status":"closed","sticky":false,"template":"","format":"standard","meta":{"_exactmetrics_skip_tracking":false,"_exactmetrics_sitenote_active":false,"_exactmetrics_sitenote_note":"","_exactmetrics_sitenote_category":0,"tdm_status":"","tdm_grid_status":"","footnotes":""},"categories":[21],"tags":[],"class_list":{"0":"post-21694","1":"post","2":"type-post","3":"status-publish","4":"format-standard","5":"has-post-thumbnail","7":"category-international"},"yoast_head":"<!-- This site is optimized with the Yoast SEO plugin v24.2 - https:\/\/yoast.com\/wordpress\/plugins\/seo\/ -->\n<title>Crise des Rohingyas: Suu Kyi d\u00e9nonce la \u00abd\u00e9sinformation\u00bb | Guin\u00e9e Diversit\u00e9<\/title>\n<meta name=\"robots\" content=\"index, follow, max-snippet:-1, max-image-preview:large, max-video-preview:-1\" \/>\n<link rel=\"canonical\" href=\"https:\/\/guineediversite.com\/index.php\/2017\/09\/06\/crise-rohingyas-suu-kyi-denonce-desinformation\/\" \/>\n<meta property=\"og:locale\" content=\"fr_FR\" \/>\n<meta property=\"og:type\" content=\"article\" \/>\n<meta property=\"og:title\" content=\"Crise des Rohingyas: Suu Kyi d\u00e9nonce la \u00abd\u00e9sinformation\u00bb | Guin\u00e9e Diversit\u00e9\" \/>\n<meta property=\"og:description\" content=\"Aung San Suu Kyi, qui dirige de facto le gouvernement birman, a d\u00e9nonc\u00e9 mercredi l&#039;\u00a0\u00bbiceberg de d\u00e9sinformation\u00a0\u00bb donnant selon elle une vision trompeuse de la crise des musulmans rohingyas, qui alarme la communaut\u00e9 internationale. C&rsquo;est le premier commentaire officiel, depuis le d\u00e9but des troubles fin ao\u00fbt de la prix Nobel de la paix, tr\u00e8s critiqu\u00e9e [&hellip;]\" \/>\n<meta property=\"og:url\" content=\"https:\/\/guineediversite.com\/index.php\/2017\/09\/06\/crise-rohingyas-suu-kyi-denonce-desinformation\/\" \/>\n<meta property=\"og:site_name\" content=\"Guin\u00e9e Diversit\u00e9\" \/>\n<meta property=\"article:publisher\" content=\"https:\/\/www.facebook.com\/guineediversite\/\" \/>\n<meta property=\"article:published_time\" content=\"2017-09-06T13:13:56+00:00\" \/>\n<meta property=\"og:image\" content=\"https:\/\/guineediversite.com\/wp-content\/uploads\/2017\/09\/6c3923d4d17ec80fa962b2d47d5c11679e782e08.jpg\" \/>\n\t<meta property=\"og:image:width\" content=\"768\" \/>\n\t<meta property=\"og:image:height\" content=\"517\" \/>\n\t<meta property=\"og:image:type\" content=\"image\/jpeg\" \/>\n<meta name=\"author\" content=\"TMB\" \/>\n<meta name=\"twitter:card\" content=\"summary_large_image\" \/>\n<meta name=\"twitter:creator\" content=\"@TmoussaBah\" \/>\n<meta name=\"twitter:site\" content=\"@GuineeDiversite\" \/>\n<meta name=\"twitter:label1\" content=\"\u00c9crit par\" \/>\n\t<meta name=\"twitter:data1\" content=\"TMB\" \/>\n\t<meta name=\"twitter:label2\" content=\"Dur\u00e9e de lecture estim\u00e9e\" \/>\n\t<meta name=\"twitter:data2\" content=\"2 minutes\" \/>\n<script type=\"application\/ld+json\" class=\"yoast-schema-graph\">{\"@context\":\"https:\/\/schema.org\",\"@graph\":[{\"@type\":\"Article\",\"@id\":\"https:\/\/guineediversite.com\/index.php\/2017\/09\/06\/crise-rohingyas-suu-kyi-denonce-desinformation\/#article\",\"isPartOf\":{\"@id\":\"https:\/\/guineediversite.com\/index.php\/2017\/09\/06\/crise-rohingyas-suu-kyi-denonce-desinformation\/\"},\"author\":{\"name\":\"TMB\",\"@id\":\"https:\/\/guineediversite.com\/#\/schema\/person\/93f07b8b19c6b61656d0edeba739b9e2\"},\"headline\":\"Crise des Rohingyas: Suu Kyi d\u00e9nonce la \u00abd\u00e9sinformation\u00bb\",\"datePublished\":\"2017-09-06T13:13:56+00:00\",\"dateModified\":\"2017-09-06T13:13:56+00:00\",\"mainEntityOfPage\":{\"@id\":\"https:\/\/guineediversite.com\/index.php\/2017\/09\/06\/crise-rohingyas-suu-kyi-denonce-desinformation\/\"},\"wordCount\":500,\"publisher\":{\"@id\":\"https:\/\/guineediversite.com\/#organization\"},\"image\":{\"@id\":\"https:\/\/guineediversite.com\/index.php\/2017\/09\/06\/crise-rohingyas-suu-kyi-denonce-desinformation\/#primaryimage\"},\"thumbnailUrl\":\"https:\/\/guineediversite.com\/wp-content\/uploads\/2017\/09\/6c3923d4d17ec80fa962b2d47d5c11679e782e08.jpg\",\"articleSection\":[\"International\"],\"inLanguage\":\"fr-FR\"},{\"@type\":\"WebPage\",\"@id\":\"https:\/\/guineediversite.com\/index.php\/2017\/09\/06\/crise-rohingyas-suu-kyi-denonce-desinformation\/\",\"url\":\"https:\/\/guineediversite.com\/index.php\/2017\/09\/06\/crise-rohingyas-suu-kyi-denonce-desinformation\/\",\"name\":\"Crise des Rohingyas: Suu Kyi d\u00e9nonce la \u00abd\u00e9sinformation\u00bb | Guin\u00e9e Diversit\u00e9\",\"isPartOf\":{\"@id\":\"https:\/\/guineediversite.com\/#website\"},\"primaryImageOfPage\":{\"@id\":\"https:\/\/guineediversite.com\/index.php\/2017\/09\/06\/crise-rohingyas-suu-kyi-denonce-desinformation\/#primaryimage\"},\"image\":{\"@id\":\"https:\/\/guineediversite.com\/index.php\/2017\/09\/06\/crise-rohingyas-suu-kyi-denonce-desinformation\/#primaryimage\"},\"thumbnailUrl\":\"https:\/\/guineediversite.com\/wp-content\/uploads\/2017\/09\/6c3923d4d17ec80fa962b2d47d5c11679e782e08.jpg\",\"datePublished\":\"2017-09-06T13:13:56+00:00\",\"dateModified\":\"2017-09-06T13:13:56+00:00\",\"breadcrumb\":{\"@id\":\"https:\/\/guineediversite.com\/index.php\/2017\/09\/06\/crise-rohingyas-suu-kyi-denonce-desinformation\/#breadcrumb\"},\"inLanguage\":\"fr-FR\",\"potentialAction\":[{\"@type\":\"ReadAction\",\"target\":[\"https:\/\/guineediversite.com\/index.php\/2017\/09\/06\/crise-rohingyas-suu-kyi-denonce-desinformation\/\"]}]},{\"@type\":\"ImageObject\",\"inLanguage\":\"fr-FR\",\"@id\":\"https:\/\/guineediversite.com\/index.php\/2017\/09\/06\/crise-rohingyas-suu-kyi-denonce-desinformation\/#primaryimage\",\"url\":\"https:\/\/guineediversite.com\/wp-content\/uploads\/2017\/09\/6c3923d4d17ec80fa962b2d47d5c11679e782e08.jpg\",\"contentUrl\":\"https:\/\/guineediversite.com\/wp-content\/uploads\/2017\/09\/6c3923d4d17ec80fa962b2d47d5c11679e782e08.jpg\",\"width\":768,\"height\":517},{\"@type\":\"BreadcrumbList\",\"@id\":\"https:\/\/guineediversite.com\/index.php\/2017\/09\/06\/crise-rohingyas-suu-kyi-denonce-desinformation\/#breadcrumb\",\"itemListElement\":[{\"@type\":\"ListItem\",\"position\":1,\"name\":\"Accueil\",\"item\":\"https:\/\/guineediversite.com\/\"},{\"@type\":\"ListItem\",\"position\":2,\"name\":\"Crise des Rohingyas: Suu Kyi d\u00e9nonce la \u00abd\u00e9sinformation\u00bb\"}]},{\"@type\":\"WebSite\",\"@id\":\"https:\/\/guineediversite.com\/#website\",\"url\":\"https:\/\/guineediversite.com\/\",\"name\":\"Guin\u00e9e Diversit\u00e9\",\"description\":\"L&#039;Info dans toute sa diversit\u00e9\",\"publisher\":{\"@id\":\"https:\/\/guineediversite.com\/#organization\"},\"potentialAction\":[{\"@type\":\"SearchAction\",\"target\":{\"@type\":\"EntryPoint\",\"urlTemplate\":\"https:\/\/guineediversite.com\/?s={search_term_string}\"},\"query-input\":{\"@type\":\"PropertyValueSpecification\",\"valueRequired\":true,\"valueName\":\"search_term_string\"}}],\"inLanguage\":\"fr-FR\"},{\"@type\":\"Organization\",\"@id\":\"https:\/\/guineediversite.com\/#organization\",\"name\":\"Guin\u00e9e Diversit\u00e9\",\"url\":\"https:\/\/guineediversite.com\/\",\"logo\":{\"@type\":\"ImageObject\",\"inLanguage\":\"fr-FR\",\"@id\":\"https:\/\/guineediversite.com\/#\/schema\/logo\/image\/\",\"url\":\"https:\/\/guineediversite.com\/wp-content\/uploads\/2017\/04\/cropped-1jojlxEOMkX9Wyqfhe43D6kjPOGqBBKmx3EwWJqZ0cMrFF54yM49.png\",\"contentUrl\":\"https:\/\/guineediversite.com\/wp-content\/uploads\/2017\/04\/cropped-1jojlxEOMkX9Wyqfhe43D6kjPOGqBBKmx3EwWJqZ0cMrFF54yM49.png\",\"width\":186,\"height\":112,\"caption\":\"Guin\u00e9e Diversit\u00e9\"},\"image\":{\"@id\":\"https:\/\/guineediversite.com\/#\/schema\/logo\/image\/\"},\"sameAs\":[\"https:\/\/www.facebook.com\/guineediversite\/\",\"https:\/\/x.com\/GuineeDiversite\",\"https:\/\/www.youtube.com\/channel\/UC8sUY16qelG5ge6_D5SB83g\"]},{\"@type\":\"Person\",\"@id\":\"https:\/\/guineediversite.com\/#\/schema\/person\/93f07b8b19c6b61656d0edeba739b9e2\",\"name\":\"TMB\",\"image\":{\"@type\":\"ImageObject\",\"inLanguage\":\"fr-FR\",\"@id\":\"https:\/\/guineediversite.com\/#\/schema\/person\/image\/\",\"url\":\"https:\/\/secure.gravatar.com\/avatar\/2bbb03bec976020eaf4dfa0af0a5259f?s=96&d=mm&r=g\",\"contentUrl\":\"https:\/\/secure.gravatar.com\/avatar\/2bbb03bec976020eaf4dfa0af0a5259f?s=96&d=mm&r=g\",\"caption\":\"TMB\"},\"sameAs\":[\"https:\/\/x.com\/TmoussaBah\"],\"url\":\"https:\/\/guineediversite.com\/index.php\/author\/thierno\/\"}]}<\/script>\n<!-- \/ Yoast SEO plugin. -->","yoast_head_json":{"title":"Crise des Rohingyas: Suu Kyi d\u00e9nonce la \u00abd\u00e9sinformation\u00bb | Guin\u00e9e Diversit\u00e9","robots":{"index":"index","follow":"follow","max-snippet":"max-snippet:-1","max-image-preview":"max-image-preview:large","max-video-preview":"max-video-preview:-1"},"canonical":"https:\/\/guineediversite.com\/index.php\/2017\/09\/06\/crise-rohingyas-suu-kyi-denonce-desinformation\/","og_locale":"fr_FR","og_type":"article","og_title":"Crise des Rohingyas: Suu Kyi d\u00e9nonce la \u00abd\u00e9sinformation\u00bb | Guin\u00e9e Diversit\u00e9","og_description":"Aung San Suu Kyi, qui dirige de facto le gouvernement birman, a d\u00e9nonc\u00e9 mercredi l'\u00a0\u00bbiceberg de d\u00e9sinformation\u00a0\u00bb donnant selon elle une vision trompeuse de la crise des musulmans rohingyas, qui alarme la communaut\u00e9 internationale. C&rsquo;est le premier commentaire officiel, depuis le d\u00e9but des troubles fin ao\u00fbt de la prix Nobel de la paix, tr\u00e8s critiqu\u00e9e [&hellip;]","og_url":"https:\/\/guineediversite.com\/index.php\/2017\/09\/06\/crise-rohingyas-suu-kyi-denonce-desinformation\/","og_site_name":"Guin\u00e9e Diversit\u00e9","article_publisher":"https:\/\/www.facebook.com\/guineediversite\/","article_published_time":"2017-09-06T13:13:56+00:00","og_image":[{"width":768,"height":517,"url":"https:\/\/guineediversite.com\/wp-content\/uploads\/2017\/09\/6c3923d4d17ec80fa962b2d47d5c11679e782e08.jpg","type":"image\/jpeg"}],"author":"TMB","twitter_card":"summary_large_image","twitter_creator":"@TmoussaBah","twitter_site":"@GuineeDiversite","twitter_misc":{"\u00c9crit par":"TMB","Dur\u00e9e de lecture estim\u00e9e":"2 minutes"},"schema":{"@context":"https:\/\/schema.org","@graph":[{"@type":"Article","@id":"https:\/\/guineediversite.com\/index.php\/2017\/09\/06\/crise-rohingyas-suu-kyi-denonce-desinformation\/#article","isPartOf":{"@id":"https:\/\/guineediversite.com\/index.php\/2017\/09\/06\/crise-rohingyas-suu-kyi-denonce-desinformation\/"},"author":{"name":"TMB","@id":"https:\/\/guineediversite.com\/#\/schema\/person\/93f07b8b19c6b61656d0edeba739b9e2"},"headline":"Crise des Rohingyas: Suu Kyi d\u00e9nonce la \u00abd\u00e9sinformation\u00bb","datePublished":"2017-09-06T13:13:56+00:00","dateModified":"2017-09-06T13:13:56+00:00","mainEntityOfPage":{"@id":"https:\/\/guineediversite.com\/index.php\/2017\/09\/06\/crise-rohingyas-suu-kyi-denonce-desinformation\/"},"wordCount":500,"publisher":{"@id":"https:\/\/guineediversite.com\/#organization"},"image":{"@id":"https:\/\/guineediversite.com\/index.php\/2017\/09\/06\/crise-rohingyas-suu-kyi-denonce-desinformation\/#primaryimage"},"thumbnailUrl":"https:\/\/guineediversite.com\/wp-content\/uploads\/2017\/09\/6c3923d4d17ec80fa962b2d47d5c11679e782e08.jpg","articleSection":["International"],"inLanguage":"fr-FR"},{"@type":"WebPage","@id":"https:\/\/guineediversite.com\/index.php\/2017\/09\/06\/crise-rohingyas-suu-kyi-denonce-desinformation\/","url":"https:\/\/guineediversite.com\/index.php\/2017\/09\/06\/crise-rohingyas-suu-kyi-denonce-desinformation\/","name":"Crise des Rohingyas: Suu Kyi d\u00e9nonce la \u00abd\u00e9sinformation\u00bb | Guin\u00e9e Diversit\u00e9","isPartOf":{"@id":"https:\/\/guineediversite.com\/#website"},"primaryImageOfPage":{"@id":"https:\/\/guineediversite.com\/index.php\/2017\/09\/06\/crise-rohingyas-suu-kyi-denonce-desinformation\/#primaryimage"},"image":{"@id":"https:\/\/guineediversite.com\/index.php\/2017\/09\/06\/crise-rohingyas-suu-kyi-denonce-desinformation\/#primaryimage"},"thumbnailUrl":"https:\/\/guineediversite.com\/wp-content\/uploads\/2017\/09\/6c3923d4d17ec80fa962b2d47d5c11679e782e08.jpg","datePublished":"2017-09-06T13:13:56+00:00","dateModified":"2017-09-06T13:13:56+00:00","breadcrumb":{"@id":"https:\/\/guineediversite.com\/index.php\/2017\/09\/06\/crise-rohingyas-suu-kyi-denonce-desinformation\/#breadcrumb"},"inLanguage":"fr-FR","potentialAction":[{"@type":"ReadAction","target":["https:\/\/guineediversite.com\/index.php\/2017\/09\/06\/crise-rohingyas-suu-kyi-denonce-desinformation\/"]}]},{"@type":"ImageObject","inLanguage":"fr-FR","@id":"https:\/\/guineediversite.com\/index.php\/2017\/09\/06\/crise-rohingyas-suu-kyi-denonce-desinformation\/#primaryimage","url":"https:\/\/guineediversite.com\/wp-content\/uploads\/2017\/09\/6c3923d4d17ec80fa962b2d47d5c11679e782e08.jpg","contentUrl":"https:\/\/guineediversite.com\/wp-content\/uploads\/2017\/09\/6c3923d4d17ec80fa962b2d47d5c11679e782e08.jpg","width":768,"height":517},{"@type":"BreadcrumbList","@id":"https:\/\/guineediversite.com\/index.php\/2017\/09\/06\/crise-rohingyas-suu-kyi-denonce-desinformation\/#breadcrumb","itemListElement":[{"@type":"ListItem","position":1,"name":"Accueil","item":"https:\/\/guineediversite.com\/"},{"@type":"ListItem","position":2,"name":"Crise des Rohingyas: Suu Kyi d\u00e9nonce la \u00abd\u00e9sinformation\u00bb"}]},{"@type":"WebSite","@id":"https:\/\/guineediversite.com\/#website","url":"https:\/\/guineediversite.com\/","name":"Guin\u00e9e Diversit\u00e9","description":"L&#039;Info dans toute sa diversit\u00e9","publisher":{"@id":"https:\/\/guineediversite.com\/#organization"},"potentialAction":[{"@type":"SearchAction","target":{"@type":"EntryPoint","urlTemplate":"https:\/\/guineediversite.com\/?s={search_term_string}"},"query-input":{"@type":"PropertyValueSpecification","valueRequired":true,"valueName":"search_term_string"}}],"inLanguage":"fr-FR"},{"@type":"Organization","@id":"https:\/\/guineediversite.com\/#organization","name":"Guin\u00e9e Diversit\u00e9","url":"https:\/\/guineediversite.com\/","logo":{"@type":"ImageObject","inLanguage":"fr-FR","@id":"https:\/\/guineediversite.com\/#\/schema\/logo\/image\/","url":"https:\/\/guineediversite.com\/wp-content\/uploads\/2017\/04\/cropped-1jojlxEOMkX9Wyqfhe43D6kjPOGqBBKmx3EwWJqZ0cMrFF54yM49.png","contentUrl":"https:\/\/guineediversite.com\/wp-content\/uploads\/2017\/04\/cropped-1jojlxEOMkX9Wyqfhe43D6kjPOGqBBKmx3EwWJqZ0cMrFF54yM49.png","width":186,"height":112,"caption":"Guin\u00e9e Diversit\u00e9"},"image":{"@id":"https:\/\/guineediversite.com\/#\/schema\/logo\/image\/"},"sameAs":["https:\/\/www.facebook.com\/guineediversite\/","https:\/\/x.com\/GuineeDiversite","https:\/\/www.youtube.com\/channel\/UC8sUY16qelG5ge6_D5SB83g"]},{"@type":"Person","@id":"https:\/\/guineediversite.com\/#\/schema\/person\/93f07b8b19c6b61656d0edeba739b9e2","name":"TMB","image":{"@type":"ImageObject","inLanguage":"fr-FR","@id":"https:\/\/guineediversite.com\/#\/schema\/person\/image\/","url":"https:\/\/secure.gravatar.com\/avatar\/2bbb03bec976020eaf4dfa0af0a5259f?s=96&d=mm&r=g","contentUrl":"https:\/\/secure.gravatar.com\/avatar\/2bbb03bec976020eaf4dfa0af0a5259f?s=96&d=mm&r=g","caption":"TMB"},"sameAs":["https:\/\/x.com\/TmoussaBah"],"url":"https:\/\/guineediversite.com\/index.php\/author\/thierno\/"}]}},"_links":{"self":[{"href":"https:\/\/guineediversite.com\/index.php\/wp-json\/wp\/v2\/posts\/21694"}],"collection":[{"href":"https:\/\/guineediversite.com\/index.php\/wp-json\/wp\/v2\/posts"}],"about":[{"href":"https:\/\/guineediversite.com\/index.php\/wp-json\/wp\/v2\/types\/post"}],"author":[{"embeddable":true,"href":"https:\/\/guineediversite.com\/index.php\/wp-json\/wp\/v2\/users\/6"}],"replies":[{"embeddable":true,"href":"https:\/\/guineediversite.com\/index.php\/wp-json\/wp\/v2\/comments?post=21694"}],"version-history":[{"count":0,"href":"https:\/\/guineediversite.com\/index.php\/wp-json\/wp\/v2\/posts\/21694\/revisions"}],"wp:featuredmedia":[{"embeddable":true,"href":"https:\/\/guineediversite.com\/index.php\/wp-json\/wp\/v2\/media\/21695"}],"wp:attachment":[{"href":"https:\/\/guineediversite.com\/index.php\/wp-json\/wp\/v2\/media?parent=21694"}],"wp:term":[{"taxonomy":"category","embeddable":true,"href":"https:\/\/guineediversite.com\/index.php\/wp-json\/wp\/v2\/categories?post=21694"},{"taxonomy":"post_tag","embeddable":true,"href":"https:\/\/guineediversite.com\/index.php\/wp-json\/wp\/v2\/tags?post=21694"}],"curies":[{"name":"wp","href":"https:\/\/api.w.org\/{rel}","templated":true}]}}