{"id":21301,"date":"2017-08-14T17:14:16","date_gmt":"2017-08-14T15:14:16","guid":{"rendered":"https:\/\/guineediversite.com\/?p=21301"},"modified":"2017-08-14T18:07:45","modified_gmt":"2017-08-14T16:07:45","slug":"sayon-bamba-visite-de-travail-a-bamako","status":"publish","type":"post","link":"https:\/\/guineediversite.com\/index.php\/2017\/08\/14\/sayon-bamba-visite-de-travail-a-bamako\/","title":{"rendered":"Sayon Bamba en visite de travail \u00e0 Bamako"},"content":{"rendered":"<p>La Directrice G\u00e9n\u00e9rale de l&rsquo;Agence Guin\u00e9enne des Spectacles (AGS), Sayon Bamba est \u00e0 Bamako (Mali) depuis le wee-end dernier pour une prise de contact et s\u00e9ances de travail avec les structures et institutions du monde des spectacles maliens.<\/p>\n<p>Au cours de ce travail, Sayon Bamba rencontrera la Directrice Nationale de l&rsquo;Action Culturelle du Mali, \u00a0Aminata Sy. Sans oublier les responsables de la chaine panafricaine Africable TV et d&rsquo;autres structures en vue de renforcer le partenariat entre les deux structures, aussi promouvoir le spectacle vivant dans les deux pays.<\/p>\n<p>&nbsp;<\/p>\n","protected":false},"excerpt":{"rendered":"<p>La Directrice G\u00e9n\u00e9rale de l&rsquo;Agence Guin\u00e9enne des Spectacles (AGS), Sayon Bamba est \u00e0 Bamako (Mali) depuis le wee-end dernier pour une prise de contact et s\u00e9ances de travail avec les structures et institutions du monde des spectacles maliens. Au cours de ce travail, Sayon Bamba rencontrera la Directrice Nationale de l&rsquo;Action Culturelle du Mali, \u00a0Aminata [&hellip;]<\/p>\n","protected":false},"author":8,"featured_media":21321,"comment_status":"closed","ping_status":"closed","sticky":false,"template":"","format":"standard","meta":{"_exactmetrics_skip_tracking":false,"_exactmetrics_sitenote_active":false,"_exactmetrics_sitenote_note":"","_exactmetrics_sitenote_category":0,"tdm_status":"","tdm_grid_status":"","footnotes":""},"categories":[24],"tags":[],"class_list":{"0":"post-21301","1":"post","2":"type-post","3":"status-publish","4":"format-standard","5":"has-post-thumbnail","7":"category-art-et-culture"},"yoast_head":"<!-- This site is optimized with the Yoast SEO plugin v24.2 - https:\/\/yoast.com\/wordpress\/plugins\/seo\/ -->\n<title>Sayon Bamba en visite de travail \u00e0 Bamako | Guin\u00e9e Diversit\u00e9<\/title>\n<meta name=\"robots\" content=\"index, follow, max-snippet:-1, max-image-preview:large, max-video-preview:-1\" \/>\n<link rel=\"canonical\" href=\"https:\/\/guineediversite.com\/index.php\/2017\/08\/14\/sayon-bamba-visite-de-travail-a-bamako\/\" \/>\n<meta property=\"og:locale\" content=\"fr_FR\" \/>\n<meta property=\"og:type\" content=\"article\" \/>\n<meta property=\"og:title\" content=\"Sayon Bamba en visite de travail \u00e0 Bamako | Guin\u00e9e Diversit\u00e9\" \/>\n<meta property=\"og:description\" content=\"La Directrice G\u00e9n\u00e9rale de l&rsquo;Agence Guin\u00e9enne des Spectacles (AGS), Sayon Bamba est \u00e0 Bamako (Mali) depuis le wee-end dernier pour une prise de contact et s\u00e9ances de travail avec les structures et institutions du monde des spectacles maliens. Au cours de ce travail, Sayon Bamba rencontrera la Directrice Nationale de l&rsquo;Action Culturelle du Mali, \u00a0Aminata [&hellip;]\" \/>\n<meta property=\"og:url\" content=\"https:\/\/guineediversite.com\/index.php\/2017\/08\/14\/sayon-bamba-visite-de-travail-a-bamako\/\" \/>\n<meta property=\"og:site_name\" content=\"Guin\u00e9e Diversit\u00e9\" \/>\n<meta property=\"article:publisher\" content=\"https:\/\/www.facebook.com\/guineediversite\/\" \/>\n<meta property=\"article:published_time\" content=\"2017-08-14T15:14:16+00:00\" \/>\n<meta property=\"article:modified_time\" content=\"2017-08-14T16:07:45+00:00\" \/>\n<meta property=\"og:image\" content=\"https:\/\/guineediversite.com\/wp-content\/uploads\/2017\/08\/calb31848Image7_jpg.jpg\" \/>\n\t<meta property=\"og:image:width\" content=\"400\" \/>\n\t<meta property=\"og:image:height\" content=\"270\" \/>\n\t<meta property=\"og:image:type\" content=\"image\/jpeg\" \/>\n<meta name=\"author\" content=\"Aboubacar Bangoura\" \/>\n<meta name=\"twitter:card\" content=\"summary_large_image\" \/>\n<meta name=\"twitter:creator\" content=\"@GuineeDiversite\" \/>\n<meta name=\"twitter:site\" content=\"@GuineeDiversite\" \/>\n<meta name=\"twitter:label1\" content=\"\u00c9crit par\" \/>\n\t<meta name=\"twitter:data1\" content=\"Aboubacar Bangoura\" \/>\n<script type=\"application\/ld+json\" class=\"yoast-schema-graph\">{\"@context\":\"https:\/\/schema.org\",\"@graph\":[{\"@type\":\"Article\",\"@id\":\"https:\/\/guineediversite.com\/index.php\/2017\/08\/14\/sayon-bamba-visite-de-travail-a-bamako\/#article\",\"isPartOf\":{\"@id\":\"https:\/\/guineediversite.com\/index.php\/2017\/08\/14\/sayon-bamba-visite-de-travail-a-bamako\/\"},\"author\":{\"name\":\"Aboubacar Bangoura\",\"@id\":\"https:\/\/guineediversite.com\/#\/schema\/person\/5dedff72ab9d6646efe724485147238a\"},\"headline\":\"Sayon Bamba en visite de travail \u00e0 Bamako\",\"datePublished\":\"2017-08-14T15:14:16+00:00\",\"dateModified\":\"2017-08-14T16:07:45+00:00\",\"mainEntityOfPage\":{\"@id\":\"https:\/\/guineediversite.com\/index.php\/2017\/08\/14\/sayon-bamba-visite-de-travail-a-bamako\/\"},\"wordCount\":102,\"publisher\":{\"@id\":\"https:\/\/guineediversite.com\/#organization\"},\"image\":{\"@id\":\"https:\/\/guineediversite.com\/index.php\/2017\/08\/14\/sayon-bamba-visite-de-travail-a-bamako\/#primaryimage\"},\"thumbnailUrl\":\"https:\/\/guineediversite.com\/wp-content\/uploads\/2017\/08\/calb31848Image7_jpg.jpg\",\"articleSection\":[\"Culture\"],\"inLanguage\":\"fr-FR\"},{\"@type\":\"WebPage\",\"@id\":\"https:\/\/guineediversite.com\/index.php\/2017\/08\/14\/sayon-bamba-visite-de-travail-a-bamako\/\",\"url\":\"https:\/\/guineediversite.com\/index.php\/2017\/08\/14\/sayon-bamba-visite-de-travail-a-bamako\/\",\"name\":\"Sayon Bamba en visite de travail \u00e0 Bamako | Guin\u00e9e Diversit\u00e9\",\"isPartOf\":{\"@id\":\"https:\/\/guineediversite.com\/#website\"},\"primaryImageOfPage\":{\"@id\":\"https:\/\/guineediversite.com\/index.php\/2017\/08\/14\/sayon-bamba-visite-de-travail-a-bamako\/#primaryimage\"},\"image\":{\"@id\":\"https:\/\/guineediversite.com\/index.php\/2017\/08\/14\/sayon-bamba-visite-de-travail-a-bamako\/#primaryimage\"},\"thumbnailUrl\":\"https:\/\/guineediversite.com\/wp-content\/uploads\/2017\/08\/calb31848Image7_jpg.jpg\",\"datePublished\":\"2017-08-14T15:14:16+00:00\",\"dateModified\":\"2017-08-14T16:07:45+00:00\",\"breadcrumb\":{\"@id\":\"https:\/\/guineediversite.com\/index.php\/2017\/08\/14\/sayon-bamba-visite-de-travail-a-bamako\/#breadcrumb\"},\"inLanguage\":\"fr-FR\",\"potentialAction\":[{\"@type\":\"ReadAction\",\"target\":[\"https:\/\/guineediversite.com\/index.php\/2017\/08\/14\/sayon-bamba-visite-de-travail-a-bamako\/\"]}]},{\"@type\":\"ImageObject\",\"inLanguage\":\"fr-FR\",\"@id\":\"https:\/\/guineediversite.com\/index.php\/2017\/08\/14\/sayon-bamba-visite-de-travail-a-bamako\/#primaryimage\",\"url\":\"https:\/\/guineediversite.com\/wp-content\/uploads\/2017\/08\/calb31848Image7_jpg.jpg\",\"contentUrl\":\"https:\/\/guineediversite.com\/wp-content\/uploads\/2017\/08\/calb31848Image7_jpg.jpg\",\"width\":400,\"height\":270},{\"@type\":\"BreadcrumbList\",\"@id\":\"https:\/\/guineediversite.com\/index.php\/2017\/08\/14\/sayon-bamba-visite-de-travail-a-bamako\/#breadcrumb\",\"itemListElement\":[{\"@type\":\"ListItem\",\"position\":1,\"name\":\"Accueil\",\"item\":\"https:\/\/guineediversite.com\/\"},{\"@type\":\"ListItem\",\"position\":2,\"name\":\"Sayon Bamba en visite de travail \u00e0 Bamako\"}]},{\"@type\":\"WebSite\",\"@id\":\"https:\/\/guineediversite.com\/#website\",\"url\":\"https:\/\/guineediversite.com\/\",\"name\":\"Guin\u00e9e Diversit\u00e9\",\"description\":\"L&#039;Info dans toute sa diversit\u00e9\",\"publisher\":{\"@id\":\"https:\/\/guineediversite.com\/#organization\"},\"potentialAction\":[{\"@type\":\"SearchAction\",\"target\":{\"@type\":\"EntryPoint\",\"urlTemplate\":\"https:\/\/guineediversite.com\/?s={search_term_string}\"},\"query-input\":{\"@type\":\"PropertyValueSpecification\",\"valueRequired\":true,\"valueName\":\"search_term_string\"}}],\"inLanguage\":\"fr-FR\"},{\"@type\":\"Organization\",\"@id\":\"https:\/\/guineediversite.com\/#organization\",\"name\":\"Guin\u00e9e Diversit\u00e9\",\"url\":\"https:\/\/guineediversite.com\/\",\"logo\":{\"@type\":\"ImageObject\",\"inLanguage\":\"fr-FR\",\"@id\":\"https:\/\/guineediversite.com\/#\/schema\/logo\/image\/\",\"url\":\"https:\/\/guineediversite.com\/wp-content\/uploads\/2017\/04\/cropped-1jojlxEOMkX9Wyqfhe43D6kjPOGqBBKmx3EwWJqZ0cMrFF54yM49.png\",\"contentUrl\":\"https:\/\/guineediversite.com\/wp-content\/uploads\/2017\/04\/cropped-1jojlxEOMkX9Wyqfhe43D6kjPOGqBBKmx3EwWJqZ0cMrFF54yM49.png\",\"width\":186,\"height\":112,\"caption\":\"Guin\u00e9e Diversit\u00e9\"},\"image\":{\"@id\":\"https:\/\/guineediversite.com\/#\/schema\/logo\/image\/\"},\"sameAs\":[\"https:\/\/www.facebook.com\/guineediversite\/\",\"https:\/\/x.com\/GuineeDiversite\",\"https:\/\/www.youtube.com\/channel\/UC8sUY16qelG5ge6_D5SB83g\"]},{\"@type\":\"Person\",\"@id\":\"https:\/\/guineediversite.com\/#\/schema\/person\/5dedff72ab9d6646efe724485147238a\",\"name\":\"Aboubacar Bangoura\",\"image\":{\"@type\":\"ImageObject\",\"inLanguage\":\"fr-FR\",\"@id\":\"https:\/\/guineediversite.com\/#\/schema\/person\/image\/\",\"url\":\"https:\/\/secure.gravatar.com\/avatar\/c2b1df80e8be800cc94c8d8543e88ccc?s=96&d=mm&r=g\",\"contentUrl\":\"https:\/\/secure.gravatar.com\/avatar\/c2b1df80e8be800cc94c8d8543e88ccc?s=96&d=mm&r=g\",\"caption\":\"Aboubacar Bangoura\"},\"url\":\"https:\/\/guineediversite.com\/index.php\/author\/aboubacar\/\"}]}<\/script>\n<!-- \/ Yoast SEO plugin. -->","yoast_head_json":{"title":"Sayon Bamba en visite de travail \u00e0 Bamako | Guin\u00e9e Diversit\u00e9","robots":{"index":"index","follow":"follow","max-snippet":"max-snippet:-1","max-image-preview":"max-image-preview:large","max-video-preview":"max-video-preview:-1"},"canonical":"https:\/\/guineediversite.com\/index.php\/2017\/08\/14\/sayon-bamba-visite-de-travail-a-bamako\/","og_locale":"fr_FR","og_type":"article","og_title":"Sayon Bamba en visite de travail \u00e0 Bamako | Guin\u00e9e Diversit\u00e9","og_description":"La Directrice G\u00e9n\u00e9rale de l&rsquo;Agence Guin\u00e9enne des Spectacles (AGS), Sayon Bamba est \u00e0 Bamako (Mali) depuis le wee-end dernier pour une prise de contact et s\u00e9ances de travail avec les structures et institutions du monde des spectacles maliens. Au cours de ce travail, Sayon Bamba rencontrera la Directrice Nationale de l&rsquo;Action Culturelle du Mali, \u00a0Aminata [&hellip;]","og_url":"https:\/\/guineediversite.com\/index.php\/2017\/08\/14\/sayon-bamba-visite-de-travail-a-bamako\/","og_site_name":"Guin\u00e9e Diversit\u00e9","article_publisher":"https:\/\/www.facebook.com\/guineediversite\/","article_published_time":"2017-08-14T15:14:16+00:00","article_modified_time":"2017-08-14T16:07:45+00:00","og_image":[{"width":400,"height":270,"url":"https:\/\/guineediversite.com\/wp-content\/uploads\/2017\/08\/calb31848Image7_jpg.jpg","type":"image\/jpeg"}],"author":"Aboubacar Bangoura","twitter_card":"summary_large_image","twitter_creator":"@GuineeDiversite","twitter_site":"@GuineeDiversite","twitter_misc":{"\u00c9crit par":"Aboubacar Bangoura"},"schema":{"@context":"https:\/\/schema.org","@graph":[{"@type":"Article","@id":"https:\/\/guineediversite.com\/index.php\/2017\/08\/14\/sayon-bamba-visite-de-travail-a-bamako\/#article","isPartOf":{"@id":"https:\/\/guineediversite.com\/index.php\/2017\/08\/14\/sayon-bamba-visite-de-travail-a-bamako\/"},"author":{"name":"Aboubacar Bangoura","@id":"https:\/\/guineediversite.com\/#\/schema\/person\/5dedff72ab9d6646efe724485147238a"},"headline":"Sayon Bamba en visite de travail \u00e0 Bamako","datePublished":"2017-08-14T15:14:16+00:00","dateModified":"2017-08-14T16:07:45+00:00","mainEntityOfPage":{"@id":"https:\/\/guineediversite.com\/index.php\/2017\/08\/14\/sayon-bamba-visite-de-travail-a-bamako\/"},"wordCount":102,"publisher":{"@id":"https:\/\/guineediversite.com\/#organization"},"image":{"@id":"https:\/\/guineediversite.com\/index.php\/2017\/08\/14\/sayon-bamba-visite-de-travail-a-bamako\/#primaryimage"},"thumbnailUrl":"https:\/\/guineediversite.com\/wp-content\/uploads\/2017\/08\/calb31848Image7_jpg.jpg","articleSection":["Culture"],"inLanguage":"fr-FR"},{"@type":"WebPage","@id":"https:\/\/guineediversite.com\/index.php\/2017\/08\/14\/sayon-bamba-visite-de-travail-a-bamako\/","url":"https:\/\/guineediversite.com\/index.php\/2017\/08\/14\/sayon-bamba-visite-de-travail-a-bamako\/","name":"Sayon Bamba en visite de travail \u00e0 Bamako | Guin\u00e9e Diversit\u00e9","isPartOf":{"@id":"https:\/\/guineediversite.com\/#website"},"primaryImageOfPage":{"@id":"https:\/\/guineediversite.com\/index.php\/2017\/08\/14\/sayon-bamba-visite-de-travail-a-bamako\/#primaryimage"},"image":{"@id":"https:\/\/guineediversite.com\/index.php\/2017\/08\/14\/sayon-bamba-visite-de-travail-a-bamako\/#primaryimage"},"thumbnailUrl":"https:\/\/guineediversite.com\/wp-content\/uploads\/2017\/08\/calb31848Image7_jpg.jpg","datePublished":"2017-08-14T15:14:16+00:00","dateModified":"2017-08-14T16:07:45+00:00","breadcrumb":{"@id":"https:\/\/guineediversite.com\/index.php\/2017\/08\/14\/sayon-bamba-visite-de-travail-a-bamako\/#breadcrumb"},"inLanguage":"fr-FR","potentialAction":[{"@type":"ReadAction","target":["https:\/\/guineediversite.com\/index.php\/2017\/08\/14\/sayon-bamba-visite-de-travail-a-bamako\/"]}]},{"@type":"ImageObject","inLanguage":"fr-FR","@id":"https:\/\/guineediversite.com\/index.php\/2017\/08\/14\/sayon-bamba-visite-de-travail-a-bamako\/#primaryimage","url":"https:\/\/guineediversite.com\/wp-content\/uploads\/2017\/08\/calb31848Image7_jpg.jpg","contentUrl":"https:\/\/guineediversite.com\/wp-content\/uploads\/2017\/08\/calb31848Image7_jpg.jpg","width":400,"height":270},{"@type":"BreadcrumbList","@id":"https:\/\/guineediversite.com\/index.php\/2017\/08\/14\/sayon-bamba-visite-de-travail-a-bamako\/#breadcrumb","itemListElement":[{"@type":"ListItem","position":1,"name":"Accueil","item":"https:\/\/guineediversite.com\/"},{"@type":"ListItem","position":2,"name":"Sayon Bamba en visite de travail \u00e0 Bamako"}]},{"@type":"WebSite","@id":"https:\/\/guineediversite.com\/#website","url":"https:\/\/guineediversite.com\/","name":"Guin\u00e9e Diversit\u00e9","description":"L&#039;Info dans toute sa diversit\u00e9","publisher":{"@id":"https:\/\/guineediversite.com\/#organization"},"potentialAction":[{"@type":"SearchAction","target":{"@type":"EntryPoint","urlTemplate":"https:\/\/guineediversite.com\/?s={search_term_string}"},"query-input":{"@type":"PropertyValueSpecification","valueRequired":true,"valueName":"search_term_string"}}],"inLanguage":"fr-FR"},{"@type":"Organization","@id":"https:\/\/guineediversite.com\/#organization","name":"Guin\u00e9e Diversit\u00e9","url":"https:\/\/guineediversite.com\/","logo":{"@type":"ImageObject","inLanguage":"fr-FR","@id":"https:\/\/guineediversite.com\/#\/schema\/logo\/image\/","url":"https:\/\/guineediversite.com\/wp-content\/uploads\/2017\/04\/cropped-1jojlxEOMkX9Wyqfhe43D6kjPOGqBBKmx3EwWJqZ0cMrFF54yM49.png","contentUrl":"https:\/\/guineediversite.com\/wp-content\/uploads\/2017\/04\/cropped-1jojlxEOMkX9Wyqfhe43D6kjPOGqBBKmx3EwWJqZ0cMrFF54yM49.png","width":186,"height":112,"caption":"Guin\u00e9e Diversit\u00e9"},"image":{"@id":"https:\/\/guineediversite.com\/#\/schema\/logo\/image\/"},"sameAs":["https:\/\/www.facebook.com\/guineediversite\/","https:\/\/x.com\/GuineeDiversite","https:\/\/www.youtube.com\/channel\/UC8sUY16qelG5ge6_D5SB83g"]},{"@type":"Person","@id":"https:\/\/guineediversite.com\/#\/schema\/person\/5dedff72ab9d6646efe724485147238a","name":"Aboubacar Bangoura","image":{"@type":"ImageObject","inLanguage":"fr-FR","@id":"https:\/\/guineediversite.com\/#\/schema\/person\/image\/","url":"https:\/\/secure.gravatar.com\/avatar\/c2b1df80e8be800cc94c8d8543e88ccc?s=96&d=mm&r=g","contentUrl":"https:\/\/secure.gravatar.com\/avatar\/c2b1df80e8be800cc94c8d8543e88ccc?s=96&d=mm&r=g","caption":"Aboubacar Bangoura"},"url":"https:\/\/guineediversite.com\/index.php\/author\/aboubacar\/"}]}},"_links":{"self":[{"href":"https:\/\/guineediversite.com\/index.php\/wp-json\/wp\/v2\/posts\/21301"}],"collection":[{"href":"https:\/\/guineediversite.com\/index.php\/wp-json\/wp\/v2\/posts"}],"about":[{"href":"https:\/\/guineediversite.com\/index.php\/wp-json\/wp\/v2\/types\/post"}],"author":[{"embeddable":true,"href":"https:\/\/guineediversite.com\/index.php\/wp-json\/wp\/v2\/users\/8"}],"replies":[{"embeddable":true,"href":"https:\/\/guineediversite.com\/index.php\/wp-json\/wp\/v2\/comments?post=21301"}],"version-history":[{"count":0,"href":"https:\/\/guineediversite.com\/index.php\/wp-json\/wp\/v2\/posts\/21301\/revisions"}],"wp:featuredmedia":[{"embeddable":true,"href":"https:\/\/guineediversite.com\/index.php\/wp-json\/wp\/v2\/media\/21321"}],"wp:attachment":[{"href":"https:\/\/guineediversite.com\/index.php\/wp-json\/wp\/v2\/media?parent=21301"}],"wp:term":[{"taxonomy":"category","embeddable":true,"href":"https:\/\/guineediversite.com\/index.php\/wp-json\/wp\/v2\/categories?post=21301"},{"taxonomy":"post_tag","embeddable":true,"href":"https:\/\/guineediversite.com\/index.php\/wp-json\/wp\/v2\/tags?post=21301"}],"curies":[{"name":"wp","href":"https:\/\/api.w.org\/{rel}","templated":true}]}}