{"id":21204,"date":"2017-08-06T22:59:45","date_gmt":"2017-08-06T20:59:45","guid":{"rendered":"https:\/\/guineediversite.com\/?p=21204"},"modified":"2017-08-07T01:25:34","modified_gmt":"2017-08-06T23:25:34","slug":"ne-suis-politicien-bantama-sow-non-plus-dixit-aboubacar-makhissa-camara","status":"publish","type":"post","link":"https:\/\/guineediversite.com\/index.php\/2017\/08\/06\/ne-suis-politicien-bantama-sow-non-plus-dixit-aboubacar-makhissa-camara\/","title":{"rendered":"\u00abJe ne suis pas\u00a0politicien, Bantama\u00a0Sow\u00a0non plus\u00bb dixit Aboubacar\u00a0Makhissa\u00a0Camara"},"content":{"rendered":"<p><span id=\"p1\">En route pour\u00a0<span id=\"18\" class=\"s-rg-t\">Faranah<\/span>, pour repr\u00e9senter le chef de l&rsquo;\u00c9tat \u00e0 la grande finale dot\u00e9e du\u00a0troph\u00e9e \u00a0le pr\u00e9sident\u00a0Alpha Cond\u00e9, pour la r\u00e9conciliation des habitants de Faranah mais aussi la mobilisation des militants, le directeur national des imp\u00f4ts a\u00a0fait escale\u00a0\u00e0 Mamou dans la nuit de vendredi 04 ao\u00fbt.<br \/>\n<\/span><span id=\"p2\">\u00c0\u00a0cette occasion Aboubacar\u00a0<span id=\"29\" class=\"s-rg-t\">Makhissa<\/span>\u00a0<span id=\"30\" class=\"s-rg-t\">Camara<\/span>\u00a0s\u2019est adress\u00e9 \u00e0 la jeunesse de Mamou.<\/span><span id=\"p3\">\u00a0<\/span><span id=\"p5\"><br \/>\n<\/span><br \/>\n<em><span id=\"p6\">\u00abLa\u00a0population de\u00a0Mamou doit\u00a0\u00eatre solidaire\u00a0au ministre\u00a0<span id=\"31\" class=\"s-rg-t\">Bantama<\/span>\u00a0<span id=\"32\" class=\"s-rg-t\">sow<\/span>, puisqu&rsquo;il milite pour une cause noble.<\/span><span id=\"p7\">\u00a0Nous sommes loin d&rsquo;\u00eatre des politiciens, nous suivons une vision, et cette vision est celui du pr\u00e9sident Alpha cond\u00e9.<\/span><span id=\"p8\">\u00a0\u00bb<\/span><\/em><br \/>\n<span id=\"p9\"><span id=\"37\"><br \/>\nAu cours<\/span>\u00a0de cette mission,\u00a0<span id=\"38\">Bantama<\/span>\u00a0<span id=\"39\">Sow<\/span>\u00a0n&rsquo;a pas manqu\u00e9 de faire l&rsquo;\u00e9loge au directeur national des\u00a0imp\u00f4ts, <em>\u00abc&rsquo;est le plus jeune directeur de Guin\u00e9e, et son \u00e9quipe \u00e0 mieux travailler que l&rsquo;ancienne \u00e9quipe, ceux qui racontent qu&rsquo;il est\u00a0<span id=\"41\">entrain<\/span>\u00a0de piller la caisse de l&rsquo;\u00c9tat, je dirai que c&rsquo;est faux, car il a fait ces preuves<\/em><\/span><span id=\"p10\"><em>\u00bb.<\/em><br \/>\n<\/span><br \/>\n<span id=\"p11\">Le ministre conseiller \u00e0 la pr\u00e9sidence\u00a0<span id=\"23\" class=\"s-rg-t\">Bantama<\/span>\u00a0<span id=\"24\" class=\"s-rg-t\">Sow<\/span>\u00a0Affirme que\u00a0<em>\u00absi\u00a0le\u00a0<span id=\"25\" class=\"s-rg-t\">Foutah<\/span>\u00a0ne vote pas pour Alpha Cond\u00e9, \u00e7a serait de l&rsquo;ingratitude envers le pr\u00e9sident, avec toutes ces r\u00e9alisations qu&rsquo;il a fait.<\/em><\/span><em><span id=\"p12\">\u00bb<\/span><\/em><\/p>\n","protected":false},"excerpt":{"rendered":"<p>En route pour\u00a0Faranah, pour repr\u00e9senter le chef de l&rsquo;\u00c9tat \u00e0 la grande finale dot\u00e9e du\u00a0troph\u00e9e \u00a0le pr\u00e9sident\u00a0Alpha Cond\u00e9, pour la r\u00e9conciliation des habitants de Faranah mais aussi la mobilisation des militants, le directeur national des imp\u00f4ts a\u00a0fait escale\u00a0\u00e0 Mamou dans la nuit de vendredi 04 ao\u00fbt. \u00c0\u00a0cette occasion Aboubacar\u00a0Makhissa\u00a0Camara\u00a0s\u2019est adress\u00e9 \u00e0 la jeunesse de Mamou.\u00a0 [&hellip;]<\/p>\n","protected":false},"author":10,"featured_media":21205,"comment_status":"closed","ping_status":"closed","sticky":false,"template":"","format":"standard","meta":{"_exactmetrics_skip_tracking":false,"_exactmetrics_sitenote_active":false,"_exactmetrics_sitenote_note":"","_exactmetrics_sitenote_category":0,"tdm_status":"","tdm_grid_status":"","footnotes":""},"categories":[14],"tags":[],"class_list":{"0":"post-21204","1":"post","2":"type-post","3":"status-publish","4":"format-standard","5":"has-post-thumbnail","7":"category-politique"},"yoast_head":"<!-- This site is optimized with the Yoast SEO plugin v24.2 - https:\/\/yoast.com\/wordpress\/plugins\/seo\/ -->\n<title>\u00abJe ne suis pas\u00a0politicien, Bantama\u00a0Sow\u00a0non plus\u00bb dixit Aboubacar\u00a0Makhissa\u00a0Camara | Guin\u00e9e Diversit\u00e9<\/title>\n<meta name=\"robots\" content=\"index, follow, max-snippet:-1, max-image-preview:large, max-video-preview:-1\" \/>\n<link rel=\"canonical\" href=\"https:\/\/guineediversite.com\/index.php\/2017\/08\/06\/ne-suis-politicien-bantama-sow-non-plus-dixit-aboubacar-makhissa-camara\/\" \/>\n<meta property=\"og:locale\" content=\"fr_FR\" \/>\n<meta property=\"og:type\" content=\"article\" \/>\n<meta property=\"og:title\" content=\"\u00abJe ne suis pas\u00a0politicien, Bantama\u00a0Sow\u00a0non plus\u00bb dixit Aboubacar\u00a0Makhissa\u00a0Camara | Guin\u00e9e Diversit\u00e9\" \/>\n<meta property=\"og:description\" content=\"En route pour\u00a0Faranah, pour repr\u00e9senter le chef de l&rsquo;\u00c9tat \u00e0 la grande finale dot\u00e9e du\u00a0troph\u00e9e \u00a0le pr\u00e9sident\u00a0Alpha Cond\u00e9, pour la r\u00e9conciliation des habitants de Faranah mais aussi la mobilisation des militants, le directeur national des imp\u00f4ts a\u00a0fait escale\u00a0\u00e0 Mamou dans la nuit de vendredi 04 ao\u00fbt. \u00c0\u00a0cette occasion Aboubacar\u00a0Makhissa\u00a0Camara\u00a0s\u2019est adress\u00e9 \u00e0 la jeunesse de Mamou.\u00a0 [&hellip;]\" \/>\n<meta property=\"og:url\" content=\"https:\/\/guineediversite.com\/index.php\/2017\/08\/06\/ne-suis-politicien-bantama-sow-non-plus-dixit-aboubacar-makhissa-camara\/\" \/>\n<meta property=\"og:site_name\" content=\"Guin\u00e9e Diversit\u00e9\" \/>\n<meta property=\"article:publisher\" content=\"https:\/\/www.facebook.com\/guineediversite\/\" \/>\n<meta property=\"article:published_time\" content=\"2017-08-06T20:59:45+00:00\" \/>\n<meta property=\"article:modified_time\" content=\"2017-08-06T23:25:34+00:00\" \/>\n<meta property=\"og:image\" content=\"https:\/\/guineediversite.com\/wp-content\/uploads\/2017\/08\/IMG_20170804_211230-1024x768.jpg\" \/>\n\t<meta property=\"og:image:width\" content=\"1024\" \/>\n\t<meta property=\"og:image:height\" content=\"768\" \/>\n\t<meta property=\"og:image:type\" content=\"image\/jpeg\" \/>\n<meta name=\"author\" content=\"Morcire Camara\" \/>\n<meta name=\"twitter:card\" content=\"summary_large_image\" \/>\n<meta name=\"twitter:creator\" content=\"@GuineeDiversite\" \/>\n<meta name=\"twitter:site\" content=\"@GuineeDiversite\" \/>\n<meta name=\"twitter:label1\" content=\"\u00c9crit par\" \/>\n\t<meta name=\"twitter:data1\" content=\"Morcire Camara\" \/>\n\t<meta name=\"twitter:label2\" content=\"Dur\u00e9e de lecture estim\u00e9e\" \/>\n\t<meta name=\"twitter:data2\" content=\"1 minute\" \/>\n<script type=\"application\/ld+json\" class=\"yoast-schema-graph\">{\"@context\":\"https:\/\/schema.org\",\"@graph\":[{\"@type\":\"Article\",\"@id\":\"https:\/\/guineediversite.com\/index.php\/2017\/08\/06\/ne-suis-politicien-bantama-sow-non-plus-dixit-aboubacar-makhissa-camara\/#article\",\"isPartOf\":{\"@id\":\"https:\/\/guineediversite.com\/index.php\/2017\/08\/06\/ne-suis-politicien-bantama-sow-non-plus-dixit-aboubacar-makhissa-camara\/\"},\"author\":{\"name\":\"Morcire Camara\",\"@id\":\"https:\/\/guineediversite.com\/#\/schema\/person\/fa362494c47202ce4b3adf55abcc9d01\"},\"headline\":\"\u00abJe ne suis pas\u00a0politicien, Bantama\u00a0Sow\u00a0non plus\u00bb dixit Aboubacar\u00a0Makhissa\u00a0Camara\",\"datePublished\":\"2017-08-06T20:59:45+00:00\",\"dateModified\":\"2017-08-06T23:25:34+00:00\",\"mainEntityOfPage\":{\"@id\":\"https:\/\/guineediversite.com\/index.php\/2017\/08\/06\/ne-suis-politicien-bantama-sow-non-plus-dixit-aboubacar-makhissa-camara\/\"},\"wordCount\":222,\"publisher\":{\"@id\":\"https:\/\/guineediversite.com\/#organization\"},\"image\":{\"@id\":\"https:\/\/guineediversite.com\/index.php\/2017\/08\/06\/ne-suis-politicien-bantama-sow-non-plus-dixit-aboubacar-makhissa-camara\/#primaryimage\"},\"thumbnailUrl\":\"https:\/\/guineediversite.com\/wp-content\/uploads\/2017\/08\/IMG_20170804_211230.jpg\",\"articleSection\":[\"Politique\"],\"inLanguage\":\"fr-FR\"},{\"@type\":\"WebPage\",\"@id\":\"https:\/\/guineediversite.com\/index.php\/2017\/08\/06\/ne-suis-politicien-bantama-sow-non-plus-dixit-aboubacar-makhissa-camara\/\",\"url\":\"https:\/\/guineediversite.com\/index.php\/2017\/08\/06\/ne-suis-politicien-bantama-sow-non-plus-dixit-aboubacar-makhissa-camara\/\",\"name\":\"\u00abJe ne suis pas\u00a0politicien, Bantama\u00a0Sow\u00a0non plus\u00bb dixit Aboubacar\u00a0Makhissa\u00a0Camara | Guin\u00e9e Diversit\u00e9\",\"isPartOf\":{\"@id\":\"https:\/\/guineediversite.com\/#website\"},\"primaryImageOfPage\":{\"@id\":\"https:\/\/guineediversite.com\/index.php\/2017\/08\/06\/ne-suis-politicien-bantama-sow-non-plus-dixit-aboubacar-makhissa-camara\/#primaryimage\"},\"image\":{\"@id\":\"https:\/\/guineediversite.com\/index.php\/2017\/08\/06\/ne-suis-politicien-bantama-sow-non-plus-dixit-aboubacar-makhissa-camara\/#primaryimage\"},\"thumbnailUrl\":\"https:\/\/guineediversite.com\/wp-content\/uploads\/2017\/08\/IMG_20170804_211230.jpg\",\"datePublished\":\"2017-08-06T20:59:45+00:00\",\"dateModified\":\"2017-08-06T23:25:34+00:00\",\"breadcrumb\":{\"@id\":\"https:\/\/guineediversite.com\/index.php\/2017\/08\/06\/ne-suis-politicien-bantama-sow-non-plus-dixit-aboubacar-makhissa-camara\/#breadcrumb\"},\"inLanguage\":\"fr-FR\",\"potentialAction\":[{\"@type\":\"ReadAction\",\"target\":[\"https:\/\/guineediversite.com\/index.php\/2017\/08\/06\/ne-suis-politicien-bantama-sow-non-plus-dixit-aboubacar-makhissa-camara\/\"]}]},{\"@type\":\"ImageObject\",\"inLanguage\":\"fr-FR\",\"@id\":\"https:\/\/guineediversite.com\/index.php\/2017\/08\/06\/ne-suis-politicien-bantama-sow-non-plus-dixit-aboubacar-makhissa-camara\/#primaryimage\",\"url\":\"https:\/\/guineediversite.com\/wp-content\/uploads\/2017\/08\/IMG_20170804_211230.jpg\",\"contentUrl\":\"https:\/\/guineediversite.com\/wp-content\/uploads\/2017\/08\/IMG_20170804_211230.jpg\",\"width\":3264,\"height\":2448},{\"@type\":\"BreadcrumbList\",\"@id\":\"https:\/\/guineediversite.com\/index.php\/2017\/08\/06\/ne-suis-politicien-bantama-sow-non-plus-dixit-aboubacar-makhissa-camara\/#breadcrumb\",\"itemListElement\":[{\"@type\":\"ListItem\",\"position\":1,\"name\":\"Accueil\",\"item\":\"https:\/\/guineediversite.com\/\"},{\"@type\":\"ListItem\",\"position\":2,\"name\":\"\u00abJe ne suis pas\u00a0politicien, Bantama\u00a0Sow\u00a0non plus\u00bb dixit Aboubacar\u00a0Makhissa\u00a0Camara\"}]},{\"@type\":\"WebSite\",\"@id\":\"https:\/\/guineediversite.com\/#website\",\"url\":\"https:\/\/guineediversite.com\/\",\"name\":\"Guin\u00e9e Diversit\u00e9\",\"description\":\"L&#039;Info dans toute sa diversit\u00e9\",\"publisher\":{\"@id\":\"https:\/\/guineediversite.com\/#organization\"},\"potentialAction\":[{\"@type\":\"SearchAction\",\"target\":{\"@type\":\"EntryPoint\",\"urlTemplate\":\"https:\/\/guineediversite.com\/?s={search_term_string}\"},\"query-input\":{\"@type\":\"PropertyValueSpecification\",\"valueRequired\":true,\"valueName\":\"search_term_string\"}}],\"inLanguage\":\"fr-FR\"},{\"@type\":\"Organization\",\"@id\":\"https:\/\/guineediversite.com\/#organization\",\"name\":\"Guin\u00e9e Diversit\u00e9\",\"url\":\"https:\/\/guineediversite.com\/\",\"logo\":{\"@type\":\"ImageObject\",\"inLanguage\":\"fr-FR\",\"@id\":\"https:\/\/guineediversite.com\/#\/schema\/logo\/image\/\",\"url\":\"https:\/\/guineediversite.com\/wp-content\/uploads\/2017\/04\/cropped-1jojlxEOMkX9Wyqfhe43D6kjPOGqBBKmx3EwWJqZ0cMrFF54yM49.png\",\"contentUrl\":\"https:\/\/guineediversite.com\/wp-content\/uploads\/2017\/04\/cropped-1jojlxEOMkX9Wyqfhe43D6kjPOGqBBKmx3EwWJqZ0cMrFF54yM49.png\",\"width\":186,\"height\":112,\"caption\":\"Guin\u00e9e Diversit\u00e9\"},\"image\":{\"@id\":\"https:\/\/guineediversite.com\/#\/schema\/logo\/image\/\"},\"sameAs\":[\"https:\/\/www.facebook.com\/guineediversite\/\",\"https:\/\/x.com\/GuineeDiversite\",\"https:\/\/www.youtube.com\/channel\/UC8sUY16qelG5ge6_D5SB83g\"]},{\"@type\":\"Person\",\"@id\":\"https:\/\/guineediversite.com\/#\/schema\/person\/fa362494c47202ce4b3adf55abcc9d01\",\"name\":\"Morcire Camara\",\"image\":{\"@type\":\"ImageObject\",\"inLanguage\":\"fr-FR\",\"@id\":\"https:\/\/guineediversite.com\/#\/schema\/person\/image\/\",\"url\":\"https:\/\/secure.gravatar.com\/avatar\/3ec324f02295bbcebe03d99b39330ab4?s=96&d=mm&r=g\",\"contentUrl\":\"https:\/\/secure.gravatar.com\/avatar\/3ec324f02295bbcebe03d99b39330ab4?s=96&d=mm&r=g\",\"caption\":\"Morcire Camara\"},\"url\":\"https:\/\/guineediversite.com\/index.php\/author\/morcire\/\"}]}<\/script>\n<!-- \/ Yoast SEO plugin. -->","yoast_head_json":{"title":"\u00abJe ne suis pas\u00a0politicien, Bantama\u00a0Sow\u00a0non plus\u00bb dixit Aboubacar\u00a0Makhissa\u00a0Camara | Guin\u00e9e Diversit\u00e9","robots":{"index":"index","follow":"follow","max-snippet":"max-snippet:-1","max-image-preview":"max-image-preview:large","max-video-preview":"max-video-preview:-1"},"canonical":"https:\/\/guineediversite.com\/index.php\/2017\/08\/06\/ne-suis-politicien-bantama-sow-non-plus-dixit-aboubacar-makhissa-camara\/","og_locale":"fr_FR","og_type":"article","og_title":"\u00abJe ne suis pas\u00a0politicien, Bantama\u00a0Sow\u00a0non plus\u00bb dixit Aboubacar\u00a0Makhissa\u00a0Camara | Guin\u00e9e Diversit\u00e9","og_description":"En route pour\u00a0Faranah, pour repr\u00e9senter le chef de l&rsquo;\u00c9tat \u00e0 la grande finale dot\u00e9e du\u00a0troph\u00e9e \u00a0le pr\u00e9sident\u00a0Alpha Cond\u00e9, pour la r\u00e9conciliation des habitants de Faranah mais aussi la mobilisation des militants, le directeur national des imp\u00f4ts a\u00a0fait escale\u00a0\u00e0 Mamou dans la nuit de vendredi 04 ao\u00fbt. \u00c0\u00a0cette occasion Aboubacar\u00a0Makhissa\u00a0Camara\u00a0s\u2019est adress\u00e9 \u00e0 la jeunesse de Mamou.\u00a0 [&hellip;]","og_url":"https:\/\/guineediversite.com\/index.php\/2017\/08\/06\/ne-suis-politicien-bantama-sow-non-plus-dixit-aboubacar-makhissa-camara\/","og_site_name":"Guin\u00e9e Diversit\u00e9","article_publisher":"https:\/\/www.facebook.com\/guineediversite\/","article_published_time":"2017-08-06T20:59:45+00:00","article_modified_time":"2017-08-06T23:25:34+00:00","og_image":[{"width":1024,"height":768,"url":"https:\/\/guineediversite.com\/wp-content\/uploads\/2017\/08\/IMG_20170804_211230-1024x768.jpg","type":"image\/jpeg"}],"author":"Morcire Camara","twitter_card":"summary_large_image","twitter_creator":"@GuineeDiversite","twitter_site":"@GuineeDiversite","twitter_misc":{"\u00c9crit par":"Morcire Camara","Dur\u00e9e de lecture estim\u00e9e":"1 minute"},"schema":{"@context":"https:\/\/schema.org","@graph":[{"@type":"Article","@id":"https:\/\/guineediversite.com\/index.php\/2017\/08\/06\/ne-suis-politicien-bantama-sow-non-plus-dixit-aboubacar-makhissa-camara\/#article","isPartOf":{"@id":"https:\/\/guineediversite.com\/index.php\/2017\/08\/06\/ne-suis-politicien-bantama-sow-non-plus-dixit-aboubacar-makhissa-camara\/"},"author":{"name":"Morcire Camara","@id":"https:\/\/guineediversite.com\/#\/schema\/person\/fa362494c47202ce4b3adf55abcc9d01"},"headline":"\u00abJe ne suis pas\u00a0politicien, Bantama\u00a0Sow\u00a0non plus\u00bb dixit Aboubacar\u00a0Makhissa\u00a0Camara","datePublished":"2017-08-06T20:59:45+00:00","dateModified":"2017-08-06T23:25:34+00:00","mainEntityOfPage":{"@id":"https:\/\/guineediversite.com\/index.php\/2017\/08\/06\/ne-suis-politicien-bantama-sow-non-plus-dixit-aboubacar-makhissa-camara\/"},"wordCount":222,"publisher":{"@id":"https:\/\/guineediversite.com\/#organization"},"image":{"@id":"https:\/\/guineediversite.com\/index.php\/2017\/08\/06\/ne-suis-politicien-bantama-sow-non-plus-dixit-aboubacar-makhissa-camara\/#primaryimage"},"thumbnailUrl":"https:\/\/guineediversite.com\/wp-content\/uploads\/2017\/08\/IMG_20170804_211230.jpg","articleSection":["Politique"],"inLanguage":"fr-FR"},{"@type":"WebPage","@id":"https:\/\/guineediversite.com\/index.php\/2017\/08\/06\/ne-suis-politicien-bantama-sow-non-plus-dixit-aboubacar-makhissa-camara\/","url":"https:\/\/guineediversite.com\/index.php\/2017\/08\/06\/ne-suis-politicien-bantama-sow-non-plus-dixit-aboubacar-makhissa-camara\/","name":"\u00abJe ne suis pas\u00a0politicien, Bantama\u00a0Sow\u00a0non plus\u00bb dixit Aboubacar\u00a0Makhissa\u00a0Camara | Guin\u00e9e Diversit\u00e9","isPartOf":{"@id":"https:\/\/guineediversite.com\/#website"},"primaryImageOfPage":{"@id":"https:\/\/guineediversite.com\/index.php\/2017\/08\/06\/ne-suis-politicien-bantama-sow-non-plus-dixit-aboubacar-makhissa-camara\/#primaryimage"},"image":{"@id":"https:\/\/guineediversite.com\/index.php\/2017\/08\/06\/ne-suis-politicien-bantama-sow-non-plus-dixit-aboubacar-makhissa-camara\/#primaryimage"},"thumbnailUrl":"https:\/\/guineediversite.com\/wp-content\/uploads\/2017\/08\/IMG_20170804_211230.jpg","datePublished":"2017-08-06T20:59:45+00:00","dateModified":"2017-08-06T23:25:34+00:00","breadcrumb":{"@id":"https:\/\/guineediversite.com\/index.php\/2017\/08\/06\/ne-suis-politicien-bantama-sow-non-plus-dixit-aboubacar-makhissa-camara\/#breadcrumb"},"inLanguage":"fr-FR","potentialAction":[{"@type":"ReadAction","target":["https:\/\/guineediversite.com\/index.php\/2017\/08\/06\/ne-suis-politicien-bantama-sow-non-plus-dixit-aboubacar-makhissa-camara\/"]}]},{"@type":"ImageObject","inLanguage":"fr-FR","@id":"https:\/\/guineediversite.com\/index.php\/2017\/08\/06\/ne-suis-politicien-bantama-sow-non-plus-dixit-aboubacar-makhissa-camara\/#primaryimage","url":"https:\/\/guineediversite.com\/wp-content\/uploads\/2017\/08\/IMG_20170804_211230.jpg","contentUrl":"https:\/\/guineediversite.com\/wp-content\/uploads\/2017\/08\/IMG_20170804_211230.jpg","width":3264,"height":2448},{"@type":"BreadcrumbList","@id":"https:\/\/guineediversite.com\/index.php\/2017\/08\/06\/ne-suis-politicien-bantama-sow-non-plus-dixit-aboubacar-makhissa-camara\/#breadcrumb","itemListElement":[{"@type":"ListItem","position":1,"name":"Accueil","item":"https:\/\/guineediversite.com\/"},{"@type":"ListItem","position":2,"name":"\u00abJe ne suis pas\u00a0politicien, Bantama\u00a0Sow\u00a0non plus\u00bb dixit Aboubacar\u00a0Makhissa\u00a0Camara"}]},{"@type":"WebSite","@id":"https:\/\/guineediversite.com\/#website","url":"https:\/\/guineediversite.com\/","name":"Guin\u00e9e Diversit\u00e9","description":"L&#039;Info dans toute sa diversit\u00e9","publisher":{"@id":"https:\/\/guineediversite.com\/#organization"},"potentialAction":[{"@type":"SearchAction","target":{"@type":"EntryPoint","urlTemplate":"https:\/\/guineediversite.com\/?s={search_term_string}"},"query-input":{"@type":"PropertyValueSpecification","valueRequired":true,"valueName":"search_term_string"}}],"inLanguage":"fr-FR"},{"@type":"Organization","@id":"https:\/\/guineediversite.com\/#organization","name":"Guin\u00e9e Diversit\u00e9","url":"https:\/\/guineediversite.com\/","logo":{"@type":"ImageObject","inLanguage":"fr-FR","@id":"https:\/\/guineediversite.com\/#\/schema\/logo\/image\/","url":"https:\/\/guineediversite.com\/wp-content\/uploads\/2017\/04\/cropped-1jojlxEOMkX9Wyqfhe43D6kjPOGqBBKmx3EwWJqZ0cMrFF54yM49.png","contentUrl":"https:\/\/guineediversite.com\/wp-content\/uploads\/2017\/04\/cropped-1jojlxEOMkX9Wyqfhe43D6kjPOGqBBKmx3EwWJqZ0cMrFF54yM49.png","width":186,"height":112,"caption":"Guin\u00e9e Diversit\u00e9"},"image":{"@id":"https:\/\/guineediversite.com\/#\/schema\/logo\/image\/"},"sameAs":["https:\/\/www.facebook.com\/guineediversite\/","https:\/\/x.com\/GuineeDiversite","https:\/\/www.youtube.com\/channel\/UC8sUY16qelG5ge6_D5SB83g"]},{"@type":"Person","@id":"https:\/\/guineediversite.com\/#\/schema\/person\/fa362494c47202ce4b3adf55abcc9d01","name":"Morcire Camara","image":{"@type":"ImageObject","inLanguage":"fr-FR","@id":"https:\/\/guineediversite.com\/#\/schema\/person\/image\/","url":"https:\/\/secure.gravatar.com\/avatar\/3ec324f02295bbcebe03d99b39330ab4?s=96&d=mm&r=g","contentUrl":"https:\/\/secure.gravatar.com\/avatar\/3ec324f02295bbcebe03d99b39330ab4?s=96&d=mm&r=g","caption":"Morcire Camara"},"url":"https:\/\/guineediversite.com\/index.php\/author\/morcire\/"}]}},"_links":{"self":[{"href":"https:\/\/guineediversite.com\/index.php\/wp-json\/wp\/v2\/posts\/21204"}],"collection":[{"href":"https:\/\/guineediversite.com\/index.php\/wp-json\/wp\/v2\/posts"}],"about":[{"href":"https:\/\/guineediversite.com\/index.php\/wp-json\/wp\/v2\/types\/post"}],"author":[{"embeddable":true,"href":"https:\/\/guineediversite.com\/index.php\/wp-json\/wp\/v2\/users\/10"}],"replies":[{"embeddable":true,"href":"https:\/\/guineediversite.com\/index.php\/wp-json\/wp\/v2\/comments?post=21204"}],"version-history":[{"count":0,"href":"https:\/\/guineediversite.com\/index.php\/wp-json\/wp\/v2\/posts\/21204\/revisions"}],"wp:featuredmedia":[{"embeddable":true,"href":"https:\/\/guineediversite.com\/index.php\/wp-json\/wp\/v2\/media\/21205"}],"wp:attachment":[{"href":"https:\/\/guineediversite.com\/index.php\/wp-json\/wp\/v2\/media?parent=21204"}],"wp:term":[{"taxonomy":"category","embeddable":true,"href":"https:\/\/guineediversite.com\/index.php\/wp-json\/wp\/v2\/categories?post=21204"},{"taxonomy":"post_tag","embeddable":true,"href":"https:\/\/guineediversite.com\/index.php\/wp-json\/wp\/v2\/tags?post=21204"}],"curies":[{"name":"wp","href":"https:\/\/api.w.org\/{rel}","templated":true}]}}