{"id":21198,"date":"2017-08-06T12:30:17","date_gmt":"2017-08-06T10:30:17","guid":{"rendered":"https:\/\/guineediversite.com\/?p=21198"},"modified":"2017-08-07T15:05:00","modified_gmt":"2017-08-07T13:05:00","slug":"assemblee-general-de-lufr-lhonorable-saikou-yaya-barry-annonce","status":"publish","type":"post","link":"https:\/\/guineediversite.com\/index.php\/2017\/08\/06\/assemblee-general-de-lufr-lhonorable-saikou-yaya-barry-annonce\/","title":{"rendered":"Assembl\u00e9e g\u00e9n\u00e9rale de l&rsquo;UFR :\u00a0l&rsquo;honorable\u00a0Saikou\u00a0Yaya Barry\u00a0fait une annonce\u00a0"},"content":{"rendered":"<p><strong><span id=\"p152\">C&rsquo;est dans une tr\u00e8s grande ambiance avec une forte mobilisation des militants et sympathisants que L&rsquo;UFR a tenue son l&rsquo;assembl\u00e9e g\u00e9n\u00e9rale samedi 5 a<span id=\"177\">o\u00fbt<\/span>\u00a02017.<\/span><span id=\"p202\">\u00a0Au cours de cette s\u00e9ance, les d\u00e9bats ont port\u00e9 sur la restructuration des organismes dirigeants du parti.<\/span><span id=\"p154\">\u00a0<\/span><\/strong><\/p>\n<p><span id=\"p155\">Dans son intervention, l&rsquo;honorable\u00a0<span id=\"179\">Saikou<\/span>\u00a0<span id=\"180\">Yaya<\/span>\u00a0Barry, pr\u00e9sident du bureau national des jeunes, a r\u00e9affirm\u00e9 \u00e0 travers ce programme de restructuration, l&rsquo;engagement et la d\u00e9termination de la jeunesse de l&rsquo;UFR dans l&rsquo;accomplissement de la mission du parti.<\/span><span id=\"p156\">\u00a0Celle d&rsquo;\u00e9lire\u00a0<span id=\"181\" class=\"s-rg-t\">Sidya<\/span>\u00a0<span id=\"182\" class=\"s-rg-t\">Toure<\/span>\u00a0\u00e0 la t\u00eate de ma magistrature supr\u00eame guin\u00e9enne en 2020.<\/span><\/p>\n<p><span id=\"p157\">\u00ab<em>On a d\u00e9marr\u00e9 une machine qu&rsquo;on ne peut pas dire ici \u00e0 l&rsquo;assembl\u00e9e.<\/em><\/span><em><span id=\"p158\">\u00a0Dans une semaine, vous allez voir un nouveau visage de l&rsquo;UFR jeune.<\/span><\/em><span id=\"p159\"><em>\u00a0Mais nous allons voir des jeunes engag\u00e9s de la base au sommet, capables d&rsquo;affronter la pluie, le feu et tout ce qui r\u00e9siste devant eux\u00bb<\/em> a-t-il fait entendre.<\/span><span id=\"p160\">\u00a0<\/span><\/p>\n<p><span id=\"p161\">Et d&rsquo;ajouter :<\/span><span id=\"p162\">\u00a0\u00ab<em>Nous\u00a0allons montrer \u00e0 la Guin\u00e9e que les jeunes de l&rsquo;UFR sont d\u00e9termin\u00e9s \u00e0 envoyer\u00a0<span id=\"183\" class=\"s-rg-t\">Sidya<\/span>\u00a0<span id=\"184\" class=\"s-rg-t\">Toure<\/span>\u00a0\u00e0\u00a0<\/em><span id=\"185\" class=\"s-rg-t\"><em>Sekoutoureyah<\/em>\u00bb<\/span>.<\/span><span id=\"p163\">\u00a0<\/span><\/p>\n<p><span id=\"p164\">Pr\u00e9sent \u00e0 cette assembl\u00e9e,\u00a0<span id=\"188\" class=\"s-rg-t\">Fode<\/span>\u00a0<span id=\"189\" class=\"s-rg-t\">Balde<\/span>\u00a0membre du bureau politique du parti en\u00a0C\u00f4te d&rsquo;Ivoire, a insist\u00e9 sur l&rsquo;enroulement des militants et sympathisants afin qu&rsquo;ils aient tous des cartes d&rsquo;\u00e9lecteur,\u00a0leur\u00a0permettant de voter.<\/span><span id=\"p165\">\u00a0<\/span><\/p>\n<p><span id=\"p166\">Il estime que l&rsquo;important n&rsquo;est pas de faire sortir des personnes par milliers dans les rues, mais plut\u00f4t d&rsquo;avoir un grand nombre d&rsquo;\u00e9lecteurs.<\/span><span id=\"p203\">\u00a0\u00ab<em>On pr\u00e9f\u00e8re avoir 400 personnes \u00e0 l&rsquo;assembl\u00e9e g\u00e9n\u00e9rale et avoir 400 \u00e9lecteurs que de faire sortir 1 million de personnes dans les rues et avoir 10 \u00e9lecteurs \u00bb<\/em>.<\/span><span id=\"p168\">\u00a0<\/span><\/p>\n<p><span id=\"p169\">Par ailleurs,\u00a0<span id=\"194\" class=\"s-rg-t\">Fode<\/span>\u00a0<span id=\"195\" class=\"s-rg-t\">Balde<\/span>\u00a0d\u00e9clare ceci :<\/span><span id=\"p170\">\u00a0\u00ab<em>nous \u00e0 l&rsquo;UFR, nous traitons l&rsquo;essentiel et nous sommes convaincu que le d\u00e9veloppement de la Guin\u00e9e ne passera que par une seule personne.<\/em><\/span><span id=\"p171\"><em>\u00a0Cette\u00a0personne, c&rsquo;est le pr\u00e9sident\u00a0<span id=\"197\" class=\"s-rg-t\">Sidya<\/span>\u00a0<span id=\"198\" class=\"s-rg-t\">Toure<\/span><span id=\"198\" class=\"s-rg-t\">\u00bb<\/span><\/em>\u00a0<\/span><\/p>\n<p><span id=\"p204\">\u00c0 noter que, plusieurs nouvelles adh\u00e9sions au parti ont \u00e9t\u00e9 constat\u00e9es lors de cet assembl\u00e9 g\u00e9n\u00e9ral hebdomadaire.<\/span><span id=\"p173\">\u00a0Notamment des jeunes de\u00a0<span id=\"200\" class=\"s-rg-t\">Dixinn<\/span>\u00a0et de\u00a0<span id=\"201\" class=\"s-rg-t\">Dabondi<\/span>.<\/span><span id=\"p174\">\u00a0<\/span><\/p>\n","protected":false},"excerpt":{"rendered":"<p>C&rsquo;est dans une tr\u00e8s grande ambiance avec une forte mobilisation des militants et sympathisants que L&rsquo;UFR a tenue son l&rsquo;assembl\u00e9e g\u00e9n\u00e9rale samedi 5 ao\u00fbt\u00a02017.\u00a0Au cours de cette s\u00e9ance, les d\u00e9bats ont port\u00e9 sur la restructuration des organismes dirigeants du parti.\u00a0 Dans son intervention, l&rsquo;honorable\u00a0Saikou\u00a0Yaya\u00a0Barry, pr\u00e9sident du bureau national des jeunes, a r\u00e9affirm\u00e9 \u00e0 travers ce [&hellip;]<\/p>\n","protected":false},"author":9,"featured_media":21213,"comment_status":"closed","ping_status":"closed","sticky":false,"template":"","format":"standard","meta":{"_exactmetrics_skip_tracking":false,"_exactmetrics_sitenote_active":false,"_exactmetrics_sitenote_note":"","_exactmetrics_sitenote_category":0,"tdm_status":"","tdm_grid_status":"","footnotes":""},"categories":[14],"tags":[],"class_list":{"0":"post-21198","1":"post","2":"type-post","3":"status-publish","4":"format-standard","5":"has-post-thumbnail","7":"category-politique"},"yoast_head":"<!-- This site is optimized with the Yoast SEO plugin v24.2 - https:\/\/yoast.com\/wordpress\/plugins\/seo\/ -->\n<title>Assembl\u00e9e g\u00e9n\u00e9rale de l&#039;UFR :\u00a0l&#039;honorable\u00a0Saikou\u00a0Yaya Barry\u00a0fait une annonce\u00a0 | Guin\u00e9e Diversit\u00e9<\/title>\n<meta name=\"robots\" content=\"index, follow, max-snippet:-1, max-image-preview:large, max-video-preview:-1\" \/>\n<link rel=\"canonical\" href=\"https:\/\/guineediversite.com\/index.php\/2017\/08\/06\/assemblee-general-de-lufr-lhonorable-saikou-yaya-barry-annonce\/\" \/>\n<meta property=\"og:locale\" content=\"fr_FR\" \/>\n<meta property=\"og:type\" content=\"article\" \/>\n<meta property=\"og:title\" content=\"Assembl\u00e9e g\u00e9n\u00e9rale de l&#039;UFR :\u00a0l&#039;honorable\u00a0Saikou\u00a0Yaya Barry\u00a0fait une annonce\u00a0 | Guin\u00e9e Diversit\u00e9\" \/>\n<meta property=\"og:description\" content=\"C&rsquo;est dans une tr\u00e8s grande ambiance avec une forte mobilisation des militants et sympathisants que L&rsquo;UFR a tenue son l&rsquo;assembl\u00e9e g\u00e9n\u00e9rale samedi 5 ao\u00fbt\u00a02017.\u00a0Au cours de cette s\u00e9ance, les d\u00e9bats ont port\u00e9 sur la restructuration des organismes dirigeants du parti.\u00a0 Dans son intervention, l&rsquo;honorable\u00a0Saikou\u00a0Yaya\u00a0Barry, pr\u00e9sident du bureau national des jeunes, a r\u00e9affirm\u00e9 \u00e0 travers ce [&hellip;]\" \/>\n<meta property=\"og:url\" content=\"https:\/\/guineediversite.com\/index.php\/2017\/08\/06\/assemblee-general-de-lufr-lhonorable-saikou-yaya-barry-annonce\/\" \/>\n<meta property=\"og:site_name\" content=\"Guin\u00e9e Diversit\u00e9\" \/>\n<meta property=\"article:publisher\" content=\"https:\/\/www.facebook.com\/guineediversite\/\" \/>\n<meta property=\"article:published_time\" content=\"2017-08-06T10:30:17+00:00\" \/>\n<meta property=\"article:modified_time\" content=\"2017-08-07T13:05:00+00:00\" \/>\n<meta property=\"og:image\" content=\"https:\/\/guineediversite.com\/wp-content\/uploads\/2017\/08\/IMG_20170422_131820-660x400.jpg\" \/>\n\t<meta property=\"og:image:width\" content=\"660\" \/>\n\t<meta property=\"og:image:height\" content=\"400\" \/>\n\t<meta property=\"og:image:type\" content=\"image\/jpeg\" \/>\n<meta name=\"author\" content=\"Mohamed Soumah\" \/>\n<meta name=\"twitter:card\" content=\"summary_large_image\" \/>\n<meta name=\"twitter:creator\" content=\"@GuineeDiversite\" \/>\n<meta name=\"twitter:site\" content=\"@GuineeDiversite\" \/>\n<meta name=\"twitter:label1\" content=\"\u00c9crit par\" \/>\n\t<meta name=\"twitter:data1\" content=\"Mohamed Soumah\" \/>\n\t<meta name=\"twitter:label2\" content=\"Dur\u00e9e de lecture estim\u00e9e\" \/>\n\t<meta name=\"twitter:data2\" content=\"2 minutes\" \/>\n<script type=\"application\/ld+json\" class=\"yoast-schema-graph\">{\"@context\":\"https:\/\/schema.org\",\"@graph\":[{\"@type\":\"Article\",\"@id\":\"https:\/\/guineediversite.com\/index.php\/2017\/08\/06\/assemblee-general-de-lufr-lhonorable-saikou-yaya-barry-annonce\/#article\",\"isPartOf\":{\"@id\":\"https:\/\/guineediversite.com\/index.php\/2017\/08\/06\/assemblee-general-de-lufr-lhonorable-saikou-yaya-barry-annonce\/\"},\"author\":{\"name\":\"Mohamed Soumah\",\"@id\":\"https:\/\/guineediversite.com\/#\/schema\/person\/6fd709a160384bf74b931ededf0856f3\"},\"headline\":\"Assembl\u00e9e g\u00e9n\u00e9rale de l&rsquo;UFR :\u00a0l&rsquo;honorable\u00a0Saikou\u00a0Yaya Barry\u00a0fait une annonce\u00a0\",\"datePublished\":\"2017-08-06T10:30:17+00:00\",\"dateModified\":\"2017-08-07T13:05:00+00:00\",\"mainEntityOfPage\":{\"@id\":\"https:\/\/guineediversite.com\/index.php\/2017\/08\/06\/assemblee-general-de-lufr-lhonorable-saikou-yaya-barry-annonce\/\"},\"wordCount\":374,\"publisher\":{\"@id\":\"https:\/\/guineediversite.com\/#organization\"},\"image\":{\"@id\":\"https:\/\/guineediversite.com\/index.php\/2017\/08\/06\/assemblee-general-de-lufr-lhonorable-saikou-yaya-barry-annonce\/#primaryimage\"},\"thumbnailUrl\":\"https:\/\/guineediversite.com\/wp-content\/uploads\/2017\/08\/IMG_20170422_131820-660x400.jpg\",\"articleSection\":[\"Politique\"],\"inLanguage\":\"fr-FR\"},{\"@type\":\"WebPage\",\"@id\":\"https:\/\/guineediversite.com\/index.php\/2017\/08\/06\/assemblee-general-de-lufr-lhonorable-saikou-yaya-barry-annonce\/\",\"url\":\"https:\/\/guineediversite.com\/index.php\/2017\/08\/06\/assemblee-general-de-lufr-lhonorable-saikou-yaya-barry-annonce\/\",\"name\":\"Assembl\u00e9e g\u00e9n\u00e9rale de l'UFR :\u00a0l'honorable\u00a0Saikou\u00a0Yaya Barry\u00a0fait une annonce\u00a0 | Guin\u00e9e Diversit\u00e9\",\"isPartOf\":{\"@id\":\"https:\/\/guineediversite.com\/#website\"},\"primaryImageOfPage\":{\"@id\":\"https:\/\/guineediversite.com\/index.php\/2017\/08\/06\/assemblee-general-de-lufr-lhonorable-saikou-yaya-barry-annonce\/#primaryimage\"},\"image\":{\"@id\":\"https:\/\/guineediversite.com\/index.php\/2017\/08\/06\/assemblee-general-de-lufr-lhonorable-saikou-yaya-barry-annonce\/#primaryimage\"},\"thumbnailUrl\":\"https:\/\/guineediversite.com\/wp-content\/uploads\/2017\/08\/IMG_20170422_131820-660x400.jpg\",\"datePublished\":\"2017-08-06T10:30:17+00:00\",\"dateModified\":\"2017-08-07T13:05:00+00:00\",\"breadcrumb\":{\"@id\":\"https:\/\/guineediversite.com\/index.php\/2017\/08\/06\/assemblee-general-de-lufr-lhonorable-saikou-yaya-barry-annonce\/#breadcrumb\"},\"inLanguage\":\"fr-FR\",\"potentialAction\":[{\"@type\":\"ReadAction\",\"target\":[\"https:\/\/guineediversite.com\/index.php\/2017\/08\/06\/assemblee-general-de-lufr-lhonorable-saikou-yaya-barry-annonce\/\"]}]},{\"@type\":\"ImageObject\",\"inLanguage\":\"fr-FR\",\"@id\":\"https:\/\/guineediversite.com\/index.php\/2017\/08\/06\/assemblee-general-de-lufr-lhonorable-saikou-yaya-barry-annonce\/#primaryimage\",\"url\":\"https:\/\/guineediversite.com\/wp-content\/uploads\/2017\/08\/IMG_20170422_131820-660x400.jpg\",\"contentUrl\":\"https:\/\/guineediversite.com\/wp-content\/uploads\/2017\/08\/IMG_20170422_131820-660x400.jpg\",\"width\":660,\"height\":400},{\"@type\":\"BreadcrumbList\",\"@id\":\"https:\/\/guineediversite.com\/index.php\/2017\/08\/06\/assemblee-general-de-lufr-lhonorable-saikou-yaya-barry-annonce\/#breadcrumb\",\"itemListElement\":[{\"@type\":\"ListItem\",\"position\":1,\"name\":\"Accueil\",\"item\":\"https:\/\/guineediversite.com\/\"},{\"@type\":\"ListItem\",\"position\":2,\"name\":\"Assembl\u00e9e g\u00e9n\u00e9rale de l&rsquo;UFR :\u00a0l&rsquo;honorable\u00a0Saikou\u00a0Yaya Barry\u00a0fait une annonce\u00a0\"}]},{\"@type\":\"WebSite\",\"@id\":\"https:\/\/guineediversite.com\/#website\",\"url\":\"https:\/\/guineediversite.com\/\",\"name\":\"Guin\u00e9e Diversit\u00e9\",\"description\":\"L&#039;Info dans toute sa diversit\u00e9\",\"publisher\":{\"@id\":\"https:\/\/guineediversite.com\/#organization\"},\"potentialAction\":[{\"@type\":\"SearchAction\",\"target\":{\"@type\":\"EntryPoint\",\"urlTemplate\":\"https:\/\/guineediversite.com\/?s={search_term_string}\"},\"query-input\":{\"@type\":\"PropertyValueSpecification\",\"valueRequired\":true,\"valueName\":\"search_term_string\"}}],\"inLanguage\":\"fr-FR\"},{\"@type\":\"Organization\",\"@id\":\"https:\/\/guineediversite.com\/#organization\",\"name\":\"Guin\u00e9e Diversit\u00e9\",\"url\":\"https:\/\/guineediversite.com\/\",\"logo\":{\"@type\":\"ImageObject\",\"inLanguage\":\"fr-FR\",\"@id\":\"https:\/\/guineediversite.com\/#\/schema\/logo\/image\/\",\"url\":\"https:\/\/guineediversite.com\/wp-content\/uploads\/2017\/04\/cropped-1jojlxEOMkX9Wyqfhe43D6kjPOGqBBKmx3EwWJqZ0cMrFF54yM49.png\",\"contentUrl\":\"https:\/\/guineediversite.com\/wp-content\/uploads\/2017\/04\/cropped-1jojlxEOMkX9Wyqfhe43D6kjPOGqBBKmx3EwWJqZ0cMrFF54yM49.png\",\"width\":186,\"height\":112,\"caption\":\"Guin\u00e9e Diversit\u00e9\"},\"image\":{\"@id\":\"https:\/\/guineediversite.com\/#\/schema\/logo\/image\/\"},\"sameAs\":[\"https:\/\/www.facebook.com\/guineediversite\/\",\"https:\/\/x.com\/GuineeDiversite\",\"https:\/\/www.youtube.com\/channel\/UC8sUY16qelG5ge6_D5SB83g\"]},{\"@type\":\"Person\",\"@id\":\"https:\/\/guineediversite.com\/#\/schema\/person\/6fd709a160384bf74b931ededf0856f3\",\"name\":\"Mohamed Soumah\",\"image\":{\"@type\":\"ImageObject\",\"inLanguage\":\"fr-FR\",\"@id\":\"https:\/\/guineediversite.com\/#\/schema\/person\/image\/\",\"url\":\"https:\/\/secure.gravatar.com\/avatar\/4c1e00b5ab2c2b85b5c9be70590b9f67?s=96&d=mm&r=g\",\"contentUrl\":\"https:\/\/secure.gravatar.com\/avatar\/4c1e00b5ab2c2b85b5c9be70590b9f67?s=96&d=mm&r=g\",\"caption\":\"Mohamed Soumah\"},\"url\":\"https:\/\/guineediversite.com\/index.php\/author\/mohamed\/\"}]}<\/script>\n<!-- \/ Yoast SEO plugin. -->","yoast_head_json":{"title":"Assembl\u00e9e g\u00e9n\u00e9rale de l'UFR :\u00a0l'honorable\u00a0Saikou\u00a0Yaya Barry\u00a0fait une annonce\u00a0 | Guin\u00e9e Diversit\u00e9","robots":{"index":"index","follow":"follow","max-snippet":"max-snippet:-1","max-image-preview":"max-image-preview:large","max-video-preview":"max-video-preview:-1"},"canonical":"https:\/\/guineediversite.com\/index.php\/2017\/08\/06\/assemblee-general-de-lufr-lhonorable-saikou-yaya-barry-annonce\/","og_locale":"fr_FR","og_type":"article","og_title":"Assembl\u00e9e g\u00e9n\u00e9rale de l'UFR :\u00a0l'honorable\u00a0Saikou\u00a0Yaya Barry\u00a0fait une annonce\u00a0 | Guin\u00e9e Diversit\u00e9","og_description":"C&rsquo;est dans une tr\u00e8s grande ambiance avec une forte mobilisation des militants et sympathisants que L&rsquo;UFR a tenue son l&rsquo;assembl\u00e9e g\u00e9n\u00e9rale samedi 5 ao\u00fbt\u00a02017.\u00a0Au cours de cette s\u00e9ance, les d\u00e9bats ont port\u00e9 sur la restructuration des organismes dirigeants du parti.\u00a0 Dans son intervention, l&rsquo;honorable\u00a0Saikou\u00a0Yaya\u00a0Barry, pr\u00e9sident du bureau national des jeunes, a r\u00e9affirm\u00e9 \u00e0 travers ce [&hellip;]","og_url":"https:\/\/guineediversite.com\/index.php\/2017\/08\/06\/assemblee-general-de-lufr-lhonorable-saikou-yaya-barry-annonce\/","og_site_name":"Guin\u00e9e Diversit\u00e9","article_publisher":"https:\/\/www.facebook.com\/guineediversite\/","article_published_time":"2017-08-06T10:30:17+00:00","article_modified_time":"2017-08-07T13:05:00+00:00","og_image":[{"width":660,"height":400,"url":"https:\/\/guineediversite.com\/wp-content\/uploads\/2017\/08\/IMG_20170422_131820-660x400.jpg","type":"image\/jpeg"}],"author":"Mohamed Soumah","twitter_card":"summary_large_image","twitter_creator":"@GuineeDiversite","twitter_site":"@GuineeDiversite","twitter_misc":{"\u00c9crit par":"Mohamed Soumah","Dur\u00e9e de lecture estim\u00e9e":"2 minutes"},"schema":{"@context":"https:\/\/schema.org","@graph":[{"@type":"Article","@id":"https:\/\/guineediversite.com\/index.php\/2017\/08\/06\/assemblee-general-de-lufr-lhonorable-saikou-yaya-barry-annonce\/#article","isPartOf":{"@id":"https:\/\/guineediversite.com\/index.php\/2017\/08\/06\/assemblee-general-de-lufr-lhonorable-saikou-yaya-barry-annonce\/"},"author":{"name":"Mohamed Soumah","@id":"https:\/\/guineediversite.com\/#\/schema\/person\/6fd709a160384bf74b931ededf0856f3"},"headline":"Assembl\u00e9e g\u00e9n\u00e9rale de l&rsquo;UFR :\u00a0l&rsquo;honorable\u00a0Saikou\u00a0Yaya Barry\u00a0fait une annonce\u00a0","datePublished":"2017-08-06T10:30:17+00:00","dateModified":"2017-08-07T13:05:00+00:00","mainEntityOfPage":{"@id":"https:\/\/guineediversite.com\/index.php\/2017\/08\/06\/assemblee-general-de-lufr-lhonorable-saikou-yaya-barry-annonce\/"},"wordCount":374,"publisher":{"@id":"https:\/\/guineediversite.com\/#organization"},"image":{"@id":"https:\/\/guineediversite.com\/index.php\/2017\/08\/06\/assemblee-general-de-lufr-lhonorable-saikou-yaya-barry-annonce\/#primaryimage"},"thumbnailUrl":"https:\/\/guineediversite.com\/wp-content\/uploads\/2017\/08\/IMG_20170422_131820-660x400.jpg","articleSection":["Politique"],"inLanguage":"fr-FR"},{"@type":"WebPage","@id":"https:\/\/guineediversite.com\/index.php\/2017\/08\/06\/assemblee-general-de-lufr-lhonorable-saikou-yaya-barry-annonce\/","url":"https:\/\/guineediversite.com\/index.php\/2017\/08\/06\/assemblee-general-de-lufr-lhonorable-saikou-yaya-barry-annonce\/","name":"Assembl\u00e9e g\u00e9n\u00e9rale de l'UFR :\u00a0l'honorable\u00a0Saikou\u00a0Yaya Barry\u00a0fait une annonce\u00a0 | Guin\u00e9e Diversit\u00e9","isPartOf":{"@id":"https:\/\/guineediversite.com\/#website"},"primaryImageOfPage":{"@id":"https:\/\/guineediversite.com\/index.php\/2017\/08\/06\/assemblee-general-de-lufr-lhonorable-saikou-yaya-barry-annonce\/#primaryimage"},"image":{"@id":"https:\/\/guineediversite.com\/index.php\/2017\/08\/06\/assemblee-general-de-lufr-lhonorable-saikou-yaya-barry-annonce\/#primaryimage"},"thumbnailUrl":"https:\/\/guineediversite.com\/wp-content\/uploads\/2017\/08\/IMG_20170422_131820-660x400.jpg","datePublished":"2017-08-06T10:30:17+00:00","dateModified":"2017-08-07T13:05:00+00:00","breadcrumb":{"@id":"https:\/\/guineediversite.com\/index.php\/2017\/08\/06\/assemblee-general-de-lufr-lhonorable-saikou-yaya-barry-annonce\/#breadcrumb"},"inLanguage":"fr-FR","potentialAction":[{"@type":"ReadAction","target":["https:\/\/guineediversite.com\/index.php\/2017\/08\/06\/assemblee-general-de-lufr-lhonorable-saikou-yaya-barry-annonce\/"]}]},{"@type":"ImageObject","inLanguage":"fr-FR","@id":"https:\/\/guineediversite.com\/index.php\/2017\/08\/06\/assemblee-general-de-lufr-lhonorable-saikou-yaya-barry-annonce\/#primaryimage","url":"https:\/\/guineediversite.com\/wp-content\/uploads\/2017\/08\/IMG_20170422_131820-660x400.jpg","contentUrl":"https:\/\/guineediversite.com\/wp-content\/uploads\/2017\/08\/IMG_20170422_131820-660x400.jpg","width":660,"height":400},{"@type":"BreadcrumbList","@id":"https:\/\/guineediversite.com\/index.php\/2017\/08\/06\/assemblee-general-de-lufr-lhonorable-saikou-yaya-barry-annonce\/#breadcrumb","itemListElement":[{"@type":"ListItem","position":1,"name":"Accueil","item":"https:\/\/guineediversite.com\/"},{"@type":"ListItem","position":2,"name":"Assembl\u00e9e g\u00e9n\u00e9rale de l&rsquo;UFR :\u00a0l&rsquo;honorable\u00a0Saikou\u00a0Yaya Barry\u00a0fait une annonce\u00a0"}]},{"@type":"WebSite","@id":"https:\/\/guineediversite.com\/#website","url":"https:\/\/guineediversite.com\/","name":"Guin\u00e9e Diversit\u00e9","description":"L&#039;Info dans toute sa diversit\u00e9","publisher":{"@id":"https:\/\/guineediversite.com\/#organization"},"potentialAction":[{"@type":"SearchAction","target":{"@type":"EntryPoint","urlTemplate":"https:\/\/guineediversite.com\/?s={search_term_string}"},"query-input":{"@type":"PropertyValueSpecification","valueRequired":true,"valueName":"search_term_string"}}],"inLanguage":"fr-FR"},{"@type":"Organization","@id":"https:\/\/guineediversite.com\/#organization","name":"Guin\u00e9e Diversit\u00e9","url":"https:\/\/guineediversite.com\/","logo":{"@type":"ImageObject","inLanguage":"fr-FR","@id":"https:\/\/guineediversite.com\/#\/schema\/logo\/image\/","url":"https:\/\/guineediversite.com\/wp-content\/uploads\/2017\/04\/cropped-1jojlxEOMkX9Wyqfhe43D6kjPOGqBBKmx3EwWJqZ0cMrFF54yM49.png","contentUrl":"https:\/\/guineediversite.com\/wp-content\/uploads\/2017\/04\/cropped-1jojlxEOMkX9Wyqfhe43D6kjPOGqBBKmx3EwWJqZ0cMrFF54yM49.png","width":186,"height":112,"caption":"Guin\u00e9e Diversit\u00e9"},"image":{"@id":"https:\/\/guineediversite.com\/#\/schema\/logo\/image\/"},"sameAs":["https:\/\/www.facebook.com\/guineediversite\/","https:\/\/x.com\/GuineeDiversite","https:\/\/www.youtube.com\/channel\/UC8sUY16qelG5ge6_D5SB83g"]},{"@type":"Person","@id":"https:\/\/guineediversite.com\/#\/schema\/person\/6fd709a160384bf74b931ededf0856f3","name":"Mohamed Soumah","image":{"@type":"ImageObject","inLanguage":"fr-FR","@id":"https:\/\/guineediversite.com\/#\/schema\/person\/image\/","url":"https:\/\/secure.gravatar.com\/avatar\/4c1e00b5ab2c2b85b5c9be70590b9f67?s=96&d=mm&r=g","contentUrl":"https:\/\/secure.gravatar.com\/avatar\/4c1e00b5ab2c2b85b5c9be70590b9f67?s=96&d=mm&r=g","caption":"Mohamed Soumah"},"url":"https:\/\/guineediversite.com\/index.php\/author\/mohamed\/"}]}},"_links":{"self":[{"href":"https:\/\/guineediversite.com\/index.php\/wp-json\/wp\/v2\/posts\/21198"}],"collection":[{"href":"https:\/\/guineediversite.com\/index.php\/wp-json\/wp\/v2\/posts"}],"about":[{"href":"https:\/\/guineediversite.com\/index.php\/wp-json\/wp\/v2\/types\/post"}],"author":[{"embeddable":true,"href":"https:\/\/guineediversite.com\/index.php\/wp-json\/wp\/v2\/users\/9"}],"replies":[{"embeddable":true,"href":"https:\/\/guineediversite.com\/index.php\/wp-json\/wp\/v2\/comments?post=21198"}],"version-history":[{"count":0,"href":"https:\/\/guineediversite.com\/index.php\/wp-json\/wp\/v2\/posts\/21198\/revisions"}],"wp:featuredmedia":[{"embeddable":true,"href":"https:\/\/guineediversite.com\/index.php\/wp-json\/wp\/v2\/media\/21213"}],"wp:attachment":[{"href":"https:\/\/guineediversite.com\/index.php\/wp-json\/wp\/v2\/media?parent=21198"}],"wp:term":[{"taxonomy":"category","embeddable":true,"href":"https:\/\/guineediversite.com\/index.php\/wp-json\/wp\/v2\/categories?post=21198"},{"taxonomy":"post_tag","embeddable":true,"href":"https:\/\/guineediversite.com\/index.php\/wp-json\/wp\/v2\/tags?post=21198"}],"curies":[{"name":"wp","href":"https:\/\/api.w.org\/{rel}","templated":true}]}}