{"id":20912,"date":"2017-07-21T23:30:50","date_gmt":"2017-07-21T21:30:50","guid":{"rendered":"https:\/\/guineediversite.com\/?p=20912"},"modified":"2017-07-21T23:41:46","modified_gmt":"2017-07-21T21:41:46","slug":"delegation-de-lunion-africaine-recue-a-lassemblee-nationale","status":"publish","type":"post","link":"https:\/\/guineediversite.com\/index.php\/2017\/07\/21\/delegation-de-lunion-africaine-recue-a-lassemblee-nationale\/","title":{"rendered":"Une d\u00e9l\u00e9gation de l\u2019Union africaine re\u00e7ue \u00e0 l\u2019Assembl\u00e9e nationale"},"content":{"rendered":"<p><span id=\"p37\"><strong>Une d\u00e9l\u00e9gation de l&rsquo;Union africaine conduite par Jacques\u00a0<span id=\"49\">Moukwend\u00e9<\/span>\u00a0 a \u00e9t\u00e9 re\u00e7ue\u00a0\u00e0 l&rsquo;Assembl\u00e9e nationale. La d\u00e9l\u00e9gation \u00a0\u00e9tait venue demander aux d\u00e9put\u00e9s guin\u00e9ens de s\u2019impliquer dans le suivi et l\u2019\u00e9valuation de l\u2019agenda 2063 de l\u2019organisation panafricaine.<\/strong><br \/>\n<\/span><br \/>\n<span id=\"p38\">La rencontre avec les cadres de l\u2019administration parlementaire a dur\u00e9 plus d\u2019une heure.<\/span><span id=\"p39\">\u00a0<\/span><br \/>\n<span id=\"p73\">Au sortir de l\u2019entretien, l\u2019\u00e9missaire de l\u2019Union africaine a indiqu\u00e9 qu\u2019il fallait passer par l\u2019Assembl\u00e9e nationale pour signifier aux \u00e9lus du peuple leur mission d\u2019informer et sensibiliser sur l\u2019agenda 2063 de l\u2019UA.<\/span><br \/>\n<span id=\"p41\">Jacques\u00a0<span id=\"53\" class=\"s-rg-t\">Moukwend\u00e9<\/span>\u00a0a soulign\u00e9 \u00e0 la presse que le r\u00f4le des parlementaires \u00e9tant capital, il fallait qu\u2019ils soient impliqu\u00e9s dans leur d\u00e9marche en vue de booster ce programme qui est une synth\u00e8se de plans de d\u00e9veloppement des 54 pays fondus dans l\u2019institution panafricaine.<br \/>\n<\/span><br \/>\n<span id=\"p42\">Sur l\u2019ex\u00e9cution de cet agenda en Guin\u00e9e, Jacques\u00a0<span id=\"54\" class=\"s-rg-t\">Moukwend\u00e9<\/span>\u00a0a confi\u00e9 qu\u2019il \u00e9tait tr\u00e8s surpris de savoir que beaucoup d\u2019aspects relatifs \u00e0 ce programme \u00e9taient d\u00e9j\u00e0 inclus dans le plan national de d\u00e9veloppement du pays par le d\u00e9partement du plan et de la coop\u00e9ration internationale avec lequel, il a\u00a0travaill\u00e9 avant\u00a0sa rencontre avec les membres de l\u2019Assembl\u00e9e nationale.<br \/>\n<\/span><br \/>\n<span id=\"p43\">Selon le\u00a0Premier secr\u00e9taire\u00a0parlementaire de l\u2019assembl\u00e9e nationale, le\u00a0<span id=\"58\" class=\"s-rg-t\">PNDS<\/span>\u00a0guin\u00e9en a pris en compte tous les projets relatifs \u00e0 l\u2019agenda 2063 de l\u2019Union africaine, qui comprend entre autres le secteur des mines, de l\u2019agriculture, de l\u2019\u00e9nergie, mais aussi la bonne gouvernance qui n\u2019a pas \u00e9chapp\u00e9 aux techniciens qui ont \u00e9labor\u00e9 ce plan de d\u00e9veloppement.<br \/>\n<\/span><br \/>\n<span id=\"p74\">Concernant les mines, le responsable de l\u2019Assembl\u00e9e nationale qui a re\u00e7u la d\u00e9l\u00e9gation a soulign\u00e9 \u00ab qu\u2019on ne peut pas parler du d\u00e9veloppement de ce secteur, sans parler de l\u2019\u00e9nergie.<\/span><span id=\"p75\">\u00a0Ainsi, le gouvernement guin\u00e9en a ouvert des grands projets de constructions de barrages hydro\u00e9lectriques qui sont :<\/span><span id=\"p46\">\u00a0<span id=\"65\" class=\"s-rg-t\">Kal\u00e9ta<\/span>,\u00a0<span id=\"66\" class=\"s-rg-t\">Souapiti<\/span>,\u00a0<span id=\"67\" class=\"s-rg-t\">Foumi<\/span>, mais aussi la r\u00e9habilitation des centrales thermiques de\u00a0<span id=\"68\" class=\"s-rg-t\">Tombo<\/span>\u00a01,\u00a0<span id=\"69\" class=\"s-rg-t\">Tombo<\/span>\u00a02 et\u00a0<span id=\"70\" class=\"s-rg-t\">Tombo<\/span>\u00a03.<\/span><span id=\"p76\">\u00a0Des projets qui donneront \u00e0 la Guin\u00e9e son ind\u00e9pendance \u00e9nerg\u00e9tique.<\/span><span id=\"p48\">\u00bb\u00a0<\/span><\/p>\n","protected":false},"excerpt":{"rendered":"<p>Une d\u00e9l\u00e9gation de l&rsquo;Union africaine conduite par Jacques\u00a0Moukwend\u00e9\u00a0 a \u00e9t\u00e9 re\u00e7ue\u00a0\u00e0 l&rsquo;Assembl\u00e9e nationale. La d\u00e9l\u00e9gation \u00a0\u00e9tait venue demander aux d\u00e9put\u00e9s guin\u00e9ens de s\u2019impliquer dans le suivi et l\u2019\u00e9valuation de l\u2019agenda 2063 de l\u2019organisation panafricaine. La rencontre avec les cadres de l\u2019administration parlementaire a dur\u00e9 plus d\u2019une heure.\u00a0 Au sortir de l\u2019entretien, l\u2019\u00e9missaire de l\u2019Union africaine [&hellip;]<\/p>\n","protected":false},"author":14,"featured_media":20913,"comment_status":"open","ping_status":"open","sticky":false,"template":"","format":"standard","meta":{"_exactmetrics_skip_tracking":false,"_exactmetrics_sitenote_active":false,"_exactmetrics_sitenote_note":"","_exactmetrics_sitenote_category":0,"tdm_status":"","tdm_grid_status":"","footnotes":""},"categories":[14],"tags":[],"class_list":{"0":"post-20912","1":"post","2":"type-post","3":"status-publish","4":"format-standard","5":"has-post-thumbnail","7":"category-politique"},"yoast_head":"<!-- This site is optimized with the Yoast SEO plugin v24.2 - https:\/\/yoast.com\/wordpress\/plugins\/seo\/ -->\n<title>Une d\u00e9l\u00e9gation de l\u2019Union africaine re\u00e7ue \u00e0 l\u2019Assembl\u00e9e nationale | Guin\u00e9e Diversit\u00e9<\/title>\n<meta name=\"robots\" content=\"index, follow, max-snippet:-1, max-image-preview:large, max-video-preview:-1\" \/>\n<link rel=\"canonical\" href=\"https:\/\/guineediversite.com\/index.php\/2017\/07\/21\/delegation-de-lunion-africaine-recue-a-lassemblee-nationale\/\" \/>\n<meta property=\"og:locale\" content=\"fr_FR\" \/>\n<meta property=\"og:type\" content=\"article\" \/>\n<meta property=\"og:title\" content=\"Une d\u00e9l\u00e9gation de l\u2019Union africaine re\u00e7ue \u00e0 l\u2019Assembl\u00e9e nationale | Guin\u00e9e Diversit\u00e9\" \/>\n<meta property=\"og:description\" content=\"Une d\u00e9l\u00e9gation de l&rsquo;Union africaine conduite par Jacques\u00a0Moukwend\u00e9\u00a0 a \u00e9t\u00e9 re\u00e7ue\u00a0\u00e0 l&rsquo;Assembl\u00e9e nationale. La d\u00e9l\u00e9gation \u00a0\u00e9tait venue demander aux d\u00e9put\u00e9s guin\u00e9ens de s\u2019impliquer dans le suivi et l\u2019\u00e9valuation de l\u2019agenda 2063 de l\u2019organisation panafricaine. La rencontre avec les cadres de l\u2019administration parlementaire a dur\u00e9 plus d\u2019une heure.\u00a0 Au sortir de l\u2019entretien, l\u2019\u00e9missaire de l\u2019Union africaine [&hellip;]\" \/>\n<meta property=\"og:url\" content=\"https:\/\/guineediversite.com\/index.php\/2017\/07\/21\/delegation-de-lunion-africaine-recue-a-lassemblee-nationale\/\" \/>\n<meta property=\"og:site_name\" content=\"Guin\u00e9e Diversit\u00e9\" \/>\n<meta property=\"article:publisher\" content=\"https:\/\/www.facebook.com\/guineediversite\/\" \/>\n<meta property=\"article:published_time\" content=\"2017-07-21T21:30:50+00:00\" \/>\n<meta property=\"article:modified_time\" content=\"2017-07-21T21:41:46+00:00\" \/>\n<meta property=\"og:image\" content=\"https:\/\/guineediversite.com\/wp-content\/uploads\/2017\/07\/D\u00e9put\u00e9s-Assembl\u00e9e-nationale-7-1.jpg\" \/>\n\t<meta property=\"og:image:width\" content=\"1280\" \/>\n\t<meta property=\"og:image:height\" content=\"720\" \/>\n\t<meta property=\"og:image:type\" content=\"image\/jpeg\" \/>\n<meta name=\"author\" content=\"Lazare Bangoura\" \/>\n<meta name=\"twitter:card\" content=\"summary_large_image\" \/>\n<meta name=\"twitter:creator\" content=\"@GuineeDiversite\" \/>\n<meta name=\"twitter:site\" content=\"@GuineeDiversite\" \/>\n<meta name=\"twitter:label1\" content=\"\u00c9crit par\" \/>\n\t<meta name=\"twitter:data1\" content=\"Lazare Bangoura\" \/>\n\t<meta name=\"twitter:label2\" content=\"Dur\u00e9e de lecture estim\u00e9e\" \/>\n\t<meta name=\"twitter:data2\" content=\"2 minutes\" \/>\n<script type=\"application\/ld+json\" class=\"yoast-schema-graph\">{\"@context\":\"https:\/\/schema.org\",\"@graph\":[{\"@type\":\"Article\",\"@id\":\"https:\/\/guineediversite.com\/index.php\/2017\/07\/21\/delegation-de-lunion-africaine-recue-a-lassemblee-nationale\/#article\",\"isPartOf\":{\"@id\":\"https:\/\/guineediversite.com\/index.php\/2017\/07\/21\/delegation-de-lunion-africaine-recue-a-lassemblee-nationale\/\"},\"author\":{\"name\":\"Lazare Bangoura\",\"@id\":\"https:\/\/guineediversite.com\/#\/schema\/person\/c915f4424a17926ee4510e6abdfdc2a5\"},\"headline\":\"Une d\u00e9l\u00e9gation de l\u2019Union africaine re\u00e7ue \u00e0 l\u2019Assembl\u00e9e nationale\",\"datePublished\":\"2017-07-21T21:30:50+00:00\",\"dateModified\":\"2017-07-21T21:41:46+00:00\",\"mainEntityOfPage\":{\"@id\":\"https:\/\/guineediversite.com\/index.php\/2017\/07\/21\/delegation-de-lunion-africaine-recue-a-lassemblee-nationale\/\"},\"wordCount\":383,\"commentCount\":0,\"publisher\":{\"@id\":\"https:\/\/guineediversite.com\/#organization\"},\"image\":{\"@id\":\"https:\/\/guineediversite.com\/index.php\/2017\/07\/21\/delegation-de-lunion-africaine-recue-a-lassemblee-nationale\/#primaryimage\"},\"thumbnailUrl\":\"https:\/\/guineediversite.com\/wp-content\/uploads\/2017\/07\/D\u00e9put\u00e9s-Assembl\u00e9e-nationale-7-1.jpg\",\"articleSection\":[\"Politique\"],\"inLanguage\":\"fr-FR\",\"potentialAction\":[{\"@type\":\"CommentAction\",\"name\":\"Comment\",\"target\":[\"https:\/\/guineediversite.com\/index.php\/2017\/07\/21\/delegation-de-lunion-africaine-recue-a-lassemblee-nationale\/#respond\"]}]},{\"@type\":\"WebPage\",\"@id\":\"https:\/\/guineediversite.com\/index.php\/2017\/07\/21\/delegation-de-lunion-africaine-recue-a-lassemblee-nationale\/\",\"url\":\"https:\/\/guineediversite.com\/index.php\/2017\/07\/21\/delegation-de-lunion-africaine-recue-a-lassemblee-nationale\/\",\"name\":\"Une d\u00e9l\u00e9gation de l\u2019Union africaine re\u00e7ue \u00e0 l\u2019Assembl\u00e9e nationale | Guin\u00e9e Diversit\u00e9\",\"isPartOf\":{\"@id\":\"https:\/\/guineediversite.com\/#website\"},\"primaryImageOfPage\":{\"@id\":\"https:\/\/guineediversite.com\/index.php\/2017\/07\/21\/delegation-de-lunion-africaine-recue-a-lassemblee-nationale\/#primaryimage\"},\"image\":{\"@id\":\"https:\/\/guineediversite.com\/index.php\/2017\/07\/21\/delegation-de-lunion-africaine-recue-a-lassemblee-nationale\/#primaryimage\"},\"thumbnailUrl\":\"https:\/\/guineediversite.com\/wp-content\/uploads\/2017\/07\/D\u00e9put\u00e9s-Assembl\u00e9e-nationale-7-1.jpg\",\"datePublished\":\"2017-07-21T21:30:50+00:00\",\"dateModified\":\"2017-07-21T21:41:46+00:00\",\"breadcrumb\":{\"@id\":\"https:\/\/guineediversite.com\/index.php\/2017\/07\/21\/delegation-de-lunion-africaine-recue-a-lassemblee-nationale\/#breadcrumb\"},\"inLanguage\":\"fr-FR\",\"potentialAction\":[{\"@type\":\"ReadAction\",\"target\":[\"https:\/\/guineediversite.com\/index.php\/2017\/07\/21\/delegation-de-lunion-africaine-recue-a-lassemblee-nationale\/\"]}]},{\"@type\":\"ImageObject\",\"inLanguage\":\"fr-FR\",\"@id\":\"https:\/\/guineediversite.com\/index.php\/2017\/07\/21\/delegation-de-lunion-africaine-recue-a-lassemblee-nationale\/#primaryimage\",\"url\":\"https:\/\/guineediversite.com\/wp-content\/uploads\/2017\/07\/D\u00e9put\u00e9s-Assembl\u00e9e-nationale-7-1.jpg\",\"contentUrl\":\"https:\/\/guineediversite.com\/wp-content\/uploads\/2017\/07\/D\u00e9put\u00e9s-Assembl\u00e9e-nationale-7-1.jpg\",\"width\":1280,\"height\":720},{\"@type\":\"BreadcrumbList\",\"@id\":\"https:\/\/guineediversite.com\/index.php\/2017\/07\/21\/delegation-de-lunion-africaine-recue-a-lassemblee-nationale\/#breadcrumb\",\"itemListElement\":[{\"@type\":\"ListItem\",\"position\":1,\"name\":\"Accueil\",\"item\":\"https:\/\/guineediversite.com\/\"},{\"@type\":\"ListItem\",\"position\":2,\"name\":\"Une d\u00e9l\u00e9gation de l\u2019Union africaine re\u00e7ue \u00e0 l\u2019Assembl\u00e9e nationale\"}]},{\"@type\":\"WebSite\",\"@id\":\"https:\/\/guineediversite.com\/#website\",\"url\":\"https:\/\/guineediversite.com\/\",\"name\":\"Guin\u00e9e Diversit\u00e9\",\"description\":\"L&#039;Info dans toute sa diversit\u00e9\",\"publisher\":{\"@id\":\"https:\/\/guineediversite.com\/#organization\"},\"potentialAction\":[{\"@type\":\"SearchAction\",\"target\":{\"@type\":\"EntryPoint\",\"urlTemplate\":\"https:\/\/guineediversite.com\/?s={search_term_string}\"},\"query-input\":{\"@type\":\"PropertyValueSpecification\",\"valueRequired\":true,\"valueName\":\"search_term_string\"}}],\"inLanguage\":\"fr-FR\"},{\"@type\":\"Organization\",\"@id\":\"https:\/\/guineediversite.com\/#organization\",\"name\":\"Guin\u00e9e Diversit\u00e9\",\"url\":\"https:\/\/guineediversite.com\/\",\"logo\":{\"@type\":\"ImageObject\",\"inLanguage\":\"fr-FR\",\"@id\":\"https:\/\/guineediversite.com\/#\/schema\/logo\/image\/\",\"url\":\"https:\/\/guineediversite.com\/wp-content\/uploads\/2017\/04\/cropped-1jojlxEOMkX9Wyqfhe43D6kjPOGqBBKmx3EwWJqZ0cMrFF54yM49.png\",\"contentUrl\":\"https:\/\/guineediversite.com\/wp-content\/uploads\/2017\/04\/cropped-1jojlxEOMkX9Wyqfhe43D6kjPOGqBBKmx3EwWJqZ0cMrFF54yM49.png\",\"width\":186,\"height\":112,\"caption\":\"Guin\u00e9e Diversit\u00e9\"},\"image\":{\"@id\":\"https:\/\/guineediversite.com\/#\/schema\/logo\/image\/\"},\"sameAs\":[\"https:\/\/www.facebook.com\/guineediversite\/\",\"https:\/\/x.com\/GuineeDiversite\",\"https:\/\/www.youtube.com\/channel\/UC8sUY16qelG5ge6_D5SB83g\"]},{\"@type\":\"Person\",\"@id\":\"https:\/\/guineediversite.com\/#\/schema\/person\/c915f4424a17926ee4510e6abdfdc2a5\",\"name\":\"Lazare Bangoura\",\"image\":{\"@type\":\"ImageObject\",\"inLanguage\":\"fr-FR\",\"@id\":\"https:\/\/guineediversite.com\/#\/schema\/person\/image\/\",\"url\":\"https:\/\/secure.gravatar.com\/avatar\/7bab9b6edb46a08bcc394e7e418baf1e?s=96&d=mm&r=g\",\"contentUrl\":\"https:\/\/secure.gravatar.com\/avatar\/7bab9b6edb46a08bcc394e7e418baf1e?s=96&d=mm&r=g\",\"caption\":\"Lazare Bangoura\"},\"url\":\"https:\/\/guineediversite.com\/index.php\/author\/l-bangoura\/\"}]}<\/script>\n<!-- \/ Yoast SEO plugin. -->","yoast_head_json":{"title":"Une d\u00e9l\u00e9gation de l\u2019Union africaine re\u00e7ue \u00e0 l\u2019Assembl\u00e9e nationale | Guin\u00e9e Diversit\u00e9","robots":{"index":"index","follow":"follow","max-snippet":"max-snippet:-1","max-image-preview":"max-image-preview:large","max-video-preview":"max-video-preview:-1"},"canonical":"https:\/\/guineediversite.com\/index.php\/2017\/07\/21\/delegation-de-lunion-africaine-recue-a-lassemblee-nationale\/","og_locale":"fr_FR","og_type":"article","og_title":"Une d\u00e9l\u00e9gation de l\u2019Union africaine re\u00e7ue \u00e0 l\u2019Assembl\u00e9e nationale | Guin\u00e9e Diversit\u00e9","og_description":"Une d\u00e9l\u00e9gation de l&rsquo;Union africaine conduite par Jacques\u00a0Moukwend\u00e9\u00a0 a \u00e9t\u00e9 re\u00e7ue\u00a0\u00e0 l&rsquo;Assembl\u00e9e nationale. La d\u00e9l\u00e9gation \u00a0\u00e9tait venue demander aux d\u00e9put\u00e9s guin\u00e9ens de s\u2019impliquer dans le suivi et l\u2019\u00e9valuation de l\u2019agenda 2063 de l\u2019organisation panafricaine. La rencontre avec les cadres de l\u2019administration parlementaire a dur\u00e9 plus d\u2019une heure.\u00a0 Au sortir de l\u2019entretien, l\u2019\u00e9missaire de l\u2019Union africaine [&hellip;]","og_url":"https:\/\/guineediversite.com\/index.php\/2017\/07\/21\/delegation-de-lunion-africaine-recue-a-lassemblee-nationale\/","og_site_name":"Guin\u00e9e Diversit\u00e9","article_publisher":"https:\/\/www.facebook.com\/guineediversite\/","article_published_time":"2017-07-21T21:30:50+00:00","article_modified_time":"2017-07-21T21:41:46+00:00","og_image":[{"width":1280,"height":720,"url":"https:\/\/guineediversite.com\/wp-content\/uploads\/2017\/07\/D\u00e9put\u00e9s-Assembl\u00e9e-nationale-7-1.jpg","type":"image\/jpeg"}],"author":"Lazare Bangoura","twitter_card":"summary_large_image","twitter_creator":"@GuineeDiversite","twitter_site":"@GuineeDiversite","twitter_misc":{"\u00c9crit par":"Lazare Bangoura","Dur\u00e9e de lecture estim\u00e9e":"2 minutes"},"schema":{"@context":"https:\/\/schema.org","@graph":[{"@type":"Article","@id":"https:\/\/guineediversite.com\/index.php\/2017\/07\/21\/delegation-de-lunion-africaine-recue-a-lassemblee-nationale\/#article","isPartOf":{"@id":"https:\/\/guineediversite.com\/index.php\/2017\/07\/21\/delegation-de-lunion-africaine-recue-a-lassemblee-nationale\/"},"author":{"name":"Lazare Bangoura","@id":"https:\/\/guineediversite.com\/#\/schema\/person\/c915f4424a17926ee4510e6abdfdc2a5"},"headline":"Une d\u00e9l\u00e9gation de l\u2019Union africaine re\u00e7ue \u00e0 l\u2019Assembl\u00e9e nationale","datePublished":"2017-07-21T21:30:50+00:00","dateModified":"2017-07-21T21:41:46+00:00","mainEntityOfPage":{"@id":"https:\/\/guineediversite.com\/index.php\/2017\/07\/21\/delegation-de-lunion-africaine-recue-a-lassemblee-nationale\/"},"wordCount":383,"commentCount":0,"publisher":{"@id":"https:\/\/guineediversite.com\/#organization"},"image":{"@id":"https:\/\/guineediversite.com\/index.php\/2017\/07\/21\/delegation-de-lunion-africaine-recue-a-lassemblee-nationale\/#primaryimage"},"thumbnailUrl":"https:\/\/guineediversite.com\/wp-content\/uploads\/2017\/07\/D\u00e9put\u00e9s-Assembl\u00e9e-nationale-7-1.jpg","articleSection":["Politique"],"inLanguage":"fr-FR","potentialAction":[{"@type":"CommentAction","name":"Comment","target":["https:\/\/guineediversite.com\/index.php\/2017\/07\/21\/delegation-de-lunion-africaine-recue-a-lassemblee-nationale\/#respond"]}]},{"@type":"WebPage","@id":"https:\/\/guineediversite.com\/index.php\/2017\/07\/21\/delegation-de-lunion-africaine-recue-a-lassemblee-nationale\/","url":"https:\/\/guineediversite.com\/index.php\/2017\/07\/21\/delegation-de-lunion-africaine-recue-a-lassemblee-nationale\/","name":"Une d\u00e9l\u00e9gation de l\u2019Union africaine re\u00e7ue \u00e0 l\u2019Assembl\u00e9e nationale | Guin\u00e9e Diversit\u00e9","isPartOf":{"@id":"https:\/\/guineediversite.com\/#website"},"primaryImageOfPage":{"@id":"https:\/\/guineediversite.com\/index.php\/2017\/07\/21\/delegation-de-lunion-africaine-recue-a-lassemblee-nationale\/#primaryimage"},"image":{"@id":"https:\/\/guineediversite.com\/index.php\/2017\/07\/21\/delegation-de-lunion-africaine-recue-a-lassemblee-nationale\/#primaryimage"},"thumbnailUrl":"https:\/\/guineediversite.com\/wp-content\/uploads\/2017\/07\/D\u00e9put\u00e9s-Assembl\u00e9e-nationale-7-1.jpg","datePublished":"2017-07-21T21:30:50+00:00","dateModified":"2017-07-21T21:41:46+00:00","breadcrumb":{"@id":"https:\/\/guineediversite.com\/index.php\/2017\/07\/21\/delegation-de-lunion-africaine-recue-a-lassemblee-nationale\/#breadcrumb"},"inLanguage":"fr-FR","potentialAction":[{"@type":"ReadAction","target":["https:\/\/guineediversite.com\/index.php\/2017\/07\/21\/delegation-de-lunion-africaine-recue-a-lassemblee-nationale\/"]}]},{"@type":"ImageObject","inLanguage":"fr-FR","@id":"https:\/\/guineediversite.com\/index.php\/2017\/07\/21\/delegation-de-lunion-africaine-recue-a-lassemblee-nationale\/#primaryimage","url":"https:\/\/guineediversite.com\/wp-content\/uploads\/2017\/07\/D\u00e9put\u00e9s-Assembl\u00e9e-nationale-7-1.jpg","contentUrl":"https:\/\/guineediversite.com\/wp-content\/uploads\/2017\/07\/D\u00e9put\u00e9s-Assembl\u00e9e-nationale-7-1.jpg","width":1280,"height":720},{"@type":"BreadcrumbList","@id":"https:\/\/guineediversite.com\/index.php\/2017\/07\/21\/delegation-de-lunion-africaine-recue-a-lassemblee-nationale\/#breadcrumb","itemListElement":[{"@type":"ListItem","position":1,"name":"Accueil","item":"https:\/\/guineediversite.com\/"},{"@type":"ListItem","position":2,"name":"Une d\u00e9l\u00e9gation de l\u2019Union africaine re\u00e7ue \u00e0 l\u2019Assembl\u00e9e nationale"}]},{"@type":"WebSite","@id":"https:\/\/guineediversite.com\/#website","url":"https:\/\/guineediversite.com\/","name":"Guin\u00e9e Diversit\u00e9","description":"L&#039;Info dans toute sa diversit\u00e9","publisher":{"@id":"https:\/\/guineediversite.com\/#organization"},"potentialAction":[{"@type":"SearchAction","target":{"@type":"EntryPoint","urlTemplate":"https:\/\/guineediversite.com\/?s={search_term_string}"},"query-input":{"@type":"PropertyValueSpecification","valueRequired":true,"valueName":"search_term_string"}}],"inLanguage":"fr-FR"},{"@type":"Organization","@id":"https:\/\/guineediversite.com\/#organization","name":"Guin\u00e9e Diversit\u00e9","url":"https:\/\/guineediversite.com\/","logo":{"@type":"ImageObject","inLanguage":"fr-FR","@id":"https:\/\/guineediversite.com\/#\/schema\/logo\/image\/","url":"https:\/\/guineediversite.com\/wp-content\/uploads\/2017\/04\/cropped-1jojlxEOMkX9Wyqfhe43D6kjPOGqBBKmx3EwWJqZ0cMrFF54yM49.png","contentUrl":"https:\/\/guineediversite.com\/wp-content\/uploads\/2017\/04\/cropped-1jojlxEOMkX9Wyqfhe43D6kjPOGqBBKmx3EwWJqZ0cMrFF54yM49.png","width":186,"height":112,"caption":"Guin\u00e9e Diversit\u00e9"},"image":{"@id":"https:\/\/guineediversite.com\/#\/schema\/logo\/image\/"},"sameAs":["https:\/\/www.facebook.com\/guineediversite\/","https:\/\/x.com\/GuineeDiversite","https:\/\/www.youtube.com\/channel\/UC8sUY16qelG5ge6_D5SB83g"]},{"@type":"Person","@id":"https:\/\/guineediversite.com\/#\/schema\/person\/c915f4424a17926ee4510e6abdfdc2a5","name":"Lazare Bangoura","image":{"@type":"ImageObject","inLanguage":"fr-FR","@id":"https:\/\/guineediversite.com\/#\/schema\/person\/image\/","url":"https:\/\/secure.gravatar.com\/avatar\/7bab9b6edb46a08bcc394e7e418baf1e?s=96&d=mm&r=g","contentUrl":"https:\/\/secure.gravatar.com\/avatar\/7bab9b6edb46a08bcc394e7e418baf1e?s=96&d=mm&r=g","caption":"Lazare Bangoura"},"url":"https:\/\/guineediversite.com\/index.php\/author\/l-bangoura\/"}]}},"_links":{"self":[{"href":"https:\/\/guineediversite.com\/index.php\/wp-json\/wp\/v2\/posts\/20912"}],"collection":[{"href":"https:\/\/guineediversite.com\/index.php\/wp-json\/wp\/v2\/posts"}],"about":[{"href":"https:\/\/guineediversite.com\/index.php\/wp-json\/wp\/v2\/types\/post"}],"author":[{"embeddable":true,"href":"https:\/\/guineediversite.com\/index.php\/wp-json\/wp\/v2\/users\/14"}],"replies":[{"embeddable":true,"href":"https:\/\/guineediversite.com\/index.php\/wp-json\/wp\/v2\/comments?post=20912"}],"version-history":[{"count":0,"href":"https:\/\/guineediversite.com\/index.php\/wp-json\/wp\/v2\/posts\/20912\/revisions"}],"wp:featuredmedia":[{"embeddable":true,"href":"https:\/\/guineediversite.com\/index.php\/wp-json\/wp\/v2\/media\/20913"}],"wp:attachment":[{"href":"https:\/\/guineediversite.com\/index.php\/wp-json\/wp\/v2\/media?parent=20912"}],"wp:term":[{"taxonomy":"category","embeddable":true,"href":"https:\/\/guineediversite.com\/index.php\/wp-json\/wp\/v2\/categories?post=20912"},{"taxonomy":"post_tag","embeddable":true,"href":"https:\/\/guineediversite.com\/index.php\/wp-json\/wp\/v2\/tags?post=20912"}],"curies":[{"name":"wp","href":"https:\/\/api.w.org\/{rel}","templated":true}]}}