{"id":20698,"date":"2017-07-13T17:45:19","date_gmt":"2017-07-13T15:45:19","guid":{"rendered":"https:\/\/guineediversite.com\/?p=20698"},"modified":"2017-07-13T17:45:19","modified_gmt":"2017-07-13T15:45:19","slug":"manifestation-17-juillet-elie-kamano-hausse-contre-president-alpha-conde","status":"publish","type":"post","link":"https:\/\/guineediversite.com\/index.php\/2017\/07\/13\/manifestation-17-juillet-elie-kamano-hausse-contre-president-alpha-conde\/","title":{"rendered":"Manifestation du 17 juillet : Elie Kamano hausse le ton contre le pr\u00e9sident Alpha Cond\u00e9"},"content":{"rendered":"<p>\u00ab\u00a0Si un seul manifestant parmi nous est agress\u00e9, le pr\u00e9sident prendra l&rsquo;enti\u00e8re responsabilit\u00e9\u00a0\u00bb, tels sont les propos du reggae man Elie Kamano lors d&rsquo;un entretien radiophonique le mercredi 12 juillet dernier.<\/p>\n<p>Cet avertissement du pr\u00e9sident Alpha Cond\u00e9 par le mar\u00e9chal Elie Kamano s&rsquo;inscrit dans le cadre de la marche pacifique qu&rsquo;il organise avec certaines plates formes de la soci\u00e9t\u00e9 civile, le 17 juillet prochain sur toute l&rsquo;\u00e9tendue du territoire guin\u00e9en. Objectif, barrer la route contre l&rsquo;injustice, la mal gouvernance, surtout \u00e0 l&rsquo;\u00e9ventuel troisi\u00e8me mandat du professeur Alpha Cond\u00e9.<\/p>\n<p><img loading=\"lazy\" decoding=\"async\" class=\"alignnone  wp-image-20682\" src=\"https:\/\/guineediversite.com.bwjx4292.odns.fr\/wp-content\/uploads\/2017\/07\/eli-kamano-300x169.jpg\" alt=\"eli kamano\" width=\"792\" height=\"446\" srcset=\"https:\/\/guineediversite.com\/wp-content\/uploads\/2017\/07\/eli-kamano-300x169.jpg 300w, https:\/\/guineediversite.com\/wp-content\/uploads\/2017\/07\/eli-kamano-768x432.jpg 768w, https:\/\/guineediversite.com\/wp-content\/uploads\/2017\/07\/eli-kamano-1024x576.jpg 1024w, https:\/\/guineediversite.com\/wp-content\/uploads\/2017\/07\/eli-kamano-600x338.jpg 600w, https:\/\/guineediversite.com\/wp-content\/uploads\/2017\/07\/eli-kamano-678x381.jpg 678w, https:\/\/guineediversite.com\/wp-content\/uploads\/2017\/07\/eli-kamano.jpg 1920w\" sizes=\"(max-width: 792px) 100vw, 792px\" \/>Dans son intervention, dira t-il\u00a0: \u00ab\u00a0Nous apprenons qu&rsquo;il y aura des contre manifestants, j&rsquo;en ris, parce que tout simplement, si un seul manifestant parmi nous est agress\u00e9, le pr\u00e9sident prendra l&rsquo;enti\u00e8re responsabilit\u00e9. Nous allons faire une lettre d&rsquo;information que nous allons adresser aux autorit\u00e9s comp\u00e9tentes.\u00a0\u00bb A affirm\u00e9 le reggae man.<\/p>\n<p>Et d&rsquo;ajouter ceci\u00a0: \u00ab\u00a0La marche ne se fera pas sur l&rsquo;axe, \u00e7a sera sur l&rsquo;autoroute. J&rsquo;invite tous les jeunes conscients \u00e0 descendre sur l&rsquo;autoroute le 17 juillet.\u00a0\u00bb<\/p>\n<p>Dans la m\u00eame lanc\u00e9e, il a fait savoir que lui et son mouvement Jeunesse s&rsquo;Organise Maintenant pour son Avenir (JOMAA ) sont \u00a0en train de rejeter des offres.<\/p>\n<p>\u00ab\u00a0Quand j&rsquo;ai fait mon message sur facebook le 17 juin pass\u00e9, le soir monsieur Antonio Souar\u00e9 m&rsquo;a appel\u00e9 d&rsquo;aller le voir. Je suis venu le voir, il m&rsquo;a demand\u00e9 d&rsquo;arr\u00eater ce que je suis \u00a0en train de faire, parce que le pr\u00e9sident lui a demand\u00e9 de nous dire de ne pas agir&#8230; Il voulait qu&rsquo;on se rencontre avec le pr\u00e9sident, m&rsquo;amener chez le pr\u00e9sident et que je lui fasse des propositions par rapport \u00e0 ma carri\u00e8re artistique. Je lui ai dit que cela est bien, mais pour le moment, je suis dans un combat o\u00f9 je ne peux pas trahir le peuple. Sur ceux le grand fr\u00e8re (Antonio Souar\u00e9) et moi, on s&rsquo;est s\u00e9par\u00e9 &#8230;\u00a0\u00bb<\/p>\n<p>Pour le Mar\u00e9chal du reggae guin\u00e9en, c&rsquo;est suite \u00e0 cela que le pr\u00e9sident Alpha Conde a donn\u00e9 des voitures \u00e0 certains artistes afin de les pousser de s&rsquo;opposer \u00e0 lui.<\/p>\n<p>\u00ab\u00a0C&rsquo;\u00e9tait pour amener ces artistes \u00e0 s&rsquo;inscrire dans une logique contre les prises de position d&rsquo;Elie Kamano pour qu&rsquo;on dise, il est dans la m\u00eame corporation que les artistes qui s&rsquo;opposent \u00e0 lui&#8230;\u00a0\u00bb A-t-il conclu.<\/p>\n","protected":false},"excerpt":{"rendered":"<p>\u00ab\u00a0Si un seul manifestant parmi nous est agress\u00e9, le pr\u00e9sident prendra l&rsquo;enti\u00e8re responsabilit\u00e9\u00a0\u00bb, tels sont les propos du reggae man Elie Kamano lors d&rsquo;un entretien radiophonique le mercredi 12 juillet dernier. Cet avertissement du pr\u00e9sident Alpha Cond\u00e9 par le mar\u00e9chal Elie Kamano s&rsquo;inscrit dans le cadre de la marche pacifique qu&rsquo;il organise avec certaines plates [&hellip;]<\/p>\n","protected":false},"author":8,"featured_media":20699,"comment_status":"open","ping_status":"open","sticky":false,"template":"","format":"standard","meta":{"_exactmetrics_skip_tracking":false,"_exactmetrics_sitenote_active":false,"_exactmetrics_sitenote_note":"","_exactmetrics_sitenote_category":0,"tdm_status":"","tdm_grid_status":"","footnotes":""},"categories":[16],"tags":[69,50],"class_list":{"0":"post-20698","1":"post","2":"type-post","3":"status-publish","4":"format-standard","5":"has-post-thumbnail","7":"category-societe","8":"tag-action-sociale","9":"tag-marche"},"yoast_head":"<!-- This site is optimized with the Yoast SEO plugin v24.2 - https:\/\/yoast.com\/wordpress\/plugins\/seo\/ -->\n<title>Manifestation du 17 juillet : Elie Kamano hausse le ton contre le pr\u00e9sident Alpha Cond\u00e9 | Guin\u00e9e Diversit\u00e9<\/title>\n<meta name=\"robots\" content=\"index, follow, max-snippet:-1, max-image-preview:large, max-video-preview:-1\" \/>\n<link rel=\"canonical\" href=\"https:\/\/guineediversite.com\/index.php\/2017\/07\/13\/manifestation-17-juillet-elie-kamano-hausse-contre-president-alpha-conde\/\" \/>\n<meta property=\"og:locale\" content=\"fr_FR\" \/>\n<meta property=\"og:type\" content=\"article\" \/>\n<meta property=\"og:title\" content=\"Manifestation du 17 juillet : Elie Kamano hausse le ton contre le pr\u00e9sident Alpha Cond\u00e9 | Guin\u00e9e Diversit\u00e9\" \/>\n<meta property=\"og:description\" content=\"\u00ab\u00a0Si un seul manifestant parmi nous est agress\u00e9, le pr\u00e9sident prendra l&rsquo;enti\u00e8re responsabilit\u00e9\u00a0\u00bb, tels sont les propos du reggae man Elie Kamano lors d&rsquo;un entretien radiophonique le mercredi 12 juillet dernier. Cet avertissement du pr\u00e9sident Alpha Cond\u00e9 par le mar\u00e9chal Elie Kamano s&rsquo;inscrit dans le cadre de la marche pacifique qu&rsquo;il organise avec certaines plates [&hellip;]\" \/>\n<meta property=\"og:url\" content=\"https:\/\/guineediversite.com\/index.php\/2017\/07\/13\/manifestation-17-juillet-elie-kamano-hausse-contre-president-alpha-conde\/\" \/>\n<meta property=\"og:site_name\" content=\"Guin\u00e9e Diversit\u00e9\" \/>\n<meta property=\"article:publisher\" content=\"https:\/\/www.facebook.com\/guineediversite\/\" \/>\n<meta property=\"article:published_time\" content=\"2017-07-13T15:45:19+00:00\" \/>\n<meta property=\"og:image\" content=\"https:\/\/guineediversite.com\/wp-content\/uploads\/2017\/07\/Elie-Kamano-702x336.jpg\" \/>\n\t<meta property=\"og:image:width\" content=\"702\" \/>\n\t<meta property=\"og:image:height\" content=\"336\" \/>\n\t<meta property=\"og:image:type\" content=\"image\/jpeg\" \/>\n<meta name=\"author\" content=\"Aboubacar Bangoura\" \/>\n<meta name=\"twitter:card\" content=\"summary_large_image\" \/>\n<meta name=\"twitter:creator\" content=\"@GuineeDiversite\" \/>\n<meta name=\"twitter:site\" content=\"@GuineeDiversite\" \/>\n<meta name=\"twitter:label1\" content=\"\u00c9crit par\" \/>\n\t<meta name=\"twitter:data1\" content=\"Aboubacar Bangoura\" \/>\n\t<meta name=\"twitter:label2\" content=\"Dur\u00e9e de lecture estim\u00e9e\" \/>\n\t<meta name=\"twitter:data2\" content=\"2 minutes\" \/>\n<script type=\"application\/ld+json\" class=\"yoast-schema-graph\">{\"@context\":\"https:\/\/schema.org\",\"@graph\":[{\"@type\":\"Article\",\"@id\":\"https:\/\/guineediversite.com\/index.php\/2017\/07\/13\/manifestation-17-juillet-elie-kamano-hausse-contre-president-alpha-conde\/#article\",\"isPartOf\":{\"@id\":\"https:\/\/guineediversite.com\/index.php\/2017\/07\/13\/manifestation-17-juillet-elie-kamano-hausse-contre-president-alpha-conde\/\"},\"author\":{\"name\":\"Aboubacar Bangoura\",\"@id\":\"https:\/\/guineediversite.com\/#\/schema\/person\/5dedff72ab9d6646efe724485147238a\"},\"headline\":\"Manifestation du 17 juillet : Elie Kamano hausse le ton contre le pr\u00e9sident Alpha Cond\u00e9\",\"datePublished\":\"2017-07-13T15:45:19+00:00\",\"dateModified\":\"2017-07-13T15:45:19+00:00\",\"mainEntityOfPage\":{\"@id\":\"https:\/\/guineediversite.com\/index.php\/2017\/07\/13\/manifestation-17-juillet-elie-kamano-hausse-contre-president-alpha-conde\/\"},\"wordCount\":429,\"commentCount\":0,\"publisher\":{\"@id\":\"https:\/\/guineediversite.com\/#organization\"},\"image\":{\"@id\":\"https:\/\/guineediversite.com\/index.php\/2017\/07\/13\/manifestation-17-juillet-elie-kamano-hausse-contre-president-alpha-conde\/#primaryimage\"},\"thumbnailUrl\":\"https:\/\/guineediversite.com\/wp-content\/uploads\/2017\/07\/Elie-Kamano-702x336.jpg\",\"keywords\":[\"action sociale\",\"march\u00e9\"],\"articleSection\":[\"Soci\u00e9t\u00e9\"],\"inLanguage\":\"fr-FR\",\"potentialAction\":[{\"@type\":\"CommentAction\",\"name\":\"Comment\",\"target\":[\"https:\/\/guineediversite.com\/index.php\/2017\/07\/13\/manifestation-17-juillet-elie-kamano-hausse-contre-president-alpha-conde\/#respond\"]}]},{\"@type\":\"WebPage\",\"@id\":\"https:\/\/guineediversite.com\/index.php\/2017\/07\/13\/manifestation-17-juillet-elie-kamano-hausse-contre-president-alpha-conde\/\",\"url\":\"https:\/\/guineediversite.com\/index.php\/2017\/07\/13\/manifestation-17-juillet-elie-kamano-hausse-contre-president-alpha-conde\/\",\"name\":\"Manifestation du 17 juillet : Elie Kamano hausse le ton contre le pr\u00e9sident Alpha Cond\u00e9 | Guin\u00e9e Diversit\u00e9\",\"isPartOf\":{\"@id\":\"https:\/\/guineediversite.com\/#website\"},\"primaryImageOfPage\":{\"@id\":\"https:\/\/guineediversite.com\/index.php\/2017\/07\/13\/manifestation-17-juillet-elie-kamano-hausse-contre-president-alpha-conde\/#primaryimage\"},\"image\":{\"@id\":\"https:\/\/guineediversite.com\/index.php\/2017\/07\/13\/manifestation-17-juillet-elie-kamano-hausse-contre-president-alpha-conde\/#primaryimage\"},\"thumbnailUrl\":\"https:\/\/guineediversite.com\/wp-content\/uploads\/2017\/07\/Elie-Kamano-702x336.jpg\",\"datePublished\":\"2017-07-13T15:45:19+00:00\",\"dateModified\":\"2017-07-13T15:45:19+00:00\",\"breadcrumb\":{\"@id\":\"https:\/\/guineediversite.com\/index.php\/2017\/07\/13\/manifestation-17-juillet-elie-kamano-hausse-contre-president-alpha-conde\/#breadcrumb\"},\"inLanguage\":\"fr-FR\",\"potentialAction\":[{\"@type\":\"ReadAction\",\"target\":[\"https:\/\/guineediversite.com\/index.php\/2017\/07\/13\/manifestation-17-juillet-elie-kamano-hausse-contre-president-alpha-conde\/\"]}]},{\"@type\":\"ImageObject\",\"inLanguage\":\"fr-FR\",\"@id\":\"https:\/\/guineediversite.com\/index.php\/2017\/07\/13\/manifestation-17-juillet-elie-kamano-hausse-contre-president-alpha-conde\/#primaryimage\",\"url\":\"https:\/\/guineediversite.com\/wp-content\/uploads\/2017\/07\/Elie-Kamano-702x336.jpg\",\"contentUrl\":\"https:\/\/guineediversite.com\/wp-content\/uploads\/2017\/07\/Elie-Kamano-702x336.jpg\",\"width\":702,\"height\":336},{\"@type\":\"BreadcrumbList\",\"@id\":\"https:\/\/guineediversite.com\/index.php\/2017\/07\/13\/manifestation-17-juillet-elie-kamano-hausse-contre-president-alpha-conde\/#breadcrumb\",\"itemListElement\":[{\"@type\":\"ListItem\",\"position\":1,\"name\":\"Accueil\",\"item\":\"https:\/\/guineediversite.com\/\"},{\"@type\":\"ListItem\",\"position\":2,\"name\":\"Manifestation du 17 juillet : Elie Kamano hausse le ton contre le pr\u00e9sident Alpha Cond\u00e9\"}]},{\"@type\":\"WebSite\",\"@id\":\"https:\/\/guineediversite.com\/#website\",\"url\":\"https:\/\/guineediversite.com\/\",\"name\":\"Guin\u00e9e Diversit\u00e9\",\"description\":\"L&#039;Info dans toute sa diversit\u00e9\",\"publisher\":{\"@id\":\"https:\/\/guineediversite.com\/#organization\"},\"potentialAction\":[{\"@type\":\"SearchAction\",\"target\":{\"@type\":\"EntryPoint\",\"urlTemplate\":\"https:\/\/guineediversite.com\/?s={search_term_string}\"},\"query-input\":{\"@type\":\"PropertyValueSpecification\",\"valueRequired\":true,\"valueName\":\"search_term_string\"}}],\"inLanguage\":\"fr-FR\"},{\"@type\":\"Organization\",\"@id\":\"https:\/\/guineediversite.com\/#organization\",\"name\":\"Guin\u00e9e Diversit\u00e9\",\"url\":\"https:\/\/guineediversite.com\/\",\"logo\":{\"@type\":\"ImageObject\",\"inLanguage\":\"fr-FR\",\"@id\":\"https:\/\/guineediversite.com\/#\/schema\/logo\/image\/\",\"url\":\"https:\/\/guineediversite.com\/wp-content\/uploads\/2017\/04\/cropped-1jojlxEOMkX9Wyqfhe43D6kjPOGqBBKmx3EwWJqZ0cMrFF54yM49.png\",\"contentUrl\":\"https:\/\/guineediversite.com\/wp-content\/uploads\/2017\/04\/cropped-1jojlxEOMkX9Wyqfhe43D6kjPOGqBBKmx3EwWJqZ0cMrFF54yM49.png\",\"width\":186,\"height\":112,\"caption\":\"Guin\u00e9e Diversit\u00e9\"},\"image\":{\"@id\":\"https:\/\/guineediversite.com\/#\/schema\/logo\/image\/\"},\"sameAs\":[\"https:\/\/www.facebook.com\/guineediversite\/\",\"https:\/\/x.com\/GuineeDiversite\",\"https:\/\/www.youtube.com\/channel\/UC8sUY16qelG5ge6_D5SB83g\"]},{\"@type\":\"Person\",\"@id\":\"https:\/\/guineediversite.com\/#\/schema\/person\/5dedff72ab9d6646efe724485147238a\",\"name\":\"Aboubacar Bangoura\",\"image\":{\"@type\":\"ImageObject\",\"inLanguage\":\"fr-FR\",\"@id\":\"https:\/\/guineediversite.com\/#\/schema\/person\/image\/\",\"url\":\"https:\/\/secure.gravatar.com\/avatar\/c2b1df80e8be800cc94c8d8543e88ccc?s=96&d=mm&r=g\",\"contentUrl\":\"https:\/\/secure.gravatar.com\/avatar\/c2b1df80e8be800cc94c8d8543e88ccc?s=96&d=mm&r=g\",\"caption\":\"Aboubacar Bangoura\"},\"url\":\"https:\/\/guineediversite.com\/index.php\/author\/aboubacar\/\"}]}<\/script>\n<!-- \/ Yoast SEO plugin. -->","yoast_head_json":{"title":"Manifestation du 17 juillet : Elie Kamano hausse le ton contre le pr\u00e9sident Alpha Cond\u00e9 | Guin\u00e9e Diversit\u00e9","robots":{"index":"index","follow":"follow","max-snippet":"max-snippet:-1","max-image-preview":"max-image-preview:large","max-video-preview":"max-video-preview:-1"},"canonical":"https:\/\/guineediversite.com\/index.php\/2017\/07\/13\/manifestation-17-juillet-elie-kamano-hausse-contre-president-alpha-conde\/","og_locale":"fr_FR","og_type":"article","og_title":"Manifestation du 17 juillet : Elie Kamano hausse le ton contre le pr\u00e9sident Alpha Cond\u00e9 | Guin\u00e9e Diversit\u00e9","og_description":"\u00ab\u00a0Si un seul manifestant parmi nous est agress\u00e9, le pr\u00e9sident prendra l&rsquo;enti\u00e8re responsabilit\u00e9\u00a0\u00bb, tels sont les propos du reggae man Elie Kamano lors d&rsquo;un entretien radiophonique le mercredi 12 juillet dernier. Cet avertissement du pr\u00e9sident Alpha Cond\u00e9 par le mar\u00e9chal Elie Kamano s&rsquo;inscrit dans le cadre de la marche pacifique qu&rsquo;il organise avec certaines plates [&hellip;]","og_url":"https:\/\/guineediversite.com\/index.php\/2017\/07\/13\/manifestation-17-juillet-elie-kamano-hausse-contre-president-alpha-conde\/","og_site_name":"Guin\u00e9e Diversit\u00e9","article_publisher":"https:\/\/www.facebook.com\/guineediversite\/","article_published_time":"2017-07-13T15:45:19+00:00","og_image":[{"width":702,"height":336,"url":"https:\/\/guineediversite.com\/wp-content\/uploads\/2017\/07\/Elie-Kamano-702x336.jpg","type":"image\/jpeg"}],"author":"Aboubacar Bangoura","twitter_card":"summary_large_image","twitter_creator":"@GuineeDiversite","twitter_site":"@GuineeDiversite","twitter_misc":{"\u00c9crit par":"Aboubacar Bangoura","Dur\u00e9e de lecture estim\u00e9e":"2 minutes"},"schema":{"@context":"https:\/\/schema.org","@graph":[{"@type":"Article","@id":"https:\/\/guineediversite.com\/index.php\/2017\/07\/13\/manifestation-17-juillet-elie-kamano-hausse-contre-president-alpha-conde\/#article","isPartOf":{"@id":"https:\/\/guineediversite.com\/index.php\/2017\/07\/13\/manifestation-17-juillet-elie-kamano-hausse-contre-president-alpha-conde\/"},"author":{"name":"Aboubacar Bangoura","@id":"https:\/\/guineediversite.com\/#\/schema\/person\/5dedff72ab9d6646efe724485147238a"},"headline":"Manifestation du 17 juillet : Elie Kamano hausse le ton contre le pr\u00e9sident Alpha Cond\u00e9","datePublished":"2017-07-13T15:45:19+00:00","dateModified":"2017-07-13T15:45:19+00:00","mainEntityOfPage":{"@id":"https:\/\/guineediversite.com\/index.php\/2017\/07\/13\/manifestation-17-juillet-elie-kamano-hausse-contre-president-alpha-conde\/"},"wordCount":429,"commentCount":0,"publisher":{"@id":"https:\/\/guineediversite.com\/#organization"},"image":{"@id":"https:\/\/guineediversite.com\/index.php\/2017\/07\/13\/manifestation-17-juillet-elie-kamano-hausse-contre-president-alpha-conde\/#primaryimage"},"thumbnailUrl":"https:\/\/guineediversite.com\/wp-content\/uploads\/2017\/07\/Elie-Kamano-702x336.jpg","keywords":["action sociale","march\u00e9"],"articleSection":["Soci\u00e9t\u00e9"],"inLanguage":"fr-FR","potentialAction":[{"@type":"CommentAction","name":"Comment","target":["https:\/\/guineediversite.com\/index.php\/2017\/07\/13\/manifestation-17-juillet-elie-kamano-hausse-contre-president-alpha-conde\/#respond"]}]},{"@type":"WebPage","@id":"https:\/\/guineediversite.com\/index.php\/2017\/07\/13\/manifestation-17-juillet-elie-kamano-hausse-contre-president-alpha-conde\/","url":"https:\/\/guineediversite.com\/index.php\/2017\/07\/13\/manifestation-17-juillet-elie-kamano-hausse-contre-president-alpha-conde\/","name":"Manifestation du 17 juillet : Elie Kamano hausse le ton contre le pr\u00e9sident Alpha Cond\u00e9 | Guin\u00e9e Diversit\u00e9","isPartOf":{"@id":"https:\/\/guineediversite.com\/#website"},"primaryImageOfPage":{"@id":"https:\/\/guineediversite.com\/index.php\/2017\/07\/13\/manifestation-17-juillet-elie-kamano-hausse-contre-president-alpha-conde\/#primaryimage"},"image":{"@id":"https:\/\/guineediversite.com\/index.php\/2017\/07\/13\/manifestation-17-juillet-elie-kamano-hausse-contre-president-alpha-conde\/#primaryimage"},"thumbnailUrl":"https:\/\/guineediversite.com\/wp-content\/uploads\/2017\/07\/Elie-Kamano-702x336.jpg","datePublished":"2017-07-13T15:45:19+00:00","dateModified":"2017-07-13T15:45:19+00:00","breadcrumb":{"@id":"https:\/\/guineediversite.com\/index.php\/2017\/07\/13\/manifestation-17-juillet-elie-kamano-hausse-contre-president-alpha-conde\/#breadcrumb"},"inLanguage":"fr-FR","potentialAction":[{"@type":"ReadAction","target":["https:\/\/guineediversite.com\/index.php\/2017\/07\/13\/manifestation-17-juillet-elie-kamano-hausse-contre-president-alpha-conde\/"]}]},{"@type":"ImageObject","inLanguage":"fr-FR","@id":"https:\/\/guineediversite.com\/index.php\/2017\/07\/13\/manifestation-17-juillet-elie-kamano-hausse-contre-president-alpha-conde\/#primaryimage","url":"https:\/\/guineediversite.com\/wp-content\/uploads\/2017\/07\/Elie-Kamano-702x336.jpg","contentUrl":"https:\/\/guineediversite.com\/wp-content\/uploads\/2017\/07\/Elie-Kamano-702x336.jpg","width":702,"height":336},{"@type":"BreadcrumbList","@id":"https:\/\/guineediversite.com\/index.php\/2017\/07\/13\/manifestation-17-juillet-elie-kamano-hausse-contre-president-alpha-conde\/#breadcrumb","itemListElement":[{"@type":"ListItem","position":1,"name":"Accueil","item":"https:\/\/guineediversite.com\/"},{"@type":"ListItem","position":2,"name":"Manifestation du 17 juillet : Elie Kamano hausse le ton contre le pr\u00e9sident Alpha Cond\u00e9"}]},{"@type":"WebSite","@id":"https:\/\/guineediversite.com\/#website","url":"https:\/\/guineediversite.com\/","name":"Guin\u00e9e Diversit\u00e9","description":"L&#039;Info dans toute sa diversit\u00e9","publisher":{"@id":"https:\/\/guineediversite.com\/#organization"},"potentialAction":[{"@type":"SearchAction","target":{"@type":"EntryPoint","urlTemplate":"https:\/\/guineediversite.com\/?s={search_term_string}"},"query-input":{"@type":"PropertyValueSpecification","valueRequired":true,"valueName":"search_term_string"}}],"inLanguage":"fr-FR"},{"@type":"Organization","@id":"https:\/\/guineediversite.com\/#organization","name":"Guin\u00e9e Diversit\u00e9","url":"https:\/\/guineediversite.com\/","logo":{"@type":"ImageObject","inLanguage":"fr-FR","@id":"https:\/\/guineediversite.com\/#\/schema\/logo\/image\/","url":"https:\/\/guineediversite.com\/wp-content\/uploads\/2017\/04\/cropped-1jojlxEOMkX9Wyqfhe43D6kjPOGqBBKmx3EwWJqZ0cMrFF54yM49.png","contentUrl":"https:\/\/guineediversite.com\/wp-content\/uploads\/2017\/04\/cropped-1jojlxEOMkX9Wyqfhe43D6kjPOGqBBKmx3EwWJqZ0cMrFF54yM49.png","width":186,"height":112,"caption":"Guin\u00e9e Diversit\u00e9"},"image":{"@id":"https:\/\/guineediversite.com\/#\/schema\/logo\/image\/"},"sameAs":["https:\/\/www.facebook.com\/guineediversite\/","https:\/\/x.com\/GuineeDiversite","https:\/\/www.youtube.com\/channel\/UC8sUY16qelG5ge6_D5SB83g"]},{"@type":"Person","@id":"https:\/\/guineediversite.com\/#\/schema\/person\/5dedff72ab9d6646efe724485147238a","name":"Aboubacar Bangoura","image":{"@type":"ImageObject","inLanguage":"fr-FR","@id":"https:\/\/guineediversite.com\/#\/schema\/person\/image\/","url":"https:\/\/secure.gravatar.com\/avatar\/c2b1df80e8be800cc94c8d8543e88ccc?s=96&d=mm&r=g","contentUrl":"https:\/\/secure.gravatar.com\/avatar\/c2b1df80e8be800cc94c8d8543e88ccc?s=96&d=mm&r=g","caption":"Aboubacar Bangoura"},"url":"https:\/\/guineediversite.com\/index.php\/author\/aboubacar\/"}]}},"_links":{"self":[{"href":"https:\/\/guineediversite.com\/index.php\/wp-json\/wp\/v2\/posts\/20698"}],"collection":[{"href":"https:\/\/guineediversite.com\/index.php\/wp-json\/wp\/v2\/posts"}],"about":[{"href":"https:\/\/guineediversite.com\/index.php\/wp-json\/wp\/v2\/types\/post"}],"author":[{"embeddable":true,"href":"https:\/\/guineediversite.com\/index.php\/wp-json\/wp\/v2\/users\/8"}],"replies":[{"embeddable":true,"href":"https:\/\/guineediversite.com\/index.php\/wp-json\/wp\/v2\/comments?post=20698"}],"version-history":[{"count":0,"href":"https:\/\/guineediversite.com\/index.php\/wp-json\/wp\/v2\/posts\/20698\/revisions"}],"wp:featuredmedia":[{"embeddable":true,"href":"https:\/\/guineediversite.com\/index.php\/wp-json\/wp\/v2\/media\/20699"}],"wp:attachment":[{"href":"https:\/\/guineediversite.com\/index.php\/wp-json\/wp\/v2\/media?parent=20698"}],"wp:term":[{"taxonomy":"category","embeddable":true,"href":"https:\/\/guineediversite.com\/index.php\/wp-json\/wp\/v2\/categories?post=20698"},{"taxonomy":"post_tag","embeddable":true,"href":"https:\/\/guineediversite.com\/index.php\/wp-json\/wp\/v2\/tags?post=20698"}],"curies":[{"name":"wp","href":"https:\/\/api.w.org\/{rel}","templated":true}]}}