{"id":20665,"date":"2017-07-12T07:30:59","date_gmt":"2017-07-12T05:30:59","guid":{"rendered":"https:\/\/guineediversite.com\/?p=20665"},"modified":"2017-07-12T12:01:59","modified_gmt":"2017-07-12T10:01:59","slug":"journee-mondiale-de-population-celebree-a-conakry","status":"publish","type":"post","link":"https:\/\/guineediversite.com\/index.php\/2017\/07\/12\/journee-mondiale-de-population-celebree-a-conakry\/","title":{"rendered":"La journ\u00e9e mondiale de la population c\u00e9l\u00e9br\u00e9e a Conakry."},"content":{"rendered":"<p><strong>C&rsquo;est le premier ministre chef du gouvernement, Mamady Youla qui a pr\u00e9sid\u00e9 la c\u00e9l\u00e9bration de cette journ\u00e9e dont le th\u00e8me\u00a0 cette ann\u00e9e est \u00ab\u00a0Planification familiale: Autonomisation des Peuples, D\u00e9veloppement des Nations\u00a0\u00bb.<\/strong><\/p>\n<p><strong>Organis\u00e9e \u00e0 Conakry\u00a0 par le minist\u00e8re du plan et de la coop\u00e9ration internationale en collaboration avec l&rsquo;UNFPA, cette c\u00e9l\u00e9bration a mobilis\u00e9 certains membres du gouvernement.<\/strong><\/p>\n<p><strong>Pour la petite histoire, il faut rappeler que c&rsquo;est le boom d\u00e9mographique observ\u00e9 dans le monde par les nations unies qui a donn\u00e9 lieu \u00e0 des rencontres internationales pour trouver des voies et moyens de juguler les naissances dans les diff\u00e9rents pays.<\/strong><\/p>\n<p><strong>Pour rejoindre l&rsquo;utile \u00e0 l&rsquo;agr\u00e9able, les gouverneurs issus des diff\u00e9rents Etats se retrouv\u00e8rent en 1989 pour discuter de la question d\u00e9mographique\u00a0 sous l&rsquo;\u00e9gide du programme des nations-unies pour le d\u00e9veloppement (PNUD) qui recommanda depuis ce jour, la date du 11 Juillet de chaque ann\u00e9e pour r\u00e9fl\u00e9chir sur l&rsquo;\u00e9volution de la population mondiale.<\/strong><\/p>\n<p><strong>La date du 11 Juillet n&rsquo;est cependant pas choisi \u00a0par hasard par le PNUD, elle symbolise plut\u00f4t\u00a0 la date \u00e0 laquelle la population\u00a0 mondiale a atteint cinq milliards de personne en 1987.<\/strong><\/p>\n<p><strong>Alors\u00a0 que la premi\u00e8re c\u00e9l\u00e9bration\u00a0 fut en 1990\u00a0 dans plus de 90 pays par la r\u00e9solution 45\/216\u00a0 de L&rsquo;ONU du 21 D\u00e9cembre de la m\u00eame\u00a0 ann\u00e9e, la\u00a0 journ\u00e9e mondiale de la population vise d\u00e9sormais \u00e0 sensibiliser l&rsquo;opinion internationale aux questions de populations y compris leurs liens avec l&rsquo;environnement et le d\u00e9veloppement.<\/strong><\/p>\n<p><strong>La ministre du plan et de la coop\u00e9ration internationale est revenue sur la croissance rapide de la population guin\u00e9enne qui selon elle est pass\u00e9e de 2.650.000 en 1956 \u00e0 environ 11.319.000 habitants en 2016.<\/strong><\/p>\n<p><strong>Poursuivant, Mama Kany Diallo a indiqu\u00e9 qu&rsquo;en Guin\u00e9e, cette population est plut\u00f4t jeune et 45% d&rsquo;entre elle a mois de 15 ans et plus de la moiti\u00e9 est \u00e2g\u00e9e de moins de 18 ans .<\/strong><\/p>\n<p><strong>Une frange de population qui constitue selon toujours la ministre du plan en moyen et long terme un important\u00a0 atout pour le d\u00e9veloppement \u00e0 condition de lui assurer une bonne sant\u00e9, une bonne formation, mais aussi en l&rsquo;int\u00e9grant effectivement dans le processus de production.<\/strong><\/p>\n<p><strong>Quant aux taux de f\u00e9condit\u00e9, la ministre du plan a rappel\u00e9 aux uns et \u00e0 l\u2019autre son \u00e9l\u00e9vation en Guin\u00e9e avec en moyenne 5,6 selon l&rsquo;enqu\u00eate mixte palu 2016.<\/strong><\/p>\n<p><strong>Le repr\u00e9sentant de l&rsquo;UNFPA en Guin\u00e9e, Cheick Fall a soulign\u00e9 que, la gestion de la population mondiale change de paradigme pour se conformer au concept des droits de couples ou des personnes, elles m\u00eames d\u00e9cident librement et de mani\u00e8re responsable si et quand commencer \u00e0 fonder une famille.<\/strong><\/p>\n<p><strong>Le premier ministre \u00e0 quant lui rappel\u00e9 les efforts fournis par le gouvernement guin\u00e9en \u00e0 maitriser et \u00e0 limiter les naissances dans le pays .Mamady Youla a invit\u00e9 les institutions internationales et les partenaires au d\u00e9veloppement de continuer \u00e0 \u0153uvrer pour l&rsquo;atteinte des objectifs assign\u00e9s dans le cadre du d\u00e9veloppement\u00a0 durable li\u00e9 \u00e0 l&rsquo;explosion d\u00e9mographique en Guin\u00e9e.<\/strong><\/p>\n<p><strong>La c\u00e9l\u00e9bration de la journ\u00e9e mondiale\u00a0 de la population 2017 \u00e0 Conakry \u00a0a \u00e9t\u00e9 ponctu\u00e9 \u00e9galement par des sketchs sur la planification familiale ,en vue de toucher plus de nombres de personnes \u00e0 limiter les naissances ,\u00e0 les espacer\u00a0 ou encore \u00e0 \u00e9viter des grossesses non d\u00e9sir\u00e9es\u00a0 et des maladies sexuellement transmissibles\u00a0 par\u00a0 des m\u00e9thodes de protection naturelles, ou par des pr\u00e9servatifs.<\/strong><\/p>\n","protected":false},"excerpt":{"rendered":"<p>C&rsquo;est le premier ministre chef du gouvernement, Mamady Youla qui a pr\u00e9sid\u00e9 la c\u00e9l\u00e9bration de cette journ\u00e9e dont le th\u00e8me\u00a0 cette ann\u00e9e est \u00ab\u00a0Planification familiale: Autonomisation des Peuples, D\u00e9veloppement des Nations\u00a0\u00bb. Organis\u00e9e \u00e0 Conakry\u00a0 par le minist\u00e8re du plan et de la coop\u00e9ration internationale en collaboration avec l&rsquo;UNFPA, cette c\u00e9l\u00e9bration a mobilis\u00e9 certains membres du [&hellip;]<\/p>\n","protected":false},"author":14,"featured_media":20653,"comment_status":"open","ping_status":"open","sticky":false,"template":"","format":"standard","meta":{"_exactmetrics_skip_tracking":false,"_exactmetrics_sitenote_active":false,"_exactmetrics_sitenote_note":"","_exactmetrics_sitenote_category":0,"tdm_status":"","tdm_grid_status":"","footnotes":""},"categories":[16],"tags":[69],"class_list":{"0":"post-20665","1":"post","2":"type-post","3":"status-publish","4":"format-standard","5":"has-post-thumbnail","7":"category-societe","8":"tag-action-sociale"},"yoast_head":"<!-- This site is optimized with the Yoast SEO plugin v24.2 - https:\/\/yoast.com\/wordpress\/plugins\/seo\/ -->\n<title>La journ\u00e9e mondiale de la population c\u00e9l\u00e9br\u00e9e a Conakry. | Guin\u00e9e Diversit\u00e9<\/title>\n<meta name=\"robots\" content=\"index, follow, max-snippet:-1, max-image-preview:large, max-video-preview:-1\" \/>\n<link rel=\"canonical\" href=\"https:\/\/guineediversite.com\/index.php\/2017\/07\/12\/journee-mondiale-de-population-celebree-a-conakry\/\" \/>\n<meta property=\"og:locale\" content=\"fr_FR\" \/>\n<meta property=\"og:type\" content=\"article\" \/>\n<meta property=\"og:title\" content=\"La journ\u00e9e mondiale de la population c\u00e9l\u00e9br\u00e9e a Conakry. | Guin\u00e9e Diversit\u00e9\" \/>\n<meta property=\"og:description\" content=\"C&rsquo;est le premier ministre chef du gouvernement, Mamady Youla qui a pr\u00e9sid\u00e9 la c\u00e9l\u00e9bration de cette journ\u00e9e dont le th\u00e8me\u00a0 cette ann\u00e9e est \u00ab\u00a0Planification familiale: Autonomisation des Peuples, D\u00e9veloppement des Nations\u00a0\u00bb. Organis\u00e9e \u00e0 Conakry\u00a0 par le minist\u00e8re du plan et de la coop\u00e9ration internationale en collaboration avec l&rsquo;UNFPA, cette c\u00e9l\u00e9bration a mobilis\u00e9 certains membres du [&hellip;]\" \/>\n<meta property=\"og:url\" content=\"https:\/\/guineediversite.com\/index.php\/2017\/07\/12\/journee-mondiale-de-population-celebree-a-conakry\/\" \/>\n<meta property=\"og:site_name\" content=\"Guin\u00e9e Diversit\u00e9\" \/>\n<meta property=\"article:publisher\" content=\"https:\/\/www.facebook.com\/guineediversite\/\" \/>\n<meta property=\"article:published_time\" content=\"2017-07-12T05:30:59+00:00\" \/>\n<meta property=\"article:modified_time\" content=\"2017-07-12T10:01:59+00:00\" \/>\n<meta property=\"og:image\" content=\"https:\/\/guineediversite.com\/wp-content\/uploads\/2017\/07\/IMG_20160111_172430.jpg\" \/>\n\t<meta property=\"og:image:width\" content=\"3840\" \/>\n\t<meta property=\"og:image:height\" content=\"2160\" \/>\n\t<meta property=\"og:image:type\" content=\"image\/jpeg\" \/>\n<meta name=\"author\" content=\"Lazare Bangoura\" \/>\n<meta name=\"twitter:card\" content=\"summary_large_image\" \/>\n<meta name=\"twitter:creator\" content=\"@GuineeDiversite\" \/>\n<meta name=\"twitter:site\" content=\"@GuineeDiversite\" \/>\n<meta name=\"twitter:label1\" content=\"\u00c9crit par\" \/>\n\t<meta name=\"twitter:data1\" content=\"Lazare Bangoura\" \/>\n\t<meta name=\"twitter:label2\" content=\"Dur\u00e9e de lecture estim\u00e9e\" \/>\n\t<meta name=\"twitter:data2\" content=\"3 minutes\" \/>\n<script type=\"application\/ld+json\" class=\"yoast-schema-graph\">{\"@context\":\"https:\/\/schema.org\",\"@graph\":[{\"@type\":\"Article\",\"@id\":\"https:\/\/guineediversite.com\/index.php\/2017\/07\/12\/journee-mondiale-de-population-celebree-a-conakry\/#article\",\"isPartOf\":{\"@id\":\"https:\/\/guineediversite.com\/index.php\/2017\/07\/12\/journee-mondiale-de-population-celebree-a-conakry\/\"},\"author\":{\"name\":\"Lazare Bangoura\",\"@id\":\"https:\/\/guineediversite.com\/#\/schema\/person\/c915f4424a17926ee4510e6abdfdc2a5\"},\"headline\":\"La journ\u00e9e mondiale de la population c\u00e9l\u00e9br\u00e9e a Conakry.\",\"datePublished\":\"2017-07-12T05:30:59+00:00\",\"dateModified\":\"2017-07-12T10:01:59+00:00\",\"mainEntityOfPage\":{\"@id\":\"https:\/\/guineediversite.com\/index.php\/2017\/07\/12\/journee-mondiale-de-population-celebree-a-conakry\/\"},\"wordCount\":600,\"commentCount\":0,\"publisher\":{\"@id\":\"https:\/\/guineediversite.com\/#organization\"},\"image\":{\"@id\":\"https:\/\/guineediversite.com\/index.php\/2017\/07\/12\/journee-mondiale-de-population-celebree-a-conakry\/#primaryimage\"},\"thumbnailUrl\":\"https:\/\/guineediversite.com\/wp-content\/uploads\/2017\/07\/IMG_20160111_172430.jpg\",\"keywords\":[\"action sociale\"],\"articleSection\":[\"Soci\u00e9t\u00e9\"],\"inLanguage\":\"fr-FR\",\"potentialAction\":[{\"@type\":\"CommentAction\",\"name\":\"Comment\",\"target\":[\"https:\/\/guineediversite.com\/index.php\/2017\/07\/12\/journee-mondiale-de-population-celebree-a-conakry\/#respond\"]}]},{\"@type\":\"WebPage\",\"@id\":\"https:\/\/guineediversite.com\/index.php\/2017\/07\/12\/journee-mondiale-de-population-celebree-a-conakry\/\",\"url\":\"https:\/\/guineediversite.com\/index.php\/2017\/07\/12\/journee-mondiale-de-population-celebree-a-conakry\/\",\"name\":\"La journ\u00e9e mondiale de la population c\u00e9l\u00e9br\u00e9e a Conakry. | Guin\u00e9e Diversit\u00e9\",\"isPartOf\":{\"@id\":\"https:\/\/guineediversite.com\/#website\"},\"primaryImageOfPage\":{\"@id\":\"https:\/\/guineediversite.com\/index.php\/2017\/07\/12\/journee-mondiale-de-population-celebree-a-conakry\/#primaryimage\"},\"image\":{\"@id\":\"https:\/\/guineediversite.com\/index.php\/2017\/07\/12\/journee-mondiale-de-population-celebree-a-conakry\/#primaryimage\"},\"thumbnailUrl\":\"https:\/\/guineediversite.com\/wp-content\/uploads\/2017\/07\/IMG_20160111_172430.jpg\",\"datePublished\":\"2017-07-12T05:30:59+00:00\",\"dateModified\":\"2017-07-12T10:01:59+00:00\",\"breadcrumb\":{\"@id\":\"https:\/\/guineediversite.com\/index.php\/2017\/07\/12\/journee-mondiale-de-population-celebree-a-conakry\/#breadcrumb\"},\"inLanguage\":\"fr-FR\",\"potentialAction\":[{\"@type\":\"ReadAction\",\"target\":[\"https:\/\/guineediversite.com\/index.php\/2017\/07\/12\/journee-mondiale-de-population-celebree-a-conakry\/\"]}]},{\"@type\":\"ImageObject\",\"inLanguage\":\"fr-FR\",\"@id\":\"https:\/\/guineediversite.com\/index.php\/2017\/07\/12\/journee-mondiale-de-population-celebree-a-conakry\/#primaryimage\",\"url\":\"https:\/\/guineediversite.com\/wp-content\/uploads\/2017\/07\/IMG_20160111_172430.jpg\",\"contentUrl\":\"https:\/\/guineediversite.com\/wp-content\/uploads\/2017\/07\/IMG_20160111_172430.jpg\",\"width\":3840,\"height\":2160},{\"@type\":\"BreadcrumbList\",\"@id\":\"https:\/\/guineediversite.com\/index.php\/2017\/07\/12\/journee-mondiale-de-population-celebree-a-conakry\/#breadcrumb\",\"itemListElement\":[{\"@type\":\"ListItem\",\"position\":1,\"name\":\"Accueil\",\"item\":\"https:\/\/guineediversite.com\/\"},{\"@type\":\"ListItem\",\"position\":2,\"name\":\"La journ\u00e9e mondiale de la population c\u00e9l\u00e9br\u00e9e a Conakry.\"}]},{\"@type\":\"WebSite\",\"@id\":\"https:\/\/guineediversite.com\/#website\",\"url\":\"https:\/\/guineediversite.com\/\",\"name\":\"Guin\u00e9e Diversit\u00e9\",\"description\":\"L&#039;Info dans toute sa diversit\u00e9\",\"publisher\":{\"@id\":\"https:\/\/guineediversite.com\/#organization\"},\"potentialAction\":[{\"@type\":\"SearchAction\",\"target\":{\"@type\":\"EntryPoint\",\"urlTemplate\":\"https:\/\/guineediversite.com\/?s={search_term_string}\"},\"query-input\":{\"@type\":\"PropertyValueSpecification\",\"valueRequired\":true,\"valueName\":\"search_term_string\"}}],\"inLanguage\":\"fr-FR\"},{\"@type\":\"Organization\",\"@id\":\"https:\/\/guineediversite.com\/#organization\",\"name\":\"Guin\u00e9e Diversit\u00e9\",\"url\":\"https:\/\/guineediversite.com\/\",\"logo\":{\"@type\":\"ImageObject\",\"inLanguage\":\"fr-FR\",\"@id\":\"https:\/\/guineediversite.com\/#\/schema\/logo\/image\/\",\"url\":\"https:\/\/guineediversite.com\/wp-content\/uploads\/2017\/04\/cropped-1jojlxEOMkX9Wyqfhe43D6kjPOGqBBKmx3EwWJqZ0cMrFF54yM49.png\",\"contentUrl\":\"https:\/\/guineediversite.com\/wp-content\/uploads\/2017\/04\/cropped-1jojlxEOMkX9Wyqfhe43D6kjPOGqBBKmx3EwWJqZ0cMrFF54yM49.png\",\"width\":186,\"height\":112,\"caption\":\"Guin\u00e9e Diversit\u00e9\"},\"image\":{\"@id\":\"https:\/\/guineediversite.com\/#\/schema\/logo\/image\/\"},\"sameAs\":[\"https:\/\/www.facebook.com\/guineediversite\/\",\"https:\/\/x.com\/GuineeDiversite\",\"https:\/\/www.youtube.com\/channel\/UC8sUY16qelG5ge6_D5SB83g\"]},{\"@type\":\"Person\",\"@id\":\"https:\/\/guineediversite.com\/#\/schema\/person\/c915f4424a17926ee4510e6abdfdc2a5\",\"name\":\"Lazare Bangoura\",\"image\":{\"@type\":\"ImageObject\",\"inLanguage\":\"fr-FR\",\"@id\":\"https:\/\/guineediversite.com\/#\/schema\/person\/image\/\",\"url\":\"https:\/\/secure.gravatar.com\/avatar\/7bab9b6edb46a08bcc394e7e418baf1e?s=96&d=mm&r=g\",\"contentUrl\":\"https:\/\/secure.gravatar.com\/avatar\/7bab9b6edb46a08bcc394e7e418baf1e?s=96&d=mm&r=g\",\"caption\":\"Lazare Bangoura\"},\"url\":\"https:\/\/guineediversite.com\/index.php\/author\/l-bangoura\/\"}]}<\/script>\n<!-- \/ Yoast SEO plugin. -->","yoast_head_json":{"title":"La journ\u00e9e mondiale de la population c\u00e9l\u00e9br\u00e9e a Conakry. | Guin\u00e9e Diversit\u00e9","robots":{"index":"index","follow":"follow","max-snippet":"max-snippet:-1","max-image-preview":"max-image-preview:large","max-video-preview":"max-video-preview:-1"},"canonical":"https:\/\/guineediversite.com\/index.php\/2017\/07\/12\/journee-mondiale-de-population-celebree-a-conakry\/","og_locale":"fr_FR","og_type":"article","og_title":"La journ\u00e9e mondiale de la population c\u00e9l\u00e9br\u00e9e a Conakry. | Guin\u00e9e Diversit\u00e9","og_description":"C&rsquo;est le premier ministre chef du gouvernement, Mamady Youla qui a pr\u00e9sid\u00e9 la c\u00e9l\u00e9bration de cette journ\u00e9e dont le th\u00e8me\u00a0 cette ann\u00e9e est \u00ab\u00a0Planification familiale: Autonomisation des Peuples, D\u00e9veloppement des Nations\u00a0\u00bb. Organis\u00e9e \u00e0 Conakry\u00a0 par le minist\u00e8re du plan et de la coop\u00e9ration internationale en collaboration avec l&rsquo;UNFPA, cette c\u00e9l\u00e9bration a mobilis\u00e9 certains membres du [&hellip;]","og_url":"https:\/\/guineediversite.com\/index.php\/2017\/07\/12\/journee-mondiale-de-population-celebree-a-conakry\/","og_site_name":"Guin\u00e9e Diversit\u00e9","article_publisher":"https:\/\/www.facebook.com\/guineediversite\/","article_published_time":"2017-07-12T05:30:59+00:00","article_modified_time":"2017-07-12T10:01:59+00:00","og_image":[{"width":3840,"height":2160,"url":"https:\/\/guineediversite.com\/wp-content\/uploads\/2017\/07\/IMG_20160111_172430.jpg","type":"image\/jpeg"}],"author":"Lazare Bangoura","twitter_card":"summary_large_image","twitter_creator":"@GuineeDiversite","twitter_site":"@GuineeDiversite","twitter_misc":{"\u00c9crit par":"Lazare Bangoura","Dur\u00e9e de lecture estim\u00e9e":"3 minutes"},"schema":{"@context":"https:\/\/schema.org","@graph":[{"@type":"Article","@id":"https:\/\/guineediversite.com\/index.php\/2017\/07\/12\/journee-mondiale-de-population-celebree-a-conakry\/#article","isPartOf":{"@id":"https:\/\/guineediversite.com\/index.php\/2017\/07\/12\/journee-mondiale-de-population-celebree-a-conakry\/"},"author":{"name":"Lazare Bangoura","@id":"https:\/\/guineediversite.com\/#\/schema\/person\/c915f4424a17926ee4510e6abdfdc2a5"},"headline":"La journ\u00e9e mondiale de la population c\u00e9l\u00e9br\u00e9e a Conakry.","datePublished":"2017-07-12T05:30:59+00:00","dateModified":"2017-07-12T10:01:59+00:00","mainEntityOfPage":{"@id":"https:\/\/guineediversite.com\/index.php\/2017\/07\/12\/journee-mondiale-de-population-celebree-a-conakry\/"},"wordCount":600,"commentCount":0,"publisher":{"@id":"https:\/\/guineediversite.com\/#organization"},"image":{"@id":"https:\/\/guineediversite.com\/index.php\/2017\/07\/12\/journee-mondiale-de-population-celebree-a-conakry\/#primaryimage"},"thumbnailUrl":"https:\/\/guineediversite.com\/wp-content\/uploads\/2017\/07\/IMG_20160111_172430.jpg","keywords":["action sociale"],"articleSection":["Soci\u00e9t\u00e9"],"inLanguage":"fr-FR","potentialAction":[{"@type":"CommentAction","name":"Comment","target":["https:\/\/guineediversite.com\/index.php\/2017\/07\/12\/journee-mondiale-de-population-celebree-a-conakry\/#respond"]}]},{"@type":"WebPage","@id":"https:\/\/guineediversite.com\/index.php\/2017\/07\/12\/journee-mondiale-de-population-celebree-a-conakry\/","url":"https:\/\/guineediversite.com\/index.php\/2017\/07\/12\/journee-mondiale-de-population-celebree-a-conakry\/","name":"La journ\u00e9e mondiale de la population c\u00e9l\u00e9br\u00e9e a Conakry. | Guin\u00e9e Diversit\u00e9","isPartOf":{"@id":"https:\/\/guineediversite.com\/#website"},"primaryImageOfPage":{"@id":"https:\/\/guineediversite.com\/index.php\/2017\/07\/12\/journee-mondiale-de-population-celebree-a-conakry\/#primaryimage"},"image":{"@id":"https:\/\/guineediversite.com\/index.php\/2017\/07\/12\/journee-mondiale-de-population-celebree-a-conakry\/#primaryimage"},"thumbnailUrl":"https:\/\/guineediversite.com\/wp-content\/uploads\/2017\/07\/IMG_20160111_172430.jpg","datePublished":"2017-07-12T05:30:59+00:00","dateModified":"2017-07-12T10:01:59+00:00","breadcrumb":{"@id":"https:\/\/guineediversite.com\/index.php\/2017\/07\/12\/journee-mondiale-de-population-celebree-a-conakry\/#breadcrumb"},"inLanguage":"fr-FR","potentialAction":[{"@type":"ReadAction","target":["https:\/\/guineediversite.com\/index.php\/2017\/07\/12\/journee-mondiale-de-population-celebree-a-conakry\/"]}]},{"@type":"ImageObject","inLanguage":"fr-FR","@id":"https:\/\/guineediversite.com\/index.php\/2017\/07\/12\/journee-mondiale-de-population-celebree-a-conakry\/#primaryimage","url":"https:\/\/guineediversite.com\/wp-content\/uploads\/2017\/07\/IMG_20160111_172430.jpg","contentUrl":"https:\/\/guineediversite.com\/wp-content\/uploads\/2017\/07\/IMG_20160111_172430.jpg","width":3840,"height":2160},{"@type":"BreadcrumbList","@id":"https:\/\/guineediversite.com\/index.php\/2017\/07\/12\/journee-mondiale-de-population-celebree-a-conakry\/#breadcrumb","itemListElement":[{"@type":"ListItem","position":1,"name":"Accueil","item":"https:\/\/guineediversite.com\/"},{"@type":"ListItem","position":2,"name":"La journ\u00e9e mondiale de la population c\u00e9l\u00e9br\u00e9e a Conakry."}]},{"@type":"WebSite","@id":"https:\/\/guineediversite.com\/#website","url":"https:\/\/guineediversite.com\/","name":"Guin\u00e9e Diversit\u00e9","description":"L&#039;Info dans toute sa diversit\u00e9","publisher":{"@id":"https:\/\/guineediversite.com\/#organization"},"potentialAction":[{"@type":"SearchAction","target":{"@type":"EntryPoint","urlTemplate":"https:\/\/guineediversite.com\/?s={search_term_string}"},"query-input":{"@type":"PropertyValueSpecification","valueRequired":true,"valueName":"search_term_string"}}],"inLanguage":"fr-FR"},{"@type":"Organization","@id":"https:\/\/guineediversite.com\/#organization","name":"Guin\u00e9e Diversit\u00e9","url":"https:\/\/guineediversite.com\/","logo":{"@type":"ImageObject","inLanguage":"fr-FR","@id":"https:\/\/guineediversite.com\/#\/schema\/logo\/image\/","url":"https:\/\/guineediversite.com\/wp-content\/uploads\/2017\/04\/cropped-1jojlxEOMkX9Wyqfhe43D6kjPOGqBBKmx3EwWJqZ0cMrFF54yM49.png","contentUrl":"https:\/\/guineediversite.com\/wp-content\/uploads\/2017\/04\/cropped-1jojlxEOMkX9Wyqfhe43D6kjPOGqBBKmx3EwWJqZ0cMrFF54yM49.png","width":186,"height":112,"caption":"Guin\u00e9e Diversit\u00e9"},"image":{"@id":"https:\/\/guineediversite.com\/#\/schema\/logo\/image\/"},"sameAs":["https:\/\/www.facebook.com\/guineediversite\/","https:\/\/x.com\/GuineeDiversite","https:\/\/www.youtube.com\/channel\/UC8sUY16qelG5ge6_D5SB83g"]},{"@type":"Person","@id":"https:\/\/guineediversite.com\/#\/schema\/person\/c915f4424a17926ee4510e6abdfdc2a5","name":"Lazare Bangoura","image":{"@type":"ImageObject","inLanguage":"fr-FR","@id":"https:\/\/guineediversite.com\/#\/schema\/person\/image\/","url":"https:\/\/secure.gravatar.com\/avatar\/7bab9b6edb46a08bcc394e7e418baf1e?s=96&d=mm&r=g","contentUrl":"https:\/\/secure.gravatar.com\/avatar\/7bab9b6edb46a08bcc394e7e418baf1e?s=96&d=mm&r=g","caption":"Lazare Bangoura"},"url":"https:\/\/guineediversite.com\/index.php\/author\/l-bangoura\/"}]}},"_links":{"self":[{"href":"https:\/\/guineediversite.com\/index.php\/wp-json\/wp\/v2\/posts\/20665"}],"collection":[{"href":"https:\/\/guineediversite.com\/index.php\/wp-json\/wp\/v2\/posts"}],"about":[{"href":"https:\/\/guineediversite.com\/index.php\/wp-json\/wp\/v2\/types\/post"}],"author":[{"embeddable":true,"href":"https:\/\/guineediversite.com\/index.php\/wp-json\/wp\/v2\/users\/14"}],"replies":[{"embeddable":true,"href":"https:\/\/guineediversite.com\/index.php\/wp-json\/wp\/v2\/comments?post=20665"}],"version-history":[{"count":0,"href":"https:\/\/guineediversite.com\/index.php\/wp-json\/wp\/v2\/posts\/20665\/revisions"}],"wp:featuredmedia":[{"embeddable":true,"href":"https:\/\/guineediversite.com\/index.php\/wp-json\/wp\/v2\/media\/20653"}],"wp:attachment":[{"href":"https:\/\/guineediversite.com\/index.php\/wp-json\/wp\/v2\/media?parent=20665"}],"wp:term":[{"taxonomy":"category","embeddable":true,"href":"https:\/\/guineediversite.com\/index.php\/wp-json\/wp\/v2\/categories?post=20665"},{"taxonomy":"post_tag","embeddable":true,"href":"https:\/\/guineediversite.com\/index.php\/wp-json\/wp\/v2\/tags?post=20665"}],"curies":[{"name":"wp","href":"https:\/\/api.w.org\/{rel}","templated":true}]}}