{"id":20404,"date":"2017-06-30T00:32:22","date_gmt":"2017-06-29T22:32:22","guid":{"rendered":"https:\/\/guineediversite.com\/?p=20404"},"modified":"2017-06-30T00:32:22","modified_gmt":"2017-06-29T22:32:22","slug":"guinee-president-senat-liberien-chez-claude-kory-kondiano","status":"publish","type":"post","link":"https:\/\/guineediversite.com\/index.php\/2017\/06\/30\/guinee-president-senat-liberien-chez-claude-kory-kondiano\/","title":{"rendered":"Guin\u00e9e : le pr\u00e9sident du S\u00e9nat lib\u00e9rien chez Claude Kory Kondiano"},"content":{"rendered":"<p><strong><span id=\"p485\">Le pr\u00e9sident de l\u2019Assembl\u00e9e nationale a re\u00e7u ce mercredi en audience le vice-pr\u00e9sident en m\u00eame temps pr\u00e9sident du S\u00e9nat du Liberia.<\/span><span id=\"p425\"> La rencontre s\u2019est d\u00e9roul\u00e9e dans la salle des actes du Palais du peuple.<\/span><span id=\"p426\"> Au centre des discussions, la coop\u00e9ration relative \u00e0 l\u2019organisation de la Mano river union.<br \/>\n<\/span><\/strong><br \/>\n<span id=\"p427\">Par cette visite, le vice-pr\u00e9sident et pr\u00e9sident du S\u00e9nat lib\u00e9rien a fait d&rsquo;une pierre deux coups, puisqu\u2019il a d\u2019abord rencontr\u00e9 le <span id=\"459\">pr\u00e9sident<\/span> de la R\u00e9publique professeur Alpha Cond\u00e9, avant d\u2019\u00eatre re\u00e7u par le premier responsable du parlement guin\u00e9en.<\/span><span id=\"p428\"><br \/>\n<\/span><br \/>\n<span id=\"p486\">Tr\u00e8s ravi de cette visite de Joseph Andy Bakary, le pr\u00e9sident de l\u2019Assembl\u00e9e nationale s\u2019est appesanti sur la coop\u00e9ration entre les <span id=\"487\">\u00c9tats<\/span> du fleuve Mano en particulier le Liberia, pays avec lequel la Guin\u00e9e partage plusieurs r\u00e9alit\u00e9s.<\/span><span id=\"p430\"> Honorable Claude <span id=\"461\" class=\"s-rg-t\">Kory<\/span> <span id=\"462\" class=\"s-rg-t\">Kondiano<\/span> a indiqu\u00e9 que la coop\u00e9ration entre les pays de la Mano River Union et particuli\u00e8rement le Liberia, devraient \u00eatre plus serr\u00e9e \u00e0 cause des liens qui existent entre les deux pays.<br \/>\n<\/span><br \/>\n<span id=\"p431\">Les deux personnalit\u00e9s sont unanimes sur le fait que la Guin\u00e9e et le Liberia sont deux poumons dans un m\u00eame corps.<\/span><span id=\"p488\"> Ils ont \u00e9chang\u00e9 sur de nombreux points qui rapprochent les populations des deux \u00c9tats.<\/span><span id=\"p433\"> <\/span><\/p>\n","protected":false},"excerpt":{"rendered":"<p>Le pr\u00e9sident de l\u2019Assembl\u00e9e nationale a re\u00e7u ce mercredi en audience le vice-pr\u00e9sident en m\u00eame temps pr\u00e9sident du S\u00e9nat du Liberia. La rencontre s\u2019est d\u00e9roul\u00e9e dans la salle des actes du Palais du peuple. Au centre des discussions, la coop\u00e9ration relative \u00e0 l\u2019organisation de la Mano river union. Par cette visite, le vice-pr\u00e9sident et pr\u00e9sident [&hellip;]<\/p>\n","protected":false},"author":14,"featured_media":20405,"comment_status":"open","ping_status":"open","sticky":false,"template":"","format":"standard","meta":{"_exactmetrics_skip_tracking":false,"_exactmetrics_sitenote_active":false,"_exactmetrics_sitenote_note":"","_exactmetrics_sitenote_category":0,"tdm_status":"","tdm_grid_status":"","footnotes":""},"categories":[14],"tags":[],"class_list":{"0":"post-20404","1":"post","2":"type-post","3":"status-publish","4":"format-standard","5":"has-post-thumbnail","7":"category-politique"},"yoast_head":"<!-- This site is optimized with the Yoast SEO plugin v24.2 - https:\/\/yoast.com\/wordpress\/plugins\/seo\/ -->\n<title>Guin\u00e9e : le pr\u00e9sident du S\u00e9nat lib\u00e9rien chez Claude Kory Kondiano | Guin\u00e9e Diversit\u00e9<\/title>\n<meta name=\"robots\" content=\"index, follow, max-snippet:-1, max-image-preview:large, max-video-preview:-1\" \/>\n<link rel=\"canonical\" href=\"https:\/\/guineediversite.com\/index.php\/2017\/06\/30\/guinee-president-senat-liberien-chez-claude-kory-kondiano\/\" \/>\n<meta property=\"og:locale\" content=\"fr_FR\" \/>\n<meta property=\"og:type\" content=\"article\" \/>\n<meta property=\"og:title\" content=\"Guin\u00e9e : le pr\u00e9sident du S\u00e9nat lib\u00e9rien chez Claude Kory Kondiano | Guin\u00e9e Diversit\u00e9\" \/>\n<meta property=\"og:description\" content=\"Le pr\u00e9sident de l\u2019Assembl\u00e9e nationale a re\u00e7u ce mercredi en audience le vice-pr\u00e9sident en m\u00eame temps pr\u00e9sident du S\u00e9nat du Liberia. La rencontre s\u2019est d\u00e9roul\u00e9e dans la salle des actes du Palais du peuple. Au centre des discussions, la coop\u00e9ration relative \u00e0 l\u2019organisation de la Mano river union. Par cette visite, le vice-pr\u00e9sident et pr\u00e9sident [&hellip;]\" \/>\n<meta property=\"og:url\" content=\"https:\/\/guineediversite.com\/index.php\/2017\/06\/30\/guinee-president-senat-liberien-chez-claude-kory-kondiano\/\" \/>\n<meta property=\"og:site_name\" content=\"Guin\u00e9e Diversit\u00e9\" \/>\n<meta property=\"article:publisher\" content=\"https:\/\/www.facebook.com\/guineediversite\/\" \/>\n<meta property=\"article:published_time\" content=\"2017-06-29T22:32:22+00:00\" \/>\n<meta property=\"og:image\" content=\"https:\/\/guineediversite.com\/wp-content\/uploads\/2017\/06\/img_7203.jpg\" \/>\n\t<meta property=\"og:image:width\" content=\"1920\" \/>\n\t<meta property=\"og:image:height\" content=\"1280\" \/>\n\t<meta property=\"og:image:type\" content=\"image\/jpeg\" \/>\n<meta name=\"author\" content=\"Lazare Bangoura\" \/>\n<meta name=\"twitter:card\" content=\"summary_large_image\" \/>\n<meta name=\"twitter:creator\" content=\"@GuineeDiversite\" \/>\n<meta name=\"twitter:site\" content=\"@GuineeDiversite\" \/>\n<meta name=\"twitter:label1\" content=\"\u00c9crit par\" \/>\n\t<meta name=\"twitter:data1\" content=\"Lazare Bangoura\" \/>\n\t<meta name=\"twitter:label2\" content=\"Dur\u00e9e de lecture estim\u00e9e\" \/>\n\t<meta name=\"twitter:data2\" content=\"1 minute\" \/>\n<script type=\"application\/ld+json\" class=\"yoast-schema-graph\">{\"@context\":\"https:\/\/schema.org\",\"@graph\":[{\"@type\":\"Article\",\"@id\":\"https:\/\/guineediversite.com\/index.php\/2017\/06\/30\/guinee-president-senat-liberien-chez-claude-kory-kondiano\/#article\",\"isPartOf\":{\"@id\":\"https:\/\/guineediversite.com\/index.php\/2017\/06\/30\/guinee-president-senat-liberien-chez-claude-kory-kondiano\/\"},\"author\":{\"name\":\"Lazare Bangoura\",\"@id\":\"https:\/\/guineediversite.com\/#\/schema\/person\/c915f4424a17926ee4510e6abdfdc2a5\"},\"headline\":\"Guin\u00e9e : le pr\u00e9sident du S\u00e9nat lib\u00e9rien chez Claude Kory Kondiano\",\"datePublished\":\"2017-06-29T22:32:22+00:00\",\"dateModified\":\"2017-06-29T22:32:22+00:00\",\"mainEntityOfPage\":{\"@id\":\"https:\/\/guineediversite.com\/index.php\/2017\/06\/30\/guinee-president-senat-liberien-chez-claude-kory-kondiano\/\"},\"wordCount\":245,\"commentCount\":0,\"publisher\":{\"@id\":\"https:\/\/guineediversite.com\/#organization\"},\"image\":{\"@id\":\"https:\/\/guineediversite.com\/index.php\/2017\/06\/30\/guinee-president-senat-liberien-chez-claude-kory-kondiano\/#primaryimage\"},\"thumbnailUrl\":\"https:\/\/guineediversite.com\/wp-content\/uploads\/2017\/06\/img_7203.jpg\",\"articleSection\":[\"Politique\"],\"inLanguage\":\"fr-FR\",\"potentialAction\":[{\"@type\":\"CommentAction\",\"name\":\"Comment\",\"target\":[\"https:\/\/guineediversite.com\/index.php\/2017\/06\/30\/guinee-president-senat-liberien-chez-claude-kory-kondiano\/#respond\"]}]},{\"@type\":\"WebPage\",\"@id\":\"https:\/\/guineediversite.com\/index.php\/2017\/06\/30\/guinee-president-senat-liberien-chez-claude-kory-kondiano\/\",\"url\":\"https:\/\/guineediversite.com\/index.php\/2017\/06\/30\/guinee-president-senat-liberien-chez-claude-kory-kondiano\/\",\"name\":\"Guin\u00e9e : le pr\u00e9sident du S\u00e9nat lib\u00e9rien chez Claude Kory Kondiano | Guin\u00e9e Diversit\u00e9\",\"isPartOf\":{\"@id\":\"https:\/\/guineediversite.com\/#website\"},\"primaryImageOfPage\":{\"@id\":\"https:\/\/guineediversite.com\/index.php\/2017\/06\/30\/guinee-president-senat-liberien-chez-claude-kory-kondiano\/#primaryimage\"},\"image\":{\"@id\":\"https:\/\/guineediversite.com\/index.php\/2017\/06\/30\/guinee-president-senat-liberien-chez-claude-kory-kondiano\/#primaryimage\"},\"thumbnailUrl\":\"https:\/\/guineediversite.com\/wp-content\/uploads\/2017\/06\/img_7203.jpg\",\"datePublished\":\"2017-06-29T22:32:22+00:00\",\"dateModified\":\"2017-06-29T22:32:22+00:00\",\"breadcrumb\":{\"@id\":\"https:\/\/guineediversite.com\/index.php\/2017\/06\/30\/guinee-president-senat-liberien-chez-claude-kory-kondiano\/#breadcrumb\"},\"inLanguage\":\"fr-FR\",\"potentialAction\":[{\"@type\":\"ReadAction\",\"target\":[\"https:\/\/guineediversite.com\/index.php\/2017\/06\/30\/guinee-president-senat-liberien-chez-claude-kory-kondiano\/\"]}]},{\"@type\":\"ImageObject\",\"inLanguage\":\"fr-FR\",\"@id\":\"https:\/\/guineediversite.com\/index.php\/2017\/06\/30\/guinee-president-senat-liberien-chez-claude-kory-kondiano\/#primaryimage\",\"url\":\"https:\/\/guineediversite.com\/wp-content\/uploads\/2017\/06\/img_7203.jpg\",\"contentUrl\":\"https:\/\/guineediversite.com\/wp-content\/uploads\/2017\/06\/img_7203.jpg\",\"width\":1920,\"height\":1280},{\"@type\":\"BreadcrumbList\",\"@id\":\"https:\/\/guineediversite.com\/index.php\/2017\/06\/30\/guinee-president-senat-liberien-chez-claude-kory-kondiano\/#breadcrumb\",\"itemListElement\":[{\"@type\":\"ListItem\",\"position\":1,\"name\":\"Accueil\",\"item\":\"https:\/\/guineediversite.com\/\"},{\"@type\":\"ListItem\",\"position\":2,\"name\":\"Guin\u00e9e : le pr\u00e9sident du S\u00e9nat lib\u00e9rien chez Claude Kory Kondiano\"}]},{\"@type\":\"WebSite\",\"@id\":\"https:\/\/guineediversite.com\/#website\",\"url\":\"https:\/\/guineediversite.com\/\",\"name\":\"Guin\u00e9e Diversit\u00e9\",\"description\":\"L&#039;Info dans toute sa diversit\u00e9\",\"publisher\":{\"@id\":\"https:\/\/guineediversite.com\/#organization\"},\"potentialAction\":[{\"@type\":\"SearchAction\",\"target\":{\"@type\":\"EntryPoint\",\"urlTemplate\":\"https:\/\/guineediversite.com\/?s={search_term_string}\"},\"query-input\":{\"@type\":\"PropertyValueSpecification\",\"valueRequired\":true,\"valueName\":\"search_term_string\"}}],\"inLanguage\":\"fr-FR\"},{\"@type\":\"Organization\",\"@id\":\"https:\/\/guineediversite.com\/#organization\",\"name\":\"Guin\u00e9e Diversit\u00e9\",\"url\":\"https:\/\/guineediversite.com\/\",\"logo\":{\"@type\":\"ImageObject\",\"inLanguage\":\"fr-FR\",\"@id\":\"https:\/\/guineediversite.com\/#\/schema\/logo\/image\/\",\"url\":\"https:\/\/guineediversite.com\/wp-content\/uploads\/2017\/04\/cropped-1jojlxEOMkX9Wyqfhe43D6kjPOGqBBKmx3EwWJqZ0cMrFF54yM49.png\",\"contentUrl\":\"https:\/\/guineediversite.com\/wp-content\/uploads\/2017\/04\/cropped-1jojlxEOMkX9Wyqfhe43D6kjPOGqBBKmx3EwWJqZ0cMrFF54yM49.png\",\"width\":186,\"height\":112,\"caption\":\"Guin\u00e9e Diversit\u00e9\"},\"image\":{\"@id\":\"https:\/\/guineediversite.com\/#\/schema\/logo\/image\/\"},\"sameAs\":[\"https:\/\/www.facebook.com\/guineediversite\/\",\"https:\/\/x.com\/GuineeDiversite\",\"https:\/\/www.youtube.com\/channel\/UC8sUY16qelG5ge6_D5SB83g\"]},{\"@type\":\"Person\",\"@id\":\"https:\/\/guineediversite.com\/#\/schema\/person\/c915f4424a17926ee4510e6abdfdc2a5\",\"name\":\"Lazare Bangoura\",\"image\":{\"@type\":\"ImageObject\",\"inLanguage\":\"fr-FR\",\"@id\":\"https:\/\/guineediversite.com\/#\/schema\/person\/image\/\",\"url\":\"https:\/\/secure.gravatar.com\/avatar\/7bab9b6edb46a08bcc394e7e418baf1e?s=96&d=mm&r=g\",\"contentUrl\":\"https:\/\/secure.gravatar.com\/avatar\/7bab9b6edb46a08bcc394e7e418baf1e?s=96&d=mm&r=g\",\"caption\":\"Lazare Bangoura\"},\"url\":\"https:\/\/guineediversite.com\/index.php\/author\/l-bangoura\/\"}]}<\/script>\n<!-- \/ Yoast SEO plugin. -->","yoast_head_json":{"title":"Guin\u00e9e : le pr\u00e9sident du S\u00e9nat lib\u00e9rien chez Claude Kory Kondiano | Guin\u00e9e Diversit\u00e9","robots":{"index":"index","follow":"follow","max-snippet":"max-snippet:-1","max-image-preview":"max-image-preview:large","max-video-preview":"max-video-preview:-1"},"canonical":"https:\/\/guineediversite.com\/index.php\/2017\/06\/30\/guinee-president-senat-liberien-chez-claude-kory-kondiano\/","og_locale":"fr_FR","og_type":"article","og_title":"Guin\u00e9e : le pr\u00e9sident du S\u00e9nat lib\u00e9rien chez Claude Kory Kondiano | Guin\u00e9e Diversit\u00e9","og_description":"Le pr\u00e9sident de l\u2019Assembl\u00e9e nationale a re\u00e7u ce mercredi en audience le vice-pr\u00e9sident en m\u00eame temps pr\u00e9sident du S\u00e9nat du Liberia. La rencontre s\u2019est d\u00e9roul\u00e9e dans la salle des actes du Palais du peuple. Au centre des discussions, la coop\u00e9ration relative \u00e0 l\u2019organisation de la Mano river union. Par cette visite, le vice-pr\u00e9sident et pr\u00e9sident [&hellip;]","og_url":"https:\/\/guineediversite.com\/index.php\/2017\/06\/30\/guinee-president-senat-liberien-chez-claude-kory-kondiano\/","og_site_name":"Guin\u00e9e Diversit\u00e9","article_publisher":"https:\/\/www.facebook.com\/guineediversite\/","article_published_time":"2017-06-29T22:32:22+00:00","og_image":[{"width":1920,"height":1280,"url":"https:\/\/guineediversite.com\/wp-content\/uploads\/2017\/06\/img_7203.jpg","type":"image\/jpeg"}],"author":"Lazare Bangoura","twitter_card":"summary_large_image","twitter_creator":"@GuineeDiversite","twitter_site":"@GuineeDiversite","twitter_misc":{"\u00c9crit par":"Lazare Bangoura","Dur\u00e9e de lecture estim\u00e9e":"1 minute"},"schema":{"@context":"https:\/\/schema.org","@graph":[{"@type":"Article","@id":"https:\/\/guineediversite.com\/index.php\/2017\/06\/30\/guinee-president-senat-liberien-chez-claude-kory-kondiano\/#article","isPartOf":{"@id":"https:\/\/guineediversite.com\/index.php\/2017\/06\/30\/guinee-president-senat-liberien-chez-claude-kory-kondiano\/"},"author":{"name":"Lazare Bangoura","@id":"https:\/\/guineediversite.com\/#\/schema\/person\/c915f4424a17926ee4510e6abdfdc2a5"},"headline":"Guin\u00e9e : le pr\u00e9sident du S\u00e9nat lib\u00e9rien chez Claude Kory Kondiano","datePublished":"2017-06-29T22:32:22+00:00","dateModified":"2017-06-29T22:32:22+00:00","mainEntityOfPage":{"@id":"https:\/\/guineediversite.com\/index.php\/2017\/06\/30\/guinee-president-senat-liberien-chez-claude-kory-kondiano\/"},"wordCount":245,"commentCount":0,"publisher":{"@id":"https:\/\/guineediversite.com\/#organization"},"image":{"@id":"https:\/\/guineediversite.com\/index.php\/2017\/06\/30\/guinee-president-senat-liberien-chez-claude-kory-kondiano\/#primaryimage"},"thumbnailUrl":"https:\/\/guineediversite.com\/wp-content\/uploads\/2017\/06\/img_7203.jpg","articleSection":["Politique"],"inLanguage":"fr-FR","potentialAction":[{"@type":"CommentAction","name":"Comment","target":["https:\/\/guineediversite.com\/index.php\/2017\/06\/30\/guinee-president-senat-liberien-chez-claude-kory-kondiano\/#respond"]}]},{"@type":"WebPage","@id":"https:\/\/guineediversite.com\/index.php\/2017\/06\/30\/guinee-president-senat-liberien-chez-claude-kory-kondiano\/","url":"https:\/\/guineediversite.com\/index.php\/2017\/06\/30\/guinee-president-senat-liberien-chez-claude-kory-kondiano\/","name":"Guin\u00e9e : le pr\u00e9sident du S\u00e9nat lib\u00e9rien chez Claude Kory Kondiano | Guin\u00e9e Diversit\u00e9","isPartOf":{"@id":"https:\/\/guineediversite.com\/#website"},"primaryImageOfPage":{"@id":"https:\/\/guineediversite.com\/index.php\/2017\/06\/30\/guinee-president-senat-liberien-chez-claude-kory-kondiano\/#primaryimage"},"image":{"@id":"https:\/\/guineediversite.com\/index.php\/2017\/06\/30\/guinee-president-senat-liberien-chez-claude-kory-kondiano\/#primaryimage"},"thumbnailUrl":"https:\/\/guineediversite.com\/wp-content\/uploads\/2017\/06\/img_7203.jpg","datePublished":"2017-06-29T22:32:22+00:00","dateModified":"2017-06-29T22:32:22+00:00","breadcrumb":{"@id":"https:\/\/guineediversite.com\/index.php\/2017\/06\/30\/guinee-president-senat-liberien-chez-claude-kory-kondiano\/#breadcrumb"},"inLanguage":"fr-FR","potentialAction":[{"@type":"ReadAction","target":["https:\/\/guineediversite.com\/index.php\/2017\/06\/30\/guinee-president-senat-liberien-chez-claude-kory-kondiano\/"]}]},{"@type":"ImageObject","inLanguage":"fr-FR","@id":"https:\/\/guineediversite.com\/index.php\/2017\/06\/30\/guinee-president-senat-liberien-chez-claude-kory-kondiano\/#primaryimage","url":"https:\/\/guineediversite.com\/wp-content\/uploads\/2017\/06\/img_7203.jpg","contentUrl":"https:\/\/guineediversite.com\/wp-content\/uploads\/2017\/06\/img_7203.jpg","width":1920,"height":1280},{"@type":"BreadcrumbList","@id":"https:\/\/guineediversite.com\/index.php\/2017\/06\/30\/guinee-president-senat-liberien-chez-claude-kory-kondiano\/#breadcrumb","itemListElement":[{"@type":"ListItem","position":1,"name":"Accueil","item":"https:\/\/guineediversite.com\/"},{"@type":"ListItem","position":2,"name":"Guin\u00e9e : le pr\u00e9sident du S\u00e9nat lib\u00e9rien chez Claude Kory Kondiano"}]},{"@type":"WebSite","@id":"https:\/\/guineediversite.com\/#website","url":"https:\/\/guineediversite.com\/","name":"Guin\u00e9e Diversit\u00e9","description":"L&#039;Info dans toute sa diversit\u00e9","publisher":{"@id":"https:\/\/guineediversite.com\/#organization"},"potentialAction":[{"@type":"SearchAction","target":{"@type":"EntryPoint","urlTemplate":"https:\/\/guineediversite.com\/?s={search_term_string}"},"query-input":{"@type":"PropertyValueSpecification","valueRequired":true,"valueName":"search_term_string"}}],"inLanguage":"fr-FR"},{"@type":"Organization","@id":"https:\/\/guineediversite.com\/#organization","name":"Guin\u00e9e Diversit\u00e9","url":"https:\/\/guineediversite.com\/","logo":{"@type":"ImageObject","inLanguage":"fr-FR","@id":"https:\/\/guineediversite.com\/#\/schema\/logo\/image\/","url":"https:\/\/guineediversite.com\/wp-content\/uploads\/2017\/04\/cropped-1jojlxEOMkX9Wyqfhe43D6kjPOGqBBKmx3EwWJqZ0cMrFF54yM49.png","contentUrl":"https:\/\/guineediversite.com\/wp-content\/uploads\/2017\/04\/cropped-1jojlxEOMkX9Wyqfhe43D6kjPOGqBBKmx3EwWJqZ0cMrFF54yM49.png","width":186,"height":112,"caption":"Guin\u00e9e Diversit\u00e9"},"image":{"@id":"https:\/\/guineediversite.com\/#\/schema\/logo\/image\/"},"sameAs":["https:\/\/www.facebook.com\/guineediversite\/","https:\/\/x.com\/GuineeDiversite","https:\/\/www.youtube.com\/channel\/UC8sUY16qelG5ge6_D5SB83g"]},{"@type":"Person","@id":"https:\/\/guineediversite.com\/#\/schema\/person\/c915f4424a17926ee4510e6abdfdc2a5","name":"Lazare Bangoura","image":{"@type":"ImageObject","inLanguage":"fr-FR","@id":"https:\/\/guineediversite.com\/#\/schema\/person\/image\/","url":"https:\/\/secure.gravatar.com\/avatar\/7bab9b6edb46a08bcc394e7e418baf1e?s=96&d=mm&r=g","contentUrl":"https:\/\/secure.gravatar.com\/avatar\/7bab9b6edb46a08bcc394e7e418baf1e?s=96&d=mm&r=g","caption":"Lazare Bangoura"},"url":"https:\/\/guineediversite.com\/index.php\/author\/l-bangoura\/"}]}},"_links":{"self":[{"href":"https:\/\/guineediversite.com\/index.php\/wp-json\/wp\/v2\/posts\/20404"}],"collection":[{"href":"https:\/\/guineediversite.com\/index.php\/wp-json\/wp\/v2\/posts"}],"about":[{"href":"https:\/\/guineediversite.com\/index.php\/wp-json\/wp\/v2\/types\/post"}],"author":[{"embeddable":true,"href":"https:\/\/guineediversite.com\/index.php\/wp-json\/wp\/v2\/users\/14"}],"replies":[{"embeddable":true,"href":"https:\/\/guineediversite.com\/index.php\/wp-json\/wp\/v2\/comments?post=20404"}],"version-history":[{"count":0,"href":"https:\/\/guineediversite.com\/index.php\/wp-json\/wp\/v2\/posts\/20404\/revisions"}],"wp:featuredmedia":[{"embeddable":true,"href":"https:\/\/guineediversite.com\/index.php\/wp-json\/wp\/v2\/media\/20405"}],"wp:attachment":[{"href":"https:\/\/guineediversite.com\/index.php\/wp-json\/wp\/v2\/media?parent=20404"}],"wp:term":[{"taxonomy":"category","embeddable":true,"href":"https:\/\/guineediversite.com\/index.php\/wp-json\/wp\/v2\/categories?post=20404"},{"taxonomy":"post_tag","embeddable":true,"href":"https:\/\/guineediversite.com\/index.php\/wp-json\/wp\/v2\/tags?post=20404"}],"curies":[{"name":"wp","href":"https:\/\/api.w.org\/{rel}","templated":true}]}}