{"id":20396,"date":"2017-06-29T08:05:21","date_gmt":"2017-06-29T06:05:21","guid":{"rendered":"https:\/\/guineediversite.com\/?p=20396"},"modified":"2017-06-29T00:10:25","modified_gmt":"2017-06-28T22:10:25","slug":"miss-guinee-belgique-2016-a-conakry-projet-de-lutte-contre-mendicite-enfantine","status":"publish","type":"post","link":"https:\/\/guineediversite.com\/index.php\/2017\/06\/29\/miss-guinee-belgique-2016-a-conakry-projet-de-lutte-contre-mendicite-enfantine\/","title":{"rendered":"La Miss Guin\u00e9e Belgique 2016 est \u00e0 Conakry pour son projet de lutte contre la mendicit\u00e9 enfantine"},"content":{"rendered":"<p><strong><span id=\"p348\">La <span id=\"356\" class=\"s-rg-t\">Miss<\/span> Guin\u00e9e Belgique 2016, <span id=\"357\" class=\"s-rg-t\">Kadiatou<\/span> <span id=\"358\" class=\"s-rg-t\">Diallo<\/span> est \u00e0 Conakry depuis la nuit du mardi 27 juin.<\/span><span id=\"p349\"> Un s\u00e9jour qui va dans le cadre de son projet de lutte contre la mendicit\u00e9 enfantine en Guin\u00e9e.<br \/>\n<\/span><\/strong><br \/>\n<span id=\"p350\">En provenance de la Belgique, <span id=\"359\">Kadiatou<\/span> <span id=\"360\">Diallo<\/span><span id=\"364\">\u00a0a\u00a0<\/span>expliqu\u00e9\u00a0le choix port\u00e9 sur les enfants :<\/span><span id=\"p351\">\u00a0\u00ab J&rsquo;ai choisi ce th\u00e8me suite \u00e0 un forum international <span id=\"366\" class=\"s-rg-t\">Benelux<\/span> en Belgique qui a \u00e9t\u00e9 organis\u00e9 par notre comit\u00e9.<\/span><span id=\"p352\"> Donc je suis l\u00e0 pour apporter mon soutien aux enfants qui sont dans les rues chaque jour pour faire de la mendicit\u00e9 alors qu&rsquo;ils devraient \u00eatre scolaris\u00e9s ou plut\u00f4t utilis\u00e9s pour d&rsquo;autres fins.<\/span><span id=\"p353\"> Avec la participation des acteurs qui sont d\u00e9j\u00e0 dans ce domaine, nous allons mobiliser un fond pour faire un don envers ces enfants dont j&rsquo;ai pris le retard d\u00fb \u00e0 mes occupations d&rsquo;\u00e9tude sup\u00e9rieure\u00a0\u00bb.<br \/>\n<\/span><br \/>\n<span id=\"p354\">Pour la r\u00e9alisation de ce projet, elle sollicite le soutien des autorit\u00e9s \u00e0 travers le minist\u00e8re de l&rsquo;Action sociale de la promotion f\u00e9minine et de l&rsquo;enfance ainsi que des ONG dont celui de Henry <span id=\"368\" class=\"s-rg-t\">Sidib\u00e9<\/span> qui d&rsquo;ailleurs a exprim\u00e9 sa volont\u00e9 d&rsquo;appuyer le projet.<br \/>\n<\/span><br \/>\n<span id=\"p355\">\u00c0 pr\u00e9ciser que la <span id=\"369\" class=\"s-rg-t\">Miss<\/span> Guin\u00e9e Belgique 2016 compte mettre en place tr\u00e8s prochainement un centre d&rsquo;orphelinat pour parrainer ces enfants qui sont dans les rues.<\/span><\/p>\n","protected":false},"excerpt":{"rendered":"<p>La Miss Guin\u00e9e Belgique 2016, Kadiatou Diallo est \u00e0 Conakry depuis la nuit du mardi 27 juin. Un s\u00e9jour qui va dans le cadre de son projet de lutte contre la mendicit\u00e9 enfantine en Guin\u00e9e. En provenance de la Belgique, Kadiatou Diallo\u00a0a\u00a0expliqu\u00e9\u00a0le choix port\u00e9 sur les enfants :\u00a0\u00ab J&rsquo;ai choisi ce th\u00e8me suite \u00e0 un [&hellip;]<\/p>\n","protected":false},"author":8,"featured_media":20397,"comment_status":"open","ping_status":"open","sticky":false,"template":"","format":"standard","meta":{"_exactmetrics_skip_tracking":false,"_exactmetrics_sitenote_active":false,"_exactmetrics_sitenote_note":"","_exactmetrics_sitenote_category":0,"tdm_status":"","tdm_grid_status":"","footnotes":""},"categories":[16],"tags":[],"class_list":{"0":"post-20396","1":"post","2":"type-post","3":"status-publish","4":"format-standard","5":"has-post-thumbnail","7":"category-societe"},"yoast_head":"<!-- This site is optimized with the Yoast SEO plugin v24.2 - https:\/\/yoast.com\/wordpress\/plugins\/seo\/ -->\n<title>La Miss Guin\u00e9e Belgique 2016 est \u00e0 Conakry pour son projet de lutte contre la mendicit\u00e9 enfantine | Guin\u00e9e Diversit\u00e9<\/title>\n<meta name=\"robots\" content=\"index, follow, max-snippet:-1, max-image-preview:large, max-video-preview:-1\" \/>\n<link rel=\"canonical\" href=\"https:\/\/guineediversite.com\/index.php\/2017\/06\/29\/miss-guinee-belgique-2016-a-conakry-projet-de-lutte-contre-mendicite-enfantine\/\" \/>\n<meta property=\"og:locale\" content=\"fr_FR\" \/>\n<meta property=\"og:type\" content=\"article\" \/>\n<meta property=\"og:title\" content=\"La Miss Guin\u00e9e Belgique 2016 est \u00e0 Conakry pour son projet de lutte contre la mendicit\u00e9 enfantine | Guin\u00e9e Diversit\u00e9\" \/>\n<meta property=\"og:description\" content=\"La Miss Guin\u00e9e Belgique 2016, Kadiatou Diallo est \u00e0 Conakry depuis la nuit du mardi 27 juin. Un s\u00e9jour qui va dans le cadre de son projet de lutte contre la mendicit\u00e9 enfantine en Guin\u00e9e. En provenance de la Belgique, Kadiatou Diallo\u00a0a\u00a0expliqu\u00e9\u00a0le choix port\u00e9 sur les enfants :\u00a0\u00ab J&rsquo;ai choisi ce th\u00e8me suite \u00e0 un [&hellip;]\" \/>\n<meta property=\"og:url\" content=\"https:\/\/guineediversite.com\/index.php\/2017\/06\/29\/miss-guinee-belgique-2016-a-conakry-projet-de-lutte-contre-mendicite-enfantine\/\" \/>\n<meta property=\"og:site_name\" content=\"Guin\u00e9e Diversit\u00e9\" \/>\n<meta property=\"article:publisher\" content=\"https:\/\/www.facebook.com\/guineediversite\/\" \/>\n<meta property=\"article:published_time\" content=\"2017-06-29T06:05:21+00:00\" \/>\n<meta property=\"article:modified_time\" content=\"2017-06-28T22:10:25+00:00\" \/>\n<meta property=\"og:image\" content=\"https:\/\/guineediversite.com\/wp-content\/uploads\/2017\/06\/SAM_0171.jpg\" \/>\n\t<meta property=\"og:image:width\" content=\"2592\" \/>\n\t<meta property=\"og:image:height\" content=\"1944\" \/>\n\t<meta property=\"og:image:type\" content=\"image\/jpeg\" \/>\n<meta name=\"author\" content=\"Aboubacar Bangoura\" \/>\n<meta name=\"twitter:card\" content=\"summary_large_image\" \/>\n<meta name=\"twitter:creator\" content=\"@GuineeDiversite\" \/>\n<meta name=\"twitter:site\" content=\"@GuineeDiversite\" \/>\n<meta name=\"twitter:label1\" content=\"\u00c9crit par\" \/>\n\t<meta name=\"twitter:data1\" content=\"Aboubacar Bangoura\" \/>\n\t<meta name=\"twitter:label2\" content=\"Dur\u00e9e de lecture estim\u00e9e\" \/>\n\t<meta name=\"twitter:data2\" content=\"1 minute\" \/>\n<script type=\"application\/ld+json\" class=\"yoast-schema-graph\">{\"@context\":\"https:\/\/schema.org\",\"@graph\":[{\"@type\":\"Article\",\"@id\":\"https:\/\/guineediversite.com\/index.php\/2017\/06\/29\/miss-guinee-belgique-2016-a-conakry-projet-de-lutte-contre-mendicite-enfantine\/#article\",\"isPartOf\":{\"@id\":\"https:\/\/guineediversite.com\/index.php\/2017\/06\/29\/miss-guinee-belgique-2016-a-conakry-projet-de-lutte-contre-mendicite-enfantine\/\"},\"author\":{\"name\":\"Aboubacar Bangoura\",\"@id\":\"https:\/\/guineediversite.com\/#\/schema\/person\/5dedff72ab9d6646efe724485147238a\"},\"headline\":\"La Miss Guin\u00e9e Belgique 2016 est \u00e0 Conakry pour son projet de lutte contre la mendicit\u00e9 enfantine\",\"datePublished\":\"2017-06-29T06:05:21+00:00\",\"dateModified\":\"2017-06-28T22:10:25+00:00\",\"mainEntityOfPage\":{\"@id\":\"https:\/\/guineediversite.com\/index.php\/2017\/06\/29\/miss-guinee-belgique-2016-a-conakry-projet-de-lutte-contre-mendicite-enfantine\/\"},\"wordCount\":240,\"commentCount\":0,\"publisher\":{\"@id\":\"https:\/\/guineediversite.com\/#organization\"},\"image\":{\"@id\":\"https:\/\/guineediversite.com\/index.php\/2017\/06\/29\/miss-guinee-belgique-2016-a-conakry-projet-de-lutte-contre-mendicite-enfantine\/#primaryimage\"},\"thumbnailUrl\":\"https:\/\/guineediversite.com\/wp-content\/uploads\/2017\/06\/SAM_0171.jpg\",\"articleSection\":[\"Soci\u00e9t\u00e9\"],\"inLanguage\":\"fr-FR\",\"potentialAction\":[{\"@type\":\"CommentAction\",\"name\":\"Comment\",\"target\":[\"https:\/\/guineediversite.com\/index.php\/2017\/06\/29\/miss-guinee-belgique-2016-a-conakry-projet-de-lutte-contre-mendicite-enfantine\/#respond\"]}]},{\"@type\":\"WebPage\",\"@id\":\"https:\/\/guineediversite.com\/index.php\/2017\/06\/29\/miss-guinee-belgique-2016-a-conakry-projet-de-lutte-contre-mendicite-enfantine\/\",\"url\":\"https:\/\/guineediversite.com\/index.php\/2017\/06\/29\/miss-guinee-belgique-2016-a-conakry-projet-de-lutte-contre-mendicite-enfantine\/\",\"name\":\"La Miss Guin\u00e9e Belgique 2016 est \u00e0 Conakry pour son projet de lutte contre la mendicit\u00e9 enfantine | Guin\u00e9e Diversit\u00e9\",\"isPartOf\":{\"@id\":\"https:\/\/guineediversite.com\/#website\"},\"primaryImageOfPage\":{\"@id\":\"https:\/\/guineediversite.com\/index.php\/2017\/06\/29\/miss-guinee-belgique-2016-a-conakry-projet-de-lutte-contre-mendicite-enfantine\/#primaryimage\"},\"image\":{\"@id\":\"https:\/\/guineediversite.com\/index.php\/2017\/06\/29\/miss-guinee-belgique-2016-a-conakry-projet-de-lutte-contre-mendicite-enfantine\/#primaryimage\"},\"thumbnailUrl\":\"https:\/\/guineediversite.com\/wp-content\/uploads\/2017\/06\/SAM_0171.jpg\",\"datePublished\":\"2017-06-29T06:05:21+00:00\",\"dateModified\":\"2017-06-28T22:10:25+00:00\",\"breadcrumb\":{\"@id\":\"https:\/\/guineediversite.com\/index.php\/2017\/06\/29\/miss-guinee-belgique-2016-a-conakry-projet-de-lutte-contre-mendicite-enfantine\/#breadcrumb\"},\"inLanguage\":\"fr-FR\",\"potentialAction\":[{\"@type\":\"ReadAction\",\"target\":[\"https:\/\/guineediversite.com\/index.php\/2017\/06\/29\/miss-guinee-belgique-2016-a-conakry-projet-de-lutte-contre-mendicite-enfantine\/\"]}]},{\"@type\":\"ImageObject\",\"inLanguage\":\"fr-FR\",\"@id\":\"https:\/\/guineediversite.com\/index.php\/2017\/06\/29\/miss-guinee-belgique-2016-a-conakry-projet-de-lutte-contre-mendicite-enfantine\/#primaryimage\",\"url\":\"https:\/\/guineediversite.com\/wp-content\/uploads\/2017\/06\/SAM_0171.jpg\",\"contentUrl\":\"https:\/\/guineediversite.com\/wp-content\/uploads\/2017\/06\/SAM_0171.jpg\",\"width\":2592,\"height\":1944},{\"@type\":\"BreadcrumbList\",\"@id\":\"https:\/\/guineediversite.com\/index.php\/2017\/06\/29\/miss-guinee-belgique-2016-a-conakry-projet-de-lutte-contre-mendicite-enfantine\/#breadcrumb\",\"itemListElement\":[{\"@type\":\"ListItem\",\"position\":1,\"name\":\"Accueil\",\"item\":\"https:\/\/guineediversite.com\/\"},{\"@type\":\"ListItem\",\"position\":2,\"name\":\"La Miss Guin\u00e9e Belgique 2016 est \u00e0 Conakry pour son projet de lutte contre la mendicit\u00e9 enfantine\"}]},{\"@type\":\"WebSite\",\"@id\":\"https:\/\/guineediversite.com\/#website\",\"url\":\"https:\/\/guineediversite.com\/\",\"name\":\"Guin\u00e9e Diversit\u00e9\",\"description\":\"L&#039;Info dans toute sa diversit\u00e9\",\"publisher\":{\"@id\":\"https:\/\/guineediversite.com\/#organization\"},\"potentialAction\":[{\"@type\":\"SearchAction\",\"target\":{\"@type\":\"EntryPoint\",\"urlTemplate\":\"https:\/\/guineediversite.com\/?s={search_term_string}\"},\"query-input\":{\"@type\":\"PropertyValueSpecification\",\"valueRequired\":true,\"valueName\":\"search_term_string\"}}],\"inLanguage\":\"fr-FR\"},{\"@type\":\"Organization\",\"@id\":\"https:\/\/guineediversite.com\/#organization\",\"name\":\"Guin\u00e9e Diversit\u00e9\",\"url\":\"https:\/\/guineediversite.com\/\",\"logo\":{\"@type\":\"ImageObject\",\"inLanguage\":\"fr-FR\",\"@id\":\"https:\/\/guineediversite.com\/#\/schema\/logo\/image\/\",\"url\":\"https:\/\/guineediversite.com\/wp-content\/uploads\/2017\/04\/cropped-1jojlxEOMkX9Wyqfhe43D6kjPOGqBBKmx3EwWJqZ0cMrFF54yM49.png\",\"contentUrl\":\"https:\/\/guineediversite.com\/wp-content\/uploads\/2017\/04\/cropped-1jojlxEOMkX9Wyqfhe43D6kjPOGqBBKmx3EwWJqZ0cMrFF54yM49.png\",\"width\":186,\"height\":112,\"caption\":\"Guin\u00e9e Diversit\u00e9\"},\"image\":{\"@id\":\"https:\/\/guineediversite.com\/#\/schema\/logo\/image\/\"},\"sameAs\":[\"https:\/\/www.facebook.com\/guineediversite\/\",\"https:\/\/x.com\/GuineeDiversite\",\"https:\/\/www.youtube.com\/channel\/UC8sUY16qelG5ge6_D5SB83g\"]},{\"@type\":\"Person\",\"@id\":\"https:\/\/guineediversite.com\/#\/schema\/person\/5dedff72ab9d6646efe724485147238a\",\"name\":\"Aboubacar Bangoura\",\"image\":{\"@type\":\"ImageObject\",\"inLanguage\":\"fr-FR\",\"@id\":\"https:\/\/guineediversite.com\/#\/schema\/person\/image\/\",\"url\":\"https:\/\/secure.gravatar.com\/avatar\/c2b1df80e8be800cc94c8d8543e88ccc?s=96&d=mm&r=g\",\"contentUrl\":\"https:\/\/secure.gravatar.com\/avatar\/c2b1df80e8be800cc94c8d8543e88ccc?s=96&d=mm&r=g\",\"caption\":\"Aboubacar Bangoura\"},\"url\":\"https:\/\/guineediversite.com\/index.php\/author\/aboubacar\/\"}]}<\/script>\n<!-- \/ Yoast SEO plugin. -->","yoast_head_json":{"title":"La Miss Guin\u00e9e Belgique 2016 est \u00e0 Conakry pour son projet de lutte contre la mendicit\u00e9 enfantine | Guin\u00e9e Diversit\u00e9","robots":{"index":"index","follow":"follow","max-snippet":"max-snippet:-1","max-image-preview":"max-image-preview:large","max-video-preview":"max-video-preview:-1"},"canonical":"https:\/\/guineediversite.com\/index.php\/2017\/06\/29\/miss-guinee-belgique-2016-a-conakry-projet-de-lutte-contre-mendicite-enfantine\/","og_locale":"fr_FR","og_type":"article","og_title":"La Miss Guin\u00e9e Belgique 2016 est \u00e0 Conakry pour son projet de lutte contre la mendicit\u00e9 enfantine | Guin\u00e9e Diversit\u00e9","og_description":"La Miss Guin\u00e9e Belgique 2016, Kadiatou Diallo est \u00e0 Conakry depuis la nuit du mardi 27 juin. Un s\u00e9jour qui va dans le cadre de son projet de lutte contre la mendicit\u00e9 enfantine en Guin\u00e9e. En provenance de la Belgique, Kadiatou Diallo\u00a0a\u00a0expliqu\u00e9\u00a0le choix port\u00e9 sur les enfants :\u00a0\u00ab J&rsquo;ai choisi ce th\u00e8me suite \u00e0 un [&hellip;]","og_url":"https:\/\/guineediversite.com\/index.php\/2017\/06\/29\/miss-guinee-belgique-2016-a-conakry-projet-de-lutte-contre-mendicite-enfantine\/","og_site_name":"Guin\u00e9e Diversit\u00e9","article_publisher":"https:\/\/www.facebook.com\/guineediversite\/","article_published_time":"2017-06-29T06:05:21+00:00","article_modified_time":"2017-06-28T22:10:25+00:00","og_image":[{"width":2592,"height":1944,"url":"https:\/\/guineediversite.com\/wp-content\/uploads\/2017\/06\/SAM_0171.jpg","type":"image\/jpeg"}],"author":"Aboubacar Bangoura","twitter_card":"summary_large_image","twitter_creator":"@GuineeDiversite","twitter_site":"@GuineeDiversite","twitter_misc":{"\u00c9crit par":"Aboubacar Bangoura","Dur\u00e9e de lecture estim\u00e9e":"1 minute"},"schema":{"@context":"https:\/\/schema.org","@graph":[{"@type":"Article","@id":"https:\/\/guineediversite.com\/index.php\/2017\/06\/29\/miss-guinee-belgique-2016-a-conakry-projet-de-lutte-contre-mendicite-enfantine\/#article","isPartOf":{"@id":"https:\/\/guineediversite.com\/index.php\/2017\/06\/29\/miss-guinee-belgique-2016-a-conakry-projet-de-lutte-contre-mendicite-enfantine\/"},"author":{"name":"Aboubacar Bangoura","@id":"https:\/\/guineediversite.com\/#\/schema\/person\/5dedff72ab9d6646efe724485147238a"},"headline":"La Miss Guin\u00e9e Belgique 2016 est \u00e0 Conakry pour son projet de lutte contre la mendicit\u00e9 enfantine","datePublished":"2017-06-29T06:05:21+00:00","dateModified":"2017-06-28T22:10:25+00:00","mainEntityOfPage":{"@id":"https:\/\/guineediversite.com\/index.php\/2017\/06\/29\/miss-guinee-belgique-2016-a-conakry-projet-de-lutte-contre-mendicite-enfantine\/"},"wordCount":240,"commentCount":0,"publisher":{"@id":"https:\/\/guineediversite.com\/#organization"},"image":{"@id":"https:\/\/guineediversite.com\/index.php\/2017\/06\/29\/miss-guinee-belgique-2016-a-conakry-projet-de-lutte-contre-mendicite-enfantine\/#primaryimage"},"thumbnailUrl":"https:\/\/guineediversite.com\/wp-content\/uploads\/2017\/06\/SAM_0171.jpg","articleSection":["Soci\u00e9t\u00e9"],"inLanguage":"fr-FR","potentialAction":[{"@type":"CommentAction","name":"Comment","target":["https:\/\/guineediversite.com\/index.php\/2017\/06\/29\/miss-guinee-belgique-2016-a-conakry-projet-de-lutte-contre-mendicite-enfantine\/#respond"]}]},{"@type":"WebPage","@id":"https:\/\/guineediversite.com\/index.php\/2017\/06\/29\/miss-guinee-belgique-2016-a-conakry-projet-de-lutte-contre-mendicite-enfantine\/","url":"https:\/\/guineediversite.com\/index.php\/2017\/06\/29\/miss-guinee-belgique-2016-a-conakry-projet-de-lutte-contre-mendicite-enfantine\/","name":"La Miss Guin\u00e9e Belgique 2016 est \u00e0 Conakry pour son projet de lutte contre la mendicit\u00e9 enfantine | Guin\u00e9e Diversit\u00e9","isPartOf":{"@id":"https:\/\/guineediversite.com\/#website"},"primaryImageOfPage":{"@id":"https:\/\/guineediversite.com\/index.php\/2017\/06\/29\/miss-guinee-belgique-2016-a-conakry-projet-de-lutte-contre-mendicite-enfantine\/#primaryimage"},"image":{"@id":"https:\/\/guineediversite.com\/index.php\/2017\/06\/29\/miss-guinee-belgique-2016-a-conakry-projet-de-lutte-contre-mendicite-enfantine\/#primaryimage"},"thumbnailUrl":"https:\/\/guineediversite.com\/wp-content\/uploads\/2017\/06\/SAM_0171.jpg","datePublished":"2017-06-29T06:05:21+00:00","dateModified":"2017-06-28T22:10:25+00:00","breadcrumb":{"@id":"https:\/\/guineediversite.com\/index.php\/2017\/06\/29\/miss-guinee-belgique-2016-a-conakry-projet-de-lutte-contre-mendicite-enfantine\/#breadcrumb"},"inLanguage":"fr-FR","potentialAction":[{"@type":"ReadAction","target":["https:\/\/guineediversite.com\/index.php\/2017\/06\/29\/miss-guinee-belgique-2016-a-conakry-projet-de-lutte-contre-mendicite-enfantine\/"]}]},{"@type":"ImageObject","inLanguage":"fr-FR","@id":"https:\/\/guineediversite.com\/index.php\/2017\/06\/29\/miss-guinee-belgique-2016-a-conakry-projet-de-lutte-contre-mendicite-enfantine\/#primaryimage","url":"https:\/\/guineediversite.com\/wp-content\/uploads\/2017\/06\/SAM_0171.jpg","contentUrl":"https:\/\/guineediversite.com\/wp-content\/uploads\/2017\/06\/SAM_0171.jpg","width":2592,"height":1944},{"@type":"BreadcrumbList","@id":"https:\/\/guineediversite.com\/index.php\/2017\/06\/29\/miss-guinee-belgique-2016-a-conakry-projet-de-lutte-contre-mendicite-enfantine\/#breadcrumb","itemListElement":[{"@type":"ListItem","position":1,"name":"Accueil","item":"https:\/\/guineediversite.com\/"},{"@type":"ListItem","position":2,"name":"La Miss Guin\u00e9e Belgique 2016 est \u00e0 Conakry pour son projet de lutte contre la mendicit\u00e9 enfantine"}]},{"@type":"WebSite","@id":"https:\/\/guineediversite.com\/#website","url":"https:\/\/guineediversite.com\/","name":"Guin\u00e9e Diversit\u00e9","description":"L&#039;Info dans toute sa diversit\u00e9","publisher":{"@id":"https:\/\/guineediversite.com\/#organization"},"potentialAction":[{"@type":"SearchAction","target":{"@type":"EntryPoint","urlTemplate":"https:\/\/guineediversite.com\/?s={search_term_string}"},"query-input":{"@type":"PropertyValueSpecification","valueRequired":true,"valueName":"search_term_string"}}],"inLanguage":"fr-FR"},{"@type":"Organization","@id":"https:\/\/guineediversite.com\/#organization","name":"Guin\u00e9e Diversit\u00e9","url":"https:\/\/guineediversite.com\/","logo":{"@type":"ImageObject","inLanguage":"fr-FR","@id":"https:\/\/guineediversite.com\/#\/schema\/logo\/image\/","url":"https:\/\/guineediversite.com\/wp-content\/uploads\/2017\/04\/cropped-1jojlxEOMkX9Wyqfhe43D6kjPOGqBBKmx3EwWJqZ0cMrFF54yM49.png","contentUrl":"https:\/\/guineediversite.com\/wp-content\/uploads\/2017\/04\/cropped-1jojlxEOMkX9Wyqfhe43D6kjPOGqBBKmx3EwWJqZ0cMrFF54yM49.png","width":186,"height":112,"caption":"Guin\u00e9e Diversit\u00e9"},"image":{"@id":"https:\/\/guineediversite.com\/#\/schema\/logo\/image\/"},"sameAs":["https:\/\/www.facebook.com\/guineediversite\/","https:\/\/x.com\/GuineeDiversite","https:\/\/www.youtube.com\/channel\/UC8sUY16qelG5ge6_D5SB83g"]},{"@type":"Person","@id":"https:\/\/guineediversite.com\/#\/schema\/person\/5dedff72ab9d6646efe724485147238a","name":"Aboubacar Bangoura","image":{"@type":"ImageObject","inLanguage":"fr-FR","@id":"https:\/\/guineediversite.com\/#\/schema\/person\/image\/","url":"https:\/\/secure.gravatar.com\/avatar\/c2b1df80e8be800cc94c8d8543e88ccc?s=96&d=mm&r=g","contentUrl":"https:\/\/secure.gravatar.com\/avatar\/c2b1df80e8be800cc94c8d8543e88ccc?s=96&d=mm&r=g","caption":"Aboubacar Bangoura"},"url":"https:\/\/guineediversite.com\/index.php\/author\/aboubacar\/"}]}},"_links":{"self":[{"href":"https:\/\/guineediversite.com\/index.php\/wp-json\/wp\/v2\/posts\/20396"}],"collection":[{"href":"https:\/\/guineediversite.com\/index.php\/wp-json\/wp\/v2\/posts"}],"about":[{"href":"https:\/\/guineediversite.com\/index.php\/wp-json\/wp\/v2\/types\/post"}],"author":[{"embeddable":true,"href":"https:\/\/guineediversite.com\/index.php\/wp-json\/wp\/v2\/users\/8"}],"replies":[{"embeddable":true,"href":"https:\/\/guineediversite.com\/index.php\/wp-json\/wp\/v2\/comments?post=20396"}],"version-history":[{"count":0,"href":"https:\/\/guineediversite.com\/index.php\/wp-json\/wp\/v2\/posts\/20396\/revisions"}],"wp:featuredmedia":[{"embeddable":true,"href":"https:\/\/guineediversite.com\/index.php\/wp-json\/wp\/v2\/media\/20397"}],"wp:attachment":[{"href":"https:\/\/guineediversite.com\/index.php\/wp-json\/wp\/v2\/media?parent=20396"}],"wp:term":[{"taxonomy":"category","embeddable":true,"href":"https:\/\/guineediversite.com\/index.php\/wp-json\/wp\/v2\/categories?post=20396"},{"taxonomy":"post_tag","embeddable":true,"href":"https:\/\/guineediversite.com\/index.php\/wp-json\/wp\/v2\/tags?post=20396"}],"curies":[{"name":"wp","href":"https:\/\/api.w.org\/{rel}","templated":true}]}}