{"id":20382,"date":"2017-06-28T22:36:23","date_gmt":"2017-06-28T20:36:23","guid":{"rendered":"https:\/\/guineediversite.com\/?p=20382"},"modified":"2017-06-28T22:36:23","modified_gmt":"2017-06-28T20:36:23","slug":"sayon-bamba-double-album-cet-opus-etait-pret-ne-sois-nommee-a-lags","status":"publish","type":"post","link":"https:\/\/guineediversite.com\/index.php\/2017\/06\/28\/sayon-bamba-double-album-cet-opus-etait-pret-ne-sois-nommee-a-lags\/","title":{"rendered":"Sayon Bamba sur son double album : \u00ab Cet opus \u00e9tait pr\u00eat avant que je ne sois nomm\u00e9e \u00e0 l&rsquo;AGS\u00bb"},"content":{"rendered":"<p class=\"MsoNormal\"><strong><span id=\"p1\">Au cours d\u2019un entretien avec des hommes de m\u00e9dias, l\u2019artiste chanteuse et directrice g\u00e9n\u00e9rale de l\u2019Agence guin\u00e9enne de spectacle <span id=\"p0\">(<span id=\"18\">AGS<\/span>)<\/span>, Sayon <span id=\"20\">Bamba<\/span> <span id=\"21\">Camara,<\/span> a fait le point sur son double album \u00ab\u00a0<span id=\"22\">Gnogu\u00e9<\/span> <span id=\"23\">Tombo<\/span>\u00a0\u00bb et \u00ab\u00a0<span id=\"24\">Dougna<\/span>\u00ab\u00a0, dont la sortie officielle est pr\u00e9vue, le 15 juillet prochain dans la <span id=\"25\">salle<\/span> Malick Cond\u00e9 de l\u2019universit\u00e9 Koffi Annan \u00e0 Conakry.<\/span><\/strong><\/p>\n<p><span id=\"p63\">Selon Sayon <span id=\"78\" class=\"s-rg-t\">Bamba<\/span>, \u00ab\u00a0<span id=\"79\" class=\"s-rg-t\">Gnogu\u00e9<\/span> <span id=\"80\" class=\"s-rg-t\">Tombo<\/span>\u00a0\u00bb est un album de dix titres qui d\u00e9nonce, conscientise et appelle les citoyens \u00e0 la salubrit\u00e9.<\/span><span id=\"p64\"> L\u2019\u00e9criture de ce chef d\u2019\u0153uvre, dit-elle, vient d\u2019un constat de plusieurs ann\u00e9es.<\/span><\/p>\n<p><span id=\"p65\">\u00ab C\u2019est un album dans lequel, j\u2019ai livr\u00e9 des messages de sensibilisation \u00e0 des pauvres citoyens de mon pays natal pour une gestion responsable des ordures qui ne doit \u00eatre la responsabilit\u00e9 des autorit\u00e9s seulement.<\/span><span id=\"p66\"> Car il y a une nouvelle forme de poubelle qui est la d\u00e9ch\u00e8terie humaine, alors que les lieux appropri\u00e9s pour mettre des ordures sont indiqu\u00e9s\u00a0\u00bb, souligne-t-elle.<\/span><span id=\"p67\"> Sayon <span id=\"81\" class=\"s-rg-t\">Bamba<\/span> <span id=\"82\" class=\"s-rg-t\">d\u00e9nonnce<\/span> \u00e9galement \u00ab la d\u00e9mission des femmes qui ont choisi de sacrifier leurs enfants, en les installant sur les voies publiques.<\/span><span id=\"p68\">\u00bb Selon elle, la mendicit\u00e9 des enfants est une chose qui la touche beaucoup et qui l\u2019a d\u2019ailleurs pouss\u00e9 \u00e0 donner ce titre \u00e0 ce nouvel opus qui sortira le 15 juillet prochain \u00e0 Conakry.<\/span><span id=\"p69\">\u00a0\u00a0\u00ab \u00c9galement, on assiste \u00e0 une d\u00e9ch\u00e8terie dans la vie de couples.<\/span><span id=\"p96\"> Il y a plus d\u2019hommes qui tra\u00eenent dans les bars de nos jours, alors que leurs femmes se trouvent \u00e0 la maison \u00bb, mart\u00e8le l\u2019artiste.<\/span><\/p>\n<p><span id=\"p71\">\u00c0 en croire la directrice de l\u2019<span id=\"84\" class=\"s-rg-t\">AGS<\/span>, ce chef d\u2019\u0153uvre est le fruit d\u2019un travail de deux ans.<\/span><span id=\"p72\"> La d\u00e9dicace co\u00efncide au 20e anniversaire de sa carri\u00e8re dans la musique.<\/span><\/p>\n<p><span id=\"p73\">\u00ab Cet opus \u00e9tait pr\u00eat avant que je ne sois nomm\u00e9e \u00e0 la t\u00eate de l\u2019Agence guin\u00e9enne de Spectacle.<\/span><span id=\"p74\"> La premi\u00e8re date \u00e9tait fix\u00e9e le 3 f\u00e9vrier dernier, malheureusement cela a co\u00efncid\u00e9 \u00e0 ma prise de fonction pour diriger <span id=\"85\">\u00a0l<\/span>\u2019<span id=\"86\">AGS<\/span> \u00bb, a-t-elle d\u00e9clar\u00e9.<\/span><\/p>\n<p><span id=\"p75\">Parlant de \u00a0\u00bb <span id=\"87\" class=\"s-rg-t\">Dougna<\/span>\u00ab\u00a0, Sayon <span id=\"88\" class=\"s-rg-t\">Bamba<\/span>\u00a0a tout de m\u00eame pr\u00e9cis\u00e9 que cet album avait d\u00e9j\u00e0 \u00e9t\u00e9 d\u00e9dicac\u00e9 en Europe, avant de faire savoir ceci qu&rsquo; \u00ab en tant que femme et leader d\u2019opinion, dans cet album, je me suis attaqu\u00e9e \u00e0 l\u2019excision des enfants\u00a0et j\u2019ai aussi attir\u00e9 l\u2019attention des populations sur le droit des enfants, le devoir des parents et du respect de la dignit\u00e9 des femmes qui sont <span id=\"90\" class=\"s-rg-t\">viol\u00e9s<\/span> \u00e0 <span id=\"91\" class=\"s-rg-t\">tout<\/span>\u00a0moment\u00a0\u00bb<\/span><\/p>\n<p><span id=\"p76\">\u00c0 souligner que dans ce double album, il y a une forte pr\u00e9sence de la musique mandingue, histoire de rendre hommage \u00e0 la confr\u00e9rie des chasseurs de Guin\u00e9e.<\/span><span id=\"p77\"> Une fa\u00e7on, donc pour la chanteuse, de vendre la carte postale de son pays vers le monde entier.<\/span><\/p>\n<p class=\"MsoNormal\">\n<p class=\"MsoNormal\">\n<p class=\"MsoNormal\">\n<p class=\"MsoNormal\">\n<p>&nbsp;<\/p>\n<p class=\"MsoNormal\">\n","protected":false},"excerpt":{"rendered":"<p>Au cours d\u2019un entretien avec des hommes de m\u00e9dias, l\u2019artiste chanteuse et directrice g\u00e9n\u00e9rale de l\u2019Agence guin\u00e9enne de spectacle (AGS), Sayon Bamba Camara, a fait le point sur son double album \u00ab\u00a0Gnogu\u00e9 Tombo\u00a0\u00bb et \u00ab\u00a0Dougna\u00ab\u00a0, dont la sortie officielle est pr\u00e9vue, le 15 juillet prochain dans la salle Malick Cond\u00e9 de l\u2019universit\u00e9 Koffi Annan \u00e0 [&hellip;]<\/p>\n","protected":false},"author":9,"featured_media":20384,"comment_status":"open","ping_status":"open","sticky":false,"template":"","format":"standard","meta":{"_exactmetrics_skip_tracking":false,"_exactmetrics_sitenote_active":false,"_exactmetrics_sitenote_note":"","_exactmetrics_sitenote_category":0,"tdm_status":"","tdm_grid_status":"","footnotes":""},"categories":[24],"tags":[],"class_list":{"0":"post-20382","1":"post","2":"type-post","3":"status-publish","4":"format-standard","5":"has-post-thumbnail","7":"category-art-et-culture"},"yoast_head":"<!-- This site is optimized with the Yoast SEO plugin v24.2 - https:\/\/yoast.com\/wordpress\/plugins\/seo\/ -->\n<title>Sayon Bamba sur son double album : \u00ab Cet opus \u00e9tait pr\u00eat avant que je ne sois nomm\u00e9e \u00e0 l&#039;AGS\u00bb | Guin\u00e9e Diversit\u00e9<\/title>\n<meta name=\"robots\" content=\"index, follow, max-snippet:-1, max-image-preview:large, max-video-preview:-1\" \/>\n<link rel=\"canonical\" href=\"https:\/\/guineediversite.com\/index.php\/2017\/06\/28\/sayon-bamba-double-album-cet-opus-etait-pret-ne-sois-nommee-a-lags\/\" \/>\n<meta property=\"og:locale\" content=\"fr_FR\" \/>\n<meta property=\"og:type\" content=\"article\" \/>\n<meta property=\"og:title\" content=\"Sayon Bamba sur son double album : \u00ab Cet opus \u00e9tait pr\u00eat avant que je ne sois nomm\u00e9e \u00e0 l&#039;AGS\u00bb | Guin\u00e9e Diversit\u00e9\" \/>\n<meta property=\"og:description\" content=\"Au cours d\u2019un entretien avec des hommes de m\u00e9dias, l\u2019artiste chanteuse et directrice g\u00e9n\u00e9rale de l\u2019Agence guin\u00e9enne de spectacle (AGS), Sayon Bamba Camara, a fait le point sur son double album \u00ab\u00a0Gnogu\u00e9 Tombo\u00a0\u00bb et \u00ab\u00a0Dougna\u00ab\u00a0, dont la sortie officielle est pr\u00e9vue, le 15 juillet prochain dans la salle Malick Cond\u00e9 de l\u2019universit\u00e9 Koffi Annan \u00e0 [&hellip;]\" \/>\n<meta property=\"og:url\" content=\"https:\/\/guineediversite.com\/index.php\/2017\/06\/28\/sayon-bamba-double-album-cet-opus-etait-pret-ne-sois-nommee-a-lags\/\" \/>\n<meta property=\"og:site_name\" content=\"Guin\u00e9e Diversit\u00e9\" \/>\n<meta property=\"article:publisher\" content=\"https:\/\/www.facebook.com\/guineediversite\/\" \/>\n<meta property=\"article:published_time\" content=\"2017-06-28T20:36:23+00:00\" \/>\n<meta property=\"og:image\" content=\"https:\/\/guineediversite.com\/wp-content\/uploads\/2017\/06\/3eb56a365745f695a013967ac59cccd5.jpg\" \/>\n\t<meta property=\"og:image:width\" content=\"2584\" \/>\n\t<meta property=\"og:image:height\" content=\"2120\" \/>\n\t<meta property=\"og:image:type\" content=\"image\/jpeg\" \/>\n<meta name=\"author\" content=\"Mohamed Soumah\" \/>\n<meta name=\"twitter:card\" content=\"summary_large_image\" \/>\n<meta name=\"twitter:creator\" content=\"@GuineeDiversite\" \/>\n<meta name=\"twitter:site\" content=\"@GuineeDiversite\" \/>\n<meta name=\"twitter:label1\" content=\"\u00c9crit par\" \/>\n\t<meta name=\"twitter:data1\" content=\"Mohamed Soumah\" \/>\n\t<meta name=\"twitter:label2\" content=\"Dur\u00e9e de lecture estim\u00e9e\" \/>\n\t<meta name=\"twitter:data2\" content=\"2 minutes\" \/>\n<script type=\"application\/ld+json\" class=\"yoast-schema-graph\">{\"@context\":\"https:\/\/schema.org\",\"@graph\":[{\"@type\":\"Article\",\"@id\":\"https:\/\/guineediversite.com\/index.php\/2017\/06\/28\/sayon-bamba-double-album-cet-opus-etait-pret-ne-sois-nommee-a-lags\/#article\",\"isPartOf\":{\"@id\":\"https:\/\/guineediversite.com\/index.php\/2017\/06\/28\/sayon-bamba-double-album-cet-opus-etait-pret-ne-sois-nommee-a-lags\/\"},\"author\":{\"name\":\"Mohamed Soumah\",\"@id\":\"https:\/\/guineediversite.com\/#\/schema\/person\/6fd709a160384bf74b931ededf0856f3\"},\"headline\":\"Sayon Bamba sur son double album : \u00ab Cet opus \u00e9tait pr\u00eat avant que je ne sois nomm\u00e9e \u00e0 l&rsquo;AGS\u00bb\",\"datePublished\":\"2017-06-28T20:36:23+00:00\",\"dateModified\":\"2017-06-28T20:36:23+00:00\",\"mainEntityOfPage\":{\"@id\":\"https:\/\/guineediversite.com\/index.php\/2017\/06\/28\/sayon-bamba-double-album-cet-opus-etait-pret-ne-sois-nommee-a-lags\/\"},\"wordCount\":495,\"commentCount\":0,\"publisher\":{\"@id\":\"https:\/\/guineediversite.com\/#organization\"},\"image\":{\"@id\":\"https:\/\/guineediversite.com\/index.php\/2017\/06\/28\/sayon-bamba-double-album-cet-opus-etait-pret-ne-sois-nommee-a-lags\/#primaryimage\"},\"thumbnailUrl\":\"https:\/\/guineediversite.com\/wp-content\/uploads\/2017\/06\/3eb56a365745f695a013967ac59cccd5.jpg\",\"articleSection\":[\"Culture\"],\"inLanguage\":\"fr-FR\",\"potentialAction\":[{\"@type\":\"CommentAction\",\"name\":\"Comment\",\"target\":[\"https:\/\/guineediversite.com\/index.php\/2017\/06\/28\/sayon-bamba-double-album-cet-opus-etait-pret-ne-sois-nommee-a-lags\/#respond\"]}]},{\"@type\":\"WebPage\",\"@id\":\"https:\/\/guineediversite.com\/index.php\/2017\/06\/28\/sayon-bamba-double-album-cet-opus-etait-pret-ne-sois-nommee-a-lags\/\",\"url\":\"https:\/\/guineediversite.com\/index.php\/2017\/06\/28\/sayon-bamba-double-album-cet-opus-etait-pret-ne-sois-nommee-a-lags\/\",\"name\":\"Sayon Bamba sur son double album : \u00ab Cet opus \u00e9tait pr\u00eat avant que je ne sois nomm\u00e9e \u00e0 l'AGS\u00bb | Guin\u00e9e Diversit\u00e9\",\"isPartOf\":{\"@id\":\"https:\/\/guineediversite.com\/#website\"},\"primaryImageOfPage\":{\"@id\":\"https:\/\/guineediversite.com\/index.php\/2017\/06\/28\/sayon-bamba-double-album-cet-opus-etait-pret-ne-sois-nommee-a-lags\/#primaryimage\"},\"image\":{\"@id\":\"https:\/\/guineediversite.com\/index.php\/2017\/06\/28\/sayon-bamba-double-album-cet-opus-etait-pret-ne-sois-nommee-a-lags\/#primaryimage\"},\"thumbnailUrl\":\"https:\/\/guineediversite.com\/wp-content\/uploads\/2017\/06\/3eb56a365745f695a013967ac59cccd5.jpg\",\"datePublished\":\"2017-06-28T20:36:23+00:00\",\"dateModified\":\"2017-06-28T20:36:23+00:00\",\"breadcrumb\":{\"@id\":\"https:\/\/guineediversite.com\/index.php\/2017\/06\/28\/sayon-bamba-double-album-cet-opus-etait-pret-ne-sois-nommee-a-lags\/#breadcrumb\"},\"inLanguage\":\"fr-FR\",\"potentialAction\":[{\"@type\":\"ReadAction\",\"target\":[\"https:\/\/guineediversite.com\/index.php\/2017\/06\/28\/sayon-bamba-double-album-cet-opus-etait-pret-ne-sois-nommee-a-lags\/\"]}]},{\"@type\":\"ImageObject\",\"inLanguage\":\"fr-FR\",\"@id\":\"https:\/\/guineediversite.com\/index.php\/2017\/06\/28\/sayon-bamba-double-album-cet-opus-etait-pret-ne-sois-nommee-a-lags\/#primaryimage\",\"url\":\"https:\/\/guineediversite.com\/wp-content\/uploads\/2017\/06\/3eb56a365745f695a013967ac59cccd5.jpg\",\"contentUrl\":\"https:\/\/guineediversite.com\/wp-content\/uploads\/2017\/06\/3eb56a365745f695a013967ac59cccd5.jpg\",\"width\":2584,\"height\":2120},{\"@type\":\"BreadcrumbList\",\"@id\":\"https:\/\/guineediversite.com\/index.php\/2017\/06\/28\/sayon-bamba-double-album-cet-opus-etait-pret-ne-sois-nommee-a-lags\/#breadcrumb\",\"itemListElement\":[{\"@type\":\"ListItem\",\"position\":1,\"name\":\"Accueil\",\"item\":\"https:\/\/guineediversite.com\/\"},{\"@type\":\"ListItem\",\"position\":2,\"name\":\"Sayon Bamba sur son double album : \u00ab Cet opus \u00e9tait pr\u00eat avant que je ne sois nomm\u00e9e \u00e0 l&rsquo;AGS\u00bb\"}]},{\"@type\":\"WebSite\",\"@id\":\"https:\/\/guineediversite.com\/#website\",\"url\":\"https:\/\/guineediversite.com\/\",\"name\":\"Guin\u00e9e Diversit\u00e9\",\"description\":\"L&#039;Info dans toute sa diversit\u00e9\",\"publisher\":{\"@id\":\"https:\/\/guineediversite.com\/#organization\"},\"potentialAction\":[{\"@type\":\"SearchAction\",\"target\":{\"@type\":\"EntryPoint\",\"urlTemplate\":\"https:\/\/guineediversite.com\/?s={search_term_string}\"},\"query-input\":{\"@type\":\"PropertyValueSpecification\",\"valueRequired\":true,\"valueName\":\"search_term_string\"}}],\"inLanguage\":\"fr-FR\"},{\"@type\":\"Organization\",\"@id\":\"https:\/\/guineediversite.com\/#organization\",\"name\":\"Guin\u00e9e Diversit\u00e9\",\"url\":\"https:\/\/guineediversite.com\/\",\"logo\":{\"@type\":\"ImageObject\",\"inLanguage\":\"fr-FR\",\"@id\":\"https:\/\/guineediversite.com\/#\/schema\/logo\/image\/\",\"url\":\"https:\/\/guineediversite.com\/wp-content\/uploads\/2017\/04\/cropped-1jojlxEOMkX9Wyqfhe43D6kjPOGqBBKmx3EwWJqZ0cMrFF54yM49.png\",\"contentUrl\":\"https:\/\/guineediversite.com\/wp-content\/uploads\/2017\/04\/cropped-1jojlxEOMkX9Wyqfhe43D6kjPOGqBBKmx3EwWJqZ0cMrFF54yM49.png\",\"width\":186,\"height\":112,\"caption\":\"Guin\u00e9e Diversit\u00e9\"},\"image\":{\"@id\":\"https:\/\/guineediversite.com\/#\/schema\/logo\/image\/\"},\"sameAs\":[\"https:\/\/www.facebook.com\/guineediversite\/\",\"https:\/\/x.com\/GuineeDiversite\",\"https:\/\/www.youtube.com\/channel\/UC8sUY16qelG5ge6_D5SB83g\"]},{\"@type\":\"Person\",\"@id\":\"https:\/\/guineediversite.com\/#\/schema\/person\/6fd709a160384bf74b931ededf0856f3\",\"name\":\"Mohamed Soumah\",\"image\":{\"@type\":\"ImageObject\",\"inLanguage\":\"fr-FR\",\"@id\":\"https:\/\/guineediversite.com\/#\/schema\/person\/image\/\",\"url\":\"https:\/\/secure.gravatar.com\/avatar\/4c1e00b5ab2c2b85b5c9be70590b9f67?s=96&d=mm&r=g\",\"contentUrl\":\"https:\/\/secure.gravatar.com\/avatar\/4c1e00b5ab2c2b85b5c9be70590b9f67?s=96&d=mm&r=g\",\"caption\":\"Mohamed Soumah\"},\"url\":\"https:\/\/guineediversite.com\/index.php\/author\/mohamed\/\"}]}<\/script>\n<!-- \/ Yoast SEO plugin. -->","yoast_head_json":{"title":"Sayon Bamba sur son double album : \u00ab Cet opus \u00e9tait pr\u00eat avant que je ne sois nomm\u00e9e \u00e0 l'AGS\u00bb | Guin\u00e9e Diversit\u00e9","robots":{"index":"index","follow":"follow","max-snippet":"max-snippet:-1","max-image-preview":"max-image-preview:large","max-video-preview":"max-video-preview:-1"},"canonical":"https:\/\/guineediversite.com\/index.php\/2017\/06\/28\/sayon-bamba-double-album-cet-opus-etait-pret-ne-sois-nommee-a-lags\/","og_locale":"fr_FR","og_type":"article","og_title":"Sayon Bamba sur son double album : \u00ab Cet opus \u00e9tait pr\u00eat avant que je ne sois nomm\u00e9e \u00e0 l'AGS\u00bb | Guin\u00e9e Diversit\u00e9","og_description":"Au cours d\u2019un entretien avec des hommes de m\u00e9dias, l\u2019artiste chanteuse et directrice g\u00e9n\u00e9rale de l\u2019Agence guin\u00e9enne de spectacle (AGS), Sayon Bamba Camara, a fait le point sur son double album \u00ab\u00a0Gnogu\u00e9 Tombo\u00a0\u00bb et \u00ab\u00a0Dougna\u00ab\u00a0, dont la sortie officielle est pr\u00e9vue, le 15 juillet prochain dans la salle Malick Cond\u00e9 de l\u2019universit\u00e9 Koffi Annan \u00e0 [&hellip;]","og_url":"https:\/\/guineediversite.com\/index.php\/2017\/06\/28\/sayon-bamba-double-album-cet-opus-etait-pret-ne-sois-nommee-a-lags\/","og_site_name":"Guin\u00e9e Diversit\u00e9","article_publisher":"https:\/\/www.facebook.com\/guineediversite\/","article_published_time":"2017-06-28T20:36:23+00:00","og_image":[{"width":2584,"height":2120,"url":"https:\/\/guineediversite.com\/wp-content\/uploads\/2017\/06\/3eb56a365745f695a013967ac59cccd5.jpg","type":"image\/jpeg"}],"author":"Mohamed Soumah","twitter_card":"summary_large_image","twitter_creator":"@GuineeDiversite","twitter_site":"@GuineeDiversite","twitter_misc":{"\u00c9crit par":"Mohamed Soumah","Dur\u00e9e de lecture estim\u00e9e":"2 minutes"},"schema":{"@context":"https:\/\/schema.org","@graph":[{"@type":"Article","@id":"https:\/\/guineediversite.com\/index.php\/2017\/06\/28\/sayon-bamba-double-album-cet-opus-etait-pret-ne-sois-nommee-a-lags\/#article","isPartOf":{"@id":"https:\/\/guineediversite.com\/index.php\/2017\/06\/28\/sayon-bamba-double-album-cet-opus-etait-pret-ne-sois-nommee-a-lags\/"},"author":{"name":"Mohamed Soumah","@id":"https:\/\/guineediversite.com\/#\/schema\/person\/6fd709a160384bf74b931ededf0856f3"},"headline":"Sayon Bamba sur son double album : \u00ab Cet opus \u00e9tait pr\u00eat avant que je ne sois nomm\u00e9e \u00e0 l&rsquo;AGS\u00bb","datePublished":"2017-06-28T20:36:23+00:00","dateModified":"2017-06-28T20:36:23+00:00","mainEntityOfPage":{"@id":"https:\/\/guineediversite.com\/index.php\/2017\/06\/28\/sayon-bamba-double-album-cet-opus-etait-pret-ne-sois-nommee-a-lags\/"},"wordCount":495,"commentCount":0,"publisher":{"@id":"https:\/\/guineediversite.com\/#organization"},"image":{"@id":"https:\/\/guineediversite.com\/index.php\/2017\/06\/28\/sayon-bamba-double-album-cet-opus-etait-pret-ne-sois-nommee-a-lags\/#primaryimage"},"thumbnailUrl":"https:\/\/guineediversite.com\/wp-content\/uploads\/2017\/06\/3eb56a365745f695a013967ac59cccd5.jpg","articleSection":["Culture"],"inLanguage":"fr-FR","potentialAction":[{"@type":"CommentAction","name":"Comment","target":["https:\/\/guineediversite.com\/index.php\/2017\/06\/28\/sayon-bamba-double-album-cet-opus-etait-pret-ne-sois-nommee-a-lags\/#respond"]}]},{"@type":"WebPage","@id":"https:\/\/guineediversite.com\/index.php\/2017\/06\/28\/sayon-bamba-double-album-cet-opus-etait-pret-ne-sois-nommee-a-lags\/","url":"https:\/\/guineediversite.com\/index.php\/2017\/06\/28\/sayon-bamba-double-album-cet-opus-etait-pret-ne-sois-nommee-a-lags\/","name":"Sayon Bamba sur son double album : \u00ab Cet opus \u00e9tait pr\u00eat avant que je ne sois nomm\u00e9e \u00e0 l'AGS\u00bb | Guin\u00e9e Diversit\u00e9","isPartOf":{"@id":"https:\/\/guineediversite.com\/#website"},"primaryImageOfPage":{"@id":"https:\/\/guineediversite.com\/index.php\/2017\/06\/28\/sayon-bamba-double-album-cet-opus-etait-pret-ne-sois-nommee-a-lags\/#primaryimage"},"image":{"@id":"https:\/\/guineediversite.com\/index.php\/2017\/06\/28\/sayon-bamba-double-album-cet-opus-etait-pret-ne-sois-nommee-a-lags\/#primaryimage"},"thumbnailUrl":"https:\/\/guineediversite.com\/wp-content\/uploads\/2017\/06\/3eb56a365745f695a013967ac59cccd5.jpg","datePublished":"2017-06-28T20:36:23+00:00","dateModified":"2017-06-28T20:36:23+00:00","breadcrumb":{"@id":"https:\/\/guineediversite.com\/index.php\/2017\/06\/28\/sayon-bamba-double-album-cet-opus-etait-pret-ne-sois-nommee-a-lags\/#breadcrumb"},"inLanguage":"fr-FR","potentialAction":[{"@type":"ReadAction","target":["https:\/\/guineediversite.com\/index.php\/2017\/06\/28\/sayon-bamba-double-album-cet-opus-etait-pret-ne-sois-nommee-a-lags\/"]}]},{"@type":"ImageObject","inLanguage":"fr-FR","@id":"https:\/\/guineediversite.com\/index.php\/2017\/06\/28\/sayon-bamba-double-album-cet-opus-etait-pret-ne-sois-nommee-a-lags\/#primaryimage","url":"https:\/\/guineediversite.com\/wp-content\/uploads\/2017\/06\/3eb56a365745f695a013967ac59cccd5.jpg","contentUrl":"https:\/\/guineediversite.com\/wp-content\/uploads\/2017\/06\/3eb56a365745f695a013967ac59cccd5.jpg","width":2584,"height":2120},{"@type":"BreadcrumbList","@id":"https:\/\/guineediversite.com\/index.php\/2017\/06\/28\/sayon-bamba-double-album-cet-opus-etait-pret-ne-sois-nommee-a-lags\/#breadcrumb","itemListElement":[{"@type":"ListItem","position":1,"name":"Accueil","item":"https:\/\/guineediversite.com\/"},{"@type":"ListItem","position":2,"name":"Sayon Bamba sur son double album : \u00ab Cet opus \u00e9tait pr\u00eat avant que je ne sois nomm\u00e9e \u00e0 l&rsquo;AGS\u00bb"}]},{"@type":"WebSite","@id":"https:\/\/guineediversite.com\/#website","url":"https:\/\/guineediversite.com\/","name":"Guin\u00e9e Diversit\u00e9","description":"L&#039;Info dans toute sa diversit\u00e9","publisher":{"@id":"https:\/\/guineediversite.com\/#organization"},"potentialAction":[{"@type":"SearchAction","target":{"@type":"EntryPoint","urlTemplate":"https:\/\/guineediversite.com\/?s={search_term_string}"},"query-input":{"@type":"PropertyValueSpecification","valueRequired":true,"valueName":"search_term_string"}}],"inLanguage":"fr-FR"},{"@type":"Organization","@id":"https:\/\/guineediversite.com\/#organization","name":"Guin\u00e9e Diversit\u00e9","url":"https:\/\/guineediversite.com\/","logo":{"@type":"ImageObject","inLanguage":"fr-FR","@id":"https:\/\/guineediversite.com\/#\/schema\/logo\/image\/","url":"https:\/\/guineediversite.com\/wp-content\/uploads\/2017\/04\/cropped-1jojlxEOMkX9Wyqfhe43D6kjPOGqBBKmx3EwWJqZ0cMrFF54yM49.png","contentUrl":"https:\/\/guineediversite.com\/wp-content\/uploads\/2017\/04\/cropped-1jojlxEOMkX9Wyqfhe43D6kjPOGqBBKmx3EwWJqZ0cMrFF54yM49.png","width":186,"height":112,"caption":"Guin\u00e9e Diversit\u00e9"},"image":{"@id":"https:\/\/guineediversite.com\/#\/schema\/logo\/image\/"},"sameAs":["https:\/\/www.facebook.com\/guineediversite\/","https:\/\/x.com\/GuineeDiversite","https:\/\/www.youtube.com\/channel\/UC8sUY16qelG5ge6_D5SB83g"]},{"@type":"Person","@id":"https:\/\/guineediversite.com\/#\/schema\/person\/6fd709a160384bf74b931ededf0856f3","name":"Mohamed Soumah","image":{"@type":"ImageObject","inLanguage":"fr-FR","@id":"https:\/\/guineediversite.com\/#\/schema\/person\/image\/","url":"https:\/\/secure.gravatar.com\/avatar\/4c1e00b5ab2c2b85b5c9be70590b9f67?s=96&d=mm&r=g","contentUrl":"https:\/\/secure.gravatar.com\/avatar\/4c1e00b5ab2c2b85b5c9be70590b9f67?s=96&d=mm&r=g","caption":"Mohamed Soumah"},"url":"https:\/\/guineediversite.com\/index.php\/author\/mohamed\/"}]}},"_links":{"self":[{"href":"https:\/\/guineediversite.com\/index.php\/wp-json\/wp\/v2\/posts\/20382"}],"collection":[{"href":"https:\/\/guineediversite.com\/index.php\/wp-json\/wp\/v2\/posts"}],"about":[{"href":"https:\/\/guineediversite.com\/index.php\/wp-json\/wp\/v2\/types\/post"}],"author":[{"embeddable":true,"href":"https:\/\/guineediversite.com\/index.php\/wp-json\/wp\/v2\/users\/9"}],"replies":[{"embeddable":true,"href":"https:\/\/guineediversite.com\/index.php\/wp-json\/wp\/v2\/comments?post=20382"}],"version-history":[{"count":0,"href":"https:\/\/guineediversite.com\/index.php\/wp-json\/wp\/v2\/posts\/20382\/revisions"}],"wp:featuredmedia":[{"embeddable":true,"href":"https:\/\/guineediversite.com\/index.php\/wp-json\/wp\/v2\/media\/20384"}],"wp:attachment":[{"href":"https:\/\/guineediversite.com\/index.php\/wp-json\/wp\/v2\/media?parent=20382"}],"wp:term":[{"taxonomy":"category","embeddable":true,"href":"https:\/\/guineediversite.com\/index.php\/wp-json\/wp\/v2\/categories?post=20382"},{"taxonomy":"post_tag","embeddable":true,"href":"https:\/\/guineediversite.com\/index.php\/wp-json\/wp\/v2\/tags?post=20382"}],"curies":[{"name":"wp","href":"https:\/\/api.w.org\/{rel}","templated":true}]}}