{"id":20370,"date":"2017-06-27T16:46:54","date_gmt":"2017-06-27T14:46:54","guid":{"rendered":"https:\/\/guineediversite.com\/?p=20370"},"modified":"2017-06-27T16:46:54","modified_gmt":"2017-06-27T14:46:54","slug":"eid-al-fitr-a-conakry-el-hadj-mamadou-saliou-camara-preche-respect-de-loi","status":"publish","type":"post","link":"https:\/\/guineediversite.com\/index.php\/2017\/06\/27\/eid-al-fitr-a-conakry-el-hadj-mamadou-saliou-camara-preche-respect-de-loi\/","title":{"rendered":"Eid Al-fitr \u00e0 Conakry : El hadj Mamadou Saliou Camara pr\u00eache le respect de la loi"},"content":{"rendered":"<p class=\"MsoNormal\"><strong><span id=\"p37\">Le dimanche 25 juin dernier, la Guin\u00e9e a l\u2019instar de plusieurs pays du monde a c\u00e9l\u00e9br\u00e9 la fin du mois saint de ramadan.<\/span><span id=\"p73\"> Les fid\u00e8les musulmans se sont donc rendus dans des mosqu\u00e9es ou places publiques pour accomplir leur devoir religieux.<\/span><\/strong><\/p>\n<p><span id=\"p39\">C&rsquo;est le premier <span id=\"53\" class=\"s-rg-t\">Imam<\/span> de la grande mosqu\u00e9e Fay\u00e7al de Conakry qui a dirig\u00e9 la pri\u00e8re dans la cour du palais <span id=\"54\" class=\"s-rg-t\">S\u00e9khoutoureya<\/span>, en pr\u00e9sence du pr\u00e9sident Alpha Cond\u00e9, du Premier ministre <span id=\"56\" class=\"s-rg-t\">Mamady<\/span> <span id=\"57\" class=\"s-rg-t\">Youla<\/span> et plusieurs membres du gouvernement.<\/span><\/p>\n<p><span id=\"p40\">Face aux hauts commis de l\u2019\u00c9tat, <span id=\"59\" class=\"s-rg-t\">El<\/span> hadj Mamadou <span id=\"60\" class=\"s-rg-t\">Saliou<\/span> <span id=\"61\" class=\"s-rg-t\">Camara<\/span> a dans son sermon mis un accent particulier sur l\u2019application de la loi, l\u2019indiscipline des chauffeurs qui occasionnent des cas d\u2019accidents dans le pays et le comportement des policiers sur les routes de la capitale et de l\u2019int\u00e9rieur du pays.<\/span><span id=\"p41\"> \u00a0<\/span><\/p>\n<p><span id=\"p42\">\u00ab\u00a0Nous sommes confront\u00e9s \u00e0 trop de probl\u00e8mes dans le pays, parce que la loi n\u2019est pas appliqu\u00e9e dans sa rigueur.<\/span><span id=\"p74\"> Il y a trop d\u2019accidents sur nos routes dues \u00e0 l\u2019indiscipline des chauffeurs, au ph\u00e9nom\u00e8ne de surcharge sans oublier l\u2019absence des agents de s\u00e9curit\u00e9 sur les routes\u00a0\u00bb, a-t-il d\u00e9clar\u00e9.<\/span><\/p>\n<p><span id=\"p44\">Et de poursuivre\u00a0:<\/span><span id=\"p75\"> \u00ab\u00a0Nous constatons maintenant que les policiers et gendarmes sont domin\u00e9s par l\u2019argent et ne jouent plus leurs r\u00f4les r\u00e9galiens.<\/span><span id=\"p46\"> Ils ne font que demander de l\u2019argent aux chauffeurs m\u00eame s\u2019ils ne sont pas dans les normes.<\/span><span id=\"p47\"> Je demande aussi aux populations de respecter nos agents de s\u00e9curit\u00e9\u00a0\u00bb.<\/span><\/p>\n<p><span id=\"p48\">En effet, le premier <span id=\"67\" class=\"s-rg-t\">Imam<\/span> de la grande mosqu\u00e9e de Conakry, estime que la loi doit \u00eatre respect\u00e9e et que les services charg\u00e9s de son application doivent aussi faire une application stricte\u00a0de celle-ci.<\/span><span id=\"p49\">\u00a0<\/span><\/p>\n<p><span id=\"p51\">\u00c0 souligner qu&rsquo;<span id=\"70\">Elhadj<\/span> Mamadou <span id=\"71\">Saliou<\/span> <span id=\"72\">Camara<\/span> et ses pairs continuent \u00e0 pr\u00eacher les messages de paix, de l\u2019unit\u00e9 et de concorde aux Guin\u00e9ens, tout en oubliant de faire cas sur l\u2019\u00e9tat d\u00e9labr\u00e9 de la plus grande mosqu\u00e9e de la r\u00e9publique de Guin\u00e9e <span id=\"p76\">(mosqu\u00e9e Fay\u00e7al)<\/span><\/span><\/p>\n<p class=\"MsoNormal\"><span style=\"font-size: 12.0pt; line-height: 115%;\">\u00a0<\/span><\/p>\n","protected":false},"excerpt":{"rendered":"<p>Le dimanche 25 juin dernier, la Guin\u00e9e a l\u2019instar de plusieurs pays du monde a c\u00e9l\u00e9br\u00e9 la fin du mois saint de ramadan. Les fid\u00e8les musulmans se sont donc rendus dans des mosqu\u00e9es ou places publiques pour accomplir leur devoir religieux. C&rsquo;est le premier Imam de la grande mosqu\u00e9e Fay\u00e7al de Conakry qui a dirig\u00e9 [&hellip;]<\/p>\n","protected":false},"author":9,"featured_media":20369,"comment_status":"open","ping_status":"open","sticky":false,"template":"","format":"standard","meta":{"_exactmetrics_skip_tracking":false,"_exactmetrics_sitenote_active":false,"_exactmetrics_sitenote_note":"","_exactmetrics_sitenote_category":0,"tdm_status":"","tdm_grid_status":"","footnotes":""},"categories":[16],"tags":[],"class_list":{"0":"post-20370","1":"post","2":"type-post","3":"status-publish","4":"format-standard","5":"has-post-thumbnail","7":"category-societe"},"yoast_head":"<!-- This site is optimized with the Yoast SEO plugin v24.2 - https:\/\/yoast.com\/wordpress\/plugins\/seo\/ -->\n<title>Eid Al-fitr \u00e0 Conakry : El hadj Mamadou Saliou Camara pr\u00eache le respect de la loi | Guin\u00e9e Diversit\u00e9<\/title>\n<meta name=\"robots\" content=\"index, follow, max-snippet:-1, max-image-preview:large, max-video-preview:-1\" \/>\n<link rel=\"canonical\" href=\"https:\/\/guineediversite.com\/index.php\/2017\/06\/27\/eid-al-fitr-a-conakry-el-hadj-mamadou-saliou-camara-preche-respect-de-loi\/\" \/>\n<meta property=\"og:locale\" content=\"fr_FR\" \/>\n<meta property=\"og:type\" content=\"article\" \/>\n<meta property=\"og:title\" content=\"Eid Al-fitr \u00e0 Conakry : El hadj Mamadou Saliou Camara pr\u00eache le respect de la loi | Guin\u00e9e Diversit\u00e9\" \/>\n<meta property=\"og:description\" content=\"Le dimanche 25 juin dernier, la Guin\u00e9e a l\u2019instar de plusieurs pays du monde a c\u00e9l\u00e9br\u00e9 la fin du mois saint de ramadan. Les fid\u00e8les musulmans se sont donc rendus dans des mosqu\u00e9es ou places publiques pour accomplir leur devoir religieux. C&rsquo;est le premier Imam de la grande mosqu\u00e9e Fay\u00e7al de Conakry qui a dirig\u00e9 [&hellip;]\" \/>\n<meta property=\"og:url\" content=\"https:\/\/guineediversite.com\/index.php\/2017\/06\/27\/eid-al-fitr-a-conakry-el-hadj-mamadou-saliou-camara-preche-respect-de-loi\/\" \/>\n<meta property=\"og:site_name\" content=\"Guin\u00e9e Diversit\u00e9\" \/>\n<meta property=\"article:publisher\" content=\"https:\/\/www.facebook.com\/guineediversite\/\" \/>\n<meta property=\"article:published_time\" content=\"2017-06-27T14:46:54+00:00\" \/>\n<meta property=\"og:image\" content=\"https:\/\/guineediversite.com\/wp-content\/uploads\/2017\/06\/el-hadj-mdou-saliou-cmra.jpg\" \/>\n\t<meta property=\"og:image:width\" content=\"1280\" \/>\n\t<meta property=\"og:image:height\" content=\"720\" \/>\n\t<meta property=\"og:image:type\" content=\"image\/jpeg\" \/>\n<meta name=\"author\" content=\"Mohamed Soumah\" \/>\n<meta name=\"twitter:card\" content=\"summary_large_image\" \/>\n<meta name=\"twitter:creator\" content=\"@GuineeDiversite\" \/>\n<meta name=\"twitter:site\" content=\"@GuineeDiversite\" \/>\n<meta name=\"twitter:label1\" content=\"\u00c9crit par\" \/>\n\t<meta name=\"twitter:data1\" content=\"Mohamed Soumah\" \/>\n\t<meta name=\"twitter:label2\" content=\"Dur\u00e9e de lecture estim\u00e9e\" \/>\n\t<meta name=\"twitter:data2\" content=\"2 minutes\" \/>\n<script type=\"application\/ld+json\" class=\"yoast-schema-graph\">{\"@context\":\"https:\/\/schema.org\",\"@graph\":[{\"@type\":\"Article\",\"@id\":\"https:\/\/guineediversite.com\/index.php\/2017\/06\/27\/eid-al-fitr-a-conakry-el-hadj-mamadou-saliou-camara-preche-respect-de-loi\/#article\",\"isPartOf\":{\"@id\":\"https:\/\/guineediversite.com\/index.php\/2017\/06\/27\/eid-al-fitr-a-conakry-el-hadj-mamadou-saliou-camara-preche-respect-de-loi\/\"},\"author\":{\"name\":\"Mohamed Soumah\",\"@id\":\"https:\/\/guineediversite.com\/#\/schema\/person\/6fd709a160384bf74b931ededf0856f3\"},\"headline\":\"Eid Al-fitr \u00e0 Conakry : El hadj Mamadou Saliou Camara pr\u00eache le respect de la loi\",\"datePublished\":\"2017-06-27T14:46:54+00:00\",\"dateModified\":\"2017-06-27T14:46:54+00:00\",\"mainEntityOfPage\":{\"@id\":\"https:\/\/guineediversite.com\/index.php\/2017\/06\/27\/eid-al-fitr-a-conakry-el-hadj-mamadou-saliou-camara-preche-respect-de-loi\/\"},\"wordCount\":369,\"commentCount\":0,\"publisher\":{\"@id\":\"https:\/\/guineediversite.com\/#organization\"},\"image\":{\"@id\":\"https:\/\/guineediversite.com\/index.php\/2017\/06\/27\/eid-al-fitr-a-conakry-el-hadj-mamadou-saliou-camara-preche-respect-de-loi\/#primaryimage\"},\"thumbnailUrl\":\"https:\/\/guineediversite.com\/wp-content\/uploads\/2017\/06\/el-hadj-mdou-saliou-cmra.jpg\",\"articleSection\":[\"Soci\u00e9t\u00e9\"],\"inLanguage\":\"fr-FR\",\"potentialAction\":[{\"@type\":\"CommentAction\",\"name\":\"Comment\",\"target\":[\"https:\/\/guineediversite.com\/index.php\/2017\/06\/27\/eid-al-fitr-a-conakry-el-hadj-mamadou-saliou-camara-preche-respect-de-loi\/#respond\"]}]},{\"@type\":\"WebPage\",\"@id\":\"https:\/\/guineediversite.com\/index.php\/2017\/06\/27\/eid-al-fitr-a-conakry-el-hadj-mamadou-saliou-camara-preche-respect-de-loi\/\",\"url\":\"https:\/\/guineediversite.com\/index.php\/2017\/06\/27\/eid-al-fitr-a-conakry-el-hadj-mamadou-saliou-camara-preche-respect-de-loi\/\",\"name\":\"Eid Al-fitr \u00e0 Conakry : El hadj Mamadou Saliou Camara pr\u00eache le respect de la loi | Guin\u00e9e Diversit\u00e9\",\"isPartOf\":{\"@id\":\"https:\/\/guineediversite.com\/#website\"},\"primaryImageOfPage\":{\"@id\":\"https:\/\/guineediversite.com\/index.php\/2017\/06\/27\/eid-al-fitr-a-conakry-el-hadj-mamadou-saliou-camara-preche-respect-de-loi\/#primaryimage\"},\"image\":{\"@id\":\"https:\/\/guineediversite.com\/index.php\/2017\/06\/27\/eid-al-fitr-a-conakry-el-hadj-mamadou-saliou-camara-preche-respect-de-loi\/#primaryimage\"},\"thumbnailUrl\":\"https:\/\/guineediversite.com\/wp-content\/uploads\/2017\/06\/el-hadj-mdou-saliou-cmra.jpg\",\"datePublished\":\"2017-06-27T14:46:54+00:00\",\"dateModified\":\"2017-06-27T14:46:54+00:00\",\"breadcrumb\":{\"@id\":\"https:\/\/guineediversite.com\/index.php\/2017\/06\/27\/eid-al-fitr-a-conakry-el-hadj-mamadou-saliou-camara-preche-respect-de-loi\/#breadcrumb\"},\"inLanguage\":\"fr-FR\",\"potentialAction\":[{\"@type\":\"ReadAction\",\"target\":[\"https:\/\/guineediversite.com\/index.php\/2017\/06\/27\/eid-al-fitr-a-conakry-el-hadj-mamadou-saliou-camara-preche-respect-de-loi\/\"]}]},{\"@type\":\"ImageObject\",\"inLanguage\":\"fr-FR\",\"@id\":\"https:\/\/guineediversite.com\/index.php\/2017\/06\/27\/eid-al-fitr-a-conakry-el-hadj-mamadou-saliou-camara-preche-respect-de-loi\/#primaryimage\",\"url\":\"https:\/\/guineediversite.com\/wp-content\/uploads\/2017\/06\/el-hadj-mdou-saliou-cmra.jpg\",\"contentUrl\":\"https:\/\/guineediversite.com\/wp-content\/uploads\/2017\/06\/el-hadj-mdou-saliou-cmra.jpg\",\"width\":1280,\"height\":720,\"caption\":\"el hadj mdou saliou cmra\"},{\"@type\":\"BreadcrumbList\",\"@id\":\"https:\/\/guineediversite.com\/index.php\/2017\/06\/27\/eid-al-fitr-a-conakry-el-hadj-mamadou-saliou-camara-preche-respect-de-loi\/#breadcrumb\",\"itemListElement\":[{\"@type\":\"ListItem\",\"position\":1,\"name\":\"Accueil\",\"item\":\"https:\/\/guineediversite.com\/\"},{\"@type\":\"ListItem\",\"position\":2,\"name\":\"Eid Al-fitr \u00e0 Conakry : El hadj Mamadou Saliou Camara pr\u00eache le respect de la loi\"}]},{\"@type\":\"WebSite\",\"@id\":\"https:\/\/guineediversite.com\/#website\",\"url\":\"https:\/\/guineediversite.com\/\",\"name\":\"Guin\u00e9e Diversit\u00e9\",\"description\":\"L&#039;Info dans toute sa diversit\u00e9\",\"publisher\":{\"@id\":\"https:\/\/guineediversite.com\/#organization\"},\"potentialAction\":[{\"@type\":\"SearchAction\",\"target\":{\"@type\":\"EntryPoint\",\"urlTemplate\":\"https:\/\/guineediversite.com\/?s={search_term_string}\"},\"query-input\":{\"@type\":\"PropertyValueSpecification\",\"valueRequired\":true,\"valueName\":\"search_term_string\"}}],\"inLanguage\":\"fr-FR\"},{\"@type\":\"Organization\",\"@id\":\"https:\/\/guineediversite.com\/#organization\",\"name\":\"Guin\u00e9e Diversit\u00e9\",\"url\":\"https:\/\/guineediversite.com\/\",\"logo\":{\"@type\":\"ImageObject\",\"inLanguage\":\"fr-FR\",\"@id\":\"https:\/\/guineediversite.com\/#\/schema\/logo\/image\/\",\"url\":\"https:\/\/guineediversite.com\/wp-content\/uploads\/2017\/04\/cropped-1jojlxEOMkX9Wyqfhe43D6kjPOGqBBKmx3EwWJqZ0cMrFF54yM49.png\",\"contentUrl\":\"https:\/\/guineediversite.com\/wp-content\/uploads\/2017\/04\/cropped-1jojlxEOMkX9Wyqfhe43D6kjPOGqBBKmx3EwWJqZ0cMrFF54yM49.png\",\"width\":186,\"height\":112,\"caption\":\"Guin\u00e9e Diversit\u00e9\"},\"image\":{\"@id\":\"https:\/\/guineediversite.com\/#\/schema\/logo\/image\/\"},\"sameAs\":[\"https:\/\/www.facebook.com\/guineediversite\/\",\"https:\/\/x.com\/GuineeDiversite\",\"https:\/\/www.youtube.com\/channel\/UC8sUY16qelG5ge6_D5SB83g\"]},{\"@type\":\"Person\",\"@id\":\"https:\/\/guineediversite.com\/#\/schema\/person\/6fd709a160384bf74b931ededf0856f3\",\"name\":\"Mohamed Soumah\",\"image\":{\"@type\":\"ImageObject\",\"inLanguage\":\"fr-FR\",\"@id\":\"https:\/\/guineediversite.com\/#\/schema\/person\/image\/\",\"url\":\"https:\/\/secure.gravatar.com\/avatar\/4c1e00b5ab2c2b85b5c9be70590b9f67?s=96&d=mm&r=g\",\"contentUrl\":\"https:\/\/secure.gravatar.com\/avatar\/4c1e00b5ab2c2b85b5c9be70590b9f67?s=96&d=mm&r=g\",\"caption\":\"Mohamed Soumah\"},\"url\":\"https:\/\/guineediversite.com\/index.php\/author\/mohamed\/\"}]}<\/script>\n<!-- \/ Yoast SEO plugin. -->","yoast_head_json":{"title":"Eid Al-fitr \u00e0 Conakry : El hadj Mamadou Saliou Camara pr\u00eache le respect de la loi | Guin\u00e9e Diversit\u00e9","robots":{"index":"index","follow":"follow","max-snippet":"max-snippet:-1","max-image-preview":"max-image-preview:large","max-video-preview":"max-video-preview:-1"},"canonical":"https:\/\/guineediversite.com\/index.php\/2017\/06\/27\/eid-al-fitr-a-conakry-el-hadj-mamadou-saliou-camara-preche-respect-de-loi\/","og_locale":"fr_FR","og_type":"article","og_title":"Eid Al-fitr \u00e0 Conakry : El hadj Mamadou Saliou Camara pr\u00eache le respect de la loi | Guin\u00e9e Diversit\u00e9","og_description":"Le dimanche 25 juin dernier, la Guin\u00e9e a l\u2019instar de plusieurs pays du monde a c\u00e9l\u00e9br\u00e9 la fin du mois saint de ramadan. Les fid\u00e8les musulmans se sont donc rendus dans des mosqu\u00e9es ou places publiques pour accomplir leur devoir religieux. C&rsquo;est le premier Imam de la grande mosqu\u00e9e Fay\u00e7al de Conakry qui a dirig\u00e9 [&hellip;]","og_url":"https:\/\/guineediversite.com\/index.php\/2017\/06\/27\/eid-al-fitr-a-conakry-el-hadj-mamadou-saliou-camara-preche-respect-de-loi\/","og_site_name":"Guin\u00e9e Diversit\u00e9","article_publisher":"https:\/\/www.facebook.com\/guineediversite\/","article_published_time":"2017-06-27T14:46:54+00:00","og_image":[{"width":1280,"height":720,"url":"https:\/\/guineediversite.com\/wp-content\/uploads\/2017\/06\/el-hadj-mdou-saliou-cmra.jpg","type":"image\/jpeg"}],"author":"Mohamed Soumah","twitter_card":"summary_large_image","twitter_creator":"@GuineeDiversite","twitter_site":"@GuineeDiversite","twitter_misc":{"\u00c9crit par":"Mohamed Soumah","Dur\u00e9e de lecture estim\u00e9e":"2 minutes"},"schema":{"@context":"https:\/\/schema.org","@graph":[{"@type":"Article","@id":"https:\/\/guineediversite.com\/index.php\/2017\/06\/27\/eid-al-fitr-a-conakry-el-hadj-mamadou-saliou-camara-preche-respect-de-loi\/#article","isPartOf":{"@id":"https:\/\/guineediversite.com\/index.php\/2017\/06\/27\/eid-al-fitr-a-conakry-el-hadj-mamadou-saliou-camara-preche-respect-de-loi\/"},"author":{"name":"Mohamed Soumah","@id":"https:\/\/guineediversite.com\/#\/schema\/person\/6fd709a160384bf74b931ededf0856f3"},"headline":"Eid Al-fitr \u00e0 Conakry : El hadj Mamadou Saliou Camara pr\u00eache le respect de la loi","datePublished":"2017-06-27T14:46:54+00:00","dateModified":"2017-06-27T14:46:54+00:00","mainEntityOfPage":{"@id":"https:\/\/guineediversite.com\/index.php\/2017\/06\/27\/eid-al-fitr-a-conakry-el-hadj-mamadou-saliou-camara-preche-respect-de-loi\/"},"wordCount":369,"commentCount":0,"publisher":{"@id":"https:\/\/guineediversite.com\/#organization"},"image":{"@id":"https:\/\/guineediversite.com\/index.php\/2017\/06\/27\/eid-al-fitr-a-conakry-el-hadj-mamadou-saliou-camara-preche-respect-de-loi\/#primaryimage"},"thumbnailUrl":"https:\/\/guineediversite.com\/wp-content\/uploads\/2017\/06\/el-hadj-mdou-saliou-cmra.jpg","articleSection":["Soci\u00e9t\u00e9"],"inLanguage":"fr-FR","potentialAction":[{"@type":"CommentAction","name":"Comment","target":["https:\/\/guineediversite.com\/index.php\/2017\/06\/27\/eid-al-fitr-a-conakry-el-hadj-mamadou-saliou-camara-preche-respect-de-loi\/#respond"]}]},{"@type":"WebPage","@id":"https:\/\/guineediversite.com\/index.php\/2017\/06\/27\/eid-al-fitr-a-conakry-el-hadj-mamadou-saliou-camara-preche-respect-de-loi\/","url":"https:\/\/guineediversite.com\/index.php\/2017\/06\/27\/eid-al-fitr-a-conakry-el-hadj-mamadou-saliou-camara-preche-respect-de-loi\/","name":"Eid Al-fitr \u00e0 Conakry : El hadj Mamadou Saliou Camara pr\u00eache le respect de la loi | Guin\u00e9e Diversit\u00e9","isPartOf":{"@id":"https:\/\/guineediversite.com\/#website"},"primaryImageOfPage":{"@id":"https:\/\/guineediversite.com\/index.php\/2017\/06\/27\/eid-al-fitr-a-conakry-el-hadj-mamadou-saliou-camara-preche-respect-de-loi\/#primaryimage"},"image":{"@id":"https:\/\/guineediversite.com\/index.php\/2017\/06\/27\/eid-al-fitr-a-conakry-el-hadj-mamadou-saliou-camara-preche-respect-de-loi\/#primaryimage"},"thumbnailUrl":"https:\/\/guineediversite.com\/wp-content\/uploads\/2017\/06\/el-hadj-mdou-saliou-cmra.jpg","datePublished":"2017-06-27T14:46:54+00:00","dateModified":"2017-06-27T14:46:54+00:00","breadcrumb":{"@id":"https:\/\/guineediversite.com\/index.php\/2017\/06\/27\/eid-al-fitr-a-conakry-el-hadj-mamadou-saliou-camara-preche-respect-de-loi\/#breadcrumb"},"inLanguage":"fr-FR","potentialAction":[{"@type":"ReadAction","target":["https:\/\/guineediversite.com\/index.php\/2017\/06\/27\/eid-al-fitr-a-conakry-el-hadj-mamadou-saliou-camara-preche-respect-de-loi\/"]}]},{"@type":"ImageObject","inLanguage":"fr-FR","@id":"https:\/\/guineediversite.com\/index.php\/2017\/06\/27\/eid-al-fitr-a-conakry-el-hadj-mamadou-saliou-camara-preche-respect-de-loi\/#primaryimage","url":"https:\/\/guineediversite.com\/wp-content\/uploads\/2017\/06\/el-hadj-mdou-saliou-cmra.jpg","contentUrl":"https:\/\/guineediversite.com\/wp-content\/uploads\/2017\/06\/el-hadj-mdou-saliou-cmra.jpg","width":1280,"height":720,"caption":"el hadj mdou saliou cmra"},{"@type":"BreadcrumbList","@id":"https:\/\/guineediversite.com\/index.php\/2017\/06\/27\/eid-al-fitr-a-conakry-el-hadj-mamadou-saliou-camara-preche-respect-de-loi\/#breadcrumb","itemListElement":[{"@type":"ListItem","position":1,"name":"Accueil","item":"https:\/\/guineediversite.com\/"},{"@type":"ListItem","position":2,"name":"Eid Al-fitr \u00e0 Conakry : El hadj Mamadou Saliou Camara pr\u00eache le respect de la loi"}]},{"@type":"WebSite","@id":"https:\/\/guineediversite.com\/#website","url":"https:\/\/guineediversite.com\/","name":"Guin\u00e9e Diversit\u00e9","description":"L&#039;Info dans toute sa diversit\u00e9","publisher":{"@id":"https:\/\/guineediversite.com\/#organization"},"potentialAction":[{"@type":"SearchAction","target":{"@type":"EntryPoint","urlTemplate":"https:\/\/guineediversite.com\/?s={search_term_string}"},"query-input":{"@type":"PropertyValueSpecification","valueRequired":true,"valueName":"search_term_string"}}],"inLanguage":"fr-FR"},{"@type":"Organization","@id":"https:\/\/guineediversite.com\/#organization","name":"Guin\u00e9e Diversit\u00e9","url":"https:\/\/guineediversite.com\/","logo":{"@type":"ImageObject","inLanguage":"fr-FR","@id":"https:\/\/guineediversite.com\/#\/schema\/logo\/image\/","url":"https:\/\/guineediversite.com\/wp-content\/uploads\/2017\/04\/cropped-1jojlxEOMkX9Wyqfhe43D6kjPOGqBBKmx3EwWJqZ0cMrFF54yM49.png","contentUrl":"https:\/\/guineediversite.com\/wp-content\/uploads\/2017\/04\/cropped-1jojlxEOMkX9Wyqfhe43D6kjPOGqBBKmx3EwWJqZ0cMrFF54yM49.png","width":186,"height":112,"caption":"Guin\u00e9e Diversit\u00e9"},"image":{"@id":"https:\/\/guineediversite.com\/#\/schema\/logo\/image\/"},"sameAs":["https:\/\/www.facebook.com\/guineediversite\/","https:\/\/x.com\/GuineeDiversite","https:\/\/www.youtube.com\/channel\/UC8sUY16qelG5ge6_D5SB83g"]},{"@type":"Person","@id":"https:\/\/guineediversite.com\/#\/schema\/person\/6fd709a160384bf74b931ededf0856f3","name":"Mohamed Soumah","image":{"@type":"ImageObject","inLanguage":"fr-FR","@id":"https:\/\/guineediversite.com\/#\/schema\/person\/image\/","url":"https:\/\/secure.gravatar.com\/avatar\/4c1e00b5ab2c2b85b5c9be70590b9f67?s=96&d=mm&r=g","contentUrl":"https:\/\/secure.gravatar.com\/avatar\/4c1e00b5ab2c2b85b5c9be70590b9f67?s=96&d=mm&r=g","caption":"Mohamed Soumah"},"url":"https:\/\/guineediversite.com\/index.php\/author\/mohamed\/"}]}},"_links":{"self":[{"href":"https:\/\/guineediversite.com\/index.php\/wp-json\/wp\/v2\/posts\/20370"}],"collection":[{"href":"https:\/\/guineediversite.com\/index.php\/wp-json\/wp\/v2\/posts"}],"about":[{"href":"https:\/\/guineediversite.com\/index.php\/wp-json\/wp\/v2\/types\/post"}],"author":[{"embeddable":true,"href":"https:\/\/guineediversite.com\/index.php\/wp-json\/wp\/v2\/users\/9"}],"replies":[{"embeddable":true,"href":"https:\/\/guineediversite.com\/index.php\/wp-json\/wp\/v2\/comments?post=20370"}],"version-history":[{"count":0,"href":"https:\/\/guineediversite.com\/index.php\/wp-json\/wp\/v2\/posts\/20370\/revisions"}],"wp:featuredmedia":[{"embeddable":true,"href":"https:\/\/guineediversite.com\/index.php\/wp-json\/wp\/v2\/media\/20369"}],"wp:attachment":[{"href":"https:\/\/guineediversite.com\/index.php\/wp-json\/wp\/v2\/media?parent=20370"}],"wp:term":[{"taxonomy":"category","embeddable":true,"href":"https:\/\/guineediversite.com\/index.php\/wp-json\/wp\/v2\/categories?post=20370"},{"taxonomy":"post_tag","embeddable":true,"href":"https:\/\/guineediversite.com\/index.php\/wp-json\/wp\/v2\/tags?post=20370"}],"curies":[{"name":"wp","href":"https:\/\/api.w.org\/{rel}","templated":true}]}}