{"id":20368,"date":"2017-06-27T17:04:36","date_gmt":"2017-06-27T15:04:36","guid":{"rendered":"https:\/\/guineediversite.com\/?p=20368"},"modified":"2017-06-27T17:04:36","modified_gmt":"2017-06-27T15:04:36","slug":"fete-de-ramandan-police-routiere-bilan","status":"publish","type":"post","link":"https:\/\/guineediversite.com\/index.php\/2017\/06\/27\/fete-de-ramandan-police-routiere-bilan\/","title":{"rendered":"F\u00eate de Ramandan : La police routi\u00e8re fait le bilan"},"content":{"rendered":"<p><strong><span id=\"p83\">Au cours d\u2019un entretien, le directeur r\u00e9gional de la police de Conakry et porte-parole du minist\u00e8re de la S\u00e9curit\u00e9 est revenu sur le dispositif s\u00e9curitaire mis en place par la police nationale au niveau des diff\u00e9rents carrefours, \u00e0 l\u2019occasion de la c\u00e9l\u00e9bration de la f\u00eate \u00a0de Ramadan, qui a \u00e9t\u00e9 c\u00e9l\u00e9br\u00e9e le week-end dernier.<\/span><\/strong><\/p>\n<p><span id=\"p130\">\u00ab\u00a0Nous avons re\u00e7u des instructions fermes \u00e9manant du ministre d\u2019\u00c9tat, le ministre de la S\u00e9curit\u00e9 qui nous a instruits de mettre un dispositif pour que la f\u00eate se passe dans les conditions les meilleures.<\/span><span id=\"p85\"> C\u2019est ce que nous avons eu \u00e0 faire en rapport avec la direction nationale de la s\u00e9curit\u00e9 routi\u00e8re et l\u2019ensemble des commissariats centraux avec l\u2019appui de la direction nationale des unit\u00e9s d\u2019intervention.<\/span><span id=\"p86\"> Nous avons donc proc\u00e9d\u00e9 au renforcement du dispositif classique\u00a0\u00bb, a fait entendre Boubacar <span id=\"117\">Kass\u00e9<\/span>.<\/span><\/p>\n<p><strong>Un bilan satisfaisant par rapport aux ann\u00e9es pr\u00e9c\u00e9dentes\u00a0<\/strong><\/p>\n<p><span id=\"p131\">\u00ab\u00a0L\u2018ann\u00e9e derni\u00e8re par exemple, c\u2019\u00e9tait 6 accidents de circulation avec 4 bless\u00e9s graves.<\/span><span id=\"p90\"> Pour cette ann\u00e9e, c\u2019est deux accidents enregistr\u00e9s dans les communes de <span id=\"120\" class=\"s-rg-t\">Matam<\/span> et de <span id=\"121\" class=\"s-rg-t\">Matoto<\/span>.<\/span><span id=\"p91\"> \u00c0 <span id=\"123\" class=\"s-rg-t\">Matam<\/span>, c\u2019est au niveau de la corniche de <span id=\"124\" class=\"s-rg-t\">Boussoura<\/span> o\u00f9 il y a eu une collision entre une voiture et une moto.<\/span><span id=\"p92\"> Un accident\u00e9 grave qui a \u00e9t\u00e9 transport\u00e9 pour des soins \u00e0 l\u2019h\u00f4pital <span id=\"125\">Donka<\/span>.<\/span><span id=\"p93\"> Le second accident, c\u2019est \u00e0 <span id=\"127\" class=\"s-rg-t\">Matoto<\/span> o\u00f9 il y a eu un carambolage entre trois v\u00e9hicules et une moto.<\/span><span id=\"p133\"> \u00c0 ce niveau, il y a eu deux bless\u00e9s graves qui ont \u00e9t\u00e9 transport\u00e9s \u00e0 l\u2019h\u00f4pital.<\/span><span id=\"p95\"> Nous n\u2019avons heureusement pas enregistr\u00e9 de cas de d\u00e9c\u00e8s.<\/span><span id=\"p132\"> \u00c0 l\u2019int\u00e9rieur du pays, nous n\u2019avons aucun cas d\u2019accident jusqu\u2019au moment o\u00f9 nous vous parlons\u00a0\u00bb, a-t-il expliqu\u00e9.<\/span><\/p>\n<p><span id=\"p97\">Et de poursuivre\u00a0:<\/span><span id=\"p98\"> \u00ab\u00a0Il faut saluer nos hommes qui malgr\u00e9 la pluie \u00e9taient sur le terrain en train de travailler.<\/span><span id=\"p99\"> Les unit\u00e9s d\u2019intervention, les agents qui ont \u00e9t\u00e9 d\u00e9ploy\u00e9s au niveau des carrefours tr\u00e8s sensibles \u00e0 Conakry.<\/span><span id=\"p100\"> Nous-m\u00eames, nous avons sillonn\u00e9 la ville pour contr\u00f4ler l\u2019efficacit\u00e9 de ce dispositif.<\/span><span id=\"p101\"> Je pense que c\u2019est un soulagement pour nous.<\/span><span id=\"p102\"> Nous disons heureusement que le conseil ou l\u2019invite que nous avons eu \u00e0 faire aupr\u00e8s des usagers pour privil\u00e9gier le civisme, pour faire en sorte qu\u2019ils puissent ralentir les vitesses et donner la priorit\u00e9 surtout aux enfants qui vont d\u00e9ferler sur la voie publique a \u00e9t\u00e9 suivi.<\/span><span id=\"p134\"> Surtout au niveau de la route Le Prince, on a d\u00e9ploy\u00e9 beaucoup d\u2019agents pour essayer d\u2019aider les enfants \u00e0 traverser\u00a0\u00bb.<\/span><\/p>\n<p><span id=\"p104\">Pour terminer, Boubacar <span id=\"111\">Kass\u00e9<\/span>\u00a0rappelle que <\/span><span id=\"p105\"><span id=\"112\">ce<\/span> n\u2019est pas seulement au cours des f\u00eates que les citoyens doivent adopter ce comportement.<\/span><span id=\"p106\">\u00a0<\/span>\u00ab Il faudrait que ce soit un comportement civique.<span id=\"p107\"> Il faudrait que nous changions vraiment nos fa\u00e7ons de nous comporter sur la voie publique.<\/span><span id=\"p135\"> D\u2019abord, nous arrivons difficilement \u00e0 g\u00e9rer les carrefours.<\/span><span id=\"p136\"> Il faudrait bien que si les agents vous rappellent \u00e0 l\u2019ordre pour vous dire d\u2019\u00eatre dans les rangs, de ne pas d\u00e9bo\u00eeter \u00bb dit-il.<\/span><\/p>\n<p class=\"MsoNormal\">\n<p class=\"MsoNormal\">\n","protected":false},"excerpt":{"rendered":"<p>Au cours d\u2019un entretien, le directeur r\u00e9gional de la police de Conakry et porte-parole du minist\u00e8re de la S\u00e9curit\u00e9 est revenu sur le dispositif s\u00e9curitaire mis en place par la police nationale au niveau des diff\u00e9rents carrefours, \u00e0 l\u2019occasion de la c\u00e9l\u00e9bration de la f\u00eate \u00a0de Ramadan, qui a \u00e9t\u00e9 c\u00e9l\u00e9br\u00e9e le week-end dernier. \u00ab\u00a0Nous [&hellip;]<\/p>\n","protected":false},"author":9,"featured_media":20367,"comment_status":"open","ping_status":"open","sticky":false,"template":"","format":"standard","meta":{"_exactmetrics_skip_tracking":false,"_exactmetrics_sitenote_active":false,"_exactmetrics_sitenote_note":"","_exactmetrics_sitenote_category":0,"tdm_status":"","tdm_grid_status":"","footnotes":""},"categories":[16],"tags":[],"class_list":{"0":"post-20368","1":"post","2":"type-post","3":"status-publish","4":"format-standard","5":"has-post-thumbnail","7":"category-societe"},"yoast_head":"<!-- This site is optimized with the Yoast SEO plugin v24.2 - https:\/\/yoast.com\/wordpress\/plugins\/seo\/ -->\n<title>F\u00eate de Ramandan : La police routi\u00e8re fait le bilan | Guin\u00e9e Diversit\u00e9<\/title>\n<meta name=\"robots\" content=\"index, follow, max-snippet:-1, max-image-preview:large, max-video-preview:-1\" \/>\n<link rel=\"canonical\" href=\"https:\/\/guineediversite.com\/index.php\/2017\/06\/27\/fete-de-ramandan-police-routiere-bilan\/\" \/>\n<meta property=\"og:locale\" content=\"fr_FR\" \/>\n<meta property=\"og:type\" content=\"article\" \/>\n<meta property=\"og:title\" content=\"F\u00eate de Ramandan : La police routi\u00e8re fait le bilan | Guin\u00e9e Diversit\u00e9\" \/>\n<meta property=\"og:description\" content=\"Au cours d\u2019un entretien, le directeur r\u00e9gional de la police de Conakry et porte-parole du minist\u00e8re de la S\u00e9curit\u00e9 est revenu sur le dispositif s\u00e9curitaire mis en place par la police nationale au niveau des diff\u00e9rents carrefours, \u00e0 l\u2019occasion de la c\u00e9l\u00e9bration de la f\u00eate \u00a0de Ramadan, qui a \u00e9t\u00e9 c\u00e9l\u00e9br\u00e9e le week-end dernier. \u00ab\u00a0Nous [&hellip;]\" \/>\n<meta property=\"og:url\" content=\"https:\/\/guineediversite.com\/index.php\/2017\/06\/27\/fete-de-ramandan-police-routiere-bilan\/\" \/>\n<meta property=\"og:site_name\" content=\"Guin\u00e9e Diversit\u00e9\" \/>\n<meta property=\"article:publisher\" content=\"https:\/\/www.facebook.com\/guineediversite\/\" \/>\n<meta property=\"article:published_time\" content=\"2017-06-27T15:04:36+00:00\" \/>\n<meta property=\"og:image\" content=\"https:\/\/guineediversite.com\/wp-content\/uploads\/2017\/06\/kasse-1.jpg\" \/>\n\t<meta property=\"og:image:width\" content=\"470\" \/>\n\t<meta property=\"og:image:height\" content=\"354\" \/>\n\t<meta property=\"og:image:type\" content=\"image\/jpeg\" \/>\n<meta name=\"author\" content=\"Mohamed Soumah\" \/>\n<meta name=\"twitter:card\" content=\"summary_large_image\" \/>\n<meta name=\"twitter:creator\" content=\"@GuineeDiversite\" \/>\n<meta name=\"twitter:site\" content=\"@GuineeDiversite\" \/>\n<meta name=\"twitter:label1\" content=\"\u00c9crit par\" \/>\n\t<meta name=\"twitter:data1\" content=\"Mohamed Soumah\" \/>\n\t<meta name=\"twitter:label2\" content=\"Dur\u00e9e de lecture estim\u00e9e\" \/>\n\t<meta name=\"twitter:data2\" content=\"3 minutes\" \/>\n<script type=\"application\/ld+json\" class=\"yoast-schema-graph\">{\"@context\":\"https:\/\/schema.org\",\"@graph\":[{\"@type\":\"Article\",\"@id\":\"https:\/\/guineediversite.com\/index.php\/2017\/06\/27\/fete-de-ramandan-police-routiere-bilan\/#article\",\"isPartOf\":{\"@id\":\"https:\/\/guineediversite.com\/index.php\/2017\/06\/27\/fete-de-ramandan-police-routiere-bilan\/\"},\"author\":{\"name\":\"Mohamed Soumah\",\"@id\":\"https:\/\/guineediversite.com\/#\/schema\/person\/6fd709a160384bf74b931ededf0856f3\"},\"headline\":\"F\u00eate de Ramandan : La police routi\u00e8re fait le bilan\",\"datePublished\":\"2017-06-27T15:04:36+00:00\",\"dateModified\":\"2017-06-27T15:04:36+00:00\",\"mainEntityOfPage\":{\"@id\":\"https:\/\/guineediversite.com\/index.php\/2017\/06\/27\/fete-de-ramandan-police-routiere-bilan\/\"},\"wordCount\":541,\"commentCount\":0,\"publisher\":{\"@id\":\"https:\/\/guineediversite.com\/#organization\"},\"image\":{\"@id\":\"https:\/\/guineediversite.com\/index.php\/2017\/06\/27\/fete-de-ramandan-police-routiere-bilan\/#primaryimage\"},\"thumbnailUrl\":\"https:\/\/guineediversite.com\/wp-content\/uploads\/2017\/06\/kasse-1.jpg\",\"articleSection\":[\"Soci\u00e9t\u00e9\"],\"inLanguage\":\"fr-FR\",\"potentialAction\":[{\"@type\":\"CommentAction\",\"name\":\"Comment\",\"target\":[\"https:\/\/guineediversite.com\/index.php\/2017\/06\/27\/fete-de-ramandan-police-routiere-bilan\/#respond\"]}]},{\"@type\":\"WebPage\",\"@id\":\"https:\/\/guineediversite.com\/index.php\/2017\/06\/27\/fete-de-ramandan-police-routiere-bilan\/\",\"url\":\"https:\/\/guineediversite.com\/index.php\/2017\/06\/27\/fete-de-ramandan-police-routiere-bilan\/\",\"name\":\"F\u00eate de Ramandan : La police routi\u00e8re fait le bilan | Guin\u00e9e Diversit\u00e9\",\"isPartOf\":{\"@id\":\"https:\/\/guineediversite.com\/#website\"},\"primaryImageOfPage\":{\"@id\":\"https:\/\/guineediversite.com\/index.php\/2017\/06\/27\/fete-de-ramandan-police-routiere-bilan\/#primaryimage\"},\"image\":{\"@id\":\"https:\/\/guineediversite.com\/index.php\/2017\/06\/27\/fete-de-ramandan-police-routiere-bilan\/#primaryimage\"},\"thumbnailUrl\":\"https:\/\/guineediversite.com\/wp-content\/uploads\/2017\/06\/kasse-1.jpg\",\"datePublished\":\"2017-06-27T15:04:36+00:00\",\"dateModified\":\"2017-06-27T15:04:36+00:00\",\"breadcrumb\":{\"@id\":\"https:\/\/guineediversite.com\/index.php\/2017\/06\/27\/fete-de-ramandan-police-routiere-bilan\/#breadcrumb\"},\"inLanguage\":\"fr-FR\",\"potentialAction\":[{\"@type\":\"ReadAction\",\"target\":[\"https:\/\/guineediversite.com\/index.php\/2017\/06\/27\/fete-de-ramandan-police-routiere-bilan\/\"]}]},{\"@type\":\"ImageObject\",\"inLanguage\":\"fr-FR\",\"@id\":\"https:\/\/guineediversite.com\/index.php\/2017\/06\/27\/fete-de-ramandan-police-routiere-bilan\/#primaryimage\",\"url\":\"https:\/\/guineediversite.com\/wp-content\/uploads\/2017\/06\/kasse-1.jpg\",\"contentUrl\":\"https:\/\/guineediversite.com\/wp-content\/uploads\/2017\/06\/kasse-1.jpg\",\"width\":470,\"height\":354,\"caption\":\"kasse\"},{\"@type\":\"BreadcrumbList\",\"@id\":\"https:\/\/guineediversite.com\/index.php\/2017\/06\/27\/fete-de-ramandan-police-routiere-bilan\/#breadcrumb\",\"itemListElement\":[{\"@type\":\"ListItem\",\"position\":1,\"name\":\"Accueil\",\"item\":\"https:\/\/guineediversite.com\/\"},{\"@type\":\"ListItem\",\"position\":2,\"name\":\"F\u00eate de Ramandan : La police routi\u00e8re fait le bilan\"}]},{\"@type\":\"WebSite\",\"@id\":\"https:\/\/guineediversite.com\/#website\",\"url\":\"https:\/\/guineediversite.com\/\",\"name\":\"Guin\u00e9e Diversit\u00e9\",\"description\":\"L&#039;Info dans toute sa diversit\u00e9\",\"publisher\":{\"@id\":\"https:\/\/guineediversite.com\/#organization\"},\"potentialAction\":[{\"@type\":\"SearchAction\",\"target\":{\"@type\":\"EntryPoint\",\"urlTemplate\":\"https:\/\/guineediversite.com\/?s={search_term_string}\"},\"query-input\":{\"@type\":\"PropertyValueSpecification\",\"valueRequired\":true,\"valueName\":\"search_term_string\"}}],\"inLanguage\":\"fr-FR\"},{\"@type\":\"Organization\",\"@id\":\"https:\/\/guineediversite.com\/#organization\",\"name\":\"Guin\u00e9e Diversit\u00e9\",\"url\":\"https:\/\/guineediversite.com\/\",\"logo\":{\"@type\":\"ImageObject\",\"inLanguage\":\"fr-FR\",\"@id\":\"https:\/\/guineediversite.com\/#\/schema\/logo\/image\/\",\"url\":\"https:\/\/guineediversite.com\/wp-content\/uploads\/2017\/04\/cropped-1jojlxEOMkX9Wyqfhe43D6kjPOGqBBKmx3EwWJqZ0cMrFF54yM49.png\",\"contentUrl\":\"https:\/\/guineediversite.com\/wp-content\/uploads\/2017\/04\/cropped-1jojlxEOMkX9Wyqfhe43D6kjPOGqBBKmx3EwWJqZ0cMrFF54yM49.png\",\"width\":186,\"height\":112,\"caption\":\"Guin\u00e9e Diversit\u00e9\"},\"image\":{\"@id\":\"https:\/\/guineediversite.com\/#\/schema\/logo\/image\/\"},\"sameAs\":[\"https:\/\/www.facebook.com\/guineediversite\/\",\"https:\/\/x.com\/GuineeDiversite\",\"https:\/\/www.youtube.com\/channel\/UC8sUY16qelG5ge6_D5SB83g\"]},{\"@type\":\"Person\",\"@id\":\"https:\/\/guineediversite.com\/#\/schema\/person\/6fd709a160384bf74b931ededf0856f3\",\"name\":\"Mohamed Soumah\",\"image\":{\"@type\":\"ImageObject\",\"inLanguage\":\"fr-FR\",\"@id\":\"https:\/\/guineediversite.com\/#\/schema\/person\/image\/\",\"url\":\"https:\/\/secure.gravatar.com\/avatar\/4c1e00b5ab2c2b85b5c9be70590b9f67?s=96&d=mm&r=g\",\"contentUrl\":\"https:\/\/secure.gravatar.com\/avatar\/4c1e00b5ab2c2b85b5c9be70590b9f67?s=96&d=mm&r=g\",\"caption\":\"Mohamed Soumah\"},\"url\":\"https:\/\/guineediversite.com\/index.php\/author\/mohamed\/\"}]}<\/script>\n<!-- \/ Yoast SEO plugin. -->","yoast_head_json":{"title":"F\u00eate de Ramandan : La police routi\u00e8re fait le bilan | Guin\u00e9e Diversit\u00e9","robots":{"index":"index","follow":"follow","max-snippet":"max-snippet:-1","max-image-preview":"max-image-preview:large","max-video-preview":"max-video-preview:-1"},"canonical":"https:\/\/guineediversite.com\/index.php\/2017\/06\/27\/fete-de-ramandan-police-routiere-bilan\/","og_locale":"fr_FR","og_type":"article","og_title":"F\u00eate de Ramandan : La police routi\u00e8re fait le bilan | Guin\u00e9e Diversit\u00e9","og_description":"Au cours d\u2019un entretien, le directeur r\u00e9gional de la police de Conakry et porte-parole du minist\u00e8re de la S\u00e9curit\u00e9 est revenu sur le dispositif s\u00e9curitaire mis en place par la police nationale au niveau des diff\u00e9rents carrefours, \u00e0 l\u2019occasion de la c\u00e9l\u00e9bration de la f\u00eate \u00a0de Ramadan, qui a \u00e9t\u00e9 c\u00e9l\u00e9br\u00e9e le week-end dernier. \u00ab\u00a0Nous [&hellip;]","og_url":"https:\/\/guineediversite.com\/index.php\/2017\/06\/27\/fete-de-ramandan-police-routiere-bilan\/","og_site_name":"Guin\u00e9e Diversit\u00e9","article_publisher":"https:\/\/www.facebook.com\/guineediversite\/","article_published_time":"2017-06-27T15:04:36+00:00","og_image":[{"width":470,"height":354,"url":"https:\/\/guineediversite.com\/wp-content\/uploads\/2017\/06\/kasse-1.jpg","type":"image\/jpeg"}],"author":"Mohamed Soumah","twitter_card":"summary_large_image","twitter_creator":"@GuineeDiversite","twitter_site":"@GuineeDiversite","twitter_misc":{"\u00c9crit par":"Mohamed Soumah","Dur\u00e9e de lecture estim\u00e9e":"3 minutes"},"schema":{"@context":"https:\/\/schema.org","@graph":[{"@type":"Article","@id":"https:\/\/guineediversite.com\/index.php\/2017\/06\/27\/fete-de-ramandan-police-routiere-bilan\/#article","isPartOf":{"@id":"https:\/\/guineediversite.com\/index.php\/2017\/06\/27\/fete-de-ramandan-police-routiere-bilan\/"},"author":{"name":"Mohamed Soumah","@id":"https:\/\/guineediversite.com\/#\/schema\/person\/6fd709a160384bf74b931ededf0856f3"},"headline":"F\u00eate de Ramandan : La police routi\u00e8re fait le bilan","datePublished":"2017-06-27T15:04:36+00:00","dateModified":"2017-06-27T15:04:36+00:00","mainEntityOfPage":{"@id":"https:\/\/guineediversite.com\/index.php\/2017\/06\/27\/fete-de-ramandan-police-routiere-bilan\/"},"wordCount":541,"commentCount":0,"publisher":{"@id":"https:\/\/guineediversite.com\/#organization"},"image":{"@id":"https:\/\/guineediversite.com\/index.php\/2017\/06\/27\/fete-de-ramandan-police-routiere-bilan\/#primaryimage"},"thumbnailUrl":"https:\/\/guineediversite.com\/wp-content\/uploads\/2017\/06\/kasse-1.jpg","articleSection":["Soci\u00e9t\u00e9"],"inLanguage":"fr-FR","potentialAction":[{"@type":"CommentAction","name":"Comment","target":["https:\/\/guineediversite.com\/index.php\/2017\/06\/27\/fete-de-ramandan-police-routiere-bilan\/#respond"]}]},{"@type":"WebPage","@id":"https:\/\/guineediversite.com\/index.php\/2017\/06\/27\/fete-de-ramandan-police-routiere-bilan\/","url":"https:\/\/guineediversite.com\/index.php\/2017\/06\/27\/fete-de-ramandan-police-routiere-bilan\/","name":"F\u00eate de Ramandan : La police routi\u00e8re fait le bilan | Guin\u00e9e Diversit\u00e9","isPartOf":{"@id":"https:\/\/guineediversite.com\/#website"},"primaryImageOfPage":{"@id":"https:\/\/guineediversite.com\/index.php\/2017\/06\/27\/fete-de-ramandan-police-routiere-bilan\/#primaryimage"},"image":{"@id":"https:\/\/guineediversite.com\/index.php\/2017\/06\/27\/fete-de-ramandan-police-routiere-bilan\/#primaryimage"},"thumbnailUrl":"https:\/\/guineediversite.com\/wp-content\/uploads\/2017\/06\/kasse-1.jpg","datePublished":"2017-06-27T15:04:36+00:00","dateModified":"2017-06-27T15:04:36+00:00","breadcrumb":{"@id":"https:\/\/guineediversite.com\/index.php\/2017\/06\/27\/fete-de-ramandan-police-routiere-bilan\/#breadcrumb"},"inLanguage":"fr-FR","potentialAction":[{"@type":"ReadAction","target":["https:\/\/guineediversite.com\/index.php\/2017\/06\/27\/fete-de-ramandan-police-routiere-bilan\/"]}]},{"@type":"ImageObject","inLanguage":"fr-FR","@id":"https:\/\/guineediversite.com\/index.php\/2017\/06\/27\/fete-de-ramandan-police-routiere-bilan\/#primaryimage","url":"https:\/\/guineediversite.com\/wp-content\/uploads\/2017\/06\/kasse-1.jpg","contentUrl":"https:\/\/guineediversite.com\/wp-content\/uploads\/2017\/06\/kasse-1.jpg","width":470,"height":354,"caption":"kasse"},{"@type":"BreadcrumbList","@id":"https:\/\/guineediversite.com\/index.php\/2017\/06\/27\/fete-de-ramandan-police-routiere-bilan\/#breadcrumb","itemListElement":[{"@type":"ListItem","position":1,"name":"Accueil","item":"https:\/\/guineediversite.com\/"},{"@type":"ListItem","position":2,"name":"F\u00eate de Ramandan : La police routi\u00e8re fait le bilan"}]},{"@type":"WebSite","@id":"https:\/\/guineediversite.com\/#website","url":"https:\/\/guineediversite.com\/","name":"Guin\u00e9e Diversit\u00e9","description":"L&#039;Info dans toute sa diversit\u00e9","publisher":{"@id":"https:\/\/guineediversite.com\/#organization"},"potentialAction":[{"@type":"SearchAction","target":{"@type":"EntryPoint","urlTemplate":"https:\/\/guineediversite.com\/?s={search_term_string}"},"query-input":{"@type":"PropertyValueSpecification","valueRequired":true,"valueName":"search_term_string"}}],"inLanguage":"fr-FR"},{"@type":"Organization","@id":"https:\/\/guineediversite.com\/#organization","name":"Guin\u00e9e Diversit\u00e9","url":"https:\/\/guineediversite.com\/","logo":{"@type":"ImageObject","inLanguage":"fr-FR","@id":"https:\/\/guineediversite.com\/#\/schema\/logo\/image\/","url":"https:\/\/guineediversite.com\/wp-content\/uploads\/2017\/04\/cropped-1jojlxEOMkX9Wyqfhe43D6kjPOGqBBKmx3EwWJqZ0cMrFF54yM49.png","contentUrl":"https:\/\/guineediversite.com\/wp-content\/uploads\/2017\/04\/cropped-1jojlxEOMkX9Wyqfhe43D6kjPOGqBBKmx3EwWJqZ0cMrFF54yM49.png","width":186,"height":112,"caption":"Guin\u00e9e Diversit\u00e9"},"image":{"@id":"https:\/\/guineediversite.com\/#\/schema\/logo\/image\/"},"sameAs":["https:\/\/www.facebook.com\/guineediversite\/","https:\/\/x.com\/GuineeDiversite","https:\/\/www.youtube.com\/channel\/UC8sUY16qelG5ge6_D5SB83g"]},{"@type":"Person","@id":"https:\/\/guineediversite.com\/#\/schema\/person\/6fd709a160384bf74b931ededf0856f3","name":"Mohamed Soumah","image":{"@type":"ImageObject","inLanguage":"fr-FR","@id":"https:\/\/guineediversite.com\/#\/schema\/person\/image\/","url":"https:\/\/secure.gravatar.com\/avatar\/4c1e00b5ab2c2b85b5c9be70590b9f67?s=96&d=mm&r=g","contentUrl":"https:\/\/secure.gravatar.com\/avatar\/4c1e00b5ab2c2b85b5c9be70590b9f67?s=96&d=mm&r=g","caption":"Mohamed Soumah"},"url":"https:\/\/guineediversite.com\/index.php\/author\/mohamed\/"}]}},"_links":{"self":[{"href":"https:\/\/guineediversite.com\/index.php\/wp-json\/wp\/v2\/posts\/20368"}],"collection":[{"href":"https:\/\/guineediversite.com\/index.php\/wp-json\/wp\/v2\/posts"}],"about":[{"href":"https:\/\/guineediversite.com\/index.php\/wp-json\/wp\/v2\/types\/post"}],"author":[{"embeddable":true,"href":"https:\/\/guineediversite.com\/index.php\/wp-json\/wp\/v2\/users\/9"}],"replies":[{"embeddable":true,"href":"https:\/\/guineediversite.com\/index.php\/wp-json\/wp\/v2\/comments?post=20368"}],"version-history":[{"count":0,"href":"https:\/\/guineediversite.com\/index.php\/wp-json\/wp\/v2\/posts\/20368\/revisions"}],"wp:featuredmedia":[{"embeddable":true,"href":"https:\/\/guineediversite.com\/index.php\/wp-json\/wp\/v2\/media\/20367"}],"wp:attachment":[{"href":"https:\/\/guineediversite.com\/index.php\/wp-json\/wp\/v2\/media?parent=20368"}],"wp:term":[{"taxonomy":"category","embeddable":true,"href":"https:\/\/guineediversite.com\/index.php\/wp-json\/wp\/v2\/categories?post=20368"},{"taxonomy":"post_tag","embeddable":true,"href":"https:\/\/guineediversite.com\/index.php\/wp-json\/wp\/v2\/tags?post=20368"}],"curies":[{"name":"wp","href":"https:\/\/api.w.org\/{rel}","templated":true}]}}