{"id":20209,"date":"2017-06-15T08:00:39","date_gmt":"2017-06-15T06:00:39","guid":{"rendered":"https:\/\/guineediversite.com\/?p=20209"},"modified":"2017-06-15T02:40:53","modified_gmt":"2017-06-15T00:40:53","slug":"assemblee-nationale-adoption-plan-national-de-developpement-economique-social","status":"publish","type":"post","link":"https:\/\/guineediversite.com\/index.php\/2017\/06\/15\/assemblee-nationale-adoption-plan-national-de-developpement-economique-social\/","title":{"rendered":"Assembl\u00e9e nationale : adoption du plan national de d\u00e9veloppement \u00e9conomique et social"},"content":{"rendered":"<p><strong><span id=\"p3\">La Guin\u00e9e a enfin son plan national de d\u00e9veloppement \u00e9conomique et social<span id=\"p2\">(<span id=\"31\" class=\"s-rg-t\">PNDES<\/span>)<\/span>.<\/span><span id=\"p44\"> Il a \u00e9t\u00e9 adopt\u00e9 en pl\u00e9ni\u00e8re mercredi 14 juin 2017 \u00e0 l\u2019Assembl\u00e9e nationale.<\/span><\/strong><span id=\"p5\"><\/span><\/p>\n<p>Selon les sp\u00e9cialistes, il va permettre un accroissement de l\u2019indice de d\u00e9veloppement et la r\u00e9duire l\u2019extr\u00eame pauvret\u00e9.<span id=\"p6\">L\u2019agriculture, les <span id=\"40\" class=\"s-ve-t\">mines<\/span> et la transformation nationale de l\u2019\u00e9conomie et une main d\u2019\u0153uvre qualifi\u00e9e sont des piliers de ce plan qui s&rsquo;\u00e9tendra jusqu\u2019en 2020.<\/span><span id=\"p7\"> Pour y parvenir le gouvernement devra mettre l\u2019accent sur la bonne gouvernance.<\/span><br \/>\n<span id=\"p45\">Pour le pr\u00e9sident de la commission \u00e9conomie, finances, coop\u00e9ration et plan international de l&rsquo;Assembl\u00e9e nationale de Guin\u00e9e, l&rsquo;objectif global de ce plan est d&rsquo;op\u00e9rer cette v\u00e9ritable transformation structurelle de notre \u00e9conomie pour en promouvoir une croissance forte et de qualit\u00e9, dans la dur\u00e9e pour le bien-\u00eatre de tous.<\/span><span id=\"p9\"> \u00ab Le <span id=\"42\" class=\"s-rg-t\">PNDES<\/span> va permettre \u00e9galement de positionner la Guin\u00e9e sur la trajectoire du d\u00e9veloppement durable partant de l&rsquo;\u00e9mergence \u00bb, souligne honorable Michel <span id=\"43\" class=\"s-rg-t\">Kamano<\/span>.<\/span><br \/>\n<span id=\"p11\">\u00ab Le plan national de d\u00e9veloppement \u00e9conomique et social <span id=\"p10\">(<span id=\"23\" class=\"s-rg-t\">PNDES<\/span>)<\/span> est un programme f\u00e9d\u00e9rateur.<\/span><span id=\"p12\"> Il int\u00e8gre les principaux agendas nationaux et r\u00e9gionaux de d\u00e9veloppement \u00bb, ajoute le pr\u00e9sident de la commission \u00e9conomie, finance <span id=\"24\" class=\"s-rg-t\">plan<\/span> et coop\u00e9ration internationale.<\/span><span id=\"p13\"><br \/>\n<\/span><br \/>\n<span id=\"p46\">Pour sortir de la pauvret\u00e9, la Guin\u00e9e a besoin de 122 mille milliards d\u2019investissements.<\/span><span id=\"p15\"> Elle endossera 30% de financement, 32 % pour les partenaires et 38 % pour le partenariat public-priv\u00e9.<\/span><span id=\"p16\"> Honorable Ousmane <span id=\"26\" class=\"s-rg-t\">Kaba<\/span> a \u00e9mis des pr\u00e9occupations sur les passations des march\u00e9s et le tiers du financement de ce plan par le gouvernement guin\u00e9en.<\/span><span id=\"p17\"> Cependant, il <span id=\"28\" class=\"s-ve-t\">salut<\/span> les efforts qui ont abouti \u00e0 cette strat\u00e9gie.<br \/>\n<\/span><br \/>\n<span id=\"p47\">Le gouvernement guin\u00e9en a attir\u00e9 l\u2019attention des d\u00e9put\u00e9s que ce plan ne pourrait \u00eatre r\u00e9alis\u00e9 qu\u2019en respectant certaines exigences notamment, la stabilit\u00e9 sociale et politique du pays et \u00e9viter la forte d\u00e9pendance vis-\u00e0-vis de l\u2019ext\u00e9rieur.<\/span><span id=\"p19\"><br \/>\n<\/span><br \/>\n<span id=\"p49\">Le plan national de d\u00e9veloppement \u00e9conomique et social <span id=\"p48\">(<span id=\"50\" class=\"s-rg-t\">PNDES<\/span>)<\/span> inclut toutes les composantes de la soci\u00e9t\u00e9.<\/span><span id=\"p51\"> Sa r\u00e9ussite portera le taux d\u2019investissement \u00e0 plus de 20 % a conclu le premier responsable de la commission \u00e9conomie, finance, plan et coop\u00e9ration internationale.<\/span><\/p>\n","protected":false},"excerpt":{"rendered":"<p>La Guin\u00e9e a enfin son plan national de d\u00e9veloppement \u00e9conomique et social(PNDES). Il a \u00e9t\u00e9 adopt\u00e9 en pl\u00e9ni\u00e8re mercredi 14 juin 2017 \u00e0 l\u2019Assembl\u00e9e nationale. Selon les sp\u00e9cialistes, il va permettre un accroissement de l\u2019indice de d\u00e9veloppement et la r\u00e9duire l\u2019extr\u00eame pauvret\u00e9.L\u2019agriculture, les mines et la transformation nationale de l\u2019\u00e9conomie et une main d\u2019\u0153uvre qualifi\u00e9e [&hellip;]<\/p>\n","protected":false},"author":14,"featured_media":20051,"comment_status":"open","ping_status":"open","sticky":false,"template":"","format":"standard","meta":{"_exactmetrics_skip_tracking":false,"_exactmetrics_sitenote_active":false,"_exactmetrics_sitenote_note":"","_exactmetrics_sitenote_category":0,"tdm_status":"","tdm_grid_status":"","footnotes":""},"categories":[14],"tags":[59,41],"class_list":{"0":"post-20209","1":"post","2":"type-post","3":"status-publish","4":"format-standard","5":"has-post-thumbnail","7":"category-politique","8":"tag-assemblee-nationale","9":"tag-guinee"},"yoast_head":"<!-- This site is optimized with the Yoast SEO plugin v24.2 - https:\/\/yoast.com\/wordpress\/plugins\/seo\/ -->\n<title>Assembl\u00e9e nationale : adoption du plan national de d\u00e9veloppement \u00e9conomique et social | Guin\u00e9e Diversit\u00e9<\/title>\n<meta name=\"robots\" content=\"index, follow, max-snippet:-1, max-image-preview:large, max-video-preview:-1\" \/>\n<link rel=\"canonical\" href=\"https:\/\/guineediversite.com\/index.php\/2017\/06\/15\/assemblee-nationale-adoption-plan-national-de-developpement-economique-social\/\" \/>\n<meta property=\"og:locale\" content=\"fr_FR\" \/>\n<meta property=\"og:type\" content=\"article\" \/>\n<meta property=\"og:title\" content=\"Assembl\u00e9e nationale : adoption du plan national de d\u00e9veloppement \u00e9conomique et social | Guin\u00e9e Diversit\u00e9\" \/>\n<meta property=\"og:description\" content=\"La Guin\u00e9e a enfin son plan national de d\u00e9veloppement \u00e9conomique et social(PNDES). Il a \u00e9t\u00e9 adopt\u00e9 en pl\u00e9ni\u00e8re mercredi 14 juin 2017 \u00e0 l\u2019Assembl\u00e9e nationale. Selon les sp\u00e9cialistes, il va permettre un accroissement de l\u2019indice de d\u00e9veloppement et la r\u00e9duire l\u2019extr\u00eame pauvret\u00e9.L\u2019agriculture, les mines et la transformation nationale de l\u2019\u00e9conomie et une main d\u2019\u0153uvre qualifi\u00e9e [&hellip;]\" \/>\n<meta property=\"og:url\" content=\"https:\/\/guineediversite.com\/index.php\/2017\/06\/15\/assemblee-nationale-adoption-plan-national-de-developpement-economique-social\/\" \/>\n<meta property=\"og:site_name\" content=\"Guin\u00e9e Diversit\u00e9\" \/>\n<meta property=\"article:publisher\" content=\"https:\/\/www.facebook.com\/guineediversite\/\" \/>\n<meta property=\"article:published_time\" content=\"2017-06-15T06:00:39+00:00\" \/>\n<meta property=\"article:modified_time\" content=\"2017-06-15T00:40:53+00:00\" \/>\n<meta property=\"og:image\" content=\"https:\/\/guineediversite.com\/wp-content\/uploads\/2017\/06\/Assembl\u00e9e-nationale-1024x764.jpg\" \/>\n\t<meta property=\"og:image:width\" content=\"1024\" \/>\n\t<meta property=\"og:image:height\" content=\"764\" \/>\n\t<meta property=\"og:image:type\" content=\"image\/jpeg\" \/>\n<meta name=\"author\" content=\"Lazare Bangoura\" \/>\n<meta name=\"twitter:card\" content=\"summary_large_image\" \/>\n<meta name=\"twitter:creator\" content=\"@GuineeDiversite\" \/>\n<meta name=\"twitter:site\" content=\"@GuineeDiversite\" \/>\n<meta name=\"twitter:label1\" content=\"\u00c9crit par\" \/>\n\t<meta name=\"twitter:data1\" content=\"Lazare Bangoura\" \/>\n\t<meta name=\"twitter:label2\" content=\"Dur\u00e9e de lecture estim\u00e9e\" \/>\n\t<meta name=\"twitter:data2\" content=\"2 minutes\" \/>\n<script type=\"application\/ld+json\" class=\"yoast-schema-graph\">{\"@context\":\"https:\/\/schema.org\",\"@graph\":[{\"@type\":\"Article\",\"@id\":\"https:\/\/guineediversite.com\/index.php\/2017\/06\/15\/assemblee-nationale-adoption-plan-national-de-developpement-economique-social\/#article\",\"isPartOf\":{\"@id\":\"https:\/\/guineediversite.com\/index.php\/2017\/06\/15\/assemblee-nationale-adoption-plan-national-de-developpement-economique-social\/\"},\"author\":{\"name\":\"Lazare Bangoura\",\"@id\":\"https:\/\/guineediversite.com\/#\/schema\/person\/c915f4424a17926ee4510e6abdfdc2a5\"},\"headline\":\"Assembl\u00e9e nationale : adoption du plan national de d\u00e9veloppement \u00e9conomique et social\",\"datePublished\":\"2017-06-15T06:00:39+00:00\",\"dateModified\":\"2017-06-15T00:40:53+00:00\",\"mainEntityOfPage\":{\"@id\":\"https:\/\/guineediversite.com\/index.php\/2017\/06\/15\/assemblee-nationale-adoption-plan-national-de-developpement-economique-social\/\"},\"wordCount\":387,\"commentCount\":0,\"publisher\":{\"@id\":\"https:\/\/guineediversite.com\/#organization\"},\"image\":{\"@id\":\"https:\/\/guineediversite.com\/index.php\/2017\/06\/15\/assemblee-nationale-adoption-plan-national-de-developpement-economique-social\/#primaryimage\"},\"thumbnailUrl\":\"https:\/\/guineediversite.com\/wp-content\/uploads\/2017\/06\/Assembl\u00e9e-nationale.jpg\",\"keywords\":[\"Assembl\u00e9e nationale\",\"Guin\u00e9e\"],\"articleSection\":[\"Politique\"],\"inLanguage\":\"fr-FR\",\"potentialAction\":[{\"@type\":\"CommentAction\",\"name\":\"Comment\",\"target\":[\"https:\/\/guineediversite.com\/index.php\/2017\/06\/15\/assemblee-nationale-adoption-plan-national-de-developpement-economique-social\/#respond\"]}]},{\"@type\":\"WebPage\",\"@id\":\"https:\/\/guineediversite.com\/index.php\/2017\/06\/15\/assemblee-nationale-adoption-plan-national-de-developpement-economique-social\/\",\"url\":\"https:\/\/guineediversite.com\/index.php\/2017\/06\/15\/assemblee-nationale-adoption-plan-national-de-developpement-economique-social\/\",\"name\":\"Assembl\u00e9e nationale : adoption du plan national de d\u00e9veloppement \u00e9conomique et social | Guin\u00e9e Diversit\u00e9\",\"isPartOf\":{\"@id\":\"https:\/\/guineediversite.com\/#website\"},\"primaryImageOfPage\":{\"@id\":\"https:\/\/guineediversite.com\/index.php\/2017\/06\/15\/assemblee-nationale-adoption-plan-national-de-developpement-economique-social\/#primaryimage\"},\"image\":{\"@id\":\"https:\/\/guineediversite.com\/index.php\/2017\/06\/15\/assemblee-nationale-adoption-plan-national-de-developpement-economique-social\/#primaryimage\"},\"thumbnailUrl\":\"https:\/\/guineediversite.com\/wp-content\/uploads\/2017\/06\/Assembl\u00e9e-nationale.jpg\",\"datePublished\":\"2017-06-15T06:00:39+00:00\",\"dateModified\":\"2017-06-15T00:40:53+00:00\",\"breadcrumb\":{\"@id\":\"https:\/\/guineediversite.com\/index.php\/2017\/06\/15\/assemblee-nationale-adoption-plan-national-de-developpement-economique-social\/#breadcrumb\"},\"inLanguage\":\"fr-FR\",\"potentialAction\":[{\"@type\":\"ReadAction\",\"target\":[\"https:\/\/guineediversite.com\/index.php\/2017\/06\/15\/assemblee-nationale-adoption-plan-national-de-developpement-economique-social\/\"]}]},{\"@type\":\"ImageObject\",\"inLanguage\":\"fr-FR\",\"@id\":\"https:\/\/guineediversite.com\/index.php\/2017\/06\/15\/assemblee-nationale-adoption-plan-national-de-developpement-economique-social\/#primaryimage\",\"url\":\"https:\/\/guineediversite.com\/wp-content\/uploads\/2017\/06\/Assembl\u00e9e-nationale.jpg\",\"contentUrl\":\"https:\/\/guineediversite.com\/wp-content\/uploads\/2017\/06\/Assembl\u00e9e-nationale.jpg\",\"width\":4608,\"height\":3440},{\"@type\":\"BreadcrumbList\",\"@id\":\"https:\/\/guineediversite.com\/index.php\/2017\/06\/15\/assemblee-nationale-adoption-plan-national-de-developpement-economique-social\/#breadcrumb\",\"itemListElement\":[{\"@type\":\"ListItem\",\"position\":1,\"name\":\"Accueil\",\"item\":\"https:\/\/guineediversite.com\/\"},{\"@type\":\"ListItem\",\"position\":2,\"name\":\"Assembl\u00e9e nationale : adoption du plan national de d\u00e9veloppement \u00e9conomique et social\"}]},{\"@type\":\"WebSite\",\"@id\":\"https:\/\/guineediversite.com\/#website\",\"url\":\"https:\/\/guineediversite.com\/\",\"name\":\"Guin\u00e9e Diversit\u00e9\",\"description\":\"L&#039;Info dans toute sa diversit\u00e9\",\"publisher\":{\"@id\":\"https:\/\/guineediversite.com\/#organization\"},\"potentialAction\":[{\"@type\":\"SearchAction\",\"target\":{\"@type\":\"EntryPoint\",\"urlTemplate\":\"https:\/\/guineediversite.com\/?s={search_term_string}\"},\"query-input\":{\"@type\":\"PropertyValueSpecification\",\"valueRequired\":true,\"valueName\":\"search_term_string\"}}],\"inLanguage\":\"fr-FR\"},{\"@type\":\"Organization\",\"@id\":\"https:\/\/guineediversite.com\/#organization\",\"name\":\"Guin\u00e9e Diversit\u00e9\",\"url\":\"https:\/\/guineediversite.com\/\",\"logo\":{\"@type\":\"ImageObject\",\"inLanguage\":\"fr-FR\",\"@id\":\"https:\/\/guineediversite.com\/#\/schema\/logo\/image\/\",\"url\":\"https:\/\/guineediversite.com\/wp-content\/uploads\/2017\/04\/cropped-1jojlxEOMkX9Wyqfhe43D6kjPOGqBBKmx3EwWJqZ0cMrFF54yM49.png\",\"contentUrl\":\"https:\/\/guineediversite.com\/wp-content\/uploads\/2017\/04\/cropped-1jojlxEOMkX9Wyqfhe43D6kjPOGqBBKmx3EwWJqZ0cMrFF54yM49.png\",\"width\":186,\"height\":112,\"caption\":\"Guin\u00e9e Diversit\u00e9\"},\"image\":{\"@id\":\"https:\/\/guineediversite.com\/#\/schema\/logo\/image\/\"},\"sameAs\":[\"https:\/\/www.facebook.com\/guineediversite\/\",\"https:\/\/x.com\/GuineeDiversite\",\"https:\/\/www.youtube.com\/channel\/UC8sUY16qelG5ge6_D5SB83g\"]},{\"@type\":\"Person\",\"@id\":\"https:\/\/guineediversite.com\/#\/schema\/person\/c915f4424a17926ee4510e6abdfdc2a5\",\"name\":\"Lazare Bangoura\",\"image\":{\"@type\":\"ImageObject\",\"inLanguage\":\"fr-FR\",\"@id\":\"https:\/\/guineediversite.com\/#\/schema\/person\/image\/\",\"url\":\"https:\/\/secure.gravatar.com\/avatar\/7bab9b6edb46a08bcc394e7e418baf1e?s=96&d=mm&r=g\",\"contentUrl\":\"https:\/\/secure.gravatar.com\/avatar\/7bab9b6edb46a08bcc394e7e418baf1e?s=96&d=mm&r=g\",\"caption\":\"Lazare Bangoura\"},\"url\":\"https:\/\/guineediversite.com\/index.php\/author\/l-bangoura\/\"}]}<\/script>\n<!-- \/ Yoast SEO plugin. -->","yoast_head_json":{"title":"Assembl\u00e9e nationale : adoption du plan national de d\u00e9veloppement \u00e9conomique et social | Guin\u00e9e Diversit\u00e9","robots":{"index":"index","follow":"follow","max-snippet":"max-snippet:-1","max-image-preview":"max-image-preview:large","max-video-preview":"max-video-preview:-1"},"canonical":"https:\/\/guineediversite.com\/index.php\/2017\/06\/15\/assemblee-nationale-adoption-plan-national-de-developpement-economique-social\/","og_locale":"fr_FR","og_type":"article","og_title":"Assembl\u00e9e nationale : adoption du plan national de d\u00e9veloppement \u00e9conomique et social | Guin\u00e9e Diversit\u00e9","og_description":"La Guin\u00e9e a enfin son plan national de d\u00e9veloppement \u00e9conomique et social(PNDES). Il a \u00e9t\u00e9 adopt\u00e9 en pl\u00e9ni\u00e8re mercredi 14 juin 2017 \u00e0 l\u2019Assembl\u00e9e nationale. Selon les sp\u00e9cialistes, il va permettre un accroissement de l\u2019indice de d\u00e9veloppement et la r\u00e9duire l\u2019extr\u00eame pauvret\u00e9.L\u2019agriculture, les mines et la transformation nationale de l\u2019\u00e9conomie et une main d\u2019\u0153uvre qualifi\u00e9e [&hellip;]","og_url":"https:\/\/guineediversite.com\/index.php\/2017\/06\/15\/assemblee-nationale-adoption-plan-national-de-developpement-economique-social\/","og_site_name":"Guin\u00e9e Diversit\u00e9","article_publisher":"https:\/\/www.facebook.com\/guineediversite\/","article_published_time":"2017-06-15T06:00:39+00:00","article_modified_time":"2017-06-15T00:40:53+00:00","og_image":[{"width":1024,"height":764,"url":"https:\/\/guineediversite.com\/wp-content\/uploads\/2017\/06\/Assembl\u00e9e-nationale-1024x764.jpg","type":"image\/jpeg"}],"author":"Lazare Bangoura","twitter_card":"summary_large_image","twitter_creator":"@GuineeDiversite","twitter_site":"@GuineeDiversite","twitter_misc":{"\u00c9crit par":"Lazare Bangoura","Dur\u00e9e de lecture estim\u00e9e":"2 minutes"},"schema":{"@context":"https:\/\/schema.org","@graph":[{"@type":"Article","@id":"https:\/\/guineediversite.com\/index.php\/2017\/06\/15\/assemblee-nationale-adoption-plan-national-de-developpement-economique-social\/#article","isPartOf":{"@id":"https:\/\/guineediversite.com\/index.php\/2017\/06\/15\/assemblee-nationale-adoption-plan-national-de-developpement-economique-social\/"},"author":{"name":"Lazare Bangoura","@id":"https:\/\/guineediversite.com\/#\/schema\/person\/c915f4424a17926ee4510e6abdfdc2a5"},"headline":"Assembl\u00e9e nationale : adoption du plan national de d\u00e9veloppement \u00e9conomique et social","datePublished":"2017-06-15T06:00:39+00:00","dateModified":"2017-06-15T00:40:53+00:00","mainEntityOfPage":{"@id":"https:\/\/guineediversite.com\/index.php\/2017\/06\/15\/assemblee-nationale-adoption-plan-national-de-developpement-economique-social\/"},"wordCount":387,"commentCount":0,"publisher":{"@id":"https:\/\/guineediversite.com\/#organization"},"image":{"@id":"https:\/\/guineediversite.com\/index.php\/2017\/06\/15\/assemblee-nationale-adoption-plan-national-de-developpement-economique-social\/#primaryimage"},"thumbnailUrl":"https:\/\/guineediversite.com\/wp-content\/uploads\/2017\/06\/Assembl\u00e9e-nationale.jpg","keywords":["Assembl\u00e9e nationale","Guin\u00e9e"],"articleSection":["Politique"],"inLanguage":"fr-FR","potentialAction":[{"@type":"CommentAction","name":"Comment","target":["https:\/\/guineediversite.com\/index.php\/2017\/06\/15\/assemblee-nationale-adoption-plan-national-de-developpement-economique-social\/#respond"]}]},{"@type":"WebPage","@id":"https:\/\/guineediversite.com\/index.php\/2017\/06\/15\/assemblee-nationale-adoption-plan-national-de-developpement-economique-social\/","url":"https:\/\/guineediversite.com\/index.php\/2017\/06\/15\/assemblee-nationale-adoption-plan-national-de-developpement-economique-social\/","name":"Assembl\u00e9e nationale : adoption du plan national de d\u00e9veloppement \u00e9conomique et social | Guin\u00e9e Diversit\u00e9","isPartOf":{"@id":"https:\/\/guineediversite.com\/#website"},"primaryImageOfPage":{"@id":"https:\/\/guineediversite.com\/index.php\/2017\/06\/15\/assemblee-nationale-adoption-plan-national-de-developpement-economique-social\/#primaryimage"},"image":{"@id":"https:\/\/guineediversite.com\/index.php\/2017\/06\/15\/assemblee-nationale-adoption-plan-national-de-developpement-economique-social\/#primaryimage"},"thumbnailUrl":"https:\/\/guineediversite.com\/wp-content\/uploads\/2017\/06\/Assembl\u00e9e-nationale.jpg","datePublished":"2017-06-15T06:00:39+00:00","dateModified":"2017-06-15T00:40:53+00:00","breadcrumb":{"@id":"https:\/\/guineediversite.com\/index.php\/2017\/06\/15\/assemblee-nationale-adoption-plan-national-de-developpement-economique-social\/#breadcrumb"},"inLanguage":"fr-FR","potentialAction":[{"@type":"ReadAction","target":["https:\/\/guineediversite.com\/index.php\/2017\/06\/15\/assemblee-nationale-adoption-plan-national-de-developpement-economique-social\/"]}]},{"@type":"ImageObject","inLanguage":"fr-FR","@id":"https:\/\/guineediversite.com\/index.php\/2017\/06\/15\/assemblee-nationale-adoption-plan-national-de-developpement-economique-social\/#primaryimage","url":"https:\/\/guineediversite.com\/wp-content\/uploads\/2017\/06\/Assembl\u00e9e-nationale.jpg","contentUrl":"https:\/\/guineediversite.com\/wp-content\/uploads\/2017\/06\/Assembl\u00e9e-nationale.jpg","width":4608,"height":3440},{"@type":"BreadcrumbList","@id":"https:\/\/guineediversite.com\/index.php\/2017\/06\/15\/assemblee-nationale-adoption-plan-national-de-developpement-economique-social\/#breadcrumb","itemListElement":[{"@type":"ListItem","position":1,"name":"Accueil","item":"https:\/\/guineediversite.com\/"},{"@type":"ListItem","position":2,"name":"Assembl\u00e9e nationale : adoption du plan national de d\u00e9veloppement \u00e9conomique et social"}]},{"@type":"WebSite","@id":"https:\/\/guineediversite.com\/#website","url":"https:\/\/guineediversite.com\/","name":"Guin\u00e9e Diversit\u00e9","description":"L&#039;Info dans toute sa diversit\u00e9","publisher":{"@id":"https:\/\/guineediversite.com\/#organization"},"potentialAction":[{"@type":"SearchAction","target":{"@type":"EntryPoint","urlTemplate":"https:\/\/guineediversite.com\/?s={search_term_string}"},"query-input":{"@type":"PropertyValueSpecification","valueRequired":true,"valueName":"search_term_string"}}],"inLanguage":"fr-FR"},{"@type":"Organization","@id":"https:\/\/guineediversite.com\/#organization","name":"Guin\u00e9e Diversit\u00e9","url":"https:\/\/guineediversite.com\/","logo":{"@type":"ImageObject","inLanguage":"fr-FR","@id":"https:\/\/guineediversite.com\/#\/schema\/logo\/image\/","url":"https:\/\/guineediversite.com\/wp-content\/uploads\/2017\/04\/cropped-1jojlxEOMkX9Wyqfhe43D6kjPOGqBBKmx3EwWJqZ0cMrFF54yM49.png","contentUrl":"https:\/\/guineediversite.com\/wp-content\/uploads\/2017\/04\/cropped-1jojlxEOMkX9Wyqfhe43D6kjPOGqBBKmx3EwWJqZ0cMrFF54yM49.png","width":186,"height":112,"caption":"Guin\u00e9e Diversit\u00e9"},"image":{"@id":"https:\/\/guineediversite.com\/#\/schema\/logo\/image\/"},"sameAs":["https:\/\/www.facebook.com\/guineediversite\/","https:\/\/x.com\/GuineeDiversite","https:\/\/www.youtube.com\/channel\/UC8sUY16qelG5ge6_D5SB83g"]},{"@type":"Person","@id":"https:\/\/guineediversite.com\/#\/schema\/person\/c915f4424a17926ee4510e6abdfdc2a5","name":"Lazare Bangoura","image":{"@type":"ImageObject","inLanguage":"fr-FR","@id":"https:\/\/guineediversite.com\/#\/schema\/person\/image\/","url":"https:\/\/secure.gravatar.com\/avatar\/7bab9b6edb46a08bcc394e7e418baf1e?s=96&d=mm&r=g","contentUrl":"https:\/\/secure.gravatar.com\/avatar\/7bab9b6edb46a08bcc394e7e418baf1e?s=96&d=mm&r=g","caption":"Lazare Bangoura"},"url":"https:\/\/guineediversite.com\/index.php\/author\/l-bangoura\/"}]}},"_links":{"self":[{"href":"https:\/\/guineediversite.com\/index.php\/wp-json\/wp\/v2\/posts\/20209"}],"collection":[{"href":"https:\/\/guineediversite.com\/index.php\/wp-json\/wp\/v2\/posts"}],"about":[{"href":"https:\/\/guineediversite.com\/index.php\/wp-json\/wp\/v2\/types\/post"}],"author":[{"embeddable":true,"href":"https:\/\/guineediversite.com\/index.php\/wp-json\/wp\/v2\/users\/14"}],"replies":[{"embeddable":true,"href":"https:\/\/guineediversite.com\/index.php\/wp-json\/wp\/v2\/comments?post=20209"}],"version-history":[{"count":0,"href":"https:\/\/guineediversite.com\/index.php\/wp-json\/wp\/v2\/posts\/20209\/revisions"}],"wp:featuredmedia":[{"embeddable":true,"href":"https:\/\/guineediversite.com\/index.php\/wp-json\/wp\/v2\/media\/20051"}],"wp:attachment":[{"href":"https:\/\/guineediversite.com\/index.php\/wp-json\/wp\/v2\/media?parent=20209"}],"wp:term":[{"taxonomy":"category","embeddable":true,"href":"https:\/\/guineediversite.com\/index.php\/wp-json\/wp\/v2\/categories?post=20209"},{"taxonomy":"post_tag","embeddable":true,"href":"https:\/\/guineediversite.com\/index.php\/wp-json\/wp\/v2\/tags?post=20209"}],"curies":[{"name":"wp","href":"https:\/\/api.w.org\/{rel}","templated":true}]}}