{"id":20182,"date":"2017-06-13T08:30:31","date_gmt":"2017-06-13T06:30:31","guid":{"rendered":"https:\/\/guineediversite.com.bwjx4292.odns.fr\/?p=20182"},"modified":"2017-06-13T01:29:15","modified_gmt":"2017-06-12T23:29:15","slug":"mise-place-coguifem-honorable-fatoumata-daffe-denonce-manque-de-volonte-politique","status":"publish","type":"post","link":"https:\/\/guineediversite.com\/index.php\/2017\/06\/13\/mise-place-coguifem-honorable-fatoumata-daffe-denonce-manque-de-volonte-politique\/","title":{"rendered":"Mise en place du COGUIFEM : honorable Fatoumata Daff\u00e9 d\u00e9nonce un manque de volont\u00e9 politique"},"content":{"rendered":"<p><strong><span id=\"p198\">Au cours d&rsquo;un entretient avec les hommes de m\u00e9dias, le d\u00e9put\u00e9 de l&rsquo;UFR <span id=\"210\" class=\"s-rg-t\">Hadja<\/span> Fatoumata <span id=\"211\" class=\"s-rg-t\">Daff\u00e9<\/span> s&rsquo;est exprim\u00e9 sur la mise en place du Conseil Guin\u00e9en des Femmes <span id=\"p197\">(<span id=\"209\" class=\"s-rg-t\">COGUIFEM<\/span>)<\/span>.<\/span><span id=\"p199\"> Elle estime que le manque de ce conseil en Guin\u00e9e est d\u00fb au manque de volont\u00e9 politique des cadres qui se sont succ\u00e9d\u00e9 \u00e0 la t\u00eate du minist\u00e8re de l&rsquo;Action social depuis 2007.<br \/>\n<\/span><\/strong><br \/>\n<span id=\"p200\">\u00ab C&rsquo;est une structure que nous avons toujours voulu mettre en place depuis 2007, nous avons eu \u00e0 rencontrer les diff\u00e9rents ministres de l&rsquo;action sociale qui ont \u00e9t\u00e9 nomm\u00e9s au fil du temps, pour que le <span id=\"212\" class=\"s-rg-t\">COGUIFEM<\/span> puisse voir le jour \u00bb a d\u00e9clar\u00e9 l&rsquo;honorable <span id=\"213\" class=\"s-rg-t\">Daff\u00e9<\/span>.<\/span><br \/>\n<span id=\"p202\">\u00ab Mais je ne sais pas jusqu&rsquo;aujourd&rsquo;hui qu&rsquo;est-ce qui bloque, parce qu&rsquo;on sait le r\u00f4le que peut jouer ce conseil dans le pays.<\/span><span id=\"p203\"> Au S\u00e9n\u00e9gal, les consultations pour la mise en place d&rsquo;un gouvernement ne peuvent pas se faire sans qu\u2019on ne fasse appel au <span id=\"216\" class=\"s-rg-t\">COSEF<\/span> <span id=\"p201\">(<span id=\"214\" class=\"s-or-t\">Conseil<\/span> <span id=\"215\" class=\"s-rg-t\">S\u00e9n\u00e9galais<\/span> des Femmes)<\/span>.<\/span><span id=\"p204\"> C&rsquo;est comme une p\u00e9pini\u00e8re o\u00f9 on peut prendre la r\u00e9f\u00e9rence sur certaines femmes tant sur le plan politique que sur le plan social.<\/span><span id=\"p222\"> Donc c&rsquo;est quelque chose qui peut aider le gouvernement m\u00eame dans la d\u00e9fense d&rsquo;int\u00e9r\u00eat des femmes sur le plan international \u00bb, argue la d\u00e9put\u00e9e de l\u2019UFR.<br \/>\n<\/span><br \/>\n<span id=\"p223\">\u00c0 en croire <span id=\"226\" class=\"s-rg-t\">Hadja<\/span> Fatoumata <span id=\"227\" class=\"s-rg-t\">Daff\u00e9<\/span>, c&rsquo;est le d\u00e9partement de l&rsquo;action sociale qui joue aujourd&rsquo;hui le r\u00f4le du <span id=\"228\" class=\"s-rg-t\">COGUIFEM<\/span>.<\/span><span id=\"p224\"> \u00ab Moi, je crois que cette volont\u00e9 politique manque au niveau de toutes les personnes qui sont pass\u00e9es au niveau du minist\u00e8re de l&rsquo;Action sociale \u00bb a-t-elle martel\u00e9.<\/span><br \/>\n<span id=\"p225\">\u00ab C&rsquo;est le minist\u00e8re de l&rsquo;action sociale qui doit organiser cela comme ailleurs, il doit prendre la chose \u00e0 bras-le-corps pour qu&rsquo;on puisse r\u00e9unir, que \u00e7a soit les femmes des partis politiques ou celles de la soci\u00e9t\u00e9 civile afin de mettre en place ce conseil \u00bb, a conclu la pr\u00e9sidente du bureau des femmes de l&rsquo;UFR.<\/span><\/p>\n","protected":false},"excerpt":{"rendered":"<p>Au cours d&rsquo;un entretient avec les hommes de m\u00e9dias, le d\u00e9put\u00e9 de l&rsquo;UFR Hadja Fatoumata Daff\u00e9 s&rsquo;est exprim\u00e9 sur la mise en place du Conseil Guin\u00e9en des Femmes (COGUIFEM). Elle estime que le manque de ce conseil en Guin\u00e9e est d\u00fb au manque de volont\u00e9 politique des cadres qui se sont succ\u00e9d\u00e9 \u00e0 la t\u00eate [&hellip;]<\/p>\n","protected":false},"author":9,"featured_media":20024,"comment_status":"open","ping_status":"open","sticky":false,"template":"","format":"standard","meta":{"_exactmetrics_skip_tracking":false,"_exactmetrics_sitenote_active":false,"_exactmetrics_sitenote_note":"","_exactmetrics_sitenote_category":0,"tdm_status":"","tdm_grid_status":"","footnotes":""},"categories":[14],"tags":[69,52],"class_list":{"0":"post-20182","1":"post","2":"type-post","3":"status-publish","4":"format-standard","5":"has-post-thumbnail","7":"category-politique","8":"tag-action-sociale","9":"tag-conakry"},"yoast_head":"<!-- This site is optimized with the Yoast SEO plugin v24.2 - https:\/\/yoast.com\/wordpress\/plugins\/seo\/ -->\n<title>Mise en place du COGUIFEM : honorable Fatoumata Daff\u00e9 d\u00e9nonce un manque de volont\u00e9 politique | Guin\u00e9e Diversit\u00e9<\/title>\n<meta name=\"robots\" content=\"index, follow, max-snippet:-1, max-image-preview:large, max-video-preview:-1\" \/>\n<link rel=\"canonical\" href=\"https:\/\/guineediversite.com\/index.php\/2017\/06\/13\/mise-place-coguifem-honorable-fatoumata-daffe-denonce-manque-de-volonte-politique\/\" \/>\n<meta property=\"og:locale\" content=\"fr_FR\" \/>\n<meta property=\"og:type\" content=\"article\" \/>\n<meta property=\"og:title\" content=\"Mise en place du COGUIFEM : honorable Fatoumata Daff\u00e9 d\u00e9nonce un manque de volont\u00e9 politique | Guin\u00e9e Diversit\u00e9\" \/>\n<meta property=\"og:description\" content=\"Au cours d&rsquo;un entretient avec les hommes de m\u00e9dias, le d\u00e9put\u00e9 de l&rsquo;UFR Hadja Fatoumata Daff\u00e9 s&rsquo;est exprim\u00e9 sur la mise en place du Conseil Guin\u00e9en des Femmes (COGUIFEM). Elle estime que le manque de ce conseil en Guin\u00e9e est d\u00fb au manque de volont\u00e9 politique des cadres qui se sont succ\u00e9d\u00e9 \u00e0 la t\u00eate [&hellip;]\" \/>\n<meta property=\"og:url\" content=\"https:\/\/guineediversite.com\/index.php\/2017\/06\/13\/mise-place-coguifem-honorable-fatoumata-daffe-denonce-manque-de-volonte-politique\/\" \/>\n<meta property=\"og:site_name\" content=\"Guin\u00e9e Diversit\u00e9\" \/>\n<meta property=\"article:publisher\" content=\"https:\/\/www.facebook.com\/guineediversite\/\" \/>\n<meta property=\"article:published_time\" content=\"2017-06-13T06:30:31+00:00\" \/>\n<meta property=\"article:modified_time\" content=\"2017-06-12T23:29:15+00:00\" \/>\n<meta property=\"og:image\" content=\"https:\/\/guineediversite.com\/wp-content\/uploads\/2017\/06\/received_1859806104281320.jpeg\" \/>\n\t<meta property=\"og:image:width\" content=\"960\" \/>\n\t<meta property=\"og:image:height\" content=\"720\" \/>\n\t<meta property=\"og:image:type\" content=\"image\/jpeg\" \/>\n<meta name=\"author\" content=\"Mohamed Soumah\" \/>\n<meta name=\"twitter:card\" content=\"summary_large_image\" \/>\n<meta name=\"twitter:creator\" content=\"@GuineeDiversite\" \/>\n<meta name=\"twitter:site\" content=\"@GuineeDiversite\" \/>\n<meta name=\"twitter:label1\" content=\"\u00c9crit par\" \/>\n\t<meta name=\"twitter:data1\" content=\"Mohamed Soumah\" \/>\n\t<meta name=\"twitter:label2\" content=\"Dur\u00e9e de lecture estim\u00e9e\" \/>\n\t<meta name=\"twitter:data2\" content=\"2 minutes\" \/>\n<script type=\"application\/ld+json\" class=\"yoast-schema-graph\">{\"@context\":\"https:\/\/schema.org\",\"@graph\":[{\"@type\":\"Article\",\"@id\":\"https:\/\/guineediversite.com\/index.php\/2017\/06\/13\/mise-place-coguifem-honorable-fatoumata-daffe-denonce-manque-de-volonte-politique\/#article\",\"isPartOf\":{\"@id\":\"https:\/\/guineediversite.com\/index.php\/2017\/06\/13\/mise-place-coguifem-honorable-fatoumata-daffe-denonce-manque-de-volonte-politique\/\"},\"author\":{\"name\":\"Mohamed Soumah\",\"@id\":\"https:\/\/guineediversite.com\/#\/schema\/person\/6fd709a160384bf74b931ededf0856f3\"},\"headline\":\"Mise en place du COGUIFEM : honorable Fatoumata Daff\u00e9 d\u00e9nonce un manque de volont\u00e9 politique\",\"datePublished\":\"2017-06-13T06:30:31+00:00\",\"dateModified\":\"2017-06-12T23:29:15+00:00\",\"mainEntityOfPage\":{\"@id\":\"https:\/\/guineediversite.com\/index.php\/2017\/06\/13\/mise-place-coguifem-honorable-fatoumata-daffe-denonce-manque-de-volonte-politique\/\"},\"wordCount\":369,\"commentCount\":0,\"publisher\":{\"@id\":\"https:\/\/guineediversite.com\/#organization\"},\"image\":{\"@id\":\"https:\/\/guineediversite.com\/index.php\/2017\/06\/13\/mise-place-coguifem-honorable-fatoumata-daffe-denonce-manque-de-volonte-politique\/#primaryimage\"},\"thumbnailUrl\":\"https:\/\/guineediversite.com\/wp-content\/uploads\/2017\/06\/received_1859806104281320.jpeg\",\"keywords\":[\"action sociale\",\"Conakry\"],\"articleSection\":[\"Politique\"],\"inLanguage\":\"fr-FR\",\"potentialAction\":[{\"@type\":\"CommentAction\",\"name\":\"Comment\",\"target\":[\"https:\/\/guineediversite.com\/index.php\/2017\/06\/13\/mise-place-coguifem-honorable-fatoumata-daffe-denonce-manque-de-volonte-politique\/#respond\"]}]},{\"@type\":\"WebPage\",\"@id\":\"https:\/\/guineediversite.com\/index.php\/2017\/06\/13\/mise-place-coguifem-honorable-fatoumata-daffe-denonce-manque-de-volonte-politique\/\",\"url\":\"https:\/\/guineediversite.com\/index.php\/2017\/06\/13\/mise-place-coguifem-honorable-fatoumata-daffe-denonce-manque-de-volonte-politique\/\",\"name\":\"Mise en place du COGUIFEM : honorable Fatoumata Daff\u00e9 d\u00e9nonce un manque de volont\u00e9 politique | Guin\u00e9e Diversit\u00e9\",\"isPartOf\":{\"@id\":\"https:\/\/guineediversite.com\/#website\"},\"primaryImageOfPage\":{\"@id\":\"https:\/\/guineediversite.com\/index.php\/2017\/06\/13\/mise-place-coguifem-honorable-fatoumata-daffe-denonce-manque-de-volonte-politique\/#primaryimage\"},\"image\":{\"@id\":\"https:\/\/guineediversite.com\/index.php\/2017\/06\/13\/mise-place-coguifem-honorable-fatoumata-daffe-denonce-manque-de-volonte-politique\/#primaryimage\"},\"thumbnailUrl\":\"https:\/\/guineediversite.com\/wp-content\/uploads\/2017\/06\/received_1859806104281320.jpeg\",\"datePublished\":\"2017-06-13T06:30:31+00:00\",\"dateModified\":\"2017-06-12T23:29:15+00:00\",\"breadcrumb\":{\"@id\":\"https:\/\/guineediversite.com\/index.php\/2017\/06\/13\/mise-place-coguifem-honorable-fatoumata-daffe-denonce-manque-de-volonte-politique\/#breadcrumb\"},\"inLanguage\":\"fr-FR\",\"potentialAction\":[{\"@type\":\"ReadAction\",\"target\":[\"https:\/\/guineediversite.com\/index.php\/2017\/06\/13\/mise-place-coguifem-honorable-fatoumata-daffe-denonce-manque-de-volonte-politique\/\"]}]},{\"@type\":\"ImageObject\",\"inLanguage\":\"fr-FR\",\"@id\":\"https:\/\/guineediversite.com\/index.php\/2017\/06\/13\/mise-place-coguifem-honorable-fatoumata-daffe-denonce-manque-de-volonte-politique\/#primaryimage\",\"url\":\"https:\/\/guineediversite.com\/wp-content\/uploads\/2017\/06\/received_1859806104281320.jpeg\",\"contentUrl\":\"https:\/\/guineediversite.com\/wp-content\/uploads\/2017\/06\/received_1859806104281320.jpeg\",\"width\":960,\"height\":720},{\"@type\":\"BreadcrumbList\",\"@id\":\"https:\/\/guineediversite.com\/index.php\/2017\/06\/13\/mise-place-coguifem-honorable-fatoumata-daffe-denonce-manque-de-volonte-politique\/#breadcrumb\",\"itemListElement\":[{\"@type\":\"ListItem\",\"position\":1,\"name\":\"Accueil\",\"item\":\"https:\/\/guineediversite.com\/\"},{\"@type\":\"ListItem\",\"position\":2,\"name\":\"Mise en place du COGUIFEM : honorable Fatoumata Daff\u00e9 d\u00e9nonce un manque de volont\u00e9 politique\"}]},{\"@type\":\"WebSite\",\"@id\":\"https:\/\/guineediversite.com\/#website\",\"url\":\"https:\/\/guineediversite.com\/\",\"name\":\"Guin\u00e9e Diversit\u00e9\",\"description\":\"L&#039;Info dans toute sa diversit\u00e9\",\"publisher\":{\"@id\":\"https:\/\/guineediversite.com\/#organization\"},\"potentialAction\":[{\"@type\":\"SearchAction\",\"target\":{\"@type\":\"EntryPoint\",\"urlTemplate\":\"https:\/\/guineediversite.com\/?s={search_term_string}\"},\"query-input\":{\"@type\":\"PropertyValueSpecification\",\"valueRequired\":true,\"valueName\":\"search_term_string\"}}],\"inLanguage\":\"fr-FR\"},{\"@type\":\"Organization\",\"@id\":\"https:\/\/guineediversite.com\/#organization\",\"name\":\"Guin\u00e9e Diversit\u00e9\",\"url\":\"https:\/\/guineediversite.com\/\",\"logo\":{\"@type\":\"ImageObject\",\"inLanguage\":\"fr-FR\",\"@id\":\"https:\/\/guineediversite.com\/#\/schema\/logo\/image\/\",\"url\":\"https:\/\/guineediversite.com\/wp-content\/uploads\/2017\/04\/cropped-1jojlxEOMkX9Wyqfhe43D6kjPOGqBBKmx3EwWJqZ0cMrFF54yM49.png\",\"contentUrl\":\"https:\/\/guineediversite.com\/wp-content\/uploads\/2017\/04\/cropped-1jojlxEOMkX9Wyqfhe43D6kjPOGqBBKmx3EwWJqZ0cMrFF54yM49.png\",\"width\":186,\"height\":112,\"caption\":\"Guin\u00e9e Diversit\u00e9\"},\"image\":{\"@id\":\"https:\/\/guineediversite.com\/#\/schema\/logo\/image\/\"},\"sameAs\":[\"https:\/\/www.facebook.com\/guineediversite\/\",\"https:\/\/x.com\/GuineeDiversite\",\"https:\/\/www.youtube.com\/channel\/UC8sUY16qelG5ge6_D5SB83g\"]},{\"@type\":\"Person\",\"@id\":\"https:\/\/guineediversite.com\/#\/schema\/person\/6fd709a160384bf74b931ededf0856f3\",\"name\":\"Mohamed Soumah\",\"image\":{\"@type\":\"ImageObject\",\"inLanguage\":\"fr-FR\",\"@id\":\"https:\/\/guineediversite.com\/#\/schema\/person\/image\/\",\"url\":\"https:\/\/secure.gravatar.com\/avatar\/4c1e00b5ab2c2b85b5c9be70590b9f67?s=96&d=mm&r=g\",\"contentUrl\":\"https:\/\/secure.gravatar.com\/avatar\/4c1e00b5ab2c2b85b5c9be70590b9f67?s=96&d=mm&r=g\",\"caption\":\"Mohamed Soumah\"},\"url\":\"https:\/\/guineediversite.com\/index.php\/author\/mohamed\/\"}]}<\/script>\n<!-- \/ Yoast SEO plugin. -->","yoast_head_json":{"title":"Mise en place du COGUIFEM : honorable Fatoumata Daff\u00e9 d\u00e9nonce un manque de volont\u00e9 politique | Guin\u00e9e Diversit\u00e9","robots":{"index":"index","follow":"follow","max-snippet":"max-snippet:-1","max-image-preview":"max-image-preview:large","max-video-preview":"max-video-preview:-1"},"canonical":"https:\/\/guineediversite.com\/index.php\/2017\/06\/13\/mise-place-coguifem-honorable-fatoumata-daffe-denonce-manque-de-volonte-politique\/","og_locale":"fr_FR","og_type":"article","og_title":"Mise en place du COGUIFEM : honorable Fatoumata Daff\u00e9 d\u00e9nonce un manque de volont\u00e9 politique | Guin\u00e9e Diversit\u00e9","og_description":"Au cours d&rsquo;un entretient avec les hommes de m\u00e9dias, le d\u00e9put\u00e9 de l&rsquo;UFR Hadja Fatoumata Daff\u00e9 s&rsquo;est exprim\u00e9 sur la mise en place du Conseil Guin\u00e9en des Femmes (COGUIFEM). Elle estime que le manque de ce conseil en Guin\u00e9e est d\u00fb au manque de volont\u00e9 politique des cadres qui se sont succ\u00e9d\u00e9 \u00e0 la t\u00eate [&hellip;]","og_url":"https:\/\/guineediversite.com\/index.php\/2017\/06\/13\/mise-place-coguifem-honorable-fatoumata-daffe-denonce-manque-de-volonte-politique\/","og_site_name":"Guin\u00e9e Diversit\u00e9","article_publisher":"https:\/\/www.facebook.com\/guineediversite\/","article_published_time":"2017-06-13T06:30:31+00:00","article_modified_time":"2017-06-12T23:29:15+00:00","og_image":[{"width":960,"height":720,"url":"https:\/\/guineediversite.com\/wp-content\/uploads\/2017\/06\/received_1859806104281320.jpeg","type":"image\/jpeg"}],"author":"Mohamed Soumah","twitter_card":"summary_large_image","twitter_creator":"@GuineeDiversite","twitter_site":"@GuineeDiversite","twitter_misc":{"\u00c9crit par":"Mohamed Soumah","Dur\u00e9e de lecture estim\u00e9e":"2 minutes"},"schema":{"@context":"https:\/\/schema.org","@graph":[{"@type":"Article","@id":"https:\/\/guineediversite.com\/index.php\/2017\/06\/13\/mise-place-coguifem-honorable-fatoumata-daffe-denonce-manque-de-volonte-politique\/#article","isPartOf":{"@id":"https:\/\/guineediversite.com\/index.php\/2017\/06\/13\/mise-place-coguifem-honorable-fatoumata-daffe-denonce-manque-de-volonte-politique\/"},"author":{"name":"Mohamed Soumah","@id":"https:\/\/guineediversite.com\/#\/schema\/person\/6fd709a160384bf74b931ededf0856f3"},"headline":"Mise en place du COGUIFEM : honorable Fatoumata Daff\u00e9 d\u00e9nonce un manque de volont\u00e9 politique","datePublished":"2017-06-13T06:30:31+00:00","dateModified":"2017-06-12T23:29:15+00:00","mainEntityOfPage":{"@id":"https:\/\/guineediversite.com\/index.php\/2017\/06\/13\/mise-place-coguifem-honorable-fatoumata-daffe-denonce-manque-de-volonte-politique\/"},"wordCount":369,"commentCount":0,"publisher":{"@id":"https:\/\/guineediversite.com\/#organization"},"image":{"@id":"https:\/\/guineediversite.com\/index.php\/2017\/06\/13\/mise-place-coguifem-honorable-fatoumata-daffe-denonce-manque-de-volonte-politique\/#primaryimage"},"thumbnailUrl":"https:\/\/guineediversite.com\/wp-content\/uploads\/2017\/06\/received_1859806104281320.jpeg","keywords":["action sociale","Conakry"],"articleSection":["Politique"],"inLanguage":"fr-FR","potentialAction":[{"@type":"CommentAction","name":"Comment","target":["https:\/\/guineediversite.com\/index.php\/2017\/06\/13\/mise-place-coguifem-honorable-fatoumata-daffe-denonce-manque-de-volonte-politique\/#respond"]}]},{"@type":"WebPage","@id":"https:\/\/guineediversite.com\/index.php\/2017\/06\/13\/mise-place-coguifem-honorable-fatoumata-daffe-denonce-manque-de-volonte-politique\/","url":"https:\/\/guineediversite.com\/index.php\/2017\/06\/13\/mise-place-coguifem-honorable-fatoumata-daffe-denonce-manque-de-volonte-politique\/","name":"Mise en place du COGUIFEM : honorable Fatoumata Daff\u00e9 d\u00e9nonce un manque de volont\u00e9 politique | Guin\u00e9e Diversit\u00e9","isPartOf":{"@id":"https:\/\/guineediversite.com\/#website"},"primaryImageOfPage":{"@id":"https:\/\/guineediversite.com\/index.php\/2017\/06\/13\/mise-place-coguifem-honorable-fatoumata-daffe-denonce-manque-de-volonte-politique\/#primaryimage"},"image":{"@id":"https:\/\/guineediversite.com\/index.php\/2017\/06\/13\/mise-place-coguifem-honorable-fatoumata-daffe-denonce-manque-de-volonte-politique\/#primaryimage"},"thumbnailUrl":"https:\/\/guineediversite.com\/wp-content\/uploads\/2017\/06\/received_1859806104281320.jpeg","datePublished":"2017-06-13T06:30:31+00:00","dateModified":"2017-06-12T23:29:15+00:00","breadcrumb":{"@id":"https:\/\/guineediversite.com\/index.php\/2017\/06\/13\/mise-place-coguifem-honorable-fatoumata-daffe-denonce-manque-de-volonte-politique\/#breadcrumb"},"inLanguage":"fr-FR","potentialAction":[{"@type":"ReadAction","target":["https:\/\/guineediversite.com\/index.php\/2017\/06\/13\/mise-place-coguifem-honorable-fatoumata-daffe-denonce-manque-de-volonte-politique\/"]}]},{"@type":"ImageObject","inLanguage":"fr-FR","@id":"https:\/\/guineediversite.com\/index.php\/2017\/06\/13\/mise-place-coguifem-honorable-fatoumata-daffe-denonce-manque-de-volonte-politique\/#primaryimage","url":"https:\/\/guineediversite.com\/wp-content\/uploads\/2017\/06\/received_1859806104281320.jpeg","contentUrl":"https:\/\/guineediversite.com\/wp-content\/uploads\/2017\/06\/received_1859806104281320.jpeg","width":960,"height":720},{"@type":"BreadcrumbList","@id":"https:\/\/guineediversite.com\/index.php\/2017\/06\/13\/mise-place-coguifem-honorable-fatoumata-daffe-denonce-manque-de-volonte-politique\/#breadcrumb","itemListElement":[{"@type":"ListItem","position":1,"name":"Accueil","item":"https:\/\/guineediversite.com\/"},{"@type":"ListItem","position":2,"name":"Mise en place du COGUIFEM : honorable Fatoumata Daff\u00e9 d\u00e9nonce un manque de volont\u00e9 politique"}]},{"@type":"WebSite","@id":"https:\/\/guineediversite.com\/#website","url":"https:\/\/guineediversite.com\/","name":"Guin\u00e9e Diversit\u00e9","description":"L&#039;Info dans toute sa diversit\u00e9","publisher":{"@id":"https:\/\/guineediversite.com\/#organization"},"potentialAction":[{"@type":"SearchAction","target":{"@type":"EntryPoint","urlTemplate":"https:\/\/guineediversite.com\/?s={search_term_string}"},"query-input":{"@type":"PropertyValueSpecification","valueRequired":true,"valueName":"search_term_string"}}],"inLanguage":"fr-FR"},{"@type":"Organization","@id":"https:\/\/guineediversite.com\/#organization","name":"Guin\u00e9e Diversit\u00e9","url":"https:\/\/guineediversite.com\/","logo":{"@type":"ImageObject","inLanguage":"fr-FR","@id":"https:\/\/guineediversite.com\/#\/schema\/logo\/image\/","url":"https:\/\/guineediversite.com\/wp-content\/uploads\/2017\/04\/cropped-1jojlxEOMkX9Wyqfhe43D6kjPOGqBBKmx3EwWJqZ0cMrFF54yM49.png","contentUrl":"https:\/\/guineediversite.com\/wp-content\/uploads\/2017\/04\/cropped-1jojlxEOMkX9Wyqfhe43D6kjPOGqBBKmx3EwWJqZ0cMrFF54yM49.png","width":186,"height":112,"caption":"Guin\u00e9e Diversit\u00e9"},"image":{"@id":"https:\/\/guineediversite.com\/#\/schema\/logo\/image\/"},"sameAs":["https:\/\/www.facebook.com\/guineediversite\/","https:\/\/x.com\/GuineeDiversite","https:\/\/www.youtube.com\/channel\/UC8sUY16qelG5ge6_D5SB83g"]},{"@type":"Person","@id":"https:\/\/guineediversite.com\/#\/schema\/person\/6fd709a160384bf74b931ededf0856f3","name":"Mohamed Soumah","image":{"@type":"ImageObject","inLanguage":"fr-FR","@id":"https:\/\/guineediversite.com\/#\/schema\/person\/image\/","url":"https:\/\/secure.gravatar.com\/avatar\/4c1e00b5ab2c2b85b5c9be70590b9f67?s=96&d=mm&r=g","contentUrl":"https:\/\/secure.gravatar.com\/avatar\/4c1e00b5ab2c2b85b5c9be70590b9f67?s=96&d=mm&r=g","caption":"Mohamed Soumah"},"url":"https:\/\/guineediversite.com\/index.php\/author\/mohamed\/"}]}},"_links":{"self":[{"href":"https:\/\/guineediversite.com\/index.php\/wp-json\/wp\/v2\/posts\/20182"}],"collection":[{"href":"https:\/\/guineediversite.com\/index.php\/wp-json\/wp\/v2\/posts"}],"about":[{"href":"https:\/\/guineediversite.com\/index.php\/wp-json\/wp\/v2\/types\/post"}],"author":[{"embeddable":true,"href":"https:\/\/guineediversite.com\/index.php\/wp-json\/wp\/v2\/users\/9"}],"replies":[{"embeddable":true,"href":"https:\/\/guineediversite.com\/index.php\/wp-json\/wp\/v2\/comments?post=20182"}],"version-history":[{"count":0,"href":"https:\/\/guineediversite.com\/index.php\/wp-json\/wp\/v2\/posts\/20182\/revisions"}],"wp:featuredmedia":[{"embeddable":true,"href":"https:\/\/guineediversite.com\/index.php\/wp-json\/wp\/v2\/media\/20024"}],"wp:attachment":[{"href":"https:\/\/guineediversite.com\/index.php\/wp-json\/wp\/v2\/media?parent=20182"}],"wp:term":[{"taxonomy":"category","embeddable":true,"href":"https:\/\/guineediversite.com\/index.php\/wp-json\/wp\/v2\/categories?post=20182"},{"taxonomy":"post_tag","embeddable":true,"href":"https:\/\/guineediversite.com\/index.php\/wp-json\/wp\/v2\/tags?post=20182"}],"curies":[{"name":"wp","href":"https:\/\/api.w.org\/{rel}","templated":true}]}}