{"id":20015,"date":"2017-06-03T16:08:24","date_gmt":"2017-06-03T14:08:24","guid":{"rendered":"https:\/\/guineediversite.com.bwjx4292.odns.fr\/?p=20015"},"modified":"2017-06-03T16:16:23","modified_gmt":"2017-06-03T14:16:23","slug":"sayon-bamba-annonce-nouvel-album","status":"publish","type":"post","link":"https:\/\/guineediversite.com\/index.php\/2017\/06\/03\/sayon-bamba-annonce-nouvel-album\/","title":{"rendered":"Sayon Bamba annonce son nouvel album"},"content":{"rendered":"<p>Malgr\u00e9 qu\u2019elle soit \u00e0 la t\u00eate de l\u2019Agence\u00a0guin\u00e9enne\u00a0de spectacle, Sayon\u00a0Bamba\u00a0Camara\u00a0n\u2019a pas abandonn\u00e9 la musique.\u00a0Pr\u00e9sentement, elle pr\u00e9pare son nouvel album \u00ab\u00a0Gnogu\u00e9\u00a0Tombo\u00a0\u00bb\u00a0(la poubelle), dont la sortie est pr\u00e9vue le 15 juillet prochain \u00e0 Conakry.<br \/>\nElle a fait cette annonce lors d\u2019une \u00e9mission culturelle sur une radio de la place, le 01 juin dernier.\u00a0Selon Sayon\u00a0Bamba, elle avait fini d\u2019enregistrer cet album \u00e0 la veille de sa nomination \u00e0 la direction g\u00e9n\u00e9rale de l\u2019Agence\u00a0guin\u00e9enne\u00a0de spectacle.<br \/>\nDans son intervention, elle a fait savoir qu\u2019elle travaille sur la finition de ce nouvel opus, qui sortira lors de la c\u00e9l\u00e9bration de ses 20 ans de carri\u00e8re artistique.<\/p>\n","protected":false},"excerpt":{"rendered":"<p>Malgr\u00e9 qu\u2019elle soit \u00e0 la t\u00eate de l\u2019Agence\u00a0guin\u00e9enne\u00a0de spectacle, Sayon\u00a0Bamba\u00a0Camara\u00a0n\u2019a pas abandonn\u00e9 la musique.\u00a0Pr\u00e9sentement, elle pr\u00e9pare son nouvel album \u00ab\u00a0Gnogu\u00e9\u00a0Tombo\u00a0\u00bb\u00a0(la poubelle), dont la sortie est pr\u00e9vue le 15 juillet prochain \u00e0 Conakry. Elle a fait cette annonce lors d\u2019une \u00e9mission culturelle sur une radio de la place, le 01 juin dernier.\u00a0Selon Sayon\u00a0Bamba, elle avait fini [&hellip;]<\/p>\n","protected":false},"author":8,"featured_media":20018,"comment_status":"open","ping_status":"open","sticky":false,"template":"","format":"standard","meta":{"_exactmetrics_skip_tracking":false,"_exactmetrics_sitenote_active":false,"_exactmetrics_sitenote_note":"","_exactmetrics_sitenote_category":0,"tdm_status":"","tdm_grid_status":"","footnotes":""},"categories":[24],"tags":[41,45],"class_list":{"0":"post-20015","1":"post","2":"type-post","3":"status-publish","4":"format-standard","5":"has-post-thumbnail","7":"category-art-et-culture","8":"tag-guinee","9":"tag-sayon-bama"},"yoast_head":"<!-- This site is optimized with the Yoast SEO plugin v24.2 - https:\/\/yoast.com\/wordpress\/plugins\/seo\/ -->\n<title>Sayon Bamba annonce son nouvel album | Guin\u00e9e Diversit\u00e9<\/title>\n<meta name=\"robots\" content=\"index, follow, max-snippet:-1, max-image-preview:large, max-video-preview:-1\" \/>\n<link rel=\"canonical\" href=\"https:\/\/guineediversite.com\/index.php\/2017\/06\/03\/sayon-bamba-annonce-nouvel-album\/\" \/>\n<meta property=\"og:locale\" content=\"fr_FR\" \/>\n<meta property=\"og:type\" content=\"article\" \/>\n<meta property=\"og:title\" content=\"Sayon Bamba annonce son nouvel album | Guin\u00e9e Diversit\u00e9\" \/>\n<meta property=\"og:description\" content=\"Malgr\u00e9 qu\u2019elle soit \u00e0 la t\u00eate de l\u2019Agence\u00a0guin\u00e9enne\u00a0de spectacle, Sayon\u00a0Bamba\u00a0Camara\u00a0n\u2019a pas abandonn\u00e9 la musique.\u00a0Pr\u00e9sentement, elle pr\u00e9pare son nouvel album \u00ab\u00a0Gnogu\u00e9\u00a0Tombo\u00a0\u00bb\u00a0(la poubelle), dont la sortie est pr\u00e9vue le 15 juillet prochain \u00e0 Conakry. Elle a fait cette annonce lors d\u2019une \u00e9mission culturelle sur une radio de la place, le 01 juin dernier.\u00a0Selon Sayon\u00a0Bamba, elle avait fini [&hellip;]\" \/>\n<meta property=\"og:url\" content=\"https:\/\/guineediversite.com\/index.php\/2017\/06\/03\/sayon-bamba-annonce-nouvel-album\/\" \/>\n<meta property=\"og:site_name\" content=\"Guin\u00e9e Diversit\u00e9\" \/>\n<meta property=\"article:publisher\" content=\"https:\/\/www.facebook.com\/guineediversite\/\" \/>\n<meta property=\"article:published_time\" content=\"2017-06-03T14:08:24+00:00\" \/>\n<meta property=\"article:modified_time\" content=\"2017-06-03T14:16:23+00:00\" \/>\n<meta property=\"og:image\" content=\"https:\/\/guineediversite.com\/wp-content\/uploads\/2017\/06\/Sayon-Bamba-620x330.jpg\" \/>\n\t<meta property=\"og:image:width\" content=\"620\" \/>\n\t<meta property=\"og:image:height\" content=\"330\" \/>\n\t<meta property=\"og:image:type\" content=\"image\/jpeg\" \/>\n<meta name=\"author\" content=\"Aboubacar Bangoura\" \/>\n<meta name=\"twitter:card\" content=\"summary_large_image\" \/>\n<meta name=\"twitter:creator\" content=\"@GuineeDiversite\" \/>\n<meta name=\"twitter:site\" content=\"@GuineeDiversite\" \/>\n<meta name=\"twitter:label1\" content=\"\u00c9crit par\" \/>\n\t<meta name=\"twitter:data1\" content=\"Aboubacar Bangoura\" \/>\n\t<meta name=\"twitter:label2\" content=\"Dur\u00e9e de lecture estim\u00e9e\" \/>\n\t<meta name=\"twitter:data2\" content=\"1 minute\" \/>\n<script type=\"application\/ld+json\" class=\"yoast-schema-graph\">{\"@context\":\"https:\/\/schema.org\",\"@graph\":[{\"@type\":\"Article\",\"@id\":\"https:\/\/guineediversite.com\/index.php\/2017\/06\/03\/sayon-bamba-annonce-nouvel-album\/#article\",\"isPartOf\":{\"@id\":\"https:\/\/guineediversite.com\/index.php\/2017\/06\/03\/sayon-bamba-annonce-nouvel-album\/\"},\"author\":{\"name\":\"Aboubacar Bangoura\",\"@id\":\"https:\/\/guineediversite.com\/#\/schema\/person\/5dedff72ab9d6646efe724485147238a\"},\"headline\":\"Sayon Bamba annonce son nouvel album\",\"datePublished\":\"2017-06-03T14:08:24+00:00\",\"dateModified\":\"2017-06-03T14:16:23+00:00\",\"mainEntityOfPage\":{\"@id\":\"https:\/\/guineediversite.com\/index.php\/2017\/06\/03\/sayon-bamba-annonce-nouvel-album\/\"},\"wordCount\":129,\"commentCount\":0,\"publisher\":{\"@id\":\"https:\/\/guineediversite.com\/#organization\"},\"image\":{\"@id\":\"https:\/\/guineediversite.com\/index.php\/2017\/06\/03\/sayon-bamba-annonce-nouvel-album\/#primaryimage\"},\"thumbnailUrl\":\"https:\/\/guineediversite.com\/wp-content\/uploads\/2017\/06\/Sayon-Bamba-620x330.jpg\",\"keywords\":[\"Guin\u00e9e\",\"Sayon Bama\"],\"articleSection\":[\"Culture\"],\"inLanguage\":\"fr-FR\",\"potentialAction\":[{\"@type\":\"CommentAction\",\"name\":\"Comment\",\"target\":[\"https:\/\/guineediversite.com\/index.php\/2017\/06\/03\/sayon-bamba-annonce-nouvel-album\/#respond\"]}]},{\"@type\":\"WebPage\",\"@id\":\"https:\/\/guineediversite.com\/index.php\/2017\/06\/03\/sayon-bamba-annonce-nouvel-album\/\",\"url\":\"https:\/\/guineediversite.com\/index.php\/2017\/06\/03\/sayon-bamba-annonce-nouvel-album\/\",\"name\":\"Sayon Bamba annonce son nouvel album | Guin\u00e9e Diversit\u00e9\",\"isPartOf\":{\"@id\":\"https:\/\/guineediversite.com\/#website\"},\"primaryImageOfPage\":{\"@id\":\"https:\/\/guineediversite.com\/index.php\/2017\/06\/03\/sayon-bamba-annonce-nouvel-album\/#primaryimage\"},\"image\":{\"@id\":\"https:\/\/guineediversite.com\/index.php\/2017\/06\/03\/sayon-bamba-annonce-nouvel-album\/#primaryimage\"},\"thumbnailUrl\":\"https:\/\/guineediversite.com\/wp-content\/uploads\/2017\/06\/Sayon-Bamba-620x330.jpg\",\"datePublished\":\"2017-06-03T14:08:24+00:00\",\"dateModified\":\"2017-06-03T14:16:23+00:00\",\"breadcrumb\":{\"@id\":\"https:\/\/guineediversite.com\/index.php\/2017\/06\/03\/sayon-bamba-annonce-nouvel-album\/#breadcrumb\"},\"inLanguage\":\"fr-FR\",\"potentialAction\":[{\"@type\":\"ReadAction\",\"target\":[\"https:\/\/guineediversite.com\/index.php\/2017\/06\/03\/sayon-bamba-annonce-nouvel-album\/\"]}]},{\"@type\":\"ImageObject\",\"inLanguage\":\"fr-FR\",\"@id\":\"https:\/\/guineediversite.com\/index.php\/2017\/06\/03\/sayon-bamba-annonce-nouvel-album\/#primaryimage\",\"url\":\"https:\/\/guineediversite.com\/wp-content\/uploads\/2017\/06\/Sayon-Bamba-620x330.jpg\",\"contentUrl\":\"https:\/\/guineediversite.com\/wp-content\/uploads\/2017\/06\/Sayon-Bamba-620x330.jpg\",\"width\":620,\"height\":330},{\"@type\":\"BreadcrumbList\",\"@id\":\"https:\/\/guineediversite.com\/index.php\/2017\/06\/03\/sayon-bamba-annonce-nouvel-album\/#breadcrumb\",\"itemListElement\":[{\"@type\":\"ListItem\",\"position\":1,\"name\":\"Accueil\",\"item\":\"https:\/\/guineediversite.com\/\"},{\"@type\":\"ListItem\",\"position\":2,\"name\":\"Sayon Bamba annonce son nouvel album\"}]},{\"@type\":\"WebSite\",\"@id\":\"https:\/\/guineediversite.com\/#website\",\"url\":\"https:\/\/guineediversite.com\/\",\"name\":\"Guin\u00e9e Diversit\u00e9\",\"description\":\"L&#039;Info dans toute sa diversit\u00e9\",\"publisher\":{\"@id\":\"https:\/\/guineediversite.com\/#organization\"},\"potentialAction\":[{\"@type\":\"SearchAction\",\"target\":{\"@type\":\"EntryPoint\",\"urlTemplate\":\"https:\/\/guineediversite.com\/?s={search_term_string}\"},\"query-input\":{\"@type\":\"PropertyValueSpecification\",\"valueRequired\":true,\"valueName\":\"search_term_string\"}}],\"inLanguage\":\"fr-FR\"},{\"@type\":\"Organization\",\"@id\":\"https:\/\/guineediversite.com\/#organization\",\"name\":\"Guin\u00e9e Diversit\u00e9\",\"url\":\"https:\/\/guineediversite.com\/\",\"logo\":{\"@type\":\"ImageObject\",\"inLanguage\":\"fr-FR\",\"@id\":\"https:\/\/guineediversite.com\/#\/schema\/logo\/image\/\",\"url\":\"https:\/\/guineediversite.com\/wp-content\/uploads\/2017\/04\/cropped-1jojlxEOMkX9Wyqfhe43D6kjPOGqBBKmx3EwWJqZ0cMrFF54yM49.png\",\"contentUrl\":\"https:\/\/guineediversite.com\/wp-content\/uploads\/2017\/04\/cropped-1jojlxEOMkX9Wyqfhe43D6kjPOGqBBKmx3EwWJqZ0cMrFF54yM49.png\",\"width\":186,\"height\":112,\"caption\":\"Guin\u00e9e Diversit\u00e9\"},\"image\":{\"@id\":\"https:\/\/guineediversite.com\/#\/schema\/logo\/image\/\"},\"sameAs\":[\"https:\/\/www.facebook.com\/guineediversite\/\",\"https:\/\/x.com\/GuineeDiversite\",\"https:\/\/www.youtube.com\/channel\/UC8sUY16qelG5ge6_D5SB83g\"]},{\"@type\":\"Person\",\"@id\":\"https:\/\/guineediversite.com\/#\/schema\/person\/5dedff72ab9d6646efe724485147238a\",\"name\":\"Aboubacar Bangoura\",\"image\":{\"@type\":\"ImageObject\",\"inLanguage\":\"fr-FR\",\"@id\":\"https:\/\/guineediversite.com\/#\/schema\/person\/image\/\",\"url\":\"https:\/\/secure.gravatar.com\/avatar\/c2b1df80e8be800cc94c8d8543e88ccc?s=96&d=mm&r=g\",\"contentUrl\":\"https:\/\/secure.gravatar.com\/avatar\/c2b1df80e8be800cc94c8d8543e88ccc?s=96&d=mm&r=g\",\"caption\":\"Aboubacar Bangoura\"},\"url\":\"https:\/\/guineediversite.com\/index.php\/author\/aboubacar\/\"}]}<\/script>\n<!-- \/ Yoast SEO plugin. -->","yoast_head_json":{"title":"Sayon Bamba annonce son nouvel album | Guin\u00e9e Diversit\u00e9","robots":{"index":"index","follow":"follow","max-snippet":"max-snippet:-1","max-image-preview":"max-image-preview:large","max-video-preview":"max-video-preview:-1"},"canonical":"https:\/\/guineediversite.com\/index.php\/2017\/06\/03\/sayon-bamba-annonce-nouvel-album\/","og_locale":"fr_FR","og_type":"article","og_title":"Sayon Bamba annonce son nouvel album | Guin\u00e9e Diversit\u00e9","og_description":"Malgr\u00e9 qu\u2019elle soit \u00e0 la t\u00eate de l\u2019Agence\u00a0guin\u00e9enne\u00a0de spectacle, Sayon\u00a0Bamba\u00a0Camara\u00a0n\u2019a pas abandonn\u00e9 la musique.\u00a0Pr\u00e9sentement, elle pr\u00e9pare son nouvel album \u00ab\u00a0Gnogu\u00e9\u00a0Tombo\u00a0\u00bb\u00a0(la poubelle), dont la sortie est pr\u00e9vue le 15 juillet prochain \u00e0 Conakry. Elle a fait cette annonce lors d\u2019une \u00e9mission culturelle sur une radio de la place, le 01 juin dernier.\u00a0Selon Sayon\u00a0Bamba, elle avait fini [&hellip;]","og_url":"https:\/\/guineediversite.com\/index.php\/2017\/06\/03\/sayon-bamba-annonce-nouvel-album\/","og_site_name":"Guin\u00e9e Diversit\u00e9","article_publisher":"https:\/\/www.facebook.com\/guineediversite\/","article_published_time":"2017-06-03T14:08:24+00:00","article_modified_time":"2017-06-03T14:16:23+00:00","og_image":[{"width":620,"height":330,"url":"https:\/\/guineediversite.com\/wp-content\/uploads\/2017\/06\/Sayon-Bamba-620x330.jpg","type":"image\/jpeg"}],"author":"Aboubacar Bangoura","twitter_card":"summary_large_image","twitter_creator":"@GuineeDiversite","twitter_site":"@GuineeDiversite","twitter_misc":{"\u00c9crit par":"Aboubacar Bangoura","Dur\u00e9e de lecture estim\u00e9e":"1 minute"},"schema":{"@context":"https:\/\/schema.org","@graph":[{"@type":"Article","@id":"https:\/\/guineediversite.com\/index.php\/2017\/06\/03\/sayon-bamba-annonce-nouvel-album\/#article","isPartOf":{"@id":"https:\/\/guineediversite.com\/index.php\/2017\/06\/03\/sayon-bamba-annonce-nouvel-album\/"},"author":{"name":"Aboubacar Bangoura","@id":"https:\/\/guineediversite.com\/#\/schema\/person\/5dedff72ab9d6646efe724485147238a"},"headline":"Sayon Bamba annonce son nouvel album","datePublished":"2017-06-03T14:08:24+00:00","dateModified":"2017-06-03T14:16:23+00:00","mainEntityOfPage":{"@id":"https:\/\/guineediversite.com\/index.php\/2017\/06\/03\/sayon-bamba-annonce-nouvel-album\/"},"wordCount":129,"commentCount":0,"publisher":{"@id":"https:\/\/guineediversite.com\/#organization"},"image":{"@id":"https:\/\/guineediversite.com\/index.php\/2017\/06\/03\/sayon-bamba-annonce-nouvel-album\/#primaryimage"},"thumbnailUrl":"https:\/\/guineediversite.com\/wp-content\/uploads\/2017\/06\/Sayon-Bamba-620x330.jpg","keywords":["Guin\u00e9e","Sayon Bama"],"articleSection":["Culture"],"inLanguage":"fr-FR","potentialAction":[{"@type":"CommentAction","name":"Comment","target":["https:\/\/guineediversite.com\/index.php\/2017\/06\/03\/sayon-bamba-annonce-nouvel-album\/#respond"]}]},{"@type":"WebPage","@id":"https:\/\/guineediversite.com\/index.php\/2017\/06\/03\/sayon-bamba-annonce-nouvel-album\/","url":"https:\/\/guineediversite.com\/index.php\/2017\/06\/03\/sayon-bamba-annonce-nouvel-album\/","name":"Sayon Bamba annonce son nouvel album | Guin\u00e9e Diversit\u00e9","isPartOf":{"@id":"https:\/\/guineediversite.com\/#website"},"primaryImageOfPage":{"@id":"https:\/\/guineediversite.com\/index.php\/2017\/06\/03\/sayon-bamba-annonce-nouvel-album\/#primaryimage"},"image":{"@id":"https:\/\/guineediversite.com\/index.php\/2017\/06\/03\/sayon-bamba-annonce-nouvel-album\/#primaryimage"},"thumbnailUrl":"https:\/\/guineediversite.com\/wp-content\/uploads\/2017\/06\/Sayon-Bamba-620x330.jpg","datePublished":"2017-06-03T14:08:24+00:00","dateModified":"2017-06-03T14:16:23+00:00","breadcrumb":{"@id":"https:\/\/guineediversite.com\/index.php\/2017\/06\/03\/sayon-bamba-annonce-nouvel-album\/#breadcrumb"},"inLanguage":"fr-FR","potentialAction":[{"@type":"ReadAction","target":["https:\/\/guineediversite.com\/index.php\/2017\/06\/03\/sayon-bamba-annonce-nouvel-album\/"]}]},{"@type":"ImageObject","inLanguage":"fr-FR","@id":"https:\/\/guineediversite.com\/index.php\/2017\/06\/03\/sayon-bamba-annonce-nouvel-album\/#primaryimage","url":"https:\/\/guineediversite.com\/wp-content\/uploads\/2017\/06\/Sayon-Bamba-620x330.jpg","contentUrl":"https:\/\/guineediversite.com\/wp-content\/uploads\/2017\/06\/Sayon-Bamba-620x330.jpg","width":620,"height":330},{"@type":"BreadcrumbList","@id":"https:\/\/guineediversite.com\/index.php\/2017\/06\/03\/sayon-bamba-annonce-nouvel-album\/#breadcrumb","itemListElement":[{"@type":"ListItem","position":1,"name":"Accueil","item":"https:\/\/guineediversite.com\/"},{"@type":"ListItem","position":2,"name":"Sayon Bamba annonce son nouvel album"}]},{"@type":"WebSite","@id":"https:\/\/guineediversite.com\/#website","url":"https:\/\/guineediversite.com\/","name":"Guin\u00e9e Diversit\u00e9","description":"L&#039;Info dans toute sa diversit\u00e9","publisher":{"@id":"https:\/\/guineediversite.com\/#organization"},"potentialAction":[{"@type":"SearchAction","target":{"@type":"EntryPoint","urlTemplate":"https:\/\/guineediversite.com\/?s={search_term_string}"},"query-input":{"@type":"PropertyValueSpecification","valueRequired":true,"valueName":"search_term_string"}}],"inLanguage":"fr-FR"},{"@type":"Organization","@id":"https:\/\/guineediversite.com\/#organization","name":"Guin\u00e9e Diversit\u00e9","url":"https:\/\/guineediversite.com\/","logo":{"@type":"ImageObject","inLanguage":"fr-FR","@id":"https:\/\/guineediversite.com\/#\/schema\/logo\/image\/","url":"https:\/\/guineediversite.com\/wp-content\/uploads\/2017\/04\/cropped-1jojlxEOMkX9Wyqfhe43D6kjPOGqBBKmx3EwWJqZ0cMrFF54yM49.png","contentUrl":"https:\/\/guineediversite.com\/wp-content\/uploads\/2017\/04\/cropped-1jojlxEOMkX9Wyqfhe43D6kjPOGqBBKmx3EwWJqZ0cMrFF54yM49.png","width":186,"height":112,"caption":"Guin\u00e9e Diversit\u00e9"},"image":{"@id":"https:\/\/guineediversite.com\/#\/schema\/logo\/image\/"},"sameAs":["https:\/\/www.facebook.com\/guineediversite\/","https:\/\/x.com\/GuineeDiversite","https:\/\/www.youtube.com\/channel\/UC8sUY16qelG5ge6_D5SB83g"]},{"@type":"Person","@id":"https:\/\/guineediversite.com\/#\/schema\/person\/5dedff72ab9d6646efe724485147238a","name":"Aboubacar Bangoura","image":{"@type":"ImageObject","inLanguage":"fr-FR","@id":"https:\/\/guineediversite.com\/#\/schema\/person\/image\/","url":"https:\/\/secure.gravatar.com\/avatar\/c2b1df80e8be800cc94c8d8543e88ccc?s=96&d=mm&r=g","contentUrl":"https:\/\/secure.gravatar.com\/avatar\/c2b1df80e8be800cc94c8d8543e88ccc?s=96&d=mm&r=g","caption":"Aboubacar Bangoura"},"url":"https:\/\/guineediversite.com\/index.php\/author\/aboubacar\/"}]}},"_links":{"self":[{"href":"https:\/\/guineediversite.com\/index.php\/wp-json\/wp\/v2\/posts\/20015"}],"collection":[{"href":"https:\/\/guineediversite.com\/index.php\/wp-json\/wp\/v2\/posts"}],"about":[{"href":"https:\/\/guineediversite.com\/index.php\/wp-json\/wp\/v2\/types\/post"}],"author":[{"embeddable":true,"href":"https:\/\/guineediversite.com\/index.php\/wp-json\/wp\/v2\/users\/8"}],"replies":[{"embeddable":true,"href":"https:\/\/guineediversite.com\/index.php\/wp-json\/wp\/v2\/comments?post=20015"}],"version-history":[{"count":0,"href":"https:\/\/guineediversite.com\/index.php\/wp-json\/wp\/v2\/posts\/20015\/revisions"}],"wp:featuredmedia":[{"embeddable":true,"href":"https:\/\/guineediversite.com\/index.php\/wp-json\/wp\/v2\/media\/20018"}],"wp:attachment":[{"href":"https:\/\/guineediversite.com\/index.php\/wp-json\/wp\/v2\/media?parent=20015"}],"wp:term":[{"taxonomy":"category","embeddable":true,"href":"https:\/\/guineediversite.com\/index.php\/wp-json\/wp\/v2\/categories?post=20015"},{"taxonomy":"post_tag","embeddable":true,"href":"https:\/\/guineediversite.com\/index.php\/wp-json\/wp\/v2\/tags?post=20015"}],"curies":[{"name":"wp","href":"https:\/\/api.w.org\/{rel}","templated":true}]}}