{"id":19887,"date":"2017-05-25T11:36:40","date_gmt":"2017-05-25T09:36:40","guid":{"rendered":"https:\/\/www.guineediversite.com\/?p=19887"},"modified":"2017-05-27T11:17:07","modified_gmt":"2017-05-27T09:17:07","slug":"football-ou-a-finalement-atterri-issa-hayatou-apres-son-echec-a-la-caf","status":"publish","type":"post","link":"https:\/\/guineediversite.com\/index.php\/2017\/05\/25\/football-ou-a-finalement-atterri-issa-hayatou-apres-son-echec-a-la-caf\/","title":{"rendered":"Football : o\u00f9 a finalement atterri Issa Hayatou apr\u00e8s son \u00e9chec \u00e0 la CAF ?"},"content":{"rendered":"<p>L\u2019ancien pr\u00e9sident de la Conf\u00e9d\u00e9ration africaine de football, Issa Hayatou, reprend du service. Battu lors de sa tentative de r\u00e9\u00e9lection \u00e0 la pr\u00e9sidence de la CAF en mars, le Camerounais vient d\u2019\u00eatre nomm\u00e9 pr\u00e9sident du conseil d\u2019administration de l\u2019Acad\u00e9mie nationale du football (Anafoot) dans son pays.<\/p>\n<p>Est-ce une r\u00e9compense pour services rendus \u00e0 la nation camerounaise\u00a0? Toujours est-il qu\u2019<a href=\"http:\/\/www.jeuneafrique.com\/mag\/418468\/societe\/caf-issa-hayatou-enfin%e2%80%89\/\">Issa Hayatou, l\u2019ancien empereur du football africain<\/a>, a \u00e9t\u00e9 nomm\u00e9, mercredi 24 mai, pr\u00e9sident du conseil d\u2019administration de l\u2019Acad\u00e9mie national du football (Anafoot), pour un mandat de trois ans, renouvelable une fois, par le chef de l\u2019\u00c9tat Paul Biya.<\/p>\n<p>&nbsp;<\/p>\n<p><a href=\"http:\/\/www.jeuneafrique.com\/mag\/418480\/societe\/caf-ahmad-ahmad-a-dejoue-pronostics\/\">Battu par le Malgache Ahmad Ahmad \u00e0 la surprise g\u00e9n\u00e9ral en mars dernier<\/a>, il a pour mission de mettre enfin en ordre de marche cet organe cr\u00e9\u00e9 en 2014 par le pr\u00e9sident camerounais au lendemain de la d\u00e9b\u00e2cle des Lions indomptables \u00e0 la Coupe du monde au Br\u00e9sil. Le Cameroun avait \u00e9t\u00e9 \u00e9limin\u00e9 au premier tour, avant d\u2019essuyer une (\u00e9ni\u00e8me) pol\u00e9mique autour des primes des joueurs.<\/p>\n<p>L\u2019Anafoot a pour objet de d\u00e9tecter et de former les talents du football camerounais. Elle sera \u00e9galement dirig\u00e9e par Carl Enow Ngachou, s\u00e9lectionneur de l\u2019\u00e9quipe nationale f\u00e9minine nomm\u00e9 au poste de directeur g\u00e9n\u00e9ral, et par son adjoint, Jules Eloy Mindjeme.<\/p>\n<p>&nbsp;<\/p>\n<p><img decoding=\"async\" src=\"http:\/\/www.jeuneafrique.com\/medias\/2017\/05\/25\/9d1d096c-8eae-42a4-898d-b52d8597d6ad.jpg\" alt=\"\" \/><\/p>\n<p>D\u00e9cret du pr\u00e9sident Paul Biya. \u00a9 DR25<\/p>\n","protected":false},"excerpt":{"rendered":"<p>L\u2019ancien pr\u00e9sident de la Conf\u00e9d\u00e9ration africaine de football, Issa Hayatou, reprend du service. Battu lors de sa tentative de r\u00e9\u00e9lection \u00e0 la pr\u00e9sidence de la CAF en mars, le Camerounais vient d\u2019\u00eatre nomm\u00e9 pr\u00e9sident du conseil d\u2019administration de l\u2019Acad\u00e9mie nationale du football (Anafoot) dans son pays. Est-ce une r\u00e9compense pour services rendus \u00e0 la nation [&hellip;]<\/p>\n","protected":false},"author":12,"featured_media":19888,"comment_status":"open","ping_status":"open","sticky":false,"template":"","format":"standard","meta":{"_exactmetrics_skip_tracking":false,"_exactmetrics_sitenote_active":false,"_exactmetrics_sitenote_note":"","_exactmetrics_sitenote_category":0,"tdm_status":"","tdm_grid_status":"","footnotes":""},"categories":[18],"tags":[],"class_list":{"0":"post-19887","1":"post","2":"type-post","3":"status-publish","4":"format-standard","5":"has-post-thumbnail","7":"category-sport"},"yoast_head":"<!-- This site is optimized with the Yoast SEO plugin v24.2 - https:\/\/yoast.com\/wordpress\/plugins\/seo\/ -->\n<title>Football : o\u00f9 a finalement atterri Issa Hayatou apr\u00e8s son \u00e9chec \u00e0 la CAF ? | Guin\u00e9e Diversit\u00e9<\/title>\n<meta name=\"robots\" content=\"index, follow, max-snippet:-1, max-image-preview:large, max-video-preview:-1\" \/>\n<link rel=\"canonical\" href=\"https:\/\/guineediversite.com\/index.php\/2017\/05\/25\/football-ou-a-finalement-atterri-issa-hayatou-apres-son-echec-a-la-caf\/\" \/>\n<meta property=\"og:locale\" content=\"fr_FR\" \/>\n<meta property=\"og:type\" content=\"article\" \/>\n<meta property=\"og:title\" content=\"Football : o\u00f9 a finalement atterri Issa Hayatou apr\u00e8s son \u00e9chec \u00e0 la CAF ? | Guin\u00e9e Diversit\u00e9\" \/>\n<meta property=\"og:description\" content=\"L\u2019ancien pr\u00e9sident de la Conf\u00e9d\u00e9ration africaine de football, Issa Hayatou, reprend du service. Battu lors de sa tentative de r\u00e9\u00e9lection \u00e0 la pr\u00e9sidence de la CAF en mars, le Camerounais vient d\u2019\u00eatre nomm\u00e9 pr\u00e9sident du conseil d\u2019administration de l\u2019Acad\u00e9mie nationale du football (Anafoot) dans son pays. Est-ce une r\u00e9compense pour services rendus \u00e0 la nation [&hellip;]\" \/>\n<meta property=\"og:url\" content=\"https:\/\/guineediversite.com\/index.php\/2017\/05\/25\/football-ou-a-finalement-atterri-issa-hayatou-apres-son-echec-a-la-caf\/\" \/>\n<meta property=\"og:site_name\" content=\"Guin\u00e9e Diversit\u00e9\" \/>\n<meta property=\"article:publisher\" content=\"https:\/\/www.facebook.com\/guineediversite\/\" \/>\n<meta property=\"article:published_time\" content=\"2017-05-25T09:36:40+00:00\" \/>\n<meta property=\"article:modified_time\" content=\"2017-05-27T09:17:07+00:00\" \/>\n<meta property=\"og:image\" content=\"https:\/\/guineediversite.com\/wp-content\/uploads\/2017\/05\/issa_hayatou_ahmad_ahmad_presidence_caf-592x296.jpg\" \/>\n\t<meta property=\"og:image:width\" content=\"592\" \/>\n\t<meta property=\"og:image:height\" content=\"296\" \/>\n\t<meta property=\"og:image:type\" content=\"image\/jpeg\" \/>\n<meta name=\"author\" content=\"Guin\u00e9e Diversit\u00e9\" \/>\n<meta name=\"twitter:card\" content=\"summary_large_image\" \/>\n<meta name=\"twitter:creator\" content=\"@GuineeDiversite\" \/>\n<meta name=\"twitter:site\" content=\"@GuineeDiversite\" \/>\n<meta name=\"twitter:label1\" content=\"\u00c9crit par\" \/>\n\t<meta name=\"twitter:data1\" content=\"Guin\u00e9e Diversit\u00e9\" \/>\n\t<meta name=\"twitter:label2\" content=\"Dur\u00e9e de lecture estim\u00e9e\" \/>\n\t<meta name=\"twitter:data2\" content=\"1 minute\" \/>\n<script type=\"application\/ld+json\" class=\"yoast-schema-graph\">{\"@context\":\"https:\/\/schema.org\",\"@graph\":[{\"@type\":\"Article\",\"@id\":\"https:\/\/guineediversite.com\/index.php\/2017\/05\/25\/football-ou-a-finalement-atterri-issa-hayatou-apres-son-echec-a-la-caf\/#article\",\"isPartOf\":{\"@id\":\"https:\/\/guineediversite.com\/index.php\/2017\/05\/25\/football-ou-a-finalement-atterri-issa-hayatou-apres-son-echec-a-la-caf\/\"},\"author\":{\"name\":\"Guin\u00e9e Diversit\u00e9\",\"@id\":\"https:\/\/guineediversite.com\/#\/schema\/person\/afa08fb34e7fc6e1feafc892612bc836\"},\"headline\":\"Football : o\u00f9 a finalement atterri Issa Hayatou apr\u00e8s son \u00e9chec \u00e0 la CAF ?\",\"datePublished\":\"2017-05-25T09:36:40+00:00\",\"dateModified\":\"2017-05-27T09:17:07+00:00\",\"mainEntityOfPage\":{\"@id\":\"https:\/\/guineediversite.com\/index.php\/2017\/05\/25\/football-ou-a-finalement-atterri-issa-hayatou-apres-son-echec-a-la-caf\/\"},\"wordCount\":256,\"commentCount\":0,\"publisher\":{\"@id\":\"https:\/\/guineediversite.com\/#organization\"},\"image\":{\"@id\":\"https:\/\/guineediversite.com\/index.php\/2017\/05\/25\/football-ou-a-finalement-atterri-issa-hayatou-apres-son-echec-a-la-caf\/#primaryimage\"},\"thumbnailUrl\":\"https:\/\/guineediversite.com\/wp-content\/uploads\/2017\/05\/issa_hayatou_ahmad_ahmad_presidence_caf-592x296.jpg\",\"articleSection\":[\"Sport\"],\"inLanguage\":\"fr-FR\",\"potentialAction\":[{\"@type\":\"CommentAction\",\"name\":\"Comment\",\"target\":[\"https:\/\/guineediversite.com\/index.php\/2017\/05\/25\/football-ou-a-finalement-atterri-issa-hayatou-apres-son-echec-a-la-caf\/#respond\"]}]},{\"@type\":\"WebPage\",\"@id\":\"https:\/\/guineediversite.com\/index.php\/2017\/05\/25\/football-ou-a-finalement-atterri-issa-hayatou-apres-son-echec-a-la-caf\/\",\"url\":\"https:\/\/guineediversite.com\/index.php\/2017\/05\/25\/football-ou-a-finalement-atterri-issa-hayatou-apres-son-echec-a-la-caf\/\",\"name\":\"Football : o\u00f9 a finalement atterri Issa Hayatou apr\u00e8s son \u00e9chec \u00e0 la CAF ? | Guin\u00e9e Diversit\u00e9\",\"isPartOf\":{\"@id\":\"https:\/\/guineediversite.com\/#website\"},\"primaryImageOfPage\":{\"@id\":\"https:\/\/guineediversite.com\/index.php\/2017\/05\/25\/football-ou-a-finalement-atterri-issa-hayatou-apres-son-echec-a-la-caf\/#primaryimage\"},\"image\":{\"@id\":\"https:\/\/guineediversite.com\/index.php\/2017\/05\/25\/football-ou-a-finalement-atterri-issa-hayatou-apres-son-echec-a-la-caf\/#primaryimage\"},\"thumbnailUrl\":\"https:\/\/guineediversite.com\/wp-content\/uploads\/2017\/05\/issa_hayatou_ahmad_ahmad_presidence_caf-592x296.jpg\",\"datePublished\":\"2017-05-25T09:36:40+00:00\",\"dateModified\":\"2017-05-27T09:17:07+00:00\",\"breadcrumb\":{\"@id\":\"https:\/\/guineediversite.com\/index.php\/2017\/05\/25\/football-ou-a-finalement-atterri-issa-hayatou-apres-son-echec-a-la-caf\/#breadcrumb\"},\"inLanguage\":\"fr-FR\",\"potentialAction\":[{\"@type\":\"ReadAction\",\"target\":[\"https:\/\/guineediversite.com\/index.php\/2017\/05\/25\/football-ou-a-finalement-atterri-issa-hayatou-apres-son-echec-a-la-caf\/\"]}]},{\"@type\":\"ImageObject\",\"inLanguage\":\"fr-FR\",\"@id\":\"https:\/\/guineediversite.com\/index.php\/2017\/05\/25\/football-ou-a-finalement-atterri-issa-hayatou-apres-son-echec-a-la-caf\/#primaryimage\",\"url\":\"https:\/\/guineediversite.com\/wp-content\/uploads\/2017\/05\/issa_hayatou_ahmad_ahmad_presidence_caf-592x296.jpg\",\"contentUrl\":\"https:\/\/guineediversite.com\/wp-content\/uploads\/2017\/05\/issa_hayatou_ahmad_ahmad_presidence_caf-592x296.jpg\",\"width\":592,\"height\":296},{\"@type\":\"BreadcrumbList\",\"@id\":\"https:\/\/guineediversite.com\/index.php\/2017\/05\/25\/football-ou-a-finalement-atterri-issa-hayatou-apres-son-echec-a-la-caf\/#breadcrumb\",\"itemListElement\":[{\"@type\":\"ListItem\",\"position\":1,\"name\":\"Accueil\",\"item\":\"https:\/\/guineediversite.com\/\"},{\"@type\":\"ListItem\",\"position\":2,\"name\":\"Football : o\u00f9 a finalement atterri Issa Hayatou apr\u00e8s son \u00e9chec \u00e0 la CAF ?\"}]},{\"@type\":\"WebSite\",\"@id\":\"https:\/\/guineediversite.com\/#website\",\"url\":\"https:\/\/guineediversite.com\/\",\"name\":\"Guin\u00e9e Diversit\u00e9\",\"description\":\"L&#039;Info dans toute sa diversit\u00e9\",\"publisher\":{\"@id\":\"https:\/\/guineediversite.com\/#organization\"},\"potentialAction\":[{\"@type\":\"SearchAction\",\"target\":{\"@type\":\"EntryPoint\",\"urlTemplate\":\"https:\/\/guineediversite.com\/?s={search_term_string}\"},\"query-input\":{\"@type\":\"PropertyValueSpecification\",\"valueRequired\":true,\"valueName\":\"search_term_string\"}}],\"inLanguage\":\"fr-FR\"},{\"@type\":\"Organization\",\"@id\":\"https:\/\/guineediversite.com\/#organization\",\"name\":\"Guin\u00e9e Diversit\u00e9\",\"url\":\"https:\/\/guineediversite.com\/\",\"logo\":{\"@type\":\"ImageObject\",\"inLanguage\":\"fr-FR\",\"@id\":\"https:\/\/guineediversite.com\/#\/schema\/logo\/image\/\",\"url\":\"https:\/\/guineediversite.com\/wp-content\/uploads\/2017\/04\/cropped-1jojlxEOMkX9Wyqfhe43D6kjPOGqBBKmx3EwWJqZ0cMrFF54yM49.png\",\"contentUrl\":\"https:\/\/guineediversite.com\/wp-content\/uploads\/2017\/04\/cropped-1jojlxEOMkX9Wyqfhe43D6kjPOGqBBKmx3EwWJqZ0cMrFF54yM49.png\",\"width\":186,\"height\":112,\"caption\":\"Guin\u00e9e Diversit\u00e9\"},\"image\":{\"@id\":\"https:\/\/guineediversite.com\/#\/schema\/logo\/image\/\"},\"sameAs\":[\"https:\/\/www.facebook.com\/guineediversite\/\",\"https:\/\/x.com\/GuineeDiversite\",\"https:\/\/www.youtube.com\/channel\/UC8sUY16qelG5ge6_D5SB83g\"]},{\"@type\":\"Person\",\"@id\":\"https:\/\/guineediversite.com\/#\/schema\/person\/afa08fb34e7fc6e1feafc892612bc836\",\"name\":\"Guin\u00e9e Diversit\u00e9\",\"image\":{\"@type\":\"ImageObject\",\"inLanguage\":\"fr-FR\",\"@id\":\"https:\/\/guineediversite.com\/#\/schema\/person\/image\/\",\"url\":\"https:\/\/secure.gravatar.com\/avatar\/50d5eb5b390f8b65ac30ac6f898eb83a?s=96&d=mm&r=g\",\"contentUrl\":\"https:\/\/secure.gravatar.com\/avatar\/50d5eb5b390f8b65ac30ac6f898eb83a?s=96&d=mm&r=g\",\"caption\":\"Guin\u00e9e Diversit\u00e9\"},\"url\":\"https:\/\/guineediversite.com\/index.php\/author\/guineediversite\/\"}]}<\/script>\n<!-- \/ Yoast SEO plugin. -->","yoast_head_json":{"title":"Football : o\u00f9 a finalement atterri Issa Hayatou apr\u00e8s son \u00e9chec \u00e0 la CAF ? | Guin\u00e9e Diversit\u00e9","robots":{"index":"index","follow":"follow","max-snippet":"max-snippet:-1","max-image-preview":"max-image-preview:large","max-video-preview":"max-video-preview:-1"},"canonical":"https:\/\/guineediversite.com\/index.php\/2017\/05\/25\/football-ou-a-finalement-atterri-issa-hayatou-apres-son-echec-a-la-caf\/","og_locale":"fr_FR","og_type":"article","og_title":"Football : o\u00f9 a finalement atterri Issa Hayatou apr\u00e8s son \u00e9chec \u00e0 la CAF ? | Guin\u00e9e Diversit\u00e9","og_description":"L\u2019ancien pr\u00e9sident de la Conf\u00e9d\u00e9ration africaine de football, Issa Hayatou, reprend du service. Battu lors de sa tentative de r\u00e9\u00e9lection \u00e0 la pr\u00e9sidence de la CAF en mars, le Camerounais vient d\u2019\u00eatre nomm\u00e9 pr\u00e9sident du conseil d\u2019administration de l\u2019Acad\u00e9mie nationale du football (Anafoot) dans son pays. Est-ce une r\u00e9compense pour services rendus \u00e0 la nation [&hellip;]","og_url":"https:\/\/guineediversite.com\/index.php\/2017\/05\/25\/football-ou-a-finalement-atterri-issa-hayatou-apres-son-echec-a-la-caf\/","og_site_name":"Guin\u00e9e Diversit\u00e9","article_publisher":"https:\/\/www.facebook.com\/guineediversite\/","article_published_time":"2017-05-25T09:36:40+00:00","article_modified_time":"2017-05-27T09:17:07+00:00","og_image":[{"width":592,"height":296,"url":"https:\/\/guineediversite.com\/wp-content\/uploads\/2017\/05\/issa_hayatou_ahmad_ahmad_presidence_caf-592x296.jpg","type":"image\/jpeg"}],"author":"Guin\u00e9e Diversit\u00e9","twitter_card":"summary_large_image","twitter_creator":"@GuineeDiversite","twitter_site":"@GuineeDiversite","twitter_misc":{"\u00c9crit par":"Guin\u00e9e Diversit\u00e9","Dur\u00e9e de lecture estim\u00e9e":"1 minute"},"schema":{"@context":"https:\/\/schema.org","@graph":[{"@type":"Article","@id":"https:\/\/guineediversite.com\/index.php\/2017\/05\/25\/football-ou-a-finalement-atterri-issa-hayatou-apres-son-echec-a-la-caf\/#article","isPartOf":{"@id":"https:\/\/guineediversite.com\/index.php\/2017\/05\/25\/football-ou-a-finalement-atterri-issa-hayatou-apres-son-echec-a-la-caf\/"},"author":{"name":"Guin\u00e9e Diversit\u00e9","@id":"https:\/\/guineediversite.com\/#\/schema\/person\/afa08fb34e7fc6e1feafc892612bc836"},"headline":"Football : o\u00f9 a finalement atterri Issa Hayatou apr\u00e8s son \u00e9chec \u00e0 la CAF ?","datePublished":"2017-05-25T09:36:40+00:00","dateModified":"2017-05-27T09:17:07+00:00","mainEntityOfPage":{"@id":"https:\/\/guineediversite.com\/index.php\/2017\/05\/25\/football-ou-a-finalement-atterri-issa-hayatou-apres-son-echec-a-la-caf\/"},"wordCount":256,"commentCount":0,"publisher":{"@id":"https:\/\/guineediversite.com\/#organization"},"image":{"@id":"https:\/\/guineediversite.com\/index.php\/2017\/05\/25\/football-ou-a-finalement-atterri-issa-hayatou-apres-son-echec-a-la-caf\/#primaryimage"},"thumbnailUrl":"https:\/\/guineediversite.com\/wp-content\/uploads\/2017\/05\/issa_hayatou_ahmad_ahmad_presidence_caf-592x296.jpg","articleSection":["Sport"],"inLanguage":"fr-FR","potentialAction":[{"@type":"CommentAction","name":"Comment","target":["https:\/\/guineediversite.com\/index.php\/2017\/05\/25\/football-ou-a-finalement-atterri-issa-hayatou-apres-son-echec-a-la-caf\/#respond"]}]},{"@type":"WebPage","@id":"https:\/\/guineediversite.com\/index.php\/2017\/05\/25\/football-ou-a-finalement-atterri-issa-hayatou-apres-son-echec-a-la-caf\/","url":"https:\/\/guineediversite.com\/index.php\/2017\/05\/25\/football-ou-a-finalement-atterri-issa-hayatou-apres-son-echec-a-la-caf\/","name":"Football : o\u00f9 a finalement atterri Issa Hayatou apr\u00e8s son \u00e9chec \u00e0 la CAF ? | Guin\u00e9e Diversit\u00e9","isPartOf":{"@id":"https:\/\/guineediversite.com\/#website"},"primaryImageOfPage":{"@id":"https:\/\/guineediversite.com\/index.php\/2017\/05\/25\/football-ou-a-finalement-atterri-issa-hayatou-apres-son-echec-a-la-caf\/#primaryimage"},"image":{"@id":"https:\/\/guineediversite.com\/index.php\/2017\/05\/25\/football-ou-a-finalement-atterri-issa-hayatou-apres-son-echec-a-la-caf\/#primaryimage"},"thumbnailUrl":"https:\/\/guineediversite.com\/wp-content\/uploads\/2017\/05\/issa_hayatou_ahmad_ahmad_presidence_caf-592x296.jpg","datePublished":"2017-05-25T09:36:40+00:00","dateModified":"2017-05-27T09:17:07+00:00","breadcrumb":{"@id":"https:\/\/guineediversite.com\/index.php\/2017\/05\/25\/football-ou-a-finalement-atterri-issa-hayatou-apres-son-echec-a-la-caf\/#breadcrumb"},"inLanguage":"fr-FR","potentialAction":[{"@type":"ReadAction","target":["https:\/\/guineediversite.com\/index.php\/2017\/05\/25\/football-ou-a-finalement-atterri-issa-hayatou-apres-son-echec-a-la-caf\/"]}]},{"@type":"ImageObject","inLanguage":"fr-FR","@id":"https:\/\/guineediversite.com\/index.php\/2017\/05\/25\/football-ou-a-finalement-atterri-issa-hayatou-apres-son-echec-a-la-caf\/#primaryimage","url":"https:\/\/guineediversite.com\/wp-content\/uploads\/2017\/05\/issa_hayatou_ahmad_ahmad_presidence_caf-592x296.jpg","contentUrl":"https:\/\/guineediversite.com\/wp-content\/uploads\/2017\/05\/issa_hayatou_ahmad_ahmad_presidence_caf-592x296.jpg","width":592,"height":296},{"@type":"BreadcrumbList","@id":"https:\/\/guineediversite.com\/index.php\/2017\/05\/25\/football-ou-a-finalement-atterri-issa-hayatou-apres-son-echec-a-la-caf\/#breadcrumb","itemListElement":[{"@type":"ListItem","position":1,"name":"Accueil","item":"https:\/\/guineediversite.com\/"},{"@type":"ListItem","position":2,"name":"Football : o\u00f9 a finalement atterri Issa Hayatou apr\u00e8s son \u00e9chec \u00e0 la CAF ?"}]},{"@type":"WebSite","@id":"https:\/\/guineediversite.com\/#website","url":"https:\/\/guineediversite.com\/","name":"Guin\u00e9e Diversit\u00e9","description":"L&#039;Info dans toute sa diversit\u00e9","publisher":{"@id":"https:\/\/guineediversite.com\/#organization"},"potentialAction":[{"@type":"SearchAction","target":{"@type":"EntryPoint","urlTemplate":"https:\/\/guineediversite.com\/?s={search_term_string}"},"query-input":{"@type":"PropertyValueSpecification","valueRequired":true,"valueName":"search_term_string"}}],"inLanguage":"fr-FR"},{"@type":"Organization","@id":"https:\/\/guineediversite.com\/#organization","name":"Guin\u00e9e Diversit\u00e9","url":"https:\/\/guineediversite.com\/","logo":{"@type":"ImageObject","inLanguage":"fr-FR","@id":"https:\/\/guineediversite.com\/#\/schema\/logo\/image\/","url":"https:\/\/guineediversite.com\/wp-content\/uploads\/2017\/04\/cropped-1jojlxEOMkX9Wyqfhe43D6kjPOGqBBKmx3EwWJqZ0cMrFF54yM49.png","contentUrl":"https:\/\/guineediversite.com\/wp-content\/uploads\/2017\/04\/cropped-1jojlxEOMkX9Wyqfhe43D6kjPOGqBBKmx3EwWJqZ0cMrFF54yM49.png","width":186,"height":112,"caption":"Guin\u00e9e Diversit\u00e9"},"image":{"@id":"https:\/\/guineediversite.com\/#\/schema\/logo\/image\/"},"sameAs":["https:\/\/www.facebook.com\/guineediversite\/","https:\/\/x.com\/GuineeDiversite","https:\/\/www.youtube.com\/channel\/UC8sUY16qelG5ge6_D5SB83g"]},{"@type":"Person","@id":"https:\/\/guineediversite.com\/#\/schema\/person\/afa08fb34e7fc6e1feafc892612bc836","name":"Guin\u00e9e Diversit\u00e9","image":{"@type":"ImageObject","inLanguage":"fr-FR","@id":"https:\/\/guineediversite.com\/#\/schema\/person\/image\/","url":"https:\/\/secure.gravatar.com\/avatar\/50d5eb5b390f8b65ac30ac6f898eb83a?s=96&d=mm&r=g","contentUrl":"https:\/\/secure.gravatar.com\/avatar\/50d5eb5b390f8b65ac30ac6f898eb83a?s=96&d=mm&r=g","caption":"Guin\u00e9e Diversit\u00e9"},"url":"https:\/\/guineediversite.com\/index.php\/author\/guineediversite\/"}]}},"_links":{"self":[{"href":"https:\/\/guineediversite.com\/index.php\/wp-json\/wp\/v2\/posts\/19887"}],"collection":[{"href":"https:\/\/guineediversite.com\/index.php\/wp-json\/wp\/v2\/posts"}],"about":[{"href":"https:\/\/guineediversite.com\/index.php\/wp-json\/wp\/v2\/types\/post"}],"author":[{"embeddable":true,"href":"https:\/\/guineediversite.com\/index.php\/wp-json\/wp\/v2\/users\/12"}],"replies":[{"embeddable":true,"href":"https:\/\/guineediversite.com\/index.php\/wp-json\/wp\/v2\/comments?post=19887"}],"version-history":[{"count":0,"href":"https:\/\/guineediversite.com\/index.php\/wp-json\/wp\/v2\/posts\/19887\/revisions"}],"wp:featuredmedia":[{"embeddable":true,"href":"https:\/\/guineediversite.com\/index.php\/wp-json\/wp\/v2\/media\/19888"}],"wp:attachment":[{"href":"https:\/\/guineediversite.com\/index.php\/wp-json\/wp\/v2\/media?parent=19887"}],"wp:term":[{"taxonomy":"category","embeddable":true,"href":"https:\/\/guineediversite.com\/index.php\/wp-json\/wp\/v2\/categories?post=19887"},{"taxonomy":"post_tag","embeddable":true,"href":"https:\/\/guineediversite.com\/index.php\/wp-json\/wp\/v2\/tags?post=19887"}],"curies":[{"name":"wp","href":"https:\/\/api.w.org\/{rel}","templated":true}]}}