{"id":19882,"date":"2017-05-25T11:22:26","date_gmt":"2017-05-25T09:22:26","guid":{"rendered":"https:\/\/www.guineediversite.com\/?p=19882"},"modified":"2017-05-27T11:18:10","modified_gmt":"2017-05-27T09:18:10","slug":"signature-dun-accord-de-pret-entre-la-republique-de-guinee-et-le-fonds-koweitien-par-madame-la-ministre-mama-kany-diallo","status":"publish","type":"post","link":"https:\/\/guineediversite.com\/index.php\/2017\/05\/25\/signature-dun-accord-de-pret-entre-la-republique-de-guinee-et-le-fonds-koweitien-par-madame-la-ministre-mama-kany-diallo\/","title":{"rendered":"Signature d\u2019un accord de pr\u00eat entre la r\u00e9publique de Guin\u00e9e et le fonds koweitien par madame la ministre Mama Kany Diallo"},"content":{"rendered":"<p>En marge des travaux des 52\u00e8me Assembl\u00e9es Annuelles de la Banque Africaine de D\u00e9veloppement, Madame Kanny Diallo, Ministre du Plan et de la Coop\u00e9ration Internationale, a proc\u00e9d\u00e9 \u00e0 la signature d\u2019un Accord de Pr\u00eat avec le Directeur G\u00e9n\u00e9ral du Fonds Koweitien de D\u00e9veloppement pour un montant de 27 000 000 de dollars am\u00e9ricains (vingt-sept millions), le mardi 23 mai 2017.<\/p>\n<p>Au cours de cette c\u00e9r\u00e9monie de signature, on notait la pr\u00e9sence de Son Excellence Monsieur l\u2019Ambassadeur de la Guin\u00e9e en Inde et les autres membres de la d\u00e9l\u00e9gation qui accompagnent Madame la Ministre. Ce montant rentre dans le cadre du co-financement avec la BID et de la BADEA au programme de construction des routes r\u00e9gionales Dabola-Kankan et Kissidougou-Gu\u00e9k\u00e9dou-Kond\u00e9badou.<\/p>\n<p>Les deux personnalit\u00e9s se sont r\u00e9jouies de cette signature qui vient renforcer les relations de coop\u00e9ration entre la R\u00e9publique de Guin\u00e9e et le Fonds Kowetien de D\u00e9veloppement. En cette circonstance, Madame la Ministre a, au nom du Gouvernement, singuli\u00e8rement son Excellence Monsieur le Pr\u00e9sident de la R\u00e9publique, le Professeur Alpha CONDE, remerci\u00e9 le Directeur G\u00e9n\u00e9ral du Fonds Koweitien pour l\u2019appui constant de son Institution \u00e0 la mise en \u0153uvre du programme de d\u00e9veloppement \u00e9conomique et social de la Guin\u00e9e.<\/p>\n<p>Cellule Com<\/p>\n","protected":false},"excerpt":{"rendered":"<p>En marge des travaux des 52\u00e8me Assembl\u00e9es Annuelles de la Banque Africaine de D\u00e9veloppement, Madame Kanny Diallo, Ministre du Plan et de la Coop\u00e9ration Internationale, a proc\u00e9d\u00e9 \u00e0 la signature d\u2019un Accord de Pr\u00eat avec le Directeur G\u00e9n\u00e9ral du Fonds Koweitien de D\u00e9veloppement pour un montant de 27 000 000 de dollars am\u00e9ricains (vingt-sept millions), [&hellip;]<\/p>\n","protected":false},"author":12,"featured_media":0,"comment_status":"open","ping_status":"open","sticky":false,"template":"","format":"standard","meta":{"_exactmetrics_skip_tracking":false,"_exactmetrics_sitenote_active":false,"_exactmetrics_sitenote_note":"","_exactmetrics_sitenote_category":0,"tdm_status":"","tdm_grid_status":"","footnotes":""},"categories":[15],"tags":[],"class_list":{"0":"post-19882","1":"post","2":"type-post","3":"status-publish","4":"format-standard","6":"category-economie"},"yoast_head":"<!-- This site is optimized with the Yoast SEO plugin v24.2 - https:\/\/yoast.com\/wordpress\/plugins\/seo\/ -->\n<title>Signature d\u2019un accord de pr\u00eat entre la r\u00e9publique de Guin\u00e9e et le fonds koweitien par madame la ministre Mama Kany Diallo | Guin\u00e9e Diversit\u00e9<\/title>\n<meta name=\"robots\" content=\"index, follow, max-snippet:-1, max-image-preview:large, max-video-preview:-1\" \/>\n<link rel=\"canonical\" href=\"https:\/\/guineediversite.com\/index.php\/2017\/05\/25\/signature-dun-accord-de-pret-entre-la-republique-de-guinee-et-le-fonds-koweitien-par-madame-la-ministre-mama-kany-diallo\/\" \/>\n<meta property=\"og:locale\" content=\"fr_FR\" \/>\n<meta property=\"og:type\" content=\"article\" \/>\n<meta property=\"og:title\" content=\"Signature d\u2019un accord de pr\u00eat entre la r\u00e9publique de Guin\u00e9e et le fonds koweitien par madame la ministre Mama Kany Diallo | Guin\u00e9e Diversit\u00e9\" \/>\n<meta property=\"og:description\" content=\"En marge des travaux des 52\u00e8me Assembl\u00e9es Annuelles de la Banque Africaine de D\u00e9veloppement, Madame Kanny Diallo, Ministre du Plan et de la Coop\u00e9ration Internationale, a proc\u00e9d\u00e9 \u00e0 la signature d\u2019un Accord de Pr\u00eat avec le Directeur G\u00e9n\u00e9ral du Fonds Koweitien de D\u00e9veloppement pour un montant de 27 000 000 de dollars am\u00e9ricains (vingt-sept millions), [&hellip;]\" \/>\n<meta property=\"og:url\" content=\"https:\/\/guineediversite.com\/index.php\/2017\/05\/25\/signature-dun-accord-de-pret-entre-la-republique-de-guinee-et-le-fonds-koweitien-par-madame-la-ministre-mama-kany-diallo\/\" \/>\n<meta property=\"og:site_name\" content=\"Guin\u00e9e Diversit\u00e9\" \/>\n<meta property=\"article:publisher\" content=\"https:\/\/www.facebook.com\/guineediversite\/\" \/>\n<meta property=\"article:published_time\" content=\"2017-05-25T09:22:26+00:00\" \/>\n<meta property=\"article:modified_time\" content=\"2017-05-27T09:18:10+00:00\" \/>\n<meta name=\"author\" content=\"Guin\u00e9e Diversit\u00e9\" \/>\n<meta name=\"twitter:card\" content=\"summary_large_image\" \/>\n<meta name=\"twitter:creator\" content=\"@GuineeDiversite\" \/>\n<meta name=\"twitter:site\" content=\"@GuineeDiversite\" \/>\n<meta name=\"twitter:label1\" content=\"\u00c9crit par\" \/>\n\t<meta name=\"twitter:data1\" content=\"Guin\u00e9e Diversit\u00e9\" \/>\n\t<meta name=\"twitter:label2\" content=\"Dur\u00e9e de lecture estim\u00e9e\" \/>\n\t<meta name=\"twitter:data2\" content=\"1 minute\" \/>\n<script type=\"application\/ld+json\" class=\"yoast-schema-graph\">{\"@context\":\"https:\/\/schema.org\",\"@graph\":[{\"@type\":\"Article\",\"@id\":\"https:\/\/guineediversite.com\/index.php\/2017\/05\/25\/signature-dun-accord-de-pret-entre-la-republique-de-guinee-et-le-fonds-koweitien-par-madame-la-ministre-mama-kany-diallo\/#article\",\"isPartOf\":{\"@id\":\"https:\/\/guineediversite.com\/index.php\/2017\/05\/25\/signature-dun-accord-de-pret-entre-la-republique-de-guinee-et-le-fonds-koweitien-par-madame-la-ministre-mama-kany-diallo\/\"},\"author\":{\"name\":\"Guin\u00e9e Diversit\u00e9\",\"@id\":\"https:\/\/guineediversite.com\/#\/schema\/person\/afa08fb34e7fc6e1feafc892612bc836\"},\"headline\":\"Signature d\u2019un accord de pr\u00eat entre la r\u00e9publique de Guin\u00e9e et le fonds koweitien par madame la ministre Mama Kany Diallo\",\"datePublished\":\"2017-05-25T09:22:26+00:00\",\"dateModified\":\"2017-05-27T09:18:10+00:00\",\"mainEntityOfPage\":{\"@id\":\"https:\/\/guineediversite.com\/index.php\/2017\/05\/25\/signature-dun-accord-de-pret-entre-la-republique-de-guinee-et-le-fonds-koweitien-par-madame-la-ministre-mama-kany-diallo\/\"},\"wordCount\":252,\"commentCount\":0,\"publisher\":{\"@id\":\"https:\/\/guineediversite.com\/#organization\"},\"articleSection\":[\"Economie\"],\"inLanguage\":\"fr-FR\",\"potentialAction\":[{\"@type\":\"CommentAction\",\"name\":\"Comment\",\"target\":[\"https:\/\/guineediversite.com\/index.php\/2017\/05\/25\/signature-dun-accord-de-pret-entre-la-republique-de-guinee-et-le-fonds-koweitien-par-madame-la-ministre-mama-kany-diallo\/#respond\"]}]},{\"@type\":\"WebPage\",\"@id\":\"https:\/\/guineediversite.com\/index.php\/2017\/05\/25\/signature-dun-accord-de-pret-entre-la-republique-de-guinee-et-le-fonds-koweitien-par-madame-la-ministre-mama-kany-diallo\/\",\"url\":\"https:\/\/guineediversite.com\/index.php\/2017\/05\/25\/signature-dun-accord-de-pret-entre-la-republique-de-guinee-et-le-fonds-koweitien-par-madame-la-ministre-mama-kany-diallo\/\",\"name\":\"Signature d\u2019un accord de pr\u00eat entre la r\u00e9publique de Guin\u00e9e et le fonds koweitien par madame la ministre Mama Kany Diallo | Guin\u00e9e Diversit\u00e9\",\"isPartOf\":{\"@id\":\"https:\/\/guineediversite.com\/#website\"},\"datePublished\":\"2017-05-25T09:22:26+00:00\",\"dateModified\":\"2017-05-27T09:18:10+00:00\",\"breadcrumb\":{\"@id\":\"https:\/\/guineediversite.com\/index.php\/2017\/05\/25\/signature-dun-accord-de-pret-entre-la-republique-de-guinee-et-le-fonds-koweitien-par-madame-la-ministre-mama-kany-diallo\/#breadcrumb\"},\"inLanguage\":\"fr-FR\",\"potentialAction\":[{\"@type\":\"ReadAction\",\"target\":[\"https:\/\/guineediversite.com\/index.php\/2017\/05\/25\/signature-dun-accord-de-pret-entre-la-republique-de-guinee-et-le-fonds-koweitien-par-madame-la-ministre-mama-kany-diallo\/\"]}]},{\"@type\":\"BreadcrumbList\",\"@id\":\"https:\/\/guineediversite.com\/index.php\/2017\/05\/25\/signature-dun-accord-de-pret-entre-la-republique-de-guinee-et-le-fonds-koweitien-par-madame-la-ministre-mama-kany-diallo\/#breadcrumb\",\"itemListElement\":[{\"@type\":\"ListItem\",\"position\":1,\"name\":\"Accueil\",\"item\":\"https:\/\/guineediversite.com\/\"},{\"@type\":\"ListItem\",\"position\":2,\"name\":\"Signature d\u2019un accord de pr\u00eat entre la r\u00e9publique de Guin\u00e9e et le fonds koweitien par madame la ministre Mama Kany Diallo\"}]},{\"@type\":\"WebSite\",\"@id\":\"https:\/\/guineediversite.com\/#website\",\"url\":\"https:\/\/guineediversite.com\/\",\"name\":\"Guin\u00e9e Diversit\u00e9\",\"description\":\"L&#039;Info dans toute sa diversit\u00e9\",\"publisher\":{\"@id\":\"https:\/\/guineediversite.com\/#organization\"},\"potentialAction\":[{\"@type\":\"SearchAction\",\"target\":{\"@type\":\"EntryPoint\",\"urlTemplate\":\"https:\/\/guineediversite.com\/?s={search_term_string}\"},\"query-input\":{\"@type\":\"PropertyValueSpecification\",\"valueRequired\":true,\"valueName\":\"search_term_string\"}}],\"inLanguage\":\"fr-FR\"},{\"@type\":\"Organization\",\"@id\":\"https:\/\/guineediversite.com\/#organization\",\"name\":\"Guin\u00e9e Diversit\u00e9\",\"url\":\"https:\/\/guineediversite.com\/\",\"logo\":{\"@type\":\"ImageObject\",\"inLanguage\":\"fr-FR\",\"@id\":\"https:\/\/guineediversite.com\/#\/schema\/logo\/image\/\",\"url\":\"https:\/\/guineediversite.com\/wp-content\/uploads\/2017\/04\/cropped-1jojlxEOMkX9Wyqfhe43D6kjPOGqBBKmx3EwWJqZ0cMrFF54yM49.png\",\"contentUrl\":\"https:\/\/guineediversite.com\/wp-content\/uploads\/2017\/04\/cropped-1jojlxEOMkX9Wyqfhe43D6kjPOGqBBKmx3EwWJqZ0cMrFF54yM49.png\",\"width\":186,\"height\":112,\"caption\":\"Guin\u00e9e Diversit\u00e9\"},\"image\":{\"@id\":\"https:\/\/guineediversite.com\/#\/schema\/logo\/image\/\"},\"sameAs\":[\"https:\/\/www.facebook.com\/guineediversite\/\",\"https:\/\/x.com\/GuineeDiversite\",\"https:\/\/www.youtube.com\/channel\/UC8sUY16qelG5ge6_D5SB83g\"]},{\"@type\":\"Person\",\"@id\":\"https:\/\/guineediversite.com\/#\/schema\/person\/afa08fb34e7fc6e1feafc892612bc836\",\"name\":\"Guin\u00e9e Diversit\u00e9\",\"image\":{\"@type\":\"ImageObject\",\"inLanguage\":\"fr-FR\",\"@id\":\"https:\/\/guineediversite.com\/#\/schema\/person\/image\/\",\"url\":\"https:\/\/secure.gravatar.com\/avatar\/50d5eb5b390f8b65ac30ac6f898eb83a?s=96&d=mm&r=g\",\"contentUrl\":\"https:\/\/secure.gravatar.com\/avatar\/50d5eb5b390f8b65ac30ac6f898eb83a?s=96&d=mm&r=g\",\"caption\":\"Guin\u00e9e Diversit\u00e9\"},\"url\":\"https:\/\/guineediversite.com\/index.php\/author\/guineediversite\/\"}]}<\/script>\n<!-- \/ Yoast SEO plugin. -->","yoast_head_json":{"title":"Signature d\u2019un accord de pr\u00eat entre la r\u00e9publique de Guin\u00e9e et le fonds koweitien par madame la ministre Mama Kany Diallo | Guin\u00e9e Diversit\u00e9","robots":{"index":"index","follow":"follow","max-snippet":"max-snippet:-1","max-image-preview":"max-image-preview:large","max-video-preview":"max-video-preview:-1"},"canonical":"https:\/\/guineediversite.com\/index.php\/2017\/05\/25\/signature-dun-accord-de-pret-entre-la-republique-de-guinee-et-le-fonds-koweitien-par-madame-la-ministre-mama-kany-diallo\/","og_locale":"fr_FR","og_type":"article","og_title":"Signature d\u2019un accord de pr\u00eat entre la r\u00e9publique de Guin\u00e9e et le fonds koweitien par madame la ministre Mama Kany Diallo | Guin\u00e9e Diversit\u00e9","og_description":"En marge des travaux des 52\u00e8me Assembl\u00e9es Annuelles de la Banque Africaine de D\u00e9veloppement, Madame Kanny Diallo, Ministre du Plan et de la Coop\u00e9ration Internationale, a proc\u00e9d\u00e9 \u00e0 la signature d\u2019un Accord de Pr\u00eat avec le Directeur G\u00e9n\u00e9ral du Fonds Koweitien de D\u00e9veloppement pour un montant de 27 000 000 de dollars am\u00e9ricains (vingt-sept millions), [&hellip;]","og_url":"https:\/\/guineediversite.com\/index.php\/2017\/05\/25\/signature-dun-accord-de-pret-entre-la-republique-de-guinee-et-le-fonds-koweitien-par-madame-la-ministre-mama-kany-diallo\/","og_site_name":"Guin\u00e9e Diversit\u00e9","article_publisher":"https:\/\/www.facebook.com\/guineediversite\/","article_published_time":"2017-05-25T09:22:26+00:00","article_modified_time":"2017-05-27T09:18:10+00:00","author":"Guin\u00e9e Diversit\u00e9","twitter_card":"summary_large_image","twitter_creator":"@GuineeDiversite","twitter_site":"@GuineeDiversite","twitter_misc":{"\u00c9crit par":"Guin\u00e9e Diversit\u00e9","Dur\u00e9e de lecture estim\u00e9e":"1 minute"},"schema":{"@context":"https:\/\/schema.org","@graph":[{"@type":"Article","@id":"https:\/\/guineediversite.com\/index.php\/2017\/05\/25\/signature-dun-accord-de-pret-entre-la-republique-de-guinee-et-le-fonds-koweitien-par-madame-la-ministre-mama-kany-diallo\/#article","isPartOf":{"@id":"https:\/\/guineediversite.com\/index.php\/2017\/05\/25\/signature-dun-accord-de-pret-entre-la-republique-de-guinee-et-le-fonds-koweitien-par-madame-la-ministre-mama-kany-diallo\/"},"author":{"name":"Guin\u00e9e Diversit\u00e9","@id":"https:\/\/guineediversite.com\/#\/schema\/person\/afa08fb34e7fc6e1feafc892612bc836"},"headline":"Signature d\u2019un accord de pr\u00eat entre la r\u00e9publique de Guin\u00e9e et le fonds koweitien par madame la ministre Mama Kany Diallo","datePublished":"2017-05-25T09:22:26+00:00","dateModified":"2017-05-27T09:18:10+00:00","mainEntityOfPage":{"@id":"https:\/\/guineediversite.com\/index.php\/2017\/05\/25\/signature-dun-accord-de-pret-entre-la-republique-de-guinee-et-le-fonds-koweitien-par-madame-la-ministre-mama-kany-diallo\/"},"wordCount":252,"commentCount":0,"publisher":{"@id":"https:\/\/guineediversite.com\/#organization"},"articleSection":["Economie"],"inLanguage":"fr-FR","potentialAction":[{"@type":"CommentAction","name":"Comment","target":["https:\/\/guineediversite.com\/index.php\/2017\/05\/25\/signature-dun-accord-de-pret-entre-la-republique-de-guinee-et-le-fonds-koweitien-par-madame-la-ministre-mama-kany-diallo\/#respond"]}]},{"@type":"WebPage","@id":"https:\/\/guineediversite.com\/index.php\/2017\/05\/25\/signature-dun-accord-de-pret-entre-la-republique-de-guinee-et-le-fonds-koweitien-par-madame-la-ministre-mama-kany-diallo\/","url":"https:\/\/guineediversite.com\/index.php\/2017\/05\/25\/signature-dun-accord-de-pret-entre-la-republique-de-guinee-et-le-fonds-koweitien-par-madame-la-ministre-mama-kany-diallo\/","name":"Signature d\u2019un accord de pr\u00eat entre la r\u00e9publique de Guin\u00e9e et le fonds koweitien par madame la ministre Mama Kany Diallo | Guin\u00e9e Diversit\u00e9","isPartOf":{"@id":"https:\/\/guineediversite.com\/#website"},"datePublished":"2017-05-25T09:22:26+00:00","dateModified":"2017-05-27T09:18:10+00:00","breadcrumb":{"@id":"https:\/\/guineediversite.com\/index.php\/2017\/05\/25\/signature-dun-accord-de-pret-entre-la-republique-de-guinee-et-le-fonds-koweitien-par-madame-la-ministre-mama-kany-diallo\/#breadcrumb"},"inLanguage":"fr-FR","potentialAction":[{"@type":"ReadAction","target":["https:\/\/guineediversite.com\/index.php\/2017\/05\/25\/signature-dun-accord-de-pret-entre-la-republique-de-guinee-et-le-fonds-koweitien-par-madame-la-ministre-mama-kany-diallo\/"]}]},{"@type":"BreadcrumbList","@id":"https:\/\/guineediversite.com\/index.php\/2017\/05\/25\/signature-dun-accord-de-pret-entre-la-republique-de-guinee-et-le-fonds-koweitien-par-madame-la-ministre-mama-kany-diallo\/#breadcrumb","itemListElement":[{"@type":"ListItem","position":1,"name":"Accueil","item":"https:\/\/guineediversite.com\/"},{"@type":"ListItem","position":2,"name":"Signature d\u2019un accord de pr\u00eat entre la r\u00e9publique de Guin\u00e9e et le fonds koweitien par madame la ministre Mama Kany Diallo"}]},{"@type":"WebSite","@id":"https:\/\/guineediversite.com\/#website","url":"https:\/\/guineediversite.com\/","name":"Guin\u00e9e Diversit\u00e9","description":"L&#039;Info dans toute sa diversit\u00e9","publisher":{"@id":"https:\/\/guineediversite.com\/#organization"},"potentialAction":[{"@type":"SearchAction","target":{"@type":"EntryPoint","urlTemplate":"https:\/\/guineediversite.com\/?s={search_term_string}"},"query-input":{"@type":"PropertyValueSpecification","valueRequired":true,"valueName":"search_term_string"}}],"inLanguage":"fr-FR"},{"@type":"Organization","@id":"https:\/\/guineediversite.com\/#organization","name":"Guin\u00e9e Diversit\u00e9","url":"https:\/\/guineediversite.com\/","logo":{"@type":"ImageObject","inLanguage":"fr-FR","@id":"https:\/\/guineediversite.com\/#\/schema\/logo\/image\/","url":"https:\/\/guineediversite.com\/wp-content\/uploads\/2017\/04\/cropped-1jojlxEOMkX9Wyqfhe43D6kjPOGqBBKmx3EwWJqZ0cMrFF54yM49.png","contentUrl":"https:\/\/guineediversite.com\/wp-content\/uploads\/2017\/04\/cropped-1jojlxEOMkX9Wyqfhe43D6kjPOGqBBKmx3EwWJqZ0cMrFF54yM49.png","width":186,"height":112,"caption":"Guin\u00e9e Diversit\u00e9"},"image":{"@id":"https:\/\/guineediversite.com\/#\/schema\/logo\/image\/"},"sameAs":["https:\/\/www.facebook.com\/guineediversite\/","https:\/\/x.com\/GuineeDiversite","https:\/\/www.youtube.com\/channel\/UC8sUY16qelG5ge6_D5SB83g"]},{"@type":"Person","@id":"https:\/\/guineediversite.com\/#\/schema\/person\/afa08fb34e7fc6e1feafc892612bc836","name":"Guin\u00e9e Diversit\u00e9","image":{"@type":"ImageObject","inLanguage":"fr-FR","@id":"https:\/\/guineediversite.com\/#\/schema\/person\/image\/","url":"https:\/\/secure.gravatar.com\/avatar\/50d5eb5b390f8b65ac30ac6f898eb83a?s=96&d=mm&r=g","contentUrl":"https:\/\/secure.gravatar.com\/avatar\/50d5eb5b390f8b65ac30ac6f898eb83a?s=96&d=mm&r=g","caption":"Guin\u00e9e Diversit\u00e9"},"url":"https:\/\/guineediversite.com\/index.php\/author\/guineediversite\/"}]}},"_links":{"self":[{"href":"https:\/\/guineediversite.com\/index.php\/wp-json\/wp\/v2\/posts\/19882"}],"collection":[{"href":"https:\/\/guineediversite.com\/index.php\/wp-json\/wp\/v2\/posts"}],"about":[{"href":"https:\/\/guineediversite.com\/index.php\/wp-json\/wp\/v2\/types\/post"}],"author":[{"embeddable":true,"href":"https:\/\/guineediversite.com\/index.php\/wp-json\/wp\/v2\/users\/12"}],"replies":[{"embeddable":true,"href":"https:\/\/guineediversite.com\/index.php\/wp-json\/wp\/v2\/comments?post=19882"}],"version-history":[{"count":0,"href":"https:\/\/guineediversite.com\/index.php\/wp-json\/wp\/v2\/posts\/19882\/revisions"}],"wp:attachment":[{"href":"https:\/\/guineediversite.com\/index.php\/wp-json\/wp\/v2\/media?parent=19882"}],"wp:term":[{"taxonomy":"category","embeddable":true,"href":"https:\/\/guineediversite.com\/index.php\/wp-json\/wp\/v2\/categories?post=19882"},{"taxonomy":"post_tag","embeddable":true,"href":"https:\/\/guineediversite.com\/index.php\/wp-json\/wp\/v2\/tags?post=19882"}],"curies":[{"name":"wp","href":"https:\/\/api.w.org\/{rel}","templated":true}]}}