{"id":19863,"date":"2017-05-24T11:57:29","date_gmt":"2017-05-24T09:57:29","guid":{"rendered":"https:\/\/www.guineediversite.com\/?p=19863"},"modified":"2017-05-27T11:20:23","modified_gmt":"2017-05-27T09:20:23","slug":"dossier-du-28-septembre-me-paul-yomba-repond-aux-propos-de-cheick-sacko","status":"publish","type":"post","link":"https:\/\/guineediversite.com\/index.php\/2017\/05\/24\/dossier-du-28-septembre-me-paul-yomba-repond-aux-propos-de-cheick-sacko\/","title":{"rendered":"Dossier du 28 septembre : Me. Paul Yomba r\u00e9pond aux propos de Cheick Sacko"},"content":{"rendered":"<p>Le collectif des avocats d\u2019Aboubacar Toumba Diakit\u00e9 a anim\u00e9 une conf\u00e9rence de presse \u00e0 Conakry, ce mardi 23 mai 2017. Il \u00e9tait question de faire le point sur la probl\u00e9matique autour du dossier de leur client et de r\u00e9agir cons\u00e9cutivement \u00e0 la r\u00e9cente sortie du ministre de la justice, qui a trait\u00e9 ce pool d\u2019avocat incomp\u00e9tent.<\/p>\n<p>&nbsp;<\/p>\n<p>\u00ab Nous ne savons pas si l\u2019homme est mal entendant, mal inform\u00e9, de mauvaise foi ou le tout \u00e0 la fois. Mais je crois qu\u2019il a tronqu\u00e9, d\u00e9natur\u00e9, falsifi\u00e9 toutes les donn\u00e9es \u00e9mises \u00e0 partir de cette maison et cela rentre naturellement dans la strat\u00e9gie du gouvernement \u00e0 fuir ses responsabilit\u00e9s. Parce que Toumba est rentr\u00e9 au pays pour contribuer \u00e0 la manifestation \u00a0de la r\u00e9alit\u00e9 \u00a0\u00bb, a martel\u00e9 Me. Paul Yomba Kourourma.<\/p>\n<p>&nbsp;<\/p>\n<p>Et de poursuivre \u00ab le ministre de la justice est en train \u00e0 travers cette sortie de mettre en doute la sinc\u00e9rit\u00e9 et la cr\u00e9dibilit\u00e9 de ses dipl\u00f4mes s\u2019il en \u00e0, obtenu \u00e0 la suite d&rsquo;\u00e9tudes peut-\u00eatre saisonni\u00e8res et en dent de cil. Toute chose qui entraine des d\u00e9formations de tous genres, c\u2019est l\u00e0 le danger de l\u2019importation des cadres handicap\u00e9s intellectuels, ma\u00eetrisant ni le pays, ni les lois, ni les hommes, ni les visages encore moins l\u2019\u00e9ducation \u00bb.<\/p>\n<p>&nbsp;<\/p>\n<p>En effet, Me Paul Yomba pr\u00e9cise que son collectif n\u2019a jamais renonc\u00e9 \u00e0 d\u00e9fendre le commandant Toumba. \u00ab Mais plut\u00f4t que nous suspendions les activit\u00e9s jusqu&rsquo;\u00e0 ce que les conditions minimales de vie lui permettant d\u2019assurer sereinement sa d\u00e9fense, soient mises au point. Nous n\u2019avons pas aussi dit que nous saisissions la cour p\u00e9nale internationale, nous ne sommes pas avocat de Toumba pour la forme, nous connaissons le mode de saisi de la CPI\u00bb.<\/p>\n<p>&nbsp;<\/p>\n<p>Cependant, il annonce qu\u2019une d\u00e9claration a d\u2019ailleurs \u00e9t\u00e9 faite par le ministre Cheick Sacko pour convier une confrontation entre M. Marcel Guilavogui et le Commandant Toumba Diakit\u00e9 pr\u00e9vue pour le 25 de ce mois. Chose qui, selon lui, veut dire que toutes les d\u00e9marches sont dict\u00e9es par le gouvernement.<\/p>\n<p>&nbsp;<\/p>\n<p>Pour terminer Me. Paul Yomba Kourourma affirme ceci : \u00ab le pr\u00e9sident Dadis \u00e9tait mieux plac\u00e9 pour ouvrir les auxili\u00e9s, pour \u00eatre entendu. Nous ne nous opposons \u00e0 aucune confrontation, mais que personne ne sera omis dans cette affaire \u00bb.<\/p>\n<p><strong>Mohamed Soumah<\/strong><\/p>\n","protected":false},"excerpt":{"rendered":"<p>Le collectif des avocats d\u2019Aboubacar Toumba Diakit\u00e9 a anim\u00e9 une conf\u00e9rence de presse \u00e0 Conakry, ce mardi 23 mai 2017. Il \u00e9tait question de faire le point sur la probl\u00e9matique autour du dossier de leur client et de r\u00e9agir cons\u00e9cutivement \u00e0 la r\u00e9cente sortie du ministre de la justice, qui a trait\u00e9 ce pool d\u2019avocat [&hellip;]<\/p>\n","protected":false},"author":12,"featured_media":19864,"comment_status":"open","ping_status":"open","sticky":false,"template":"","format":"standard","meta":{"_exactmetrics_skip_tracking":false,"_exactmetrics_sitenote_active":false,"_exactmetrics_sitenote_note":"","_exactmetrics_sitenote_category":0,"tdm_status":"","tdm_grid_status":"","footnotes":""},"categories":[16],"tags":[],"class_list":{"0":"post-19863","1":"post","2":"type-post","3":"status-publish","4":"format-standard","5":"has-post-thumbnail","7":"category-societe"},"yoast_head":"<!-- This site is optimized with the Yoast SEO plugin v24.2 - https:\/\/yoast.com\/wordpress\/plugins\/seo\/ -->\n<title>Dossier du 28 septembre : Me. Paul Yomba r\u00e9pond aux propos de Cheick Sacko | Guin\u00e9e Diversit\u00e9<\/title>\n<meta name=\"robots\" content=\"index, follow, max-snippet:-1, max-image-preview:large, max-video-preview:-1\" \/>\n<link rel=\"canonical\" href=\"https:\/\/guineediversite.com\/index.php\/2017\/05\/24\/dossier-du-28-septembre-me-paul-yomba-repond-aux-propos-de-cheick-sacko\/\" \/>\n<meta property=\"og:locale\" content=\"fr_FR\" \/>\n<meta property=\"og:type\" content=\"article\" \/>\n<meta property=\"og:title\" content=\"Dossier du 28 septembre : Me. Paul Yomba r\u00e9pond aux propos de Cheick Sacko | Guin\u00e9e Diversit\u00e9\" \/>\n<meta property=\"og:description\" content=\"Le collectif des avocats d\u2019Aboubacar Toumba Diakit\u00e9 a anim\u00e9 une conf\u00e9rence de presse \u00e0 Conakry, ce mardi 23 mai 2017. Il \u00e9tait question de faire le point sur la probl\u00e9matique autour du dossier de leur client et de r\u00e9agir cons\u00e9cutivement \u00e0 la r\u00e9cente sortie du ministre de la justice, qui a trait\u00e9 ce pool d\u2019avocat [&hellip;]\" \/>\n<meta property=\"og:url\" content=\"https:\/\/guineediversite.com\/index.php\/2017\/05\/24\/dossier-du-28-septembre-me-paul-yomba-repond-aux-propos-de-cheick-sacko\/\" \/>\n<meta property=\"og:site_name\" content=\"Guin\u00e9e Diversit\u00e9\" \/>\n<meta property=\"article:publisher\" content=\"https:\/\/www.facebook.com\/guineediversite\/\" \/>\n<meta property=\"article:published_time\" content=\"2017-05-24T09:57:29+00:00\" \/>\n<meta property=\"article:modified_time\" content=\"2017-05-27T09:20:23+00:00\" \/>\n<meta property=\"og:image\" content=\"https:\/\/guineediversite.com\/wp-content\/uploads\/2017\/05\/received_1854998318095432.jpeg\" \/>\n\t<meta property=\"og:image:width\" content=\"854\" \/>\n\t<meta property=\"og:image:height\" content=\"641\" \/>\n\t<meta property=\"og:image:type\" content=\"image\/jpeg\" \/>\n<meta name=\"author\" content=\"Guin\u00e9e Diversit\u00e9\" \/>\n<meta name=\"twitter:card\" content=\"summary_large_image\" \/>\n<meta name=\"twitter:creator\" content=\"@GuineeDiversite\" \/>\n<meta name=\"twitter:site\" content=\"@GuineeDiversite\" \/>\n<meta name=\"twitter:label1\" content=\"\u00c9crit par\" \/>\n\t<meta name=\"twitter:data1\" content=\"Guin\u00e9e Diversit\u00e9\" \/>\n\t<meta name=\"twitter:label2\" content=\"Dur\u00e9e de lecture estim\u00e9e\" \/>\n\t<meta name=\"twitter:data2\" content=\"2 minutes\" \/>\n<script type=\"application\/ld+json\" class=\"yoast-schema-graph\">{\"@context\":\"https:\/\/schema.org\",\"@graph\":[{\"@type\":\"Article\",\"@id\":\"https:\/\/guineediversite.com\/index.php\/2017\/05\/24\/dossier-du-28-septembre-me-paul-yomba-repond-aux-propos-de-cheick-sacko\/#article\",\"isPartOf\":{\"@id\":\"https:\/\/guineediversite.com\/index.php\/2017\/05\/24\/dossier-du-28-septembre-me-paul-yomba-repond-aux-propos-de-cheick-sacko\/\"},\"author\":{\"name\":\"Guin\u00e9e Diversit\u00e9\",\"@id\":\"https:\/\/guineediversite.com\/#\/schema\/person\/afa08fb34e7fc6e1feafc892612bc836\"},\"headline\":\"Dossier du 28 septembre : Me. Paul Yomba r\u00e9pond aux propos de Cheick Sacko\",\"datePublished\":\"2017-05-24T09:57:29+00:00\",\"dateModified\":\"2017-05-27T09:20:23+00:00\",\"mainEntityOfPage\":{\"@id\":\"https:\/\/guineediversite.com\/index.php\/2017\/05\/24\/dossier-du-28-septembre-me-paul-yomba-repond-aux-propos-de-cheick-sacko\/\"},\"wordCount\":414,\"commentCount\":0,\"publisher\":{\"@id\":\"https:\/\/guineediversite.com\/#organization\"},\"image\":{\"@id\":\"https:\/\/guineediversite.com\/index.php\/2017\/05\/24\/dossier-du-28-septembre-me-paul-yomba-repond-aux-propos-de-cheick-sacko\/#primaryimage\"},\"thumbnailUrl\":\"https:\/\/guineediversite.com\/wp-content\/uploads\/2017\/05\/received_1854998318095432.jpeg\",\"articleSection\":[\"Soci\u00e9t\u00e9\"],\"inLanguage\":\"fr-FR\",\"potentialAction\":[{\"@type\":\"CommentAction\",\"name\":\"Comment\",\"target\":[\"https:\/\/guineediversite.com\/index.php\/2017\/05\/24\/dossier-du-28-septembre-me-paul-yomba-repond-aux-propos-de-cheick-sacko\/#respond\"]}]},{\"@type\":\"WebPage\",\"@id\":\"https:\/\/guineediversite.com\/index.php\/2017\/05\/24\/dossier-du-28-septembre-me-paul-yomba-repond-aux-propos-de-cheick-sacko\/\",\"url\":\"https:\/\/guineediversite.com\/index.php\/2017\/05\/24\/dossier-du-28-septembre-me-paul-yomba-repond-aux-propos-de-cheick-sacko\/\",\"name\":\"Dossier du 28 septembre : Me. Paul Yomba r\u00e9pond aux propos de Cheick Sacko | Guin\u00e9e Diversit\u00e9\",\"isPartOf\":{\"@id\":\"https:\/\/guineediversite.com\/#website\"},\"primaryImageOfPage\":{\"@id\":\"https:\/\/guineediversite.com\/index.php\/2017\/05\/24\/dossier-du-28-septembre-me-paul-yomba-repond-aux-propos-de-cheick-sacko\/#primaryimage\"},\"image\":{\"@id\":\"https:\/\/guineediversite.com\/index.php\/2017\/05\/24\/dossier-du-28-septembre-me-paul-yomba-repond-aux-propos-de-cheick-sacko\/#primaryimage\"},\"thumbnailUrl\":\"https:\/\/guineediversite.com\/wp-content\/uploads\/2017\/05\/received_1854998318095432.jpeg\",\"datePublished\":\"2017-05-24T09:57:29+00:00\",\"dateModified\":\"2017-05-27T09:20:23+00:00\",\"breadcrumb\":{\"@id\":\"https:\/\/guineediversite.com\/index.php\/2017\/05\/24\/dossier-du-28-septembre-me-paul-yomba-repond-aux-propos-de-cheick-sacko\/#breadcrumb\"},\"inLanguage\":\"fr-FR\",\"potentialAction\":[{\"@type\":\"ReadAction\",\"target\":[\"https:\/\/guineediversite.com\/index.php\/2017\/05\/24\/dossier-du-28-septembre-me-paul-yomba-repond-aux-propos-de-cheick-sacko\/\"]}]},{\"@type\":\"ImageObject\",\"inLanguage\":\"fr-FR\",\"@id\":\"https:\/\/guineediversite.com\/index.php\/2017\/05\/24\/dossier-du-28-septembre-me-paul-yomba-repond-aux-propos-de-cheick-sacko\/#primaryimage\",\"url\":\"https:\/\/guineediversite.com\/wp-content\/uploads\/2017\/05\/received_1854998318095432.jpeg\",\"contentUrl\":\"https:\/\/guineediversite.com\/wp-content\/uploads\/2017\/05\/received_1854998318095432.jpeg\",\"width\":854,\"height\":641},{\"@type\":\"BreadcrumbList\",\"@id\":\"https:\/\/guineediversite.com\/index.php\/2017\/05\/24\/dossier-du-28-septembre-me-paul-yomba-repond-aux-propos-de-cheick-sacko\/#breadcrumb\",\"itemListElement\":[{\"@type\":\"ListItem\",\"position\":1,\"name\":\"Accueil\",\"item\":\"https:\/\/guineediversite.com\/\"},{\"@type\":\"ListItem\",\"position\":2,\"name\":\"Dossier du 28 septembre : Me. Paul Yomba r\u00e9pond aux propos de Cheick Sacko\"}]},{\"@type\":\"WebSite\",\"@id\":\"https:\/\/guineediversite.com\/#website\",\"url\":\"https:\/\/guineediversite.com\/\",\"name\":\"Guin\u00e9e Diversit\u00e9\",\"description\":\"L&#039;Info dans toute sa diversit\u00e9\",\"publisher\":{\"@id\":\"https:\/\/guineediversite.com\/#organization\"},\"potentialAction\":[{\"@type\":\"SearchAction\",\"target\":{\"@type\":\"EntryPoint\",\"urlTemplate\":\"https:\/\/guineediversite.com\/?s={search_term_string}\"},\"query-input\":{\"@type\":\"PropertyValueSpecification\",\"valueRequired\":true,\"valueName\":\"search_term_string\"}}],\"inLanguage\":\"fr-FR\"},{\"@type\":\"Organization\",\"@id\":\"https:\/\/guineediversite.com\/#organization\",\"name\":\"Guin\u00e9e Diversit\u00e9\",\"url\":\"https:\/\/guineediversite.com\/\",\"logo\":{\"@type\":\"ImageObject\",\"inLanguage\":\"fr-FR\",\"@id\":\"https:\/\/guineediversite.com\/#\/schema\/logo\/image\/\",\"url\":\"https:\/\/guineediversite.com\/wp-content\/uploads\/2017\/04\/cropped-1jojlxEOMkX9Wyqfhe43D6kjPOGqBBKmx3EwWJqZ0cMrFF54yM49.png\",\"contentUrl\":\"https:\/\/guineediversite.com\/wp-content\/uploads\/2017\/04\/cropped-1jojlxEOMkX9Wyqfhe43D6kjPOGqBBKmx3EwWJqZ0cMrFF54yM49.png\",\"width\":186,\"height\":112,\"caption\":\"Guin\u00e9e Diversit\u00e9\"},\"image\":{\"@id\":\"https:\/\/guineediversite.com\/#\/schema\/logo\/image\/\"},\"sameAs\":[\"https:\/\/www.facebook.com\/guineediversite\/\",\"https:\/\/x.com\/GuineeDiversite\",\"https:\/\/www.youtube.com\/channel\/UC8sUY16qelG5ge6_D5SB83g\"]},{\"@type\":\"Person\",\"@id\":\"https:\/\/guineediversite.com\/#\/schema\/person\/afa08fb34e7fc6e1feafc892612bc836\",\"name\":\"Guin\u00e9e Diversit\u00e9\",\"image\":{\"@type\":\"ImageObject\",\"inLanguage\":\"fr-FR\",\"@id\":\"https:\/\/guineediversite.com\/#\/schema\/person\/image\/\",\"url\":\"https:\/\/secure.gravatar.com\/avatar\/50d5eb5b390f8b65ac30ac6f898eb83a?s=96&d=mm&r=g\",\"contentUrl\":\"https:\/\/secure.gravatar.com\/avatar\/50d5eb5b390f8b65ac30ac6f898eb83a?s=96&d=mm&r=g\",\"caption\":\"Guin\u00e9e Diversit\u00e9\"},\"url\":\"https:\/\/guineediversite.com\/index.php\/author\/guineediversite\/\"}]}<\/script>\n<!-- \/ Yoast SEO plugin. -->","yoast_head_json":{"title":"Dossier du 28 septembre : Me. Paul Yomba r\u00e9pond aux propos de Cheick Sacko | Guin\u00e9e Diversit\u00e9","robots":{"index":"index","follow":"follow","max-snippet":"max-snippet:-1","max-image-preview":"max-image-preview:large","max-video-preview":"max-video-preview:-1"},"canonical":"https:\/\/guineediversite.com\/index.php\/2017\/05\/24\/dossier-du-28-septembre-me-paul-yomba-repond-aux-propos-de-cheick-sacko\/","og_locale":"fr_FR","og_type":"article","og_title":"Dossier du 28 septembre : Me. Paul Yomba r\u00e9pond aux propos de Cheick Sacko | Guin\u00e9e Diversit\u00e9","og_description":"Le collectif des avocats d\u2019Aboubacar Toumba Diakit\u00e9 a anim\u00e9 une conf\u00e9rence de presse \u00e0 Conakry, ce mardi 23 mai 2017. Il \u00e9tait question de faire le point sur la probl\u00e9matique autour du dossier de leur client et de r\u00e9agir cons\u00e9cutivement \u00e0 la r\u00e9cente sortie du ministre de la justice, qui a trait\u00e9 ce pool d\u2019avocat [&hellip;]","og_url":"https:\/\/guineediversite.com\/index.php\/2017\/05\/24\/dossier-du-28-septembre-me-paul-yomba-repond-aux-propos-de-cheick-sacko\/","og_site_name":"Guin\u00e9e Diversit\u00e9","article_publisher":"https:\/\/www.facebook.com\/guineediversite\/","article_published_time":"2017-05-24T09:57:29+00:00","article_modified_time":"2017-05-27T09:20:23+00:00","og_image":[{"width":854,"height":641,"url":"https:\/\/guineediversite.com\/wp-content\/uploads\/2017\/05\/received_1854998318095432.jpeg","type":"image\/jpeg"}],"author":"Guin\u00e9e Diversit\u00e9","twitter_card":"summary_large_image","twitter_creator":"@GuineeDiversite","twitter_site":"@GuineeDiversite","twitter_misc":{"\u00c9crit par":"Guin\u00e9e Diversit\u00e9","Dur\u00e9e de lecture estim\u00e9e":"2 minutes"},"schema":{"@context":"https:\/\/schema.org","@graph":[{"@type":"Article","@id":"https:\/\/guineediversite.com\/index.php\/2017\/05\/24\/dossier-du-28-septembre-me-paul-yomba-repond-aux-propos-de-cheick-sacko\/#article","isPartOf":{"@id":"https:\/\/guineediversite.com\/index.php\/2017\/05\/24\/dossier-du-28-septembre-me-paul-yomba-repond-aux-propos-de-cheick-sacko\/"},"author":{"name":"Guin\u00e9e Diversit\u00e9","@id":"https:\/\/guineediversite.com\/#\/schema\/person\/afa08fb34e7fc6e1feafc892612bc836"},"headline":"Dossier du 28 septembre : Me. Paul Yomba r\u00e9pond aux propos de Cheick Sacko","datePublished":"2017-05-24T09:57:29+00:00","dateModified":"2017-05-27T09:20:23+00:00","mainEntityOfPage":{"@id":"https:\/\/guineediversite.com\/index.php\/2017\/05\/24\/dossier-du-28-septembre-me-paul-yomba-repond-aux-propos-de-cheick-sacko\/"},"wordCount":414,"commentCount":0,"publisher":{"@id":"https:\/\/guineediversite.com\/#organization"},"image":{"@id":"https:\/\/guineediversite.com\/index.php\/2017\/05\/24\/dossier-du-28-septembre-me-paul-yomba-repond-aux-propos-de-cheick-sacko\/#primaryimage"},"thumbnailUrl":"https:\/\/guineediversite.com\/wp-content\/uploads\/2017\/05\/received_1854998318095432.jpeg","articleSection":["Soci\u00e9t\u00e9"],"inLanguage":"fr-FR","potentialAction":[{"@type":"CommentAction","name":"Comment","target":["https:\/\/guineediversite.com\/index.php\/2017\/05\/24\/dossier-du-28-septembre-me-paul-yomba-repond-aux-propos-de-cheick-sacko\/#respond"]}]},{"@type":"WebPage","@id":"https:\/\/guineediversite.com\/index.php\/2017\/05\/24\/dossier-du-28-septembre-me-paul-yomba-repond-aux-propos-de-cheick-sacko\/","url":"https:\/\/guineediversite.com\/index.php\/2017\/05\/24\/dossier-du-28-septembre-me-paul-yomba-repond-aux-propos-de-cheick-sacko\/","name":"Dossier du 28 septembre : Me. Paul Yomba r\u00e9pond aux propos de Cheick Sacko | Guin\u00e9e Diversit\u00e9","isPartOf":{"@id":"https:\/\/guineediversite.com\/#website"},"primaryImageOfPage":{"@id":"https:\/\/guineediversite.com\/index.php\/2017\/05\/24\/dossier-du-28-septembre-me-paul-yomba-repond-aux-propos-de-cheick-sacko\/#primaryimage"},"image":{"@id":"https:\/\/guineediversite.com\/index.php\/2017\/05\/24\/dossier-du-28-septembre-me-paul-yomba-repond-aux-propos-de-cheick-sacko\/#primaryimage"},"thumbnailUrl":"https:\/\/guineediversite.com\/wp-content\/uploads\/2017\/05\/received_1854998318095432.jpeg","datePublished":"2017-05-24T09:57:29+00:00","dateModified":"2017-05-27T09:20:23+00:00","breadcrumb":{"@id":"https:\/\/guineediversite.com\/index.php\/2017\/05\/24\/dossier-du-28-septembre-me-paul-yomba-repond-aux-propos-de-cheick-sacko\/#breadcrumb"},"inLanguage":"fr-FR","potentialAction":[{"@type":"ReadAction","target":["https:\/\/guineediversite.com\/index.php\/2017\/05\/24\/dossier-du-28-septembre-me-paul-yomba-repond-aux-propos-de-cheick-sacko\/"]}]},{"@type":"ImageObject","inLanguage":"fr-FR","@id":"https:\/\/guineediversite.com\/index.php\/2017\/05\/24\/dossier-du-28-septembre-me-paul-yomba-repond-aux-propos-de-cheick-sacko\/#primaryimage","url":"https:\/\/guineediversite.com\/wp-content\/uploads\/2017\/05\/received_1854998318095432.jpeg","contentUrl":"https:\/\/guineediversite.com\/wp-content\/uploads\/2017\/05\/received_1854998318095432.jpeg","width":854,"height":641},{"@type":"BreadcrumbList","@id":"https:\/\/guineediversite.com\/index.php\/2017\/05\/24\/dossier-du-28-septembre-me-paul-yomba-repond-aux-propos-de-cheick-sacko\/#breadcrumb","itemListElement":[{"@type":"ListItem","position":1,"name":"Accueil","item":"https:\/\/guineediversite.com\/"},{"@type":"ListItem","position":2,"name":"Dossier du 28 septembre : Me. Paul Yomba r\u00e9pond aux propos de Cheick Sacko"}]},{"@type":"WebSite","@id":"https:\/\/guineediversite.com\/#website","url":"https:\/\/guineediversite.com\/","name":"Guin\u00e9e Diversit\u00e9","description":"L&#039;Info dans toute sa diversit\u00e9","publisher":{"@id":"https:\/\/guineediversite.com\/#organization"},"potentialAction":[{"@type":"SearchAction","target":{"@type":"EntryPoint","urlTemplate":"https:\/\/guineediversite.com\/?s={search_term_string}"},"query-input":{"@type":"PropertyValueSpecification","valueRequired":true,"valueName":"search_term_string"}}],"inLanguage":"fr-FR"},{"@type":"Organization","@id":"https:\/\/guineediversite.com\/#organization","name":"Guin\u00e9e Diversit\u00e9","url":"https:\/\/guineediversite.com\/","logo":{"@type":"ImageObject","inLanguage":"fr-FR","@id":"https:\/\/guineediversite.com\/#\/schema\/logo\/image\/","url":"https:\/\/guineediversite.com\/wp-content\/uploads\/2017\/04\/cropped-1jojlxEOMkX9Wyqfhe43D6kjPOGqBBKmx3EwWJqZ0cMrFF54yM49.png","contentUrl":"https:\/\/guineediversite.com\/wp-content\/uploads\/2017\/04\/cropped-1jojlxEOMkX9Wyqfhe43D6kjPOGqBBKmx3EwWJqZ0cMrFF54yM49.png","width":186,"height":112,"caption":"Guin\u00e9e Diversit\u00e9"},"image":{"@id":"https:\/\/guineediversite.com\/#\/schema\/logo\/image\/"},"sameAs":["https:\/\/www.facebook.com\/guineediversite\/","https:\/\/x.com\/GuineeDiversite","https:\/\/www.youtube.com\/channel\/UC8sUY16qelG5ge6_D5SB83g"]},{"@type":"Person","@id":"https:\/\/guineediversite.com\/#\/schema\/person\/afa08fb34e7fc6e1feafc892612bc836","name":"Guin\u00e9e Diversit\u00e9","image":{"@type":"ImageObject","inLanguage":"fr-FR","@id":"https:\/\/guineediversite.com\/#\/schema\/person\/image\/","url":"https:\/\/secure.gravatar.com\/avatar\/50d5eb5b390f8b65ac30ac6f898eb83a?s=96&d=mm&r=g","contentUrl":"https:\/\/secure.gravatar.com\/avatar\/50d5eb5b390f8b65ac30ac6f898eb83a?s=96&d=mm&r=g","caption":"Guin\u00e9e Diversit\u00e9"},"url":"https:\/\/guineediversite.com\/index.php\/author\/guineediversite\/"}]}},"_links":{"self":[{"href":"https:\/\/guineediversite.com\/index.php\/wp-json\/wp\/v2\/posts\/19863"}],"collection":[{"href":"https:\/\/guineediversite.com\/index.php\/wp-json\/wp\/v2\/posts"}],"about":[{"href":"https:\/\/guineediversite.com\/index.php\/wp-json\/wp\/v2\/types\/post"}],"author":[{"embeddable":true,"href":"https:\/\/guineediversite.com\/index.php\/wp-json\/wp\/v2\/users\/12"}],"replies":[{"embeddable":true,"href":"https:\/\/guineediversite.com\/index.php\/wp-json\/wp\/v2\/comments?post=19863"}],"version-history":[{"count":0,"href":"https:\/\/guineediversite.com\/index.php\/wp-json\/wp\/v2\/posts\/19863\/revisions"}],"wp:featuredmedia":[{"embeddable":true,"href":"https:\/\/guineediversite.com\/index.php\/wp-json\/wp\/v2\/media\/19864"}],"wp:attachment":[{"href":"https:\/\/guineediversite.com\/index.php\/wp-json\/wp\/v2\/media?parent=19863"}],"wp:term":[{"taxonomy":"category","embeddable":true,"href":"https:\/\/guineediversite.com\/index.php\/wp-json\/wp\/v2\/categories?post=19863"},{"taxonomy":"post_tag","embeddable":true,"href":"https:\/\/guineediversite.com\/index.php\/wp-json\/wp\/v2\/tags?post=19863"}],"curies":[{"name":"wp","href":"https:\/\/api.w.org\/{rel}","templated":true}]}}