{"id":19858,"date":"2017-05-24T11:22:03","date_gmt":"2017-05-24T09:22:03","guid":{"rendered":"https:\/\/www.guineediversite.com\/?p=19858"},"modified":"2017-05-27T11:20:37","modified_gmt":"2017-05-27T09:20:37","slug":"presentation-du-programme-daccompagnement-de-linclusion-sociale-des-adolescents-et-jeunes-et-la-mise-des-hots-spots","status":"publish","type":"post","link":"https:\/\/guineediversite.com\/index.php\/2017\/05\/24\/presentation-du-programme-daccompagnement-de-linclusion-sociale-des-adolescents-et-jeunes-et-la-mise-des-hots-spots\/","title":{"rendered":"Pr\u00e9sentation du programme d\u2019accompagnement de l\u2019inclusion sociale des adolescents et jeunes, et la mise des hots spots"},"content":{"rendered":"<p>Le minist\u00e8re de la jeunesse et de l\u2019emploi jeune, a proc\u00e9d\u00e9 ce mardi \u00e0 la pr\u00e9sentation du programme\u00a0 d\u2019accompagnement de l\u2019inclusion sociale des adolescents et jeunes en Guin\u00e9e et la mise \u00e0 disposition des hotspots \u00e0 la maison des jeunes de Col\u00e9ah cit\u00e9. Ce programme va accompagner les jeunes guin\u00e9ens \u00e0 la participation citoyenne, et \u00a0la vie des communaut\u00e9s \u00e0 la base.<\/p>\n<p>Selon des statistiques du minist\u00e8re de la jeunesse, 84% des jeunes sont d\u00e9pendant, 63% des jeunes filles sont mari\u00e9s avant l\u2019\u00e2ge de 18ans, avec un taux d\u2019excision de \u00a0jeunes filles \u00e0 96%\u00a0, avec un taux de ch\u00f4mage de 44,9% des jeunes dont l\u2019\u00e2ge varie entre 25 et 34 ans. Pour inverser cette tendance le minist\u00e8re de la jeunesse a lanc\u00e9 ce programme d\u00e9nomm\u00e9 jeunes en action, qui vise \u00e0 faciliter l\u2019\u00e9panouissement des jeunes.<\/p>\n<p>\u00ab\u00a0Un programme avec plusieurs projets qui naturellement accompagne les jeunes non seulement \u00e0 la participation citoyenne, mais aussi \u00e0 la vie de la communaut\u00e9 et aussi \u00e0 leur participation effective\u00bb a souligner Moustapha Nait\u00e9 ministre guin\u00e9en de la jeunesse et de l\u2019emploi jeunes.<\/p>\n<p>Poursuivant le ministre est revenu sur la port\u00e9e du projet, je cite \u00ab\u00a0les acquis aujourd\u2019hui nous avons nos maisons de jeune qui sont aujourd\u2019hui connect\u00e9 a l\u2019internet et ceux gratuitement. Nous avons 27 points de connexion, 20 \u00e0 Conakry et 7 \u00e0 l\u2019int\u00e9rieur du pays notamment \u00e0 Dubr\u00e9ka, Lab\u00e9, Kindia, Nz\u00e9r\u00e9kor\u00e9\u00a0, Kankan et Mamou. Donc on a aussi form\u00e9 plus de sept cent et quelques jeunes au mandat de nos partenaires pour leurs participation effective \u00e0 la vie de la communaut\u00e9 partout ou il vive\u00a0\u00bb a martel\u00e9 Moustapha Nait\u00e9.<\/p>\n<p>Marck Ruben repr\u00e9sentant r\u00e9sident de l\u2019UNICEF en Guin\u00e9e a affirm\u00e9 la d\u00e9termination de son institution\u00a0 \u00e0 accompagner le d\u00e9partement de la jeunesse<\/p>\n<p>Pr\u00e9cisons que, ce programme d\u2019accompagnement d\u2019inclusion sociale des jeunes va toucher l\u2019ensemble de la composante de la couche juv\u00e9nile guin\u00e9enne.<\/p>\n<p><strong>Morcir\u00e9 Camara<\/strong><\/p>\n","protected":false},"excerpt":{"rendered":"<p>Le minist\u00e8re de la jeunesse et de l\u2019emploi jeune, a proc\u00e9d\u00e9 ce mardi \u00e0 la pr\u00e9sentation du programme\u00a0 d\u2019accompagnement de l\u2019inclusion sociale des adolescents et jeunes en Guin\u00e9e et la mise \u00e0 disposition des hotspots \u00e0 la maison des jeunes de Col\u00e9ah cit\u00e9. Ce programme va accompagner les jeunes guin\u00e9ens \u00e0 la participation citoyenne, et [&hellip;]<\/p>\n","protected":false},"author":12,"featured_media":19859,"comment_status":"open","ping_status":"open","sticky":false,"template":"","format":"standard","meta":{"_exactmetrics_skip_tracking":false,"_exactmetrics_sitenote_active":false,"_exactmetrics_sitenote_note":"","_exactmetrics_sitenote_category":0,"tdm_status":"","tdm_grid_status":"","footnotes":""},"categories":[16],"tags":[],"class_list":{"0":"post-19858","1":"post","2":"type-post","3":"status-publish","4":"format-standard","5":"has-post-thumbnail","7":"category-societe"},"yoast_head":"<!-- This site is optimized with the Yoast SEO plugin v24.2 - https:\/\/yoast.com\/wordpress\/plugins\/seo\/ -->\n<title>Pr\u00e9sentation du programme d\u2019accompagnement de l\u2019inclusion sociale des adolescents et jeunes, et la mise des hots spots | Guin\u00e9e Diversit\u00e9<\/title>\n<meta name=\"robots\" content=\"index, follow, max-snippet:-1, max-image-preview:large, max-video-preview:-1\" \/>\n<link rel=\"canonical\" href=\"https:\/\/guineediversite.com\/index.php\/2017\/05\/24\/presentation-du-programme-daccompagnement-de-linclusion-sociale-des-adolescents-et-jeunes-et-la-mise-des-hots-spots\/\" \/>\n<meta property=\"og:locale\" content=\"fr_FR\" \/>\n<meta property=\"og:type\" content=\"article\" \/>\n<meta property=\"og:title\" content=\"Pr\u00e9sentation du programme d\u2019accompagnement de l\u2019inclusion sociale des adolescents et jeunes, et la mise des hots spots | Guin\u00e9e Diversit\u00e9\" \/>\n<meta property=\"og:description\" content=\"Le minist\u00e8re de la jeunesse et de l\u2019emploi jeune, a proc\u00e9d\u00e9 ce mardi \u00e0 la pr\u00e9sentation du programme\u00a0 d\u2019accompagnement de l\u2019inclusion sociale des adolescents et jeunes en Guin\u00e9e et la mise \u00e0 disposition des hotspots \u00e0 la maison des jeunes de Col\u00e9ah cit\u00e9. Ce programme va accompagner les jeunes guin\u00e9ens \u00e0 la participation citoyenne, et [&hellip;]\" \/>\n<meta property=\"og:url\" content=\"https:\/\/guineediversite.com\/index.php\/2017\/05\/24\/presentation-du-programme-daccompagnement-de-linclusion-sociale-des-adolescents-et-jeunes-et-la-mise-des-hots-spots\/\" \/>\n<meta property=\"og:site_name\" content=\"Guin\u00e9e Diversit\u00e9\" \/>\n<meta property=\"article:publisher\" content=\"https:\/\/www.facebook.com\/guineediversite\/\" \/>\n<meta property=\"article:published_time\" content=\"2017-05-24T09:22:03+00:00\" \/>\n<meta property=\"article:modified_time\" content=\"2017-05-27T09:20:37+00:00\" \/>\n<meta property=\"og:image\" content=\"https:\/\/guineediversite.com\/wp-content\/uploads\/2017\/05\/IMG_20170523_090903.jpg\" \/>\n\t<meta property=\"og:image:width\" content=\"2960\" \/>\n\t<meta property=\"og:image:height\" content=\"1664\" \/>\n\t<meta property=\"og:image:type\" content=\"image\/jpeg\" \/>\n<meta name=\"author\" content=\"Guin\u00e9e Diversit\u00e9\" \/>\n<meta name=\"twitter:card\" content=\"summary_large_image\" \/>\n<meta name=\"twitter:creator\" content=\"@GuineeDiversite\" \/>\n<meta name=\"twitter:site\" content=\"@GuineeDiversite\" \/>\n<meta name=\"twitter:label1\" content=\"\u00c9crit par\" \/>\n\t<meta name=\"twitter:data1\" content=\"Guin\u00e9e Diversit\u00e9\" \/>\n\t<meta name=\"twitter:label2\" content=\"Dur\u00e9e de lecture estim\u00e9e\" \/>\n\t<meta name=\"twitter:data2\" content=\"2 minutes\" \/>\n<script type=\"application\/ld+json\" class=\"yoast-schema-graph\">{\"@context\":\"https:\/\/schema.org\",\"@graph\":[{\"@type\":\"Article\",\"@id\":\"https:\/\/guineediversite.com\/index.php\/2017\/05\/24\/presentation-du-programme-daccompagnement-de-linclusion-sociale-des-adolescents-et-jeunes-et-la-mise-des-hots-spots\/#article\",\"isPartOf\":{\"@id\":\"https:\/\/guineediversite.com\/index.php\/2017\/05\/24\/presentation-du-programme-daccompagnement-de-linclusion-sociale-des-adolescents-et-jeunes-et-la-mise-des-hots-spots\/\"},\"author\":{\"name\":\"Guin\u00e9e Diversit\u00e9\",\"@id\":\"https:\/\/guineediversite.com\/#\/schema\/person\/afa08fb34e7fc6e1feafc892612bc836\"},\"headline\":\"Pr\u00e9sentation du programme d\u2019accompagnement de l\u2019inclusion sociale des adolescents et jeunes, et la mise des hots spots\",\"datePublished\":\"2017-05-24T09:22:03+00:00\",\"dateModified\":\"2017-05-27T09:20:37+00:00\",\"mainEntityOfPage\":{\"@id\":\"https:\/\/guineediversite.com\/index.php\/2017\/05\/24\/presentation-du-programme-daccompagnement-de-linclusion-sociale-des-adolescents-et-jeunes-et-la-mise-des-hots-spots\/\"},\"wordCount\":350,\"commentCount\":0,\"publisher\":{\"@id\":\"https:\/\/guineediversite.com\/#organization\"},\"image\":{\"@id\":\"https:\/\/guineediversite.com\/index.php\/2017\/05\/24\/presentation-du-programme-daccompagnement-de-linclusion-sociale-des-adolescents-et-jeunes-et-la-mise-des-hots-spots\/#primaryimage\"},\"thumbnailUrl\":\"https:\/\/guineediversite.com\/wp-content\/uploads\/2017\/05\/IMG_20170523_090903.jpg\",\"articleSection\":[\"Soci\u00e9t\u00e9\"],\"inLanguage\":\"fr-FR\",\"potentialAction\":[{\"@type\":\"CommentAction\",\"name\":\"Comment\",\"target\":[\"https:\/\/guineediversite.com\/index.php\/2017\/05\/24\/presentation-du-programme-daccompagnement-de-linclusion-sociale-des-adolescents-et-jeunes-et-la-mise-des-hots-spots\/#respond\"]}]},{\"@type\":\"WebPage\",\"@id\":\"https:\/\/guineediversite.com\/index.php\/2017\/05\/24\/presentation-du-programme-daccompagnement-de-linclusion-sociale-des-adolescents-et-jeunes-et-la-mise-des-hots-spots\/\",\"url\":\"https:\/\/guineediversite.com\/index.php\/2017\/05\/24\/presentation-du-programme-daccompagnement-de-linclusion-sociale-des-adolescents-et-jeunes-et-la-mise-des-hots-spots\/\",\"name\":\"Pr\u00e9sentation du programme d\u2019accompagnement de l\u2019inclusion sociale des adolescents et jeunes, et la mise des hots spots | Guin\u00e9e Diversit\u00e9\",\"isPartOf\":{\"@id\":\"https:\/\/guineediversite.com\/#website\"},\"primaryImageOfPage\":{\"@id\":\"https:\/\/guineediversite.com\/index.php\/2017\/05\/24\/presentation-du-programme-daccompagnement-de-linclusion-sociale-des-adolescents-et-jeunes-et-la-mise-des-hots-spots\/#primaryimage\"},\"image\":{\"@id\":\"https:\/\/guineediversite.com\/index.php\/2017\/05\/24\/presentation-du-programme-daccompagnement-de-linclusion-sociale-des-adolescents-et-jeunes-et-la-mise-des-hots-spots\/#primaryimage\"},\"thumbnailUrl\":\"https:\/\/guineediversite.com\/wp-content\/uploads\/2017\/05\/IMG_20170523_090903.jpg\",\"datePublished\":\"2017-05-24T09:22:03+00:00\",\"dateModified\":\"2017-05-27T09:20:37+00:00\",\"breadcrumb\":{\"@id\":\"https:\/\/guineediversite.com\/index.php\/2017\/05\/24\/presentation-du-programme-daccompagnement-de-linclusion-sociale-des-adolescents-et-jeunes-et-la-mise-des-hots-spots\/#breadcrumb\"},\"inLanguage\":\"fr-FR\",\"potentialAction\":[{\"@type\":\"ReadAction\",\"target\":[\"https:\/\/guineediversite.com\/index.php\/2017\/05\/24\/presentation-du-programme-daccompagnement-de-linclusion-sociale-des-adolescents-et-jeunes-et-la-mise-des-hots-spots\/\"]}]},{\"@type\":\"ImageObject\",\"inLanguage\":\"fr-FR\",\"@id\":\"https:\/\/guineediversite.com\/index.php\/2017\/05\/24\/presentation-du-programme-daccompagnement-de-linclusion-sociale-des-adolescents-et-jeunes-et-la-mise-des-hots-spots\/#primaryimage\",\"url\":\"https:\/\/guineediversite.com\/wp-content\/uploads\/2017\/05\/IMG_20170523_090903.jpg\",\"contentUrl\":\"https:\/\/guineediversite.com\/wp-content\/uploads\/2017\/05\/IMG_20170523_090903.jpg\",\"width\":2960,\"height\":1664},{\"@type\":\"BreadcrumbList\",\"@id\":\"https:\/\/guineediversite.com\/index.php\/2017\/05\/24\/presentation-du-programme-daccompagnement-de-linclusion-sociale-des-adolescents-et-jeunes-et-la-mise-des-hots-spots\/#breadcrumb\",\"itemListElement\":[{\"@type\":\"ListItem\",\"position\":1,\"name\":\"Accueil\",\"item\":\"https:\/\/guineediversite.com\/\"},{\"@type\":\"ListItem\",\"position\":2,\"name\":\"Pr\u00e9sentation du programme d\u2019accompagnement de l\u2019inclusion sociale des adolescents et jeunes, et la mise des hots spots\"}]},{\"@type\":\"WebSite\",\"@id\":\"https:\/\/guineediversite.com\/#website\",\"url\":\"https:\/\/guineediversite.com\/\",\"name\":\"Guin\u00e9e Diversit\u00e9\",\"description\":\"L&#039;Info dans toute sa diversit\u00e9\",\"publisher\":{\"@id\":\"https:\/\/guineediversite.com\/#organization\"},\"potentialAction\":[{\"@type\":\"SearchAction\",\"target\":{\"@type\":\"EntryPoint\",\"urlTemplate\":\"https:\/\/guineediversite.com\/?s={search_term_string}\"},\"query-input\":{\"@type\":\"PropertyValueSpecification\",\"valueRequired\":true,\"valueName\":\"search_term_string\"}}],\"inLanguage\":\"fr-FR\"},{\"@type\":\"Organization\",\"@id\":\"https:\/\/guineediversite.com\/#organization\",\"name\":\"Guin\u00e9e Diversit\u00e9\",\"url\":\"https:\/\/guineediversite.com\/\",\"logo\":{\"@type\":\"ImageObject\",\"inLanguage\":\"fr-FR\",\"@id\":\"https:\/\/guineediversite.com\/#\/schema\/logo\/image\/\",\"url\":\"https:\/\/guineediversite.com\/wp-content\/uploads\/2017\/04\/cropped-1jojlxEOMkX9Wyqfhe43D6kjPOGqBBKmx3EwWJqZ0cMrFF54yM49.png\",\"contentUrl\":\"https:\/\/guineediversite.com\/wp-content\/uploads\/2017\/04\/cropped-1jojlxEOMkX9Wyqfhe43D6kjPOGqBBKmx3EwWJqZ0cMrFF54yM49.png\",\"width\":186,\"height\":112,\"caption\":\"Guin\u00e9e Diversit\u00e9\"},\"image\":{\"@id\":\"https:\/\/guineediversite.com\/#\/schema\/logo\/image\/\"},\"sameAs\":[\"https:\/\/www.facebook.com\/guineediversite\/\",\"https:\/\/x.com\/GuineeDiversite\",\"https:\/\/www.youtube.com\/channel\/UC8sUY16qelG5ge6_D5SB83g\"]},{\"@type\":\"Person\",\"@id\":\"https:\/\/guineediversite.com\/#\/schema\/person\/afa08fb34e7fc6e1feafc892612bc836\",\"name\":\"Guin\u00e9e Diversit\u00e9\",\"image\":{\"@type\":\"ImageObject\",\"inLanguage\":\"fr-FR\",\"@id\":\"https:\/\/guineediversite.com\/#\/schema\/person\/image\/\",\"url\":\"https:\/\/secure.gravatar.com\/avatar\/50d5eb5b390f8b65ac30ac6f898eb83a?s=96&d=mm&r=g\",\"contentUrl\":\"https:\/\/secure.gravatar.com\/avatar\/50d5eb5b390f8b65ac30ac6f898eb83a?s=96&d=mm&r=g\",\"caption\":\"Guin\u00e9e Diversit\u00e9\"},\"url\":\"https:\/\/guineediversite.com\/index.php\/author\/guineediversite\/\"}]}<\/script>\n<!-- \/ Yoast SEO plugin. -->","yoast_head_json":{"title":"Pr\u00e9sentation du programme d\u2019accompagnement de l\u2019inclusion sociale des adolescents et jeunes, et la mise des hots spots | Guin\u00e9e Diversit\u00e9","robots":{"index":"index","follow":"follow","max-snippet":"max-snippet:-1","max-image-preview":"max-image-preview:large","max-video-preview":"max-video-preview:-1"},"canonical":"https:\/\/guineediversite.com\/index.php\/2017\/05\/24\/presentation-du-programme-daccompagnement-de-linclusion-sociale-des-adolescents-et-jeunes-et-la-mise-des-hots-spots\/","og_locale":"fr_FR","og_type":"article","og_title":"Pr\u00e9sentation du programme d\u2019accompagnement de l\u2019inclusion sociale des adolescents et jeunes, et la mise des hots spots | Guin\u00e9e Diversit\u00e9","og_description":"Le minist\u00e8re de la jeunesse et de l\u2019emploi jeune, a proc\u00e9d\u00e9 ce mardi \u00e0 la pr\u00e9sentation du programme\u00a0 d\u2019accompagnement de l\u2019inclusion sociale des adolescents et jeunes en Guin\u00e9e et la mise \u00e0 disposition des hotspots \u00e0 la maison des jeunes de Col\u00e9ah cit\u00e9. Ce programme va accompagner les jeunes guin\u00e9ens \u00e0 la participation citoyenne, et [&hellip;]","og_url":"https:\/\/guineediversite.com\/index.php\/2017\/05\/24\/presentation-du-programme-daccompagnement-de-linclusion-sociale-des-adolescents-et-jeunes-et-la-mise-des-hots-spots\/","og_site_name":"Guin\u00e9e Diversit\u00e9","article_publisher":"https:\/\/www.facebook.com\/guineediversite\/","article_published_time":"2017-05-24T09:22:03+00:00","article_modified_time":"2017-05-27T09:20:37+00:00","og_image":[{"width":2960,"height":1664,"url":"https:\/\/guineediversite.com\/wp-content\/uploads\/2017\/05\/IMG_20170523_090903.jpg","type":"image\/jpeg"}],"author":"Guin\u00e9e Diversit\u00e9","twitter_card":"summary_large_image","twitter_creator":"@GuineeDiversite","twitter_site":"@GuineeDiversite","twitter_misc":{"\u00c9crit par":"Guin\u00e9e Diversit\u00e9","Dur\u00e9e de lecture estim\u00e9e":"2 minutes"},"schema":{"@context":"https:\/\/schema.org","@graph":[{"@type":"Article","@id":"https:\/\/guineediversite.com\/index.php\/2017\/05\/24\/presentation-du-programme-daccompagnement-de-linclusion-sociale-des-adolescents-et-jeunes-et-la-mise-des-hots-spots\/#article","isPartOf":{"@id":"https:\/\/guineediversite.com\/index.php\/2017\/05\/24\/presentation-du-programme-daccompagnement-de-linclusion-sociale-des-adolescents-et-jeunes-et-la-mise-des-hots-spots\/"},"author":{"name":"Guin\u00e9e Diversit\u00e9","@id":"https:\/\/guineediversite.com\/#\/schema\/person\/afa08fb34e7fc6e1feafc892612bc836"},"headline":"Pr\u00e9sentation du programme d\u2019accompagnement de l\u2019inclusion sociale des adolescents et jeunes, et la mise des hots spots","datePublished":"2017-05-24T09:22:03+00:00","dateModified":"2017-05-27T09:20:37+00:00","mainEntityOfPage":{"@id":"https:\/\/guineediversite.com\/index.php\/2017\/05\/24\/presentation-du-programme-daccompagnement-de-linclusion-sociale-des-adolescents-et-jeunes-et-la-mise-des-hots-spots\/"},"wordCount":350,"commentCount":0,"publisher":{"@id":"https:\/\/guineediversite.com\/#organization"},"image":{"@id":"https:\/\/guineediversite.com\/index.php\/2017\/05\/24\/presentation-du-programme-daccompagnement-de-linclusion-sociale-des-adolescents-et-jeunes-et-la-mise-des-hots-spots\/#primaryimage"},"thumbnailUrl":"https:\/\/guineediversite.com\/wp-content\/uploads\/2017\/05\/IMG_20170523_090903.jpg","articleSection":["Soci\u00e9t\u00e9"],"inLanguage":"fr-FR","potentialAction":[{"@type":"CommentAction","name":"Comment","target":["https:\/\/guineediversite.com\/index.php\/2017\/05\/24\/presentation-du-programme-daccompagnement-de-linclusion-sociale-des-adolescents-et-jeunes-et-la-mise-des-hots-spots\/#respond"]}]},{"@type":"WebPage","@id":"https:\/\/guineediversite.com\/index.php\/2017\/05\/24\/presentation-du-programme-daccompagnement-de-linclusion-sociale-des-adolescents-et-jeunes-et-la-mise-des-hots-spots\/","url":"https:\/\/guineediversite.com\/index.php\/2017\/05\/24\/presentation-du-programme-daccompagnement-de-linclusion-sociale-des-adolescents-et-jeunes-et-la-mise-des-hots-spots\/","name":"Pr\u00e9sentation du programme d\u2019accompagnement de l\u2019inclusion sociale des adolescents et jeunes, et la mise des hots spots | Guin\u00e9e Diversit\u00e9","isPartOf":{"@id":"https:\/\/guineediversite.com\/#website"},"primaryImageOfPage":{"@id":"https:\/\/guineediversite.com\/index.php\/2017\/05\/24\/presentation-du-programme-daccompagnement-de-linclusion-sociale-des-adolescents-et-jeunes-et-la-mise-des-hots-spots\/#primaryimage"},"image":{"@id":"https:\/\/guineediversite.com\/index.php\/2017\/05\/24\/presentation-du-programme-daccompagnement-de-linclusion-sociale-des-adolescents-et-jeunes-et-la-mise-des-hots-spots\/#primaryimage"},"thumbnailUrl":"https:\/\/guineediversite.com\/wp-content\/uploads\/2017\/05\/IMG_20170523_090903.jpg","datePublished":"2017-05-24T09:22:03+00:00","dateModified":"2017-05-27T09:20:37+00:00","breadcrumb":{"@id":"https:\/\/guineediversite.com\/index.php\/2017\/05\/24\/presentation-du-programme-daccompagnement-de-linclusion-sociale-des-adolescents-et-jeunes-et-la-mise-des-hots-spots\/#breadcrumb"},"inLanguage":"fr-FR","potentialAction":[{"@type":"ReadAction","target":["https:\/\/guineediversite.com\/index.php\/2017\/05\/24\/presentation-du-programme-daccompagnement-de-linclusion-sociale-des-adolescents-et-jeunes-et-la-mise-des-hots-spots\/"]}]},{"@type":"ImageObject","inLanguage":"fr-FR","@id":"https:\/\/guineediversite.com\/index.php\/2017\/05\/24\/presentation-du-programme-daccompagnement-de-linclusion-sociale-des-adolescents-et-jeunes-et-la-mise-des-hots-spots\/#primaryimage","url":"https:\/\/guineediversite.com\/wp-content\/uploads\/2017\/05\/IMG_20170523_090903.jpg","contentUrl":"https:\/\/guineediversite.com\/wp-content\/uploads\/2017\/05\/IMG_20170523_090903.jpg","width":2960,"height":1664},{"@type":"BreadcrumbList","@id":"https:\/\/guineediversite.com\/index.php\/2017\/05\/24\/presentation-du-programme-daccompagnement-de-linclusion-sociale-des-adolescents-et-jeunes-et-la-mise-des-hots-spots\/#breadcrumb","itemListElement":[{"@type":"ListItem","position":1,"name":"Accueil","item":"https:\/\/guineediversite.com\/"},{"@type":"ListItem","position":2,"name":"Pr\u00e9sentation du programme d\u2019accompagnement de l\u2019inclusion sociale des adolescents et jeunes, et la mise des hots spots"}]},{"@type":"WebSite","@id":"https:\/\/guineediversite.com\/#website","url":"https:\/\/guineediversite.com\/","name":"Guin\u00e9e Diversit\u00e9","description":"L&#039;Info dans toute sa diversit\u00e9","publisher":{"@id":"https:\/\/guineediversite.com\/#organization"},"potentialAction":[{"@type":"SearchAction","target":{"@type":"EntryPoint","urlTemplate":"https:\/\/guineediversite.com\/?s={search_term_string}"},"query-input":{"@type":"PropertyValueSpecification","valueRequired":true,"valueName":"search_term_string"}}],"inLanguage":"fr-FR"},{"@type":"Organization","@id":"https:\/\/guineediversite.com\/#organization","name":"Guin\u00e9e Diversit\u00e9","url":"https:\/\/guineediversite.com\/","logo":{"@type":"ImageObject","inLanguage":"fr-FR","@id":"https:\/\/guineediversite.com\/#\/schema\/logo\/image\/","url":"https:\/\/guineediversite.com\/wp-content\/uploads\/2017\/04\/cropped-1jojlxEOMkX9Wyqfhe43D6kjPOGqBBKmx3EwWJqZ0cMrFF54yM49.png","contentUrl":"https:\/\/guineediversite.com\/wp-content\/uploads\/2017\/04\/cropped-1jojlxEOMkX9Wyqfhe43D6kjPOGqBBKmx3EwWJqZ0cMrFF54yM49.png","width":186,"height":112,"caption":"Guin\u00e9e Diversit\u00e9"},"image":{"@id":"https:\/\/guineediversite.com\/#\/schema\/logo\/image\/"},"sameAs":["https:\/\/www.facebook.com\/guineediversite\/","https:\/\/x.com\/GuineeDiversite","https:\/\/www.youtube.com\/channel\/UC8sUY16qelG5ge6_D5SB83g"]},{"@type":"Person","@id":"https:\/\/guineediversite.com\/#\/schema\/person\/afa08fb34e7fc6e1feafc892612bc836","name":"Guin\u00e9e Diversit\u00e9","image":{"@type":"ImageObject","inLanguage":"fr-FR","@id":"https:\/\/guineediversite.com\/#\/schema\/person\/image\/","url":"https:\/\/secure.gravatar.com\/avatar\/50d5eb5b390f8b65ac30ac6f898eb83a?s=96&d=mm&r=g","contentUrl":"https:\/\/secure.gravatar.com\/avatar\/50d5eb5b390f8b65ac30ac6f898eb83a?s=96&d=mm&r=g","caption":"Guin\u00e9e Diversit\u00e9"},"url":"https:\/\/guineediversite.com\/index.php\/author\/guineediversite\/"}]}},"_links":{"self":[{"href":"https:\/\/guineediversite.com\/index.php\/wp-json\/wp\/v2\/posts\/19858"}],"collection":[{"href":"https:\/\/guineediversite.com\/index.php\/wp-json\/wp\/v2\/posts"}],"about":[{"href":"https:\/\/guineediversite.com\/index.php\/wp-json\/wp\/v2\/types\/post"}],"author":[{"embeddable":true,"href":"https:\/\/guineediversite.com\/index.php\/wp-json\/wp\/v2\/users\/12"}],"replies":[{"embeddable":true,"href":"https:\/\/guineediversite.com\/index.php\/wp-json\/wp\/v2\/comments?post=19858"}],"version-history":[{"count":0,"href":"https:\/\/guineediversite.com\/index.php\/wp-json\/wp\/v2\/posts\/19858\/revisions"}],"wp:featuredmedia":[{"embeddable":true,"href":"https:\/\/guineediversite.com\/index.php\/wp-json\/wp\/v2\/media\/19859"}],"wp:attachment":[{"href":"https:\/\/guineediversite.com\/index.php\/wp-json\/wp\/v2\/media?parent=19858"}],"wp:term":[{"taxonomy":"category","embeddable":true,"href":"https:\/\/guineediversite.com\/index.php\/wp-json\/wp\/v2\/categories?post=19858"},{"taxonomy":"post_tag","embeddable":true,"href":"https:\/\/guineediversite.com\/index.php\/wp-json\/wp\/v2\/tags?post=19858"}],"curies":[{"name":"wp","href":"https:\/\/api.w.org\/{rel}","templated":true}]}}