{"id":19839,"date":"2017-05-22T13:48:08","date_gmt":"2017-05-22T11:48:08","guid":{"rendered":"https:\/\/www.guineediversite.com\/?p=19839"},"modified":"2017-05-27T11:22:09","modified_gmt":"2017-05-27T09:22:09","slug":"situation-de-la-mosquee-faycal-el-hadj-mansour-fadiga-interpelle-alpha-conde","status":"publish","type":"post","link":"https:\/\/guineediversite.com\/index.php\/2017\/05\/22\/situation-de-la-mosquee-faycal-el-hadj-mansour-fadiga-interpelle-alpha-conde\/","title":{"rendered":"Situation de la mosqu\u00e9e Fay\u00e7al: El Hadj Mansour Fadiga interpelle Alpha Conde"},"content":{"rendered":"<p>\u00c0 l&rsquo;occasion de la c\u00e9r\u00e9monie d&rsquo;inauguration du si\u00e8ge de la Fondation \u00ab\u00a0El hadj Dieriba Diaby pour la paix et l&rsquo;assistance sociale\u00a0\u00bb, le week-end dernier \u00a0\u00e0 Ratoma centre (commune de Ratoma). El Hadj Mansour Fadiga, grand homme religieux et chroniqueur \u00e0 la t\u00e9l\u00e9vision nationale, a attir\u00e9 l&rsquo;attente des uns et des autres sur la situation d\u00e9gradante de la grande mosqu\u00e9e Fay\u00e7al.<\/p>\n<p>&nbsp;<\/p>\n<p>Face \u00e0 un parterre de fid\u00e8les musulmans et des repr\u00e9sentants de l&rsquo;autorit\u00e9 \u00e9tatique, El Hadj Mansour Fadiga a affirm\u00e9 qu&rsquo;\u00e0 l&rsquo;approche du mois saint de Ramadan qui co\u00efncide \u00e9galement au d\u00e9but de la saison hivernale, le toit de la plus grande mosqu\u00e9e de la r\u00e9publique de Guin\u00e9e est dans un \u00e9tat qui ne dit pas son nom.<\/p>\n<p>&nbsp;<\/p>\n<p>\u00ab\u00a0Quand il pleut, l&rsquo;eau ne rentre chez personne parmi nous ici, mais la maison de Dieu elle, elle est expos\u00e9e aux eaux des pluies. Je demande au Pr\u00e9sident de r\u00e9publique de faire un geste pour la r\u00e9novation de cette mosqu\u00e9e. Les premiers gestes doivent venir de nous avant que les Arabes viennent nous aider\u00a0\u00bb, a-t-il lanc\u00e9.<\/p>\n<p>&nbsp;<\/p>\n<p>\u00c0 noter que la Fondation \u00ab\u00a0El hadj Dieriba Diaby pour la paix et l&rsquo;assistance sociale\u00a0\u00bb a pour but de la paix et de la qui\u00e9tude sociale \u00e0 la Guin\u00e9e, l&rsquo;Afrique et le monde entier.<\/p>\n<p>&nbsp;<\/p>\n<p>Mohamed \u00a0Soumah<\/p>\n","protected":false},"excerpt":{"rendered":"<p>\u00c0 l&rsquo;occasion de la c\u00e9r\u00e9monie d&rsquo;inauguration du si\u00e8ge de la Fondation \u00ab\u00a0El hadj Dieriba Diaby pour la paix et l&rsquo;assistance sociale\u00a0\u00bb, le week-end dernier \u00a0\u00e0 Ratoma centre (commune de Ratoma). El Hadj Mansour Fadiga, grand homme religieux et chroniqueur \u00e0 la t\u00e9l\u00e9vision nationale, a attir\u00e9 l&rsquo;attente des uns et des autres sur la situation d\u00e9gradante [&hellip;]<\/p>\n","protected":false},"author":12,"featured_media":19840,"comment_status":"open","ping_status":"open","sticky":false,"template":"","format":"standard","meta":{"_exactmetrics_skip_tracking":false,"_exactmetrics_sitenote_active":false,"_exactmetrics_sitenote_note":"","_exactmetrics_sitenote_category":0,"tdm_status":"","tdm_grid_status":"","footnotes":""},"categories":[14],"tags":[],"class_list":{"0":"post-19839","1":"post","2":"type-post","3":"status-publish","4":"format-standard","5":"has-post-thumbnail","7":"category-politique"},"yoast_head":"<!-- This site is optimized with the Yoast SEO plugin v24.2 - https:\/\/yoast.com\/wordpress\/plugins\/seo\/ -->\n<title>Situation de la mosqu\u00e9e Fay\u00e7al: El Hadj Mansour Fadiga interpelle Alpha Conde | Guin\u00e9e Diversit\u00e9<\/title>\n<meta name=\"robots\" content=\"index, follow, max-snippet:-1, max-image-preview:large, max-video-preview:-1\" \/>\n<link rel=\"canonical\" href=\"https:\/\/guineediversite.com\/index.php\/2017\/05\/22\/situation-de-la-mosquee-faycal-el-hadj-mansour-fadiga-interpelle-alpha-conde\/\" \/>\n<meta property=\"og:locale\" content=\"fr_FR\" \/>\n<meta property=\"og:type\" content=\"article\" \/>\n<meta property=\"og:title\" content=\"Situation de la mosqu\u00e9e Fay\u00e7al: El Hadj Mansour Fadiga interpelle Alpha Conde | Guin\u00e9e Diversit\u00e9\" \/>\n<meta property=\"og:description\" content=\"\u00c0 l&rsquo;occasion de la c\u00e9r\u00e9monie d&rsquo;inauguration du si\u00e8ge de la Fondation \u00ab\u00a0El hadj Dieriba Diaby pour la paix et l&rsquo;assistance sociale\u00a0\u00bb, le week-end dernier \u00a0\u00e0 Ratoma centre (commune de Ratoma). El Hadj Mansour Fadiga, grand homme religieux et chroniqueur \u00e0 la t\u00e9l\u00e9vision nationale, a attir\u00e9 l&rsquo;attente des uns et des autres sur la situation d\u00e9gradante [&hellip;]\" \/>\n<meta property=\"og:url\" content=\"https:\/\/guineediversite.com\/index.php\/2017\/05\/22\/situation-de-la-mosquee-faycal-el-hadj-mansour-fadiga-interpelle-alpha-conde\/\" \/>\n<meta property=\"og:site_name\" content=\"Guin\u00e9e Diversit\u00e9\" \/>\n<meta property=\"article:publisher\" content=\"https:\/\/www.facebook.com\/guineediversite\/\" \/>\n<meta property=\"article:published_time\" content=\"2017-05-22T11:48:08+00:00\" \/>\n<meta property=\"article:modified_time\" content=\"2017-05-27T09:22:09+00:00\" \/>\n<meta property=\"og:image\" content=\"https:\/\/guineediversite.com\/wp-content\/uploads\/2017\/05\/el-hadj-mansour-fadiga-1.jpg\" \/>\n\t<meta property=\"og:image:width\" content=\"529\" \/>\n\t<meta property=\"og:image:height\" content=\"385\" \/>\n\t<meta property=\"og:image:type\" content=\"image\/jpeg\" \/>\n<meta name=\"author\" content=\"Guin\u00e9e Diversit\u00e9\" \/>\n<meta name=\"twitter:card\" content=\"summary_large_image\" \/>\n<meta name=\"twitter:creator\" content=\"@GuineeDiversite\" \/>\n<meta name=\"twitter:site\" content=\"@GuineeDiversite\" \/>\n<meta name=\"twitter:label1\" content=\"\u00c9crit par\" \/>\n\t<meta name=\"twitter:data1\" content=\"Guin\u00e9e Diversit\u00e9\" \/>\n\t<meta name=\"twitter:label2\" content=\"Dur\u00e9e de lecture estim\u00e9e\" \/>\n\t<meta name=\"twitter:data2\" content=\"1 minute\" \/>\n<script type=\"application\/ld+json\" class=\"yoast-schema-graph\">{\"@context\":\"https:\/\/schema.org\",\"@graph\":[{\"@type\":\"Article\",\"@id\":\"https:\/\/guineediversite.com\/index.php\/2017\/05\/22\/situation-de-la-mosquee-faycal-el-hadj-mansour-fadiga-interpelle-alpha-conde\/#article\",\"isPartOf\":{\"@id\":\"https:\/\/guineediversite.com\/index.php\/2017\/05\/22\/situation-de-la-mosquee-faycal-el-hadj-mansour-fadiga-interpelle-alpha-conde\/\"},\"author\":{\"name\":\"Guin\u00e9e Diversit\u00e9\",\"@id\":\"https:\/\/guineediversite.com\/#\/schema\/person\/afa08fb34e7fc6e1feafc892612bc836\"},\"headline\":\"Situation de la mosqu\u00e9e Fay\u00e7al: El Hadj Mansour Fadiga interpelle Alpha Conde\",\"datePublished\":\"2017-05-22T11:48:08+00:00\",\"dateModified\":\"2017-05-27T09:22:09+00:00\",\"mainEntityOfPage\":{\"@id\":\"https:\/\/guineediversite.com\/index.php\/2017\/05\/22\/situation-de-la-mosquee-faycal-el-hadj-mansour-fadiga-interpelle-alpha-conde\/\"},\"wordCount\":252,\"commentCount\":0,\"publisher\":{\"@id\":\"https:\/\/guineediversite.com\/#organization\"},\"image\":{\"@id\":\"https:\/\/guineediversite.com\/index.php\/2017\/05\/22\/situation-de-la-mosquee-faycal-el-hadj-mansour-fadiga-interpelle-alpha-conde\/#primaryimage\"},\"thumbnailUrl\":\"https:\/\/guineediversite.com\/wp-content\/uploads\/2017\/05\/el-hadj-mansour-fadiga-1.jpg\",\"articleSection\":[\"Politique\"],\"inLanguage\":\"fr-FR\",\"potentialAction\":[{\"@type\":\"CommentAction\",\"name\":\"Comment\",\"target\":[\"https:\/\/guineediversite.com\/index.php\/2017\/05\/22\/situation-de-la-mosquee-faycal-el-hadj-mansour-fadiga-interpelle-alpha-conde\/#respond\"]}]},{\"@type\":\"WebPage\",\"@id\":\"https:\/\/guineediversite.com\/index.php\/2017\/05\/22\/situation-de-la-mosquee-faycal-el-hadj-mansour-fadiga-interpelle-alpha-conde\/\",\"url\":\"https:\/\/guineediversite.com\/index.php\/2017\/05\/22\/situation-de-la-mosquee-faycal-el-hadj-mansour-fadiga-interpelle-alpha-conde\/\",\"name\":\"Situation de la mosqu\u00e9e Fay\u00e7al: El Hadj Mansour Fadiga interpelle Alpha Conde | Guin\u00e9e Diversit\u00e9\",\"isPartOf\":{\"@id\":\"https:\/\/guineediversite.com\/#website\"},\"primaryImageOfPage\":{\"@id\":\"https:\/\/guineediversite.com\/index.php\/2017\/05\/22\/situation-de-la-mosquee-faycal-el-hadj-mansour-fadiga-interpelle-alpha-conde\/#primaryimage\"},\"image\":{\"@id\":\"https:\/\/guineediversite.com\/index.php\/2017\/05\/22\/situation-de-la-mosquee-faycal-el-hadj-mansour-fadiga-interpelle-alpha-conde\/#primaryimage\"},\"thumbnailUrl\":\"https:\/\/guineediversite.com\/wp-content\/uploads\/2017\/05\/el-hadj-mansour-fadiga-1.jpg\",\"datePublished\":\"2017-05-22T11:48:08+00:00\",\"dateModified\":\"2017-05-27T09:22:09+00:00\",\"breadcrumb\":{\"@id\":\"https:\/\/guineediversite.com\/index.php\/2017\/05\/22\/situation-de-la-mosquee-faycal-el-hadj-mansour-fadiga-interpelle-alpha-conde\/#breadcrumb\"},\"inLanguage\":\"fr-FR\",\"potentialAction\":[{\"@type\":\"ReadAction\",\"target\":[\"https:\/\/guineediversite.com\/index.php\/2017\/05\/22\/situation-de-la-mosquee-faycal-el-hadj-mansour-fadiga-interpelle-alpha-conde\/\"]}]},{\"@type\":\"ImageObject\",\"inLanguage\":\"fr-FR\",\"@id\":\"https:\/\/guineediversite.com\/index.php\/2017\/05\/22\/situation-de-la-mosquee-faycal-el-hadj-mansour-fadiga-interpelle-alpha-conde\/#primaryimage\",\"url\":\"https:\/\/guineediversite.com\/wp-content\/uploads\/2017\/05\/el-hadj-mansour-fadiga-1.jpg\",\"contentUrl\":\"https:\/\/guineediversite.com\/wp-content\/uploads\/2017\/05\/el-hadj-mansour-fadiga-1.jpg\",\"width\":529,\"height\":385},{\"@type\":\"BreadcrumbList\",\"@id\":\"https:\/\/guineediversite.com\/index.php\/2017\/05\/22\/situation-de-la-mosquee-faycal-el-hadj-mansour-fadiga-interpelle-alpha-conde\/#breadcrumb\",\"itemListElement\":[{\"@type\":\"ListItem\",\"position\":1,\"name\":\"Accueil\",\"item\":\"https:\/\/guineediversite.com\/\"},{\"@type\":\"ListItem\",\"position\":2,\"name\":\"Situation de la mosqu\u00e9e Fay\u00e7al: El Hadj Mansour Fadiga interpelle Alpha Conde\"}]},{\"@type\":\"WebSite\",\"@id\":\"https:\/\/guineediversite.com\/#website\",\"url\":\"https:\/\/guineediversite.com\/\",\"name\":\"Guin\u00e9e Diversit\u00e9\",\"description\":\"L&#039;Info dans toute sa diversit\u00e9\",\"publisher\":{\"@id\":\"https:\/\/guineediversite.com\/#organization\"},\"potentialAction\":[{\"@type\":\"SearchAction\",\"target\":{\"@type\":\"EntryPoint\",\"urlTemplate\":\"https:\/\/guineediversite.com\/?s={search_term_string}\"},\"query-input\":{\"@type\":\"PropertyValueSpecification\",\"valueRequired\":true,\"valueName\":\"search_term_string\"}}],\"inLanguage\":\"fr-FR\"},{\"@type\":\"Organization\",\"@id\":\"https:\/\/guineediversite.com\/#organization\",\"name\":\"Guin\u00e9e Diversit\u00e9\",\"url\":\"https:\/\/guineediversite.com\/\",\"logo\":{\"@type\":\"ImageObject\",\"inLanguage\":\"fr-FR\",\"@id\":\"https:\/\/guineediversite.com\/#\/schema\/logo\/image\/\",\"url\":\"https:\/\/guineediversite.com\/wp-content\/uploads\/2017\/04\/cropped-1jojlxEOMkX9Wyqfhe43D6kjPOGqBBKmx3EwWJqZ0cMrFF54yM49.png\",\"contentUrl\":\"https:\/\/guineediversite.com\/wp-content\/uploads\/2017\/04\/cropped-1jojlxEOMkX9Wyqfhe43D6kjPOGqBBKmx3EwWJqZ0cMrFF54yM49.png\",\"width\":186,\"height\":112,\"caption\":\"Guin\u00e9e Diversit\u00e9\"},\"image\":{\"@id\":\"https:\/\/guineediversite.com\/#\/schema\/logo\/image\/\"},\"sameAs\":[\"https:\/\/www.facebook.com\/guineediversite\/\",\"https:\/\/x.com\/GuineeDiversite\",\"https:\/\/www.youtube.com\/channel\/UC8sUY16qelG5ge6_D5SB83g\"]},{\"@type\":\"Person\",\"@id\":\"https:\/\/guineediversite.com\/#\/schema\/person\/afa08fb34e7fc6e1feafc892612bc836\",\"name\":\"Guin\u00e9e Diversit\u00e9\",\"image\":{\"@type\":\"ImageObject\",\"inLanguage\":\"fr-FR\",\"@id\":\"https:\/\/guineediversite.com\/#\/schema\/person\/image\/\",\"url\":\"https:\/\/secure.gravatar.com\/avatar\/50d5eb5b390f8b65ac30ac6f898eb83a?s=96&d=mm&r=g\",\"contentUrl\":\"https:\/\/secure.gravatar.com\/avatar\/50d5eb5b390f8b65ac30ac6f898eb83a?s=96&d=mm&r=g\",\"caption\":\"Guin\u00e9e Diversit\u00e9\"},\"url\":\"https:\/\/guineediversite.com\/index.php\/author\/guineediversite\/\"}]}<\/script>\n<!-- \/ Yoast SEO plugin. -->","yoast_head_json":{"title":"Situation de la mosqu\u00e9e Fay\u00e7al: El Hadj Mansour Fadiga interpelle Alpha Conde | Guin\u00e9e Diversit\u00e9","robots":{"index":"index","follow":"follow","max-snippet":"max-snippet:-1","max-image-preview":"max-image-preview:large","max-video-preview":"max-video-preview:-1"},"canonical":"https:\/\/guineediversite.com\/index.php\/2017\/05\/22\/situation-de-la-mosquee-faycal-el-hadj-mansour-fadiga-interpelle-alpha-conde\/","og_locale":"fr_FR","og_type":"article","og_title":"Situation de la mosqu\u00e9e Fay\u00e7al: El Hadj Mansour Fadiga interpelle Alpha Conde | Guin\u00e9e Diversit\u00e9","og_description":"\u00c0 l&rsquo;occasion de la c\u00e9r\u00e9monie d&rsquo;inauguration du si\u00e8ge de la Fondation \u00ab\u00a0El hadj Dieriba Diaby pour la paix et l&rsquo;assistance sociale\u00a0\u00bb, le week-end dernier \u00a0\u00e0 Ratoma centre (commune de Ratoma). El Hadj Mansour Fadiga, grand homme religieux et chroniqueur \u00e0 la t\u00e9l\u00e9vision nationale, a attir\u00e9 l&rsquo;attente des uns et des autres sur la situation d\u00e9gradante [&hellip;]","og_url":"https:\/\/guineediversite.com\/index.php\/2017\/05\/22\/situation-de-la-mosquee-faycal-el-hadj-mansour-fadiga-interpelle-alpha-conde\/","og_site_name":"Guin\u00e9e Diversit\u00e9","article_publisher":"https:\/\/www.facebook.com\/guineediversite\/","article_published_time":"2017-05-22T11:48:08+00:00","article_modified_time":"2017-05-27T09:22:09+00:00","og_image":[{"width":529,"height":385,"url":"https:\/\/guineediversite.com\/wp-content\/uploads\/2017\/05\/el-hadj-mansour-fadiga-1.jpg","type":"image\/jpeg"}],"author":"Guin\u00e9e Diversit\u00e9","twitter_card":"summary_large_image","twitter_creator":"@GuineeDiversite","twitter_site":"@GuineeDiversite","twitter_misc":{"\u00c9crit par":"Guin\u00e9e Diversit\u00e9","Dur\u00e9e de lecture estim\u00e9e":"1 minute"},"schema":{"@context":"https:\/\/schema.org","@graph":[{"@type":"Article","@id":"https:\/\/guineediversite.com\/index.php\/2017\/05\/22\/situation-de-la-mosquee-faycal-el-hadj-mansour-fadiga-interpelle-alpha-conde\/#article","isPartOf":{"@id":"https:\/\/guineediversite.com\/index.php\/2017\/05\/22\/situation-de-la-mosquee-faycal-el-hadj-mansour-fadiga-interpelle-alpha-conde\/"},"author":{"name":"Guin\u00e9e Diversit\u00e9","@id":"https:\/\/guineediversite.com\/#\/schema\/person\/afa08fb34e7fc6e1feafc892612bc836"},"headline":"Situation de la mosqu\u00e9e Fay\u00e7al: El Hadj Mansour Fadiga interpelle Alpha Conde","datePublished":"2017-05-22T11:48:08+00:00","dateModified":"2017-05-27T09:22:09+00:00","mainEntityOfPage":{"@id":"https:\/\/guineediversite.com\/index.php\/2017\/05\/22\/situation-de-la-mosquee-faycal-el-hadj-mansour-fadiga-interpelle-alpha-conde\/"},"wordCount":252,"commentCount":0,"publisher":{"@id":"https:\/\/guineediversite.com\/#organization"},"image":{"@id":"https:\/\/guineediversite.com\/index.php\/2017\/05\/22\/situation-de-la-mosquee-faycal-el-hadj-mansour-fadiga-interpelle-alpha-conde\/#primaryimage"},"thumbnailUrl":"https:\/\/guineediversite.com\/wp-content\/uploads\/2017\/05\/el-hadj-mansour-fadiga-1.jpg","articleSection":["Politique"],"inLanguage":"fr-FR","potentialAction":[{"@type":"CommentAction","name":"Comment","target":["https:\/\/guineediversite.com\/index.php\/2017\/05\/22\/situation-de-la-mosquee-faycal-el-hadj-mansour-fadiga-interpelle-alpha-conde\/#respond"]}]},{"@type":"WebPage","@id":"https:\/\/guineediversite.com\/index.php\/2017\/05\/22\/situation-de-la-mosquee-faycal-el-hadj-mansour-fadiga-interpelle-alpha-conde\/","url":"https:\/\/guineediversite.com\/index.php\/2017\/05\/22\/situation-de-la-mosquee-faycal-el-hadj-mansour-fadiga-interpelle-alpha-conde\/","name":"Situation de la mosqu\u00e9e Fay\u00e7al: El Hadj Mansour Fadiga interpelle Alpha Conde | Guin\u00e9e Diversit\u00e9","isPartOf":{"@id":"https:\/\/guineediversite.com\/#website"},"primaryImageOfPage":{"@id":"https:\/\/guineediversite.com\/index.php\/2017\/05\/22\/situation-de-la-mosquee-faycal-el-hadj-mansour-fadiga-interpelle-alpha-conde\/#primaryimage"},"image":{"@id":"https:\/\/guineediversite.com\/index.php\/2017\/05\/22\/situation-de-la-mosquee-faycal-el-hadj-mansour-fadiga-interpelle-alpha-conde\/#primaryimage"},"thumbnailUrl":"https:\/\/guineediversite.com\/wp-content\/uploads\/2017\/05\/el-hadj-mansour-fadiga-1.jpg","datePublished":"2017-05-22T11:48:08+00:00","dateModified":"2017-05-27T09:22:09+00:00","breadcrumb":{"@id":"https:\/\/guineediversite.com\/index.php\/2017\/05\/22\/situation-de-la-mosquee-faycal-el-hadj-mansour-fadiga-interpelle-alpha-conde\/#breadcrumb"},"inLanguage":"fr-FR","potentialAction":[{"@type":"ReadAction","target":["https:\/\/guineediversite.com\/index.php\/2017\/05\/22\/situation-de-la-mosquee-faycal-el-hadj-mansour-fadiga-interpelle-alpha-conde\/"]}]},{"@type":"ImageObject","inLanguage":"fr-FR","@id":"https:\/\/guineediversite.com\/index.php\/2017\/05\/22\/situation-de-la-mosquee-faycal-el-hadj-mansour-fadiga-interpelle-alpha-conde\/#primaryimage","url":"https:\/\/guineediversite.com\/wp-content\/uploads\/2017\/05\/el-hadj-mansour-fadiga-1.jpg","contentUrl":"https:\/\/guineediversite.com\/wp-content\/uploads\/2017\/05\/el-hadj-mansour-fadiga-1.jpg","width":529,"height":385},{"@type":"BreadcrumbList","@id":"https:\/\/guineediversite.com\/index.php\/2017\/05\/22\/situation-de-la-mosquee-faycal-el-hadj-mansour-fadiga-interpelle-alpha-conde\/#breadcrumb","itemListElement":[{"@type":"ListItem","position":1,"name":"Accueil","item":"https:\/\/guineediversite.com\/"},{"@type":"ListItem","position":2,"name":"Situation de la mosqu\u00e9e Fay\u00e7al: El Hadj Mansour Fadiga interpelle Alpha Conde"}]},{"@type":"WebSite","@id":"https:\/\/guineediversite.com\/#website","url":"https:\/\/guineediversite.com\/","name":"Guin\u00e9e Diversit\u00e9","description":"L&#039;Info dans toute sa diversit\u00e9","publisher":{"@id":"https:\/\/guineediversite.com\/#organization"},"potentialAction":[{"@type":"SearchAction","target":{"@type":"EntryPoint","urlTemplate":"https:\/\/guineediversite.com\/?s={search_term_string}"},"query-input":{"@type":"PropertyValueSpecification","valueRequired":true,"valueName":"search_term_string"}}],"inLanguage":"fr-FR"},{"@type":"Organization","@id":"https:\/\/guineediversite.com\/#organization","name":"Guin\u00e9e Diversit\u00e9","url":"https:\/\/guineediversite.com\/","logo":{"@type":"ImageObject","inLanguage":"fr-FR","@id":"https:\/\/guineediversite.com\/#\/schema\/logo\/image\/","url":"https:\/\/guineediversite.com\/wp-content\/uploads\/2017\/04\/cropped-1jojlxEOMkX9Wyqfhe43D6kjPOGqBBKmx3EwWJqZ0cMrFF54yM49.png","contentUrl":"https:\/\/guineediversite.com\/wp-content\/uploads\/2017\/04\/cropped-1jojlxEOMkX9Wyqfhe43D6kjPOGqBBKmx3EwWJqZ0cMrFF54yM49.png","width":186,"height":112,"caption":"Guin\u00e9e Diversit\u00e9"},"image":{"@id":"https:\/\/guineediversite.com\/#\/schema\/logo\/image\/"},"sameAs":["https:\/\/www.facebook.com\/guineediversite\/","https:\/\/x.com\/GuineeDiversite","https:\/\/www.youtube.com\/channel\/UC8sUY16qelG5ge6_D5SB83g"]},{"@type":"Person","@id":"https:\/\/guineediversite.com\/#\/schema\/person\/afa08fb34e7fc6e1feafc892612bc836","name":"Guin\u00e9e Diversit\u00e9","image":{"@type":"ImageObject","inLanguage":"fr-FR","@id":"https:\/\/guineediversite.com\/#\/schema\/person\/image\/","url":"https:\/\/secure.gravatar.com\/avatar\/50d5eb5b390f8b65ac30ac6f898eb83a?s=96&d=mm&r=g","contentUrl":"https:\/\/secure.gravatar.com\/avatar\/50d5eb5b390f8b65ac30ac6f898eb83a?s=96&d=mm&r=g","caption":"Guin\u00e9e Diversit\u00e9"},"url":"https:\/\/guineediversite.com\/index.php\/author\/guineediversite\/"}]}},"_links":{"self":[{"href":"https:\/\/guineediversite.com\/index.php\/wp-json\/wp\/v2\/posts\/19839"}],"collection":[{"href":"https:\/\/guineediversite.com\/index.php\/wp-json\/wp\/v2\/posts"}],"about":[{"href":"https:\/\/guineediversite.com\/index.php\/wp-json\/wp\/v2\/types\/post"}],"author":[{"embeddable":true,"href":"https:\/\/guineediversite.com\/index.php\/wp-json\/wp\/v2\/users\/12"}],"replies":[{"embeddable":true,"href":"https:\/\/guineediversite.com\/index.php\/wp-json\/wp\/v2\/comments?post=19839"}],"version-history":[{"count":0,"href":"https:\/\/guineediversite.com\/index.php\/wp-json\/wp\/v2\/posts\/19839\/revisions"}],"wp:featuredmedia":[{"embeddable":true,"href":"https:\/\/guineediversite.com\/index.php\/wp-json\/wp\/v2\/media\/19840"}],"wp:attachment":[{"href":"https:\/\/guineediversite.com\/index.php\/wp-json\/wp\/v2\/media?parent=19839"}],"wp:term":[{"taxonomy":"category","embeddable":true,"href":"https:\/\/guineediversite.com\/index.php\/wp-json\/wp\/v2\/categories?post=19839"},{"taxonomy":"post_tag","embeddable":true,"href":"https:\/\/guineediversite.com\/index.php\/wp-json\/wp\/v2\/tags?post=19839"}],"curies":[{"name":"wp","href":"https:\/\/api.w.org\/{rel}","templated":true}]}}