{"id":19825,"date":"2017-05-19T17:08:00","date_gmt":"2017-05-19T15:08:00","guid":{"rendered":"https:\/\/www.guineediversite.com\/?p=19825"},"modified":"2017-05-27T11:22:42","modified_gmt":"2017-05-27T09:22:42","slug":"societe-civile-lancement-du-cadre-de-concertation-sur-la-paix-la-gouvernance-locale-et-la-citoyennete","status":"publish","type":"post","link":"https:\/\/guineediversite.com\/index.php\/2017\/05\/19\/societe-civile-lancement-du-cadre-de-concertation-sur-la-paix-la-gouvernance-locale-et-la-citoyennete\/","title":{"rendered":"Soci\u00e9t\u00e9 civile : lancement du cadre de concertation sur la paix, la gouvernance locale et la citoyennet\u00e9"},"content":{"rendered":"<p>Mettre en place un cadre de concertation sur la paix, la gouvernance locale et la citoyennet\u00e9 en Guin\u00e9e, c\u2019est le th\u00e8me d\u2019une rencontre de deux jours qui a d\u00e9marr\u00e9 ce jeudi \u00e0 Conakry. Une initiative de la convention des acteurs non-\u00e9tatique de Guin\u00e9e, en partenariat avec d\u2019autres plates formes de la soci\u00e9t\u00e9 civile. Cet atelier va permettre \u00e0 la soixantaine de participants de r\u00e9fl\u00e9chir sur les pr\u00e9occupations en mati\u00e8re de la gouvernance locale, la citoyennet\u00e9 et la paix.<br \/>\n\u00ab Pour atteindre l\u2019objectif, nous allons encourager le d\u00e9veloppement de synergie entre l\u2019\u00c9tat, les communaut\u00e9s, les partenaires techniques et financiers et la soci\u00e9t\u00e9 civile a travers une communication et des informations de qualit\u00e9 \u00bb, a indiqu\u00e9 Saran Tour\u00e9, pr\u00e9sidente du forum des ONG pour un d\u00e9veloppement durable.<br \/>\nPour le vice-pr\u00e9sident de la convention des acteurs non-\u00e9tatique de Guin\u00e9e le choix de ce th\u00e8me n\u2019est pas fortuit.<br \/>\nPour Abdoulaye Diallo, vice-pr\u00e9sident de la convention non-\u00e9tatique de Guin\u00e9e, le th\u00e8me choisi est en rapport la pr\u00e9occupation nationale du moment. \u00ab Depuis un moment, tous les probl\u00e8mes que la Guin\u00e9e rencontre se r\u00e9sument en terme de r\u00e9clamation de courant \u00e9lectrique, d\u2019ordure, de l\u2019eau et tout ce qui s\u2019en suit \u00bb ajoute-t-il.<br \/>\nLe pr\u00e9sident du conseil national des organisations de la soci\u00e9t\u00e9 civile pour la d\u00e9mocratie et le d\u00e9veloppement de la Guin\u00e9e, a saisi l\u2019occasion pour rappeler le besoin vital des citoyens.<br \/>\nSalamana Diallo affirme que le conseil national des organisations de la soci\u00e9t\u00e9 civile pour la d\u00e9mocratie et le d\u00e9veloppement de la Guin\u00e9e a toujours a rappel\u00e9 que la population a besoin de la paix et l\u2019unit\u00e9 nationale qui favorisent le d\u00e9veloppement du pays. \u00ab C\u2019est pourquoi le CNOSC DDG demande \u00e0 tous les acteurs sociopolitiques et \u00e9conomiques d\u2019\u0153uvrer pour la consolidation de la paix et la pr\u00e9vention des conflits en Guin\u00e9e \u00bb, lance Salamana Diallo.<br \/>\nAu terme des travaux, les acteurs de la soci\u00e9t\u00e9 civile guin\u00e9enne pr\u00e9voient de mettre en place des \u00e9quipes qui vont r\u00e9fl\u00e9chir et donner des pistes de solution sur les questions li\u00e9es \u00e0 ces th\u00e9matiques, la gouvernance locale, la paix et la citoyennet\u00e9.<br \/>\nMorcir\u00e9 Camara<\/p>\n","protected":false},"excerpt":{"rendered":"<p>Mettre en place un cadre de concertation sur la paix, la gouvernance locale et la citoyennet\u00e9 en Guin\u00e9e, c\u2019est le th\u00e8me d\u2019une rencontre de deux jours qui a d\u00e9marr\u00e9 ce jeudi \u00e0 Conakry. Une initiative de la convention des acteurs non-\u00e9tatique de Guin\u00e9e, en partenariat avec d\u2019autres plates formes de la soci\u00e9t\u00e9 civile. Cet atelier [&hellip;]<\/p>\n","protected":false},"author":12,"featured_media":19829,"comment_status":"open","ping_status":"open","sticky":false,"template":"","format":"standard","meta":{"_exactmetrics_skip_tracking":false,"_exactmetrics_sitenote_active":false,"_exactmetrics_sitenote_note":"","_exactmetrics_sitenote_category":0,"tdm_status":"","tdm_grid_status":"","footnotes":""},"categories":[16],"tags":[],"class_list":{"0":"post-19825","1":"post","2":"type-post","3":"status-publish","4":"format-standard","5":"has-post-thumbnail","7":"category-societe"},"yoast_head":"<!-- This site is optimized with the Yoast SEO plugin v24.2 - https:\/\/yoast.com\/wordpress\/plugins\/seo\/ -->\n<title>Soci\u00e9t\u00e9 civile : lancement du cadre de concertation sur la paix, la gouvernance locale et la citoyennet\u00e9 | Guin\u00e9e Diversit\u00e9<\/title>\n<meta name=\"robots\" content=\"index, follow, max-snippet:-1, max-image-preview:large, max-video-preview:-1\" \/>\n<link rel=\"canonical\" href=\"https:\/\/guineediversite.com\/index.php\/2017\/05\/19\/societe-civile-lancement-du-cadre-de-concertation-sur-la-paix-la-gouvernance-locale-et-la-citoyennete\/\" \/>\n<meta property=\"og:locale\" content=\"fr_FR\" \/>\n<meta property=\"og:type\" content=\"article\" \/>\n<meta property=\"og:title\" content=\"Soci\u00e9t\u00e9 civile : lancement du cadre de concertation sur la paix, la gouvernance locale et la citoyennet\u00e9 | Guin\u00e9e Diversit\u00e9\" \/>\n<meta property=\"og:description\" content=\"Mettre en place un cadre de concertation sur la paix, la gouvernance locale et la citoyennet\u00e9 en Guin\u00e9e, c\u2019est le th\u00e8me d\u2019une rencontre de deux jours qui a d\u00e9marr\u00e9 ce jeudi \u00e0 Conakry. Une initiative de la convention des acteurs non-\u00e9tatique de Guin\u00e9e, en partenariat avec d\u2019autres plates formes de la soci\u00e9t\u00e9 civile. Cet atelier [&hellip;]\" \/>\n<meta property=\"og:url\" content=\"https:\/\/guineediversite.com\/index.php\/2017\/05\/19\/societe-civile-lancement-du-cadre-de-concertation-sur-la-paix-la-gouvernance-locale-et-la-citoyennete\/\" \/>\n<meta property=\"og:site_name\" content=\"Guin\u00e9e Diversit\u00e9\" \/>\n<meta property=\"article:publisher\" content=\"https:\/\/www.facebook.com\/guineediversite\/\" \/>\n<meta property=\"article:published_time\" content=\"2017-05-19T15:08:00+00:00\" \/>\n<meta property=\"article:modified_time\" content=\"2017-05-27T09:22:42+00:00\" \/>\n<meta property=\"og:image\" content=\"https:\/\/guineediversite.com\/wp-content\/uploads\/2017\/05\/IMG_20170518_100844.jpg\" \/>\n\t<meta property=\"og:image:width\" content=\"2960\" \/>\n\t<meta property=\"og:image:height\" content=\"1664\" \/>\n\t<meta property=\"og:image:type\" content=\"image\/jpeg\" \/>\n<meta name=\"author\" content=\"Guin\u00e9e Diversit\u00e9\" \/>\n<meta name=\"twitter:card\" content=\"summary_large_image\" \/>\n<meta name=\"twitter:creator\" content=\"@GuineeDiversite\" \/>\n<meta name=\"twitter:site\" content=\"@GuineeDiversite\" \/>\n<meta name=\"twitter:label1\" content=\"\u00c9crit par\" \/>\n\t<meta name=\"twitter:data1\" content=\"Guin\u00e9e Diversit\u00e9\" \/>\n\t<meta name=\"twitter:label2\" content=\"Dur\u00e9e de lecture estim\u00e9e\" \/>\n\t<meta name=\"twitter:data2\" content=\"2 minutes\" \/>\n<script type=\"application\/ld+json\" class=\"yoast-schema-graph\">{\"@context\":\"https:\/\/schema.org\",\"@graph\":[{\"@type\":\"Article\",\"@id\":\"https:\/\/guineediversite.com\/index.php\/2017\/05\/19\/societe-civile-lancement-du-cadre-de-concertation-sur-la-paix-la-gouvernance-locale-et-la-citoyennete\/#article\",\"isPartOf\":{\"@id\":\"https:\/\/guineediversite.com\/index.php\/2017\/05\/19\/societe-civile-lancement-du-cadre-de-concertation-sur-la-paix-la-gouvernance-locale-et-la-citoyennete\/\"},\"author\":{\"name\":\"Guin\u00e9e Diversit\u00e9\",\"@id\":\"https:\/\/guineediversite.com\/#\/schema\/person\/afa08fb34e7fc6e1feafc892612bc836\"},\"headline\":\"Soci\u00e9t\u00e9 civile : lancement du cadre de concertation sur la paix, la gouvernance locale et la citoyennet\u00e9\",\"datePublished\":\"2017-05-19T15:08:00+00:00\",\"dateModified\":\"2017-05-27T09:22:42+00:00\",\"mainEntityOfPage\":{\"@id\":\"https:\/\/guineediversite.com\/index.php\/2017\/05\/19\/societe-civile-lancement-du-cadre-de-concertation-sur-la-paix-la-gouvernance-locale-et-la-citoyennete\/\"},\"wordCount\":412,\"commentCount\":0,\"publisher\":{\"@id\":\"https:\/\/guineediversite.com\/#organization\"},\"image\":{\"@id\":\"https:\/\/guineediversite.com\/index.php\/2017\/05\/19\/societe-civile-lancement-du-cadre-de-concertation-sur-la-paix-la-gouvernance-locale-et-la-citoyennete\/#primaryimage\"},\"thumbnailUrl\":\"https:\/\/guineediversite.com\/wp-content\/uploads\/2017\/05\/IMG_20170518_100844.jpg\",\"articleSection\":[\"Soci\u00e9t\u00e9\"],\"inLanguage\":\"fr-FR\",\"potentialAction\":[{\"@type\":\"CommentAction\",\"name\":\"Comment\",\"target\":[\"https:\/\/guineediversite.com\/index.php\/2017\/05\/19\/societe-civile-lancement-du-cadre-de-concertation-sur-la-paix-la-gouvernance-locale-et-la-citoyennete\/#respond\"]}]},{\"@type\":\"WebPage\",\"@id\":\"https:\/\/guineediversite.com\/index.php\/2017\/05\/19\/societe-civile-lancement-du-cadre-de-concertation-sur-la-paix-la-gouvernance-locale-et-la-citoyennete\/\",\"url\":\"https:\/\/guineediversite.com\/index.php\/2017\/05\/19\/societe-civile-lancement-du-cadre-de-concertation-sur-la-paix-la-gouvernance-locale-et-la-citoyennete\/\",\"name\":\"Soci\u00e9t\u00e9 civile : lancement du cadre de concertation sur la paix, la gouvernance locale et la citoyennet\u00e9 | Guin\u00e9e Diversit\u00e9\",\"isPartOf\":{\"@id\":\"https:\/\/guineediversite.com\/#website\"},\"primaryImageOfPage\":{\"@id\":\"https:\/\/guineediversite.com\/index.php\/2017\/05\/19\/societe-civile-lancement-du-cadre-de-concertation-sur-la-paix-la-gouvernance-locale-et-la-citoyennete\/#primaryimage\"},\"image\":{\"@id\":\"https:\/\/guineediversite.com\/index.php\/2017\/05\/19\/societe-civile-lancement-du-cadre-de-concertation-sur-la-paix-la-gouvernance-locale-et-la-citoyennete\/#primaryimage\"},\"thumbnailUrl\":\"https:\/\/guineediversite.com\/wp-content\/uploads\/2017\/05\/IMG_20170518_100844.jpg\",\"datePublished\":\"2017-05-19T15:08:00+00:00\",\"dateModified\":\"2017-05-27T09:22:42+00:00\",\"breadcrumb\":{\"@id\":\"https:\/\/guineediversite.com\/index.php\/2017\/05\/19\/societe-civile-lancement-du-cadre-de-concertation-sur-la-paix-la-gouvernance-locale-et-la-citoyennete\/#breadcrumb\"},\"inLanguage\":\"fr-FR\",\"potentialAction\":[{\"@type\":\"ReadAction\",\"target\":[\"https:\/\/guineediversite.com\/index.php\/2017\/05\/19\/societe-civile-lancement-du-cadre-de-concertation-sur-la-paix-la-gouvernance-locale-et-la-citoyennete\/\"]}]},{\"@type\":\"ImageObject\",\"inLanguage\":\"fr-FR\",\"@id\":\"https:\/\/guineediversite.com\/index.php\/2017\/05\/19\/societe-civile-lancement-du-cadre-de-concertation-sur-la-paix-la-gouvernance-locale-et-la-citoyennete\/#primaryimage\",\"url\":\"https:\/\/guineediversite.com\/wp-content\/uploads\/2017\/05\/IMG_20170518_100844.jpg\",\"contentUrl\":\"https:\/\/guineediversite.com\/wp-content\/uploads\/2017\/05\/IMG_20170518_100844.jpg\",\"width\":2960,\"height\":1664},{\"@type\":\"BreadcrumbList\",\"@id\":\"https:\/\/guineediversite.com\/index.php\/2017\/05\/19\/societe-civile-lancement-du-cadre-de-concertation-sur-la-paix-la-gouvernance-locale-et-la-citoyennete\/#breadcrumb\",\"itemListElement\":[{\"@type\":\"ListItem\",\"position\":1,\"name\":\"Accueil\",\"item\":\"https:\/\/guineediversite.com\/\"},{\"@type\":\"ListItem\",\"position\":2,\"name\":\"Soci\u00e9t\u00e9 civile : lancement du cadre de concertation sur la paix, la gouvernance locale et la citoyennet\u00e9\"}]},{\"@type\":\"WebSite\",\"@id\":\"https:\/\/guineediversite.com\/#website\",\"url\":\"https:\/\/guineediversite.com\/\",\"name\":\"Guin\u00e9e Diversit\u00e9\",\"description\":\"L&#039;Info dans toute sa diversit\u00e9\",\"publisher\":{\"@id\":\"https:\/\/guineediversite.com\/#organization\"},\"potentialAction\":[{\"@type\":\"SearchAction\",\"target\":{\"@type\":\"EntryPoint\",\"urlTemplate\":\"https:\/\/guineediversite.com\/?s={search_term_string}\"},\"query-input\":{\"@type\":\"PropertyValueSpecification\",\"valueRequired\":true,\"valueName\":\"search_term_string\"}}],\"inLanguage\":\"fr-FR\"},{\"@type\":\"Organization\",\"@id\":\"https:\/\/guineediversite.com\/#organization\",\"name\":\"Guin\u00e9e Diversit\u00e9\",\"url\":\"https:\/\/guineediversite.com\/\",\"logo\":{\"@type\":\"ImageObject\",\"inLanguage\":\"fr-FR\",\"@id\":\"https:\/\/guineediversite.com\/#\/schema\/logo\/image\/\",\"url\":\"https:\/\/guineediversite.com\/wp-content\/uploads\/2017\/04\/cropped-1jojlxEOMkX9Wyqfhe43D6kjPOGqBBKmx3EwWJqZ0cMrFF54yM49.png\",\"contentUrl\":\"https:\/\/guineediversite.com\/wp-content\/uploads\/2017\/04\/cropped-1jojlxEOMkX9Wyqfhe43D6kjPOGqBBKmx3EwWJqZ0cMrFF54yM49.png\",\"width\":186,\"height\":112,\"caption\":\"Guin\u00e9e Diversit\u00e9\"},\"image\":{\"@id\":\"https:\/\/guineediversite.com\/#\/schema\/logo\/image\/\"},\"sameAs\":[\"https:\/\/www.facebook.com\/guineediversite\/\",\"https:\/\/x.com\/GuineeDiversite\",\"https:\/\/www.youtube.com\/channel\/UC8sUY16qelG5ge6_D5SB83g\"]},{\"@type\":\"Person\",\"@id\":\"https:\/\/guineediversite.com\/#\/schema\/person\/afa08fb34e7fc6e1feafc892612bc836\",\"name\":\"Guin\u00e9e Diversit\u00e9\",\"image\":{\"@type\":\"ImageObject\",\"inLanguage\":\"fr-FR\",\"@id\":\"https:\/\/guineediversite.com\/#\/schema\/person\/image\/\",\"url\":\"https:\/\/secure.gravatar.com\/avatar\/50d5eb5b390f8b65ac30ac6f898eb83a?s=96&d=mm&r=g\",\"contentUrl\":\"https:\/\/secure.gravatar.com\/avatar\/50d5eb5b390f8b65ac30ac6f898eb83a?s=96&d=mm&r=g\",\"caption\":\"Guin\u00e9e Diversit\u00e9\"},\"url\":\"https:\/\/guineediversite.com\/index.php\/author\/guineediversite\/\"}]}<\/script>\n<!-- \/ Yoast SEO plugin. -->","yoast_head_json":{"title":"Soci\u00e9t\u00e9 civile : lancement du cadre de concertation sur la paix, la gouvernance locale et la citoyennet\u00e9 | Guin\u00e9e Diversit\u00e9","robots":{"index":"index","follow":"follow","max-snippet":"max-snippet:-1","max-image-preview":"max-image-preview:large","max-video-preview":"max-video-preview:-1"},"canonical":"https:\/\/guineediversite.com\/index.php\/2017\/05\/19\/societe-civile-lancement-du-cadre-de-concertation-sur-la-paix-la-gouvernance-locale-et-la-citoyennete\/","og_locale":"fr_FR","og_type":"article","og_title":"Soci\u00e9t\u00e9 civile : lancement du cadre de concertation sur la paix, la gouvernance locale et la citoyennet\u00e9 | Guin\u00e9e Diversit\u00e9","og_description":"Mettre en place un cadre de concertation sur la paix, la gouvernance locale et la citoyennet\u00e9 en Guin\u00e9e, c\u2019est le th\u00e8me d\u2019une rencontre de deux jours qui a d\u00e9marr\u00e9 ce jeudi \u00e0 Conakry. Une initiative de la convention des acteurs non-\u00e9tatique de Guin\u00e9e, en partenariat avec d\u2019autres plates formes de la soci\u00e9t\u00e9 civile. Cet atelier [&hellip;]","og_url":"https:\/\/guineediversite.com\/index.php\/2017\/05\/19\/societe-civile-lancement-du-cadre-de-concertation-sur-la-paix-la-gouvernance-locale-et-la-citoyennete\/","og_site_name":"Guin\u00e9e Diversit\u00e9","article_publisher":"https:\/\/www.facebook.com\/guineediversite\/","article_published_time":"2017-05-19T15:08:00+00:00","article_modified_time":"2017-05-27T09:22:42+00:00","og_image":[{"width":2960,"height":1664,"url":"https:\/\/guineediversite.com\/wp-content\/uploads\/2017\/05\/IMG_20170518_100844.jpg","type":"image\/jpeg"}],"author":"Guin\u00e9e Diversit\u00e9","twitter_card":"summary_large_image","twitter_creator":"@GuineeDiversite","twitter_site":"@GuineeDiversite","twitter_misc":{"\u00c9crit par":"Guin\u00e9e Diversit\u00e9","Dur\u00e9e de lecture estim\u00e9e":"2 minutes"},"schema":{"@context":"https:\/\/schema.org","@graph":[{"@type":"Article","@id":"https:\/\/guineediversite.com\/index.php\/2017\/05\/19\/societe-civile-lancement-du-cadre-de-concertation-sur-la-paix-la-gouvernance-locale-et-la-citoyennete\/#article","isPartOf":{"@id":"https:\/\/guineediversite.com\/index.php\/2017\/05\/19\/societe-civile-lancement-du-cadre-de-concertation-sur-la-paix-la-gouvernance-locale-et-la-citoyennete\/"},"author":{"name":"Guin\u00e9e Diversit\u00e9","@id":"https:\/\/guineediversite.com\/#\/schema\/person\/afa08fb34e7fc6e1feafc892612bc836"},"headline":"Soci\u00e9t\u00e9 civile : lancement du cadre de concertation sur la paix, la gouvernance locale et la citoyennet\u00e9","datePublished":"2017-05-19T15:08:00+00:00","dateModified":"2017-05-27T09:22:42+00:00","mainEntityOfPage":{"@id":"https:\/\/guineediversite.com\/index.php\/2017\/05\/19\/societe-civile-lancement-du-cadre-de-concertation-sur-la-paix-la-gouvernance-locale-et-la-citoyennete\/"},"wordCount":412,"commentCount":0,"publisher":{"@id":"https:\/\/guineediversite.com\/#organization"},"image":{"@id":"https:\/\/guineediversite.com\/index.php\/2017\/05\/19\/societe-civile-lancement-du-cadre-de-concertation-sur-la-paix-la-gouvernance-locale-et-la-citoyennete\/#primaryimage"},"thumbnailUrl":"https:\/\/guineediversite.com\/wp-content\/uploads\/2017\/05\/IMG_20170518_100844.jpg","articleSection":["Soci\u00e9t\u00e9"],"inLanguage":"fr-FR","potentialAction":[{"@type":"CommentAction","name":"Comment","target":["https:\/\/guineediversite.com\/index.php\/2017\/05\/19\/societe-civile-lancement-du-cadre-de-concertation-sur-la-paix-la-gouvernance-locale-et-la-citoyennete\/#respond"]}]},{"@type":"WebPage","@id":"https:\/\/guineediversite.com\/index.php\/2017\/05\/19\/societe-civile-lancement-du-cadre-de-concertation-sur-la-paix-la-gouvernance-locale-et-la-citoyennete\/","url":"https:\/\/guineediversite.com\/index.php\/2017\/05\/19\/societe-civile-lancement-du-cadre-de-concertation-sur-la-paix-la-gouvernance-locale-et-la-citoyennete\/","name":"Soci\u00e9t\u00e9 civile : lancement du cadre de concertation sur la paix, la gouvernance locale et la citoyennet\u00e9 | Guin\u00e9e Diversit\u00e9","isPartOf":{"@id":"https:\/\/guineediversite.com\/#website"},"primaryImageOfPage":{"@id":"https:\/\/guineediversite.com\/index.php\/2017\/05\/19\/societe-civile-lancement-du-cadre-de-concertation-sur-la-paix-la-gouvernance-locale-et-la-citoyennete\/#primaryimage"},"image":{"@id":"https:\/\/guineediversite.com\/index.php\/2017\/05\/19\/societe-civile-lancement-du-cadre-de-concertation-sur-la-paix-la-gouvernance-locale-et-la-citoyennete\/#primaryimage"},"thumbnailUrl":"https:\/\/guineediversite.com\/wp-content\/uploads\/2017\/05\/IMG_20170518_100844.jpg","datePublished":"2017-05-19T15:08:00+00:00","dateModified":"2017-05-27T09:22:42+00:00","breadcrumb":{"@id":"https:\/\/guineediversite.com\/index.php\/2017\/05\/19\/societe-civile-lancement-du-cadre-de-concertation-sur-la-paix-la-gouvernance-locale-et-la-citoyennete\/#breadcrumb"},"inLanguage":"fr-FR","potentialAction":[{"@type":"ReadAction","target":["https:\/\/guineediversite.com\/index.php\/2017\/05\/19\/societe-civile-lancement-du-cadre-de-concertation-sur-la-paix-la-gouvernance-locale-et-la-citoyennete\/"]}]},{"@type":"ImageObject","inLanguage":"fr-FR","@id":"https:\/\/guineediversite.com\/index.php\/2017\/05\/19\/societe-civile-lancement-du-cadre-de-concertation-sur-la-paix-la-gouvernance-locale-et-la-citoyennete\/#primaryimage","url":"https:\/\/guineediversite.com\/wp-content\/uploads\/2017\/05\/IMG_20170518_100844.jpg","contentUrl":"https:\/\/guineediversite.com\/wp-content\/uploads\/2017\/05\/IMG_20170518_100844.jpg","width":2960,"height":1664},{"@type":"BreadcrumbList","@id":"https:\/\/guineediversite.com\/index.php\/2017\/05\/19\/societe-civile-lancement-du-cadre-de-concertation-sur-la-paix-la-gouvernance-locale-et-la-citoyennete\/#breadcrumb","itemListElement":[{"@type":"ListItem","position":1,"name":"Accueil","item":"https:\/\/guineediversite.com\/"},{"@type":"ListItem","position":2,"name":"Soci\u00e9t\u00e9 civile : lancement du cadre de concertation sur la paix, la gouvernance locale et la citoyennet\u00e9"}]},{"@type":"WebSite","@id":"https:\/\/guineediversite.com\/#website","url":"https:\/\/guineediversite.com\/","name":"Guin\u00e9e Diversit\u00e9","description":"L&#039;Info dans toute sa diversit\u00e9","publisher":{"@id":"https:\/\/guineediversite.com\/#organization"},"potentialAction":[{"@type":"SearchAction","target":{"@type":"EntryPoint","urlTemplate":"https:\/\/guineediversite.com\/?s={search_term_string}"},"query-input":{"@type":"PropertyValueSpecification","valueRequired":true,"valueName":"search_term_string"}}],"inLanguage":"fr-FR"},{"@type":"Organization","@id":"https:\/\/guineediversite.com\/#organization","name":"Guin\u00e9e Diversit\u00e9","url":"https:\/\/guineediversite.com\/","logo":{"@type":"ImageObject","inLanguage":"fr-FR","@id":"https:\/\/guineediversite.com\/#\/schema\/logo\/image\/","url":"https:\/\/guineediversite.com\/wp-content\/uploads\/2017\/04\/cropped-1jojlxEOMkX9Wyqfhe43D6kjPOGqBBKmx3EwWJqZ0cMrFF54yM49.png","contentUrl":"https:\/\/guineediversite.com\/wp-content\/uploads\/2017\/04\/cropped-1jojlxEOMkX9Wyqfhe43D6kjPOGqBBKmx3EwWJqZ0cMrFF54yM49.png","width":186,"height":112,"caption":"Guin\u00e9e Diversit\u00e9"},"image":{"@id":"https:\/\/guineediversite.com\/#\/schema\/logo\/image\/"},"sameAs":["https:\/\/www.facebook.com\/guineediversite\/","https:\/\/x.com\/GuineeDiversite","https:\/\/www.youtube.com\/channel\/UC8sUY16qelG5ge6_D5SB83g"]},{"@type":"Person","@id":"https:\/\/guineediversite.com\/#\/schema\/person\/afa08fb34e7fc6e1feafc892612bc836","name":"Guin\u00e9e Diversit\u00e9","image":{"@type":"ImageObject","inLanguage":"fr-FR","@id":"https:\/\/guineediversite.com\/#\/schema\/person\/image\/","url":"https:\/\/secure.gravatar.com\/avatar\/50d5eb5b390f8b65ac30ac6f898eb83a?s=96&d=mm&r=g","contentUrl":"https:\/\/secure.gravatar.com\/avatar\/50d5eb5b390f8b65ac30ac6f898eb83a?s=96&d=mm&r=g","caption":"Guin\u00e9e Diversit\u00e9"},"url":"https:\/\/guineediversite.com\/index.php\/author\/guineediversite\/"}]}},"_links":{"self":[{"href":"https:\/\/guineediversite.com\/index.php\/wp-json\/wp\/v2\/posts\/19825"}],"collection":[{"href":"https:\/\/guineediversite.com\/index.php\/wp-json\/wp\/v2\/posts"}],"about":[{"href":"https:\/\/guineediversite.com\/index.php\/wp-json\/wp\/v2\/types\/post"}],"author":[{"embeddable":true,"href":"https:\/\/guineediversite.com\/index.php\/wp-json\/wp\/v2\/users\/12"}],"replies":[{"embeddable":true,"href":"https:\/\/guineediversite.com\/index.php\/wp-json\/wp\/v2\/comments?post=19825"}],"version-history":[{"count":0,"href":"https:\/\/guineediversite.com\/index.php\/wp-json\/wp\/v2\/posts\/19825\/revisions"}],"wp:featuredmedia":[{"embeddable":true,"href":"https:\/\/guineediversite.com\/index.php\/wp-json\/wp\/v2\/media\/19829"}],"wp:attachment":[{"href":"https:\/\/guineediversite.com\/index.php\/wp-json\/wp\/v2\/media?parent=19825"}],"wp:term":[{"taxonomy":"category","embeddable":true,"href":"https:\/\/guineediversite.com\/index.php\/wp-json\/wp\/v2\/categories?post=19825"},{"taxonomy":"post_tag","embeddable":true,"href":"https:\/\/guineediversite.com\/index.php\/wp-json\/wp\/v2\/tags?post=19825"}],"curies":[{"name":"wp","href":"https:\/\/api.w.org\/{rel}","templated":true}]}}