{"id":19812,"date":"2013-12-31T00:00:00","date_gmt":"2013-12-30T23:00:00","guid":{"rendered":"https:\/\/www.guineediversite.com\/index.php\/2013\/12\/31\/la-star-americano-senegalaise-akon-en-guinee-pour-sinvestir-dans-lenergie-solaire\/"},"modified":"2013-12-31T00:00:00","modified_gmt":"2013-12-30T23:00:00","slug":"la-star-americano-senegalaise-akon-en-guinee-pour-sinvestir-dans-lenergie-solaire","status":"publish","type":"post","link":"https:\/\/guineediversite.com\/index.php\/2013\/12\/31\/la-star-americano-senegalaise-akon-en-guinee-pour-sinvestir-dans-lenergie-solaire\/","title":{"rendered":"La star Am\u00e9ricano-s\u00e9n\u00e9galaise Akon en Guin\u00e9e pour s\u2019investir dans l\u2019\u00e9nergie solaire."},"content":{"rendered":"<p>Le chanteur et producteur de R&amp;B am\u00e9ricano-s\u00e9n\u00e9galais Alioune Thiam alias Akon est \u00e0 Conakry depuis hier mercredi 12 f\u00e9vrier 2014 pour une visite d\u2019affaire. Alioune Thiam de son vrai nom, est en Guin\u00e9e dans le cadre de son projet \u00ab Akon Lighting Africa \u00bb, qui veut dire en fran\u00e7ais, \u00ab Tourn\u00e9e d\u2019Akon en faveur de l\u2019\u00e9lectrification de l\u2019Afrique \u00bb. Ce projet a pour but d\u2019apporter de l\u2019\u00e9lectricit\u00e9 \u00e0 pr\u00e8s d\u2019un million de m\u00e9nages ruraux africains, \u00e0 l\u2019aide de l\u2019\u00e9nergie solaire.<br \/>\n D\u00e8s son arriv\u00e9 dans la capitale guin\u00e9enne en provenance de Bamako, Akon a \u00e9t\u00e9 re\u00e7u en audience par le Chef de l\u2019Etat guin\u00e9en, le Professeur Alpha Cond\u00e9. Alioune Thiam a expliqu\u00e9 au pr\u00e9sident guin\u00e9en, l\u2019id\u00e9e du projet et son importance dans le d\u00e9veloppement rurale de la Guin\u00e9e. Il a ensuite demand\u00e9 le soutien de l\u2019Etat guin\u00e9en et de la diaspora guin\u00e9enne pour la r\u00e9ussite de ce projet.<br \/>\n Accompagn\u00e9 de ses partenaires africains et chinois, Akon entend \u00ab mobiliser les chefs d\u2019Etats africains autour de son projet d\u2019\u00e9lectrification \u00bb. Selon la star du R&amp;b, l\u2019\u00e9nergie constitue un d\u00e9fi \u00e0 relever \u00e0 tout prix pour une \u00e9ducation de qualit\u00e9, les industries et les infrastructures durables en Afrique. Ce jeudi, Akon et le ministre de la jeunesse et de l\u2019emploi jeunes, Moustapha Nait\u00e9 ont anim\u00e9 une conf\u00e9rence d\u00e9bat \u00e0 l\u2019Universit\u00e9 Gamal Abdel Nasser de Conakry, sur le leadership et l\u2019entreprenariat de la jeunesse africaine.<br \/>\nSelon nos informations, plusieurs structures ont rejoint l\u2019initiative, \u00e0 l\u2019instar d\u2019Akon Corp, Solektra International, Byd Solar, Azuri Technologies Uk, Nari (membre du groupe chinois Grid), Cij, l\u2019Ong Give1protect et les gouvernements africains partenaires du projet.<br \/>\nEn plus du S\u00e9n\u00e9gal, du Mali et de la Guin\u00e9e d\u00e9j\u00e0 visit\u00e9, la m\u00e9ga star am\u00e9ricano-s\u00e9n\u00e9galaise Akon, est attendue dans six autres Etats africains o\u00f9 le projet est attendu, notamment, la Gambie, le Burkina Faso, la Guin\u00e9e \u00e9quatoriale, le Gabon, le Congo et la C\u00f4te d\u2019Ivoire.<br \/>\nThierno Moussa Bah<\/p>\n","protected":false},"excerpt":{"rendered":"<p>Le chanteur et producteur de R&amp;B am\u00e9ricano-s\u00e9n\u00e9galais Alioune Thiam alias Akon est \u00e0 Conakry depuis hier mercredi 12 f\u00e9vrier 2014 pour une visite d\u2019affaire. Alioune Thiam de son vrai nom, est en Guin\u00e9e dans le cadre de son projet \u00ab Akon Lighting Africa \u00bb, qui veut dire en fran\u00e7ais, \u00ab Tourn\u00e9e d\u2019Akon en faveur de [&hellip;]<\/p>\n","protected":false},"author":12,"featured_media":0,"comment_status":"open","ping_status":"open","sticky":false,"template":"","format":"standard","meta":{"_exactmetrics_skip_tracking":false,"_exactmetrics_sitenote_active":false,"_exactmetrics_sitenote_note":"","_exactmetrics_sitenote_category":0,"tdm_status":"","tdm_grid_status":"","footnotes":""},"categories":[28],"tags":[],"class_list":{"0":"post-19812","1":"post","2":"type-post","3":"status-publish","4":"format-standard","6":"category-archives"},"yoast_head":"<!-- This site is optimized with the Yoast SEO plugin v24.2 - https:\/\/yoast.com\/wordpress\/plugins\/seo\/ -->\n<title>La star Am\u00e9ricano-s\u00e9n\u00e9galaise Akon en Guin\u00e9e pour s\u2019investir dans l\u2019\u00e9nergie solaire. | Guin\u00e9e Diversit\u00e9<\/title>\n<meta name=\"robots\" content=\"index, follow, max-snippet:-1, max-image-preview:large, max-video-preview:-1\" \/>\n<link rel=\"canonical\" href=\"https:\/\/guineediversite.com\/index.php\/2013\/12\/31\/la-star-americano-senegalaise-akon-en-guinee-pour-sinvestir-dans-lenergie-solaire\/\" \/>\n<meta property=\"og:locale\" content=\"fr_FR\" \/>\n<meta property=\"og:type\" content=\"article\" \/>\n<meta property=\"og:title\" content=\"La star Am\u00e9ricano-s\u00e9n\u00e9galaise Akon en Guin\u00e9e pour s\u2019investir dans l\u2019\u00e9nergie solaire. | Guin\u00e9e Diversit\u00e9\" \/>\n<meta property=\"og:description\" content=\"Le chanteur et producteur de R&amp;B am\u00e9ricano-s\u00e9n\u00e9galais Alioune Thiam alias Akon est \u00e0 Conakry depuis hier mercredi 12 f\u00e9vrier 2014 pour une visite d\u2019affaire. Alioune Thiam de son vrai nom, est en Guin\u00e9e dans le cadre de son projet \u00ab Akon Lighting Africa \u00bb, qui veut dire en fran\u00e7ais, \u00ab Tourn\u00e9e d\u2019Akon en faveur de [&hellip;]\" \/>\n<meta property=\"og:url\" content=\"https:\/\/guineediversite.com\/index.php\/2013\/12\/31\/la-star-americano-senegalaise-akon-en-guinee-pour-sinvestir-dans-lenergie-solaire\/\" \/>\n<meta property=\"og:site_name\" content=\"Guin\u00e9e Diversit\u00e9\" \/>\n<meta property=\"article:publisher\" content=\"https:\/\/www.facebook.com\/guineediversite\/\" \/>\n<meta property=\"article:published_time\" content=\"2013-12-30T23:00:00+00:00\" \/>\n<meta name=\"author\" content=\"Guin\u00e9e Diversit\u00e9\" \/>\n<meta name=\"twitter:card\" content=\"summary_large_image\" \/>\n<meta name=\"twitter:creator\" content=\"@GuineeDiversite\" \/>\n<meta name=\"twitter:site\" content=\"@GuineeDiversite\" \/>\n<meta name=\"twitter:label1\" content=\"\u00c9crit par\" \/>\n\t<meta name=\"twitter:data1\" content=\"Guin\u00e9e Diversit\u00e9\" \/>\n\t<meta name=\"twitter:label2\" content=\"Dur\u00e9e de lecture estim\u00e9e\" \/>\n\t<meta name=\"twitter:data2\" content=\"2 minutes\" \/>\n<script type=\"application\/ld+json\" class=\"yoast-schema-graph\">{\"@context\":\"https:\/\/schema.org\",\"@graph\":[{\"@type\":\"Article\",\"@id\":\"https:\/\/guineediversite.com\/index.php\/2013\/12\/31\/la-star-americano-senegalaise-akon-en-guinee-pour-sinvestir-dans-lenergie-solaire\/#article\",\"isPartOf\":{\"@id\":\"https:\/\/guineediversite.com\/index.php\/2013\/12\/31\/la-star-americano-senegalaise-akon-en-guinee-pour-sinvestir-dans-lenergie-solaire\/\"},\"author\":{\"name\":\"Guin\u00e9e Diversit\u00e9\",\"@id\":\"https:\/\/guineediversite.com\/#\/schema\/person\/afa08fb34e7fc6e1feafc892612bc836\"},\"headline\":\"La star Am\u00e9ricano-s\u00e9n\u00e9galaise Akon en Guin\u00e9e pour s\u2019investir dans l\u2019\u00e9nergie solaire.\",\"datePublished\":\"2013-12-30T23:00:00+00:00\",\"dateModified\":\"2013-12-30T23:00:00+00:00\",\"mainEntityOfPage\":{\"@id\":\"https:\/\/guineediversite.com\/index.php\/2013\/12\/31\/la-star-americano-senegalaise-akon-en-guinee-pour-sinvestir-dans-lenergie-solaire\/\"},\"wordCount\":379,\"commentCount\":0,\"publisher\":{\"@id\":\"https:\/\/guineediversite.com\/#organization\"},\"articleSection\":[\"Archives\"],\"inLanguage\":\"fr-FR\",\"potentialAction\":[{\"@type\":\"CommentAction\",\"name\":\"Comment\",\"target\":[\"https:\/\/guineediversite.com\/index.php\/2013\/12\/31\/la-star-americano-senegalaise-akon-en-guinee-pour-sinvestir-dans-lenergie-solaire\/#respond\"]}]},{\"@type\":\"WebPage\",\"@id\":\"https:\/\/guineediversite.com\/index.php\/2013\/12\/31\/la-star-americano-senegalaise-akon-en-guinee-pour-sinvestir-dans-lenergie-solaire\/\",\"url\":\"https:\/\/guineediversite.com\/index.php\/2013\/12\/31\/la-star-americano-senegalaise-akon-en-guinee-pour-sinvestir-dans-lenergie-solaire\/\",\"name\":\"La star Am\u00e9ricano-s\u00e9n\u00e9galaise Akon en Guin\u00e9e pour s\u2019investir dans l\u2019\u00e9nergie solaire. | Guin\u00e9e Diversit\u00e9\",\"isPartOf\":{\"@id\":\"https:\/\/guineediversite.com\/#website\"},\"datePublished\":\"2013-12-30T23:00:00+00:00\",\"dateModified\":\"2013-12-30T23:00:00+00:00\",\"breadcrumb\":{\"@id\":\"https:\/\/guineediversite.com\/index.php\/2013\/12\/31\/la-star-americano-senegalaise-akon-en-guinee-pour-sinvestir-dans-lenergie-solaire\/#breadcrumb\"},\"inLanguage\":\"fr-FR\",\"potentialAction\":[{\"@type\":\"ReadAction\",\"target\":[\"https:\/\/guineediversite.com\/index.php\/2013\/12\/31\/la-star-americano-senegalaise-akon-en-guinee-pour-sinvestir-dans-lenergie-solaire\/\"]}]},{\"@type\":\"BreadcrumbList\",\"@id\":\"https:\/\/guineediversite.com\/index.php\/2013\/12\/31\/la-star-americano-senegalaise-akon-en-guinee-pour-sinvestir-dans-lenergie-solaire\/#breadcrumb\",\"itemListElement\":[{\"@type\":\"ListItem\",\"position\":1,\"name\":\"Accueil\",\"item\":\"https:\/\/guineediversite.com\/\"},{\"@type\":\"ListItem\",\"position\":2,\"name\":\"La star Am\u00e9ricano-s\u00e9n\u00e9galaise Akon en Guin\u00e9e pour s\u2019investir dans l\u2019\u00e9nergie solaire.\"}]},{\"@type\":\"WebSite\",\"@id\":\"https:\/\/guineediversite.com\/#website\",\"url\":\"https:\/\/guineediversite.com\/\",\"name\":\"Guin\u00e9e Diversit\u00e9\",\"description\":\"L&#039;Info dans toute sa diversit\u00e9\",\"publisher\":{\"@id\":\"https:\/\/guineediversite.com\/#organization\"},\"potentialAction\":[{\"@type\":\"SearchAction\",\"target\":{\"@type\":\"EntryPoint\",\"urlTemplate\":\"https:\/\/guineediversite.com\/?s={search_term_string}\"},\"query-input\":{\"@type\":\"PropertyValueSpecification\",\"valueRequired\":true,\"valueName\":\"search_term_string\"}}],\"inLanguage\":\"fr-FR\"},{\"@type\":\"Organization\",\"@id\":\"https:\/\/guineediversite.com\/#organization\",\"name\":\"Guin\u00e9e Diversit\u00e9\",\"url\":\"https:\/\/guineediversite.com\/\",\"logo\":{\"@type\":\"ImageObject\",\"inLanguage\":\"fr-FR\",\"@id\":\"https:\/\/guineediversite.com\/#\/schema\/logo\/image\/\",\"url\":\"https:\/\/guineediversite.com\/wp-content\/uploads\/2017\/04\/cropped-1jojlxEOMkX9Wyqfhe43D6kjPOGqBBKmx3EwWJqZ0cMrFF54yM49.png\",\"contentUrl\":\"https:\/\/guineediversite.com\/wp-content\/uploads\/2017\/04\/cropped-1jojlxEOMkX9Wyqfhe43D6kjPOGqBBKmx3EwWJqZ0cMrFF54yM49.png\",\"width\":186,\"height\":112,\"caption\":\"Guin\u00e9e Diversit\u00e9\"},\"image\":{\"@id\":\"https:\/\/guineediversite.com\/#\/schema\/logo\/image\/\"},\"sameAs\":[\"https:\/\/www.facebook.com\/guineediversite\/\",\"https:\/\/x.com\/GuineeDiversite\",\"https:\/\/www.youtube.com\/channel\/UC8sUY16qelG5ge6_D5SB83g\"]},{\"@type\":\"Person\",\"@id\":\"https:\/\/guineediversite.com\/#\/schema\/person\/afa08fb34e7fc6e1feafc892612bc836\",\"name\":\"Guin\u00e9e Diversit\u00e9\",\"image\":{\"@type\":\"ImageObject\",\"inLanguage\":\"fr-FR\",\"@id\":\"https:\/\/guineediversite.com\/#\/schema\/person\/image\/\",\"url\":\"https:\/\/secure.gravatar.com\/avatar\/50d5eb5b390f8b65ac30ac6f898eb83a?s=96&d=mm&r=g\",\"contentUrl\":\"https:\/\/secure.gravatar.com\/avatar\/50d5eb5b390f8b65ac30ac6f898eb83a?s=96&d=mm&r=g\",\"caption\":\"Guin\u00e9e Diversit\u00e9\"},\"url\":\"https:\/\/guineediversite.com\/index.php\/author\/guineediversite\/\"}]}<\/script>\n<!-- \/ Yoast SEO plugin. -->","yoast_head_json":{"title":"La star Am\u00e9ricano-s\u00e9n\u00e9galaise Akon en Guin\u00e9e pour s\u2019investir dans l\u2019\u00e9nergie solaire. | Guin\u00e9e Diversit\u00e9","robots":{"index":"index","follow":"follow","max-snippet":"max-snippet:-1","max-image-preview":"max-image-preview:large","max-video-preview":"max-video-preview:-1"},"canonical":"https:\/\/guineediversite.com\/index.php\/2013\/12\/31\/la-star-americano-senegalaise-akon-en-guinee-pour-sinvestir-dans-lenergie-solaire\/","og_locale":"fr_FR","og_type":"article","og_title":"La star Am\u00e9ricano-s\u00e9n\u00e9galaise Akon en Guin\u00e9e pour s\u2019investir dans l\u2019\u00e9nergie solaire. | Guin\u00e9e Diversit\u00e9","og_description":"Le chanteur et producteur de R&amp;B am\u00e9ricano-s\u00e9n\u00e9galais Alioune Thiam alias Akon est \u00e0 Conakry depuis hier mercredi 12 f\u00e9vrier 2014 pour une visite d\u2019affaire. Alioune Thiam de son vrai nom, est en Guin\u00e9e dans le cadre de son projet \u00ab Akon Lighting Africa \u00bb, qui veut dire en fran\u00e7ais, \u00ab Tourn\u00e9e d\u2019Akon en faveur de [&hellip;]","og_url":"https:\/\/guineediversite.com\/index.php\/2013\/12\/31\/la-star-americano-senegalaise-akon-en-guinee-pour-sinvestir-dans-lenergie-solaire\/","og_site_name":"Guin\u00e9e Diversit\u00e9","article_publisher":"https:\/\/www.facebook.com\/guineediversite\/","article_published_time":"2013-12-30T23:00:00+00:00","author":"Guin\u00e9e Diversit\u00e9","twitter_card":"summary_large_image","twitter_creator":"@GuineeDiversite","twitter_site":"@GuineeDiversite","twitter_misc":{"\u00c9crit par":"Guin\u00e9e Diversit\u00e9","Dur\u00e9e de lecture estim\u00e9e":"2 minutes"},"schema":{"@context":"https:\/\/schema.org","@graph":[{"@type":"Article","@id":"https:\/\/guineediversite.com\/index.php\/2013\/12\/31\/la-star-americano-senegalaise-akon-en-guinee-pour-sinvestir-dans-lenergie-solaire\/#article","isPartOf":{"@id":"https:\/\/guineediversite.com\/index.php\/2013\/12\/31\/la-star-americano-senegalaise-akon-en-guinee-pour-sinvestir-dans-lenergie-solaire\/"},"author":{"name":"Guin\u00e9e Diversit\u00e9","@id":"https:\/\/guineediversite.com\/#\/schema\/person\/afa08fb34e7fc6e1feafc892612bc836"},"headline":"La star Am\u00e9ricano-s\u00e9n\u00e9galaise Akon en Guin\u00e9e pour s\u2019investir dans l\u2019\u00e9nergie solaire.","datePublished":"2013-12-30T23:00:00+00:00","dateModified":"2013-12-30T23:00:00+00:00","mainEntityOfPage":{"@id":"https:\/\/guineediversite.com\/index.php\/2013\/12\/31\/la-star-americano-senegalaise-akon-en-guinee-pour-sinvestir-dans-lenergie-solaire\/"},"wordCount":379,"commentCount":0,"publisher":{"@id":"https:\/\/guineediversite.com\/#organization"},"articleSection":["Archives"],"inLanguage":"fr-FR","potentialAction":[{"@type":"CommentAction","name":"Comment","target":["https:\/\/guineediversite.com\/index.php\/2013\/12\/31\/la-star-americano-senegalaise-akon-en-guinee-pour-sinvestir-dans-lenergie-solaire\/#respond"]}]},{"@type":"WebPage","@id":"https:\/\/guineediversite.com\/index.php\/2013\/12\/31\/la-star-americano-senegalaise-akon-en-guinee-pour-sinvestir-dans-lenergie-solaire\/","url":"https:\/\/guineediversite.com\/index.php\/2013\/12\/31\/la-star-americano-senegalaise-akon-en-guinee-pour-sinvestir-dans-lenergie-solaire\/","name":"La star Am\u00e9ricano-s\u00e9n\u00e9galaise Akon en Guin\u00e9e pour s\u2019investir dans l\u2019\u00e9nergie solaire. | Guin\u00e9e Diversit\u00e9","isPartOf":{"@id":"https:\/\/guineediversite.com\/#website"},"datePublished":"2013-12-30T23:00:00+00:00","dateModified":"2013-12-30T23:00:00+00:00","breadcrumb":{"@id":"https:\/\/guineediversite.com\/index.php\/2013\/12\/31\/la-star-americano-senegalaise-akon-en-guinee-pour-sinvestir-dans-lenergie-solaire\/#breadcrumb"},"inLanguage":"fr-FR","potentialAction":[{"@type":"ReadAction","target":["https:\/\/guineediversite.com\/index.php\/2013\/12\/31\/la-star-americano-senegalaise-akon-en-guinee-pour-sinvestir-dans-lenergie-solaire\/"]}]},{"@type":"BreadcrumbList","@id":"https:\/\/guineediversite.com\/index.php\/2013\/12\/31\/la-star-americano-senegalaise-akon-en-guinee-pour-sinvestir-dans-lenergie-solaire\/#breadcrumb","itemListElement":[{"@type":"ListItem","position":1,"name":"Accueil","item":"https:\/\/guineediversite.com\/"},{"@type":"ListItem","position":2,"name":"La star Am\u00e9ricano-s\u00e9n\u00e9galaise Akon en Guin\u00e9e pour s\u2019investir dans l\u2019\u00e9nergie solaire."}]},{"@type":"WebSite","@id":"https:\/\/guineediversite.com\/#website","url":"https:\/\/guineediversite.com\/","name":"Guin\u00e9e Diversit\u00e9","description":"L&#039;Info dans toute sa diversit\u00e9","publisher":{"@id":"https:\/\/guineediversite.com\/#organization"},"potentialAction":[{"@type":"SearchAction","target":{"@type":"EntryPoint","urlTemplate":"https:\/\/guineediversite.com\/?s={search_term_string}"},"query-input":{"@type":"PropertyValueSpecification","valueRequired":true,"valueName":"search_term_string"}}],"inLanguage":"fr-FR"},{"@type":"Organization","@id":"https:\/\/guineediversite.com\/#organization","name":"Guin\u00e9e Diversit\u00e9","url":"https:\/\/guineediversite.com\/","logo":{"@type":"ImageObject","inLanguage":"fr-FR","@id":"https:\/\/guineediversite.com\/#\/schema\/logo\/image\/","url":"https:\/\/guineediversite.com\/wp-content\/uploads\/2017\/04\/cropped-1jojlxEOMkX9Wyqfhe43D6kjPOGqBBKmx3EwWJqZ0cMrFF54yM49.png","contentUrl":"https:\/\/guineediversite.com\/wp-content\/uploads\/2017\/04\/cropped-1jojlxEOMkX9Wyqfhe43D6kjPOGqBBKmx3EwWJqZ0cMrFF54yM49.png","width":186,"height":112,"caption":"Guin\u00e9e Diversit\u00e9"},"image":{"@id":"https:\/\/guineediversite.com\/#\/schema\/logo\/image\/"},"sameAs":["https:\/\/www.facebook.com\/guineediversite\/","https:\/\/x.com\/GuineeDiversite","https:\/\/www.youtube.com\/channel\/UC8sUY16qelG5ge6_D5SB83g"]},{"@type":"Person","@id":"https:\/\/guineediversite.com\/#\/schema\/person\/afa08fb34e7fc6e1feafc892612bc836","name":"Guin\u00e9e Diversit\u00e9","image":{"@type":"ImageObject","inLanguage":"fr-FR","@id":"https:\/\/guineediversite.com\/#\/schema\/person\/image\/","url":"https:\/\/secure.gravatar.com\/avatar\/50d5eb5b390f8b65ac30ac6f898eb83a?s=96&d=mm&r=g","contentUrl":"https:\/\/secure.gravatar.com\/avatar\/50d5eb5b390f8b65ac30ac6f898eb83a?s=96&d=mm&r=g","caption":"Guin\u00e9e Diversit\u00e9"},"url":"https:\/\/guineediversite.com\/index.php\/author\/guineediversite\/"}]}},"_links":{"self":[{"href":"https:\/\/guineediversite.com\/index.php\/wp-json\/wp\/v2\/posts\/19812"}],"collection":[{"href":"https:\/\/guineediversite.com\/index.php\/wp-json\/wp\/v2\/posts"}],"about":[{"href":"https:\/\/guineediversite.com\/index.php\/wp-json\/wp\/v2\/types\/post"}],"author":[{"embeddable":true,"href":"https:\/\/guineediversite.com\/index.php\/wp-json\/wp\/v2\/users\/12"}],"replies":[{"embeddable":true,"href":"https:\/\/guineediversite.com\/index.php\/wp-json\/wp\/v2\/comments?post=19812"}],"version-history":[{"count":0,"href":"https:\/\/guineediversite.com\/index.php\/wp-json\/wp\/v2\/posts\/19812\/revisions"}],"wp:attachment":[{"href":"https:\/\/guineediversite.com\/index.php\/wp-json\/wp\/v2\/media?parent=19812"}],"wp:term":[{"taxonomy":"category","embeddable":true,"href":"https:\/\/guineediversite.com\/index.php\/wp-json\/wp\/v2\/categories?post=19812"},{"taxonomy":"post_tag","embeddable":true,"href":"https:\/\/guineediversite.com\/index.php\/wp-json\/wp\/v2\/tags?post=19812"}],"curies":[{"name":"wp","href":"https:\/\/api.w.org\/{rel}","templated":true}]}}