{"id":19810,"date":"2013-12-31T00:00:00","date_gmt":"2013-12-30T23:00:00","guid":{"rendered":"https:\/\/www.guineediversite.com\/index.php\/2013\/12\/31\/le-ministre-gassama-diaby-parle-de-son-plan-daction-annuel\/"},"modified":"2013-12-31T00:00:00","modified_gmt":"2013-12-30T23:00:00","slug":"le-ministre-gassama-diaby-parle-de-son-plan-daction-annuel","status":"publish","type":"post","link":"https:\/\/guineediversite.com\/index.php\/2013\/12\/31\/le-ministre-gassama-diaby-parle-de-son-plan-daction-annuel\/","title":{"rendered":"Le ministre Gassama Diaby parle de son plan d\u2019action annuel"},"content":{"rendered":"<p>Ce mercredi 12 f\u00e9vrier 2014, dans un r\u00e9ceptif h\u00f4telier de la place, le Ministre des droits de l\u2019homme et des libert\u00e9s publiques Kalifa Gassama Diaby a publi\u00e9, son plan d\u2019action annuel. C\u2019\u00e9tait en faveur d\u2019une conf\u00e9rence de presse. Cette rencontre a mobilis\u00e9 plusieurs couches sociales et des organisations de d\u00e9fense des droits de l\u2019homme \u00e9voluant en Guin\u00e9e. Pour Kalifa Gassama, les diff\u00e9rentes crises sociopolitiques enregistr\u00e9es ces derni\u00e8res ann\u00e9es en Guin\u00e9e, ont fait que le tissu social s\u2019est largement fragilis\u00e9. Raison de plus pour son d\u00e9partement d\u2019inscrire dans son plan d\u2019action annuel 2014, un dispositif permettant aux guin\u00e9ens de tout bord politique ou socioprofessionnel de s\u2019impliquer dans une perspective de r\u00e9conciliation nationale. Le Ministre pense que la r\u00e9conciliation nationale est indispensable en Guin\u00e9e pour lutter contre toute forme de violence et d\u2019impunit\u00e9. \u00ab Nous devons faire en sorte que les guin\u00e9ens soient en mesure de laver le linge sale en famille. Une grande nation est celle qui est en mesure de garantir \u00e0 chacun de ses citoyens, \u00e0 chaque groupe de ses citoyens et \u00e0 toutes les personnes vivants sur son territoire un environnement et un cadre de vie qui leurs garantissent la dignit\u00e9, une bonne justice et une \u00e9galit\u00e9 de traitement devant la loi \u00bb. Selon le ministre des droits de l\u2019homme et des libert\u00e9s publiques Gassama Diaby, la r\u00e9alisation de ces projets permettra de lutter efficacement contre le non respect des droits de l\u2019homme dans notre pays. Pour lui : \u00ab Ces projets ont une importance capitale dans la mesure o\u00f9 le premier, c\u2019est un projet qui me semble essentiel, c\u2019est celui de l\u2019organisation des Etats g\u00e9n\u00e9raux des droits de l\u2019homme en Guin\u00e9e. C\u2019est seulement \u00e0 partir de cette rencontre, que nous pouvons d\u00e9gager les principaux axes de la question des droits humains en Guin\u00e9e. Le deuxi\u00e8me, c\u2019est celui de l\u2019introduction de l\u2019enseignement des droits humains dans nos \u00e9tablissements scolaires, pour qu\u2019on puisse apprendre \u00e0 nos enfants, comment agir dans le respect des droits humains. Le troisi\u00e8me est un projet de redynamisation du processus de r\u00e9conciliation nationale. Le quatri\u00e8me projet, c\u2019est \u00e9videment la question de la citoyennet\u00e9. Le minist\u00e8re des droits de l\u2019homme va se battre pour cr\u00e9er en Guin\u00e9e, la semaine de la citoyennet\u00e9 qui sera organis\u00e9e chaque ann\u00e9e. Le cinqui\u00e8me projet, c\u2019est l\u2019organisation de tables rondes th\u00e9matiques qui seront adress\u00e9s \u00e0 certains nombre d\u2019institutions et de structures qui ont toutes leur place dans notre volont\u00e9 collective de faire avancer d\u00e9mocratiquement la Guin\u00e9e afin de cr\u00e9er une soci\u00e9t\u00e9 de paix, de justice et de libert\u00e9. Le sixi\u00e8me projet, est le projet de monitoring dans les milieux carc\u00e9ral. Lors que vous \u00eates accus\u00e9 de crimes, aussi au dieu soit \u2013 il, vous devez \u00eatre trait\u00e9 conform\u00e9ment au droit. Le septi\u00e8me projet, est le projet d\u2019assistance aux femmes et aux mineurs en conflit avec la loi qui se retrouvent dans les prisons. Le huiti\u00e8me projet, est un projet qui a trait \u00e0 l\u2019adoption d\u2019une loi sur la torture. Les pratiques de torture continuent dans notre pays. Le projet suivant est le projet de mise en place des observatoires th\u00e9matiques \u00bb. Selon le ministre des droits de l\u2019homme et des libert\u00e9s publiques un num\u00e9ro vert sera mis en place pour d\u00e9noncer les cas de d\u00e9tention arbitraire et des pratiques de torture. \u00ab Nous avons \u00e9galement l\u2019intention cette ann\u00e9e, de cr\u00e9es un certains nombre de projets de vulgarisation de nos textes juridiques dans nos langues locales pour permettre \u00e0 nos citoyens de comprendre ce que c\u2019est que le droit de l\u2019homme. Nous avons aussi l\u2019intention de cr\u00e9er une radio, sp\u00e9cialement d\u00e9di\u00e9e \u00e0 la sensibilisation sur les questions de droit de l\u2019homme. C\u2019est une radio qui ne parlera que sur des questions de droits de l\u2019homme dans notre pays \u00bb a-t-il ajout\u00e9.<br \/>\nPour terminer, le ministre Gassama a profit\u00e9 de l\u2019occasion pour inviter l\u2019ensemble des partenaires \u00e0 appuyer ces diff\u00e9rents projets.<br \/>\nAbdoulaye Ciss\u00e9<\/p>\n","protected":false},"excerpt":{"rendered":"<p>Ce mercredi 12 f\u00e9vrier 2014, dans un r\u00e9ceptif h\u00f4telier de la place, le Ministre des droits de l\u2019homme et des libert\u00e9s publiques Kalifa Gassama Diaby a publi\u00e9, son plan d\u2019action annuel. C\u2019\u00e9tait en faveur d\u2019une conf\u00e9rence de presse. Cette rencontre a mobilis\u00e9 plusieurs couches sociales et des organisations de d\u00e9fense des droits de l\u2019homme \u00e9voluant [&hellip;]<\/p>\n","protected":false},"author":12,"featured_media":0,"comment_status":"open","ping_status":"open","sticky":false,"template":"","format":"standard","meta":{"_exactmetrics_skip_tracking":false,"_exactmetrics_sitenote_active":false,"_exactmetrics_sitenote_note":"","_exactmetrics_sitenote_category":0,"tdm_status":"","tdm_grid_status":"","footnotes":""},"categories":[28],"tags":[],"class_list":{"0":"post-19810","1":"post","2":"type-post","3":"status-publish","4":"format-standard","6":"category-archives"},"yoast_head":"<!-- This site is optimized with the Yoast SEO plugin v24.2 - https:\/\/yoast.com\/wordpress\/plugins\/seo\/ -->\n<title>Le ministre Gassama Diaby parle de son plan d\u2019action annuel | Guin\u00e9e Diversit\u00e9<\/title>\n<meta name=\"robots\" content=\"index, follow, max-snippet:-1, max-image-preview:large, max-video-preview:-1\" \/>\n<link rel=\"canonical\" href=\"https:\/\/guineediversite.com\/index.php\/2013\/12\/31\/le-ministre-gassama-diaby-parle-de-son-plan-daction-annuel\/\" \/>\n<meta property=\"og:locale\" content=\"fr_FR\" \/>\n<meta property=\"og:type\" content=\"article\" \/>\n<meta property=\"og:title\" content=\"Le ministre Gassama Diaby parle de son plan d\u2019action annuel | Guin\u00e9e Diversit\u00e9\" \/>\n<meta property=\"og:description\" content=\"Ce mercredi 12 f\u00e9vrier 2014, dans un r\u00e9ceptif h\u00f4telier de la place, le Ministre des droits de l\u2019homme et des libert\u00e9s publiques Kalifa Gassama Diaby a publi\u00e9, son plan d\u2019action annuel. C\u2019\u00e9tait en faveur d\u2019une conf\u00e9rence de presse. Cette rencontre a mobilis\u00e9 plusieurs couches sociales et des organisations de d\u00e9fense des droits de l\u2019homme \u00e9voluant [&hellip;]\" \/>\n<meta property=\"og:url\" content=\"https:\/\/guineediversite.com\/index.php\/2013\/12\/31\/le-ministre-gassama-diaby-parle-de-son-plan-daction-annuel\/\" \/>\n<meta property=\"og:site_name\" content=\"Guin\u00e9e Diversit\u00e9\" \/>\n<meta property=\"article:publisher\" content=\"https:\/\/www.facebook.com\/guineediversite\/\" \/>\n<meta property=\"article:published_time\" content=\"2013-12-30T23:00:00+00:00\" \/>\n<meta name=\"author\" content=\"Guin\u00e9e Diversit\u00e9\" \/>\n<meta name=\"twitter:card\" content=\"summary_large_image\" \/>\n<meta name=\"twitter:creator\" content=\"@GuineeDiversite\" \/>\n<meta name=\"twitter:site\" content=\"@GuineeDiversite\" \/>\n<meta name=\"twitter:label1\" content=\"\u00c9crit par\" \/>\n\t<meta name=\"twitter:data1\" content=\"Guin\u00e9e Diversit\u00e9\" \/>\n\t<meta name=\"twitter:label2\" content=\"Dur\u00e9e de lecture estim\u00e9e\" \/>\n\t<meta name=\"twitter:data2\" content=\"4 minutes\" \/>\n<script type=\"application\/ld+json\" class=\"yoast-schema-graph\">{\"@context\":\"https:\/\/schema.org\",\"@graph\":[{\"@type\":\"Article\",\"@id\":\"https:\/\/guineediversite.com\/index.php\/2013\/12\/31\/le-ministre-gassama-diaby-parle-de-son-plan-daction-annuel\/#article\",\"isPartOf\":{\"@id\":\"https:\/\/guineediversite.com\/index.php\/2013\/12\/31\/le-ministre-gassama-diaby-parle-de-son-plan-daction-annuel\/\"},\"author\":{\"name\":\"Guin\u00e9e Diversit\u00e9\",\"@id\":\"https:\/\/guineediversite.com\/#\/schema\/person\/afa08fb34e7fc6e1feafc892612bc836\"},\"headline\":\"Le ministre Gassama Diaby parle de son plan d\u2019action annuel\",\"datePublished\":\"2013-12-30T23:00:00+00:00\",\"dateModified\":\"2013-12-30T23:00:00+00:00\",\"mainEntityOfPage\":{\"@id\":\"https:\/\/guineediversite.com\/index.php\/2013\/12\/31\/le-ministre-gassama-diaby-parle-de-son-plan-daction-annuel\/\"},\"wordCount\":727,\"commentCount\":0,\"publisher\":{\"@id\":\"https:\/\/guineediversite.com\/#organization\"},\"articleSection\":[\"Archives\"],\"inLanguage\":\"fr-FR\",\"potentialAction\":[{\"@type\":\"CommentAction\",\"name\":\"Comment\",\"target\":[\"https:\/\/guineediversite.com\/index.php\/2013\/12\/31\/le-ministre-gassama-diaby-parle-de-son-plan-daction-annuel\/#respond\"]}]},{\"@type\":\"WebPage\",\"@id\":\"https:\/\/guineediversite.com\/index.php\/2013\/12\/31\/le-ministre-gassama-diaby-parle-de-son-plan-daction-annuel\/\",\"url\":\"https:\/\/guineediversite.com\/index.php\/2013\/12\/31\/le-ministre-gassama-diaby-parle-de-son-plan-daction-annuel\/\",\"name\":\"Le ministre Gassama Diaby parle de son plan d\u2019action annuel | Guin\u00e9e Diversit\u00e9\",\"isPartOf\":{\"@id\":\"https:\/\/guineediversite.com\/#website\"},\"datePublished\":\"2013-12-30T23:00:00+00:00\",\"dateModified\":\"2013-12-30T23:00:00+00:00\",\"breadcrumb\":{\"@id\":\"https:\/\/guineediversite.com\/index.php\/2013\/12\/31\/le-ministre-gassama-diaby-parle-de-son-plan-daction-annuel\/#breadcrumb\"},\"inLanguage\":\"fr-FR\",\"potentialAction\":[{\"@type\":\"ReadAction\",\"target\":[\"https:\/\/guineediversite.com\/index.php\/2013\/12\/31\/le-ministre-gassama-diaby-parle-de-son-plan-daction-annuel\/\"]}]},{\"@type\":\"BreadcrumbList\",\"@id\":\"https:\/\/guineediversite.com\/index.php\/2013\/12\/31\/le-ministre-gassama-diaby-parle-de-son-plan-daction-annuel\/#breadcrumb\",\"itemListElement\":[{\"@type\":\"ListItem\",\"position\":1,\"name\":\"Accueil\",\"item\":\"https:\/\/guineediversite.com\/\"},{\"@type\":\"ListItem\",\"position\":2,\"name\":\"Le ministre Gassama Diaby parle de son plan d\u2019action annuel\"}]},{\"@type\":\"WebSite\",\"@id\":\"https:\/\/guineediversite.com\/#website\",\"url\":\"https:\/\/guineediversite.com\/\",\"name\":\"Guin\u00e9e Diversit\u00e9\",\"description\":\"L&#039;Info dans toute sa diversit\u00e9\",\"publisher\":{\"@id\":\"https:\/\/guineediversite.com\/#organization\"},\"potentialAction\":[{\"@type\":\"SearchAction\",\"target\":{\"@type\":\"EntryPoint\",\"urlTemplate\":\"https:\/\/guineediversite.com\/?s={search_term_string}\"},\"query-input\":{\"@type\":\"PropertyValueSpecification\",\"valueRequired\":true,\"valueName\":\"search_term_string\"}}],\"inLanguage\":\"fr-FR\"},{\"@type\":\"Organization\",\"@id\":\"https:\/\/guineediversite.com\/#organization\",\"name\":\"Guin\u00e9e Diversit\u00e9\",\"url\":\"https:\/\/guineediversite.com\/\",\"logo\":{\"@type\":\"ImageObject\",\"inLanguage\":\"fr-FR\",\"@id\":\"https:\/\/guineediversite.com\/#\/schema\/logo\/image\/\",\"url\":\"https:\/\/guineediversite.com\/wp-content\/uploads\/2017\/04\/cropped-1jojlxEOMkX9Wyqfhe43D6kjPOGqBBKmx3EwWJqZ0cMrFF54yM49.png\",\"contentUrl\":\"https:\/\/guineediversite.com\/wp-content\/uploads\/2017\/04\/cropped-1jojlxEOMkX9Wyqfhe43D6kjPOGqBBKmx3EwWJqZ0cMrFF54yM49.png\",\"width\":186,\"height\":112,\"caption\":\"Guin\u00e9e Diversit\u00e9\"},\"image\":{\"@id\":\"https:\/\/guineediversite.com\/#\/schema\/logo\/image\/\"},\"sameAs\":[\"https:\/\/www.facebook.com\/guineediversite\/\",\"https:\/\/x.com\/GuineeDiversite\",\"https:\/\/www.youtube.com\/channel\/UC8sUY16qelG5ge6_D5SB83g\"]},{\"@type\":\"Person\",\"@id\":\"https:\/\/guineediversite.com\/#\/schema\/person\/afa08fb34e7fc6e1feafc892612bc836\",\"name\":\"Guin\u00e9e Diversit\u00e9\",\"image\":{\"@type\":\"ImageObject\",\"inLanguage\":\"fr-FR\",\"@id\":\"https:\/\/guineediversite.com\/#\/schema\/person\/image\/\",\"url\":\"https:\/\/secure.gravatar.com\/avatar\/50d5eb5b390f8b65ac30ac6f898eb83a?s=96&d=mm&r=g\",\"contentUrl\":\"https:\/\/secure.gravatar.com\/avatar\/50d5eb5b390f8b65ac30ac6f898eb83a?s=96&d=mm&r=g\",\"caption\":\"Guin\u00e9e Diversit\u00e9\"},\"url\":\"https:\/\/guineediversite.com\/index.php\/author\/guineediversite\/\"}]}<\/script>\n<!-- \/ Yoast SEO plugin. -->","yoast_head_json":{"title":"Le ministre Gassama Diaby parle de son plan d\u2019action annuel | Guin\u00e9e Diversit\u00e9","robots":{"index":"index","follow":"follow","max-snippet":"max-snippet:-1","max-image-preview":"max-image-preview:large","max-video-preview":"max-video-preview:-1"},"canonical":"https:\/\/guineediversite.com\/index.php\/2013\/12\/31\/le-ministre-gassama-diaby-parle-de-son-plan-daction-annuel\/","og_locale":"fr_FR","og_type":"article","og_title":"Le ministre Gassama Diaby parle de son plan d\u2019action annuel | Guin\u00e9e Diversit\u00e9","og_description":"Ce mercredi 12 f\u00e9vrier 2014, dans un r\u00e9ceptif h\u00f4telier de la place, le Ministre des droits de l\u2019homme et des libert\u00e9s publiques Kalifa Gassama Diaby a publi\u00e9, son plan d\u2019action annuel. C\u2019\u00e9tait en faveur d\u2019une conf\u00e9rence de presse. Cette rencontre a mobilis\u00e9 plusieurs couches sociales et des organisations de d\u00e9fense des droits de l\u2019homme \u00e9voluant [&hellip;]","og_url":"https:\/\/guineediversite.com\/index.php\/2013\/12\/31\/le-ministre-gassama-diaby-parle-de-son-plan-daction-annuel\/","og_site_name":"Guin\u00e9e Diversit\u00e9","article_publisher":"https:\/\/www.facebook.com\/guineediversite\/","article_published_time":"2013-12-30T23:00:00+00:00","author":"Guin\u00e9e Diversit\u00e9","twitter_card":"summary_large_image","twitter_creator":"@GuineeDiversite","twitter_site":"@GuineeDiversite","twitter_misc":{"\u00c9crit par":"Guin\u00e9e Diversit\u00e9","Dur\u00e9e de lecture estim\u00e9e":"4 minutes"},"schema":{"@context":"https:\/\/schema.org","@graph":[{"@type":"Article","@id":"https:\/\/guineediversite.com\/index.php\/2013\/12\/31\/le-ministre-gassama-diaby-parle-de-son-plan-daction-annuel\/#article","isPartOf":{"@id":"https:\/\/guineediversite.com\/index.php\/2013\/12\/31\/le-ministre-gassama-diaby-parle-de-son-plan-daction-annuel\/"},"author":{"name":"Guin\u00e9e Diversit\u00e9","@id":"https:\/\/guineediversite.com\/#\/schema\/person\/afa08fb34e7fc6e1feafc892612bc836"},"headline":"Le ministre Gassama Diaby parle de son plan d\u2019action annuel","datePublished":"2013-12-30T23:00:00+00:00","dateModified":"2013-12-30T23:00:00+00:00","mainEntityOfPage":{"@id":"https:\/\/guineediversite.com\/index.php\/2013\/12\/31\/le-ministre-gassama-diaby-parle-de-son-plan-daction-annuel\/"},"wordCount":727,"commentCount":0,"publisher":{"@id":"https:\/\/guineediversite.com\/#organization"},"articleSection":["Archives"],"inLanguage":"fr-FR","potentialAction":[{"@type":"CommentAction","name":"Comment","target":["https:\/\/guineediversite.com\/index.php\/2013\/12\/31\/le-ministre-gassama-diaby-parle-de-son-plan-daction-annuel\/#respond"]}]},{"@type":"WebPage","@id":"https:\/\/guineediversite.com\/index.php\/2013\/12\/31\/le-ministre-gassama-diaby-parle-de-son-plan-daction-annuel\/","url":"https:\/\/guineediversite.com\/index.php\/2013\/12\/31\/le-ministre-gassama-diaby-parle-de-son-plan-daction-annuel\/","name":"Le ministre Gassama Diaby parle de son plan d\u2019action annuel | Guin\u00e9e Diversit\u00e9","isPartOf":{"@id":"https:\/\/guineediversite.com\/#website"},"datePublished":"2013-12-30T23:00:00+00:00","dateModified":"2013-12-30T23:00:00+00:00","breadcrumb":{"@id":"https:\/\/guineediversite.com\/index.php\/2013\/12\/31\/le-ministre-gassama-diaby-parle-de-son-plan-daction-annuel\/#breadcrumb"},"inLanguage":"fr-FR","potentialAction":[{"@type":"ReadAction","target":["https:\/\/guineediversite.com\/index.php\/2013\/12\/31\/le-ministre-gassama-diaby-parle-de-son-plan-daction-annuel\/"]}]},{"@type":"BreadcrumbList","@id":"https:\/\/guineediversite.com\/index.php\/2013\/12\/31\/le-ministre-gassama-diaby-parle-de-son-plan-daction-annuel\/#breadcrumb","itemListElement":[{"@type":"ListItem","position":1,"name":"Accueil","item":"https:\/\/guineediversite.com\/"},{"@type":"ListItem","position":2,"name":"Le ministre Gassama Diaby parle de son plan d\u2019action annuel"}]},{"@type":"WebSite","@id":"https:\/\/guineediversite.com\/#website","url":"https:\/\/guineediversite.com\/","name":"Guin\u00e9e Diversit\u00e9","description":"L&#039;Info dans toute sa diversit\u00e9","publisher":{"@id":"https:\/\/guineediversite.com\/#organization"},"potentialAction":[{"@type":"SearchAction","target":{"@type":"EntryPoint","urlTemplate":"https:\/\/guineediversite.com\/?s={search_term_string}"},"query-input":{"@type":"PropertyValueSpecification","valueRequired":true,"valueName":"search_term_string"}}],"inLanguage":"fr-FR"},{"@type":"Organization","@id":"https:\/\/guineediversite.com\/#organization","name":"Guin\u00e9e Diversit\u00e9","url":"https:\/\/guineediversite.com\/","logo":{"@type":"ImageObject","inLanguage":"fr-FR","@id":"https:\/\/guineediversite.com\/#\/schema\/logo\/image\/","url":"https:\/\/guineediversite.com\/wp-content\/uploads\/2017\/04\/cropped-1jojlxEOMkX9Wyqfhe43D6kjPOGqBBKmx3EwWJqZ0cMrFF54yM49.png","contentUrl":"https:\/\/guineediversite.com\/wp-content\/uploads\/2017\/04\/cropped-1jojlxEOMkX9Wyqfhe43D6kjPOGqBBKmx3EwWJqZ0cMrFF54yM49.png","width":186,"height":112,"caption":"Guin\u00e9e Diversit\u00e9"},"image":{"@id":"https:\/\/guineediversite.com\/#\/schema\/logo\/image\/"},"sameAs":["https:\/\/www.facebook.com\/guineediversite\/","https:\/\/x.com\/GuineeDiversite","https:\/\/www.youtube.com\/channel\/UC8sUY16qelG5ge6_D5SB83g"]},{"@type":"Person","@id":"https:\/\/guineediversite.com\/#\/schema\/person\/afa08fb34e7fc6e1feafc892612bc836","name":"Guin\u00e9e Diversit\u00e9","image":{"@type":"ImageObject","inLanguage":"fr-FR","@id":"https:\/\/guineediversite.com\/#\/schema\/person\/image\/","url":"https:\/\/secure.gravatar.com\/avatar\/50d5eb5b390f8b65ac30ac6f898eb83a?s=96&d=mm&r=g","contentUrl":"https:\/\/secure.gravatar.com\/avatar\/50d5eb5b390f8b65ac30ac6f898eb83a?s=96&d=mm&r=g","caption":"Guin\u00e9e Diversit\u00e9"},"url":"https:\/\/guineediversite.com\/index.php\/author\/guineediversite\/"}]}},"_links":{"self":[{"href":"https:\/\/guineediversite.com\/index.php\/wp-json\/wp\/v2\/posts\/19810"}],"collection":[{"href":"https:\/\/guineediversite.com\/index.php\/wp-json\/wp\/v2\/posts"}],"about":[{"href":"https:\/\/guineediversite.com\/index.php\/wp-json\/wp\/v2\/types\/post"}],"author":[{"embeddable":true,"href":"https:\/\/guineediversite.com\/index.php\/wp-json\/wp\/v2\/users\/12"}],"replies":[{"embeddable":true,"href":"https:\/\/guineediversite.com\/index.php\/wp-json\/wp\/v2\/comments?post=19810"}],"version-history":[{"count":0,"href":"https:\/\/guineediversite.com\/index.php\/wp-json\/wp\/v2\/posts\/19810\/revisions"}],"wp:attachment":[{"href":"https:\/\/guineediversite.com\/index.php\/wp-json\/wp\/v2\/media?parent=19810"}],"wp:term":[{"taxonomy":"category","embeddable":true,"href":"https:\/\/guineediversite.com\/index.php\/wp-json\/wp\/v2\/categories?post=19810"},{"taxonomy":"post_tag","embeddable":true,"href":"https:\/\/guineediversite.com\/index.php\/wp-json\/wp\/v2\/tags?post=19810"}],"curies":[{"name":"wp","href":"https:\/\/api.w.org\/{rel}","templated":true}]}}