{"id":19808,"date":"2013-12-31T00:00:00","date_gmt":"2013-12-30T23:00:00","guid":{"rendered":"https:\/\/www.guineediversite.com\/index.php\/2013\/12\/31\/liberte-dexpression-la-guinee-recule-et-le-mali-dans-le-collimateur-de-rsf\/"},"modified":"2013-12-31T00:00:00","modified_gmt":"2013-12-30T23:00:00","slug":"liberte-dexpression-la-guinee-recule-et-le-mali-dans-le-collimateur-de-rsf","status":"publish","type":"post","link":"https:\/\/guineediversite.com\/index.php\/2013\/12\/31\/liberte-dexpression-la-guinee-recule-et-le-mali-dans-le-collimateur-de-rsf\/","title":{"rendered":"Libert\u00e9 d&rsquo;expression la Guin\u00e9e recule et le Mali dans le collimateur de RSF"},"content":{"rendered":"<p>Le classement mondial de la libert\u00e9 de la presse  2014 publi\u00e9 par reporter sans fronti\u00e8re r\u00e9v\u00e8le une d\u00e9gradation importante  de la situation  dans des pays  aussi divers  que les \u00c9tats-Unis, la Centrafrique et le Mali.<br \/>\nSi la Finlande, les Pays bas  et la Norv\u00e8ge constituent  comme en 2013 le trio de t\u00eate, le Turkm\u00e9nistan, la Cor\u00e9e du Nord et l\u2019\u00c9rythr\u00e9e demeurent  les pires ennemis de l\u2019information.<br \/>\nLa guin\u00e9e elle a perdu 16 places ; de la 86\u00e8me  place en 2013 le pays dirig\u00e9 par Alpha Cond\u00e9 se retrouve \u00e0 la 102\u00e8me  place et est  consid\u00e9r\u00e9 comme \u00c9tat \u00e0 haut risque  dans une situation sensible.<br \/>\nCependant la Namibie qui occupe la premi\u00e8re place africaine suivie du cap vert et du Ghana occupe la 22\u00e8me  place au classement mondial et respectivement la 24 et 27 \u00e8me place.<br \/>\nle classement de RSF 2014 souligne  la corr\u00e9lation  n\u00e9gative entre  les conflits  arm\u00e9s et la libert\u00e9  de l&rsquo;information .le Mali poursuit sa chute depuis deux ans  pour atteindre  la 122\u00e8me  place  et la R\u00e9publique centrafricaine  emboite le pas en reculant  de 43 places  et se retrouve \u00e0 la 109\u00e8me place sur les 180 \u00c9tats compt\u00e9s.<br \/>\nLoin de ces terrains de conflit certaines d\u00e9mocraties  sont \u00e9galement point\u00e9es du doit par l&rsquo;ONG  RSF qui juge que l&rsquo;argument  s\u00e9curitaire  y est utilis\u00e9 abusivement  pour restreindre  la libert\u00e9 de  l&rsquo;information. C&rsquo;est le cas des \u00c9tats Unis  qui reculent de 13 places pour \u00eatre \u00e0  la 43\u00e8me, le Royaume Uni  perd trois place et occupe la 33\u00e8me  et la France s\u2019offre la  39\u00e8me  est place.<\/p>\n<p>D\u2019ailleurs, voici l\u2019int\u00e9gralit\u00e9 du classement mondiale de Reporters Sans Fronti\u00e8re 2014<\/p>\n<p>\u2022\t1 Finlande<br \/>\n\u2022\t2 Pays-Bas<br \/>\n\u2022\t3 Norv\u00e8ge<br \/>\n\u2022\t4 Luxembourg<br \/>\n\u2022\t5 Andorre<br \/>\n\u2022\t6 Lichtenstein<br \/>\n\u2022\t7 Danemark<br \/>\n\u2022\t8 Islande<br \/>\n\u2022\t9 Nouvelle Z\u00e9lande<br \/>\n\u2022\t10 Su\u00e8de<br \/>\n\u2022\t11 Estonie<br \/>\n\u2022\t12 Autriche<br \/>\n\u2022\t13 R\u00e9publique tch\u00e8que<br \/>\n\u2022\t14 Allemagne<br \/>\n\u2022\t15 Suisse<br \/>\n\u2022\t16 Irlande<br \/>\n\u2022\t17 Jama\u00efque<br \/>\n\u2022\t18 Canada<br \/>\n\u2022\t19 Pologne<br \/>\n\u2022\t20 Slovaquie<br \/>\n\u2022\t21 Costa Rica<br \/>\n\u2022\t22 Namibie<br \/>\n\u2022\t23 Belgique<br \/>\n\u2022\t24 Cap-Vert<br \/>\n\u2022\t25 Chypre<br \/>\n\u2022\t26 Uruguay<br \/>\n\u2022\t27 Ghana<br \/>\n\u2022\t28 Australie<br \/>\n\u2022\t29 Belize<br \/>\n\u2022\t30 Portugal<br \/>\n\u2022\t31 Surinam<br \/>\n\u2022\t32 Lituanie<br \/>\n\u2022\t33 Royaume-Uni<br \/>\n\u2022\t34 Slov\u00e9nie<br \/>\n\u2022\t35 Espagne<br \/>\n\u2022\t36 OECS<br \/>\n\u2022\t37 Lettonie<br \/>\n\u2022\t38 El Salvador<br \/>\n\u2022\t39 France<br \/>\n\u2022\t40 Samoa<br \/>\n\u2022\t41 Botswana<br \/>\n\u2022\t42 Afrique du Sud<br \/>\n\u2022\t43 Trinit\u00e9-et-Tobago<br \/>\n\u2022\t44 Papouasie Nouvelle Guin\u00e9e<br \/>\n\u2022\t45 Roumanie<br \/>\n\u2022\t46 Etats Unis<br \/>\n\u2022\t47 Ha\u00efti<br \/>\n\u2022\t48 Niger<br \/>\n\u2022\t49 Italie<br \/>\n\u2022\t50 Taiwan<br \/>\n\u2022\t51 Malte<br \/>\n\u2022\t52 Burkina Faso<br \/>\n\u2022\t53 Comores<br \/>\n\u2022\t54 Serbie<br \/>\n\u2022\t55 Argentine<br \/>\n\u2022\t56 Moldavie<br \/>\n\u2022\t57 Cor\u00e9e du Sud<br \/>\n\u2022\t58 Chili<br \/>\n\u2022\t59 Japon<br \/>\n\u2022\t60 Mauritanie<br \/>\n\u2022\t61 Hong Kong<br \/>\n\u2022\t62 S\u00e9n\u00e9gal<br \/>\n\u2022\t63 Tonga<br \/>\n\u2022\t64 Hongrie<br \/>\n\u2022\t65 Croatie<br \/>\n\u2022\t66 Bosnie-Herz\u00e9govine<br \/>\n\u2022\t67 Guyana<br \/>\n\u2022\t68 R\u00e9publique dominicaine<br \/>\n\u2022\t69 Tanzanie<br \/>\n\u2022\t70 Maurice<br \/>\n\u2022\t71 Nicaragua<br \/>\n\u2022\t72 Sierra Leone<br \/>\n\u2022\t73 Malawi<br \/>\n\u2022\t74 Lesotho<br \/>\n\u2022\t75 B\u00e9nin<br \/>\n\u2022\t76 Togo<br \/>\n\u2022\t77 Timor-Leste<br \/>\n\u2022\t78 Arm\u00e9nie<br \/>\n\u2022\t79 Mozambique<br \/>\n\u2022\t80 Kosovo<br \/>\n\u2022\t81 Madagascar<br \/>\n\u2022\t82 Congo<br \/>\n\u2022\t83 Chypre (partie Nord)<br \/>\n\u2022\t84 G\u00e9orgie<br \/>\n\u2022\t85 Albanie<br \/>\n\u2022\t86 Guin\u00e9e-Bissau<br \/>\n\u2022\t87 Panama<br \/>\n\u2022\t88 Mongolie<br \/>\n\u2022\t89 Liberia<br \/>\n\u2022\t90 Kenya<br \/>\n\u2022\t91 Kowe\u00eft<br \/>\n\u2022\t92 Bhoutan<br \/>\n\u2022\t93 Zambie<br \/>\n\u2022\t94 Bolivie<br \/>\n\u2022\t95 Equateur<br \/>\n\u2022\t96 Isra\u00ebl<br \/>\n\u2022\t97 Kirghizstan<br \/>\n\u2022\t98 R\u00e9publique du Gabon<br \/>\n\u2022\t99 Gr\u00e8ce<br \/>\n\u2022\t100 Bulgarie<br \/>\n\u2022\t101 C\u00f4te d&rsquo;Ivoire<br \/>\n\u2022\t102 Guin\u00e9e<br \/>\n\u2022\t103 Seychelles<br \/>\n\u2022\t104 P\u00e9rou<br \/>\n\u2022\t105 Paraguay<br \/>\n\u2022\t106 Liban<br \/>\n\u2022\t107 Fidji<br \/>\n\u2022\t108 Maldives<br \/>\n\u2022\t109 R\u00e9publique centrafricaine<br \/>\n\u2022\t110 Ouganda<br \/>\n\u2022\t111 Br\u00e9sil<br \/>\n\u2022\t112 Nigeria<br \/>\n\u2022\t113 Qatar<br \/>\n\u2022\t114 Mont\u00e9n\u00e9gro<br \/>\n\u2022\t115 Tadjikistan<br \/>\n\u2022\t116 Venezuela<br \/>\n\u2022\t117 Brunei<br \/>\n\u2022\t118 Emirats arabes unis<br \/>\n\u2022\t119 Soudan du Sud<br \/>\n\u2022\t120 N\u00e9pal<br \/>\n\u2022\t121 Alg\u00e9rie<br \/>\n\u2022\t122 Mali<br \/>\n\u2022\t123 Mac\u00e9doine<br \/>\n\u2022\t124 Angola<br \/>\n\u2022\t125 Guatemala<br \/>\n\u2022\t126 Colombie<br \/>\n\u2022\t127 Ukraine<br \/>\n\u2022\t128 Afghanistan<br \/>\n\u2022\t129 Honduras<br \/>\n\u2022\t130 Tha\u00eflande<br \/>\n\u2022\t131 Cameroun<br \/>\n\u2022\t132 Indon\u00e9sie<br \/>\n\u2022\t133 Tunisie<br \/>\n\u2022\t134 Oman<br \/>\n\u2022\t135 Zimbabwe<br \/>\n\u2022\t136 Maroc<br \/>\n\u2022\t137 Libye<br \/>\n\u2022\t138 Palestine<br \/>\n\u2022\t139 Tchad<br \/>\n\u2022\t140 Inde<br \/>\n\u2022\t141 Jordanie<br \/>\n\u2022\t142 Burundi<br \/>\n\u2022\t143 Ethiopie<br \/>\n\u2022\t144 Cambodge<br \/>\n\u2022\t145 Birmanie<br \/>\n\u2022\t146 Bangladesh<br \/>\n\u2022\t147 Malaisie<br \/>\n\u2022\t148 Russie<br \/>\n\u2022\t149 Philippines<br \/>\n\u2022\t150 Singapour<br \/>\n\u2022\t151 RD Congo<br \/>\n\u2022\t152 Mexique<br \/>\n\u2022\t153 Irak<br \/>\n\u2022\t154 Turquie<br \/>\n\u2022\t155 Gambie<br \/>\n\u2022\t156 Swaziland<br \/>\n\u2022\t157 Belarus<br \/>\n\u2022\t158 Pakistan<br \/>\n\u2022\t159 Egypte<br \/>\n\u2022\t160 Azerba\u00efdjan<br \/>\n\u2022\t161 Kazakhstan<br \/>\n\u2022\t162 Rwanda<br \/>\n\u2022\t163 Bahre\u00efn<br \/>\n\u2022\t164 Arabie Saoudite<br \/>\n\u2022\t165 Sri Lanka<br \/>\n\u2022\t166 Ouzb\u00e9kistan<br \/>\n\u2022\t167 Y\u00e9men<br \/>\n\u2022\t168 Guin\u00e9e \u00e9quatoriale<br \/>\n\u2022\t169 Djibouti<br \/>\n\u2022\t170 Cuba<br \/>\n\u2022\t171 Laos<br \/>\n\u2022\t172 Soudan<br \/>\n\u2022\t173 Iran<br \/>\n\u2022\t174 Vietnam<br \/>\n\u2022\t175 Chine<br \/>\n\u2022\t176 Somalie<br \/>\n\u2022\t177 Syrie<br \/>\n\u2022\t178 Turkm\u00e9nistan<br \/>\n\u2022\t179 Cor\u00e9e du Nord<br \/>\n\u2022\t180 Erythr\u00e9e<\/p>\n<p>L&rsquo;Emir<br \/>\n628487327<\/p>\n","protected":false},"excerpt":{"rendered":"<p>Le classement mondial de la libert\u00e9 de la presse 2014 publi\u00e9 par reporter sans fronti\u00e8re r\u00e9v\u00e8le une d\u00e9gradation importante de la situation dans des pays aussi divers que les \u00c9tats-Unis, la Centrafrique et le Mali. Si la Finlande, les Pays bas et la Norv\u00e8ge constituent comme en 2013 le trio de t\u00eate, le Turkm\u00e9nistan, la [&hellip;]<\/p>\n","protected":false},"author":12,"featured_media":0,"comment_status":"open","ping_status":"open","sticky":false,"template":"","format":"standard","meta":{"_exactmetrics_skip_tracking":false,"_exactmetrics_sitenote_active":false,"_exactmetrics_sitenote_note":"","_exactmetrics_sitenote_category":0,"tdm_status":"","tdm_grid_status":"","footnotes":""},"categories":[28],"tags":[],"class_list":{"0":"post-19808","1":"post","2":"type-post","3":"status-publish","4":"format-standard","6":"category-archives"},"yoast_head":"<!-- This site is optimized with the Yoast SEO plugin v24.2 - https:\/\/yoast.com\/wordpress\/plugins\/seo\/ -->\n<title>Libert\u00e9 d&#039;expression la Guin\u00e9e recule et le Mali dans le collimateur de RSF | Guin\u00e9e Diversit\u00e9<\/title>\n<meta name=\"robots\" content=\"index, follow, max-snippet:-1, max-image-preview:large, max-video-preview:-1\" \/>\n<link rel=\"canonical\" href=\"https:\/\/guineediversite.com\/index.php\/2013\/12\/31\/liberte-dexpression-la-guinee-recule-et-le-mali-dans-le-collimateur-de-rsf\/\" \/>\n<meta property=\"og:locale\" content=\"fr_FR\" \/>\n<meta property=\"og:type\" content=\"article\" \/>\n<meta property=\"og:title\" content=\"Libert\u00e9 d&#039;expression la Guin\u00e9e recule et le Mali dans le collimateur de RSF | Guin\u00e9e Diversit\u00e9\" \/>\n<meta property=\"og:description\" content=\"Le classement mondial de la libert\u00e9 de la presse 2014 publi\u00e9 par reporter sans fronti\u00e8re r\u00e9v\u00e8le une d\u00e9gradation importante de la situation dans des pays aussi divers que les \u00c9tats-Unis, la Centrafrique et le Mali. Si la Finlande, les Pays bas et la Norv\u00e8ge constituent comme en 2013 le trio de t\u00eate, le Turkm\u00e9nistan, la [&hellip;]\" \/>\n<meta property=\"og:url\" content=\"https:\/\/guineediversite.com\/index.php\/2013\/12\/31\/liberte-dexpression-la-guinee-recule-et-le-mali-dans-le-collimateur-de-rsf\/\" \/>\n<meta property=\"og:site_name\" content=\"Guin\u00e9e Diversit\u00e9\" \/>\n<meta property=\"article:publisher\" content=\"https:\/\/www.facebook.com\/guineediversite\/\" \/>\n<meta property=\"article:published_time\" content=\"2013-12-30T23:00:00+00:00\" \/>\n<meta name=\"author\" content=\"Guin\u00e9e Diversit\u00e9\" \/>\n<meta name=\"twitter:card\" content=\"summary_large_image\" \/>\n<meta name=\"twitter:creator\" content=\"@GuineeDiversite\" \/>\n<meta name=\"twitter:site\" content=\"@GuineeDiversite\" \/>\n<meta name=\"twitter:label1\" content=\"\u00c9crit par\" \/>\n\t<meta name=\"twitter:data1\" content=\"Guin\u00e9e Diversit\u00e9\" \/>\n\t<meta name=\"twitter:label2\" content=\"Dur\u00e9e de lecture estim\u00e9e\" \/>\n\t<meta name=\"twitter:data2\" content=\"3 minutes\" \/>\n<script type=\"application\/ld+json\" class=\"yoast-schema-graph\">{\"@context\":\"https:\/\/schema.org\",\"@graph\":[{\"@type\":\"Article\",\"@id\":\"https:\/\/guineediversite.com\/index.php\/2013\/12\/31\/liberte-dexpression-la-guinee-recule-et-le-mali-dans-le-collimateur-de-rsf\/#article\",\"isPartOf\":{\"@id\":\"https:\/\/guineediversite.com\/index.php\/2013\/12\/31\/liberte-dexpression-la-guinee-recule-et-le-mali-dans-le-collimateur-de-rsf\/\"},\"author\":{\"name\":\"Guin\u00e9e Diversit\u00e9\",\"@id\":\"https:\/\/guineediversite.com\/#\/schema\/person\/afa08fb34e7fc6e1feafc892612bc836\"},\"headline\":\"Libert\u00e9 d&rsquo;expression la Guin\u00e9e recule et le Mali dans le collimateur de RSF\",\"datePublished\":\"2013-12-30T23:00:00+00:00\",\"dateModified\":\"2013-12-30T23:00:00+00:00\",\"mainEntityOfPage\":{\"@id\":\"https:\/\/guineediversite.com\/index.php\/2013\/12\/31\/liberte-dexpression-la-guinee-recule-et-le-mali-dans-le-collimateur-de-rsf\/\"},\"wordCount\":554,\"commentCount\":0,\"publisher\":{\"@id\":\"https:\/\/guineediversite.com\/#organization\"},\"articleSection\":[\"Archives\"],\"inLanguage\":\"fr-FR\",\"potentialAction\":[{\"@type\":\"CommentAction\",\"name\":\"Comment\",\"target\":[\"https:\/\/guineediversite.com\/index.php\/2013\/12\/31\/liberte-dexpression-la-guinee-recule-et-le-mali-dans-le-collimateur-de-rsf\/#respond\"]}]},{\"@type\":\"WebPage\",\"@id\":\"https:\/\/guineediversite.com\/index.php\/2013\/12\/31\/liberte-dexpression-la-guinee-recule-et-le-mali-dans-le-collimateur-de-rsf\/\",\"url\":\"https:\/\/guineediversite.com\/index.php\/2013\/12\/31\/liberte-dexpression-la-guinee-recule-et-le-mali-dans-le-collimateur-de-rsf\/\",\"name\":\"Libert\u00e9 d'expression la Guin\u00e9e recule et le Mali dans le collimateur de RSF | Guin\u00e9e Diversit\u00e9\",\"isPartOf\":{\"@id\":\"https:\/\/guineediversite.com\/#website\"},\"datePublished\":\"2013-12-30T23:00:00+00:00\",\"dateModified\":\"2013-12-30T23:00:00+00:00\",\"breadcrumb\":{\"@id\":\"https:\/\/guineediversite.com\/index.php\/2013\/12\/31\/liberte-dexpression-la-guinee-recule-et-le-mali-dans-le-collimateur-de-rsf\/#breadcrumb\"},\"inLanguage\":\"fr-FR\",\"potentialAction\":[{\"@type\":\"ReadAction\",\"target\":[\"https:\/\/guineediversite.com\/index.php\/2013\/12\/31\/liberte-dexpression-la-guinee-recule-et-le-mali-dans-le-collimateur-de-rsf\/\"]}]},{\"@type\":\"BreadcrumbList\",\"@id\":\"https:\/\/guineediversite.com\/index.php\/2013\/12\/31\/liberte-dexpression-la-guinee-recule-et-le-mali-dans-le-collimateur-de-rsf\/#breadcrumb\",\"itemListElement\":[{\"@type\":\"ListItem\",\"position\":1,\"name\":\"Accueil\",\"item\":\"https:\/\/guineediversite.com\/\"},{\"@type\":\"ListItem\",\"position\":2,\"name\":\"Libert\u00e9 d&rsquo;expression la Guin\u00e9e recule et le Mali dans le collimateur de RSF\"}]},{\"@type\":\"WebSite\",\"@id\":\"https:\/\/guineediversite.com\/#website\",\"url\":\"https:\/\/guineediversite.com\/\",\"name\":\"Guin\u00e9e Diversit\u00e9\",\"description\":\"L&#039;Info dans toute sa diversit\u00e9\",\"publisher\":{\"@id\":\"https:\/\/guineediversite.com\/#organization\"},\"potentialAction\":[{\"@type\":\"SearchAction\",\"target\":{\"@type\":\"EntryPoint\",\"urlTemplate\":\"https:\/\/guineediversite.com\/?s={search_term_string}\"},\"query-input\":{\"@type\":\"PropertyValueSpecification\",\"valueRequired\":true,\"valueName\":\"search_term_string\"}}],\"inLanguage\":\"fr-FR\"},{\"@type\":\"Organization\",\"@id\":\"https:\/\/guineediversite.com\/#organization\",\"name\":\"Guin\u00e9e Diversit\u00e9\",\"url\":\"https:\/\/guineediversite.com\/\",\"logo\":{\"@type\":\"ImageObject\",\"inLanguage\":\"fr-FR\",\"@id\":\"https:\/\/guineediversite.com\/#\/schema\/logo\/image\/\",\"url\":\"https:\/\/guineediversite.com\/wp-content\/uploads\/2017\/04\/cropped-1jojlxEOMkX9Wyqfhe43D6kjPOGqBBKmx3EwWJqZ0cMrFF54yM49.png\",\"contentUrl\":\"https:\/\/guineediversite.com\/wp-content\/uploads\/2017\/04\/cropped-1jojlxEOMkX9Wyqfhe43D6kjPOGqBBKmx3EwWJqZ0cMrFF54yM49.png\",\"width\":186,\"height\":112,\"caption\":\"Guin\u00e9e Diversit\u00e9\"},\"image\":{\"@id\":\"https:\/\/guineediversite.com\/#\/schema\/logo\/image\/\"},\"sameAs\":[\"https:\/\/www.facebook.com\/guineediversite\/\",\"https:\/\/x.com\/GuineeDiversite\",\"https:\/\/www.youtube.com\/channel\/UC8sUY16qelG5ge6_D5SB83g\"]},{\"@type\":\"Person\",\"@id\":\"https:\/\/guineediversite.com\/#\/schema\/person\/afa08fb34e7fc6e1feafc892612bc836\",\"name\":\"Guin\u00e9e Diversit\u00e9\",\"image\":{\"@type\":\"ImageObject\",\"inLanguage\":\"fr-FR\",\"@id\":\"https:\/\/guineediversite.com\/#\/schema\/person\/image\/\",\"url\":\"https:\/\/secure.gravatar.com\/avatar\/50d5eb5b390f8b65ac30ac6f898eb83a?s=96&d=mm&r=g\",\"contentUrl\":\"https:\/\/secure.gravatar.com\/avatar\/50d5eb5b390f8b65ac30ac6f898eb83a?s=96&d=mm&r=g\",\"caption\":\"Guin\u00e9e Diversit\u00e9\"},\"url\":\"https:\/\/guineediversite.com\/index.php\/author\/guineediversite\/\"}]}<\/script>\n<!-- \/ Yoast SEO plugin. -->","yoast_head_json":{"title":"Libert\u00e9 d'expression la Guin\u00e9e recule et le Mali dans le collimateur de RSF | Guin\u00e9e Diversit\u00e9","robots":{"index":"index","follow":"follow","max-snippet":"max-snippet:-1","max-image-preview":"max-image-preview:large","max-video-preview":"max-video-preview:-1"},"canonical":"https:\/\/guineediversite.com\/index.php\/2013\/12\/31\/liberte-dexpression-la-guinee-recule-et-le-mali-dans-le-collimateur-de-rsf\/","og_locale":"fr_FR","og_type":"article","og_title":"Libert\u00e9 d'expression la Guin\u00e9e recule et le Mali dans le collimateur de RSF | Guin\u00e9e Diversit\u00e9","og_description":"Le classement mondial de la libert\u00e9 de la presse 2014 publi\u00e9 par reporter sans fronti\u00e8re r\u00e9v\u00e8le une d\u00e9gradation importante de la situation dans des pays aussi divers que les \u00c9tats-Unis, la Centrafrique et le Mali. Si la Finlande, les Pays bas et la Norv\u00e8ge constituent comme en 2013 le trio de t\u00eate, le Turkm\u00e9nistan, la [&hellip;]","og_url":"https:\/\/guineediversite.com\/index.php\/2013\/12\/31\/liberte-dexpression-la-guinee-recule-et-le-mali-dans-le-collimateur-de-rsf\/","og_site_name":"Guin\u00e9e Diversit\u00e9","article_publisher":"https:\/\/www.facebook.com\/guineediversite\/","article_published_time":"2013-12-30T23:00:00+00:00","author":"Guin\u00e9e Diversit\u00e9","twitter_card":"summary_large_image","twitter_creator":"@GuineeDiversite","twitter_site":"@GuineeDiversite","twitter_misc":{"\u00c9crit par":"Guin\u00e9e Diversit\u00e9","Dur\u00e9e de lecture estim\u00e9e":"3 minutes"},"schema":{"@context":"https:\/\/schema.org","@graph":[{"@type":"Article","@id":"https:\/\/guineediversite.com\/index.php\/2013\/12\/31\/liberte-dexpression-la-guinee-recule-et-le-mali-dans-le-collimateur-de-rsf\/#article","isPartOf":{"@id":"https:\/\/guineediversite.com\/index.php\/2013\/12\/31\/liberte-dexpression-la-guinee-recule-et-le-mali-dans-le-collimateur-de-rsf\/"},"author":{"name":"Guin\u00e9e Diversit\u00e9","@id":"https:\/\/guineediversite.com\/#\/schema\/person\/afa08fb34e7fc6e1feafc892612bc836"},"headline":"Libert\u00e9 d&rsquo;expression la Guin\u00e9e recule et le Mali dans le collimateur de RSF","datePublished":"2013-12-30T23:00:00+00:00","dateModified":"2013-12-30T23:00:00+00:00","mainEntityOfPage":{"@id":"https:\/\/guineediversite.com\/index.php\/2013\/12\/31\/liberte-dexpression-la-guinee-recule-et-le-mali-dans-le-collimateur-de-rsf\/"},"wordCount":554,"commentCount":0,"publisher":{"@id":"https:\/\/guineediversite.com\/#organization"},"articleSection":["Archives"],"inLanguage":"fr-FR","potentialAction":[{"@type":"CommentAction","name":"Comment","target":["https:\/\/guineediversite.com\/index.php\/2013\/12\/31\/liberte-dexpression-la-guinee-recule-et-le-mali-dans-le-collimateur-de-rsf\/#respond"]}]},{"@type":"WebPage","@id":"https:\/\/guineediversite.com\/index.php\/2013\/12\/31\/liberte-dexpression-la-guinee-recule-et-le-mali-dans-le-collimateur-de-rsf\/","url":"https:\/\/guineediversite.com\/index.php\/2013\/12\/31\/liberte-dexpression-la-guinee-recule-et-le-mali-dans-le-collimateur-de-rsf\/","name":"Libert\u00e9 d'expression la Guin\u00e9e recule et le Mali dans le collimateur de RSF | Guin\u00e9e Diversit\u00e9","isPartOf":{"@id":"https:\/\/guineediversite.com\/#website"},"datePublished":"2013-12-30T23:00:00+00:00","dateModified":"2013-12-30T23:00:00+00:00","breadcrumb":{"@id":"https:\/\/guineediversite.com\/index.php\/2013\/12\/31\/liberte-dexpression-la-guinee-recule-et-le-mali-dans-le-collimateur-de-rsf\/#breadcrumb"},"inLanguage":"fr-FR","potentialAction":[{"@type":"ReadAction","target":["https:\/\/guineediversite.com\/index.php\/2013\/12\/31\/liberte-dexpression-la-guinee-recule-et-le-mali-dans-le-collimateur-de-rsf\/"]}]},{"@type":"BreadcrumbList","@id":"https:\/\/guineediversite.com\/index.php\/2013\/12\/31\/liberte-dexpression-la-guinee-recule-et-le-mali-dans-le-collimateur-de-rsf\/#breadcrumb","itemListElement":[{"@type":"ListItem","position":1,"name":"Accueil","item":"https:\/\/guineediversite.com\/"},{"@type":"ListItem","position":2,"name":"Libert\u00e9 d&rsquo;expression la Guin\u00e9e recule et le Mali dans le collimateur de RSF"}]},{"@type":"WebSite","@id":"https:\/\/guineediversite.com\/#website","url":"https:\/\/guineediversite.com\/","name":"Guin\u00e9e Diversit\u00e9","description":"L&#039;Info dans toute sa diversit\u00e9","publisher":{"@id":"https:\/\/guineediversite.com\/#organization"},"potentialAction":[{"@type":"SearchAction","target":{"@type":"EntryPoint","urlTemplate":"https:\/\/guineediversite.com\/?s={search_term_string}"},"query-input":{"@type":"PropertyValueSpecification","valueRequired":true,"valueName":"search_term_string"}}],"inLanguage":"fr-FR"},{"@type":"Organization","@id":"https:\/\/guineediversite.com\/#organization","name":"Guin\u00e9e Diversit\u00e9","url":"https:\/\/guineediversite.com\/","logo":{"@type":"ImageObject","inLanguage":"fr-FR","@id":"https:\/\/guineediversite.com\/#\/schema\/logo\/image\/","url":"https:\/\/guineediversite.com\/wp-content\/uploads\/2017\/04\/cropped-1jojlxEOMkX9Wyqfhe43D6kjPOGqBBKmx3EwWJqZ0cMrFF54yM49.png","contentUrl":"https:\/\/guineediversite.com\/wp-content\/uploads\/2017\/04\/cropped-1jojlxEOMkX9Wyqfhe43D6kjPOGqBBKmx3EwWJqZ0cMrFF54yM49.png","width":186,"height":112,"caption":"Guin\u00e9e Diversit\u00e9"},"image":{"@id":"https:\/\/guineediversite.com\/#\/schema\/logo\/image\/"},"sameAs":["https:\/\/www.facebook.com\/guineediversite\/","https:\/\/x.com\/GuineeDiversite","https:\/\/www.youtube.com\/channel\/UC8sUY16qelG5ge6_D5SB83g"]},{"@type":"Person","@id":"https:\/\/guineediversite.com\/#\/schema\/person\/afa08fb34e7fc6e1feafc892612bc836","name":"Guin\u00e9e Diversit\u00e9","image":{"@type":"ImageObject","inLanguage":"fr-FR","@id":"https:\/\/guineediversite.com\/#\/schema\/person\/image\/","url":"https:\/\/secure.gravatar.com\/avatar\/50d5eb5b390f8b65ac30ac6f898eb83a?s=96&d=mm&r=g","contentUrl":"https:\/\/secure.gravatar.com\/avatar\/50d5eb5b390f8b65ac30ac6f898eb83a?s=96&d=mm&r=g","caption":"Guin\u00e9e Diversit\u00e9"},"url":"https:\/\/guineediversite.com\/index.php\/author\/guineediversite\/"}]}},"_links":{"self":[{"href":"https:\/\/guineediversite.com\/index.php\/wp-json\/wp\/v2\/posts\/19808"}],"collection":[{"href":"https:\/\/guineediversite.com\/index.php\/wp-json\/wp\/v2\/posts"}],"about":[{"href":"https:\/\/guineediversite.com\/index.php\/wp-json\/wp\/v2\/types\/post"}],"author":[{"embeddable":true,"href":"https:\/\/guineediversite.com\/index.php\/wp-json\/wp\/v2\/users\/12"}],"replies":[{"embeddable":true,"href":"https:\/\/guineediversite.com\/index.php\/wp-json\/wp\/v2\/comments?post=19808"}],"version-history":[{"count":0,"href":"https:\/\/guineediversite.com\/index.php\/wp-json\/wp\/v2\/posts\/19808\/revisions"}],"wp:attachment":[{"href":"https:\/\/guineediversite.com\/index.php\/wp-json\/wp\/v2\/media?parent=19808"}],"wp:term":[{"taxonomy":"category","embeddable":true,"href":"https:\/\/guineediversite.com\/index.php\/wp-json\/wp\/v2\/categories?post=19808"},{"taxonomy":"post_tag","embeddable":true,"href":"https:\/\/guineediversite.com\/index.php\/wp-json\/wp\/v2\/tags?post=19808"}],"curies":[{"name":"wp","href":"https:\/\/api.w.org\/{rel}","templated":true}]}}