{"id":19806,"date":"2013-12-31T00:00:00","date_gmt":"2013-12-30T23:00:00","guid":{"rendered":"https:\/\/www.guineediversite.com\/index.php\/2013\/12\/31\/forum-des-femmes-a-bamako-lancien-premier-ministre-guineen-kabinet-komara-y-prend-part\/"},"modified":"2013-12-31T00:00:00","modified_gmt":"2013-12-30T23:00:00","slug":"forum-des-femmes-a-bamako-lancien-premier-ministre-guineen-kabinet-komara-y-prend-part","status":"publish","type":"post","link":"https:\/\/guineediversite.com\/index.php\/2013\/12\/31\/forum-des-femmes-a-bamako-lancien-premier-ministre-guineen-kabinet-komara-y-prend-part\/","title":{"rendered":"Forum des femmes \u00e0 Bamako : l\u2019ancien premier ministre guin\u00e9en  Kabinet Komara y prend part"},"content":{"rendered":"<p>Kabinet Komara ancien premier ministre guin\u00e9en et  Haut commissaire de l\u2019OMVS  parle des probl\u00e9matiques f\u00e9minines et la situation d\u2019apr\u00e8s crise au Mali. C\u2019\u00e9tait \u00e0 l\u2019occasion du  pr\u00e9-forum de deux jours consacr\u00e9 au \u00ab Genre et probl\u00e9matique de la consolidation de la paix dans l\u2019espace sah\u00e9lo-saharien \u00bb qui se tient du 11 au 12 f\u00e9vrier dans la capitale malienne \u00e0 Bamako.<br \/>\n Dans son discours d\u2019ouverture, Kabinet Komara dira pour la circonstance que les femmes savent mieux que quiconque s\u2019inspirer des m\u00e9canismes traditionnels de gestion et de r\u00e9solution des conflits. Lisez donc l\u2019int\u00e9gralit\u00e9 de son discours d\u2019ouverture : <\/p>\n<p>\u00ab J\u2019ai le privil\u00e8ge de me retrouver encore une fois \u00e0 vos c\u00f4t\u00e9s, pour parler du r\u00f4le des femmes dans la consolidation de la paix dans l\u2019espace sah\u00e9lo-saharien.<br \/>\nSujet on ne peut plus brulant, puisque cette r\u00e9gion, confront\u00e9e \u00e0 une multitude de d\u00e9fis li\u00e9s \u00e0 sa s\u00e9curit\u00e9, \u00e0 son d\u00e9veloppement et \u00e0 sa stabilit\u00e9, se distingue par un contexte particuli\u00e8rement tourment\u00e9. Il est facile d\u2019invoquer la crise malienne et ses soubresauts persistants, mais en r\u00e9alit\u00e9, c\u2019est toute la r\u00e9gion sah\u00e9lo-saharienne et dans une certaine mesure le Maghreb et l\u2019Afrique de l\u2019Ouest qui sont concern\u00e9s par des vuln\u00e9rabilit\u00e9s, des fragilit\u00e9s et des conflictualit\u00e9s qui alimentent des crises s\u00e9curitaires, politiques, alimentaires, sanitaires, environnementales et humanitaires.<br \/>\nChers Amis, Il y a un an , presque jour pour jour, je vous disais ici m\u00eame que ma conviction profonde \u00e9tait que ce sont les situations d\u2019injustice, d\u2019exclusion, de tricherie et d\u2019intol\u00e9rance qui font le lit des conflits, ici comme dans le reste du monde.<br \/>\nLes femmes sont les premi\u00e8res victimes des conflits. Nous ne pr\u00eatons m\u00eame plus attention aux chaines de t\u00e9l\u00e9vision internationales qui diffusent \u00e0 longueur de journal les images de femmes d\u00e9guenill\u00e9es, poussant devant elles des enfants fam\u00e9liques, fuyant des zones de combat en Afrique centrale, \u00e9grenant des r\u00e9cits de violences subies , toutes plus atroces les unes que les autres.<br \/>\nJe vous disais \u00e9galement \u00e0 quel point j\u2019avais foi dans les qualit\u00e9s intrins\u00e8ques des femmes africaines et leur aptitude \u00e0 aider dans la r\u00e9solution des crises. Elles sont le socle et les d\u00e9positaires d\u2019une culture traditionnelle qui leur attribuait un r\u00f4le pr\u00e9\u00e9minent dans l\u2019\u00ab administration \u00bb de la coh\u00e9sion familiale et sociale, la transmission et la perduration des valeurs fondatrices du vivre ensemble.<br \/>\nElles savent mieux que quiconque s\u2019inspirer des m\u00e9canismes traditionnels de gestion et de r\u00e9solution des conflits. A titre d\u2019illustration, permettez-moi de vous raconter \u00e0 nouveau comment les femmes de l\u2019Union du Fleuve Mano sont arriv\u00e9es, par leur intelligence et leur opini\u00e2tret\u00e9, \u00e0 mettre un terme \u00e0 l\u2019une des guerres civiles les plus sanglantes qu\u2019a connue l\u2019Afrique de l\u2019Ouest , \u00e0 savoir la guerre civile du Liberia qui a dur\u00e9 de 1989 \u00e0 2003 , soit 14 ans ; une guerre qui a fait pr\u00e8s de 150 000 morts, qui a jet\u00e9 pr\u00e8s 850000 de r\u00e9fugi\u00e9s dans la d\u00e9tresse, disloqu\u00e9 des familles enti\u00e8res et mis l\u2019\u00e9conomie du Lib\u00e9ria \u00e0 terre .<br \/>\nComment ont-elles fait ?<br \/>\nElles ont pris conscience de la gravit\u00e9 du conflit qui \u00e9tait en train d\u2019absorber les ressources humaines, mat\u00e9rielles et financi\u00e8res des 3 pays Liberia, Sierra Leone et Guin\u00e9e, pays tous membres d\u2019une m\u00eame organisation sous r\u00e9gionale, la Mano River Union.<br \/>\nElles ont constitu\u00e9 une association des femmes de la Mano River sur une base riche et diversifi\u00e9e, comprenant des femmes jeunes, moyennement \u00e2g\u00e9es et tr\u00e8s \u00e2g\u00e9es. Elles ont d\u00e9cid\u00e9 que c\u2019est elles seules qui pouvaient arr\u00eater la trag\u00e9die .Pour cela, elles ont \u00e9tudi\u00e9 le profil psychologique de chacun des 3 chefs d\u2019Etat ( Lansana Cont\u00e9 militaire, pr\u00e9sident paysan, Charles Taylor bouillant Gu\u00e9rill\u00e9ro, Tidiane Kaba ancien fonctionnaire international)<br \/>\nPatiemment, elles ont rencontr\u00e9 les diff\u00e9rents protagonistes du conflit dans chacun des pays et \u00e0 l\u2019\u00e9tranger, recoup\u00e9 les informations et \u00e9labor\u00e9 une strat\u00e9gie, en jouant de mani\u00e8re sinc\u00e8re sur la corde sensible de chacun des 3 chefs d\u2019Etat. Elles ont successivement rencontr\u00e9 Charles Taylor du Liberia, Tidjan Kaba de Sierra Leone et Lansana Cont\u00e9 de Guin\u00e9e<br \/>\nJe r\u00e9sume ici l\u2019entrevue critique qu\u2019elles ont eu avec le Pr\u00e9sident Lansana Cont\u00e9 de Guin\u00e9e (personnage peu enclin \u00e0 recevoir des conseils et des injonctions des occidentaux, d\u2019un niveau \u00e9ducationnel limit\u00e9, affichant sans complexe son caract\u00e8re paysan et rural mais aussi doubl\u00e9 d\u2019une ruse exceptionnelle , accordant une grande importance aux traditions africaines qui privil\u00e9gient la chefferie et le droit d\u2019a\u00eenesse)<br \/>\nCet entretien, dont je vous fais ici la narration, s\u2019est pass\u00e9 le 24 juillet 2001 entre le Pr\u00e9sident Lansana Cont\u00e9 et une d\u00e9l\u00e9gation des femmes de la Mano River Union, qui comprenait entre autres la grande dame lib\u00e9rienne d\u2019un d\u2019\u00e2ge assez avanc\u00e9, Mme Mary Brownell , Mme Agn\u00e8s Taylor Lewis ancienne ministre de Sierra L\u00e9one et Docteur Saran Daraba alors actrice active de la soci\u00e9t\u00e9 civile Guin\u00e9enne<br \/>\nVoici quelques s\u00e9quences de l\u2019entretien.<br \/>\n\u00ab &#8211; Mme Brownell : Pr\u00e9sident est-ce vrai que Saran est ta S\u0153ur ?<br \/>\n-Pr\u00e9sident Cont\u00e9 : Oui elle est ma s\u0153ur<br \/>\n-Mme Brownell : Comme Saran est ma fille donc tu es mon fils. Il se trouve que 3 de mes fils sont en train de se battre actuellement : Toi Lansana, Tidiane et Charles. Ceci fait que j\u2019ai honte des autres mamans des autres r\u00e9gions de l\u2019Afrique.<br \/>\nAussi j\u2019ai d\u00e9cid\u00e9 de r\u00e9unir mes 3 fils pour qu\u2019ils arr\u00eatent leurs folies et qu\u2019ils fassent la paix, pour faire s\u00e9cher nos larmes et nous permettre d\u2019\u00e9viter \u00e0 nos autres enfants des malheurs de tout genre. Comme je suis la maman, je demande au plus \u00e2g\u00e9, qui est plus m\u00fbr que les autres, d\u2019accepter de prendre le dessous car dans notre culture, l\u2019ain\u00e9 est consid\u00e9r\u00e9 comme le d\u00e9potoir qui absorbe et transforme en engrais les ordures venant des moins \u00e2g\u00e9s .C \u2018est pourquoi, Toi, Lansana, tu dois m\u2019\u00e9couter pour jouer ce r\u00f4le pour 3 raisons.<br \/>\nLa premi\u00e8re raison c\u2019est que tu es le plus \u00e2g\u00e9 des 3 ; la deuxi\u00e8me raison c\u2019est que tu es arriv\u00e9 au pouvoir avant les autres, donc tu es le mieux plac\u00e9 pour donner des le\u00e7ons ; la troisi\u00e8me raison est que tu es militaire donc, mieux que les autres, tu connais le prix de la guerre et le gain de la paix . Je compte donc sur toi Lansana pour ne pas d\u00e9cevoir une m\u00e8re qui ne peut que te b\u00e9nir si tu l\u2019honores .Le cas \u00e9ch\u00e9ant, je promets de vous enfermer tous les 3 dans une chambre si vous ne m\u2019\u00e9coutez pas ; j\u2019en garderai la clef et vous n\u2019en sortirez que quand vous aurez conclu la paix. \u00bb<br \/>\nCes paroles de la vieille dame lib\u00e9rienne ont touch\u00e9 profond\u00e9ment Lansana Cont\u00e9. C\u2019est ainsi que, alors qu\u2019il avait boud\u00e9 depuis pr\u00e8s de 3 ans toute discussion de paix avec le Liberia, il donna instruction \u00e0 son ministre des affaires \u00e9trang\u00e8res de prendre d\u00e9sormais part aux diff\u00e9rents travaux sur la recherche de la paix au Liberia.<br \/>\nChemin faisant , apr\u00e8s des efforts conjugu\u00e9s et hardis de plusieurs parties prenantes dont les Nations Unies et la CEDEAO , efforts soutenus par l\u2019implication et la m\u00e9diation intelligentes et efficaces des Femmes de la Mano River Union, les trois Chefs d\u2019Etat se sont rencontr\u00e9s d\u2019abord f\u00e9vrier 2002 au Maroc puis , en Juin 2003 , \u00e0 travers leurs pl\u00e9nipotentiaires \u00e0 Accra en juin 2003, avec toutes les autres parties prenantes au conflit pour discuter des voies et moyens de mettre fin \u00e0 la guerre qui s\u00e9vissait si rageusement. Encore, ces braves femmes de l\u2019Union \u00e9taient pr\u00e9sentes \u00e0 cette historique r\u00e9union.<br \/>\nAyant pressenti un \u00e9chec de ce sommet crucial, elles ont mis leur menace \u00e0 ex\u00e9cution ; elles ont bloqu\u00e9 toutes les issues de la salle de r\u00e9union en y organisant un sit in, et ont intim\u00e9 aux participants de trouver, vaille que vaille, une solution d\u00e9finitive \u00e0 ce conflit qui n\u2019avait que trop dur\u00e9. Cette r\u00e9union cruciale a jet\u00e9 les bases du pr\u00e9accord, lequel a abouti \u00e0 l\u2019Accord d\u00e9finitif sign\u00e9 \u00e0 Accra le 18 Aout 2003 et mit fin \u00e0 la guerre civile du Liberia. Cet Accord fut contresign\u00e9 par l\u2019Association des Femmes de la Mano River en tant garant moral.<br \/>\nCe geste h\u00e9ro\u00efque leur a valu la reconnaissance de l\u2019ONU qui leur a octroy\u00e9 une Distinction de Reconnaissance le 10 D\u00e9cembre 2003.<br \/>\nComme vous le voyez, les femmes sont capables d\u2019\u00e9teindre les conflits les plus d\u00e9sesp\u00e9r\u00e9s. Ce qui est valable pour les femmes de la Mano River est valable pour vous, les femmes de l\u2019espace sah\u00e9lo-saharien, et particuli\u00e8rement vous les femmes du Mali dont le courage et l\u2019intr\u00e9pidit\u00e9 sont reconnus de tous.<br \/>\nMesdames, Messieurs, distingu\u00e9s invit\u00e9s,<br \/>\nA la v\u00e9rit\u00e9, le plus important, c\u2019est de pr\u00e9venir les conflits. Pour cela, ch\u00e8res s\u0153urs, vous devez vous battre contre toutes les formes d\u2019exclusion, car ce sont les exclusions qui provoquent les frustrations, les m\u00e9sententes, la discorde et les conflits.<br \/>\nLa premi\u00e8re de ces exclusions, c\u2019est l\u2019exclusion \u00e9conomique. Une communaut\u00e9 qui laisse sur le bord de la route une bonne proportion de ses membres sans leur donner aucune possibilit\u00e9 d\u2019am\u00e9lioration de leur conditions de vie, et qui restreint la jouissance des biens de toute la nation \u00e0 une poign\u00e9e de privil\u00e9gi\u00e9s, est appel\u00e9e infailliblement \u00e0 \u00eatre d\u00e9stabilis\u00e9e par cette cohorte de laiss\u00e9s pour compte. Vous les femmes, vous devez, par vos initiatives, votre courage, votre vigilance, vous battre pour que vous-m\u00eames soyez ins\u00e9r\u00e9es dans le tissu \u00e9conomique, et avec vous tous ceux qui ont le potentiel de contribuer \u00e0 la cr\u00e9ation de richesse dans votre pays.<br \/>\nLa deuxi\u00e8me forme d\u2019exclusion qui entraine des conflits, c\u2019est l\u2019exclusion sociale. Il est courant de voir, dans nos pays, que les gouvernants successifs laissent se d\u00e9velopper une partie du pays en marginalisant, consciemment ou inconsciemment, d\u2019autres parties. Les infrastructures sont ici abondantes, et pr\u00e9caires ou absentes ailleurs. Les routes, l\u2019\u00e9lectricit\u00e9, les entreprises, bref tout ce qui peut structurer et am\u00e9nager le territoire national, est conduit de mani\u00e8re insouciante, et cr\u00e9e un d\u00e9s\u00e9quilibre qui \u00e9c\u0153ure les laiss\u00e9s pour compte, dont les plus radicaux n\u2019h\u00e9sitent pas \u00e0 entrer dans la violence. Ce qui est valable \u00e0 l\u2019\u00e9chelle d\u2019un pays est aussi valable \u00e0 l\u2019\u00e9chelle d\u2019une ville.<br \/>\nDans les villes africaines dont l\u2019expansion est galopante, des quartiers entiers cr\u00e9\u00e9s de mani\u00e8re spontan\u00e9e, ne b\u00e9n\u00e9ficient pas d\u2019approvisionnement en eau, d\u2019\u00e9lectricit\u00e9, de la pr\u00e9sence d\u2019entreprises porteuses d\u2019emploi, etc. Ces quartiers sont le r\u00e9servoir de bombes \u00e0 retardement qui n\u2019attendent que la 1\u00e8re occasion pour exploser. Il est donc essentiel que vous vous battiez de toutes vos forces pour que l\u2019Etat soit \u00e9quitable et pr\u00e9voyant, en mettant en place une politique rationnelle d\u2019am\u00e9nagement du territoire, qui permet de cr\u00e9er des chances et des opportunit\u00e9s similaires partout o\u00f9 le citoyen se trouvera.<br \/>\nLa derni\u00e8re forme d\u2019exclusion est l\u2019exclusion politique. Nous en sommes t\u00e9moins dans la plupart de nos pays. Quand le pourvoir politique est confisqu\u00e9, sans possibilit\u00e9 d\u2019ouverture ou d\u2019expression, ou m\u00eame de consultation d\u2019une frange importante de la population, cela conduit forcement \u00e0 des ressentiments, qui, en fermentant, constituent la base de revendications d\u2019abord insidieuses, puis progressivement prennent des formes de plus en plus incontr\u00f4l\u00e9es, dont l\u2019ampleur et la gravit\u00e9 peuvent varier selon les lieux et les \u00e9poques.<br \/>\nPuisque c\u2019est le pouvoir politique qui oriente toutes les autres d\u00e9cisions, il est important, ch\u00e8res s\u0153urs, vous qui constituez plus de la moiti\u00e9 de la population, vous dont le courage d\u00e9passe toutes les bornes, et surtout vous dont la performance irradie tous les secteurs, il est portant, dis je, que vs ne tourniez pas le dos \u00e0 la chose politique. Prenez d\u2019assaut les partis politiques, les associations ; apportez vos voix et vos contributions, pour que les d\u00e9cisions strat\u00e9giques, qui fa\u00e7onnent et orientent la vie pr\u00e9sente et future de votre pays, ne se passent pas sans vous ; mais surtout soyez intr\u00e9pides et courageuses pour vous battre, gravir tous les \u00e9chelons et hi\u00e9rarchies \u00e9tatiques, parlementaires et autres.<br \/>\nIl vous appartient de m\u00e9diter l\u2019exemple le plus r\u00e9cent, celui de Mme Samba Panza, maire de Bangui, \u00e9lue dans la transparence Pr\u00e9sidente int\u00e9rimaire de la R\u00e9publique Centrafricaine. C\u2019est d\u2019ailleurs, au niveau global, le chemin que semble emprunter le cours de l\u2019histoire, si on s\u2019arr\u00eate \u00e0 la multiplication des cas de femmes pr\u00e9sidant aux destin\u00e9es de nations ou d\u2019organisations internationales.<br \/>\nMes ch\u00e8res S\u0153urs, sachez que plus vous serez nombreuses, plus vous serez \u00e9cout\u00e9es.<br \/>\nPlus vous serez \u00e9cout\u00e9es, plus vous serez respect\u00e9es ; et plus vous serez respect\u00e9es, plus vous serez des mod\u00e8les de r\u00e9f\u00e9rence qui b\u00e2tiront la paix dans le conscient et le subconscient de vos enfants, de vos fr\u00e8res et de vos maris, bref, de toute la soci\u00e9t\u00e9. En le faisant, agissez avec abn\u00e9gation, soyez allergique \u00e0 l\u2018injustice, m\u00eame si cette injustice doit favoriser votre propre enfant biologique au d\u00e9triment de l\u2019enfant d\u2019une autre.<br \/>\nRetenez qu\u2019en favorisant vos enfants au d\u00e9triment de ceux des autres, vous aurez contribu\u00e9 \u00e0 semer les germes de la haine dans le c\u0153ur de ces autres enfants qui auront \u00e9t\u00e9 injustement priv\u00e9s de leurs droits. Le nombre de ces enfants frustr\u00e9s grandissant, de nouveaux conflits naitront in\u00e9vitablement. Surtout pr\u00f4nez la v\u00e9rit\u00e9 en toute circonstance, pour que le d\u00e9mon de la division et de l\u2019intol\u00e9rance ne puisse pas trouver refuge dans nos familles, dans notre voisinage, ou dans notre cit\u00e9 toute enti\u00e8re. Vous pouvez et devez le faire.<br \/>\nAlors, ch\u00e8res S\u0153urs, sachez que vous \u00eates le dernier rempart de nos familles et de nos nations. Ainsi vous ne devez abdiquer en rien, car vous \u00eates les mieux plac\u00e9es le r\u00f4le de gardiennes et de garant de nos valeurs de solidarit\u00e9 et d\u2019honneur. Je vous exhorte \u00e0 faire confiance \u00e0 vous-m\u00eames, vous qui \u00eates la moiti\u00e9 de l\u2019humanit\u00e9, vous \u00e0 qui nous confions l\u2019\u00e9ducation de ce que nous avons de plus pr\u00e9cieux, nos enfants. Peut-on trouver meilleur gage de confiance ?<br \/>\nPour terminer, permettez-moi de vous citer ce passage de l\u2019hymne qui \u00e9tait chant\u00e9, \u00e0 l\u2019\u00e9poque, \u00e0 l\u2019intention de tout homme qui devait exercer une parcelle de pouvoir, dans l\u2019un des plus prestigieux empires qui couvrait une grande partie de cet espace sah\u00e9lo-saharien. Cet hymne disait entre autres : \u00ab si tu ne peux dire la v\u00e9rit\u00e9 en tout lieu et en tout temps, si tu ne peux d\u00e9fendre vaillamment les valeurs de ta patrie, alors donne ton sabre de guerre aux femmes, qui t\u2019indiqueront le chemin de l\u2019honneur \u00bb.<br \/>\nJe compte sur vous pour \u00eatre ces femmes d\u2019honneur qui permettront au Mali d\u2019aujourd\u2019hui de se r\u00e9concilier et d\u2019\u00eatre dans tout l\u2019espace sah\u00e9lo- saharien un mod\u00e8le remarquable de pr\u00eacheur de paix pour le d\u00e9veloppement.<br \/>\nJe vous remercie \u00bb.<br \/>\nGuineediversite.com<\/p>\n","protected":false},"excerpt":{"rendered":"<p>Kabinet Komara ancien premier ministre guin\u00e9en et Haut commissaire de l\u2019OMVS parle des probl\u00e9matiques f\u00e9minines et la situation d\u2019apr\u00e8s crise au Mali. C\u2019\u00e9tait \u00e0 l\u2019occasion du pr\u00e9-forum de deux jours consacr\u00e9 au \u00ab Genre et probl\u00e9matique de la consolidation de la paix dans l\u2019espace sah\u00e9lo-saharien \u00bb qui se tient du 11 au 12 f\u00e9vrier dans [&hellip;]<\/p>\n","protected":false},"author":12,"featured_media":0,"comment_status":"open","ping_status":"open","sticky":false,"template":"","format":"standard","meta":{"_exactmetrics_skip_tracking":false,"_exactmetrics_sitenote_active":false,"_exactmetrics_sitenote_note":"","_exactmetrics_sitenote_category":0,"tdm_status":"","tdm_grid_status":"","footnotes":""},"categories":[28],"tags":[],"class_list":{"0":"post-19806","1":"post","2":"type-post","3":"status-publish","4":"format-standard","6":"category-archives"},"yoast_head":"<!-- This site is optimized with the Yoast SEO plugin v24.2 - https:\/\/yoast.com\/wordpress\/plugins\/seo\/ -->\n<title>Forum des femmes \u00e0 Bamako : l\u2019ancien premier ministre guin\u00e9en Kabinet Komara y prend part | Guin\u00e9e Diversit\u00e9<\/title>\n<meta name=\"robots\" content=\"index, follow, max-snippet:-1, max-image-preview:large, max-video-preview:-1\" \/>\n<link rel=\"canonical\" href=\"https:\/\/guineediversite.com\/index.php\/2013\/12\/31\/forum-des-femmes-a-bamako-lancien-premier-ministre-guineen-kabinet-komara-y-prend-part\/\" \/>\n<meta property=\"og:locale\" content=\"fr_FR\" \/>\n<meta property=\"og:type\" content=\"article\" \/>\n<meta property=\"og:title\" content=\"Forum des femmes \u00e0 Bamako : l\u2019ancien premier ministre guin\u00e9en Kabinet Komara y prend part | Guin\u00e9e Diversit\u00e9\" \/>\n<meta property=\"og:description\" content=\"Kabinet Komara ancien premier ministre guin\u00e9en et Haut commissaire de l\u2019OMVS parle des probl\u00e9matiques f\u00e9minines et la situation d\u2019apr\u00e8s crise au Mali. C\u2019\u00e9tait \u00e0 l\u2019occasion du pr\u00e9-forum de deux jours consacr\u00e9 au \u00ab Genre et probl\u00e9matique de la consolidation de la paix dans l\u2019espace sah\u00e9lo-saharien \u00bb qui se tient du 11 au 12 f\u00e9vrier dans [&hellip;]\" \/>\n<meta property=\"og:url\" content=\"https:\/\/guineediversite.com\/index.php\/2013\/12\/31\/forum-des-femmes-a-bamako-lancien-premier-ministre-guineen-kabinet-komara-y-prend-part\/\" \/>\n<meta property=\"og:site_name\" content=\"Guin\u00e9e Diversit\u00e9\" \/>\n<meta property=\"article:publisher\" content=\"https:\/\/www.facebook.com\/guineediversite\/\" \/>\n<meta property=\"article:published_time\" content=\"2013-12-30T23:00:00+00:00\" \/>\n<meta name=\"author\" content=\"Guin\u00e9e Diversit\u00e9\" \/>\n<meta name=\"twitter:card\" content=\"summary_large_image\" \/>\n<meta name=\"twitter:creator\" content=\"@GuineeDiversite\" \/>\n<meta name=\"twitter:site\" content=\"@GuineeDiversite\" \/>\n<meta name=\"twitter:label1\" content=\"\u00c9crit par\" \/>\n\t<meta name=\"twitter:data1\" content=\"Guin\u00e9e Diversit\u00e9\" \/>\n\t<meta name=\"twitter:label2\" content=\"Dur\u00e9e de lecture estim\u00e9e\" \/>\n\t<meta name=\"twitter:data2\" content=\"13 minutes\" \/>\n<script type=\"application\/ld+json\" class=\"yoast-schema-graph\">{\"@context\":\"https:\/\/schema.org\",\"@graph\":[{\"@type\":\"Article\",\"@id\":\"https:\/\/guineediversite.com\/index.php\/2013\/12\/31\/forum-des-femmes-a-bamako-lancien-premier-ministre-guineen-kabinet-komara-y-prend-part\/#article\",\"isPartOf\":{\"@id\":\"https:\/\/guineediversite.com\/index.php\/2013\/12\/31\/forum-des-femmes-a-bamako-lancien-premier-ministre-guineen-kabinet-komara-y-prend-part\/\"},\"author\":{\"name\":\"Guin\u00e9e Diversit\u00e9\",\"@id\":\"https:\/\/guineediversite.com\/#\/schema\/person\/afa08fb34e7fc6e1feafc892612bc836\"},\"headline\":\"Forum des femmes \u00e0 Bamako : l\u2019ancien premier ministre guin\u00e9en Kabinet Komara y prend part\",\"datePublished\":\"2013-12-30T23:00:00+00:00\",\"dateModified\":\"2013-12-30T23:00:00+00:00\",\"mainEntityOfPage\":{\"@id\":\"https:\/\/guineediversite.com\/index.php\/2013\/12\/31\/forum-des-femmes-a-bamako-lancien-premier-ministre-guineen-kabinet-komara-y-prend-part\/\"},\"wordCount\":2667,\"commentCount\":0,\"publisher\":{\"@id\":\"https:\/\/guineediversite.com\/#organization\"},\"articleSection\":[\"Archives\"],\"inLanguage\":\"fr-FR\",\"potentialAction\":[{\"@type\":\"CommentAction\",\"name\":\"Comment\",\"target\":[\"https:\/\/guineediversite.com\/index.php\/2013\/12\/31\/forum-des-femmes-a-bamako-lancien-premier-ministre-guineen-kabinet-komara-y-prend-part\/#respond\"]}]},{\"@type\":\"WebPage\",\"@id\":\"https:\/\/guineediversite.com\/index.php\/2013\/12\/31\/forum-des-femmes-a-bamako-lancien-premier-ministre-guineen-kabinet-komara-y-prend-part\/\",\"url\":\"https:\/\/guineediversite.com\/index.php\/2013\/12\/31\/forum-des-femmes-a-bamako-lancien-premier-ministre-guineen-kabinet-komara-y-prend-part\/\",\"name\":\"Forum des femmes \u00e0 Bamako : l\u2019ancien premier ministre guin\u00e9en Kabinet Komara y prend part | Guin\u00e9e Diversit\u00e9\",\"isPartOf\":{\"@id\":\"https:\/\/guineediversite.com\/#website\"},\"datePublished\":\"2013-12-30T23:00:00+00:00\",\"dateModified\":\"2013-12-30T23:00:00+00:00\",\"breadcrumb\":{\"@id\":\"https:\/\/guineediversite.com\/index.php\/2013\/12\/31\/forum-des-femmes-a-bamako-lancien-premier-ministre-guineen-kabinet-komara-y-prend-part\/#breadcrumb\"},\"inLanguage\":\"fr-FR\",\"potentialAction\":[{\"@type\":\"ReadAction\",\"target\":[\"https:\/\/guineediversite.com\/index.php\/2013\/12\/31\/forum-des-femmes-a-bamako-lancien-premier-ministre-guineen-kabinet-komara-y-prend-part\/\"]}]},{\"@type\":\"BreadcrumbList\",\"@id\":\"https:\/\/guineediversite.com\/index.php\/2013\/12\/31\/forum-des-femmes-a-bamako-lancien-premier-ministre-guineen-kabinet-komara-y-prend-part\/#breadcrumb\",\"itemListElement\":[{\"@type\":\"ListItem\",\"position\":1,\"name\":\"Accueil\",\"item\":\"https:\/\/guineediversite.com\/\"},{\"@type\":\"ListItem\",\"position\":2,\"name\":\"Forum des femmes \u00e0 Bamako : l\u2019ancien premier ministre guin\u00e9en Kabinet Komara y prend part\"}]},{\"@type\":\"WebSite\",\"@id\":\"https:\/\/guineediversite.com\/#website\",\"url\":\"https:\/\/guineediversite.com\/\",\"name\":\"Guin\u00e9e Diversit\u00e9\",\"description\":\"L&#039;Info dans toute sa diversit\u00e9\",\"publisher\":{\"@id\":\"https:\/\/guineediversite.com\/#organization\"},\"potentialAction\":[{\"@type\":\"SearchAction\",\"target\":{\"@type\":\"EntryPoint\",\"urlTemplate\":\"https:\/\/guineediversite.com\/?s={search_term_string}\"},\"query-input\":{\"@type\":\"PropertyValueSpecification\",\"valueRequired\":true,\"valueName\":\"search_term_string\"}}],\"inLanguage\":\"fr-FR\"},{\"@type\":\"Organization\",\"@id\":\"https:\/\/guineediversite.com\/#organization\",\"name\":\"Guin\u00e9e Diversit\u00e9\",\"url\":\"https:\/\/guineediversite.com\/\",\"logo\":{\"@type\":\"ImageObject\",\"inLanguage\":\"fr-FR\",\"@id\":\"https:\/\/guineediversite.com\/#\/schema\/logo\/image\/\",\"url\":\"https:\/\/guineediversite.com\/wp-content\/uploads\/2017\/04\/cropped-1jojlxEOMkX9Wyqfhe43D6kjPOGqBBKmx3EwWJqZ0cMrFF54yM49.png\",\"contentUrl\":\"https:\/\/guineediversite.com\/wp-content\/uploads\/2017\/04\/cropped-1jojlxEOMkX9Wyqfhe43D6kjPOGqBBKmx3EwWJqZ0cMrFF54yM49.png\",\"width\":186,\"height\":112,\"caption\":\"Guin\u00e9e Diversit\u00e9\"},\"image\":{\"@id\":\"https:\/\/guineediversite.com\/#\/schema\/logo\/image\/\"},\"sameAs\":[\"https:\/\/www.facebook.com\/guineediversite\/\",\"https:\/\/x.com\/GuineeDiversite\",\"https:\/\/www.youtube.com\/channel\/UC8sUY16qelG5ge6_D5SB83g\"]},{\"@type\":\"Person\",\"@id\":\"https:\/\/guineediversite.com\/#\/schema\/person\/afa08fb34e7fc6e1feafc892612bc836\",\"name\":\"Guin\u00e9e Diversit\u00e9\",\"image\":{\"@type\":\"ImageObject\",\"inLanguage\":\"fr-FR\",\"@id\":\"https:\/\/guineediversite.com\/#\/schema\/person\/image\/\",\"url\":\"https:\/\/secure.gravatar.com\/avatar\/50d5eb5b390f8b65ac30ac6f898eb83a?s=96&d=mm&r=g\",\"contentUrl\":\"https:\/\/secure.gravatar.com\/avatar\/50d5eb5b390f8b65ac30ac6f898eb83a?s=96&d=mm&r=g\",\"caption\":\"Guin\u00e9e Diversit\u00e9\"},\"url\":\"https:\/\/guineediversite.com\/index.php\/author\/guineediversite\/\"}]}<\/script>\n<!-- \/ Yoast SEO plugin. -->","yoast_head_json":{"title":"Forum des femmes \u00e0 Bamako : l\u2019ancien premier ministre guin\u00e9en Kabinet Komara y prend part | Guin\u00e9e Diversit\u00e9","robots":{"index":"index","follow":"follow","max-snippet":"max-snippet:-1","max-image-preview":"max-image-preview:large","max-video-preview":"max-video-preview:-1"},"canonical":"https:\/\/guineediversite.com\/index.php\/2013\/12\/31\/forum-des-femmes-a-bamako-lancien-premier-ministre-guineen-kabinet-komara-y-prend-part\/","og_locale":"fr_FR","og_type":"article","og_title":"Forum des femmes \u00e0 Bamako : l\u2019ancien premier ministre guin\u00e9en Kabinet Komara y prend part | Guin\u00e9e Diversit\u00e9","og_description":"Kabinet Komara ancien premier ministre guin\u00e9en et Haut commissaire de l\u2019OMVS parle des probl\u00e9matiques f\u00e9minines et la situation d\u2019apr\u00e8s crise au Mali. C\u2019\u00e9tait \u00e0 l\u2019occasion du pr\u00e9-forum de deux jours consacr\u00e9 au \u00ab Genre et probl\u00e9matique de la consolidation de la paix dans l\u2019espace sah\u00e9lo-saharien \u00bb qui se tient du 11 au 12 f\u00e9vrier dans [&hellip;]","og_url":"https:\/\/guineediversite.com\/index.php\/2013\/12\/31\/forum-des-femmes-a-bamako-lancien-premier-ministre-guineen-kabinet-komara-y-prend-part\/","og_site_name":"Guin\u00e9e Diversit\u00e9","article_publisher":"https:\/\/www.facebook.com\/guineediversite\/","article_published_time":"2013-12-30T23:00:00+00:00","author":"Guin\u00e9e Diversit\u00e9","twitter_card":"summary_large_image","twitter_creator":"@GuineeDiversite","twitter_site":"@GuineeDiversite","twitter_misc":{"\u00c9crit par":"Guin\u00e9e Diversit\u00e9","Dur\u00e9e de lecture estim\u00e9e":"13 minutes"},"schema":{"@context":"https:\/\/schema.org","@graph":[{"@type":"Article","@id":"https:\/\/guineediversite.com\/index.php\/2013\/12\/31\/forum-des-femmes-a-bamako-lancien-premier-ministre-guineen-kabinet-komara-y-prend-part\/#article","isPartOf":{"@id":"https:\/\/guineediversite.com\/index.php\/2013\/12\/31\/forum-des-femmes-a-bamako-lancien-premier-ministre-guineen-kabinet-komara-y-prend-part\/"},"author":{"name":"Guin\u00e9e Diversit\u00e9","@id":"https:\/\/guineediversite.com\/#\/schema\/person\/afa08fb34e7fc6e1feafc892612bc836"},"headline":"Forum des femmes \u00e0 Bamako : l\u2019ancien premier ministre guin\u00e9en Kabinet Komara y prend part","datePublished":"2013-12-30T23:00:00+00:00","dateModified":"2013-12-30T23:00:00+00:00","mainEntityOfPage":{"@id":"https:\/\/guineediversite.com\/index.php\/2013\/12\/31\/forum-des-femmes-a-bamako-lancien-premier-ministre-guineen-kabinet-komara-y-prend-part\/"},"wordCount":2667,"commentCount":0,"publisher":{"@id":"https:\/\/guineediversite.com\/#organization"},"articleSection":["Archives"],"inLanguage":"fr-FR","potentialAction":[{"@type":"CommentAction","name":"Comment","target":["https:\/\/guineediversite.com\/index.php\/2013\/12\/31\/forum-des-femmes-a-bamako-lancien-premier-ministre-guineen-kabinet-komara-y-prend-part\/#respond"]}]},{"@type":"WebPage","@id":"https:\/\/guineediversite.com\/index.php\/2013\/12\/31\/forum-des-femmes-a-bamako-lancien-premier-ministre-guineen-kabinet-komara-y-prend-part\/","url":"https:\/\/guineediversite.com\/index.php\/2013\/12\/31\/forum-des-femmes-a-bamako-lancien-premier-ministre-guineen-kabinet-komara-y-prend-part\/","name":"Forum des femmes \u00e0 Bamako : l\u2019ancien premier ministre guin\u00e9en Kabinet Komara y prend part | Guin\u00e9e Diversit\u00e9","isPartOf":{"@id":"https:\/\/guineediversite.com\/#website"},"datePublished":"2013-12-30T23:00:00+00:00","dateModified":"2013-12-30T23:00:00+00:00","breadcrumb":{"@id":"https:\/\/guineediversite.com\/index.php\/2013\/12\/31\/forum-des-femmes-a-bamako-lancien-premier-ministre-guineen-kabinet-komara-y-prend-part\/#breadcrumb"},"inLanguage":"fr-FR","potentialAction":[{"@type":"ReadAction","target":["https:\/\/guineediversite.com\/index.php\/2013\/12\/31\/forum-des-femmes-a-bamako-lancien-premier-ministre-guineen-kabinet-komara-y-prend-part\/"]}]},{"@type":"BreadcrumbList","@id":"https:\/\/guineediversite.com\/index.php\/2013\/12\/31\/forum-des-femmes-a-bamako-lancien-premier-ministre-guineen-kabinet-komara-y-prend-part\/#breadcrumb","itemListElement":[{"@type":"ListItem","position":1,"name":"Accueil","item":"https:\/\/guineediversite.com\/"},{"@type":"ListItem","position":2,"name":"Forum des femmes \u00e0 Bamako : l\u2019ancien premier ministre guin\u00e9en Kabinet Komara y prend part"}]},{"@type":"WebSite","@id":"https:\/\/guineediversite.com\/#website","url":"https:\/\/guineediversite.com\/","name":"Guin\u00e9e Diversit\u00e9","description":"L&#039;Info dans toute sa diversit\u00e9","publisher":{"@id":"https:\/\/guineediversite.com\/#organization"},"potentialAction":[{"@type":"SearchAction","target":{"@type":"EntryPoint","urlTemplate":"https:\/\/guineediversite.com\/?s={search_term_string}"},"query-input":{"@type":"PropertyValueSpecification","valueRequired":true,"valueName":"search_term_string"}}],"inLanguage":"fr-FR"},{"@type":"Organization","@id":"https:\/\/guineediversite.com\/#organization","name":"Guin\u00e9e Diversit\u00e9","url":"https:\/\/guineediversite.com\/","logo":{"@type":"ImageObject","inLanguage":"fr-FR","@id":"https:\/\/guineediversite.com\/#\/schema\/logo\/image\/","url":"https:\/\/guineediversite.com\/wp-content\/uploads\/2017\/04\/cropped-1jojlxEOMkX9Wyqfhe43D6kjPOGqBBKmx3EwWJqZ0cMrFF54yM49.png","contentUrl":"https:\/\/guineediversite.com\/wp-content\/uploads\/2017\/04\/cropped-1jojlxEOMkX9Wyqfhe43D6kjPOGqBBKmx3EwWJqZ0cMrFF54yM49.png","width":186,"height":112,"caption":"Guin\u00e9e Diversit\u00e9"},"image":{"@id":"https:\/\/guineediversite.com\/#\/schema\/logo\/image\/"},"sameAs":["https:\/\/www.facebook.com\/guineediversite\/","https:\/\/x.com\/GuineeDiversite","https:\/\/www.youtube.com\/channel\/UC8sUY16qelG5ge6_D5SB83g"]},{"@type":"Person","@id":"https:\/\/guineediversite.com\/#\/schema\/person\/afa08fb34e7fc6e1feafc892612bc836","name":"Guin\u00e9e Diversit\u00e9","image":{"@type":"ImageObject","inLanguage":"fr-FR","@id":"https:\/\/guineediversite.com\/#\/schema\/person\/image\/","url":"https:\/\/secure.gravatar.com\/avatar\/50d5eb5b390f8b65ac30ac6f898eb83a?s=96&d=mm&r=g","contentUrl":"https:\/\/secure.gravatar.com\/avatar\/50d5eb5b390f8b65ac30ac6f898eb83a?s=96&d=mm&r=g","caption":"Guin\u00e9e Diversit\u00e9"},"url":"https:\/\/guineediversite.com\/index.php\/author\/guineediversite\/"}]}},"_links":{"self":[{"href":"https:\/\/guineediversite.com\/index.php\/wp-json\/wp\/v2\/posts\/19806"}],"collection":[{"href":"https:\/\/guineediversite.com\/index.php\/wp-json\/wp\/v2\/posts"}],"about":[{"href":"https:\/\/guineediversite.com\/index.php\/wp-json\/wp\/v2\/types\/post"}],"author":[{"embeddable":true,"href":"https:\/\/guineediversite.com\/index.php\/wp-json\/wp\/v2\/users\/12"}],"replies":[{"embeddable":true,"href":"https:\/\/guineediversite.com\/index.php\/wp-json\/wp\/v2\/comments?post=19806"}],"version-history":[{"count":0,"href":"https:\/\/guineediversite.com\/index.php\/wp-json\/wp\/v2\/posts\/19806\/revisions"}],"wp:attachment":[{"href":"https:\/\/guineediversite.com\/index.php\/wp-json\/wp\/v2\/media?parent=19806"}],"wp:term":[{"taxonomy":"category","embeddable":true,"href":"https:\/\/guineediversite.com\/index.php\/wp-json\/wp\/v2\/categories?post=19806"},{"taxonomy":"post_tag","embeddable":true,"href":"https:\/\/guineediversite.com\/index.php\/wp-json\/wp\/v2\/tags?post=19806"}],"curies":[{"name":"wp","href":"https:\/\/api.w.org\/{rel}","templated":true}]}}