{"id":19805,"date":"2013-12-31T00:00:00","date_gmt":"2013-12-30T23:00:00","guid":{"rendered":"https:\/\/www.guineediversite.com\/index.php\/2013\/12\/31\/medias-declaration-de-lurtelgui-a-loccasion-de-la-journee-mondiale-de-la-radio\/"},"modified":"2013-12-31T00:00:00","modified_gmt":"2013-12-30T23:00:00","slug":"medias-declaration-de-lurtelgui-a-loccasion-de-la-journee-mondiale-de-la-radio","status":"publish","type":"post","link":"https:\/\/guineediversite.com\/index.php\/2013\/12\/31\/medias-declaration-de-lurtelgui-a-loccasion-de-la-journee-mondiale-de-la-radio\/","title":{"rendered":"Medias : D\u00e9claration de l\u2019URTELGUI A L\u2019OCCASION DE LA JOURNEE MONDIALE DE LA RADIO"},"content":{"rendered":"<p>Le 13 f\u00e9vrier  est la date proclam\u00e9e par l\u2019UNESCO pour c\u00e9l\u00e9brer la radio, favoriser la coop\u00e9ration internationale entre les diffuseurs ; encourager les promoteurs \u00e0 fournir un acc\u00e8s \u00e9quitable \u00e0 l\u2019information et \u00e0 promouvoir la libert\u00e9 d\u2019expression et l\u2019\u00e9galit\u00e9 des genres. <\/p>\n<p>L\u2019Union des Radiodiffusions et T\u00e9l\u00e9visions Libres de Guin\u00e9e, URTELGUI, saisit cette occasion solennelle pour appr\u00e9cier le r\u00f4le capital que jouent les m\u00e9dias et plus particuli\u00e8rement les radios priv\u00e9es et publiques dans notre pays.<\/p>\n<p>L\u2019Union des Radiodiffusions et T\u00e9l\u00e9visions Libres de Guin\u00e9e, URTELGUI, encourage ses membres \u00e0 appliquer les recommandations de l\u2019UNESCO, \u00e0 savoir : <\/p>\n<p>\u2022 Elaborer des politiques et des strat\u00e9gies li\u00e9es au genre pour la radio ; <\/p>\n<p>\u2022 Eliminer les st\u00e9r\u00e9otypes et encourager la repr\u00e9sentation multidimensionnelle \u00e0 la radio ; <\/p>\n<p>\u2022 Renforcer les comp\u00e9tences radio pour la production radiophonique pour la jeunesse, en mettant l&rsquo;accent sur les filles comme productrices, animatrices, et journalistes ; <\/p>\n<p>\u2022 Promouvoir la s\u00e9curit\u00e9 des femmes journalistes de radio.<\/p>\n<p>L\u2019Union des Radiodiffusions et T\u00e9l\u00e9visions Libres de Guin\u00e9e, URTELGUI, est consciente que la Journ\u00e9e Mondiale de la Radio vise \u00e0 rapprocher le grand public de son m\u00e9dia de proximit\u00e9. C\u2019est pourquoi, elle s\u2019engage \u00e0 cr\u00e9er toutes les conditions appropri\u00e9es pour permettre la circulation d\u2019une information exacte, irr\u00e9prochable. Elle s\u2019engage, aussi, \u00e0 contribuer \u00e0 la promotion de la culture de la paix et de la coh\u00e9sion nationale.<\/p>\n<p>Par ailleurs, l\u2019URTELGUI renouvelle sa disponibilit\u00e9 et encourage le gouvernement \u00e0 poursuivre les discussions initi\u00e9es par le Chef de l\u2019Etat avec les principales associations de presse dans le cadre de l\u2019assainissement de la profession et la cr\u00e9ation de meilleures conditions de travail pour les professionnels des m\u00e9dias.<\/p>\n<p>Enfin, L\u2019URTELGUI encourage ses membres \u00e0 respecter et \u00e0 faire respecter les principes \u00e9thiques et les r\u00e8gles d\u00e9ontologiques qui r\u00e9gissent la profession.<\/p>\n<p>Vive les femmes \u00e0 la radio et tous ceux et toutes celles qui les soutiennent !<br \/>\nVive la presse !<\/p>\n<p>Conakry, le 12 f\u00e9vrier 2014<\/p>\n<p>Pour l\u2019Union des radiodiffusions et t\u00e9l\u00e9visions libres de Guin\u00e9e<br \/>\nLe Bureau Ex\u00e9cutif<\/p>\n","protected":false},"excerpt":{"rendered":"<p>Le 13 f\u00e9vrier est la date proclam\u00e9e par l\u2019UNESCO pour c\u00e9l\u00e9brer la radio, favoriser la coop\u00e9ration internationale entre les diffuseurs ; encourager les promoteurs \u00e0 fournir un acc\u00e8s \u00e9quitable \u00e0 l\u2019information et \u00e0 promouvoir la libert\u00e9 d\u2019expression et l\u2019\u00e9galit\u00e9 des genres. L\u2019Union des Radiodiffusions et T\u00e9l\u00e9visions Libres de Guin\u00e9e, URTELGUI, saisit cette occasion solennelle pour [&hellip;]<\/p>\n","protected":false},"author":12,"featured_media":0,"comment_status":"open","ping_status":"open","sticky":false,"template":"","format":"standard","meta":{"_exactmetrics_skip_tracking":false,"_exactmetrics_sitenote_active":false,"_exactmetrics_sitenote_note":"","_exactmetrics_sitenote_category":0,"tdm_status":"","tdm_grid_status":"","footnotes":""},"categories":[28],"tags":[],"class_list":{"0":"post-19805","1":"post","2":"type-post","3":"status-publish","4":"format-standard","6":"category-archives"},"yoast_head":"<!-- This site is optimized with the Yoast SEO plugin v24.2 - https:\/\/yoast.com\/wordpress\/plugins\/seo\/ -->\n<title>Medias : D\u00e9claration de l\u2019URTELGUI A L\u2019OCCASION DE LA JOURNEE MONDIALE DE LA RADIO | Guin\u00e9e Diversit\u00e9<\/title>\n<meta name=\"robots\" content=\"index, follow, max-snippet:-1, max-image-preview:large, max-video-preview:-1\" \/>\n<link rel=\"canonical\" href=\"https:\/\/guineediversite.com\/index.php\/2013\/12\/31\/medias-declaration-de-lurtelgui-a-loccasion-de-la-journee-mondiale-de-la-radio\/\" \/>\n<meta property=\"og:locale\" content=\"fr_FR\" \/>\n<meta property=\"og:type\" content=\"article\" \/>\n<meta property=\"og:title\" content=\"Medias : D\u00e9claration de l\u2019URTELGUI A L\u2019OCCASION DE LA JOURNEE MONDIALE DE LA RADIO | Guin\u00e9e Diversit\u00e9\" \/>\n<meta property=\"og:description\" content=\"Le 13 f\u00e9vrier est la date proclam\u00e9e par l\u2019UNESCO pour c\u00e9l\u00e9brer la radio, favoriser la coop\u00e9ration internationale entre les diffuseurs ; encourager les promoteurs \u00e0 fournir un acc\u00e8s \u00e9quitable \u00e0 l\u2019information et \u00e0 promouvoir la libert\u00e9 d\u2019expression et l\u2019\u00e9galit\u00e9 des genres. L\u2019Union des Radiodiffusions et T\u00e9l\u00e9visions Libres de Guin\u00e9e, URTELGUI, saisit cette occasion solennelle pour [&hellip;]\" \/>\n<meta property=\"og:url\" content=\"https:\/\/guineediversite.com\/index.php\/2013\/12\/31\/medias-declaration-de-lurtelgui-a-loccasion-de-la-journee-mondiale-de-la-radio\/\" \/>\n<meta property=\"og:site_name\" content=\"Guin\u00e9e Diversit\u00e9\" \/>\n<meta property=\"article:publisher\" content=\"https:\/\/www.facebook.com\/guineediversite\/\" \/>\n<meta property=\"article:published_time\" content=\"2013-12-30T23:00:00+00:00\" \/>\n<meta name=\"author\" content=\"Guin\u00e9e Diversit\u00e9\" \/>\n<meta name=\"twitter:card\" content=\"summary_large_image\" \/>\n<meta name=\"twitter:creator\" content=\"@GuineeDiversite\" \/>\n<meta name=\"twitter:site\" content=\"@GuineeDiversite\" \/>\n<meta name=\"twitter:label1\" content=\"\u00c9crit par\" \/>\n\t<meta name=\"twitter:data1\" content=\"Guin\u00e9e Diversit\u00e9\" \/>\n\t<meta name=\"twitter:label2\" content=\"Dur\u00e9e de lecture estim\u00e9e\" \/>\n\t<meta name=\"twitter:data2\" content=\"2 minutes\" \/>\n<script type=\"application\/ld+json\" class=\"yoast-schema-graph\">{\"@context\":\"https:\/\/schema.org\",\"@graph\":[{\"@type\":\"Article\",\"@id\":\"https:\/\/guineediversite.com\/index.php\/2013\/12\/31\/medias-declaration-de-lurtelgui-a-loccasion-de-la-journee-mondiale-de-la-radio\/#article\",\"isPartOf\":{\"@id\":\"https:\/\/guineediversite.com\/index.php\/2013\/12\/31\/medias-declaration-de-lurtelgui-a-loccasion-de-la-journee-mondiale-de-la-radio\/\"},\"author\":{\"name\":\"Guin\u00e9e Diversit\u00e9\",\"@id\":\"https:\/\/guineediversite.com\/#\/schema\/person\/afa08fb34e7fc6e1feafc892612bc836\"},\"headline\":\"Medias : D\u00e9claration de l\u2019URTELGUI A L\u2019OCCASION DE LA JOURNEE MONDIALE DE LA RADIO\",\"datePublished\":\"2013-12-30T23:00:00+00:00\",\"dateModified\":\"2013-12-30T23:00:00+00:00\",\"mainEntityOfPage\":{\"@id\":\"https:\/\/guineediversite.com\/index.php\/2013\/12\/31\/medias-declaration-de-lurtelgui-a-loccasion-de-la-journee-mondiale-de-la-radio\/\"},\"wordCount\":377,\"commentCount\":0,\"publisher\":{\"@id\":\"https:\/\/guineediversite.com\/#organization\"},\"articleSection\":[\"Archives\"],\"inLanguage\":\"fr-FR\",\"potentialAction\":[{\"@type\":\"CommentAction\",\"name\":\"Comment\",\"target\":[\"https:\/\/guineediversite.com\/index.php\/2013\/12\/31\/medias-declaration-de-lurtelgui-a-loccasion-de-la-journee-mondiale-de-la-radio\/#respond\"]}]},{\"@type\":\"WebPage\",\"@id\":\"https:\/\/guineediversite.com\/index.php\/2013\/12\/31\/medias-declaration-de-lurtelgui-a-loccasion-de-la-journee-mondiale-de-la-radio\/\",\"url\":\"https:\/\/guineediversite.com\/index.php\/2013\/12\/31\/medias-declaration-de-lurtelgui-a-loccasion-de-la-journee-mondiale-de-la-radio\/\",\"name\":\"Medias : D\u00e9claration de l\u2019URTELGUI A L\u2019OCCASION DE LA JOURNEE MONDIALE DE LA RADIO | Guin\u00e9e Diversit\u00e9\",\"isPartOf\":{\"@id\":\"https:\/\/guineediversite.com\/#website\"},\"datePublished\":\"2013-12-30T23:00:00+00:00\",\"dateModified\":\"2013-12-30T23:00:00+00:00\",\"breadcrumb\":{\"@id\":\"https:\/\/guineediversite.com\/index.php\/2013\/12\/31\/medias-declaration-de-lurtelgui-a-loccasion-de-la-journee-mondiale-de-la-radio\/#breadcrumb\"},\"inLanguage\":\"fr-FR\",\"potentialAction\":[{\"@type\":\"ReadAction\",\"target\":[\"https:\/\/guineediversite.com\/index.php\/2013\/12\/31\/medias-declaration-de-lurtelgui-a-loccasion-de-la-journee-mondiale-de-la-radio\/\"]}]},{\"@type\":\"BreadcrumbList\",\"@id\":\"https:\/\/guineediversite.com\/index.php\/2013\/12\/31\/medias-declaration-de-lurtelgui-a-loccasion-de-la-journee-mondiale-de-la-radio\/#breadcrumb\",\"itemListElement\":[{\"@type\":\"ListItem\",\"position\":1,\"name\":\"Accueil\",\"item\":\"https:\/\/guineediversite.com\/\"},{\"@type\":\"ListItem\",\"position\":2,\"name\":\"Medias : D\u00e9claration de l\u2019URTELGUI A L\u2019OCCASION DE LA JOURNEE MONDIALE DE LA RADIO\"}]},{\"@type\":\"WebSite\",\"@id\":\"https:\/\/guineediversite.com\/#website\",\"url\":\"https:\/\/guineediversite.com\/\",\"name\":\"Guin\u00e9e Diversit\u00e9\",\"description\":\"L&#039;Info dans toute sa diversit\u00e9\",\"publisher\":{\"@id\":\"https:\/\/guineediversite.com\/#organization\"},\"potentialAction\":[{\"@type\":\"SearchAction\",\"target\":{\"@type\":\"EntryPoint\",\"urlTemplate\":\"https:\/\/guineediversite.com\/?s={search_term_string}\"},\"query-input\":{\"@type\":\"PropertyValueSpecification\",\"valueRequired\":true,\"valueName\":\"search_term_string\"}}],\"inLanguage\":\"fr-FR\"},{\"@type\":\"Organization\",\"@id\":\"https:\/\/guineediversite.com\/#organization\",\"name\":\"Guin\u00e9e Diversit\u00e9\",\"url\":\"https:\/\/guineediversite.com\/\",\"logo\":{\"@type\":\"ImageObject\",\"inLanguage\":\"fr-FR\",\"@id\":\"https:\/\/guineediversite.com\/#\/schema\/logo\/image\/\",\"url\":\"https:\/\/guineediversite.com\/wp-content\/uploads\/2017\/04\/cropped-1jojlxEOMkX9Wyqfhe43D6kjPOGqBBKmx3EwWJqZ0cMrFF54yM49.png\",\"contentUrl\":\"https:\/\/guineediversite.com\/wp-content\/uploads\/2017\/04\/cropped-1jojlxEOMkX9Wyqfhe43D6kjPOGqBBKmx3EwWJqZ0cMrFF54yM49.png\",\"width\":186,\"height\":112,\"caption\":\"Guin\u00e9e Diversit\u00e9\"},\"image\":{\"@id\":\"https:\/\/guineediversite.com\/#\/schema\/logo\/image\/\"},\"sameAs\":[\"https:\/\/www.facebook.com\/guineediversite\/\",\"https:\/\/x.com\/GuineeDiversite\",\"https:\/\/www.youtube.com\/channel\/UC8sUY16qelG5ge6_D5SB83g\"]},{\"@type\":\"Person\",\"@id\":\"https:\/\/guineediversite.com\/#\/schema\/person\/afa08fb34e7fc6e1feafc892612bc836\",\"name\":\"Guin\u00e9e Diversit\u00e9\",\"image\":{\"@type\":\"ImageObject\",\"inLanguage\":\"fr-FR\",\"@id\":\"https:\/\/guineediversite.com\/#\/schema\/person\/image\/\",\"url\":\"https:\/\/secure.gravatar.com\/avatar\/50d5eb5b390f8b65ac30ac6f898eb83a?s=96&d=mm&r=g\",\"contentUrl\":\"https:\/\/secure.gravatar.com\/avatar\/50d5eb5b390f8b65ac30ac6f898eb83a?s=96&d=mm&r=g\",\"caption\":\"Guin\u00e9e Diversit\u00e9\"},\"url\":\"https:\/\/guineediversite.com\/index.php\/author\/guineediversite\/\"}]}<\/script>\n<!-- \/ Yoast SEO plugin. -->","yoast_head_json":{"title":"Medias : D\u00e9claration de l\u2019URTELGUI A L\u2019OCCASION DE LA JOURNEE MONDIALE DE LA RADIO | Guin\u00e9e Diversit\u00e9","robots":{"index":"index","follow":"follow","max-snippet":"max-snippet:-1","max-image-preview":"max-image-preview:large","max-video-preview":"max-video-preview:-1"},"canonical":"https:\/\/guineediversite.com\/index.php\/2013\/12\/31\/medias-declaration-de-lurtelgui-a-loccasion-de-la-journee-mondiale-de-la-radio\/","og_locale":"fr_FR","og_type":"article","og_title":"Medias : D\u00e9claration de l\u2019URTELGUI A L\u2019OCCASION DE LA JOURNEE MONDIALE DE LA RADIO | Guin\u00e9e Diversit\u00e9","og_description":"Le 13 f\u00e9vrier est la date proclam\u00e9e par l\u2019UNESCO pour c\u00e9l\u00e9brer la radio, favoriser la coop\u00e9ration internationale entre les diffuseurs ; encourager les promoteurs \u00e0 fournir un acc\u00e8s \u00e9quitable \u00e0 l\u2019information et \u00e0 promouvoir la libert\u00e9 d\u2019expression et l\u2019\u00e9galit\u00e9 des genres. L\u2019Union des Radiodiffusions et T\u00e9l\u00e9visions Libres de Guin\u00e9e, URTELGUI, saisit cette occasion solennelle pour [&hellip;]","og_url":"https:\/\/guineediversite.com\/index.php\/2013\/12\/31\/medias-declaration-de-lurtelgui-a-loccasion-de-la-journee-mondiale-de-la-radio\/","og_site_name":"Guin\u00e9e Diversit\u00e9","article_publisher":"https:\/\/www.facebook.com\/guineediversite\/","article_published_time":"2013-12-30T23:00:00+00:00","author":"Guin\u00e9e Diversit\u00e9","twitter_card":"summary_large_image","twitter_creator":"@GuineeDiversite","twitter_site":"@GuineeDiversite","twitter_misc":{"\u00c9crit par":"Guin\u00e9e Diversit\u00e9","Dur\u00e9e de lecture estim\u00e9e":"2 minutes"},"schema":{"@context":"https:\/\/schema.org","@graph":[{"@type":"Article","@id":"https:\/\/guineediversite.com\/index.php\/2013\/12\/31\/medias-declaration-de-lurtelgui-a-loccasion-de-la-journee-mondiale-de-la-radio\/#article","isPartOf":{"@id":"https:\/\/guineediversite.com\/index.php\/2013\/12\/31\/medias-declaration-de-lurtelgui-a-loccasion-de-la-journee-mondiale-de-la-radio\/"},"author":{"name":"Guin\u00e9e Diversit\u00e9","@id":"https:\/\/guineediversite.com\/#\/schema\/person\/afa08fb34e7fc6e1feafc892612bc836"},"headline":"Medias : D\u00e9claration de l\u2019URTELGUI A L\u2019OCCASION DE LA JOURNEE MONDIALE DE LA RADIO","datePublished":"2013-12-30T23:00:00+00:00","dateModified":"2013-12-30T23:00:00+00:00","mainEntityOfPage":{"@id":"https:\/\/guineediversite.com\/index.php\/2013\/12\/31\/medias-declaration-de-lurtelgui-a-loccasion-de-la-journee-mondiale-de-la-radio\/"},"wordCount":377,"commentCount":0,"publisher":{"@id":"https:\/\/guineediversite.com\/#organization"},"articleSection":["Archives"],"inLanguage":"fr-FR","potentialAction":[{"@type":"CommentAction","name":"Comment","target":["https:\/\/guineediversite.com\/index.php\/2013\/12\/31\/medias-declaration-de-lurtelgui-a-loccasion-de-la-journee-mondiale-de-la-radio\/#respond"]}]},{"@type":"WebPage","@id":"https:\/\/guineediversite.com\/index.php\/2013\/12\/31\/medias-declaration-de-lurtelgui-a-loccasion-de-la-journee-mondiale-de-la-radio\/","url":"https:\/\/guineediversite.com\/index.php\/2013\/12\/31\/medias-declaration-de-lurtelgui-a-loccasion-de-la-journee-mondiale-de-la-radio\/","name":"Medias : D\u00e9claration de l\u2019URTELGUI A L\u2019OCCASION DE LA JOURNEE MONDIALE DE LA RADIO | Guin\u00e9e Diversit\u00e9","isPartOf":{"@id":"https:\/\/guineediversite.com\/#website"},"datePublished":"2013-12-30T23:00:00+00:00","dateModified":"2013-12-30T23:00:00+00:00","breadcrumb":{"@id":"https:\/\/guineediversite.com\/index.php\/2013\/12\/31\/medias-declaration-de-lurtelgui-a-loccasion-de-la-journee-mondiale-de-la-radio\/#breadcrumb"},"inLanguage":"fr-FR","potentialAction":[{"@type":"ReadAction","target":["https:\/\/guineediversite.com\/index.php\/2013\/12\/31\/medias-declaration-de-lurtelgui-a-loccasion-de-la-journee-mondiale-de-la-radio\/"]}]},{"@type":"BreadcrumbList","@id":"https:\/\/guineediversite.com\/index.php\/2013\/12\/31\/medias-declaration-de-lurtelgui-a-loccasion-de-la-journee-mondiale-de-la-radio\/#breadcrumb","itemListElement":[{"@type":"ListItem","position":1,"name":"Accueil","item":"https:\/\/guineediversite.com\/"},{"@type":"ListItem","position":2,"name":"Medias : D\u00e9claration de l\u2019URTELGUI A L\u2019OCCASION DE LA JOURNEE MONDIALE DE LA RADIO"}]},{"@type":"WebSite","@id":"https:\/\/guineediversite.com\/#website","url":"https:\/\/guineediversite.com\/","name":"Guin\u00e9e Diversit\u00e9","description":"L&#039;Info dans toute sa diversit\u00e9","publisher":{"@id":"https:\/\/guineediversite.com\/#organization"},"potentialAction":[{"@type":"SearchAction","target":{"@type":"EntryPoint","urlTemplate":"https:\/\/guineediversite.com\/?s={search_term_string}"},"query-input":{"@type":"PropertyValueSpecification","valueRequired":true,"valueName":"search_term_string"}}],"inLanguage":"fr-FR"},{"@type":"Organization","@id":"https:\/\/guineediversite.com\/#organization","name":"Guin\u00e9e Diversit\u00e9","url":"https:\/\/guineediversite.com\/","logo":{"@type":"ImageObject","inLanguage":"fr-FR","@id":"https:\/\/guineediversite.com\/#\/schema\/logo\/image\/","url":"https:\/\/guineediversite.com\/wp-content\/uploads\/2017\/04\/cropped-1jojlxEOMkX9Wyqfhe43D6kjPOGqBBKmx3EwWJqZ0cMrFF54yM49.png","contentUrl":"https:\/\/guineediversite.com\/wp-content\/uploads\/2017\/04\/cropped-1jojlxEOMkX9Wyqfhe43D6kjPOGqBBKmx3EwWJqZ0cMrFF54yM49.png","width":186,"height":112,"caption":"Guin\u00e9e Diversit\u00e9"},"image":{"@id":"https:\/\/guineediversite.com\/#\/schema\/logo\/image\/"},"sameAs":["https:\/\/www.facebook.com\/guineediversite\/","https:\/\/x.com\/GuineeDiversite","https:\/\/www.youtube.com\/channel\/UC8sUY16qelG5ge6_D5SB83g"]},{"@type":"Person","@id":"https:\/\/guineediversite.com\/#\/schema\/person\/afa08fb34e7fc6e1feafc892612bc836","name":"Guin\u00e9e Diversit\u00e9","image":{"@type":"ImageObject","inLanguage":"fr-FR","@id":"https:\/\/guineediversite.com\/#\/schema\/person\/image\/","url":"https:\/\/secure.gravatar.com\/avatar\/50d5eb5b390f8b65ac30ac6f898eb83a?s=96&d=mm&r=g","contentUrl":"https:\/\/secure.gravatar.com\/avatar\/50d5eb5b390f8b65ac30ac6f898eb83a?s=96&d=mm&r=g","caption":"Guin\u00e9e Diversit\u00e9"},"url":"https:\/\/guineediversite.com\/index.php\/author\/guineediversite\/"}]}},"_links":{"self":[{"href":"https:\/\/guineediversite.com\/index.php\/wp-json\/wp\/v2\/posts\/19805"}],"collection":[{"href":"https:\/\/guineediversite.com\/index.php\/wp-json\/wp\/v2\/posts"}],"about":[{"href":"https:\/\/guineediversite.com\/index.php\/wp-json\/wp\/v2\/types\/post"}],"author":[{"embeddable":true,"href":"https:\/\/guineediversite.com\/index.php\/wp-json\/wp\/v2\/users\/12"}],"replies":[{"embeddable":true,"href":"https:\/\/guineediversite.com\/index.php\/wp-json\/wp\/v2\/comments?post=19805"}],"version-history":[{"count":0,"href":"https:\/\/guineediversite.com\/index.php\/wp-json\/wp\/v2\/posts\/19805\/revisions"}],"wp:attachment":[{"href":"https:\/\/guineediversite.com\/index.php\/wp-json\/wp\/v2\/media?parent=19805"}],"wp:term":[{"taxonomy":"category","embeddable":true,"href":"https:\/\/guineediversite.com\/index.php\/wp-json\/wp\/v2\/categories?post=19805"},{"taxonomy":"post_tag","embeddable":true,"href":"https:\/\/guineediversite.com\/index.php\/wp-json\/wp\/v2\/tags?post=19805"}],"curies":[{"name":"wp","href":"https:\/\/api.w.org\/{rel}","templated":true}]}}