{"id":19804,"date":"2013-12-31T00:00:00","date_gmt":"2013-12-30T23:00:00","guid":{"rendered":"https:\/\/www.guineediversite.com\/index.php\/2013\/12\/31\/ceni-les-elections-communales-et-communautaires-ne-vont-pas-se-tenir-au-mois-de-mars-prochain\/"},"modified":"2013-12-31T00:00:00","modified_gmt":"2013-12-30T23:00:00","slug":"ceni-les-elections-communales-et-communautaires-ne-vont-pas-se-tenir-au-mois-de-mars-prochain","status":"publish","type":"post","link":"https:\/\/guineediversite.com\/index.php\/2013\/12\/31\/ceni-les-elections-communales-et-communautaires-ne-vont-pas-se-tenir-au-mois-de-mars-prochain\/","title":{"rendered":"CENI : Les \u00e9lections communales et communautaires ne vont pas se tenir au mois de mars prochain"},"content":{"rendered":"<p>Pour l\u2019organisation des \u00e9lections communales et communautaires, la commission \u00e9lectorale nationale ind\u00e9pendante (CENI) fait encore parler d\u2019elle. Elle  r\u00e9clame, deux cent dix huit milliards GNF (218 milliards).  Pour cette institution en charge d\u2019organiser des \u00e9lections en guin\u00e9e ce montant prend en compte le fonctionnement de la CENI ; la correction du fichier \u00e9lectoral ; le financement des d\u00e9membrements de la CENI, des acteurs politiques, de la soci\u00e9t\u00e9 civile, des cadres de l\u2019administration et des magistrats.<br \/>\n Selon un commissaire que notre r\u00e9daction a rencontr\u00e9, la CENI a actuellement un manque \u00e0 gagner de 88 milliards de francs guin\u00e9ens. La m\u00eame source souligne que ce d\u00e9calage pr\u00e9visionnel porte sans nul doute pr\u00e9judice \u00e0 l\u2019organisation des prochaines \u00e9lections. Des \u00e9lections communales et communautaires qui sont pr\u00e9vues th\u00e9oriquement sur papier le mois de mars prochain.<br \/>\n Rappelons que, le CNT, avait fait des recommandations lors de l\u2019adoption du budget 2014 pour inciter le gouvernement guin\u00e9en \u00e0 chercher d\u2019autres sources de financement au pr\u00e8s des partenaires en vue de combler ce GAP des 88 milliards.<br \/>\n En effet, le 17 f\u00e9vrier prochain, les commissaires de la CENI vont organiser une retraite pour \u00e9laborer un chronogramme et le budget pour l\u2019organisation des \u00e9lections communales et communautaires. Cependant, nombreux sont des observateurs qui pensent que les guin\u00e9ens vont assister cette fois-ci aussi \u00e0 des reports en reports des \u00e9lections.<br \/>\nThierno Abdoul Bald\u00e9 :<br \/>\n+224 664 295 032<\/p>\n","protected":false},"excerpt":{"rendered":"<p>Pour l\u2019organisation des \u00e9lections communales et communautaires, la commission \u00e9lectorale nationale ind\u00e9pendante (CENI) fait encore parler d\u2019elle. Elle r\u00e9clame, deux cent dix huit milliards GNF (218 milliards). Pour cette institution en charge d\u2019organiser des \u00e9lections en guin\u00e9e ce montant prend en compte le fonctionnement de la CENI ; la correction du fichier \u00e9lectoral ; le [&hellip;]<\/p>\n","protected":false},"author":12,"featured_media":0,"comment_status":"open","ping_status":"open","sticky":false,"template":"","format":"standard","meta":{"_exactmetrics_skip_tracking":false,"_exactmetrics_sitenote_active":false,"_exactmetrics_sitenote_note":"","_exactmetrics_sitenote_category":0,"tdm_status":"","tdm_grid_status":"","footnotes":""},"categories":[28],"tags":[],"class_list":{"0":"post-19804","1":"post","2":"type-post","3":"status-publish","4":"format-standard","6":"category-archives"},"yoast_head":"<!-- This site is optimized with the Yoast SEO plugin v24.2 - https:\/\/yoast.com\/wordpress\/plugins\/seo\/ -->\n<title>CENI : Les \u00e9lections communales et communautaires ne vont pas se tenir au mois de mars prochain | Guin\u00e9e Diversit\u00e9<\/title>\n<meta name=\"robots\" content=\"index, follow, max-snippet:-1, max-image-preview:large, max-video-preview:-1\" \/>\n<link rel=\"canonical\" href=\"https:\/\/guineediversite.com\/index.php\/2013\/12\/31\/ceni-les-elections-communales-et-communautaires-ne-vont-pas-se-tenir-au-mois-de-mars-prochain\/\" \/>\n<meta property=\"og:locale\" content=\"fr_FR\" \/>\n<meta property=\"og:type\" content=\"article\" \/>\n<meta property=\"og:title\" content=\"CENI : Les \u00e9lections communales et communautaires ne vont pas se tenir au mois de mars prochain | Guin\u00e9e Diversit\u00e9\" \/>\n<meta property=\"og:description\" content=\"Pour l\u2019organisation des \u00e9lections communales et communautaires, la commission \u00e9lectorale nationale ind\u00e9pendante (CENI) fait encore parler d\u2019elle. Elle r\u00e9clame, deux cent dix huit milliards GNF (218 milliards). Pour cette institution en charge d\u2019organiser des \u00e9lections en guin\u00e9e ce montant prend en compte le fonctionnement de la CENI ; la correction du fichier \u00e9lectoral ; le [&hellip;]\" \/>\n<meta property=\"og:url\" content=\"https:\/\/guineediversite.com\/index.php\/2013\/12\/31\/ceni-les-elections-communales-et-communautaires-ne-vont-pas-se-tenir-au-mois-de-mars-prochain\/\" \/>\n<meta property=\"og:site_name\" content=\"Guin\u00e9e Diversit\u00e9\" \/>\n<meta property=\"article:publisher\" content=\"https:\/\/www.facebook.com\/guineediversite\/\" \/>\n<meta property=\"article:published_time\" content=\"2013-12-30T23:00:00+00:00\" \/>\n<meta name=\"author\" content=\"Guin\u00e9e Diversit\u00e9\" \/>\n<meta name=\"twitter:card\" content=\"summary_large_image\" \/>\n<meta name=\"twitter:creator\" content=\"@GuineeDiversite\" \/>\n<meta name=\"twitter:site\" content=\"@GuineeDiversite\" \/>\n<meta name=\"twitter:label1\" content=\"\u00c9crit par\" \/>\n\t<meta name=\"twitter:data1\" content=\"Guin\u00e9e Diversit\u00e9\" \/>\n\t<meta name=\"twitter:label2\" content=\"Dur\u00e9e de lecture estim\u00e9e\" \/>\n\t<meta name=\"twitter:data2\" content=\"1 minute\" \/>\n<script type=\"application\/ld+json\" class=\"yoast-schema-graph\">{\"@context\":\"https:\/\/schema.org\",\"@graph\":[{\"@type\":\"Article\",\"@id\":\"https:\/\/guineediversite.com\/index.php\/2013\/12\/31\/ceni-les-elections-communales-et-communautaires-ne-vont-pas-se-tenir-au-mois-de-mars-prochain\/#article\",\"isPartOf\":{\"@id\":\"https:\/\/guineediversite.com\/index.php\/2013\/12\/31\/ceni-les-elections-communales-et-communautaires-ne-vont-pas-se-tenir-au-mois-de-mars-prochain\/\"},\"author\":{\"name\":\"Guin\u00e9e Diversit\u00e9\",\"@id\":\"https:\/\/guineediversite.com\/#\/schema\/person\/afa08fb34e7fc6e1feafc892612bc836\"},\"headline\":\"CENI : Les \u00e9lections communales et communautaires ne vont pas se tenir au mois de mars prochain\",\"datePublished\":\"2013-12-30T23:00:00+00:00\",\"dateModified\":\"2013-12-30T23:00:00+00:00\",\"mainEntityOfPage\":{\"@id\":\"https:\/\/guineediversite.com\/index.php\/2013\/12\/31\/ceni-les-elections-communales-et-communautaires-ne-vont-pas-se-tenir-au-mois-de-mars-prochain\/\"},\"wordCount\":253,\"commentCount\":0,\"publisher\":{\"@id\":\"https:\/\/guineediversite.com\/#organization\"},\"articleSection\":[\"Archives\"],\"inLanguage\":\"fr-FR\",\"potentialAction\":[{\"@type\":\"CommentAction\",\"name\":\"Comment\",\"target\":[\"https:\/\/guineediversite.com\/index.php\/2013\/12\/31\/ceni-les-elections-communales-et-communautaires-ne-vont-pas-se-tenir-au-mois-de-mars-prochain\/#respond\"]}]},{\"@type\":\"WebPage\",\"@id\":\"https:\/\/guineediversite.com\/index.php\/2013\/12\/31\/ceni-les-elections-communales-et-communautaires-ne-vont-pas-se-tenir-au-mois-de-mars-prochain\/\",\"url\":\"https:\/\/guineediversite.com\/index.php\/2013\/12\/31\/ceni-les-elections-communales-et-communautaires-ne-vont-pas-se-tenir-au-mois-de-mars-prochain\/\",\"name\":\"CENI : Les \u00e9lections communales et communautaires ne vont pas se tenir au mois de mars prochain | Guin\u00e9e Diversit\u00e9\",\"isPartOf\":{\"@id\":\"https:\/\/guineediversite.com\/#website\"},\"datePublished\":\"2013-12-30T23:00:00+00:00\",\"dateModified\":\"2013-12-30T23:00:00+00:00\",\"breadcrumb\":{\"@id\":\"https:\/\/guineediversite.com\/index.php\/2013\/12\/31\/ceni-les-elections-communales-et-communautaires-ne-vont-pas-se-tenir-au-mois-de-mars-prochain\/#breadcrumb\"},\"inLanguage\":\"fr-FR\",\"potentialAction\":[{\"@type\":\"ReadAction\",\"target\":[\"https:\/\/guineediversite.com\/index.php\/2013\/12\/31\/ceni-les-elections-communales-et-communautaires-ne-vont-pas-se-tenir-au-mois-de-mars-prochain\/\"]}]},{\"@type\":\"BreadcrumbList\",\"@id\":\"https:\/\/guineediversite.com\/index.php\/2013\/12\/31\/ceni-les-elections-communales-et-communautaires-ne-vont-pas-se-tenir-au-mois-de-mars-prochain\/#breadcrumb\",\"itemListElement\":[{\"@type\":\"ListItem\",\"position\":1,\"name\":\"Accueil\",\"item\":\"https:\/\/guineediversite.com\/\"},{\"@type\":\"ListItem\",\"position\":2,\"name\":\"CENI : Les \u00e9lections communales et communautaires ne vont pas se tenir au mois de mars prochain\"}]},{\"@type\":\"WebSite\",\"@id\":\"https:\/\/guineediversite.com\/#website\",\"url\":\"https:\/\/guineediversite.com\/\",\"name\":\"Guin\u00e9e Diversit\u00e9\",\"description\":\"L&#039;Info dans toute sa diversit\u00e9\",\"publisher\":{\"@id\":\"https:\/\/guineediversite.com\/#organization\"},\"potentialAction\":[{\"@type\":\"SearchAction\",\"target\":{\"@type\":\"EntryPoint\",\"urlTemplate\":\"https:\/\/guineediversite.com\/?s={search_term_string}\"},\"query-input\":{\"@type\":\"PropertyValueSpecification\",\"valueRequired\":true,\"valueName\":\"search_term_string\"}}],\"inLanguage\":\"fr-FR\"},{\"@type\":\"Organization\",\"@id\":\"https:\/\/guineediversite.com\/#organization\",\"name\":\"Guin\u00e9e Diversit\u00e9\",\"url\":\"https:\/\/guineediversite.com\/\",\"logo\":{\"@type\":\"ImageObject\",\"inLanguage\":\"fr-FR\",\"@id\":\"https:\/\/guineediversite.com\/#\/schema\/logo\/image\/\",\"url\":\"https:\/\/guineediversite.com\/wp-content\/uploads\/2017\/04\/cropped-1jojlxEOMkX9Wyqfhe43D6kjPOGqBBKmx3EwWJqZ0cMrFF54yM49.png\",\"contentUrl\":\"https:\/\/guineediversite.com\/wp-content\/uploads\/2017\/04\/cropped-1jojlxEOMkX9Wyqfhe43D6kjPOGqBBKmx3EwWJqZ0cMrFF54yM49.png\",\"width\":186,\"height\":112,\"caption\":\"Guin\u00e9e Diversit\u00e9\"},\"image\":{\"@id\":\"https:\/\/guineediversite.com\/#\/schema\/logo\/image\/\"},\"sameAs\":[\"https:\/\/www.facebook.com\/guineediversite\/\",\"https:\/\/x.com\/GuineeDiversite\",\"https:\/\/www.youtube.com\/channel\/UC8sUY16qelG5ge6_D5SB83g\"]},{\"@type\":\"Person\",\"@id\":\"https:\/\/guineediversite.com\/#\/schema\/person\/afa08fb34e7fc6e1feafc892612bc836\",\"name\":\"Guin\u00e9e Diversit\u00e9\",\"image\":{\"@type\":\"ImageObject\",\"inLanguage\":\"fr-FR\",\"@id\":\"https:\/\/guineediversite.com\/#\/schema\/person\/image\/\",\"url\":\"https:\/\/secure.gravatar.com\/avatar\/50d5eb5b390f8b65ac30ac6f898eb83a?s=96&d=mm&r=g\",\"contentUrl\":\"https:\/\/secure.gravatar.com\/avatar\/50d5eb5b390f8b65ac30ac6f898eb83a?s=96&d=mm&r=g\",\"caption\":\"Guin\u00e9e Diversit\u00e9\"},\"url\":\"https:\/\/guineediversite.com\/index.php\/author\/guineediversite\/\"}]}<\/script>\n<!-- \/ Yoast SEO plugin. -->","yoast_head_json":{"title":"CENI : Les \u00e9lections communales et communautaires ne vont pas se tenir au mois de mars prochain | Guin\u00e9e Diversit\u00e9","robots":{"index":"index","follow":"follow","max-snippet":"max-snippet:-1","max-image-preview":"max-image-preview:large","max-video-preview":"max-video-preview:-1"},"canonical":"https:\/\/guineediversite.com\/index.php\/2013\/12\/31\/ceni-les-elections-communales-et-communautaires-ne-vont-pas-se-tenir-au-mois-de-mars-prochain\/","og_locale":"fr_FR","og_type":"article","og_title":"CENI : Les \u00e9lections communales et communautaires ne vont pas se tenir au mois de mars prochain | Guin\u00e9e Diversit\u00e9","og_description":"Pour l\u2019organisation des \u00e9lections communales et communautaires, la commission \u00e9lectorale nationale ind\u00e9pendante (CENI) fait encore parler d\u2019elle. Elle r\u00e9clame, deux cent dix huit milliards GNF (218 milliards). Pour cette institution en charge d\u2019organiser des \u00e9lections en guin\u00e9e ce montant prend en compte le fonctionnement de la CENI ; la correction du fichier \u00e9lectoral ; le [&hellip;]","og_url":"https:\/\/guineediversite.com\/index.php\/2013\/12\/31\/ceni-les-elections-communales-et-communautaires-ne-vont-pas-se-tenir-au-mois-de-mars-prochain\/","og_site_name":"Guin\u00e9e Diversit\u00e9","article_publisher":"https:\/\/www.facebook.com\/guineediversite\/","article_published_time":"2013-12-30T23:00:00+00:00","author":"Guin\u00e9e Diversit\u00e9","twitter_card":"summary_large_image","twitter_creator":"@GuineeDiversite","twitter_site":"@GuineeDiversite","twitter_misc":{"\u00c9crit par":"Guin\u00e9e Diversit\u00e9","Dur\u00e9e de lecture estim\u00e9e":"1 minute"},"schema":{"@context":"https:\/\/schema.org","@graph":[{"@type":"Article","@id":"https:\/\/guineediversite.com\/index.php\/2013\/12\/31\/ceni-les-elections-communales-et-communautaires-ne-vont-pas-se-tenir-au-mois-de-mars-prochain\/#article","isPartOf":{"@id":"https:\/\/guineediversite.com\/index.php\/2013\/12\/31\/ceni-les-elections-communales-et-communautaires-ne-vont-pas-se-tenir-au-mois-de-mars-prochain\/"},"author":{"name":"Guin\u00e9e Diversit\u00e9","@id":"https:\/\/guineediversite.com\/#\/schema\/person\/afa08fb34e7fc6e1feafc892612bc836"},"headline":"CENI : Les \u00e9lections communales et communautaires ne vont pas se tenir au mois de mars prochain","datePublished":"2013-12-30T23:00:00+00:00","dateModified":"2013-12-30T23:00:00+00:00","mainEntityOfPage":{"@id":"https:\/\/guineediversite.com\/index.php\/2013\/12\/31\/ceni-les-elections-communales-et-communautaires-ne-vont-pas-se-tenir-au-mois-de-mars-prochain\/"},"wordCount":253,"commentCount":0,"publisher":{"@id":"https:\/\/guineediversite.com\/#organization"},"articleSection":["Archives"],"inLanguage":"fr-FR","potentialAction":[{"@type":"CommentAction","name":"Comment","target":["https:\/\/guineediversite.com\/index.php\/2013\/12\/31\/ceni-les-elections-communales-et-communautaires-ne-vont-pas-se-tenir-au-mois-de-mars-prochain\/#respond"]}]},{"@type":"WebPage","@id":"https:\/\/guineediversite.com\/index.php\/2013\/12\/31\/ceni-les-elections-communales-et-communautaires-ne-vont-pas-se-tenir-au-mois-de-mars-prochain\/","url":"https:\/\/guineediversite.com\/index.php\/2013\/12\/31\/ceni-les-elections-communales-et-communautaires-ne-vont-pas-se-tenir-au-mois-de-mars-prochain\/","name":"CENI : Les \u00e9lections communales et communautaires ne vont pas se tenir au mois de mars prochain | Guin\u00e9e Diversit\u00e9","isPartOf":{"@id":"https:\/\/guineediversite.com\/#website"},"datePublished":"2013-12-30T23:00:00+00:00","dateModified":"2013-12-30T23:00:00+00:00","breadcrumb":{"@id":"https:\/\/guineediversite.com\/index.php\/2013\/12\/31\/ceni-les-elections-communales-et-communautaires-ne-vont-pas-se-tenir-au-mois-de-mars-prochain\/#breadcrumb"},"inLanguage":"fr-FR","potentialAction":[{"@type":"ReadAction","target":["https:\/\/guineediversite.com\/index.php\/2013\/12\/31\/ceni-les-elections-communales-et-communautaires-ne-vont-pas-se-tenir-au-mois-de-mars-prochain\/"]}]},{"@type":"BreadcrumbList","@id":"https:\/\/guineediversite.com\/index.php\/2013\/12\/31\/ceni-les-elections-communales-et-communautaires-ne-vont-pas-se-tenir-au-mois-de-mars-prochain\/#breadcrumb","itemListElement":[{"@type":"ListItem","position":1,"name":"Accueil","item":"https:\/\/guineediversite.com\/"},{"@type":"ListItem","position":2,"name":"CENI : Les \u00e9lections communales et communautaires ne vont pas se tenir au mois de mars prochain"}]},{"@type":"WebSite","@id":"https:\/\/guineediversite.com\/#website","url":"https:\/\/guineediversite.com\/","name":"Guin\u00e9e Diversit\u00e9","description":"L&#039;Info dans toute sa diversit\u00e9","publisher":{"@id":"https:\/\/guineediversite.com\/#organization"},"potentialAction":[{"@type":"SearchAction","target":{"@type":"EntryPoint","urlTemplate":"https:\/\/guineediversite.com\/?s={search_term_string}"},"query-input":{"@type":"PropertyValueSpecification","valueRequired":true,"valueName":"search_term_string"}}],"inLanguage":"fr-FR"},{"@type":"Organization","@id":"https:\/\/guineediversite.com\/#organization","name":"Guin\u00e9e Diversit\u00e9","url":"https:\/\/guineediversite.com\/","logo":{"@type":"ImageObject","inLanguage":"fr-FR","@id":"https:\/\/guineediversite.com\/#\/schema\/logo\/image\/","url":"https:\/\/guineediversite.com\/wp-content\/uploads\/2017\/04\/cropped-1jojlxEOMkX9Wyqfhe43D6kjPOGqBBKmx3EwWJqZ0cMrFF54yM49.png","contentUrl":"https:\/\/guineediversite.com\/wp-content\/uploads\/2017\/04\/cropped-1jojlxEOMkX9Wyqfhe43D6kjPOGqBBKmx3EwWJqZ0cMrFF54yM49.png","width":186,"height":112,"caption":"Guin\u00e9e Diversit\u00e9"},"image":{"@id":"https:\/\/guineediversite.com\/#\/schema\/logo\/image\/"},"sameAs":["https:\/\/www.facebook.com\/guineediversite\/","https:\/\/x.com\/GuineeDiversite","https:\/\/www.youtube.com\/channel\/UC8sUY16qelG5ge6_D5SB83g"]},{"@type":"Person","@id":"https:\/\/guineediversite.com\/#\/schema\/person\/afa08fb34e7fc6e1feafc892612bc836","name":"Guin\u00e9e Diversit\u00e9","image":{"@type":"ImageObject","inLanguage":"fr-FR","@id":"https:\/\/guineediversite.com\/#\/schema\/person\/image\/","url":"https:\/\/secure.gravatar.com\/avatar\/50d5eb5b390f8b65ac30ac6f898eb83a?s=96&d=mm&r=g","contentUrl":"https:\/\/secure.gravatar.com\/avatar\/50d5eb5b390f8b65ac30ac6f898eb83a?s=96&d=mm&r=g","caption":"Guin\u00e9e Diversit\u00e9"},"url":"https:\/\/guineediversite.com\/index.php\/author\/guineediversite\/"}]}},"_links":{"self":[{"href":"https:\/\/guineediversite.com\/index.php\/wp-json\/wp\/v2\/posts\/19804"}],"collection":[{"href":"https:\/\/guineediversite.com\/index.php\/wp-json\/wp\/v2\/posts"}],"about":[{"href":"https:\/\/guineediversite.com\/index.php\/wp-json\/wp\/v2\/types\/post"}],"author":[{"embeddable":true,"href":"https:\/\/guineediversite.com\/index.php\/wp-json\/wp\/v2\/users\/12"}],"replies":[{"embeddable":true,"href":"https:\/\/guineediversite.com\/index.php\/wp-json\/wp\/v2\/comments?post=19804"}],"version-history":[{"count":0,"href":"https:\/\/guineediversite.com\/index.php\/wp-json\/wp\/v2\/posts\/19804\/revisions"}],"wp:attachment":[{"href":"https:\/\/guineediversite.com\/index.php\/wp-json\/wp\/v2\/media?parent=19804"}],"wp:term":[{"taxonomy":"category","embeddable":true,"href":"https:\/\/guineediversite.com\/index.php\/wp-json\/wp\/v2\/categories?post=19804"},{"taxonomy":"post_tag","embeddable":true,"href":"https:\/\/guineediversite.com\/index.php\/wp-json\/wp\/v2\/tags?post=19804"}],"curies":[{"name":"wp","href":"https:\/\/api.w.org\/{rel}","templated":true}]}}